{"id":188295,"date":"2024-04-24T13:39:45","date_gmt":"2024-04-24T20:39:45","guid":{"rendered":"https:\/\/www.sonoraenequipo.com.mx\/?p=188295"},"modified":"2024-04-24T13:42:07","modified_gmt":"2024-04-24T20:42:07","slug":"mas-de-20-mil-trabajadores-marcharan-en-hermosillo-el-1-de-mayo","status":"publish","type":"post","link":"https:\/\/www.sonoraenequipo.com.mx\/mas-de-20-mil-trabajadores-marcharan-en-hermosillo-el-1-de-mayo\/","title":{"rendered":"M\u00e1s de 20 mil trabajadores marchar\u00e1n en Hermosillo el 1 de mayo"},"content":{"rendered":"<p><strong>HERMOSILLO, SONORA, MX.\u02d7\u02d7\u02d7 <\/strong>M\u00e1s de 20 mil trabajadores de al menos 40 sindicatos diversos marchar\u00e1n en el desfile del D\u00eda del trabajo este 1 de mayo pr\u00f3ximo, Ram\u00f3n Gastelum Lerma Coordinador sindical inform\u00f3 que cada gremio tendr\u00e1 sus propias demandas en particular pero habr\u00e1 otras en com\u00fan como la demanda de que maestros y burocracia se han rezagado en sus incrementos salariales que no pasan del 4% mientras el salario m\u00ednimo se ha incrementado sustancialmente, en la parada se apoyar\u00e1n las exigencias de los sindicatos de la Universidad de Sonora (Unison) en huelga desde el pasado 15 de abril, el contingente comenzara a concentrarse desde las 8 de la ma\u00f1ana en la plaza Emiliana de Zubeld\u00eda justamente frente a la Unison.<\/p>\n<p><strong>Fecha de publicaci\u00f3n <\/strong><strong>mi\u00e9rcoles 24 de abril de 2024<\/strong><\/p>\n","protected":false},"excerpt":{"rendered":"<p>HERMOSILLO, SONORA, MX.\u02d7\u02d7\u02d7 M\u00e1s de 20 mil trabajadores de al menos 40 sindicatos diversos marchar\u00e1n&#8230;<\/p>\n","protected":false},"author":6,"featured_media":188296,"comment_status":"open","ping_status":"open","sticky":false,"template":"","format":"standard","meta":{"_monsterinsights_skip_tracking":false,"_monsterinsights_sitenote_active":false,"_monsterinsights_sitenote_note":"","_monsterinsights_sitenote_category":0,"footnotes":""},"categories":[22],"tags":[9573],"class_list":["post"],"yoast_head":" \n<title>Sonora en Equipo. M\u00e1s de 20 mil trabajadores marchar\u00e1n en Hermosillo el 1 de mayo Sonora<\/title>\n<meta name=\"description\" content=\"HERMOSILLO, SONORA, MX.\u02d7\u02d7\u02d7 M\u00e1s de 20 mil trabajadores de al menos 40 sindicatos diversos marchar\u00e1n en el desfile del D\u00eda del trabajo este 1 de mayo En Sonora en Equipo publicamos toda la informaci\u00f3n de Sonora, M\u00e9xico y el Mundo de manera oportuna y busca que la libertad de expresi\u00f3n sea real. Visita nuestro medio informativo publicado desde Hermosillo, Sonora. %\" \/>\n<meta name=\"robots\" content=\"index, follow, max-snippet:-1, max-image-preview:large, max-video-preview:-1\" \/>\n<link rel=\"canonical\" href=\"https:\/\/www.sonoraenequipo.com.mx\/mas-de-20-mil-trabajadores-marcharan-en-hermosillo-el-1-de-mayo\/\" \/>\n<meta property=\"og:locale\" content=\"es_ES\" \/>\n<meta property=\"og:type\" content=\"article\" \/>\n<meta property=\"og:title\" content=\"Sonora en Equipo. M\u00e1s de 20 mil trabajadores marchar\u00e1n en Hermosillo el 1 de mayo Sonora\" \/>\n<meta property=\"og:description\" content=\"HERMOSILLO, SONORA, MX.\u02d7\u02d7\u02d7 M\u00e1s de 20 mil trabajadores de al menos 40 sindicatos diversos marchar\u00e1n en el desfile del D\u00eda del trabajo este 1 de mayo En Sonora en Equipo publicamos toda la informaci\u00f3n de Sonora, M\u00e9xico y el Mundo de manera oportuna y busca que la libertad de expresi\u00f3n sea real. Visita nuestro medio informativo publicado desde Hermosillo, Sonora. %\" \/>\n<meta property=\"og:url\" content=\"https:\/\/www.sonoraenequipo.com.mx\/mas-de-20-mil-trabajadores-marcharan-en-hermosillo-el-1-de-mayo\/\" \/>\n<meta property=\"og:site_name\" content=\"Sonora en Equipo.\" \/>\n<meta property=\"article:publisher\" content=\"https:\/\/www.facebook.com\/SonoraEE\/\" \/>\n<meta property=\"article:published_time\" content=\"2024-04-24T20:39:45+00:00\" \/>\n<meta property=\"article:modified_time\" content=\"2024-04-24T20:42:07+00:00\" \/>\n<meta property=\"og:image\" content=\"https:\/\/www.sonoraenequipo.com.mx\/storage\/2024\/04\/desfile-1-mayo.jpg\" \/>\n\t<meta property=\"og:image:width\" content=\"900\" \/>\n\t<meta property=\"og:image:height\" content=\"483\" \/>\n\t<meta property=\"og:image:type\" content=\"image\/jpeg\" \/>\n<meta name=\"author\" content=\"Nacho Bandin\" \/>\n<meta name=\"twitter:card\" content=\"summary_large_image\" \/>\n<meta name=\"twitter:creator\" content=\"@sonoraenequipo\" \/>\n<meta name=\"twitter:site\" content=\"@sonoraenequipo\" \/>\n<meta name=\"twitter:label1\" content=\"Escrito por\" \/>\n\t<meta name=\"twitter:data1\" content=\"Nacho Bandin\" \/>\n\t<meta name=\"twitter:label2\" content=\"Tiempo de lectura\" \/>\n\t<meta name=\"twitter:data2\" content=\"1 minuto\" \/>\n<script type=\"application\/ld+json\" class=\"yoast-schema-graph\">{\"@context\":\"https:\/\/schema.org\",\"@graph\":[{\"@type\":\"Article\",\"@id\":\"https:\/\/www.sonoraenequipo.com.mx\/mas-de-20-mil-trabajadores-marcharan-en-hermosillo-el-1-de-mayo\/#article\",\"isPartOf\":{\"@id\":\"https:\/\/www.sonoraenequipo.com.mx\/mas-de-20-mil-trabajadores-marcharan-en-hermosillo-el-1-de-mayo\/\"},\"author\":{\"name\":\"Nacho Bandin\",\"@id\":\"https:\/\/www.sonoraenequipo.com.mx\/#\/schema\/person\/fbd9952aca28efec00f1fb7fa9428cad\"},\"headline\":\"M\u00e1s de 20 mil trabajadores marchar\u00e1n en Hermosillo el 1 de mayo\",\"datePublished\":\"2024-04-24T20:39:45+00:00\",\"dateModified\":\"2024-04-24T20:42:07+00:00\",\"mainEntityOfPage\":{\"@id\":\"https:\/\/www.sonoraenequipo.com.mx\/mas-de-20-mil-trabajadores-marcharan-en-hermosillo-el-1-de-mayo\/\"},\"wordCount\":146,\"commentCount\":0,\"publisher\":{\"@id\":\"https:\/\/www.sonoraenequipo.com.mx\/#organization\"},\"image\":{\"@id\":\"https:\/\/www.sonoraenequipo.com.mx\/mas-de-20-mil-trabajadores-marcharan-en-hermosillo-el-1-de-mayo\/#primaryimage\"},\"thumbnailUrl\":\"https:\/\/www.sonoraenequipo.com.mx\/storage\/2024\/04\/desfile-1-mayo.jpg\",\"keywords\":[\"1 de mayo\"],\"articleSection\":[\"Sonora\"],\"inLanguage\":\"es\",\"potentialAction\":[{\"@type\":\"CommentAction\",\"name\":\"Comment\",\"target\":[\"https:\/\/www.sonoraenequipo.com.mx\/mas-de-20-mil-trabajadores-marcharan-en-hermosillo-el-1-de-mayo\/#respond\"]}]},{\"@type\":\"WebPage\",\"@id\":\"https:\/\/www.sonoraenequipo.com.mx\/mas-de-20-mil-trabajadores-marcharan-en-hermosillo-el-1-de-mayo\/\",\"url\":\"https:\/\/www.sonoraenequipo.com.mx\/mas-de-20-mil-trabajadores-marcharan-en-hermosillo-el-1-de-mayo\/\",\"name\":\"Sonora en Equipo. M\u00e1s de 20 mil trabajadores marchar\u00e1n en Hermosillo el 1 de mayo Sonora\",\"isPartOf\":{\"@id\":\"https:\/\/www.sonoraenequipo.com.mx\/#website\"},\"primaryImageOfPage\":{\"@id\":\"https:\/\/www.sonoraenequipo.com.mx\/mas-de-20-mil-trabajadores-marcharan-en-hermosillo-el-1-de-mayo\/#primaryimage\"},\"image\":{\"@id\":\"https:\/\/www.sonoraenequipo.com.mx\/mas-de-20-mil-trabajadores-marcharan-en-hermosillo-el-1-de-mayo\/#primaryimage\"},\"thumbnailUrl\":\"https:\/\/www.sonoraenequipo.com.mx\/storage\/2024\/04\/desfile-1-mayo.jpg\",\"datePublished\":\"2024-04-24T20:39:45+00:00\",\"dateModified\":\"2024-04-24T20:42:07+00:00\",\"description\":\"HERMOSILLO, SONORA, MX.\u02d7\u02d7\u02d7 M\u00e1s de 20 mil trabajadores de al menos 40 sindicatos diversos marchar\u00e1n en el desfile del D\u00eda del trabajo este 1 de mayo En Sonora en Equipo publicamos toda la informaci\u00f3n de Sonora, M\u00e9xico y el Mundo de manera oportuna y busca que la libertad de expresi\u00f3n sea real. Visita nuestro medio informativo publicado desde Hermosillo, Sonora. %\",\"breadcrumb\":{\"@id\":\"https:\/\/www.sonoraenequipo.com.mx\/mas-de-20-mil-trabajadores-marcharan-en-hermosillo-el-1-de-mayo\/#breadcrumb\"},\"inLanguage\":\"es\",\"potentialAction\":[{\"@type\":\"ReadAction\",\"target\":[\"https:\/\/www.sonoraenequipo.com.mx\/mas-de-20-mil-trabajadores-marcharan-en-hermosillo-el-1-de-mayo\/\"]}]},{\"@type\":\"ImageObject\",\"inLanguage\":\"es\",\"@id\":\"https:\/\/www.sonoraenequipo.com.mx\/mas-de-20-mil-trabajadores-marcharan-en-hermosillo-el-1-de-mayo\/#primaryimage\",\"url\":\"https:\/\/www.sonoraenequipo.com.mx\/storage\/2024\/04\/desfile-1-mayo.jpg\",\"contentUrl\":\"https:\/\/www.sonoraenequipo.com.mx\/storage\/2024\/04\/desfile-1-mayo.jpg\",\"width\":900,\"height\":483,\"caption\":\"Imagen de archivo\"},{\"@type\":\"BreadcrumbList\",\"@id\":\"https:\/\/www.sonoraenequipo.com.mx\/mas-de-20-mil-trabajadores-marcharan-en-hermosillo-el-1-de-mayo\/#breadcrumb\",\"itemListElement\":[{\"@type\":\"ListItem\",\"position\":1,\"name\":\"Portada\",\"item\":\"https:\/\/www.sonoraenequipo.com.mx\/\"},{\"@type\":\"ListItem\",\"position\":2,\"name\":\"M\u00e1s de 20 mil trabajadores marchar\u00e1n en Hermosillo el 1 de mayo\"}]},{\"@type\":\"WebSite\",\"@id\":\"https:\/\/www.sonoraenequipo.com.mx\/#website\",\"url\":\"https:\/\/www.sonoraenequipo.com.mx\/\",\"name\":\"Sonora en Equipo.\",\"description\":\"Diario en l\u00ednea con Noticias desde Hermosillo, Sonora\",\"publisher\":{\"@id\":\"https:\/\/www.sonoraenequipo.com.mx\/#organization\"},\"potentialAction\":[{\"@type\":\"SearchAction\",\"target\":{\"@type\":\"EntryPoint\",\"urlTemplate\":\"https:\/\/www.sonoraenequipo.com.mx\/?s={search_term_string}\"},\"query-input\":{\"@type\":\"PropertyValueSpecification\",\"valueRequired\":true,\"valueName\":\"search_term_string\"}}],\"inLanguage\":\"es\"},{\"@type\":\"Organization\",\"@id\":\"https:\/\/www.sonoraenequipo.com.mx\/#organization\",\"name\":\"Sonoraenequipo.com.mx\",\"url\":\"https:\/\/www.sonoraenequipo.com.mx\/\",\"logo\":{\"@type\":\"ImageObject\",\"inLanguage\":\"es\",\"@id\":\"https:\/\/www.sonoraenequipo.com.mx\/#\/schema\/logo\/image\/\",\"url\":\"https:\/\/www.sonoraenequipo.com.mx\/storage\/2019\/01\/sonoraenequipo_opt.png\",\"contentUrl\":\"https:\/\/www.sonoraenequipo.com.mx\/storage\/2019\/01\/sonoraenequipo_opt.png\",\"width\":375,\"height\":125,\"caption\":\"Sonoraenequipo.com.mx\"},\"image\":{\"@id\":\"https:\/\/www.sonoraenequipo.com.mx\/#\/schema\/logo\/image\/\"},\"sameAs\":[\"https:\/\/www.facebook.com\/SonoraEE\/\",\"https:\/\/x.com\/sonoraenequipo\",\"https:\/\/www.youtube.com\/channel\/UC338nW-lPEYmJQs4ZABQ1SQ\"]},{\"@type\":\"Person\",\"@id\":\"https:\/\/www.sonoraenequipo.com.mx\/#\/schema\/person\/fbd9952aca28efec00f1fb7fa9428cad\",\"name\":\"Nacho Bandin\",\"image\":{\"@type\":\"ImageObject\",\"inLanguage\":\"es\",\"@id\":\"https:\/\/www.sonoraenequipo.com.mx\/#\/schema\/person\/image\/\",\"url\":\"https:\/\/secure.gravatar.com\/avatar\/aa8b9910cb9aca6bb907bea274a87d80d1290d00069310f251740e3ee0bf15f1?s=96&d=blank&r=g\",\"contentUrl\":\"https:\/\/secure.gravatar.com\/avatar\/aa8b9910cb9aca6bb907bea274a87d80d1290d00069310f251740e3ee0bf15f1?s=96&d=blank&r=g\",\"caption\":\"Nacho Bandin\"},\"sameAs\":[\"http:\/\/sonoraenequipo.com.mx\"]}]}<\/script>\n ","yoast_head_json":{"title":"Sonora en Equipo. M\u00e1s de 20 mil trabajadores marchar\u00e1n en Hermosillo el 1 de mayo Sonora","description":"HERMOSILLO, SONORA, MX.\u02d7\u02d7\u02d7 M\u00e1s de 20 mil trabajadores de al menos 40 sindicatos diversos marchar\u00e1n en el desfile del D\u00eda del trabajo este 1 de mayo En Sonora en Equipo publicamos toda la informaci\u00f3n de Sonora, M\u00e9xico y el Mundo de manera oportuna y busca que la libertad de expresi\u00f3n sea real. Visita nuestro medio informativo publicado desde Hermosillo, Sonora. %","robots":{"index":"index","follow":"follow","max-snippet":"max-snippet:-1","max-image-preview":"max-image-preview:large","max-video-preview":"max-video-preview:-1"},"canonical":"https:\/\/www.sonoraenequipo.com.mx\/mas-de-20-mil-trabajadores-marcharan-en-hermosillo-el-1-de-mayo\/","og_locale":"es_ES","og_type":"article","og_title":"Sonora en Equipo. M\u00e1s de 20 mil trabajadores marchar\u00e1n en Hermosillo el 1 de mayo Sonora","og_description":"HERMOSILLO, SONORA, MX.\u02d7\u02d7\u02d7 M\u00e1s de 20 mil trabajadores de al menos 40 sindicatos diversos marchar\u00e1n en el desfile del D\u00eda del trabajo este 1 de mayo En Sonora en Equipo publicamos toda la informaci\u00f3n de Sonora, M\u00e9xico y el Mundo de manera oportuna y busca que la libertad de expresi\u00f3n sea real. Visita nuestro medio informativo publicado desde Hermosillo, Sonora. %","og_url":"https:\/\/www.sonoraenequipo.com.mx\/mas-de-20-mil-trabajadores-marcharan-en-hermosillo-el-1-de-mayo\/","og_site_name":"Sonora en Equipo.","article_publisher":"https:\/\/www.facebook.com\/SonoraEE\/","article_published_time":"2024-04-24T20:39:45+00:00","article_modified_time":"2024-04-24T20:42:07+00:00","og_image":[{"width":900,"height":483,"url":"https:\/\/www.sonoraenequipo.com.mx\/storage\/2024\/04\/desfile-1-mayo.jpg","type":"image\/jpeg"}],"author":"Nacho Bandin","twitter_card":"summary_large_image","twitter_creator":"@sonoraenequipo","twitter_site":"@sonoraenequipo","twitter_misc":{"Escrito por":"Nacho Bandin","Tiempo de lectura":"1 minuto"},"schema":{"@context":"https:\/\/schema.org","@graph":[{"@type":"Article","@id":"https:\/\/www.sonoraenequipo.com.mx\/mas-de-20-mil-trabajadores-marcharan-en-hermosillo-el-1-de-mayo\/#article","isPartOf":{"@id":"https:\/\/www.sonoraenequipo.com.mx\/mas-de-20-mil-trabajadores-marcharan-en-hermosillo-el-1-de-mayo\/"},"author":{"name":"Nacho Bandin","@id":"https:\/\/www.sonoraenequipo.com.mx\/#\/schema\/person\/fbd9952aca28efec00f1fb7fa9428cad"},"headline":"M\u00e1s de 20 mil trabajadores marchar\u00e1n en Hermosillo el 1 de mayo","datePublished":"2024-04-24T20:39:45+00:00","dateModified":"2024-04-24T20:42:07+00:00","mainEntityOfPage":{"@id":"https:\/\/www.sonoraenequipo.com.mx\/mas-de-20-mil-trabajadores-marcharan-en-hermosillo-el-1-de-mayo\/"},"wordCount":146,"commentCount":0,"publisher":{"@id":"https:\/\/www.sonoraenequipo.com.mx\/#organization"},"image":{"@id":"https:\/\/www.sonoraenequipo.com.mx\/mas-de-20-mil-trabajadores-marcharan-en-hermosillo-el-1-de-mayo\/#primaryimage"},"thumbnailUrl":"https:\/\/www.sonoraenequipo.com.mx\/storage\/2024\/04\/desfile-1-mayo.jpg","keywords":["1 de mayo"],"articleSection":["Sonora"],"inLanguage":"es","potentialAction":[{"@type":"CommentAction","name":"Comment","target":["https:\/\/www.sonoraenequipo.com.mx\/mas-de-20-mil-trabajadores-marcharan-en-hermosillo-el-1-de-mayo\/#respond"]}]},{"@type":"WebPage","@id":"https:\/\/www.sonoraenequipo.com.mx\/mas-de-20-mil-trabajadores-marcharan-en-hermosillo-el-1-de-mayo\/","url":"https:\/\/www.sonoraenequipo.com.mx\/mas-de-20-mil-trabajadores-marcharan-en-hermosillo-el-1-de-mayo\/","name":"Sonora en Equipo. M\u00e1s de 20 mil trabajadores marchar\u00e1n en Hermosillo el 1 de mayo Sonora","isPartOf":{"@id":"https:\/\/www.sonoraenequipo.com.mx\/#website"},"primaryImageOfPage":{"@id":"https:\/\/www.sonoraenequipo.com.mx\/mas-de-20-mil-trabajadores-marcharan-en-hermosillo-el-1-de-mayo\/#primaryimage"},"image":{"@id":"https:\/\/www.sonoraenequipo.com.mx\/mas-de-20-mil-trabajadores-marcharan-en-hermosillo-el-1-de-mayo\/#primaryimage"},"thumbnailUrl":"https:\/\/www.sonoraenequipo.com.mx\/storage\/2024\/04\/desfile-1-mayo.jpg","datePublished":"2024-04-24T20:39:45+00:00","dateModified":"2024-04-24T20:42:07+00:00","description":"HERMOSILLO, SONORA, MX.\u02d7\u02d7\u02d7 M\u00e1s de 20 mil trabajadores de al menos 40 sindicatos diversos marchar\u00e1n en el desfile del D\u00eda del trabajo este 1 de mayo En Sonora en Equipo publicamos toda la informaci\u00f3n de Sonora, M\u00e9xico y el Mundo de manera oportuna y busca que la libertad de expresi\u00f3n sea real. Visita nuestro medio informativo publicado desde Hermosillo, Sonora. %","breadcrumb":{"@id":"https:\/\/www.sonoraenequipo.com.mx\/mas-de-20-mil-trabajadores-marcharan-en-hermosillo-el-1-de-mayo\/#breadcrumb"},"inLanguage":"es","potentialAction":[{"@type":"ReadAction","target":["https:\/\/www.sonoraenequipo.com.mx\/mas-de-20-mil-trabajadores-marcharan-en-hermosillo-el-1-de-mayo\/"]}]},{"@type":"ImageObject","inLanguage":"es","@id":"https:\/\/www.sonoraenequipo.com.mx\/mas-de-20-mil-trabajadores-marcharan-en-hermosillo-el-1-de-mayo\/#primaryimage","url":"https:\/\/www.sonoraenequipo.com.mx\/storage\/2024\/04\/desfile-1-mayo.jpg","contentUrl":"https:\/\/www.sonoraenequipo.com.mx\/storage\/2024\/04\/desfile-1-mayo.jpg","width":900,"height":483,"caption":"Imagen de archivo"},{"@type":"BreadcrumbList","@id":"https:\/\/www.sonoraenequipo.com.mx\/mas-de-20-mil-trabajadores-marcharan-en-hermosillo-el-1-de-mayo\/#breadcrumb","itemListElement":[{"@type":"ListItem","position":1,"name":"Portada","item":"https:\/\/www.sonoraenequipo.com.mx\/"},{"@type":"ListItem","position":2,"name":"M\u00e1s de 20 mil trabajadores marchar\u00e1n en Hermosillo el 1 de mayo"}]},{"@type":"WebSite","@id":"https:\/\/www.sonoraenequipo.com.mx\/#website","url":"https:\/\/www.sonoraenequipo.com.mx\/","name":"Sonora en Equipo.","description":"Diario en l\u00ednea con Noticias desde Hermosillo, Sonora","publisher":{"@id":"https:\/\/www.sonoraenequipo.com.mx\/#organization"},"potentialAction":[{"@type":"SearchAction","target":{"@type":"EntryPoint","urlTemplate":"https:\/\/www.sonoraenequipo.com.mx\/?s={search_term_string}"},"query-input":{"@type":"PropertyValueSpecification","valueRequired":true,"valueName":"search_term_string"}}],"inLanguage":"es"},{"@type":"Organization","@id":"https:\/\/www.sonoraenequipo.com.mx\/#organization","name":"Sonoraenequipo.com.mx","url":"https:\/\/www.sonoraenequipo.com.mx\/","logo":{"@type":"ImageObject","inLanguage":"es","@id":"https:\/\/www.sonoraenequipo.com.mx\/#\/schema\/logo\/image\/","url":"https:\/\/www.sonoraenequipo.com.mx\/storage\/2019\/01\/sonoraenequipo_opt.png","contentUrl":"https:\/\/www.sonoraenequipo.com.mx\/storage\/2019\/01\/sonoraenequipo_opt.png","width":375,"height":125,"caption":"Sonoraenequipo.com.mx"},"image":{"@id":"https:\/\/www.sonoraenequipo.com.mx\/#\/schema\/logo\/image\/"},"sameAs":["https:\/\/www.facebook.com\/SonoraEE\/","https:\/\/x.com\/sonoraenequipo","https:\/\/www.youtube.com\/channel\/UC338nW-lPEYmJQs4ZABQ1SQ"]},{"@type":"Person","@id":"https:\/\/www.sonoraenequipo.com.mx\/#\/schema\/person\/fbd9952aca28efec00f1fb7fa9428cad","name":"Nacho Bandin","image":{"@type":"ImageObject","inLanguage":"es","@id":"https:\/\/www.sonoraenequipo.com.mx\/#\/schema\/person\/image\/","url":"https:\/\/secure.gravatar.com\/avatar\/aa8b9910cb9aca6bb907bea274a87d80d1290d00069310f251740e3ee0bf15f1?s=96&d=blank&r=g","contentUrl":"https:\/\/secure.gravatar.com\/avatar\/aa8b9910cb9aca6bb907bea274a87d80d1290d00069310f251740e3ee0bf15f1?s=96&d=blank&r=g","caption":"Nacho Bandin"},"sameAs":["http:\/\/sonoraenequipo.com.mx"]}]}},"jetpack_featured_media_url":"https:\/\/www.sonoraenequipo.com.mx\/storage\/2024\/04\/desfile-1-mayo.jpg","_links":{"self":[{"href":"https:\/\/www.sonoraenequipo.com.mx\/api\/wp\/v2\/posts\/188295","targetHints":{"allow":["GET"]}}],"collection":[{"href":"https:\/\/www.sonoraenequipo.com.mx\/api\/wp\/v2\/posts"}],"about":[{"href":"https:\/\/www.sonoraenequipo.com.mx\/api\/wp\/v2\/types\/post"}],"author":[{"embeddable":true,"href":"https:\/\/www.sonoraenequipo.com.mx\/api\/wp\/v2\/users\/6"}],"replies":[{"embeddable":true,"href":"https:\/\/www.sonoraenequipo.com.mx\/api\/wp\/v2\/comments?post=188295"}],"version-history":[{"count":2,"href":"https:\/\/www.sonoraenequipo.com.mx\/api\/wp\/v2\/posts\/188295\/revisions"}],"predecessor-version":[{"id":188299,"href":"https:\/\/www.sonoraenequipo.com.mx\/api\/wp\/v2\/posts\/188295\/revisions\/188299"}],"wp:featuredmedia":[{"embeddable":true,"href":"https:\/\/www.sonoraenequipo.com.mx\/api\/wp\/v2\/media\/188296"}],"wp:attachment":[{"href":"https:\/\/www.sonoraenequipo.com.mx\/api\/wp\/v2\/media?parent=188295"}],"wp:term":[{"taxonomy":"category","embeddable":true,"href":"https:\/\/www.sonoraenequipo.com.mx\/api\/wp\/v2\/categories?post=188295"},{"taxonomy":"post_tag","embeddable":true,"href":"https:\/\/www.sonoraenequipo.com.mx\/api\/wp\/v2\/tags?post=188295"}],"curies":[{"name":"wp","href":"https:\/\/api.w.org\/{rel}","templated":true}]}}