{"id":188311,"date":"2024-04-24T17:15:07","date_gmt":"2024-04-25T00:15:07","guid":{"rendered":"https:\/\/www.sonoraenequipo.com.mx\/?p=188311"},"modified":"2024-04-24T17:15:07","modified_gmt":"2024-04-25T00:15:07","slug":"mujer-vinculada-a-proceso-por-el-presunto-delito-de-secuestro-agravado","status":"publish","type":"post","link":"https:\/\/www.sonoraenequipo.com.mx\/mujer-vinculada-a-proceso-por-el-presunto-delito-de-secuestro-agravado\/","title":{"rendered":"Mujer vinculada a proceso por el presunto delito de secuestro agravado"},"content":{"rendered":"<p><strong>CAJEME, SONORA, MX.\u02d7\u02d7\u02d7 <\/strong>Vinculada a proceso y en prisi\u00f3n preventiva justificada por su probable responsabilidad del delito de secuestro agravado, se encuentra Brissa Carolina \u201cN\u201d, a quien se le cumpliment\u00f3 una orden de aprehensi\u00f3n por elementos de la Agencia Ministerial de Investigaci\u00f3n Criminal (AMIC) en el Estado de Sinaloa, donde se encontraba recluida en otro centro penitenciario.<\/p>\n<p>&nbsp;<\/p>\n<p>Los hechos que se imputan a la se\u00f1alada corresponden a los ocurridos el 23 de febrero del a\u00f1o en curso, cuando la mujer y su copart\u00edcipe (masculino, ya finado), convencieron a la v\u00edctima, un hombre de identidad reservada e iniciales A. S. F., a trasladarse a Ciudad Obreg\u00f3n para contratar sus servicios profesionales.<\/p>\n<p>&nbsp;<\/p>\n<p>Recogieron a la v\u00edctima en las calles Guadalupe Victoria y Campeche, en las inmediaciones de la Central de Autobuses de Ciudad Obreg\u00f3n, convenci\u00e9ndolo de abordar un veh\u00edculo Traverse, color guinda, cuatro puertas, para trasladarlo a un domicilio ubicado en la colonia Noroeste, donde lo sometieron apunt\u00e1ndole con un arma de fuego, at\u00e1ndolo y forz\u00e1ndolo a realizar llamadas a sus familiares solicitando un rescate.<\/p>\n<p>&nbsp;<\/p>\n<p>De acuerdo a la investigaci\u00f3n, los familiares hicieron llegar a la imputada y su copart\u00edcipe una suma considerable de dinero, sin embargo, el afectado, originario de Culiac\u00e1n, Sinaloa, no fue liberado y a\u00fan se desconoce su paradero.<\/p>\n<p>&nbsp;<\/p>\n<p>Una vez que estos hechos se dieron a conocer a las autoridades, se iniciaron las acciones correspondientes por parte de esta representaci\u00f3n social, logrando identificar a los probables responsables.<\/p>\n<p>&nbsp;<\/p>\n<p>Las investigaciones llevaron a determinar que el masculino involucrado en estos hechos, identificado como Ricardo \u201cN\u201d, ya hab\u00eda fallecido, mientras que la mujer se encontraba recluida en el penal Goros II, en Los Mochis, Sinaloa, donde fue asegurada por las autoridades sonorenses.<\/p>\n<p>&nbsp;<\/p>\n<p>Ya en Sonora, se iniciaron las acciones que la ley demanda, logrando acreditar la probable responsabilidad de los hechos descritos, por lo que el Juez determin\u00f3 vincular a la imputada a proceso y resolvi\u00f3 imponer la prisi\u00f3n preventiva justificada como medida cautelar.<\/p>\n<p><strong>Fecha de publicaci\u00f3n <\/strong><strong>mi\u00e9rcoles 24 de abril de 2024<\/strong><\/p>\n","protected":false},"excerpt":{"rendered":"<p>CAJEME, SONORA, MX.\u02d7\u02d7\u02d7 Vinculada a proceso y en prisi\u00f3n preventiva justificada por su probable responsabilidad&#8230;<\/p>\n","protected":false},"author":1,"featured_media":0,"comment_status":"open","ping_status":"open","sticky":false,"template":"","format":"standard","meta":{"_monsterinsights_skip_tracking":false,"_monsterinsights_sitenote_active":false,"_monsterinsights_sitenote_note":"","_monsterinsights_sitenote_category":0,"footnotes":""},"categories":[3144],"tags":[476,299,3434],"class_list":["post"],"yoast_head":" \n<title>Sonora en Equipo. Mujer vinculada a proceso por el presunto delito de secuestro agravado Polic\u00edaca<\/title>\n<meta name=\"description\" content=\"CAJEME, SONORA, MX.\u02d7\u02d7\u02d7 Vinculada a proceso y en prisi\u00f3n preventiva justificada por su probable responsabilidad del delito de secuestro agravado, se En Sonora en Equipo publicamos toda la informaci\u00f3n de Sonora, M\u00e9xico y el Mundo de manera oportuna y busca que la libertad de expresi\u00f3n sea real. Visita nuestro medio informativo publicado desde Hermosillo, Sonora. %\" \/>\n<meta name=\"robots\" content=\"index, follow, max-snippet:-1, max-image-preview:large, max-video-preview:-1\" \/>\n<link rel=\"canonical\" href=\"https:\/\/www.sonoraenequipo.com.mx\/mujer-vinculada-a-proceso-por-el-presunto-delito-de-secuestro-agravado\/\" \/>\n<meta property=\"og:locale\" content=\"es_ES\" \/>\n<meta property=\"og:type\" content=\"article\" \/>\n<meta property=\"og:title\" content=\"Sonora en Equipo. Mujer vinculada a proceso por el presunto delito de secuestro agravado Polic\u00edaca\" \/>\n<meta property=\"og:description\" content=\"CAJEME, SONORA, MX.\u02d7\u02d7\u02d7 Vinculada a proceso y en prisi\u00f3n preventiva justificada por su probable responsabilidad del delito de secuestro agravado, se En Sonora en Equipo publicamos toda la informaci\u00f3n de Sonora, M\u00e9xico y el Mundo de manera oportuna y busca que la libertad de expresi\u00f3n sea real. Visita nuestro medio informativo publicado desde Hermosillo, Sonora. %\" \/>\n<meta property=\"og:url\" content=\"https:\/\/www.sonoraenequipo.com.mx\/mujer-vinculada-a-proceso-por-el-presunto-delito-de-secuestro-agravado\/\" \/>\n<meta property=\"og:site_name\" content=\"Sonora en Equipo.\" \/>\n<meta property=\"article:publisher\" content=\"https:\/\/www.facebook.com\/SonoraEE\/\" \/>\n<meta property=\"article:author\" content=\"https:\/\/www.facebook.com\/SonoraEE\" \/>\n<meta property=\"article:published_time\" content=\"2024-04-25T00:15:07+00:00\" \/>\n<meta name=\"author\" content=\"enequipo\" \/>\n<meta name=\"twitter:card\" content=\"summary_large_image\" \/>\n<meta name=\"twitter:creator\" content=\"@sonoraenequipo\" \/>\n<meta name=\"twitter:site\" content=\"@sonoraenequipo\" \/>\n<meta name=\"twitter:label1\" content=\"Escrito por\" \/>\n\t<meta name=\"twitter:data1\" content=\"enequipo\" \/>\n\t<meta name=\"twitter:label2\" content=\"Tiempo de lectura\" \/>\n\t<meta name=\"twitter:data2\" content=\"2 minutos\" \/>\n<script type=\"application\/ld+json\" class=\"yoast-schema-graph\">{\"@context\":\"https:\/\/schema.org\",\"@graph\":[{\"@type\":\"Article\",\"@id\":\"https:\/\/www.sonoraenequipo.com.mx\/mujer-vinculada-a-proceso-por-el-presunto-delito-de-secuestro-agravado\/#article\",\"isPartOf\":{\"@id\":\"https:\/\/www.sonoraenequipo.com.mx\/mujer-vinculada-a-proceso-por-el-presunto-delito-de-secuestro-agravado\/\"},\"author\":{\"name\":\"enequipo\",\"@id\":\"https:\/\/www.sonoraenequipo.com.mx\/#\/schema\/person\/50102df0fb23a8fa9e8effad8fa81386\"},\"headline\":\"Mujer vinculada a proceso por el presunto delito de secuestro agravado\",\"datePublished\":\"2024-04-25T00:15:07+00:00\",\"mainEntityOfPage\":{\"@id\":\"https:\/\/www.sonoraenequipo.com.mx\/mujer-vinculada-a-proceso-por-el-presunto-delito-de-secuestro-agravado\/\"},\"wordCount\":370,\"commentCount\":0,\"publisher\":{\"@id\":\"https:\/\/www.sonoraenequipo.com.mx\/#organization\"},\"keywords\":[\"Cajeme\",\"inseguridad\",\"secuestro\"],\"articleSection\":[\"Polic\u00edaca\"],\"inLanguage\":\"es\",\"potentialAction\":[{\"@type\":\"CommentAction\",\"name\":\"Comment\",\"target\":[\"https:\/\/www.sonoraenequipo.com.mx\/mujer-vinculada-a-proceso-por-el-presunto-delito-de-secuestro-agravado\/#respond\"]}]},{\"@type\":\"WebPage\",\"@id\":\"https:\/\/www.sonoraenequipo.com.mx\/mujer-vinculada-a-proceso-por-el-presunto-delito-de-secuestro-agravado\/\",\"url\":\"https:\/\/www.sonoraenequipo.com.mx\/mujer-vinculada-a-proceso-por-el-presunto-delito-de-secuestro-agravado\/\",\"name\":\"Sonora en Equipo. Mujer vinculada a proceso por el presunto delito de secuestro agravado Polic\u00edaca\",\"isPartOf\":{\"@id\":\"https:\/\/www.sonoraenequipo.com.mx\/#website\"},\"datePublished\":\"2024-04-25T00:15:07+00:00\",\"description\":\"CAJEME, SONORA, MX.\u02d7\u02d7\u02d7 Vinculada a proceso y en prisi\u00f3n preventiva justificada por su probable responsabilidad del delito de secuestro agravado, se En Sonora en Equipo publicamos toda la informaci\u00f3n de Sonora, M\u00e9xico y el Mundo de manera oportuna y busca que la libertad de expresi\u00f3n sea real. Visita nuestro medio informativo publicado desde Hermosillo, Sonora. %\",\"breadcrumb\":{\"@id\":\"https:\/\/www.sonoraenequipo.com.mx\/mujer-vinculada-a-proceso-por-el-presunto-delito-de-secuestro-agravado\/#breadcrumb\"},\"inLanguage\":\"es\",\"potentialAction\":[{\"@type\":\"ReadAction\",\"target\":[\"https:\/\/www.sonoraenequipo.com.mx\/mujer-vinculada-a-proceso-por-el-presunto-delito-de-secuestro-agravado\/\"]}]},{\"@type\":\"BreadcrumbList\",\"@id\":\"https:\/\/www.sonoraenequipo.com.mx\/mujer-vinculada-a-proceso-por-el-presunto-delito-de-secuestro-agravado\/#breadcrumb\",\"itemListElement\":[{\"@type\":\"ListItem\",\"position\":1,\"name\":\"Portada\",\"item\":\"https:\/\/www.sonoraenequipo.com.mx\/\"},{\"@type\":\"ListItem\",\"position\":2,\"name\":\"Mujer vinculada a proceso por el presunto delito de secuestro agravado\"}]},{\"@type\":\"WebSite\",\"@id\":\"https:\/\/www.sonoraenequipo.com.mx\/#website\",\"url\":\"https:\/\/www.sonoraenequipo.com.mx\/\",\"name\":\"Sonora en Equipo.\",\"description\":\"Diario en l\u00ednea con Noticias desde Hermosillo, Sonora\",\"publisher\":{\"@id\":\"https:\/\/www.sonoraenequipo.com.mx\/#organization\"},\"potentialAction\":[{\"@type\":\"SearchAction\",\"target\":{\"@type\":\"EntryPoint\",\"urlTemplate\":\"https:\/\/www.sonoraenequipo.com.mx\/?s={search_term_string}\"},\"query-input\":{\"@type\":\"PropertyValueSpecification\",\"valueRequired\":true,\"valueName\":\"search_term_string\"}}],\"inLanguage\":\"es\"},{\"@type\":\"Organization\",\"@id\":\"https:\/\/www.sonoraenequipo.com.mx\/#organization\",\"name\":\"Sonoraenequipo.com.mx\",\"url\":\"https:\/\/www.sonoraenequipo.com.mx\/\",\"logo\":{\"@type\":\"ImageObject\",\"inLanguage\":\"es\",\"@id\":\"https:\/\/www.sonoraenequipo.com.mx\/#\/schema\/logo\/image\/\",\"url\":\"https:\/\/www.sonoraenequipo.com.mx\/storage\/2019\/01\/sonoraenequipo_opt.png\",\"contentUrl\":\"https:\/\/www.sonoraenequipo.com.mx\/storage\/2019\/01\/sonoraenequipo_opt.png\",\"width\":375,\"height\":125,\"caption\":\"Sonoraenequipo.com.mx\"},\"image\":{\"@id\":\"https:\/\/www.sonoraenequipo.com.mx\/#\/schema\/logo\/image\/\"},\"sameAs\":[\"https:\/\/www.facebook.com\/SonoraEE\/\",\"https:\/\/x.com\/sonoraenequipo\",\"https:\/\/www.youtube.com\/channel\/UC338nW-lPEYmJQs4ZABQ1SQ\"]},{\"@type\":\"Person\",\"@id\":\"https:\/\/www.sonoraenequipo.com.mx\/#\/schema\/person\/50102df0fb23a8fa9e8effad8fa81386\",\"name\":\"enequipo\",\"image\":{\"@type\":\"ImageObject\",\"inLanguage\":\"es\",\"@id\":\"https:\/\/www.sonoraenequipo.com.mx\/#\/schema\/person\/image\/\",\"url\":\"https:\/\/secure.gravatar.com\/avatar\/049821681b589dabc0bc20695993ccebb09f5b5d4d790cd9251b97faac7c652b?s=96&d=blank&r=g\",\"contentUrl\":\"https:\/\/secure.gravatar.com\/avatar\/049821681b589dabc0bc20695993ccebb09f5b5d4d790cd9251b97faac7c652b?s=96&d=blank&r=g\",\"caption\":\"enequipo\"},\"sameAs\":[\"https:\/\/www.facebook.com\/SonoraEE\"]}]}<\/script>\n ","yoast_head_json":{"title":"Sonora en Equipo. Mujer vinculada a proceso por el presunto delito de secuestro agravado Polic\u00edaca","description":"CAJEME, SONORA, MX.\u02d7\u02d7\u02d7 Vinculada a proceso y en prisi\u00f3n preventiva justificada por su probable responsabilidad del delito de secuestro agravado, se En Sonora en Equipo publicamos toda la informaci\u00f3n de Sonora, M\u00e9xico y el Mundo de manera oportuna y busca que la libertad de expresi\u00f3n sea real. Visita nuestro medio informativo publicado desde Hermosillo, Sonora. %","robots":{"index":"index","follow":"follow","max-snippet":"max-snippet:-1","max-image-preview":"max-image-preview:large","max-video-preview":"max-video-preview:-1"},"canonical":"https:\/\/www.sonoraenequipo.com.mx\/mujer-vinculada-a-proceso-por-el-presunto-delito-de-secuestro-agravado\/","og_locale":"es_ES","og_type":"article","og_title":"Sonora en Equipo. Mujer vinculada a proceso por el presunto delito de secuestro agravado Polic\u00edaca","og_description":"CAJEME, SONORA, MX.\u02d7\u02d7\u02d7 Vinculada a proceso y en prisi\u00f3n preventiva justificada por su probable responsabilidad del delito de secuestro agravado, se En Sonora en Equipo publicamos toda la informaci\u00f3n de Sonora, M\u00e9xico y el Mundo de manera oportuna y busca que la libertad de expresi\u00f3n sea real. Visita nuestro medio informativo publicado desde Hermosillo, Sonora. %","og_url":"https:\/\/www.sonoraenequipo.com.mx\/mujer-vinculada-a-proceso-por-el-presunto-delito-de-secuestro-agravado\/","og_site_name":"Sonora en Equipo.","article_publisher":"https:\/\/www.facebook.com\/SonoraEE\/","article_author":"https:\/\/www.facebook.com\/SonoraEE","article_published_time":"2024-04-25T00:15:07+00:00","author":"enequipo","twitter_card":"summary_large_image","twitter_creator":"@sonoraenequipo","twitter_site":"@sonoraenequipo","twitter_misc":{"Escrito por":"enequipo","Tiempo de lectura":"2 minutos"},"schema":{"@context":"https:\/\/schema.org","@graph":[{"@type":"Article","@id":"https:\/\/www.sonoraenequipo.com.mx\/mujer-vinculada-a-proceso-por-el-presunto-delito-de-secuestro-agravado\/#article","isPartOf":{"@id":"https:\/\/www.sonoraenequipo.com.mx\/mujer-vinculada-a-proceso-por-el-presunto-delito-de-secuestro-agravado\/"},"author":{"name":"enequipo","@id":"https:\/\/www.sonoraenequipo.com.mx\/#\/schema\/person\/50102df0fb23a8fa9e8effad8fa81386"},"headline":"Mujer vinculada a proceso por el presunto delito de secuestro agravado","datePublished":"2024-04-25T00:15:07+00:00","mainEntityOfPage":{"@id":"https:\/\/www.sonoraenequipo.com.mx\/mujer-vinculada-a-proceso-por-el-presunto-delito-de-secuestro-agravado\/"},"wordCount":370,"commentCount":0,"publisher":{"@id":"https:\/\/www.sonoraenequipo.com.mx\/#organization"},"keywords":["Cajeme","inseguridad","secuestro"],"articleSection":["Polic\u00edaca"],"inLanguage":"es","potentialAction":[{"@type":"CommentAction","name":"Comment","target":["https:\/\/www.sonoraenequipo.com.mx\/mujer-vinculada-a-proceso-por-el-presunto-delito-de-secuestro-agravado\/#respond"]}]},{"@type":"WebPage","@id":"https:\/\/www.sonoraenequipo.com.mx\/mujer-vinculada-a-proceso-por-el-presunto-delito-de-secuestro-agravado\/","url":"https:\/\/www.sonoraenequipo.com.mx\/mujer-vinculada-a-proceso-por-el-presunto-delito-de-secuestro-agravado\/","name":"Sonora en Equipo. Mujer vinculada a proceso por el presunto delito de secuestro agravado Polic\u00edaca","isPartOf":{"@id":"https:\/\/www.sonoraenequipo.com.mx\/#website"},"datePublished":"2024-04-25T00:15:07+00:00","description":"CAJEME, SONORA, MX.\u02d7\u02d7\u02d7 Vinculada a proceso y en prisi\u00f3n preventiva justificada por su probable responsabilidad del delito de secuestro agravado, se En Sonora en Equipo publicamos toda la informaci\u00f3n de Sonora, M\u00e9xico y el Mundo de manera oportuna y busca que la libertad de expresi\u00f3n sea real. Visita nuestro medio informativo publicado desde Hermosillo, Sonora. %","breadcrumb":{"@id":"https:\/\/www.sonoraenequipo.com.mx\/mujer-vinculada-a-proceso-por-el-presunto-delito-de-secuestro-agravado\/#breadcrumb"},"inLanguage":"es","potentialAction":[{"@type":"ReadAction","target":["https:\/\/www.sonoraenequipo.com.mx\/mujer-vinculada-a-proceso-por-el-presunto-delito-de-secuestro-agravado\/"]}]},{"@type":"BreadcrumbList","@id":"https:\/\/www.sonoraenequipo.com.mx\/mujer-vinculada-a-proceso-por-el-presunto-delito-de-secuestro-agravado\/#breadcrumb","itemListElement":[{"@type":"ListItem","position":1,"name":"Portada","item":"https:\/\/www.sonoraenequipo.com.mx\/"},{"@type":"ListItem","position":2,"name":"Mujer vinculada a proceso por el presunto delito de secuestro agravado"}]},{"@type":"WebSite","@id":"https:\/\/www.sonoraenequipo.com.mx\/#website","url":"https:\/\/www.sonoraenequipo.com.mx\/","name":"Sonora en Equipo.","description":"Diario en l\u00ednea con Noticias desde Hermosillo, Sonora","publisher":{"@id":"https:\/\/www.sonoraenequipo.com.mx\/#organization"},"potentialAction":[{"@type":"SearchAction","target":{"@type":"EntryPoint","urlTemplate":"https:\/\/www.sonoraenequipo.com.mx\/?s={search_term_string}"},"query-input":{"@type":"PropertyValueSpecification","valueRequired":true,"valueName":"search_term_string"}}],"inLanguage":"es"},{"@type":"Organization","@id":"https:\/\/www.sonoraenequipo.com.mx\/#organization","name":"Sonoraenequipo.com.mx","url":"https:\/\/www.sonoraenequipo.com.mx\/","logo":{"@type":"ImageObject","inLanguage":"es","@id":"https:\/\/www.sonoraenequipo.com.mx\/#\/schema\/logo\/image\/","url":"https:\/\/www.sonoraenequipo.com.mx\/storage\/2019\/01\/sonoraenequipo_opt.png","contentUrl":"https:\/\/www.sonoraenequipo.com.mx\/storage\/2019\/01\/sonoraenequipo_opt.png","width":375,"height":125,"caption":"Sonoraenequipo.com.mx"},"image":{"@id":"https:\/\/www.sonoraenequipo.com.mx\/#\/schema\/logo\/image\/"},"sameAs":["https:\/\/www.facebook.com\/SonoraEE\/","https:\/\/x.com\/sonoraenequipo","https:\/\/www.youtube.com\/channel\/UC338nW-lPEYmJQs4ZABQ1SQ"]},{"@type":"Person","@id":"https:\/\/www.sonoraenequipo.com.mx\/#\/schema\/person\/50102df0fb23a8fa9e8effad8fa81386","name":"enequipo","image":{"@type":"ImageObject","inLanguage":"es","@id":"https:\/\/www.sonoraenequipo.com.mx\/#\/schema\/person\/image\/","url":"https:\/\/secure.gravatar.com\/avatar\/049821681b589dabc0bc20695993ccebb09f5b5d4d790cd9251b97faac7c652b?s=96&d=blank&r=g","contentUrl":"https:\/\/secure.gravatar.com\/avatar\/049821681b589dabc0bc20695993ccebb09f5b5d4d790cd9251b97faac7c652b?s=96&d=blank&r=g","caption":"enequipo"},"sameAs":["https:\/\/www.facebook.com\/SonoraEE"]}]}},"jetpack_featured_media_url":"","_links":{"self":[{"href":"https:\/\/www.sonoraenequipo.com.mx\/api\/wp\/v2\/posts\/188311","targetHints":{"allow":["GET"]}}],"collection":[{"href":"https:\/\/www.sonoraenequipo.com.mx\/api\/wp\/v2\/posts"}],"about":[{"href":"https:\/\/www.sonoraenequipo.com.mx\/api\/wp\/v2\/types\/post"}],"author":[{"embeddable":true,"href":"https:\/\/www.sonoraenequipo.com.mx\/api\/wp\/v2\/users\/1"}],"replies":[{"embeddable":true,"href":"https:\/\/www.sonoraenequipo.com.mx\/api\/wp\/v2\/comments?post=188311"}],"version-history":[{"count":1,"href":"https:\/\/www.sonoraenequipo.com.mx\/api\/wp\/v2\/posts\/188311\/revisions"}],"predecessor-version":[{"id":188312,"href":"https:\/\/www.sonoraenequipo.com.mx\/api\/wp\/v2\/posts\/188311\/revisions\/188312"}],"wp:attachment":[{"href":"https:\/\/www.sonoraenequipo.com.mx\/api\/wp\/v2\/media?parent=188311"}],"wp:term":[{"taxonomy":"category","embeddable":true,"href":"https:\/\/www.sonoraenequipo.com.mx\/api\/wp\/v2\/categories?post=188311"},{"taxonomy":"post_tag","embeddable":true,"href":"https:\/\/www.sonoraenequipo.com.mx\/api\/wp\/v2\/tags?post=188311"}],"curies":[{"name":"wp","href":"https:\/\/api.w.org\/{rel}","templated":true}]}}