{"id":188313,"date":"2024-04-24T18:20:26","date_gmt":"2024-04-25T01:20:26","guid":{"rendered":"https:\/\/www.sonoraenequipo.com.mx\/?p=188313"},"modified":"2024-04-24T18:20:26","modified_gmt":"2024-04-25T01:20:26","slug":"david-figueroa-impulsara-transporte-gratuito-para-adultos-mayores-de-sonora","status":"publish","type":"post","link":"https:\/\/www.sonoraenequipo.com.mx\/david-figueroa-impulsara-transporte-gratuito-para-adultos-mayores-de-sonora\/","title":{"rendered":"David Figueroa impulsar\u00e1 \u00a0transporte gratuito para adultos mayores de Sonora"},"content":{"rendered":"<p><strong>HERMOSILLO, SONORA, MX.\u02d7\u02d7\u02d7 <\/strong>\u00abMi prioridad como diputado, ser\u00e1 legislar por el transporte gratuito a domicilio y especial para nuestros adultos mayores de Sonora\u00bb, afirm\u00f3 David Figueroa Ortega.<\/p>\n<p>&nbsp;<\/p>\n<p>El candidato a Diputado Local por el Distrito 06 Hermosillo por Morena-Verde-PT-PES-NA, estableci\u00f3 los 4 Ejes Fundamentales de su propuesta a favor de los adultos mayores, personas con discapacidad y energ\u00edas limpias.<\/p>\n<p>&nbsp;<\/p>\n<p>Plante\u00f3 que su propuesta se basa en:<\/p>\n<p>&nbsp;<\/p>\n<p>&#8211; Asistencia integral para la movilidad de adultos mayores.<\/p>\n<p>&nbsp;<\/p>\n<p>&#8211; Pol\u00edticas\u00a0P\u00fablicas para la atenci\u00f3n a la accesibilidad de personas con discapacidad.<\/p>\n<p>&nbsp;<\/p>\n<p>&#8211; Fortalecer con pol\u00edticas p\u00fablicas el Plan Sonora de Energ\u00edas Renovables, bajo una agenda verde de incentivos a empresas.<\/p>\n<p>&nbsp;<\/p>\n<p>&#8211; Apoyo de becas a los j\u00f3venes universitarios sonorenses y migrantes que viven en Estados Unidos.<\/p>\n<p>&#8211;<\/p>\n<p>David Figueroa apunt\u00f3 que hoy reciben pensi\u00f3n del gobierno del presidente Andr\u00e9s Manuel L\u00f3pez Obrador y sin duda, seguir\u00e1 con la Dr. Claudia Sheinbaum.<\/p>\n<p>&nbsp;<\/p>\n<p>Sin embargo, dijo, \u00abvamos a ir m\u00e1s all\u00e1, vamos a evolucionar este programa y proponer mayor atenci\u00f3n en movilidad y atenci\u00f3n m\u00e9dica a nuestros adultos mayores en Sonora\u00bb.<\/p>\n<p>&nbsp;<\/p>\n<p>David Figueroa dijo que \u00abhoy batallan mucho para trasladarse a sus citas m\u00e9dicas y actividades diarias\u00bb.<\/p>\n<p>&nbsp;<\/p>\n<p>A\u00f1adi\u00f3 que en 5 d\u00edas de activar sus pasos al Congreso del Estado, ha escuchado las necesidades urgentes de las y los hermosillenses en 20 colonias visitadas en 5 d\u00edas de campa\u00f1a de la mano con la gente y su equipo.<\/p>\n<p>&nbsp;<\/p>\n<p>Por ello, \u00ablegislar\u00e9 a favor del transporte p\u00fablico gratuito y especial, as\u00ed como para servicios m\u00e9dicos, aparatos auditivos y lentes para nuestros adultos mayores de Sonora\u00bb.<\/p>\n<p>&nbsp;<\/p>\n<p>Dijo que, como diputado, propondr\u00e1 que exista un trasporte que con programaci\u00f3n de horarios, acuda a los domicilios y los trasladen a las citas m\u00e9dicas y otras actividades indispensables diarias de los adultos mayores del estado.<\/p>\n<p>&nbsp;<\/p>\n<p>Reiter\u00f3 que ser\u00e1 la voz de la gente en el Congreso y legislar\u00e1 con valores como la verdad, la justicia, tenacidad y el esfuerzo para el desarrollo y bienestar de Sonora.<\/p>\n<p>&nbsp;<\/p>\n<p>En su quinto d\u00eda de trabajo, David Figueroa activ\u00f3 visitas domiciliarias y recorridos junto a su equipo en las colonias \u00abBenito Ju\u00e1rez\u00bb, Lomas de Madrid, Atardeceres, Los Vi\u00f1edos y Plaza Real.<\/p>\n<p>&nbsp;<\/p>\n<p>En estos encuentros ciudadanos, Figueroa Ortega escuch\u00f3 las demandas de los vecinos y plante\u00f3 sus propuestas.<\/p>\n<p>&nbsp;<\/p>\n<p>Con la confianza ciudadana este 2 de junio, dijo, \u00abseremos la voz del Pueblo y trabajaremos en las colonias con la gente, no en la comodidad de una oficina refrigerada y trasformaremos la manera de legislar en Sonora\u00bb.<\/p>\n<p><strong>Fecha de publicaci\u00f3n <\/strong><strong>mi\u00e9rcoles 24 de abril de 2024<\/strong><\/p>\n<p>&nbsp;<\/p>\n","protected":false},"excerpt":{"rendered":"<p>HERMOSILLO, SONORA, MX.\u02d7\u02d7\u02d7 \u00abMi prioridad como diputado, ser\u00e1 legislar por el transporte gratuito a domicilio&#8230;<\/p>\n","protected":false},"author":1,"featured_media":188315,"comment_status":"open","ping_status":"open","sticky":false,"template":"","format":"standard","meta":{"_monsterinsights_skip_tracking":false,"_monsterinsights_sitenote_active":false,"_monsterinsights_sitenote_note":"","_monsterinsights_sitenote_category":0,"footnotes":""},"categories":[9400],"tags":[9574],"class_list":["post"],"yoast_head":" \n<title>Sonora en Equipo. David Figueroa impulsar\u00e1 \u00a0transporte gratuito para adultos mayores de Sonora ELECCI\u00d3NES<\/title>\n<meta name=\"description\" content=\"HERMOSILLO, SONORA, MX.\u02d7\u02d7\u02d7 &quot;Mi prioridad como diputado, ser\u00e1 legislar por el transporte gratuito a domicilio y especial para nuestros adultos mayores de En Sonora en Equipo publicamos toda la informaci\u00f3n de Sonora, M\u00e9xico y el Mundo de manera oportuna y busca que la libertad de expresi\u00f3n sea real. Visita nuestro medio informativo publicado desde Hermosillo, Sonora. %\" \/>\n<meta name=\"robots\" content=\"index, follow, max-snippet:-1, max-image-preview:large, max-video-preview:-1\" \/>\n<link rel=\"canonical\" href=\"https:\/\/www.sonoraenequipo.com.mx\/david-figueroa-impulsara-transporte-gratuito-para-adultos-mayores-de-sonora\/\" \/>\n<meta property=\"og:locale\" content=\"es_ES\" \/>\n<meta property=\"og:type\" content=\"article\" \/>\n<meta property=\"og:title\" content=\"Sonora en Equipo. David Figueroa impulsar\u00e1 \u00a0transporte gratuito para adultos mayores de Sonora ELECCI\u00d3NES\" \/>\n<meta property=\"og:description\" content=\"HERMOSILLO, SONORA, MX.\u02d7\u02d7\u02d7 &quot;Mi prioridad como diputado, ser\u00e1 legislar por el transporte gratuito a domicilio y especial para nuestros adultos mayores de En Sonora en Equipo publicamos toda la informaci\u00f3n de Sonora, M\u00e9xico y el Mundo de manera oportuna y busca que la libertad de expresi\u00f3n sea real. Visita nuestro medio informativo publicado desde Hermosillo, Sonora. %\" \/>\n<meta property=\"og:url\" content=\"https:\/\/www.sonoraenequipo.com.mx\/david-figueroa-impulsara-transporte-gratuito-para-adultos-mayores-de-sonora\/\" \/>\n<meta property=\"og:site_name\" content=\"Sonora en Equipo.\" \/>\n<meta property=\"article:publisher\" content=\"https:\/\/www.facebook.com\/SonoraEE\/\" \/>\n<meta property=\"article:author\" content=\"https:\/\/www.facebook.com\/SonoraEE\" \/>\n<meta property=\"article:published_time\" content=\"2024-04-25T01:20:26+00:00\" \/>\n<meta property=\"og:image\" content=\"https:\/\/www.sonoraenequipo.com.mx\/storage\/2024\/04\/dfo-campana2024.jpg\" \/>\n\t<meta property=\"og:image:width\" content=\"900\" \/>\n\t<meta property=\"og:image:height\" content=\"600\" \/>\n\t<meta property=\"og:image:type\" content=\"image\/jpeg\" \/>\n<meta name=\"author\" content=\"enequipo\" \/>\n<meta name=\"twitter:card\" content=\"summary_large_image\" \/>\n<meta name=\"twitter:creator\" content=\"@sonoraenequipo\" \/>\n<meta name=\"twitter:site\" content=\"@sonoraenequipo\" \/>\n<meta name=\"twitter:label1\" content=\"Escrito por\" \/>\n\t<meta name=\"twitter:data1\" content=\"enequipo\" \/>\n\t<meta name=\"twitter:label2\" content=\"Tiempo de lectura\" \/>\n\t<meta name=\"twitter:data2\" content=\"2 minutos\" \/>\n<script type=\"application\/ld+json\" class=\"yoast-schema-graph\">{\"@context\":\"https:\/\/schema.org\",\"@graph\":[{\"@type\":\"Article\",\"@id\":\"https:\/\/www.sonoraenequipo.com.mx\/david-figueroa-impulsara-transporte-gratuito-para-adultos-mayores-de-sonora\/#article\",\"isPartOf\":{\"@id\":\"https:\/\/www.sonoraenequipo.com.mx\/david-figueroa-impulsara-transporte-gratuito-para-adultos-mayores-de-sonora\/\"},\"author\":{\"name\":\"enequipo\",\"@id\":\"https:\/\/www.sonoraenequipo.com.mx\/#\/schema\/person\/50102df0fb23a8fa9e8effad8fa81386\"},\"headline\":\"David Figueroa impulsar\u00e1 \u00a0transporte gratuito para adultos mayores de Sonora\",\"datePublished\":\"2024-04-25T01:20:26+00:00\",\"mainEntityOfPage\":{\"@id\":\"https:\/\/www.sonoraenequipo.com.mx\/david-figueroa-impulsara-transporte-gratuito-para-adultos-mayores-de-sonora\/\"},\"wordCount\":467,\"commentCount\":0,\"publisher\":{\"@id\":\"https:\/\/www.sonoraenequipo.com.mx\/#organization\"},\"image\":{\"@id\":\"https:\/\/www.sonoraenequipo.com.mx\/david-figueroa-impulsara-transporte-gratuito-para-adultos-mayores-de-sonora\/#primaryimage\"},\"thumbnailUrl\":\"https:\/\/www.sonoraenequipo.com.mx\/storage\/2024\/04\/dfo-campana2024.jpg\",\"keywords\":[\"david figueroa\"],\"articleSection\":[\"ELECCI\u00d3NES\"],\"inLanguage\":\"es\",\"potentialAction\":[{\"@type\":\"CommentAction\",\"name\":\"Comment\",\"target\":[\"https:\/\/www.sonoraenequipo.com.mx\/david-figueroa-impulsara-transporte-gratuito-para-adultos-mayores-de-sonora\/#respond\"]}]},{\"@type\":\"WebPage\",\"@id\":\"https:\/\/www.sonoraenequipo.com.mx\/david-figueroa-impulsara-transporte-gratuito-para-adultos-mayores-de-sonora\/\",\"url\":\"https:\/\/www.sonoraenequipo.com.mx\/david-figueroa-impulsara-transporte-gratuito-para-adultos-mayores-de-sonora\/\",\"name\":\"Sonora en Equipo. David Figueroa impulsar\u00e1 \u00a0transporte gratuito para adultos mayores de Sonora ELECCI\u00d3NES\",\"isPartOf\":{\"@id\":\"https:\/\/www.sonoraenequipo.com.mx\/#website\"},\"primaryImageOfPage\":{\"@id\":\"https:\/\/www.sonoraenequipo.com.mx\/david-figueroa-impulsara-transporte-gratuito-para-adultos-mayores-de-sonora\/#primaryimage\"},\"image\":{\"@id\":\"https:\/\/www.sonoraenequipo.com.mx\/david-figueroa-impulsara-transporte-gratuito-para-adultos-mayores-de-sonora\/#primaryimage\"},\"thumbnailUrl\":\"https:\/\/www.sonoraenequipo.com.mx\/storage\/2024\/04\/dfo-campana2024.jpg\",\"datePublished\":\"2024-04-25T01:20:26+00:00\",\"description\":\"HERMOSILLO, SONORA, MX.\u02d7\u02d7\u02d7 \\\"Mi prioridad como diputado, ser\u00e1 legislar por el transporte gratuito a domicilio y especial para nuestros adultos mayores de En Sonora en Equipo publicamos toda la informaci\u00f3n de Sonora, M\u00e9xico y el Mundo de manera oportuna y busca que la libertad de expresi\u00f3n sea real. Visita nuestro medio informativo publicado desde Hermosillo, Sonora. %\",\"breadcrumb\":{\"@id\":\"https:\/\/www.sonoraenequipo.com.mx\/david-figueroa-impulsara-transporte-gratuito-para-adultos-mayores-de-sonora\/#breadcrumb\"},\"inLanguage\":\"es\",\"potentialAction\":[{\"@type\":\"ReadAction\",\"target\":[\"https:\/\/www.sonoraenequipo.com.mx\/david-figueroa-impulsara-transporte-gratuito-para-adultos-mayores-de-sonora\/\"]}]},{\"@type\":\"ImageObject\",\"inLanguage\":\"es\",\"@id\":\"https:\/\/www.sonoraenequipo.com.mx\/david-figueroa-impulsara-transporte-gratuito-para-adultos-mayores-de-sonora\/#primaryimage\",\"url\":\"https:\/\/www.sonoraenequipo.com.mx\/storage\/2024\/04\/dfo-campana2024.jpg\",\"contentUrl\":\"https:\/\/www.sonoraenequipo.com.mx\/storage\/2024\/04\/dfo-campana2024.jpg\",\"width\":900,\"height\":600},{\"@type\":\"BreadcrumbList\",\"@id\":\"https:\/\/www.sonoraenequipo.com.mx\/david-figueroa-impulsara-transporte-gratuito-para-adultos-mayores-de-sonora\/#breadcrumb\",\"itemListElement\":[{\"@type\":\"ListItem\",\"position\":1,\"name\":\"Portada\",\"item\":\"https:\/\/www.sonoraenequipo.com.mx\/\"},{\"@type\":\"ListItem\",\"position\":2,\"name\":\"David Figueroa impulsar\u00e1 \u00a0transporte gratuito para adultos mayores de Sonora\"}]},{\"@type\":\"WebSite\",\"@id\":\"https:\/\/www.sonoraenequipo.com.mx\/#website\",\"url\":\"https:\/\/www.sonoraenequipo.com.mx\/\",\"name\":\"Sonora en Equipo.\",\"description\":\"Diario en l\u00ednea con Noticias desde Hermosillo, Sonora\",\"publisher\":{\"@id\":\"https:\/\/www.sonoraenequipo.com.mx\/#organization\"},\"potentialAction\":[{\"@type\":\"SearchAction\",\"target\":{\"@type\":\"EntryPoint\",\"urlTemplate\":\"https:\/\/www.sonoraenequipo.com.mx\/?s={search_term_string}\"},\"query-input\":{\"@type\":\"PropertyValueSpecification\",\"valueRequired\":true,\"valueName\":\"search_term_string\"}}],\"inLanguage\":\"es\"},{\"@type\":\"Organization\",\"@id\":\"https:\/\/www.sonoraenequipo.com.mx\/#organization\",\"name\":\"Sonoraenequipo.com.mx\",\"url\":\"https:\/\/www.sonoraenequipo.com.mx\/\",\"logo\":{\"@type\":\"ImageObject\",\"inLanguage\":\"es\",\"@id\":\"https:\/\/www.sonoraenequipo.com.mx\/#\/schema\/logo\/image\/\",\"url\":\"https:\/\/www.sonoraenequipo.com.mx\/storage\/2019\/01\/sonoraenequipo_opt.png\",\"contentUrl\":\"https:\/\/www.sonoraenequipo.com.mx\/storage\/2019\/01\/sonoraenequipo_opt.png\",\"width\":375,\"height\":125,\"caption\":\"Sonoraenequipo.com.mx\"},\"image\":{\"@id\":\"https:\/\/www.sonoraenequipo.com.mx\/#\/schema\/logo\/image\/\"},\"sameAs\":[\"https:\/\/www.facebook.com\/SonoraEE\/\",\"https:\/\/x.com\/sonoraenequipo\",\"https:\/\/www.youtube.com\/channel\/UC338nW-lPEYmJQs4ZABQ1SQ\"]},{\"@type\":\"Person\",\"@id\":\"https:\/\/www.sonoraenequipo.com.mx\/#\/schema\/person\/50102df0fb23a8fa9e8effad8fa81386\",\"name\":\"enequipo\",\"image\":{\"@type\":\"ImageObject\",\"inLanguage\":\"es\",\"@id\":\"https:\/\/www.sonoraenequipo.com.mx\/#\/schema\/person\/image\/\",\"url\":\"https:\/\/secure.gravatar.com\/avatar\/049821681b589dabc0bc20695993ccebb09f5b5d4d790cd9251b97faac7c652b?s=96&d=blank&r=g\",\"contentUrl\":\"https:\/\/secure.gravatar.com\/avatar\/049821681b589dabc0bc20695993ccebb09f5b5d4d790cd9251b97faac7c652b?s=96&d=blank&r=g\",\"caption\":\"enequipo\"},\"sameAs\":[\"https:\/\/www.facebook.com\/SonoraEE\"]}]}<\/script>\n ","yoast_head_json":{"title":"Sonora en Equipo. David Figueroa impulsar\u00e1 \u00a0transporte gratuito para adultos mayores de Sonora ELECCI\u00d3NES","description":"HERMOSILLO, SONORA, MX.\u02d7\u02d7\u02d7 \"Mi prioridad como diputado, ser\u00e1 legislar por el transporte gratuito a domicilio y especial para nuestros adultos mayores de En Sonora en Equipo publicamos toda la informaci\u00f3n de Sonora, M\u00e9xico y el Mundo de manera oportuna y busca que la libertad de expresi\u00f3n sea real. Visita nuestro medio informativo publicado desde Hermosillo, Sonora. %","robots":{"index":"index","follow":"follow","max-snippet":"max-snippet:-1","max-image-preview":"max-image-preview:large","max-video-preview":"max-video-preview:-1"},"canonical":"https:\/\/www.sonoraenequipo.com.mx\/david-figueroa-impulsara-transporte-gratuito-para-adultos-mayores-de-sonora\/","og_locale":"es_ES","og_type":"article","og_title":"Sonora en Equipo. David Figueroa impulsar\u00e1 \u00a0transporte gratuito para adultos mayores de Sonora ELECCI\u00d3NES","og_description":"HERMOSILLO, SONORA, MX.\u02d7\u02d7\u02d7 \"Mi prioridad como diputado, ser\u00e1 legislar por el transporte gratuito a domicilio y especial para nuestros adultos mayores de En Sonora en Equipo publicamos toda la informaci\u00f3n de Sonora, M\u00e9xico y el Mundo de manera oportuna y busca que la libertad de expresi\u00f3n sea real. Visita nuestro medio informativo publicado desde Hermosillo, Sonora. %","og_url":"https:\/\/www.sonoraenequipo.com.mx\/david-figueroa-impulsara-transporte-gratuito-para-adultos-mayores-de-sonora\/","og_site_name":"Sonora en Equipo.","article_publisher":"https:\/\/www.facebook.com\/SonoraEE\/","article_author":"https:\/\/www.facebook.com\/SonoraEE","article_published_time":"2024-04-25T01:20:26+00:00","og_image":[{"width":900,"height":600,"url":"https:\/\/www.sonoraenequipo.com.mx\/storage\/2024\/04\/dfo-campana2024.jpg","type":"image\/jpeg"}],"author":"enequipo","twitter_card":"summary_large_image","twitter_creator":"@sonoraenequipo","twitter_site":"@sonoraenequipo","twitter_misc":{"Escrito por":"enequipo","Tiempo de lectura":"2 minutos"},"schema":{"@context":"https:\/\/schema.org","@graph":[{"@type":"Article","@id":"https:\/\/www.sonoraenequipo.com.mx\/david-figueroa-impulsara-transporte-gratuito-para-adultos-mayores-de-sonora\/#article","isPartOf":{"@id":"https:\/\/www.sonoraenequipo.com.mx\/david-figueroa-impulsara-transporte-gratuito-para-adultos-mayores-de-sonora\/"},"author":{"name":"enequipo","@id":"https:\/\/www.sonoraenequipo.com.mx\/#\/schema\/person\/50102df0fb23a8fa9e8effad8fa81386"},"headline":"David Figueroa impulsar\u00e1 \u00a0transporte gratuito para adultos mayores de Sonora","datePublished":"2024-04-25T01:20:26+00:00","mainEntityOfPage":{"@id":"https:\/\/www.sonoraenequipo.com.mx\/david-figueroa-impulsara-transporte-gratuito-para-adultos-mayores-de-sonora\/"},"wordCount":467,"commentCount":0,"publisher":{"@id":"https:\/\/www.sonoraenequipo.com.mx\/#organization"},"image":{"@id":"https:\/\/www.sonoraenequipo.com.mx\/david-figueroa-impulsara-transporte-gratuito-para-adultos-mayores-de-sonora\/#primaryimage"},"thumbnailUrl":"https:\/\/www.sonoraenequipo.com.mx\/storage\/2024\/04\/dfo-campana2024.jpg","keywords":["david figueroa"],"articleSection":["ELECCI\u00d3NES"],"inLanguage":"es","potentialAction":[{"@type":"CommentAction","name":"Comment","target":["https:\/\/www.sonoraenequipo.com.mx\/david-figueroa-impulsara-transporte-gratuito-para-adultos-mayores-de-sonora\/#respond"]}]},{"@type":"WebPage","@id":"https:\/\/www.sonoraenequipo.com.mx\/david-figueroa-impulsara-transporte-gratuito-para-adultos-mayores-de-sonora\/","url":"https:\/\/www.sonoraenequipo.com.mx\/david-figueroa-impulsara-transporte-gratuito-para-adultos-mayores-de-sonora\/","name":"Sonora en Equipo. David Figueroa impulsar\u00e1 \u00a0transporte gratuito para adultos mayores de Sonora ELECCI\u00d3NES","isPartOf":{"@id":"https:\/\/www.sonoraenequipo.com.mx\/#website"},"primaryImageOfPage":{"@id":"https:\/\/www.sonoraenequipo.com.mx\/david-figueroa-impulsara-transporte-gratuito-para-adultos-mayores-de-sonora\/#primaryimage"},"image":{"@id":"https:\/\/www.sonoraenequipo.com.mx\/david-figueroa-impulsara-transporte-gratuito-para-adultos-mayores-de-sonora\/#primaryimage"},"thumbnailUrl":"https:\/\/www.sonoraenequipo.com.mx\/storage\/2024\/04\/dfo-campana2024.jpg","datePublished":"2024-04-25T01:20:26+00:00","description":"HERMOSILLO, SONORA, MX.\u02d7\u02d7\u02d7 \"Mi prioridad como diputado, ser\u00e1 legislar por el transporte gratuito a domicilio y especial para nuestros adultos mayores de En Sonora en Equipo publicamos toda la informaci\u00f3n de Sonora, M\u00e9xico y el Mundo de manera oportuna y busca que la libertad de expresi\u00f3n sea real. Visita nuestro medio informativo publicado desde Hermosillo, Sonora. %","breadcrumb":{"@id":"https:\/\/www.sonoraenequipo.com.mx\/david-figueroa-impulsara-transporte-gratuito-para-adultos-mayores-de-sonora\/#breadcrumb"},"inLanguage":"es","potentialAction":[{"@type":"ReadAction","target":["https:\/\/www.sonoraenequipo.com.mx\/david-figueroa-impulsara-transporte-gratuito-para-adultos-mayores-de-sonora\/"]}]},{"@type":"ImageObject","inLanguage":"es","@id":"https:\/\/www.sonoraenequipo.com.mx\/david-figueroa-impulsara-transporte-gratuito-para-adultos-mayores-de-sonora\/#primaryimage","url":"https:\/\/www.sonoraenequipo.com.mx\/storage\/2024\/04\/dfo-campana2024.jpg","contentUrl":"https:\/\/www.sonoraenequipo.com.mx\/storage\/2024\/04\/dfo-campana2024.jpg","width":900,"height":600},{"@type":"BreadcrumbList","@id":"https:\/\/www.sonoraenequipo.com.mx\/david-figueroa-impulsara-transporte-gratuito-para-adultos-mayores-de-sonora\/#breadcrumb","itemListElement":[{"@type":"ListItem","position":1,"name":"Portada","item":"https:\/\/www.sonoraenequipo.com.mx\/"},{"@type":"ListItem","position":2,"name":"David Figueroa impulsar\u00e1 \u00a0transporte gratuito para adultos mayores de Sonora"}]},{"@type":"WebSite","@id":"https:\/\/www.sonoraenequipo.com.mx\/#website","url":"https:\/\/www.sonoraenequipo.com.mx\/","name":"Sonora en Equipo.","description":"Diario en l\u00ednea con Noticias desde Hermosillo, Sonora","publisher":{"@id":"https:\/\/www.sonoraenequipo.com.mx\/#organization"},"potentialAction":[{"@type":"SearchAction","target":{"@type":"EntryPoint","urlTemplate":"https:\/\/www.sonoraenequipo.com.mx\/?s={search_term_string}"},"query-input":{"@type":"PropertyValueSpecification","valueRequired":true,"valueName":"search_term_string"}}],"inLanguage":"es"},{"@type":"Organization","@id":"https:\/\/www.sonoraenequipo.com.mx\/#organization","name":"Sonoraenequipo.com.mx","url":"https:\/\/www.sonoraenequipo.com.mx\/","logo":{"@type":"ImageObject","inLanguage":"es","@id":"https:\/\/www.sonoraenequipo.com.mx\/#\/schema\/logo\/image\/","url":"https:\/\/www.sonoraenequipo.com.mx\/storage\/2019\/01\/sonoraenequipo_opt.png","contentUrl":"https:\/\/www.sonoraenequipo.com.mx\/storage\/2019\/01\/sonoraenequipo_opt.png","width":375,"height":125,"caption":"Sonoraenequipo.com.mx"},"image":{"@id":"https:\/\/www.sonoraenequipo.com.mx\/#\/schema\/logo\/image\/"},"sameAs":["https:\/\/www.facebook.com\/SonoraEE\/","https:\/\/x.com\/sonoraenequipo","https:\/\/www.youtube.com\/channel\/UC338nW-lPEYmJQs4ZABQ1SQ"]},{"@type":"Person","@id":"https:\/\/www.sonoraenequipo.com.mx\/#\/schema\/person\/50102df0fb23a8fa9e8effad8fa81386","name":"enequipo","image":{"@type":"ImageObject","inLanguage":"es","@id":"https:\/\/www.sonoraenequipo.com.mx\/#\/schema\/person\/image\/","url":"https:\/\/secure.gravatar.com\/avatar\/049821681b589dabc0bc20695993ccebb09f5b5d4d790cd9251b97faac7c652b?s=96&d=blank&r=g","contentUrl":"https:\/\/secure.gravatar.com\/avatar\/049821681b589dabc0bc20695993ccebb09f5b5d4d790cd9251b97faac7c652b?s=96&d=blank&r=g","caption":"enequipo"},"sameAs":["https:\/\/www.facebook.com\/SonoraEE"]}]}},"jetpack_featured_media_url":"https:\/\/www.sonoraenequipo.com.mx\/storage\/2024\/04\/dfo-campana2024.jpg","_links":{"self":[{"href":"https:\/\/www.sonoraenequipo.com.mx\/api\/wp\/v2\/posts\/188313","targetHints":{"allow":["GET"]}}],"collection":[{"href":"https:\/\/www.sonoraenequipo.com.mx\/api\/wp\/v2\/posts"}],"about":[{"href":"https:\/\/www.sonoraenequipo.com.mx\/api\/wp\/v2\/types\/post"}],"author":[{"embeddable":true,"href":"https:\/\/www.sonoraenequipo.com.mx\/api\/wp\/v2\/users\/1"}],"replies":[{"embeddable":true,"href":"https:\/\/www.sonoraenequipo.com.mx\/api\/wp\/v2\/comments?post=188313"}],"version-history":[{"count":1,"href":"https:\/\/www.sonoraenequipo.com.mx\/api\/wp\/v2\/posts\/188313\/revisions"}],"predecessor-version":[{"id":188316,"href":"https:\/\/www.sonoraenequipo.com.mx\/api\/wp\/v2\/posts\/188313\/revisions\/188316"}],"wp:featuredmedia":[{"embeddable":true,"href":"https:\/\/www.sonoraenequipo.com.mx\/api\/wp\/v2\/media\/188315"}],"wp:attachment":[{"href":"https:\/\/www.sonoraenequipo.com.mx\/api\/wp\/v2\/media?parent=188313"}],"wp:term":[{"taxonomy":"category","embeddable":true,"href":"https:\/\/www.sonoraenequipo.com.mx\/api\/wp\/v2\/categories?post=188313"},{"taxonomy":"post_tag","embeddable":true,"href":"https:\/\/www.sonoraenequipo.com.mx\/api\/wp\/v2\/tags?post=188313"}],"curies":[{"name":"wp","href":"https:\/\/api.w.org\/{rel}","templated":true}]}}