{"id":188333,"date":"2024-04-24T19:09:04","date_gmt":"2024-04-25T02:09:04","guid":{"rendered":"https:\/\/www.sonoraenequipo.com.mx\/?p=188333"},"modified":"2024-04-24T19:09:04","modified_gmt":"2024-04-25T02:09:04","slug":"salud-sonora-exhorta-a-detectar-oportunamente-la-meningitis","status":"publish","type":"post","link":"https:\/\/www.sonoraenequipo.com.mx\/salud-sonora-exhorta-a-detectar-oportunamente-la-meningitis\/","title":{"rendered":"Salud Sonora exhorta a detectar oportunamente la meningitis"},"content":{"rendered":"<p><strong>HERMOSILLO, SONORA, MX.\u02d7\u02d7\u02d7 <\/strong>La meningitis es una enfermedad causada por infecciones virales, hongos o par\u00e1sitos, ante esto la Secretar\u00eda de Salud (SSA), en el D\u00eda Mundial Contra la Meningitis, hizo un llamado a la concientizaci\u00f3n sobre este padecimiento que es tratado en los hospitales de la instituci\u00f3n.<\/p>\n<p>&nbsp;<\/p>\n<p>&nbsp;<\/p>\n<p>&nbsp;<\/p>\n<p>Los s\u00edntomas m\u00e1s comunes de esta enfermedad son, en reci\u00e9n nacidos la fiebre alta, llanto constante, somnolencia o irritabilidad, v\u00f3mito, rigidez en el cuerpo y cuello, mientras que en mayores de 2 a\u00f1os es la fiebre alta repentina, rigidez en el cuello, dolor de cabeza intenso, n\u00e1useas y v\u00f3mito, convulsiones, falta de apetito, entre otros.<img loading=\"lazy\" decoding=\"async\" class=\" size-full x-center\" src=\"https:\/\/www.sonoraenequipo.com.mx\/storage\/2024\/04\/meningitis-2.jpg\" alt=\"\" width=\"900\" height=\"899\" \/><\/p>\n<p>&nbsp;<\/p>\n<p>&nbsp;<\/p>\n<p>&nbsp;<\/p>\n<p>Cabe destacar que la meningitis afecta las membranas que cubren el cerebro y la m\u00e9dula espinal y se puede contraer de varias formas:<\/p>\n<p>&nbsp;<\/p>\n<p>&nbsp;<\/p>\n<p>&nbsp;<\/p>\n<ul>\n<li>Gotitas respiratorias: La bacteria o virus que causan la meningitis pueden transmitirse a trav\u00e9s de las gotitas respiratorias que se expulsan al toser, estornudar o hablar.<\/li>\n<\/ul>\n<p>&nbsp;<\/p>\n<ul>\n<li>Contacto cercano: El contacto cercano con una persona infectada, puede propagar la enfermedad.<\/li>\n<\/ul>\n<p>&nbsp;<\/p>\n<ul>\n<li>Contaminaci\u00f3n ambiental: En algunos casos, la meningitis puede contraerse al estar en contacto con superficies contaminadas con la bacteria o virus.<\/li>\n<\/ul>\n<p>&nbsp;<\/p>\n<p>&nbsp;<\/p>\n<p>&nbsp;<\/p>\n<p>De acuerdo a la SSA, existen distintos tratamientos para el padecimiento; para la meningitis bacteriana por lo general se administran antibi\u00f3ticos administrados por v\u00eda intravenosa en el hospital; la meningitis por hongos o par\u00e1sitos requiere un tratamiento antif\u00fangico espec\u00edficos (elimina los hongos y par\u00e1sitos) administrados por v\u00eda intravenosa.<\/p>\n<p>&nbsp;<\/p>\n<p>&nbsp;<\/p>\n<p>&nbsp;<\/p>\n<p>Para la meningitis viral no existe un tratamiento espec\u00edfico, pero este se centra en aliviar los s\u00edntomas, como el dolor y la fiebre, y en proporcionar descanso, l\u00edquidos adecuados para ayudar al cuerpo a combatir la infecci\u00f3n.<\/p>\n<p>&nbsp;<\/p>\n<p>&nbsp;<\/p>\n<p>&nbsp;<\/p>\n<p>La Secretar\u00eda de Salud pidi\u00f3 a la poblaci\u00f3n estar atentos de los s\u00edntomas de la meningitis, y en su caso, acudir de inmediato a una unidad de salud para el diagn\u00f3stico oportuno.<\/p>\n<p><strong>Fecha de publicaci\u00f3n <\/strong><strong>mi\u00e9rcoles 24 de abril de 2024<\/strong><\/p>\n","protected":false},"excerpt":{"rendered":"<p>HERMOSILLO, SONORA, MX.\u02d7\u02d7\u02d7 La meningitis es una enfermedad causada por infecciones virales, hongos o par\u00e1sitos,&#8230;<\/p>\n","protected":false},"author":1,"featured_media":188335,"comment_status":"open","ping_status":"open","sticky":false,"template":"","format":"standard","meta":{"_monsterinsights_skip_tracking":false,"_monsterinsights_sitenote_active":false,"_monsterinsights_sitenote_note":"","_monsterinsights_sitenote_category":0,"footnotes":""},"categories":[22],"tags":[9575],"class_list":["post"],"yoast_head":" \n<title>Sonora en Equipo. Salud Sonora exhorta a detectar oportunamente la meningitis Sonora<\/title>\n<meta name=\"description\" content=\"HERMOSILLO, SONORA, MX.\u02d7\u02d7\u02d7 La meningitis es una enfermedad causada por infecciones virales, hongos o par\u00e1sitos, ante esto la Secretar\u00eda de Salud (SSA), en En Sonora en Equipo publicamos toda la informaci\u00f3n de Sonora, M\u00e9xico y el Mundo de manera oportuna y busca que la libertad de expresi\u00f3n sea real. Visita nuestro medio informativo publicado desde Hermosillo, Sonora. %\" \/>\n<meta name=\"robots\" content=\"index, follow, max-snippet:-1, max-image-preview:large, max-video-preview:-1\" \/>\n<link rel=\"canonical\" href=\"https:\/\/www.sonoraenequipo.com.mx\/salud-sonora-exhorta-a-detectar-oportunamente-la-meningitis\/\" \/>\n<meta property=\"og:locale\" content=\"es_ES\" \/>\n<meta property=\"og:type\" content=\"article\" \/>\n<meta property=\"og:title\" content=\"Sonora en Equipo. Salud Sonora exhorta a detectar oportunamente la meningitis Sonora\" \/>\n<meta property=\"og:description\" content=\"HERMOSILLO, SONORA, MX.\u02d7\u02d7\u02d7 La meningitis es una enfermedad causada por infecciones virales, hongos o par\u00e1sitos, ante esto la Secretar\u00eda de Salud (SSA), en En Sonora en Equipo publicamos toda la informaci\u00f3n de Sonora, M\u00e9xico y el Mundo de manera oportuna y busca que la libertad de expresi\u00f3n sea real. Visita nuestro medio informativo publicado desde Hermosillo, Sonora. %\" \/>\n<meta property=\"og:url\" content=\"https:\/\/www.sonoraenequipo.com.mx\/salud-sonora-exhorta-a-detectar-oportunamente-la-meningitis\/\" \/>\n<meta property=\"og:site_name\" content=\"Sonora en Equipo.\" \/>\n<meta property=\"article:publisher\" content=\"https:\/\/www.facebook.com\/SonoraEE\/\" \/>\n<meta property=\"article:author\" content=\"https:\/\/www.facebook.com\/SonoraEE\" \/>\n<meta property=\"article:published_time\" content=\"2024-04-25T02:09:04+00:00\" \/>\n<meta property=\"og:image\" content=\"https:\/\/www.sonoraenequipo.com.mx\/storage\/2024\/04\/meningitis-1.jpg\" \/>\n\t<meta property=\"og:image:width\" content=\"900\" \/>\n\t<meta property=\"og:image:height\" content=\"506\" \/>\n\t<meta property=\"og:image:type\" content=\"image\/jpeg\" \/>\n<meta name=\"author\" content=\"enequipo\" \/>\n<meta name=\"twitter:card\" content=\"summary_large_image\" \/>\n<meta name=\"twitter:creator\" content=\"@sonoraenequipo\" \/>\n<meta name=\"twitter:site\" content=\"@sonoraenequipo\" \/>\n<meta name=\"twitter:label1\" content=\"Escrito por\" \/>\n\t<meta name=\"twitter:data1\" content=\"enequipo\" \/>\n\t<meta name=\"twitter:label2\" content=\"Tiempo de lectura\" \/>\n\t<meta name=\"twitter:data2\" content=\"2 minutos\" \/>\n<script type=\"application\/ld+json\" class=\"yoast-schema-graph\">{\"@context\":\"https:\/\/schema.org\",\"@graph\":[{\"@type\":\"Article\",\"@id\":\"https:\/\/www.sonoraenequipo.com.mx\/salud-sonora-exhorta-a-detectar-oportunamente-la-meningitis\/#article\",\"isPartOf\":{\"@id\":\"https:\/\/www.sonoraenequipo.com.mx\/salud-sonora-exhorta-a-detectar-oportunamente-la-meningitis\/\"},\"author\":{\"name\":\"enequipo\",\"@id\":\"https:\/\/www.sonoraenequipo.com.mx\/#\/schema\/person\/50102df0fb23a8fa9e8effad8fa81386\"},\"headline\":\"Salud Sonora exhorta a detectar oportunamente la meningitis\",\"datePublished\":\"2024-04-25T02:09:04+00:00\",\"mainEntityOfPage\":{\"@id\":\"https:\/\/www.sonoraenequipo.com.mx\/salud-sonora-exhorta-a-detectar-oportunamente-la-meningitis\/\"},\"wordCount\":368,\"commentCount\":0,\"publisher\":{\"@id\":\"https:\/\/www.sonoraenequipo.com.mx\/#organization\"},\"image\":{\"@id\":\"https:\/\/www.sonoraenequipo.com.mx\/salud-sonora-exhorta-a-detectar-oportunamente-la-meningitis\/#primaryimage\"},\"thumbnailUrl\":\"https:\/\/www.sonoraenequipo.com.mx\/storage\/2024\/04\/meningitis-1.jpg\",\"keywords\":[\"meningitis\"],\"articleSection\":[\"Sonora\"],\"inLanguage\":\"es\",\"potentialAction\":[{\"@type\":\"CommentAction\",\"name\":\"Comment\",\"target\":[\"https:\/\/www.sonoraenequipo.com.mx\/salud-sonora-exhorta-a-detectar-oportunamente-la-meningitis\/#respond\"]}]},{\"@type\":\"WebPage\",\"@id\":\"https:\/\/www.sonoraenequipo.com.mx\/salud-sonora-exhorta-a-detectar-oportunamente-la-meningitis\/\",\"url\":\"https:\/\/www.sonoraenequipo.com.mx\/salud-sonora-exhorta-a-detectar-oportunamente-la-meningitis\/\",\"name\":\"Sonora en Equipo. Salud Sonora exhorta a detectar oportunamente la meningitis Sonora\",\"isPartOf\":{\"@id\":\"https:\/\/www.sonoraenequipo.com.mx\/#website\"},\"primaryImageOfPage\":{\"@id\":\"https:\/\/www.sonoraenequipo.com.mx\/salud-sonora-exhorta-a-detectar-oportunamente-la-meningitis\/#primaryimage\"},\"image\":{\"@id\":\"https:\/\/www.sonoraenequipo.com.mx\/salud-sonora-exhorta-a-detectar-oportunamente-la-meningitis\/#primaryimage\"},\"thumbnailUrl\":\"https:\/\/www.sonoraenequipo.com.mx\/storage\/2024\/04\/meningitis-1.jpg\",\"datePublished\":\"2024-04-25T02:09:04+00:00\",\"description\":\"HERMOSILLO, SONORA, MX.\u02d7\u02d7\u02d7 La meningitis es una enfermedad causada por infecciones virales, hongos o par\u00e1sitos, ante esto la Secretar\u00eda de Salud (SSA), en En Sonora en Equipo publicamos toda la informaci\u00f3n de Sonora, M\u00e9xico y el Mundo de manera oportuna y busca que la libertad de expresi\u00f3n sea real. Visita nuestro medio informativo publicado desde Hermosillo, Sonora. %\",\"breadcrumb\":{\"@id\":\"https:\/\/www.sonoraenequipo.com.mx\/salud-sonora-exhorta-a-detectar-oportunamente-la-meningitis\/#breadcrumb\"},\"inLanguage\":\"es\",\"potentialAction\":[{\"@type\":\"ReadAction\",\"target\":[\"https:\/\/www.sonoraenequipo.com.mx\/salud-sonora-exhorta-a-detectar-oportunamente-la-meningitis\/\"]}]},{\"@type\":\"ImageObject\",\"inLanguage\":\"es\",\"@id\":\"https:\/\/www.sonoraenequipo.com.mx\/salud-sonora-exhorta-a-detectar-oportunamente-la-meningitis\/#primaryimage\",\"url\":\"https:\/\/www.sonoraenequipo.com.mx\/storage\/2024\/04\/meningitis-1.jpg\",\"contentUrl\":\"https:\/\/www.sonoraenequipo.com.mx\/storage\/2024\/04\/meningitis-1.jpg\",\"width\":900,\"height\":506},{\"@type\":\"BreadcrumbList\",\"@id\":\"https:\/\/www.sonoraenequipo.com.mx\/salud-sonora-exhorta-a-detectar-oportunamente-la-meningitis\/#breadcrumb\",\"itemListElement\":[{\"@type\":\"ListItem\",\"position\":1,\"name\":\"Portada\",\"item\":\"https:\/\/www.sonoraenequipo.com.mx\/\"},{\"@type\":\"ListItem\",\"position\":2,\"name\":\"Salud Sonora exhorta a detectar oportunamente la meningitis\"}]},{\"@type\":\"WebSite\",\"@id\":\"https:\/\/www.sonoraenequipo.com.mx\/#website\",\"url\":\"https:\/\/www.sonoraenequipo.com.mx\/\",\"name\":\"Sonora en Equipo.\",\"description\":\"Diario en l\u00ednea con Noticias desde Hermosillo, Sonora\",\"publisher\":{\"@id\":\"https:\/\/www.sonoraenequipo.com.mx\/#organization\"},\"potentialAction\":[{\"@type\":\"SearchAction\",\"target\":{\"@type\":\"EntryPoint\",\"urlTemplate\":\"https:\/\/www.sonoraenequipo.com.mx\/?s={search_term_string}\"},\"query-input\":{\"@type\":\"PropertyValueSpecification\",\"valueRequired\":true,\"valueName\":\"search_term_string\"}}],\"inLanguage\":\"es\"},{\"@type\":\"Organization\",\"@id\":\"https:\/\/www.sonoraenequipo.com.mx\/#organization\",\"name\":\"Sonoraenequipo.com.mx\",\"url\":\"https:\/\/www.sonoraenequipo.com.mx\/\",\"logo\":{\"@type\":\"ImageObject\",\"inLanguage\":\"es\",\"@id\":\"https:\/\/www.sonoraenequipo.com.mx\/#\/schema\/logo\/image\/\",\"url\":\"https:\/\/www.sonoraenequipo.com.mx\/storage\/2019\/01\/sonoraenequipo_opt.png\",\"contentUrl\":\"https:\/\/www.sonoraenequipo.com.mx\/storage\/2019\/01\/sonoraenequipo_opt.png\",\"width\":375,\"height\":125,\"caption\":\"Sonoraenequipo.com.mx\"},\"image\":{\"@id\":\"https:\/\/www.sonoraenequipo.com.mx\/#\/schema\/logo\/image\/\"},\"sameAs\":[\"https:\/\/www.facebook.com\/SonoraEE\/\",\"https:\/\/x.com\/sonoraenequipo\",\"https:\/\/www.youtube.com\/channel\/UC338nW-lPEYmJQs4ZABQ1SQ\"]},{\"@type\":\"Person\",\"@id\":\"https:\/\/www.sonoraenequipo.com.mx\/#\/schema\/person\/50102df0fb23a8fa9e8effad8fa81386\",\"name\":\"enequipo\",\"image\":{\"@type\":\"ImageObject\",\"inLanguage\":\"es\",\"@id\":\"https:\/\/www.sonoraenequipo.com.mx\/#\/schema\/person\/image\/\",\"url\":\"https:\/\/secure.gravatar.com\/avatar\/049821681b589dabc0bc20695993ccebb09f5b5d4d790cd9251b97faac7c652b?s=96&d=blank&r=g\",\"contentUrl\":\"https:\/\/secure.gravatar.com\/avatar\/049821681b589dabc0bc20695993ccebb09f5b5d4d790cd9251b97faac7c652b?s=96&d=blank&r=g\",\"caption\":\"enequipo\"},\"sameAs\":[\"https:\/\/www.facebook.com\/SonoraEE\"]}]}<\/script>\n ","yoast_head_json":{"title":"Sonora en Equipo. Salud Sonora exhorta a detectar oportunamente la meningitis Sonora","description":"HERMOSILLO, SONORA, MX.\u02d7\u02d7\u02d7 La meningitis es una enfermedad causada por infecciones virales, hongos o par\u00e1sitos, ante esto la Secretar\u00eda de Salud (SSA), en En Sonora en Equipo publicamos toda la informaci\u00f3n de Sonora, M\u00e9xico y el Mundo de manera oportuna y busca que la libertad de expresi\u00f3n sea real. Visita nuestro medio informativo publicado desde Hermosillo, Sonora. %","robots":{"index":"index","follow":"follow","max-snippet":"max-snippet:-1","max-image-preview":"max-image-preview:large","max-video-preview":"max-video-preview:-1"},"canonical":"https:\/\/www.sonoraenequipo.com.mx\/salud-sonora-exhorta-a-detectar-oportunamente-la-meningitis\/","og_locale":"es_ES","og_type":"article","og_title":"Sonora en Equipo. Salud Sonora exhorta a detectar oportunamente la meningitis Sonora","og_description":"HERMOSILLO, SONORA, MX.\u02d7\u02d7\u02d7 La meningitis es una enfermedad causada por infecciones virales, hongos o par\u00e1sitos, ante esto la Secretar\u00eda de Salud (SSA), en En Sonora en Equipo publicamos toda la informaci\u00f3n de Sonora, M\u00e9xico y el Mundo de manera oportuna y busca que la libertad de expresi\u00f3n sea real. Visita nuestro medio informativo publicado desde Hermosillo, Sonora. %","og_url":"https:\/\/www.sonoraenequipo.com.mx\/salud-sonora-exhorta-a-detectar-oportunamente-la-meningitis\/","og_site_name":"Sonora en Equipo.","article_publisher":"https:\/\/www.facebook.com\/SonoraEE\/","article_author":"https:\/\/www.facebook.com\/SonoraEE","article_published_time":"2024-04-25T02:09:04+00:00","og_image":[{"width":900,"height":506,"url":"https:\/\/www.sonoraenequipo.com.mx\/storage\/2024\/04\/meningitis-1.jpg","type":"image\/jpeg"}],"author":"enequipo","twitter_card":"summary_large_image","twitter_creator":"@sonoraenequipo","twitter_site":"@sonoraenequipo","twitter_misc":{"Escrito por":"enequipo","Tiempo de lectura":"2 minutos"},"schema":{"@context":"https:\/\/schema.org","@graph":[{"@type":"Article","@id":"https:\/\/www.sonoraenequipo.com.mx\/salud-sonora-exhorta-a-detectar-oportunamente-la-meningitis\/#article","isPartOf":{"@id":"https:\/\/www.sonoraenequipo.com.mx\/salud-sonora-exhorta-a-detectar-oportunamente-la-meningitis\/"},"author":{"name":"enequipo","@id":"https:\/\/www.sonoraenequipo.com.mx\/#\/schema\/person\/50102df0fb23a8fa9e8effad8fa81386"},"headline":"Salud Sonora exhorta a detectar oportunamente la meningitis","datePublished":"2024-04-25T02:09:04+00:00","mainEntityOfPage":{"@id":"https:\/\/www.sonoraenequipo.com.mx\/salud-sonora-exhorta-a-detectar-oportunamente-la-meningitis\/"},"wordCount":368,"commentCount":0,"publisher":{"@id":"https:\/\/www.sonoraenequipo.com.mx\/#organization"},"image":{"@id":"https:\/\/www.sonoraenequipo.com.mx\/salud-sonora-exhorta-a-detectar-oportunamente-la-meningitis\/#primaryimage"},"thumbnailUrl":"https:\/\/www.sonoraenequipo.com.mx\/storage\/2024\/04\/meningitis-1.jpg","keywords":["meningitis"],"articleSection":["Sonora"],"inLanguage":"es","potentialAction":[{"@type":"CommentAction","name":"Comment","target":["https:\/\/www.sonoraenequipo.com.mx\/salud-sonora-exhorta-a-detectar-oportunamente-la-meningitis\/#respond"]}]},{"@type":"WebPage","@id":"https:\/\/www.sonoraenequipo.com.mx\/salud-sonora-exhorta-a-detectar-oportunamente-la-meningitis\/","url":"https:\/\/www.sonoraenequipo.com.mx\/salud-sonora-exhorta-a-detectar-oportunamente-la-meningitis\/","name":"Sonora en Equipo. Salud Sonora exhorta a detectar oportunamente la meningitis Sonora","isPartOf":{"@id":"https:\/\/www.sonoraenequipo.com.mx\/#website"},"primaryImageOfPage":{"@id":"https:\/\/www.sonoraenequipo.com.mx\/salud-sonora-exhorta-a-detectar-oportunamente-la-meningitis\/#primaryimage"},"image":{"@id":"https:\/\/www.sonoraenequipo.com.mx\/salud-sonora-exhorta-a-detectar-oportunamente-la-meningitis\/#primaryimage"},"thumbnailUrl":"https:\/\/www.sonoraenequipo.com.mx\/storage\/2024\/04\/meningitis-1.jpg","datePublished":"2024-04-25T02:09:04+00:00","description":"HERMOSILLO, SONORA, MX.\u02d7\u02d7\u02d7 La meningitis es una enfermedad causada por infecciones virales, hongos o par\u00e1sitos, ante esto la Secretar\u00eda de Salud (SSA), en En Sonora en Equipo publicamos toda la informaci\u00f3n de Sonora, M\u00e9xico y el Mundo de manera oportuna y busca que la libertad de expresi\u00f3n sea real. Visita nuestro medio informativo publicado desde Hermosillo, Sonora. %","breadcrumb":{"@id":"https:\/\/www.sonoraenequipo.com.mx\/salud-sonora-exhorta-a-detectar-oportunamente-la-meningitis\/#breadcrumb"},"inLanguage":"es","potentialAction":[{"@type":"ReadAction","target":["https:\/\/www.sonoraenequipo.com.mx\/salud-sonora-exhorta-a-detectar-oportunamente-la-meningitis\/"]}]},{"@type":"ImageObject","inLanguage":"es","@id":"https:\/\/www.sonoraenequipo.com.mx\/salud-sonora-exhorta-a-detectar-oportunamente-la-meningitis\/#primaryimage","url":"https:\/\/www.sonoraenequipo.com.mx\/storage\/2024\/04\/meningitis-1.jpg","contentUrl":"https:\/\/www.sonoraenequipo.com.mx\/storage\/2024\/04\/meningitis-1.jpg","width":900,"height":506},{"@type":"BreadcrumbList","@id":"https:\/\/www.sonoraenequipo.com.mx\/salud-sonora-exhorta-a-detectar-oportunamente-la-meningitis\/#breadcrumb","itemListElement":[{"@type":"ListItem","position":1,"name":"Portada","item":"https:\/\/www.sonoraenequipo.com.mx\/"},{"@type":"ListItem","position":2,"name":"Salud Sonora exhorta a detectar oportunamente la meningitis"}]},{"@type":"WebSite","@id":"https:\/\/www.sonoraenequipo.com.mx\/#website","url":"https:\/\/www.sonoraenequipo.com.mx\/","name":"Sonora en Equipo.","description":"Diario en l\u00ednea con Noticias desde Hermosillo, Sonora","publisher":{"@id":"https:\/\/www.sonoraenequipo.com.mx\/#organization"},"potentialAction":[{"@type":"SearchAction","target":{"@type":"EntryPoint","urlTemplate":"https:\/\/www.sonoraenequipo.com.mx\/?s={search_term_string}"},"query-input":{"@type":"PropertyValueSpecification","valueRequired":true,"valueName":"search_term_string"}}],"inLanguage":"es"},{"@type":"Organization","@id":"https:\/\/www.sonoraenequipo.com.mx\/#organization","name":"Sonoraenequipo.com.mx","url":"https:\/\/www.sonoraenequipo.com.mx\/","logo":{"@type":"ImageObject","inLanguage":"es","@id":"https:\/\/www.sonoraenequipo.com.mx\/#\/schema\/logo\/image\/","url":"https:\/\/www.sonoraenequipo.com.mx\/storage\/2019\/01\/sonoraenequipo_opt.png","contentUrl":"https:\/\/www.sonoraenequipo.com.mx\/storage\/2019\/01\/sonoraenequipo_opt.png","width":375,"height":125,"caption":"Sonoraenequipo.com.mx"},"image":{"@id":"https:\/\/www.sonoraenequipo.com.mx\/#\/schema\/logo\/image\/"},"sameAs":["https:\/\/www.facebook.com\/SonoraEE\/","https:\/\/x.com\/sonoraenequipo","https:\/\/www.youtube.com\/channel\/UC338nW-lPEYmJQs4ZABQ1SQ"]},{"@type":"Person","@id":"https:\/\/www.sonoraenequipo.com.mx\/#\/schema\/person\/50102df0fb23a8fa9e8effad8fa81386","name":"enequipo","image":{"@type":"ImageObject","inLanguage":"es","@id":"https:\/\/www.sonoraenequipo.com.mx\/#\/schema\/person\/image\/","url":"https:\/\/secure.gravatar.com\/avatar\/049821681b589dabc0bc20695993ccebb09f5b5d4d790cd9251b97faac7c652b?s=96&d=blank&r=g","contentUrl":"https:\/\/secure.gravatar.com\/avatar\/049821681b589dabc0bc20695993ccebb09f5b5d4d790cd9251b97faac7c652b?s=96&d=blank&r=g","caption":"enequipo"},"sameAs":["https:\/\/www.facebook.com\/SonoraEE"]}]}},"jetpack_featured_media_url":"https:\/\/www.sonoraenequipo.com.mx\/storage\/2024\/04\/meningitis-1.jpg","_links":{"self":[{"href":"https:\/\/www.sonoraenequipo.com.mx\/api\/wp\/v2\/posts\/188333","targetHints":{"allow":["GET"]}}],"collection":[{"href":"https:\/\/www.sonoraenequipo.com.mx\/api\/wp\/v2\/posts"}],"about":[{"href":"https:\/\/www.sonoraenequipo.com.mx\/api\/wp\/v2\/types\/post"}],"author":[{"embeddable":true,"href":"https:\/\/www.sonoraenequipo.com.mx\/api\/wp\/v2\/users\/1"}],"replies":[{"embeddable":true,"href":"https:\/\/www.sonoraenequipo.com.mx\/api\/wp\/v2\/comments?post=188333"}],"version-history":[{"count":1,"href":"https:\/\/www.sonoraenequipo.com.mx\/api\/wp\/v2\/posts\/188333\/revisions"}],"predecessor-version":[{"id":188338,"href":"https:\/\/www.sonoraenequipo.com.mx\/api\/wp\/v2\/posts\/188333\/revisions\/188338"}],"wp:featuredmedia":[{"embeddable":true,"href":"https:\/\/www.sonoraenequipo.com.mx\/api\/wp\/v2\/media\/188335"}],"wp:attachment":[{"href":"https:\/\/www.sonoraenequipo.com.mx\/api\/wp\/v2\/media?parent=188333"}],"wp:term":[{"taxonomy":"category","embeddable":true,"href":"https:\/\/www.sonoraenequipo.com.mx\/api\/wp\/v2\/categories?post=188333"},{"taxonomy":"post_tag","embeddable":true,"href":"https:\/\/www.sonoraenequipo.com.mx\/api\/wp\/v2\/tags?post=188333"}],"curies":[{"name":"wp","href":"https:\/\/api.w.org\/{rel}","templated":true}]}}