{"id":188337,"date":"2024-04-24T14:38:45","date_gmt":"2024-04-24T21:38:45","guid":{"rendered":"https:\/\/www.sonoraenequipo.com.mx\/?p=188337"},"modified":"2024-04-24T20:19:55","modified_gmt":"2024-04-25T03:19:55","slug":"se-eleva-a-14-los-casos-de-quema-de-vehiculos-en-colima","status":"publish","type":"post","link":"https:\/\/www.sonoraenequipo.com.mx\/se-eleva-a-14-los-casos-de-quema-de-vehiculos-en-colima\/","title":{"rendered":"Se eleva a 14 los casos de quema de veh\u00edculos en Colima"},"content":{"rendered":"<p><strong>COLIMA, COLIMA. MX. \u2014<\/strong> Ya son dos noches consecutivas en las que se registran quema de veh\u00edculos en Colima, espec\u00edficamente dos en la colonia Lomas Vista de Hermosa, donde previamente habr\u00eda ocurrido quemas antes.<\/p>\n<p>&nbsp;<\/p>\n<p>&nbsp;<\/p>\n<p> <br \/>\nOtro veh\u00edculo en llamas se registr\u00f3 en la colonia Infonavit, un cami\u00f3n fue incendiado, mientras que en la colonia Juan Jos\u00e9 R\u00edos, se registr\u00f3 tambi\u00e9n el incendio de una vivienda, entre las calles Canarios y Guanajuato.<\/p>\n<p>&nbsp;<\/p>\n<p>&nbsp;<\/p>\n<p>En este mes se han registrado al menos 14 casos de incendios provocados en el municipio de Colima.<\/p>\n<p>&nbsp;<\/p>\n<p>&nbsp;<\/p>\n<p>De momento, ni la fiscal\u00eda general del Estado, ni la Mesa Estatal para la Construcci\u00f3n de Paz y Seguridad en el Estado han informado si hay personas detenidas, relacionadas con estos hechos.<\/p>\n<p>&nbsp;<\/p>\n<p>&nbsp;<\/p>\n<p>PUBLICADO EL 24 DE ABRIL DE 2024\/ Con informaci\u00f3n de El Heraldo de M\u00e9xico)<\/p>\n","protected":false},"excerpt":{"rendered":"<p>COLIMA, COLIMA. MX. \u2014 Ya son dos noches consecutivas en las que se registran quema&#8230;<\/p>\n","protected":false},"author":1,"featured_media":188322,"comment_status":"open","ping_status":"open","sticky":false,"template":"","format":"standard","meta":{"_monsterinsights_skip_tracking":false,"_monsterinsights_sitenote_active":false,"_monsterinsights_sitenote_note":"","_monsterinsights_sitenote_category":0,"footnotes":""},"categories":[5],"tags":[],"class_list":["post"],"yoast_head":" \n<title>Sonora en Equipo. Se eleva a 14 los casos de quema de veh\u00edculos en Colima Rep\u00fablica<\/title>\n<meta name=\"description\" content=\"COLIMA, COLIMA. MX. \u2014 Ya son dos noches consecutivas en las que se registran quema de veh\u00edculos en Colima, espec\u00edficamente dos en la colonia Lomas Vista En Sonora en Equipo publicamos toda la informaci\u00f3n de Sonora, M\u00e9xico y el Mundo de manera oportuna y busca que la libertad de expresi\u00f3n sea real. Visita nuestro medio informativo publicado desde Hermosillo, Sonora. %\" \/>\n<meta name=\"robots\" content=\"index, follow, max-snippet:-1, max-image-preview:large, max-video-preview:-1\" \/>\n<link rel=\"canonical\" href=\"https:\/\/www.sonoraenequipo.com.mx\/se-eleva-a-14-los-casos-de-quema-de-vehiculos-en-colima\/\" \/>\n<meta property=\"og:locale\" content=\"es_ES\" \/>\n<meta property=\"og:type\" content=\"article\" \/>\n<meta property=\"og:title\" content=\"Sonora en Equipo. Se eleva a 14 los casos de quema de veh\u00edculos en Colima Rep\u00fablica\" \/>\n<meta property=\"og:description\" content=\"COLIMA, COLIMA. MX. \u2014 Ya son dos noches consecutivas en las que se registran quema de veh\u00edculos en Colima, espec\u00edficamente dos en la colonia Lomas Vista En Sonora en Equipo publicamos toda la informaci\u00f3n de Sonora, M\u00e9xico y el Mundo de manera oportuna y busca que la libertad de expresi\u00f3n sea real. Visita nuestro medio informativo publicado desde Hermosillo, Sonora. %\" \/>\n<meta property=\"og:url\" content=\"https:\/\/www.sonoraenequipo.com.mx\/se-eleva-a-14-los-casos-de-quema-de-vehiculos-en-colima\/\" \/>\n<meta property=\"og:site_name\" content=\"Sonora en Equipo.\" \/>\n<meta property=\"article:publisher\" content=\"https:\/\/www.facebook.com\/SonoraEE\/\" \/>\n<meta property=\"article:author\" content=\"https:\/\/www.facebook.com\/SonoraEE\" \/>\n<meta property=\"article:published_time\" content=\"2024-04-24T21:38:45+00:00\" \/>\n<meta property=\"article:modified_time\" content=\"2024-04-25T03:19:55+00:00\" \/>\n<meta property=\"og:image\" content=\"https:\/\/www.sonoraenequipo.com.mx\/storage\/2024\/04\/quema-de-carros-en-colima-min.jpg\" \/>\n\t<meta property=\"og:image:width\" content=\"960\" \/>\n\t<meta property=\"og:image:height\" content=\"540\" \/>\n\t<meta property=\"og:image:type\" content=\"image\/jpeg\" \/>\n<meta name=\"author\" content=\"enequipo\" \/>\n<meta name=\"twitter:card\" content=\"summary_large_image\" \/>\n<meta name=\"twitter:creator\" content=\"@sonoraenequipo\" \/>\n<meta name=\"twitter:site\" content=\"@sonoraenequipo\" \/>\n<meta name=\"twitter:label1\" content=\"Escrito por\" \/>\n\t<meta name=\"twitter:data1\" content=\"enequipo\" \/>\n\t<meta name=\"twitter:label2\" content=\"Tiempo de lectura\" \/>\n\t<meta name=\"twitter:data2\" content=\"1 minuto\" \/>\n<script type=\"application\/ld+json\" class=\"yoast-schema-graph\">{\"@context\":\"https:\/\/schema.org\",\"@graph\":[{\"@type\":\"Article\",\"@id\":\"https:\/\/www.sonoraenequipo.com.mx\/se-eleva-a-14-los-casos-de-quema-de-vehiculos-en-colima\/#article\",\"isPartOf\":{\"@id\":\"https:\/\/www.sonoraenequipo.com.mx\/se-eleva-a-14-los-casos-de-quema-de-vehiculos-en-colima\/\"},\"author\":{\"name\":\"enequipo\",\"@id\":\"https:\/\/www.sonoraenequipo.com.mx\/#\/schema\/person\/50102df0fb23a8fa9e8effad8fa81386\"},\"headline\":\"Se eleva a 14 los casos de quema de veh\u00edculos en Colima\",\"datePublished\":\"2024-04-24T21:38:45+00:00\",\"dateModified\":\"2024-04-25T03:19:55+00:00\",\"mainEntityOfPage\":{\"@id\":\"https:\/\/www.sonoraenequipo.com.mx\/se-eleva-a-14-los-casos-de-quema-de-vehiculos-en-colima\/\"},\"wordCount\":161,\"commentCount\":0,\"publisher\":{\"@id\":\"https:\/\/www.sonoraenequipo.com.mx\/#organization\"},\"image\":{\"@id\":\"https:\/\/www.sonoraenequipo.com.mx\/se-eleva-a-14-los-casos-de-quema-de-vehiculos-en-colima\/#primaryimage\"},\"thumbnailUrl\":\"https:\/\/www.sonoraenequipo.com.mx\/storage\/2024\/04\/quema-de-carros-en-colima-min.jpg\",\"articleSection\":[\"Rep\u00fablica\"],\"inLanguage\":\"es\",\"potentialAction\":[{\"@type\":\"CommentAction\",\"name\":\"Comment\",\"target\":[\"https:\/\/www.sonoraenequipo.com.mx\/se-eleva-a-14-los-casos-de-quema-de-vehiculos-en-colima\/#respond\"]}]},{\"@type\":\"WebPage\",\"@id\":\"https:\/\/www.sonoraenequipo.com.mx\/se-eleva-a-14-los-casos-de-quema-de-vehiculos-en-colima\/\",\"url\":\"https:\/\/www.sonoraenequipo.com.mx\/se-eleva-a-14-los-casos-de-quema-de-vehiculos-en-colima\/\",\"name\":\"Sonora en Equipo. Se eleva a 14 los casos de quema de veh\u00edculos en Colima Rep\u00fablica\",\"isPartOf\":{\"@id\":\"https:\/\/www.sonoraenequipo.com.mx\/#website\"},\"primaryImageOfPage\":{\"@id\":\"https:\/\/www.sonoraenequipo.com.mx\/se-eleva-a-14-los-casos-de-quema-de-vehiculos-en-colima\/#primaryimage\"},\"image\":{\"@id\":\"https:\/\/www.sonoraenequipo.com.mx\/se-eleva-a-14-los-casos-de-quema-de-vehiculos-en-colima\/#primaryimage\"},\"thumbnailUrl\":\"https:\/\/www.sonoraenequipo.com.mx\/storage\/2024\/04\/quema-de-carros-en-colima-min.jpg\",\"datePublished\":\"2024-04-24T21:38:45+00:00\",\"dateModified\":\"2024-04-25T03:19:55+00:00\",\"description\":\"COLIMA, COLIMA. MX. \u2014 Ya son dos noches consecutivas en las que se registran quema de veh\u00edculos en Colima, espec\u00edficamente dos en la colonia Lomas Vista En Sonora en Equipo publicamos toda la informaci\u00f3n de Sonora, M\u00e9xico y el Mundo de manera oportuna y busca que la libertad de expresi\u00f3n sea real. Visita nuestro medio informativo publicado desde Hermosillo, Sonora. %\",\"breadcrumb\":{\"@id\":\"https:\/\/www.sonoraenequipo.com.mx\/se-eleva-a-14-los-casos-de-quema-de-vehiculos-en-colima\/#breadcrumb\"},\"inLanguage\":\"es\",\"potentialAction\":[{\"@type\":\"ReadAction\",\"target\":[\"https:\/\/www.sonoraenequipo.com.mx\/se-eleva-a-14-los-casos-de-quema-de-vehiculos-en-colima\/\"]}]},{\"@type\":\"ImageObject\",\"inLanguage\":\"es\",\"@id\":\"https:\/\/www.sonoraenequipo.com.mx\/se-eleva-a-14-los-casos-de-quema-de-vehiculos-en-colima\/#primaryimage\",\"url\":\"https:\/\/www.sonoraenequipo.com.mx\/storage\/2024\/04\/quema-de-carros-en-colima-min.jpg\",\"contentUrl\":\"https:\/\/www.sonoraenequipo.com.mx\/storage\/2024\/04\/quema-de-carros-en-colima-min.jpg\",\"width\":960,\"height\":540},{\"@type\":\"BreadcrumbList\",\"@id\":\"https:\/\/www.sonoraenequipo.com.mx\/se-eleva-a-14-los-casos-de-quema-de-vehiculos-en-colima\/#breadcrumb\",\"itemListElement\":[{\"@type\":\"ListItem\",\"position\":1,\"name\":\"Portada\",\"item\":\"https:\/\/www.sonoraenequipo.com.mx\/\"},{\"@type\":\"ListItem\",\"position\":2,\"name\":\"Se eleva a 14 los casos de quema de veh\u00edculos en Colima\"}]},{\"@type\":\"WebSite\",\"@id\":\"https:\/\/www.sonoraenequipo.com.mx\/#website\",\"url\":\"https:\/\/www.sonoraenequipo.com.mx\/\",\"name\":\"Sonora en Equipo.\",\"description\":\"Diario en l\u00ednea con Noticias desde Hermosillo, Sonora\",\"publisher\":{\"@id\":\"https:\/\/www.sonoraenequipo.com.mx\/#organization\"},\"potentialAction\":[{\"@type\":\"SearchAction\",\"target\":{\"@type\":\"EntryPoint\",\"urlTemplate\":\"https:\/\/www.sonoraenequipo.com.mx\/?s={search_term_string}\"},\"query-input\":{\"@type\":\"PropertyValueSpecification\",\"valueRequired\":true,\"valueName\":\"search_term_string\"}}],\"inLanguage\":\"es\"},{\"@type\":\"Organization\",\"@id\":\"https:\/\/www.sonoraenequipo.com.mx\/#organization\",\"name\":\"Sonoraenequipo.com.mx\",\"url\":\"https:\/\/www.sonoraenequipo.com.mx\/\",\"logo\":{\"@type\":\"ImageObject\",\"inLanguage\":\"es\",\"@id\":\"https:\/\/www.sonoraenequipo.com.mx\/#\/schema\/logo\/image\/\",\"url\":\"https:\/\/www.sonoraenequipo.com.mx\/storage\/2019\/01\/sonoraenequipo_opt.png\",\"contentUrl\":\"https:\/\/www.sonoraenequipo.com.mx\/storage\/2019\/01\/sonoraenequipo_opt.png\",\"width\":375,\"height\":125,\"caption\":\"Sonoraenequipo.com.mx\"},\"image\":{\"@id\":\"https:\/\/www.sonoraenequipo.com.mx\/#\/schema\/logo\/image\/\"},\"sameAs\":[\"https:\/\/www.facebook.com\/SonoraEE\/\",\"https:\/\/x.com\/sonoraenequipo\",\"https:\/\/www.youtube.com\/channel\/UC338nW-lPEYmJQs4ZABQ1SQ\"]},{\"@type\":\"Person\",\"@id\":\"https:\/\/www.sonoraenequipo.com.mx\/#\/schema\/person\/50102df0fb23a8fa9e8effad8fa81386\",\"name\":\"enequipo\",\"image\":{\"@type\":\"ImageObject\",\"inLanguage\":\"es\",\"@id\":\"https:\/\/www.sonoraenequipo.com.mx\/#\/schema\/person\/image\/\",\"url\":\"https:\/\/secure.gravatar.com\/avatar\/049821681b589dabc0bc20695993ccebb09f5b5d4d790cd9251b97faac7c652b?s=96&d=blank&r=g\",\"contentUrl\":\"https:\/\/secure.gravatar.com\/avatar\/049821681b589dabc0bc20695993ccebb09f5b5d4d790cd9251b97faac7c652b?s=96&d=blank&r=g\",\"caption\":\"enequipo\"},\"sameAs\":[\"https:\/\/www.facebook.com\/SonoraEE\"]}]}<\/script>\n ","yoast_head_json":{"title":"Sonora en Equipo. Se eleva a 14 los casos de quema de veh\u00edculos en Colima Rep\u00fablica","description":"COLIMA, COLIMA. MX. \u2014 Ya son dos noches consecutivas en las que se registran quema de veh\u00edculos en Colima, espec\u00edficamente dos en la colonia Lomas Vista En Sonora en Equipo publicamos toda la informaci\u00f3n de Sonora, M\u00e9xico y el Mundo de manera oportuna y busca que la libertad de expresi\u00f3n sea real. Visita nuestro medio informativo publicado desde Hermosillo, Sonora. %","robots":{"index":"index","follow":"follow","max-snippet":"max-snippet:-1","max-image-preview":"max-image-preview:large","max-video-preview":"max-video-preview:-1"},"canonical":"https:\/\/www.sonoraenequipo.com.mx\/se-eleva-a-14-los-casos-de-quema-de-vehiculos-en-colima\/","og_locale":"es_ES","og_type":"article","og_title":"Sonora en Equipo. Se eleva a 14 los casos de quema de veh\u00edculos en Colima Rep\u00fablica","og_description":"COLIMA, COLIMA. MX. \u2014 Ya son dos noches consecutivas en las que se registran quema de veh\u00edculos en Colima, espec\u00edficamente dos en la colonia Lomas Vista En Sonora en Equipo publicamos toda la informaci\u00f3n de Sonora, M\u00e9xico y el Mundo de manera oportuna y busca que la libertad de expresi\u00f3n sea real. Visita nuestro medio informativo publicado desde Hermosillo, Sonora. %","og_url":"https:\/\/www.sonoraenequipo.com.mx\/se-eleva-a-14-los-casos-de-quema-de-vehiculos-en-colima\/","og_site_name":"Sonora en Equipo.","article_publisher":"https:\/\/www.facebook.com\/SonoraEE\/","article_author":"https:\/\/www.facebook.com\/SonoraEE","article_published_time":"2024-04-24T21:38:45+00:00","article_modified_time":"2024-04-25T03:19:55+00:00","og_image":[{"width":960,"height":540,"url":"https:\/\/www.sonoraenequipo.com.mx\/storage\/2024\/04\/quema-de-carros-en-colima-min.jpg","type":"image\/jpeg"}],"author":"enequipo","twitter_card":"summary_large_image","twitter_creator":"@sonoraenequipo","twitter_site":"@sonoraenequipo","twitter_misc":{"Escrito por":"enequipo","Tiempo de lectura":"1 minuto"},"schema":{"@context":"https:\/\/schema.org","@graph":[{"@type":"Article","@id":"https:\/\/www.sonoraenequipo.com.mx\/se-eleva-a-14-los-casos-de-quema-de-vehiculos-en-colima\/#article","isPartOf":{"@id":"https:\/\/www.sonoraenequipo.com.mx\/se-eleva-a-14-los-casos-de-quema-de-vehiculos-en-colima\/"},"author":{"name":"enequipo","@id":"https:\/\/www.sonoraenequipo.com.mx\/#\/schema\/person\/50102df0fb23a8fa9e8effad8fa81386"},"headline":"Se eleva a 14 los casos de quema de veh\u00edculos en Colima","datePublished":"2024-04-24T21:38:45+00:00","dateModified":"2024-04-25T03:19:55+00:00","mainEntityOfPage":{"@id":"https:\/\/www.sonoraenequipo.com.mx\/se-eleva-a-14-los-casos-de-quema-de-vehiculos-en-colima\/"},"wordCount":161,"commentCount":0,"publisher":{"@id":"https:\/\/www.sonoraenequipo.com.mx\/#organization"},"image":{"@id":"https:\/\/www.sonoraenequipo.com.mx\/se-eleva-a-14-los-casos-de-quema-de-vehiculos-en-colima\/#primaryimage"},"thumbnailUrl":"https:\/\/www.sonoraenequipo.com.mx\/storage\/2024\/04\/quema-de-carros-en-colima-min.jpg","articleSection":["Rep\u00fablica"],"inLanguage":"es","potentialAction":[{"@type":"CommentAction","name":"Comment","target":["https:\/\/www.sonoraenequipo.com.mx\/se-eleva-a-14-los-casos-de-quema-de-vehiculos-en-colima\/#respond"]}]},{"@type":"WebPage","@id":"https:\/\/www.sonoraenequipo.com.mx\/se-eleva-a-14-los-casos-de-quema-de-vehiculos-en-colima\/","url":"https:\/\/www.sonoraenequipo.com.mx\/se-eleva-a-14-los-casos-de-quema-de-vehiculos-en-colima\/","name":"Sonora en Equipo. Se eleva a 14 los casos de quema de veh\u00edculos en Colima Rep\u00fablica","isPartOf":{"@id":"https:\/\/www.sonoraenequipo.com.mx\/#website"},"primaryImageOfPage":{"@id":"https:\/\/www.sonoraenequipo.com.mx\/se-eleva-a-14-los-casos-de-quema-de-vehiculos-en-colima\/#primaryimage"},"image":{"@id":"https:\/\/www.sonoraenequipo.com.mx\/se-eleva-a-14-los-casos-de-quema-de-vehiculos-en-colima\/#primaryimage"},"thumbnailUrl":"https:\/\/www.sonoraenequipo.com.mx\/storage\/2024\/04\/quema-de-carros-en-colima-min.jpg","datePublished":"2024-04-24T21:38:45+00:00","dateModified":"2024-04-25T03:19:55+00:00","description":"COLIMA, COLIMA. MX. \u2014 Ya son dos noches consecutivas en las que se registran quema de veh\u00edculos en Colima, espec\u00edficamente dos en la colonia Lomas Vista En Sonora en Equipo publicamos toda la informaci\u00f3n de Sonora, M\u00e9xico y el Mundo de manera oportuna y busca que la libertad de expresi\u00f3n sea real. Visita nuestro medio informativo publicado desde Hermosillo, Sonora. %","breadcrumb":{"@id":"https:\/\/www.sonoraenequipo.com.mx\/se-eleva-a-14-los-casos-de-quema-de-vehiculos-en-colima\/#breadcrumb"},"inLanguage":"es","potentialAction":[{"@type":"ReadAction","target":["https:\/\/www.sonoraenequipo.com.mx\/se-eleva-a-14-los-casos-de-quema-de-vehiculos-en-colima\/"]}]},{"@type":"ImageObject","inLanguage":"es","@id":"https:\/\/www.sonoraenequipo.com.mx\/se-eleva-a-14-los-casos-de-quema-de-vehiculos-en-colima\/#primaryimage","url":"https:\/\/www.sonoraenequipo.com.mx\/storage\/2024\/04\/quema-de-carros-en-colima-min.jpg","contentUrl":"https:\/\/www.sonoraenequipo.com.mx\/storage\/2024\/04\/quema-de-carros-en-colima-min.jpg","width":960,"height":540},{"@type":"BreadcrumbList","@id":"https:\/\/www.sonoraenequipo.com.mx\/se-eleva-a-14-los-casos-de-quema-de-vehiculos-en-colima\/#breadcrumb","itemListElement":[{"@type":"ListItem","position":1,"name":"Portada","item":"https:\/\/www.sonoraenequipo.com.mx\/"},{"@type":"ListItem","position":2,"name":"Se eleva a 14 los casos de quema de veh\u00edculos en Colima"}]},{"@type":"WebSite","@id":"https:\/\/www.sonoraenequipo.com.mx\/#website","url":"https:\/\/www.sonoraenequipo.com.mx\/","name":"Sonora en Equipo.","description":"Diario en l\u00ednea con Noticias desde Hermosillo, Sonora","publisher":{"@id":"https:\/\/www.sonoraenequipo.com.mx\/#organization"},"potentialAction":[{"@type":"SearchAction","target":{"@type":"EntryPoint","urlTemplate":"https:\/\/www.sonoraenequipo.com.mx\/?s={search_term_string}"},"query-input":{"@type":"PropertyValueSpecification","valueRequired":true,"valueName":"search_term_string"}}],"inLanguage":"es"},{"@type":"Organization","@id":"https:\/\/www.sonoraenequipo.com.mx\/#organization","name":"Sonoraenequipo.com.mx","url":"https:\/\/www.sonoraenequipo.com.mx\/","logo":{"@type":"ImageObject","inLanguage":"es","@id":"https:\/\/www.sonoraenequipo.com.mx\/#\/schema\/logo\/image\/","url":"https:\/\/www.sonoraenequipo.com.mx\/storage\/2019\/01\/sonoraenequipo_opt.png","contentUrl":"https:\/\/www.sonoraenequipo.com.mx\/storage\/2019\/01\/sonoraenequipo_opt.png","width":375,"height":125,"caption":"Sonoraenequipo.com.mx"},"image":{"@id":"https:\/\/www.sonoraenequipo.com.mx\/#\/schema\/logo\/image\/"},"sameAs":["https:\/\/www.facebook.com\/SonoraEE\/","https:\/\/x.com\/sonoraenequipo","https:\/\/www.youtube.com\/channel\/UC338nW-lPEYmJQs4ZABQ1SQ"]},{"@type":"Person","@id":"https:\/\/www.sonoraenequipo.com.mx\/#\/schema\/person\/50102df0fb23a8fa9e8effad8fa81386","name":"enequipo","image":{"@type":"ImageObject","inLanguage":"es","@id":"https:\/\/www.sonoraenequipo.com.mx\/#\/schema\/person\/image\/","url":"https:\/\/secure.gravatar.com\/avatar\/049821681b589dabc0bc20695993ccebb09f5b5d4d790cd9251b97faac7c652b?s=96&d=blank&r=g","contentUrl":"https:\/\/secure.gravatar.com\/avatar\/049821681b589dabc0bc20695993ccebb09f5b5d4d790cd9251b97faac7c652b?s=96&d=blank&r=g","caption":"enequipo"},"sameAs":["https:\/\/www.facebook.com\/SonoraEE"]}]}},"jetpack_featured_media_url":"https:\/\/www.sonoraenequipo.com.mx\/storage\/2024\/04\/quema-de-carros-en-colima-min.jpg","_links":{"self":[{"href":"https:\/\/www.sonoraenequipo.com.mx\/api\/wp\/v2\/posts\/188337","targetHints":{"allow":["GET"]}}],"collection":[{"href":"https:\/\/www.sonoraenequipo.com.mx\/api\/wp\/v2\/posts"}],"about":[{"href":"https:\/\/www.sonoraenequipo.com.mx\/api\/wp\/v2\/types\/post"}],"author":[{"embeddable":true,"href":"https:\/\/www.sonoraenequipo.com.mx\/api\/wp\/v2\/users\/1"}],"replies":[{"embeddable":true,"href":"https:\/\/www.sonoraenequipo.com.mx\/api\/wp\/v2\/comments?post=188337"}],"version-history":[{"count":1,"href":"https:\/\/www.sonoraenequipo.com.mx\/api\/wp\/v2\/posts\/188337\/revisions"}],"predecessor-version":[{"id":188352,"href":"https:\/\/www.sonoraenequipo.com.mx\/api\/wp\/v2\/posts\/188337\/revisions\/188352"}],"wp:featuredmedia":[{"embeddable":true,"href":"https:\/\/www.sonoraenequipo.com.mx\/api\/wp\/v2\/media\/188322"}],"wp:attachment":[{"href":"https:\/\/www.sonoraenequipo.com.mx\/api\/wp\/v2\/media?parent=188337"}],"wp:term":[{"taxonomy":"category","embeddable":true,"href":"https:\/\/www.sonoraenequipo.com.mx\/api\/wp\/v2\/categories?post=188337"},{"taxonomy":"post_tag","embeddable":true,"href":"https:\/\/www.sonoraenequipo.com.mx\/api\/wp\/v2\/tags?post=188337"}],"curies":[{"name":"wp","href":"https:\/\/api.w.org\/{rel}","templated":true}]}}