{"id":188339,"date":"2024-04-24T19:34:44","date_gmt":"2024-04-25T02:34:44","guid":{"rendered":"https:\/\/www.sonoraenequipo.com.mx\/?p=188339"},"modified":"2024-04-24T19:35:23","modified_gmt":"2024-04-25T02:35:23","slug":"registra-sonora-el-mayor-crecimiento-en-exportaciones-en-la-frontera-norte","status":"publish","type":"post","link":"https:\/\/www.sonoraenequipo.com.mx\/registra-sonora-el-mayor-crecimiento-en-exportaciones-en-la-frontera-norte\/","title":{"rendered":"Registra Sonora el mayor crecimiento en exportaciones  de la frontera norte"},"content":{"rendered":"<p>&nbsp;<\/p>\n<p>&nbsp;<\/p>\n<p><strong>HERMOSILLO, SONORA, MX.\u02d7\u02d7\u02d7 &nbsp;<\/strong>El Instituto Nacional de Estad\u00edstica y Geograf\u00eda (INEGI), document\u00f3 que en 2023, Sonora registr\u00f3 la cifra de 26 mil 567.8 millones de d\u00f3lares, en contraste con los 23 mil 866.2 millones de d\u00f3lares que se generaron en 2022, en materia de exportaciones totales, con lo cual se convirti\u00f3 en la entidad fronteriza de mayor crecimiento de un a\u00f1o a otro, inform\u00f3 el gobernador Alfonso Durazo Monta\u00f1o.<\/p>\n<p>&nbsp;<\/p>\n<p>&nbsp;<\/p>\n<p>&nbsp;<\/p>\n<p>De un a\u00f1o a otro Sonora registr\u00f3 un crecimiento del 11.32%, seguido de Coahuila con 8.99% y Nuevo Le\u00f3n con 5.55%. La industria automotriz y aeroespacial increment\u00f3 en un 30% de 2023 respecto al a\u00f1o anterior, esto como parte del proceso de relocalizaci\u00f3n de la producci\u00f3n a favor de la industria sonorense, aumentando las exportaciones automotrices aeroespaciales sonorenses por encima de cualquier estado fronterizo.<\/p>\n<p>&nbsp;<\/p>\n<p>&nbsp;<\/p>\n<p>&nbsp;<\/p>\n<p>Respecto a la industria de electr\u00f3nicos y computaci\u00f3n, enfocado en los semiconductores, la producci\u00f3n sonorense logr\u00f3 exportar un 18% m\u00e1s en 2023 que en 2022. Las exportaciones qu\u00edmicas, como parte de la cadena de proveedur\u00eda, acompa\u00f1an a toda la manufactura, con un crecimiento de 38% en 2023.<\/p>\n<p><strong>Fecha de publicaci\u00f3n <\/strong><strong>mi\u00e9rcoles 24 de abril de 2024<\/strong><\/p>\n","protected":false},"excerpt":{"rendered":"<p>&nbsp; &nbsp; HERMOSILLO, SONORA, MX.\u02d7\u02d7\u02d7 &nbsp;El Instituto Nacional de Estad\u00edstica y Geograf\u00eda (INEGI), document\u00f3 que&#8230;<\/p>\n","protected":false},"author":1,"featured_media":188340,"comment_status":"open","ping_status":"open","sticky":false,"template":"","format":"standard","meta":{"_monsterinsights_skip_tracking":false,"_monsterinsights_sitenote_active":false,"_monsterinsights_sitenote_note":"","_monsterinsights_sitenote_category":0,"footnotes":""},"categories":[6493],"tags":[9576,3635,5054,15],"class_list":["post"],"yoast_head":" \n<title>Sonora en Equipo. Registra Sonora el mayor crecimiento en exportaciones de la frontera norte PALABRAS Y N\u00daMEROS<\/title>\n<meta name=\"description\" content=\"&nbsp; &nbsp; HERMOSILLO, SONORA, MX.\u02d7\u02d7\u02d7 &nbsp;El Instituto Nacional de Estad\u00edstica y Geograf\u00eda (INEGI), document\u00f3 que en 2023, Sonora registr\u00f3 la cifra En Sonora en Equipo publicamos toda la informaci\u00f3n de Sonora, M\u00e9xico y el Mundo de manera oportuna y busca que la libertad de expresi\u00f3n sea real. Visita nuestro medio informativo publicado desde Hermosillo, Sonora. %\" \/>\n<meta name=\"robots\" content=\"index, follow, max-snippet:-1, max-image-preview:large, max-video-preview:-1\" \/>\n<link rel=\"canonical\" href=\"https:\/\/www.sonoraenequipo.com.mx\/registra-sonora-el-mayor-crecimiento-en-exportaciones-en-la-frontera-norte\/\" \/>\n<meta property=\"og:locale\" content=\"es_ES\" \/>\n<meta property=\"og:type\" content=\"article\" \/>\n<meta property=\"og:title\" content=\"Sonora en Equipo. Registra Sonora el mayor crecimiento en exportaciones de la frontera norte PALABRAS Y N\u00daMEROS\" \/>\n<meta property=\"og:description\" content=\"&nbsp; &nbsp; HERMOSILLO, SONORA, MX.\u02d7\u02d7\u02d7 &nbsp;El Instituto Nacional de Estad\u00edstica y Geograf\u00eda (INEGI), document\u00f3 que en 2023, Sonora registr\u00f3 la cifra En Sonora en Equipo publicamos toda la informaci\u00f3n de Sonora, M\u00e9xico y el Mundo de manera oportuna y busca que la libertad de expresi\u00f3n sea real. Visita nuestro medio informativo publicado desde Hermosillo, Sonora. %\" \/>\n<meta property=\"og:url\" content=\"https:\/\/www.sonoraenequipo.com.mx\/registra-sonora-el-mayor-crecimiento-en-exportaciones-en-la-frontera-norte\/\" \/>\n<meta property=\"og:site_name\" content=\"Sonora en Equipo.\" \/>\n<meta property=\"article:publisher\" content=\"https:\/\/www.facebook.com\/SonoraEE\/\" \/>\n<meta property=\"article:author\" content=\"https:\/\/www.facebook.com\/SonoraEE\" \/>\n<meta property=\"article:published_time\" content=\"2024-04-25T02:34:44+00:00\" \/>\n<meta property=\"article:modified_time\" content=\"2024-04-25T02:35:23+00:00\" \/>\n<meta property=\"og:image\" content=\"https:\/\/www.sonoraenequipo.com.mx\/storage\/2024\/04\/adm-exportacion.jpg\" \/>\n\t<meta property=\"og:image:width\" content=\"900\" \/>\n\t<meta property=\"og:image:height\" content=\"599\" \/>\n\t<meta property=\"og:image:type\" content=\"image\/jpeg\" \/>\n<meta name=\"author\" content=\"enequipo\" \/>\n<meta name=\"twitter:card\" content=\"summary_large_image\" \/>\n<meta name=\"twitter:creator\" content=\"@sonoraenequipo\" \/>\n<meta name=\"twitter:site\" content=\"@sonoraenequipo\" \/>\n<meta name=\"twitter:label1\" content=\"Escrito por\" \/>\n\t<meta name=\"twitter:data1\" content=\"enequipo\" \/>\n\t<meta name=\"twitter:label2\" content=\"Tiempo de lectura\" \/>\n\t<meta name=\"twitter:data2\" content=\"1 minuto\" \/>\n<script type=\"application\/ld+json\" class=\"yoast-schema-graph\">{\"@context\":\"https:\/\/schema.org\",\"@graph\":[{\"@type\":\"Article\",\"@id\":\"https:\/\/www.sonoraenequipo.com.mx\/registra-sonora-el-mayor-crecimiento-en-exportaciones-en-la-frontera-norte\/#article\",\"isPartOf\":{\"@id\":\"https:\/\/www.sonoraenequipo.com.mx\/registra-sonora-el-mayor-crecimiento-en-exportaciones-en-la-frontera-norte\/\"},\"author\":{\"name\":\"enequipo\",\"@id\":\"https:\/\/www.sonoraenequipo.com.mx\/#\/schema\/person\/50102df0fb23a8fa9e8effad8fa81386\"},\"headline\":\"Registra Sonora el mayor crecimiento en exportaciones de la frontera norte\",\"datePublished\":\"2024-04-25T02:34:44+00:00\",\"dateModified\":\"2024-04-25T02:35:23+00:00\",\"mainEntityOfPage\":{\"@id\":\"https:\/\/www.sonoraenequipo.com.mx\/registra-sonora-el-mayor-crecimiento-en-exportaciones-en-la-frontera-norte\/\"},\"wordCount\":211,\"commentCount\":0,\"publisher\":{\"@id\":\"https:\/\/www.sonoraenequipo.com.mx\/#organization\"},\"image\":{\"@id\":\"https:\/\/www.sonoraenequipo.com.mx\/registra-sonora-el-mayor-crecimiento-en-exportaciones-en-la-frontera-norte\/#primaryimage\"},\"thumbnailUrl\":\"https:\/\/www.sonoraenequipo.com.mx\/storage\/2024\/04\/adm-exportacion.jpg\",\"keywords\":[\"alfonso\",\"DURAZO\",\"Exportaciones\",\"Sonora\"],\"articleSection\":[\"PALABRAS Y N\u00daMEROS\"],\"inLanguage\":\"es\",\"potentialAction\":[{\"@type\":\"CommentAction\",\"name\":\"Comment\",\"target\":[\"https:\/\/www.sonoraenequipo.com.mx\/registra-sonora-el-mayor-crecimiento-en-exportaciones-en-la-frontera-norte\/#respond\"]}]},{\"@type\":\"WebPage\",\"@id\":\"https:\/\/www.sonoraenequipo.com.mx\/registra-sonora-el-mayor-crecimiento-en-exportaciones-en-la-frontera-norte\/\",\"url\":\"https:\/\/www.sonoraenequipo.com.mx\/registra-sonora-el-mayor-crecimiento-en-exportaciones-en-la-frontera-norte\/\",\"name\":\"Sonora en Equipo. Registra Sonora el mayor crecimiento en exportaciones de la frontera norte PALABRAS Y N\u00daMEROS\",\"isPartOf\":{\"@id\":\"https:\/\/www.sonoraenequipo.com.mx\/#website\"},\"primaryImageOfPage\":{\"@id\":\"https:\/\/www.sonoraenequipo.com.mx\/registra-sonora-el-mayor-crecimiento-en-exportaciones-en-la-frontera-norte\/#primaryimage\"},\"image\":{\"@id\":\"https:\/\/www.sonoraenequipo.com.mx\/registra-sonora-el-mayor-crecimiento-en-exportaciones-en-la-frontera-norte\/#primaryimage\"},\"thumbnailUrl\":\"https:\/\/www.sonoraenequipo.com.mx\/storage\/2024\/04\/adm-exportacion.jpg\",\"datePublished\":\"2024-04-25T02:34:44+00:00\",\"dateModified\":\"2024-04-25T02:35:23+00:00\",\"description\":\"&nbsp; &nbsp; HERMOSILLO, SONORA, MX.\u02d7\u02d7\u02d7 &nbsp;El Instituto Nacional de Estad\u00edstica y Geograf\u00eda (INEGI), document\u00f3 que en 2023, Sonora registr\u00f3 la cifra En Sonora en Equipo publicamos toda la informaci\u00f3n de Sonora, M\u00e9xico y el Mundo de manera oportuna y busca que la libertad de expresi\u00f3n sea real. Visita nuestro medio informativo publicado desde Hermosillo, Sonora. %\",\"breadcrumb\":{\"@id\":\"https:\/\/www.sonoraenequipo.com.mx\/registra-sonora-el-mayor-crecimiento-en-exportaciones-en-la-frontera-norte\/#breadcrumb\"},\"inLanguage\":\"es\",\"potentialAction\":[{\"@type\":\"ReadAction\",\"target\":[\"https:\/\/www.sonoraenequipo.com.mx\/registra-sonora-el-mayor-crecimiento-en-exportaciones-en-la-frontera-norte\/\"]}]},{\"@type\":\"ImageObject\",\"inLanguage\":\"es\",\"@id\":\"https:\/\/www.sonoraenequipo.com.mx\/registra-sonora-el-mayor-crecimiento-en-exportaciones-en-la-frontera-norte\/#primaryimage\",\"url\":\"https:\/\/www.sonoraenequipo.com.mx\/storage\/2024\/04\/adm-exportacion.jpg\",\"contentUrl\":\"https:\/\/www.sonoraenequipo.com.mx\/storage\/2024\/04\/adm-exportacion.jpg\",\"width\":900,\"height\":599},{\"@type\":\"BreadcrumbList\",\"@id\":\"https:\/\/www.sonoraenequipo.com.mx\/registra-sonora-el-mayor-crecimiento-en-exportaciones-en-la-frontera-norte\/#breadcrumb\",\"itemListElement\":[{\"@type\":\"ListItem\",\"position\":1,\"name\":\"Portada\",\"item\":\"https:\/\/www.sonoraenequipo.com.mx\/\"},{\"@type\":\"ListItem\",\"position\":2,\"name\":\"Registra Sonora el mayor crecimiento en exportaciones de la frontera norte\"}]},{\"@type\":\"WebSite\",\"@id\":\"https:\/\/www.sonoraenequipo.com.mx\/#website\",\"url\":\"https:\/\/www.sonoraenequipo.com.mx\/\",\"name\":\"Sonora en Equipo.\",\"description\":\"Diario en l\u00ednea con Noticias desde Hermosillo, Sonora\",\"publisher\":{\"@id\":\"https:\/\/www.sonoraenequipo.com.mx\/#organization\"},\"potentialAction\":[{\"@type\":\"SearchAction\",\"target\":{\"@type\":\"EntryPoint\",\"urlTemplate\":\"https:\/\/www.sonoraenequipo.com.mx\/?s={search_term_string}\"},\"query-input\":{\"@type\":\"PropertyValueSpecification\",\"valueRequired\":true,\"valueName\":\"search_term_string\"}}],\"inLanguage\":\"es\"},{\"@type\":\"Organization\",\"@id\":\"https:\/\/www.sonoraenequipo.com.mx\/#organization\",\"name\":\"Sonoraenequipo.com.mx\",\"url\":\"https:\/\/www.sonoraenequipo.com.mx\/\",\"logo\":{\"@type\":\"ImageObject\",\"inLanguage\":\"es\",\"@id\":\"https:\/\/www.sonoraenequipo.com.mx\/#\/schema\/logo\/image\/\",\"url\":\"https:\/\/www.sonoraenequipo.com.mx\/storage\/2019\/01\/sonoraenequipo_opt.png\",\"contentUrl\":\"https:\/\/www.sonoraenequipo.com.mx\/storage\/2019\/01\/sonoraenequipo_opt.png\",\"width\":375,\"height\":125,\"caption\":\"Sonoraenequipo.com.mx\"},\"image\":{\"@id\":\"https:\/\/www.sonoraenequipo.com.mx\/#\/schema\/logo\/image\/\"},\"sameAs\":[\"https:\/\/www.facebook.com\/SonoraEE\/\",\"https:\/\/x.com\/sonoraenequipo\",\"https:\/\/www.youtube.com\/channel\/UC338nW-lPEYmJQs4ZABQ1SQ\"]},{\"@type\":\"Person\",\"@id\":\"https:\/\/www.sonoraenequipo.com.mx\/#\/schema\/person\/50102df0fb23a8fa9e8effad8fa81386\",\"name\":\"enequipo\",\"image\":{\"@type\":\"ImageObject\",\"inLanguage\":\"es\",\"@id\":\"https:\/\/www.sonoraenequipo.com.mx\/#\/schema\/person\/image\/\",\"url\":\"https:\/\/secure.gravatar.com\/avatar\/049821681b589dabc0bc20695993ccebb09f5b5d4d790cd9251b97faac7c652b?s=96&d=blank&r=g\",\"contentUrl\":\"https:\/\/secure.gravatar.com\/avatar\/049821681b589dabc0bc20695993ccebb09f5b5d4d790cd9251b97faac7c652b?s=96&d=blank&r=g\",\"caption\":\"enequipo\"},\"sameAs\":[\"https:\/\/www.facebook.com\/SonoraEE\"]}]}<\/script>\n ","yoast_head_json":{"title":"Sonora en Equipo. Registra Sonora el mayor crecimiento en exportaciones de la frontera norte PALABRAS Y N\u00daMEROS","description":"&nbsp; &nbsp; HERMOSILLO, SONORA, MX.\u02d7\u02d7\u02d7 &nbsp;El Instituto Nacional de Estad\u00edstica y Geograf\u00eda (INEGI), document\u00f3 que en 2023, Sonora registr\u00f3 la cifra En Sonora en Equipo publicamos toda la informaci\u00f3n de Sonora, M\u00e9xico y el Mundo de manera oportuna y busca que la libertad de expresi\u00f3n sea real. Visita nuestro medio informativo publicado desde Hermosillo, Sonora. %","robots":{"index":"index","follow":"follow","max-snippet":"max-snippet:-1","max-image-preview":"max-image-preview:large","max-video-preview":"max-video-preview:-1"},"canonical":"https:\/\/www.sonoraenequipo.com.mx\/registra-sonora-el-mayor-crecimiento-en-exportaciones-en-la-frontera-norte\/","og_locale":"es_ES","og_type":"article","og_title":"Sonora en Equipo. Registra Sonora el mayor crecimiento en exportaciones de la frontera norte PALABRAS Y N\u00daMEROS","og_description":"&nbsp; &nbsp; HERMOSILLO, SONORA, MX.\u02d7\u02d7\u02d7 &nbsp;El Instituto Nacional de Estad\u00edstica y Geograf\u00eda (INEGI), document\u00f3 que en 2023, Sonora registr\u00f3 la cifra En Sonora en Equipo publicamos toda la informaci\u00f3n de Sonora, M\u00e9xico y el Mundo de manera oportuna y busca que la libertad de expresi\u00f3n sea real. Visita nuestro medio informativo publicado desde Hermosillo, Sonora. %","og_url":"https:\/\/www.sonoraenequipo.com.mx\/registra-sonora-el-mayor-crecimiento-en-exportaciones-en-la-frontera-norte\/","og_site_name":"Sonora en Equipo.","article_publisher":"https:\/\/www.facebook.com\/SonoraEE\/","article_author":"https:\/\/www.facebook.com\/SonoraEE","article_published_time":"2024-04-25T02:34:44+00:00","article_modified_time":"2024-04-25T02:35:23+00:00","og_image":[{"width":900,"height":599,"url":"https:\/\/www.sonoraenequipo.com.mx\/storage\/2024\/04\/adm-exportacion.jpg","type":"image\/jpeg"}],"author":"enequipo","twitter_card":"summary_large_image","twitter_creator":"@sonoraenequipo","twitter_site":"@sonoraenequipo","twitter_misc":{"Escrito por":"enequipo","Tiempo de lectura":"1 minuto"},"schema":{"@context":"https:\/\/schema.org","@graph":[{"@type":"Article","@id":"https:\/\/www.sonoraenequipo.com.mx\/registra-sonora-el-mayor-crecimiento-en-exportaciones-en-la-frontera-norte\/#article","isPartOf":{"@id":"https:\/\/www.sonoraenequipo.com.mx\/registra-sonora-el-mayor-crecimiento-en-exportaciones-en-la-frontera-norte\/"},"author":{"name":"enequipo","@id":"https:\/\/www.sonoraenequipo.com.mx\/#\/schema\/person\/50102df0fb23a8fa9e8effad8fa81386"},"headline":"Registra Sonora el mayor crecimiento en exportaciones de la frontera norte","datePublished":"2024-04-25T02:34:44+00:00","dateModified":"2024-04-25T02:35:23+00:00","mainEntityOfPage":{"@id":"https:\/\/www.sonoraenequipo.com.mx\/registra-sonora-el-mayor-crecimiento-en-exportaciones-en-la-frontera-norte\/"},"wordCount":211,"commentCount":0,"publisher":{"@id":"https:\/\/www.sonoraenequipo.com.mx\/#organization"},"image":{"@id":"https:\/\/www.sonoraenequipo.com.mx\/registra-sonora-el-mayor-crecimiento-en-exportaciones-en-la-frontera-norte\/#primaryimage"},"thumbnailUrl":"https:\/\/www.sonoraenequipo.com.mx\/storage\/2024\/04\/adm-exportacion.jpg","keywords":["alfonso","DURAZO","Exportaciones","Sonora"],"articleSection":["PALABRAS Y N\u00daMEROS"],"inLanguage":"es","potentialAction":[{"@type":"CommentAction","name":"Comment","target":["https:\/\/www.sonoraenequipo.com.mx\/registra-sonora-el-mayor-crecimiento-en-exportaciones-en-la-frontera-norte\/#respond"]}]},{"@type":"WebPage","@id":"https:\/\/www.sonoraenequipo.com.mx\/registra-sonora-el-mayor-crecimiento-en-exportaciones-en-la-frontera-norte\/","url":"https:\/\/www.sonoraenequipo.com.mx\/registra-sonora-el-mayor-crecimiento-en-exportaciones-en-la-frontera-norte\/","name":"Sonora en Equipo. Registra Sonora el mayor crecimiento en exportaciones de la frontera norte PALABRAS Y N\u00daMEROS","isPartOf":{"@id":"https:\/\/www.sonoraenequipo.com.mx\/#website"},"primaryImageOfPage":{"@id":"https:\/\/www.sonoraenequipo.com.mx\/registra-sonora-el-mayor-crecimiento-en-exportaciones-en-la-frontera-norte\/#primaryimage"},"image":{"@id":"https:\/\/www.sonoraenequipo.com.mx\/registra-sonora-el-mayor-crecimiento-en-exportaciones-en-la-frontera-norte\/#primaryimage"},"thumbnailUrl":"https:\/\/www.sonoraenequipo.com.mx\/storage\/2024\/04\/adm-exportacion.jpg","datePublished":"2024-04-25T02:34:44+00:00","dateModified":"2024-04-25T02:35:23+00:00","description":"&nbsp; &nbsp; HERMOSILLO, SONORA, MX.\u02d7\u02d7\u02d7 &nbsp;El Instituto Nacional de Estad\u00edstica y Geograf\u00eda (INEGI), document\u00f3 que en 2023, Sonora registr\u00f3 la cifra En Sonora en Equipo publicamos toda la informaci\u00f3n de Sonora, M\u00e9xico y el Mundo de manera oportuna y busca que la libertad de expresi\u00f3n sea real. Visita nuestro medio informativo publicado desde Hermosillo, Sonora. %","breadcrumb":{"@id":"https:\/\/www.sonoraenequipo.com.mx\/registra-sonora-el-mayor-crecimiento-en-exportaciones-en-la-frontera-norte\/#breadcrumb"},"inLanguage":"es","potentialAction":[{"@type":"ReadAction","target":["https:\/\/www.sonoraenequipo.com.mx\/registra-sonora-el-mayor-crecimiento-en-exportaciones-en-la-frontera-norte\/"]}]},{"@type":"ImageObject","inLanguage":"es","@id":"https:\/\/www.sonoraenequipo.com.mx\/registra-sonora-el-mayor-crecimiento-en-exportaciones-en-la-frontera-norte\/#primaryimage","url":"https:\/\/www.sonoraenequipo.com.mx\/storage\/2024\/04\/adm-exportacion.jpg","contentUrl":"https:\/\/www.sonoraenequipo.com.mx\/storage\/2024\/04\/adm-exportacion.jpg","width":900,"height":599},{"@type":"BreadcrumbList","@id":"https:\/\/www.sonoraenequipo.com.mx\/registra-sonora-el-mayor-crecimiento-en-exportaciones-en-la-frontera-norte\/#breadcrumb","itemListElement":[{"@type":"ListItem","position":1,"name":"Portada","item":"https:\/\/www.sonoraenequipo.com.mx\/"},{"@type":"ListItem","position":2,"name":"Registra Sonora el mayor crecimiento en exportaciones de la frontera norte"}]},{"@type":"WebSite","@id":"https:\/\/www.sonoraenequipo.com.mx\/#website","url":"https:\/\/www.sonoraenequipo.com.mx\/","name":"Sonora en Equipo.","description":"Diario en l\u00ednea con Noticias desde Hermosillo, Sonora","publisher":{"@id":"https:\/\/www.sonoraenequipo.com.mx\/#organization"},"potentialAction":[{"@type":"SearchAction","target":{"@type":"EntryPoint","urlTemplate":"https:\/\/www.sonoraenequipo.com.mx\/?s={search_term_string}"},"query-input":{"@type":"PropertyValueSpecification","valueRequired":true,"valueName":"search_term_string"}}],"inLanguage":"es"},{"@type":"Organization","@id":"https:\/\/www.sonoraenequipo.com.mx\/#organization","name":"Sonoraenequipo.com.mx","url":"https:\/\/www.sonoraenequipo.com.mx\/","logo":{"@type":"ImageObject","inLanguage":"es","@id":"https:\/\/www.sonoraenequipo.com.mx\/#\/schema\/logo\/image\/","url":"https:\/\/www.sonoraenequipo.com.mx\/storage\/2019\/01\/sonoraenequipo_opt.png","contentUrl":"https:\/\/www.sonoraenequipo.com.mx\/storage\/2019\/01\/sonoraenequipo_opt.png","width":375,"height":125,"caption":"Sonoraenequipo.com.mx"},"image":{"@id":"https:\/\/www.sonoraenequipo.com.mx\/#\/schema\/logo\/image\/"},"sameAs":["https:\/\/www.facebook.com\/SonoraEE\/","https:\/\/x.com\/sonoraenequipo","https:\/\/www.youtube.com\/channel\/UC338nW-lPEYmJQs4ZABQ1SQ"]},{"@type":"Person","@id":"https:\/\/www.sonoraenequipo.com.mx\/#\/schema\/person\/50102df0fb23a8fa9e8effad8fa81386","name":"enequipo","image":{"@type":"ImageObject","inLanguage":"es","@id":"https:\/\/www.sonoraenequipo.com.mx\/#\/schema\/person\/image\/","url":"https:\/\/secure.gravatar.com\/avatar\/049821681b589dabc0bc20695993ccebb09f5b5d4d790cd9251b97faac7c652b?s=96&d=blank&r=g","contentUrl":"https:\/\/secure.gravatar.com\/avatar\/049821681b589dabc0bc20695993ccebb09f5b5d4d790cd9251b97faac7c652b?s=96&d=blank&r=g","caption":"enequipo"},"sameAs":["https:\/\/www.facebook.com\/SonoraEE"]}]}},"jetpack_featured_media_url":"https:\/\/www.sonoraenequipo.com.mx\/storage\/2024\/04\/adm-exportacion.jpg","_links":{"self":[{"href":"https:\/\/www.sonoraenequipo.com.mx\/api\/wp\/v2\/posts\/188339","targetHints":{"allow":["GET"]}}],"collection":[{"href":"https:\/\/www.sonoraenequipo.com.mx\/api\/wp\/v2\/posts"}],"about":[{"href":"https:\/\/www.sonoraenequipo.com.mx\/api\/wp\/v2\/types\/post"}],"author":[{"embeddable":true,"href":"https:\/\/www.sonoraenequipo.com.mx\/api\/wp\/v2\/users\/1"}],"replies":[{"embeddable":true,"href":"https:\/\/www.sonoraenequipo.com.mx\/api\/wp\/v2\/comments?post=188339"}],"version-history":[{"count":2,"href":"https:\/\/www.sonoraenequipo.com.mx\/api\/wp\/v2\/posts\/188339\/revisions"}],"predecessor-version":[{"id":188342,"href":"https:\/\/www.sonoraenequipo.com.mx\/api\/wp\/v2\/posts\/188339\/revisions\/188342"}],"wp:featuredmedia":[{"embeddable":true,"href":"https:\/\/www.sonoraenequipo.com.mx\/api\/wp\/v2\/media\/188340"}],"wp:attachment":[{"href":"https:\/\/www.sonoraenequipo.com.mx\/api\/wp\/v2\/media?parent=188339"}],"wp:term":[{"taxonomy":"category","embeddable":true,"href":"https:\/\/www.sonoraenequipo.com.mx\/api\/wp\/v2\/categories?post=188339"},{"taxonomy":"post_tag","embeddable":true,"href":"https:\/\/www.sonoraenequipo.com.mx\/api\/wp\/v2\/tags?post=188339"}],"curies":[{"name":"wp","href":"https:\/\/api.w.org\/{rel}","templated":true}]}}