{"id":188363,"date":"2024-04-25T11:53:50","date_gmt":"2024-04-25T18:53:50","guid":{"rendered":"https:\/\/www.sonoraenequipo.com.mx\/?p=188363"},"modified":"2024-04-25T11:53:50","modified_gmt":"2024-04-25T18:53:50","slug":"mexico-estadisticas-a-proposito-del-dia-del-nino","status":"publish","type":"post","link":"https:\/\/www.sonoraenequipo.com.mx\/mexico-estadisticas-a-proposito-del-dia-del-nino\/","title":{"rendered":"M\u00e9xico. Estad\u00edsticas a prop\u00f3sito del D\u00eda del Ni\u00f1o"},"content":{"rendered":"<p><strong>CIUDAD DE M\u00c9XICO.\u02d7\u02d7\u02d7 <\/strong>En 2022, en el pa\u00eds resid\u00edan 36.3 millones de ni\u00f1as y ni\u00f1os de 0 a 17 a\u00f1os, cifra que equival\u00eda a 28.1 % de la poblaci\u00f3n del pa\u00eds.<\/p>\n<p>&nbsp;<\/p>\n<p>La persona cuidadora principal de ni\u00f1as y ni\u00f1os de 0 a 17 a\u00f1os fue la madre (83.2 %). Siguieron abuela (6.7 %) y otra persona (padre, t\u00eda, t\u00edo, abuelo, etc\u00e9tera, con 10.1 %).<\/p>\n<p>&nbsp;<\/p>\n<p>De la poblaci\u00f3n con menos de 18 a\u00f1os, 1.7 % ten\u00eda alguna discapacidad; de estas personas infantes, 93.4 % (561 996) recibi\u00f3 cuidados.<\/p>\n<p>&nbsp;<\/p>\n<p>A prop\u00f3sito de la celebraci\u00f3n del D\u00eda del Ni\u00f1o, el Instituto Nacional de Estad\u00edstica y Geograf\u00eda (INEGI) integra informaci\u00f3n sobre las ni\u00f1as y ni\u00f1os de 0 a 17 a\u00f1os que residen en el pa\u00eds, y presenta datos sobre el volumen y composici\u00f3n de esta poblaci\u00f3n, as\u00ed como sobre sus necesidades de cuidados y algunas de las condiciones en las que estos ocurren. La fuente que se utiliz\u00f3 para estimar los indicadores fue la Encuesta Nacional del Sistema de Cuidados (ENASIC) 2022. Esta encuesta aporta informaci\u00f3n sobre el requerimiento de apoyo y cuidados por parte de la poblaci\u00f3n, entendidos estos como las actividades que realizan las personas para atender, asistir y vigilar a los integrantes del hogar (o de otro hogar), con el prop\u00f3sito de buscar su bienestar y satisfacer sus necesidades b\u00e1sicas.<\/p>\n<p>&nbsp;<\/p>\n<ol>\n<li>MONTO Y ESTRUCTURA DE LA POBLACI\u00d3N DE 0 A 17 A\u00d1OS<\/li>\n<\/ol>\n<p>De acuerdo con la ENASIC 2022, en el pa\u00eds resid\u00edan 36.3 millones de personas de 0 a 17 a\u00f1os, cifra que equival\u00eda a 28.1 % de la poblaci\u00f3n total del pa\u00eds. De ellas, 51.8 % correspondi\u00f3 a hombres y 48.2 %, a mujeres. Por grupos de edad, 29.0 % (10.5 millones) ten\u00eda menos de 6 a\u00f1os y 71.0 % (25.7 millones), entre 6 y 17 a\u00f1os.<\/p>\n<p>&nbsp;<\/p>\n<p>Por otra parte, la encuesta identific\u00f3 38.8 millones de hogares. En 78.1 % (30 291 257) hab\u00eda, al menos, una persona que requer\u00eda apoyo o cuidados. En 27.6 % de los mismos, resid\u00eda al menos una ni\u00f1a o ni\u00f1o con menos de 6 a\u00f1os (8.4 millones) y en 52.3 % (15.8 millones), alguna persona que tuviera entre 6 y 17 a\u00f1os.<\/p>\n<p>&nbsp;<\/p>\n<p>NECESIDADES DE CUIDADOS DE LA POBLACI\u00d3N DE 0 A 17 A\u00d1OS<\/p>\n<p>&nbsp;<\/p>\n<p>&nbsp;<\/p>\n<p>&nbsp;<\/p>\n<p>De los 10.5 millones de ni\u00f1as y ni\u00f1os con menos de 6 a\u00f1os, 97.5 % necesitaba cuidados (10 273 924). De estos, 99.0 % recibi\u00f3 alg\u00fan tipo de atenci\u00f3n (10 170 314). Para el grupo de personas de 6 a 17 a\u00f1os (25 729 941), 98.7 % necesitaba cuidados (25 388 900) y 79.4 % los recibi\u00f3. En este \u00faltimo grupo, las ni\u00f1as recibieron m\u00e1s cuidados (81.4 %) que los ni\u00f1os (77.6 %).<\/p>\n<p>&nbsp;<\/p>\n<p>La persona cuidadora principal de ni\u00f1as y ni\u00f1os de 0 a 17 a\u00f1os fue la madre (83.2 %). Siguieron abuela (6.7 %); y otra persona (padre, t\u00eda, t\u00edo, abuelo, etc\u00e9tera, con 10.1 %). El grupo de 6 a 17 a\u00f1os requiri\u00f3 un porcentaje mayor de otros cuidadores (padre, abuelo, t\u00eda, t\u00edo, etc\u00e9tera) si se lo compara con aquellos que cuidaron a la poblaci\u00f3n de 0 a 5 a\u00f1os.<\/p>\n<p><strong>Fecha de publicaci\u00f3n <\/strong><strong>jueves 25 de abril de 2024<\/strong><\/p>\n<p>&nbsp;<\/p>\n","protected":false},"excerpt":{"rendered":"<p>CIUDAD DE M\u00c9XICO.\u02d7\u02d7\u02d7 En 2022, en el pa\u00eds resid\u00edan 36.3 millones de ni\u00f1as y ni\u00f1os&#8230;<\/p>\n","protected":false},"author":1,"featured_media":0,"comment_status":"open","ping_status":"open","sticky":false,"template":"","format":"standard","meta":{"_monsterinsights_skip_tracking":false,"_monsterinsights_sitenote_active":false,"_monsterinsights_sitenote_note":"","_monsterinsights_sitenote_category":0,"footnotes":""},"categories":[6493],"tags":[7497,2188],"class_list":["post"],"yoast_head":" \n<title>Sonora en Equipo. M\u00e9xico. Estad\u00edsticas a prop\u00f3sito del D\u00eda del Ni\u00f1o PALABRAS Y N\u00daMEROS<\/title>\n<meta name=\"description\" content=\"CIUDAD DE M\u00c9XICO.\u02d7\u02d7\u02d7 En 2022, en el pa\u00eds resid\u00edan 36.3 millones de ni\u00f1as y ni\u00f1os de 0 a 17 a\u00f1os, cifra que equival\u00eda a 28.1 % de la poblaci\u00f3n del En Sonora en Equipo publicamos toda la informaci\u00f3n de Sonora, M\u00e9xico y el Mundo de manera oportuna y busca que la libertad de expresi\u00f3n sea real. Visita nuestro medio informativo publicado desde Hermosillo, Sonora. %\" \/>\n<meta name=\"robots\" content=\"index, follow, max-snippet:-1, max-image-preview:large, max-video-preview:-1\" \/>\n<link rel=\"canonical\" href=\"https:\/\/www.sonoraenequipo.com.mx\/mexico-estadisticas-a-proposito-del-dia-del-nino\/\" \/>\n<meta property=\"og:locale\" content=\"es_ES\" \/>\n<meta property=\"og:type\" content=\"article\" \/>\n<meta property=\"og:title\" content=\"Sonora en Equipo. M\u00e9xico. Estad\u00edsticas a prop\u00f3sito del D\u00eda del Ni\u00f1o PALABRAS Y N\u00daMEROS\" \/>\n<meta property=\"og:description\" content=\"CIUDAD DE M\u00c9XICO.\u02d7\u02d7\u02d7 En 2022, en el pa\u00eds resid\u00edan 36.3 millones de ni\u00f1as y ni\u00f1os de 0 a 17 a\u00f1os, cifra que equival\u00eda a 28.1 % de la poblaci\u00f3n del En Sonora en Equipo publicamos toda la informaci\u00f3n de Sonora, M\u00e9xico y el Mundo de manera oportuna y busca que la libertad de expresi\u00f3n sea real. Visita nuestro medio informativo publicado desde Hermosillo, Sonora. %\" \/>\n<meta property=\"og:url\" content=\"https:\/\/www.sonoraenequipo.com.mx\/mexico-estadisticas-a-proposito-del-dia-del-nino\/\" \/>\n<meta property=\"og:site_name\" content=\"Sonora en Equipo.\" \/>\n<meta property=\"article:publisher\" content=\"https:\/\/www.facebook.com\/SonoraEE\/\" \/>\n<meta property=\"article:author\" content=\"https:\/\/www.facebook.com\/SonoraEE\" \/>\n<meta property=\"article:published_time\" content=\"2024-04-25T18:53:50+00:00\" \/>\n<meta name=\"author\" content=\"enequipo\" \/>\n<meta name=\"twitter:card\" content=\"summary_large_image\" \/>\n<meta name=\"twitter:creator\" content=\"@sonoraenequipo\" \/>\n<meta name=\"twitter:site\" content=\"@sonoraenequipo\" \/>\n<meta name=\"twitter:label1\" content=\"Escrito por\" \/>\n\t<meta name=\"twitter:data1\" content=\"enequipo\" \/>\n\t<meta name=\"twitter:label2\" content=\"Tiempo de lectura\" \/>\n\t<meta name=\"twitter:data2\" content=\"3 minutos\" \/>\n<script type=\"application\/ld+json\" class=\"yoast-schema-graph\">{\"@context\":\"https:\/\/schema.org\",\"@graph\":[{\"@type\":\"Article\",\"@id\":\"https:\/\/www.sonoraenequipo.com.mx\/mexico-estadisticas-a-proposito-del-dia-del-nino\/#article\",\"isPartOf\":{\"@id\":\"https:\/\/www.sonoraenequipo.com.mx\/mexico-estadisticas-a-proposito-del-dia-del-nino\/\"},\"author\":{\"name\":\"enequipo\",\"@id\":\"https:\/\/www.sonoraenequipo.com.mx\/#\/schema\/person\/50102df0fb23a8fa9e8effad8fa81386\"},\"headline\":\"M\u00e9xico. Estad\u00edsticas a prop\u00f3sito del D\u00eda del Ni\u00f1o\",\"datePublished\":\"2024-04-25T18:53:50+00:00\",\"mainEntityOfPage\":{\"@id\":\"https:\/\/www.sonoraenequipo.com.mx\/mexico-estadisticas-a-proposito-del-dia-del-nino\/\"},\"wordCount\":515,\"commentCount\":0,\"publisher\":{\"@id\":\"https:\/\/www.sonoraenequipo.com.mx\/#organization\"},\"keywords\":[\"2024\",\"dia del ni\u00f1o\"],\"articleSection\":[\"PALABRAS Y N\u00daMEROS\"],\"inLanguage\":\"es\",\"potentialAction\":[{\"@type\":\"CommentAction\",\"name\":\"Comment\",\"target\":[\"https:\/\/www.sonoraenequipo.com.mx\/mexico-estadisticas-a-proposito-del-dia-del-nino\/#respond\"]}]},{\"@type\":\"WebPage\",\"@id\":\"https:\/\/www.sonoraenequipo.com.mx\/mexico-estadisticas-a-proposito-del-dia-del-nino\/\",\"url\":\"https:\/\/www.sonoraenequipo.com.mx\/mexico-estadisticas-a-proposito-del-dia-del-nino\/\",\"name\":\"Sonora en Equipo. M\u00e9xico. Estad\u00edsticas a prop\u00f3sito del D\u00eda del Ni\u00f1o PALABRAS Y N\u00daMEROS\",\"isPartOf\":{\"@id\":\"https:\/\/www.sonoraenequipo.com.mx\/#website\"},\"datePublished\":\"2024-04-25T18:53:50+00:00\",\"description\":\"CIUDAD DE M\u00c9XICO.\u02d7\u02d7\u02d7 En 2022, en el pa\u00eds resid\u00edan 36.3 millones de ni\u00f1as y ni\u00f1os de 0 a 17 a\u00f1os, cifra que equival\u00eda a 28.1 % de la poblaci\u00f3n del En Sonora en Equipo publicamos toda la informaci\u00f3n de Sonora, M\u00e9xico y el Mundo de manera oportuna y busca que la libertad de expresi\u00f3n sea real. Visita nuestro medio informativo publicado desde Hermosillo, Sonora. %\",\"breadcrumb\":{\"@id\":\"https:\/\/www.sonoraenequipo.com.mx\/mexico-estadisticas-a-proposito-del-dia-del-nino\/#breadcrumb\"},\"inLanguage\":\"es\",\"potentialAction\":[{\"@type\":\"ReadAction\",\"target\":[\"https:\/\/www.sonoraenequipo.com.mx\/mexico-estadisticas-a-proposito-del-dia-del-nino\/\"]}]},{\"@type\":\"BreadcrumbList\",\"@id\":\"https:\/\/www.sonoraenequipo.com.mx\/mexico-estadisticas-a-proposito-del-dia-del-nino\/#breadcrumb\",\"itemListElement\":[{\"@type\":\"ListItem\",\"position\":1,\"name\":\"Portada\",\"item\":\"https:\/\/www.sonoraenequipo.com.mx\/\"},{\"@type\":\"ListItem\",\"position\":2,\"name\":\"M\u00e9xico. Estad\u00edsticas a prop\u00f3sito del D\u00eda del Ni\u00f1o\"}]},{\"@type\":\"WebSite\",\"@id\":\"https:\/\/www.sonoraenequipo.com.mx\/#website\",\"url\":\"https:\/\/www.sonoraenequipo.com.mx\/\",\"name\":\"Sonora en Equipo.\",\"description\":\"Diario en l\u00ednea con Noticias desde Hermosillo, Sonora\",\"publisher\":{\"@id\":\"https:\/\/www.sonoraenequipo.com.mx\/#organization\"},\"potentialAction\":[{\"@type\":\"SearchAction\",\"target\":{\"@type\":\"EntryPoint\",\"urlTemplate\":\"https:\/\/www.sonoraenequipo.com.mx\/?s={search_term_string}\"},\"query-input\":{\"@type\":\"PropertyValueSpecification\",\"valueRequired\":true,\"valueName\":\"search_term_string\"}}],\"inLanguage\":\"es\"},{\"@type\":\"Organization\",\"@id\":\"https:\/\/www.sonoraenequipo.com.mx\/#organization\",\"name\":\"Sonoraenequipo.com.mx\",\"url\":\"https:\/\/www.sonoraenequipo.com.mx\/\",\"logo\":{\"@type\":\"ImageObject\",\"inLanguage\":\"es\",\"@id\":\"https:\/\/www.sonoraenequipo.com.mx\/#\/schema\/logo\/image\/\",\"url\":\"https:\/\/www.sonoraenequipo.com.mx\/storage\/2019\/01\/sonoraenequipo_opt.png\",\"contentUrl\":\"https:\/\/www.sonoraenequipo.com.mx\/storage\/2019\/01\/sonoraenequipo_opt.png\",\"width\":375,\"height\":125,\"caption\":\"Sonoraenequipo.com.mx\"},\"image\":{\"@id\":\"https:\/\/www.sonoraenequipo.com.mx\/#\/schema\/logo\/image\/\"},\"sameAs\":[\"https:\/\/www.facebook.com\/SonoraEE\/\",\"https:\/\/x.com\/sonoraenequipo\",\"https:\/\/www.youtube.com\/channel\/UC338nW-lPEYmJQs4ZABQ1SQ\"]},{\"@type\":\"Person\",\"@id\":\"https:\/\/www.sonoraenequipo.com.mx\/#\/schema\/person\/50102df0fb23a8fa9e8effad8fa81386\",\"name\":\"enequipo\",\"image\":{\"@type\":\"ImageObject\",\"inLanguage\":\"es\",\"@id\":\"https:\/\/www.sonoraenequipo.com.mx\/#\/schema\/person\/image\/\",\"url\":\"https:\/\/secure.gravatar.com\/avatar\/049821681b589dabc0bc20695993ccebb09f5b5d4d790cd9251b97faac7c652b?s=96&d=blank&r=g\",\"contentUrl\":\"https:\/\/secure.gravatar.com\/avatar\/049821681b589dabc0bc20695993ccebb09f5b5d4d790cd9251b97faac7c652b?s=96&d=blank&r=g\",\"caption\":\"enequipo\"},\"sameAs\":[\"https:\/\/www.facebook.com\/SonoraEE\"]}]}<\/script>\n ","yoast_head_json":{"title":"Sonora en Equipo. M\u00e9xico. Estad\u00edsticas a prop\u00f3sito del D\u00eda del Ni\u00f1o PALABRAS Y N\u00daMEROS","description":"CIUDAD DE M\u00c9XICO.\u02d7\u02d7\u02d7 En 2022, en el pa\u00eds resid\u00edan 36.3 millones de ni\u00f1as y ni\u00f1os de 0 a 17 a\u00f1os, cifra que equival\u00eda a 28.1 % de la poblaci\u00f3n del En Sonora en Equipo publicamos toda la informaci\u00f3n de Sonora, M\u00e9xico y el Mundo de manera oportuna y busca que la libertad de expresi\u00f3n sea real. Visita nuestro medio informativo publicado desde Hermosillo, Sonora. %","robots":{"index":"index","follow":"follow","max-snippet":"max-snippet:-1","max-image-preview":"max-image-preview:large","max-video-preview":"max-video-preview:-1"},"canonical":"https:\/\/www.sonoraenequipo.com.mx\/mexico-estadisticas-a-proposito-del-dia-del-nino\/","og_locale":"es_ES","og_type":"article","og_title":"Sonora en Equipo. M\u00e9xico. Estad\u00edsticas a prop\u00f3sito del D\u00eda del Ni\u00f1o PALABRAS Y N\u00daMEROS","og_description":"CIUDAD DE M\u00c9XICO.\u02d7\u02d7\u02d7 En 2022, en el pa\u00eds resid\u00edan 36.3 millones de ni\u00f1as y ni\u00f1os de 0 a 17 a\u00f1os, cifra que equival\u00eda a 28.1 % de la poblaci\u00f3n del En Sonora en Equipo publicamos toda la informaci\u00f3n de Sonora, M\u00e9xico y el Mundo de manera oportuna y busca que la libertad de expresi\u00f3n sea real. Visita nuestro medio informativo publicado desde Hermosillo, Sonora. %","og_url":"https:\/\/www.sonoraenequipo.com.mx\/mexico-estadisticas-a-proposito-del-dia-del-nino\/","og_site_name":"Sonora en Equipo.","article_publisher":"https:\/\/www.facebook.com\/SonoraEE\/","article_author":"https:\/\/www.facebook.com\/SonoraEE","article_published_time":"2024-04-25T18:53:50+00:00","author":"enequipo","twitter_card":"summary_large_image","twitter_creator":"@sonoraenequipo","twitter_site":"@sonoraenequipo","twitter_misc":{"Escrito por":"enequipo","Tiempo de lectura":"3 minutos"},"schema":{"@context":"https:\/\/schema.org","@graph":[{"@type":"Article","@id":"https:\/\/www.sonoraenequipo.com.mx\/mexico-estadisticas-a-proposito-del-dia-del-nino\/#article","isPartOf":{"@id":"https:\/\/www.sonoraenequipo.com.mx\/mexico-estadisticas-a-proposito-del-dia-del-nino\/"},"author":{"name":"enequipo","@id":"https:\/\/www.sonoraenequipo.com.mx\/#\/schema\/person\/50102df0fb23a8fa9e8effad8fa81386"},"headline":"M\u00e9xico. Estad\u00edsticas a prop\u00f3sito del D\u00eda del Ni\u00f1o","datePublished":"2024-04-25T18:53:50+00:00","mainEntityOfPage":{"@id":"https:\/\/www.sonoraenequipo.com.mx\/mexico-estadisticas-a-proposito-del-dia-del-nino\/"},"wordCount":515,"commentCount":0,"publisher":{"@id":"https:\/\/www.sonoraenequipo.com.mx\/#organization"},"keywords":["2024","dia del ni\u00f1o"],"articleSection":["PALABRAS Y N\u00daMEROS"],"inLanguage":"es","potentialAction":[{"@type":"CommentAction","name":"Comment","target":["https:\/\/www.sonoraenequipo.com.mx\/mexico-estadisticas-a-proposito-del-dia-del-nino\/#respond"]}]},{"@type":"WebPage","@id":"https:\/\/www.sonoraenequipo.com.mx\/mexico-estadisticas-a-proposito-del-dia-del-nino\/","url":"https:\/\/www.sonoraenequipo.com.mx\/mexico-estadisticas-a-proposito-del-dia-del-nino\/","name":"Sonora en Equipo. M\u00e9xico. Estad\u00edsticas a prop\u00f3sito del D\u00eda del Ni\u00f1o PALABRAS Y N\u00daMEROS","isPartOf":{"@id":"https:\/\/www.sonoraenequipo.com.mx\/#website"},"datePublished":"2024-04-25T18:53:50+00:00","description":"CIUDAD DE M\u00c9XICO.\u02d7\u02d7\u02d7 En 2022, en el pa\u00eds resid\u00edan 36.3 millones de ni\u00f1as y ni\u00f1os de 0 a 17 a\u00f1os, cifra que equival\u00eda a 28.1 % de la poblaci\u00f3n del En Sonora en Equipo publicamos toda la informaci\u00f3n de Sonora, M\u00e9xico y el Mundo de manera oportuna y busca que la libertad de expresi\u00f3n sea real. Visita nuestro medio informativo publicado desde Hermosillo, Sonora. %","breadcrumb":{"@id":"https:\/\/www.sonoraenequipo.com.mx\/mexico-estadisticas-a-proposito-del-dia-del-nino\/#breadcrumb"},"inLanguage":"es","potentialAction":[{"@type":"ReadAction","target":["https:\/\/www.sonoraenequipo.com.mx\/mexico-estadisticas-a-proposito-del-dia-del-nino\/"]}]},{"@type":"BreadcrumbList","@id":"https:\/\/www.sonoraenequipo.com.mx\/mexico-estadisticas-a-proposito-del-dia-del-nino\/#breadcrumb","itemListElement":[{"@type":"ListItem","position":1,"name":"Portada","item":"https:\/\/www.sonoraenequipo.com.mx\/"},{"@type":"ListItem","position":2,"name":"M\u00e9xico. Estad\u00edsticas a prop\u00f3sito del D\u00eda del Ni\u00f1o"}]},{"@type":"WebSite","@id":"https:\/\/www.sonoraenequipo.com.mx\/#website","url":"https:\/\/www.sonoraenequipo.com.mx\/","name":"Sonora en Equipo.","description":"Diario en l\u00ednea con Noticias desde Hermosillo, Sonora","publisher":{"@id":"https:\/\/www.sonoraenequipo.com.mx\/#organization"},"potentialAction":[{"@type":"SearchAction","target":{"@type":"EntryPoint","urlTemplate":"https:\/\/www.sonoraenequipo.com.mx\/?s={search_term_string}"},"query-input":{"@type":"PropertyValueSpecification","valueRequired":true,"valueName":"search_term_string"}}],"inLanguage":"es"},{"@type":"Organization","@id":"https:\/\/www.sonoraenequipo.com.mx\/#organization","name":"Sonoraenequipo.com.mx","url":"https:\/\/www.sonoraenequipo.com.mx\/","logo":{"@type":"ImageObject","inLanguage":"es","@id":"https:\/\/www.sonoraenequipo.com.mx\/#\/schema\/logo\/image\/","url":"https:\/\/www.sonoraenequipo.com.mx\/storage\/2019\/01\/sonoraenequipo_opt.png","contentUrl":"https:\/\/www.sonoraenequipo.com.mx\/storage\/2019\/01\/sonoraenequipo_opt.png","width":375,"height":125,"caption":"Sonoraenequipo.com.mx"},"image":{"@id":"https:\/\/www.sonoraenequipo.com.mx\/#\/schema\/logo\/image\/"},"sameAs":["https:\/\/www.facebook.com\/SonoraEE\/","https:\/\/x.com\/sonoraenequipo","https:\/\/www.youtube.com\/channel\/UC338nW-lPEYmJQs4ZABQ1SQ"]},{"@type":"Person","@id":"https:\/\/www.sonoraenequipo.com.mx\/#\/schema\/person\/50102df0fb23a8fa9e8effad8fa81386","name":"enequipo","image":{"@type":"ImageObject","inLanguage":"es","@id":"https:\/\/www.sonoraenequipo.com.mx\/#\/schema\/person\/image\/","url":"https:\/\/secure.gravatar.com\/avatar\/049821681b589dabc0bc20695993ccebb09f5b5d4d790cd9251b97faac7c652b?s=96&d=blank&r=g","contentUrl":"https:\/\/secure.gravatar.com\/avatar\/049821681b589dabc0bc20695993ccebb09f5b5d4d790cd9251b97faac7c652b?s=96&d=blank&r=g","caption":"enequipo"},"sameAs":["https:\/\/www.facebook.com\/SonoraEE"]}]}},"jetpack_featured_media_url":"","_links":{"self":[{"href":"https:\/\/www.sonoraenequipo.com.mx\/api\/wp\/v2\/posts\/188363","targetHints":{"allow":["GET"]}}],"collection":[{"href":"https:\/\/www.sonoraenequipo.com.mx\/api\/wp\/v2\/posts"}],"about":[{"href":"https:\/\/www.sonoraenequipo.com.mx\/api\/wp\/v2\/types\/post"}],"author":[{"embeddable":true,"href":"https:\/\/www.sonoraenequipo.com.mx\/api\/wp\/v2\/users\/1"}],"replies":[{"embeddable":true,"href":"https:\/\/www.sonoraenequipo.com.mx\/api\/wp\/v2\/comments?post=188363"}],"version-history":[{"count":1,"href":"https:\/\/www.sonoraenequipo.com.mx\/api\/wp\/v2\/posts\/188363\/revisions"}],"predecessor-version":[{"id":188364,"href":"https:\/\/www.sonoraenequipo.com.mx\/api\/wp\/v2\/posts\/188363\/revisions\/188364"}],"wp:attachment":[{"href":"https:\/\/www.sonoraenequipo.com.mx\/api\/wp\/v2\/media?parent=188363"}],"wp:term":[{"taxonomy":"category","embeddable":true,"href":"https:\/\/www.sonoraenequipo.com.mx\/api\/wp\/v2\/categories?post=188363"},{"taxonomy":"post_tag","embeddable":true,"href":"https:\/\/www.sonoraenequipo.com.mx\/api\/wp\/v2\/tags?post=188363"}],"curies":[{"name":"wp","href":"https:\/\/api.w.org\/{rel}","templated":true}]}}