{"id":188369,"date":"2024-04-25T12:28:11","date_gmt":"2024-04-25T19:28:11","guid":{"rendered":"https:\/\/www.sonoraenequipo.com.mx\/?p=188369"},"modified":"2024-04-25T12:28:11","modified_gmt":"2024-04-25T19:28:11","slug":"suspende-proteccion-civil-dos-guarderias-en-etchojoa-y-huatabampo","status":"publish","type":"post","link":"https:\/\/www.sonoraenequipo.com.mx\/suspende-proteccion-civil-dos-guarderias-en-etchojoa-y-huatabampo\/","title":{"rendered":"Suspende Protecci\u00f3n Civil dos guarder\u00edas en Etchojoa y Huatabampo"},"content":{"rendered":"<p><strong>HERMOSILLO, SONORA, MX.\u02d7\u02d7\u02d7 <\/strong>Personal de la Brigada Especial de Guarder\u00edas y Preescolares de la Coordinaci\u00f3n Estatal de Protecci\u00f3n Civil (CEPC) en Sonora, suspendi\u00f3 por diversas irregularidades, dos guarder\u00edas en los municipios de Etchojoa y Huatabampo.<\/p>\n<p>&nbsp;<\/p>\n<p>&nbsp;<\/p>\n<p>&nbsp;<\/p>\n<p>La Estancia Infantil \u201cHappy Place\u201d, ubicada en Privada Sin Nombre esquina con \u00c1lvaro Obreg\u00f3n en Huatabampo, no contaba con un Programa Interno de Protecci\u00f3n Civil ni seguro de responsabilidad civil, adem\u00e1s, los contactos el\u00e9ctricos estaban sin protecci\u00f3n y tampoco hab\u00eda salida de emergencia, entre otras irregularidades.<\/p>\n<p>&nbsp;<\/p>\n<p>&nbsp;<\/p>\n<p>&nbsp;<\/p>\n<p>Por otra parte, la guarder\u00eda \u201cLupita\u201d, ubicada en el Ejido Las Guayabas en el municipio de Etchojoa, tampoco contaba con un Programa Interno de Protecci\u00f3n Civil, se encontraba sin muros de contenci\u00f3n, ten\u00eda cableado expuesto y se encontraron detectores de humo que no funcionaban, entre otros problemas.<\/p>\n<p>&nbsp;<\/p>\n<p>&nbsp;<\/p>\n<p>&nbsp;<\/p>\n<p>Estas guarder\u00edas permanecer\u00e1n suspendidas hasta que cumplan con la normatividad vigente y subsanen las observaciones presentadas.<\/p>\n<p><strong>Fecha de publicaci\u00f3n <\/strong><strong>jueves 25 de abril de 2024<\/strong><\/p>\n","protected":false},"excerpt":{"rendered":"<p>HERMOSILLO, SONORA, MX.\u02d7\u02d7\u02d7 Personal de la Brigada Especial de Guarder\u00edas y Preescolares de la Coordinaci\u00f3n&#8230;<\/p>\n","protected":false},"author":1,"featured_media":188370,"comment_status":"open","ping_status":"open","sticky":false,"template":"","format":"standard","meta":{"_monsterinsights_skip_tracking":false,"_monsterinsights_sitenote_active":false,"_monsterinsights_sitenote_note":"","_monsterinsights_sitenote_category":0,"footnotes":""},"categories":[4],"tags":[6370,6372,15],"class_list":["post"],"yoast_head":" \n<title>Sonora en Equipo. Suspende Protecci\u00f3n Civil dos guarder\u00edas en Etchojoa y Huatabampo Municipios<\/title>\n<meta name=\"description\" content=\"HERMOSILLO, SONORA, MX.\u02d7\u02d7\u02d7 Personal de la Brigada Especial de Guarder\u00edas y Preescolares de la Coordinaci\u00f3n Estatal de Protecci\u00f3n Civil (CEPC) en Sonora, En Sonora en Equipo publicamos toda la informaci\u00f3n de Sonora, M\u00e9xico y el Mundo de manera oportuna y busca que la libertad de expresi\u00f3n sea real. Visita nuestro medio informativo publicado desde Hermosillo, Sonora. %\" \/>\n<meta name=\"robots\" content=\"index, follow, max-snippet:-1, max-image-preview:large, max-video-preview:-1\" \/>\n<link rel=\"canonical\" href=\"https:\/\/www.sonoraenequipo.com.mx\/suspende-proteccion-civil-dos-guarderias-en-etchojoa-y-huatabampo\/\" \/>\n<meta property=\"og:locale\" content=\"es_ES\" \/>\n<meta property=\"og:type\" content=\"article\" \/>\n<meta property=\"og:title\" content=\"Sonora en Equipo. Suspende Protecci\u00f3n Civil dos guarder\u00edas en Etchojoa y Huatabampo Municipios\" \/>\n<meta property=\"og:description\" content=\"HERMOSILLO, SONORA, MX.\u02d7\u02d7\u02d7 Personal de la Brigada Especial de Guarder\u00edas y Preescolares de la Coordinaci\u00f3n Estatal de Protecci\u00f3n Civil (CEPC) en Sonora, En Sonora en Equipo publicamos toda la informaci\u00f3n de Sonora, M\u00e9xico y el Mundo de manera oportuna y busca que la libertad de expresi\u00f3n sea real. Visita nuestro medio informativo publicado desde Hermosillo, Sonora. %\" \/>\n<meta property=\"og:url\" content=\"https:\/\/www.sonoraenequipo.com.mx\/suspende-proteccion-civil-dos-guarderias-en-etchojoa-y-huatabampo\/\" \/>\n<meta property=\"og:site_name\" content=\"Sonora en Equipo.\" \/>\n<meta property=\"article:publisher\" content=\"https:\/\/www.facebook.com\/SonoraEE\/\" \/>\n<meta property=\"article:author\" content=\"https:\/\/www.facebook.com\/SonoraEE\" \/>\n<meta property=\"article:published_time\" content=\"2024-04-25T19:28:11+00:00\" \/>\n<meta property=\"og:image\" content=\"https:\/\/www.sonoraenequipo.com.mx\/storage\/2024\/04\/guarderias.jpg\" \/>\n\t<meta property=\"og:image:width\" content=\"900\" \/>\n\t<meta property=\"og:image:height\" content=\"600\" \/>\n\t<meta property=\"og:image:type\" content=\"image\/jpeg\" \/>\n<meta name=\"author\" content=\"enequipo\" \/>\n<meta name=\"twitter:card\" content=\"summary_large_image\" \/>\n<meta name=\"twitter:creator\" content=\"@sonoraenequipo\" \/>\n<meta name=\"twitter:site\" content=\"@sonoraenequipo\" \/>\n<meta name=\"twitter:label1\" content=\"Escrito por\" \/>\n\t<meta name=\"twitter:data1\" content=\"enequipo\" \/>\n\t<meta name=\"twitter:label2\" content=\"Tiempo de lectura\" \/>\n\t<meta name=\"twitter:data2\" content=\"1 minuto\" \/>\n<script type=\"application\/ld+json\" class=\"yoast-schema-graph\">{\"@context\":\"https:\/\/schema.org\",\"@graph\":[{\"@type\":\"Article\",\"@id\":\"https:\/\/www.sonoraenequipo.com.mx\/suspende-proteccion-civil-dos-guarderias-en-etchojoa-y-huatabampo\/#article\",\"isPartOf\":{\"@id\":\"https:\/\/www.sonoraenequipo.com.mx\/suspende-proteccion-civil-dos-guarderias-en-etchojoa-y-huatabampo\/\"},\"author\":{\"name\":\"enequipo\",\"@id\":\"https:\/\/www.sonoraenequipo.com.mx\/#\/schema\/person\/50102df0fb23a8fa9e8effad8fa81386\"},\"headline\":\"Suspende Protecci\u00f3n Civil dos guarder\u00edas en Etchojoa y Huatabampo\",\"datePublished\":\"2024-04-25T19:28:11+00:00\",\"mainEntityOfPage\":{\"@id\":\"https:\/\/www.sonoraenequipo.com.mx\/suspende-proteccion-civil-dos-guarderias-en-etchojoa-y-huatabampo\/\"},\"wordCount\":188,\"commentCount\":0,\"publisher\":{\"@id\":\"https:\/\/www.sonoraenequipo.com.mx\/#organization\"},\"image\":{\"@id\":\"https:\/\/www.sonoraenequipo.com.mx\/suspende-proteccion-civil-dos-guarderias-en-etchojoa-y-huatabampo\/#primaryimage\"},\"thumbnailUrl\":\"https:\/\/www.sonoraenequipo.com.mx\/storage\/2024\/04\/guarderias.jpg\",\"keywords\":[\"cepc\",\"guarderias\",\"Sonora\"],\"articleSection\":[\"Municipios\"],\"inLanguage\":\"es\",\"potentialAction\":[{\"@type\":\"CommentAction\",\"name\":\"Comment\",\"target\":[\"https:\/\/www.sonoraenequipo.com.mx\/suspende-proteccion-civil-dos-guarderias-en-etchojoa-y-huatabampo\/#respond\"]}]},{\"@type\":\"WebPage\",\"@id\":\"https:\/\/www.sonoraenequipo.com.mx\/suspende-proteccion-civil-dos-guarderias-en-etchojoa-y-huatabampo\/\",\"url\":\"https:\/\/www.sonoraenequipo.com.mx\/suspende-proteccion-civil-dos-guarderias-en-etchojoa-y-huatabampo\/\",\"name\":\"Sonora en Equipo. Suspende Protecci\u00f3n Civil dos guarder\u00edas en Etchojoa y Huatabampo Municipios\",\"isPartOf\":{\"@id\":\"https:\/\/www.sonoraenequipo.com.mx\/#website\"},\"primaryImageOfPage\":{\"@id\":\"https:\/\/www.sonoraenequipo.com.mx\/suspende-proteccion-civil-dos-guarderias-en-etchojoa-y-huatabampo\/#primaryimage\"},\"image\":{\"@id\":\"https:\/\/www.sonoraenequipo.com.mx\/suspende-proteccion-civil-dos-guarderias-en-etchojoa-y-huatabampo\/#primaryimage\"},\"thumbnailUrl\":\"https:\/\/www.sonoraenequipo.com.mx\/storage\/2024\/04\/guarderias.jpg\",\"datePublished\":\"2024-04-25T19:28:11+00:00\",\"description\":\"HERMOSILLO, SONORA, MX.\u02d7\u02d7\u02d7 Personal de la Brigada Especial de Guarder\u00edas y Preescolares de la Coordinaci\u00f3n Estatal de Protecci\u00f3n Civil (CEPC) en Sonora, En Sonora en Equipo publicamos toda la informaci\u00f3n de Sonora, M\u00e9xico y el Mundo de manera oportuna y busca que la libertad de expresi\u00f3n sea real. Visita nuestro medio informativo publicado desde Hermosillo, Sonora. %\",\"breadcrumb\":{\"@id\":\"https:\/\/www.sonoraenequipo.com.mx\/suspende-proteccion-civil-dos-guarderias-en-etchojoa-y-huatabampo\/#breadcrumb\"},\"inLanguage\":\"es\",\"potentialAction\":[{\"@type\":\"ReadAction\",\"target\":[\"https:\/\/www.sonoraenequipo.com.mx\/suspende-proteccion-civil-dos-guarderias-en-etchojoa-y-huatabampo\/\"]}]},{\"@type\":\"ImageObject\",\"inLanguage\":\"es\",\"@id\":\"https:\/\/www.sonoraenequipo.com.mx\/suspende-proteccion-civil-dos-guarderias-en-etchojoa-y-huatabampo\/#primaryimage\",\"url\":\"https:\/\/www.sonoraenequipo.com.mx\/storage\/2024\/04\/guarderias.jpg\",\"contentUrl\":\"https:\/\/www.sonoraenequipo.com.mx\/storage\/2024\/04\/guarderias.jpg\",\"width\":900,\"height\":600},{\"@type\":\"BreadcrumbList\",\"@id\":\"https:\/\/www.sonoraenequipo.com.mx\/suspende-proteccion-civil-dos-guarderias-en-etchojoa-y-huatabampo\/#breadcrumb\",\"itemListElement\":[{\"@type\":\"ListItem\",\"position\":1,\"name\":\"Portada\",\"item\":\"https:\/\/www.sonoraenequipo.com.mx\/\"},{\"@type\":\"ListItem\",\"position\":2,\"name\":\"Suspende Protecci\u00f3n Civil dos guarder\u00edas en Etchojoa y Huatabampo\"}]},{\"@type\":\"WebSite\",\"@id\":\"https:\/\/www.sonoraenequipo.com.mx\/#website\",\"url\":\"https:\/\/www.sonoraenequipo.com.mx\/\",\"name\":\"Sonora en Equipo.\",\"description\":\"Diario en l\u00ednea con Noticias desde Hermosillo, Sonora\",\"publisher\":{\"@id\":\"https:\/\/www.sonoraenequipo.com.mx\/#organization\"},\"potentialAction\":[{\"@type\":\"SearchAction\",\"target\":{\"@type\":\"EntryPoint\",\"urlTemplate\":\"https:\/\/www.sonoraenequipo.com.mx\/?s={search_term_string}\"},\"query-input\":{\"@type\":\"PropertyValueSpecification\",\"valueRequired\":true,\"valueName\":\"search_term_string\"}}],\"inLanguage\":\"es\"},{\"@type\":\"Organization\",\"@id\":\"https:\/\/www.sonoraenequipo.com.mx\/#organization\",\"name\":\"Sonoraenequipo.com.mx\",\"url\":\"https:\/\/www.sonoraenequipo.com.mx\/\",\"logo\":{\"@type\":\"ImageObject\",\"inLanguage\":\"es\",\"@id\":\"https:\/\/www.sonoraenequipo.com.mx\/#\/schema\/logo\/image\/\",\"url\":\"https:\/\/www.sonoraenequipo.com.mx\/storage\/2019\/01\/sonoraenequipo_opt.png\",\"contentUrl\":\"https:\/\/www.sonoraenequipo.com.mx\/storage\/2019\/01\/sonoraenequipo_opt.png\",\"width\":375,\"height\":125,\"caption\":\"Sonoraenequipo.com.mx\"},\"image\":{\"@id\":\"https:\/\/www.sonoraenequipo.com.mx\/#\/schema\/logo\/image\/\"},\"sameAs\":[\"https:\/\/www.facebook.com\/SonoraEE\/\",\"https:\/\/x.com\/sonoraenequipo\",\"https:\/\/www.youtube.com\/channel\/UC338nW-lPEYmJQs4ZABQ1SQ\"]},{\"@type\":\"Person\",\"@id\":\"https:\/\/www.sonoraenequipo.com.mx\/#\/schema\/person\/50102df0fb23a8fa9e8effad8fa81386\",\"name\":\"enequipo\",\"image\":{\"@type\":\"ImageObject\",\"inLanguage\":\"es\",\"@id\":\"https:\/\/www.sonoraenequipo.com.mx\/#\/schema\/person\/image\/\",\"url\":\"https:\/\/secure.gravatar.com\/avatar\/049821681b589dabc0bc20695993ccebb09f5b5d4d790cd9251b97faac7c652b?s=96&d=blank&r=g\",\"contentUrl\":\"https:\/\/secure.gravatar.com\/avatar\/049821681b589dabc0bc20695993ccebb09f5b5d4d790cd9251b97faac7c652b?s=96&d=blank&r=g\",\"caption\":\"enequipo\"},\"sameAs\":[\"https:\/\/www.facebook.com\/SonoraEE\"]}]}<\/script>\n ","yoast_head_json":{"title":"Sonora en Equipo. Suspende Protecci\u00f3n Civil dos guarder\u00edas en Etchojoa y Huatabampo Municipios","description":"HERMOSILLO, SONORA, MX.\u02d7\u02d7\u02d7 Personal de la Brigada Especial de Guarder\u00edas y Preescolares de la Coordinaci\u00f3n Estatal de Protecci\u00f3n Civil (CEPC) en Sonora, En Sonora en Equipo publicamos toda la informaci\u00f3n de Sonora, M\u00e9xico y el Mundo de manera oportuna y busca que la libertad de expresi\u00f3n sea real. Visita nuestro medio informativo publicado desde Hermosillo, Sonora. %","robots":{"index":"index","follow":"follow","max-snippet":"max-snippet:-1","max-image-preview":"max-image-preview:large","max-video-preview":"max-video-preview:-1"},"canonical":"https:\/\/www.sonoraenequipo.com.mx\/suspende-proteccion-civil-dos-guarderias-en-etchojoa-y-huatabampo\/","og_locale":"es_ES","og_type":"article","og_title":"Sonora en Equipo. Suspende Protecci\u00f3n Civil dos guarder\u00edas en Etchojoa y Huatabampo Municipios","og_description":"HERMOSILLO, SONORA, MX.\u02d7\u02d7\u02d7 Personal de la Brigada Especial de Guarder\u00edas y Preescolares de la Coordinaci\u00f3n Estatal de Protecci\u00f3n Civil (CEPC) en Sonora, En Sonora en Equipo publicamos toda la informaci\u00f3n de Sonora, M\u00e9xico y el Mundo de manera oportuna y busca que la libertad de expresi\u00f3n sea real. Visita nuestro medio informativo publicado desde Hermosillo, Sonora. %","og_url":"https:\/\/www.sonoraenequipo.com.mx\/suspende-proteccion-civil-dos-guarderias-en-etchojoa-y-huatabampo\/","og_site_name":"Sonora en Equipo.","article_publisher":"https:\/\/www.facebook.com\/SonoraEE\/","article_author":"https:\/\/www.facebook.com\/SonoraEE","article_published_time":"2024-04-25T19:28:11+00:00","og_image":[{"width":900,"height":600,"url":"https:\/\/www.sonoraenequipo.com.mx\/storage\/2024\/04\/guarderias.jpg","type":"image\/jpeg"}],"author":"enequipo","twitter_card":"summary_large_image","twitter_creator":"@sonoraenequipo","twitter_site":"@sonoraenequipo","twitter_misc":{"Escrito por":"enequipo","Tiempo de lectura":"1 minuto"},"schema":{"@context":"https:\/\/schema.org","@graph":[{"@type":"Article","@id":"https:\/\/www.sonoraenequipo.com.mx\/suspende-proteccion-civil-dos-guarderias-en-etchojoa-y-huatabampo\/#article","isPartOf":{"@id":"https:\/\/www.sonoraenequipo.com.mx\/suspende-proteccion-civil-dos-guarderias-en-etchojoa-y-huatabampo\/"},"author":{"name":"enequipo","@id":"https:\/\/www.sonoraenequipo.com.mx\/#\/schema\/person\/50102df0fb23a8fa9e8effad8fa81386"},"headline":"Suspende Protecci\u00f3n Civil dos guarder\u00edas en Etchojoa y Huatabampo","datePublished":"2024-04-25T19:28:11+00:00","mainEntityOfPage":{"@id":"https:\/\/www.sonoraenequipo.com.mx\/suspende-proteccion-civil-dos-guarderias-en-etchojoa-y-huatabampo\/"},"wordCount":188,"commentCount":0,"publisher":{"@id":"https:\/\/www.sonoraenequipo.com.mx\/#organization"},"image":{"@id":"https:\/\/www.sonoraenequipo.com.mx\/suspende-proteccion-civil-dos-guarderias-en-etchojoa-y-huatabampo\/#primaryimage"},"thumbnailUrl":"https:\/\/www.sonoraenequipo.com.mx\/storage\/2024\/04\/guarderias.jpg","keywords":["cepc","guarderias","Sonora"],"articleSection":["Municipios"],"inLanguage":"es","potentialAction":[{"@type":"CommentAction","name":"Comment","target":["https:\/\/www.sonoraenequipo.com.mx\/suspende-proteccion-civil-dos-guarderias-en-etchojoa-y-huatabampo\/#respond"]}]},{"@type":"WebPage","@id":"https:\/\/www.sonoraenequipo.com.mx\/suspende-proteccion-civil-dos-guarderias-en-etchojoa-y-huatabampo\/","url":"https:\/\/www.sonoraenequipo.com.mx\/suspende-proteccion-civil-dos-guarderias-en-etchojoa-y-huatabampo\/","name":"Sonora en Equipo. Suspende Protecci\u00f3n Civil dos guarder\u00edas en Etchojoa y Huatabampo Municipios","isPartOf":{"@id":"https:\/\/www.sonoraenequipo.com.mx\/#website"},"primaryImageOfPage":{"@id":"https:\/\/www.sonoraenequipo.com.mx\/suspende-proteccion-civil-dos-guarderias-en-etchojoa-y-huatabampo\/#primaryimage"},"image":{"@id":"https:\/\/www.sonoraenequipo.com.mx\/suspende-proteccion-civil-dos-guarderias-en-etchojoa-y-huatabampo\/#primaryimage"},"thumbnailUrl":"https:\/\/www.sonoraenequipo.com.mx\/storage\/2024\/04\/guarderias.jpg","datePublished":"2024-04-25T19:28:11+00:00","description":"HERMOSILLO, SONORA, MX.\u02d7\u02d7\u02d7 Personal de la Brigada Especial de Guarder\u00edas y Preescolares de la Coordinaci\u00f3n Estatal de Protecci\u00f3n Civil (CEPC) en Sonora, En Sonora en Equipo publicamos toda la informaci\u00f3n de Sonora, M\u00e9xico y el Mundo de manera oportuna y busca que la libertad de expresi\u00f3n sea real. Visita nuestro medio informativo publicado desde Hermosillo, Sonora. %","breadcrumb":{"@id":"https:\/\/www.sonoraenequipo.com.mx\/suspende-proteccion-civil-dos-guarderias-en-etchojoa-y-huatabampo\/#breadcrumb"},"inLanguage":"es","potentialAction":[{"@type":"ReadAction","target":["https:\/\/www.sonoraenequipo.com.mx\/suspende-proteccion-civil-dos-guarderias-en-etchojoa-y-huatabampo\/"]}]},{"@type":"ImageObject","inLanguage":"es","@id":"https:\/\/www.sonoraenequipo.com.mx\/suspende-proteccion-civil-dos-guarderias-en-etchojoa-y-huatabampo\/#primaryimage","url":"https:\/\/www.sonoraenequipo.com.mx\/storage\/2024\/04\/guarderias.jpg","contentUrl":"https:\/\/www.sonoraenequipo.com.mx\/storage\/2024\/04\/guarderias.jpg","width":900,"height":600},{"@type":"BreadcrumbList","@id":"https:\/\/www.sonoraenequipo.com.mx\/suspende-proteccion-civil-dos-guarderias-en-etchojoa-y-huatabampo\/#breadcrumb","itemListElement":[{"@type":"ListItem","position":1,"name":"Portada","item":"https:\/\/www.sonoraenequipo.com.mx\/"},{"@type":"ListItem","position":2,"name":"Suspende Protecci\u00f3n Civil dos guarder\u00edas en Etchojoa y Huatabampo"}]},{"@type":"WebSite","@id":"https:\/\/www.sonoraenequipo.com.mx\/#website","url":"https:\/\/www.sonoraenequipo.com.mx\/","name":"Sonora en Equipo.","description":"Diario en l\u00ednea con Noticias desde Hermosillo, Sonora","publisher":{"@id":"https:\/\/www.sonoraenequipo.com.mx\/#organization"},"potentialAction":[{"@type":"SearchAction","target":{"@type":"EntryPoint","urlTemplate":"https:\/\/www.sonoraenequipo.com.mx\/?s={search_term_string}"},"query-input":{"@type":"PropertyValueSpecification","valueRequired":true,"valueName":"search_term_string"}}],"inLanguage":"es"},{"@type":"Organization","@id":"https:\/\/www.sonoraenequipo.com.mx\/#organization","name":"Sonoraenequipo.com.mx","url":"https:\/\/www.sonoraenequipo.com.mx\/","logo":{"@type":"ImageObject","inLanguage":"es","@id":"https:\/\/www.sonoraenequipo.com.mx\/#\/schema\/logo\/image\/","url":"https:\/\/www.sonoraenequipo.com.mx\/storage\/2019\/01\/sonoraenequipo_opt.png","contentUrl":"https:\/\/www.sonoraenequipo.com.mx\/storage\/2019\/01\/sonoraenequipo_opt.png","width":375,"height":125,"caption":"Sonoraenequipo.com.mx"},"image":{"@id":"https:\/\/www.sonoraenequipo.com.mx\/#\/schema\/logo\/image\/"},"sameAs":["https:\/\/www.facebook.com\/SonoraEE\/","https:\/\/x.com\/sonoraenequipo","https:\/\/www.youtube.com\/channel\/UC338nW-lPEYmJQs4ZABQ1SQ"]},{"@type":"Person","@id":"https:\/\/www.sonoraenequipo.com.mx\/#\/schema\/person\/50102df0fb23a8fa9e8effad8fa81386","name":"enequipo","image":{"@type":"ImageObject","inLanguage":"es","@id":"https:\/\/www.sonoraenequipo.com.mx\/#\/schema\/person\/image\/","url":"https:\/\/secure.gravatar.com\/avatar\/049821681b589dabc0bc20695993ccebb09f5b5d4d790cd9251b97faac7c652b?s=96&d=blank&r=g","contentUrl":"https:\/\/secure.gravatar.com\/avatar\/049821681b589dabc0bc20695993ccebb09f5b5d4d790cd9251b97faac7c652b?s=96&d=blank&r=g","caption":"enequipo"},"sameAs":["https:\/\/www.facebook.com\/SonoraEE"]}]}},"jetpack_featured_media_url":"https:\/\/www.sonoraenequipo.com.mx\/storage\/2024\/04\/guarderias.jpg","_links":{"self":[{"href":"https:\/\/www.sonoraenequipo.com.mx\/api\/wp\/v2\/posts\/188369","targetHints":{"allow":["GET"]}}],"collection":[{"href":"https:\/\/www.sonoraenequipo.com.mx\/api\/wp\/v2\/posts"}],"about":[{"href":"https:\/\/www.sonoraenequipo.com.mx\/api\/wp\/v2\/types\/post"}],"author":[{"embeddable":true,"href":"https:\/\/www.sonoraenequipo.com.mx\/api\/wp\/v2\/users\/1"}],"replies":[{"embeddable":true,"href":"https:\/\/www.sonoraenequipo.com.mx\/api\/wp\/v2\/comments?post=188369"}],"version-history":[{"count":1,"href":"https:\/\/www.sonoraenequipo.com.mx\/api\/wp\/v2\/posts\/188369\/revisions"}],"predecessor-version":[{"id":188371,"href":"https:\/\/www.sonoraenequipo.com.mx\/api\/wp\/v2\/posts\/188369\/revisions\/188371"}],"wp:featuredmedia":[{"embeddable":true,"href":"https:\/\/www.sonoraenequipo.com.mx\/api\/wp\/v2\/media\/188370"}],"wp:attachment":[{"href":"https:\/\/www.sonoraenequipo.com.mx\/api\/wp\/v2\/media?parent=188369"}],"wp:term":[{"taxonomy":"category","embeddable":true,"href":"https:\/\/www.sonoraenequipo.com.mx\/api\/wp\/v2\/categories?post=188369"},{"taxonomy":"post_tag","embeddable":true,"href":"https:\/\/www.sonoraenequipo.com.mx\/api\/wp\/v2\/tags?post=188369"}],"curies":[{"name":"wp","href":"https:\/\/api.w.org\/{rel}","templated":true}]}}