{"id":188375,"date":"2024-04-25T14:19:14","date_gmt":"2024-04-25T21:19:14","guid":{"rendered":"https:\/\/www.sonoraenequipo.com.mx\/?p=188375"},"modified":"2024-04-25T14:19:14","modified_gmt":"2024-04-25T21:19:14","slug":"taylor-swift-ya-enfado-a-sus-fans-dicen-criticos","status":"publish","type":"post","link":"https:\/\/www.sonoraenequipo.com.mx\/taylor-swift-ya-enfado-a-sus-fans-dicen-criticos\/","title":{"rendered":"Taylor Swift ya enfad\u00f3 a sus fans; dicen cr\u00edticos"},"content":{"rendered":"<p>La sobre exposici\u00f3n de la imagen de Taylor Swift, est\u00e1 ocasionando que sus fans \u00a0se est\u00e9n cansando de ella, la cantante Taylor Swift le ha dado mucho a sus fan\u00e1ticos. \u00bfEs demasiado ya?<\/p>\n<p>Nadie pudo escapar de Swift en el \u00faltimo a\u00f1o. Con el lanzamiento de \u201cThe Tortured Poets Department\u201d, su m\u00e1s reciente (y largu\u00edsimo) \u00e1lbum, algunos parecen sentirse por fin fatigados.<\/p>\n<p>&nbsp;<\/p>\n<p>Taylor Swift ha estado en todas partes y es posible que finalmente sea demasiado para algunas personas. Cuatro nuevos \u00e1lbumes de estudio. Cuatro \u00e1lbumes regrabados tambi\u00e9n. Una gira mundial de 1000 millones de d\u00f3lares junto con la pel\u00edcula de sus conciertos. Y, por supuesto, una relaci\u00f3n muy sonada que lleg\u00f3 hasta el Super Bowl.<\/p>\n<p>Para algunos, esta avalancha constante que ha alcanzado su punto \u00e1lgido en el \u00faltimo a\u00f1o est\u00e1 empezando a sumarse a un nuevo (y antes impensable) sentimiento: la fatiga de Taylor Swift.<\/p>\n<p>&nbsp;<\/p>\n<p>Y es un sentimiento que se ha consolidado en internet durante los d\u00edas posteriores al lanzamiento de The Tortured Poets Department, que pas\u00f3 de ser un \u00e1lbum de 16 pistas a una epopeya de dos horas y 31 canciones pocas horas despu\u00e9s de su lanzamiento.<\/p>\n<p>Taylor Swift le ha dado mucho a sus fan\u00e1ticos. \u00bfEs demasiado ya?<\/p>\n<p>Nadie pudo escapar de Swift en el \u00faltimo a\u00f1o. Con el lanzamiento de \u201cThe Tortured Poets Department\u201d, su m\u00e1s reciente (y largu\u00edsimo) \u00e1lbum, algunos parecen sentirse por fin fatigados.<\/p>\n<p>&nbsp;<\/p>\n<p><strong>Fecha de publicaci\u00f3n <\/strong><strong>jueves 25 de abril de 2024 \/ con informaci\u00f3n de The New York Times<\/strong><\/p>\n","protected":false},"excerpt":{"rendered":"<p>La sobre exposici\u00f3n de la imagen de Taylor Swift, est\u00e1 ocasionando que sus fans \u00a0se&#8230;<\/p>\n","protected":false},"author":1,"featured_media":188394,"comment_status":"open","ping_status":"open","sticky":false,"template":"","format":"standard","meta":{"_monsterinsights_skip_tracking":false,"_monsterinsights_sitenote_active":false,"_monsterinsights_sitenote_note":"","_monsterinsights_sitenote_category":0,"footnotes":""},"categories":[2987],"tags":[3377],"class_list":["post"],"yoast_head":" \n<title>Sonora en Equipo. Taylor Swift ya enfad\u00f3 a sus fans; dicen cr\u00edticos Showbiz<\/title>\n<meta name=\"description\" content=\"La sobre exposici\u00f3n de la imagen de Taylor Swift, est\u00e1 ocasionando que sus fans \u00a0se est\u00e9n cansando de ella, la cantante Taylor Swift le ha dado mucho a En Sonora en Equipo publicamos toda la informaci\u00f3n de Sonora, M\u00e9xico y el Mundo de manera oportuna y busca que la libertad de expresi\u00f3n sea real. Visita nuestro medio informativo publicado desde Hermosillo, Sonora. %\" \/>\n<meta name=\"robots\" content=\"index, follow, max-snippet:-1, max-image-preview:large, max-video-preview:-1\" \/>\n<link rel=\"canonical\" href=\"https:\/\/www.sonoraenequipo.com.mx\/taylor-swift-ya-enfado-a-sus-fans-dicen-criticos\/\" \/>\n<meta property=\"og:locale\" content=\"es_ES\" \/>\n<meta property=\"og:type\" content=\"article\" \/>\n<meta property=\"og:title\" content=\"Sonora en Equipo. Taylor Swift ya enfad\u00f3 a sus fans; dicen cr\u00edticos Showbiz\" \/>\n<meta property=\"og:description\" content=\"La sobre exposici\u00f3n de la imagen de Taylor Swift, est\u00e1 ocasionando que sus fans \u00a0se est\u00e9n cansando de ella, la cantante Taylor Swift le ha dado mucho a En Sonora en Equipo publicamos toda la informaci\u00f3n de Sonora, M\u00e9xico y el Mundo de manera oportuna y busca que la libertad de expresi\u00f3n sea real. Visita nuestro medio informativo publicado desde Hermosillo, Sonora. %\" \/>\n<meta property=\"og:url\" content=\"https:\/\/www.sonoraenequipo.com.mx\/taylor-swift-ya-enfado-a-sus-fans-dicen-criticos\/\" \/>\n<meta property=\"og:site_name\" content=\"Sonora en Equipo.\" \/>\n<meta property=\"article:publisher\" content=\"https:\/\/www.facebook.com\/SonoraEE\/\" \/>\n<meta property=\"article:author\" content=\"https:\/\/www.facebook.com\/SonoraEE\" \/>\n<meta property=\"article:published_time\" content=\"2024-04-25T21:19:14+00:00\" \/>\n<meta property=\"og:image\" content=\"https:\/\/www.sonoraenequipo.com.mx\/storage\/2024\/04\/taylor.jpg\" \/>\n\t<meta property=\"og:image:width\" content=\"900\" \/>\n\t<meta property=\"og:image:height\" content=\"506\" \/>\n\t<meta property=\"og:image:type\" content=\"image\/jpeg\" \/>\n<meta name=\"author\" content=\"enequipo\" \/>\n<meta name=\"twitter:card\" content=\"summary_large_image\" \/>\n<meta name=\"twitter:creator\" content=\"@sonoraenequipo\" \/>\n<meta name=\"twitter:site\" content=\"@sonoraenequipo\" \/>\n<meta name=\"twitter:label1\" content=\"Escrito por\" \/>\n\t<meta name=\"twitter:data1\" content=\"enequipo\" \/>\n\t<meta name=\"twitter:label2\" content=\"Tiempo de lectura\" \/>\n\t<meta name=\"twitter:data2\" content=\"1 minuto\" \/>\n<script type=\"application\/ld+json\" class=\"yoast-schema-graph\">{\"@context\":\"https:\/\/schema.org\",\"@graph\":[{\"@type\":\"Article\",\"@id\":\"https:\/\/www.sonoraenequipo.com.mx\/taylor-swift-ya-enfado-a-sus-fans-dicen-criticos\/#article\",\"isPartOf\":{\"@id\":\"https:\/\/www.sonoraenequipo.com.mx\/taylor-swift-ya-enfado-a-sus-fans-dicen-criticos\/\"},\"author\":{\"name\":\"enequipo\",\"@id\":\"https:\/\/www.sonoraenequipo.com.mx\/#\/schema\/person\/50102df0fb23a8fa9e8effad8fa81386\"},\"headline\":\"Taylor Swift ya enfad\u00f3 a sus fans; dicen cr\u00edticos\",\"datePublished\":\"2024-04-25T21:19:14+00:00\",\"mainEntityOfPage\":{\"@id\":\"https:\/\/www.sonoraenequipo.com.mx\/taylor-swift-ya-enfado-a-sus-fans-dicen-criticos\/\"},\"wordCount\":276,\"commentCount\":0,\"publisher\":{\"@id\":\"https:\/\/www.sonoraenequipo.com.mx\/#organization\"},\"image\":{\"@id\":\"https:\/\/www.sonoraenequipo.com.mx\/taylor-swift-ya-enfado-a-sus-fans-dicen-criticos\/#primaryimage\"},\"thumbnailUrl\":\"https:\/\/www.sonoraenequipo.com.mx\/storage\/2024\/04\/taylor.jpg\",\"keywords\":[\"Taylor Swift\"],\"articleSection\":[\"Showbiz\"],\"inLanguage\":\"es\",\"potentialAction\":[{\"@type\":\"CommentAction\",\"name\":\"Comment\",\"target\":[\"https:\/\/www.sonoraenequipo.com.mx\/taylor-swift-ya-enfado-a-sus-fans-dicen-criticos\/#respond\"]}]},{\"@type\":\"WebPage\",\"@id\":\"https:\/\/www.sonoraenequipo.com.mx\/taylor-swift-ya-enfado-a-sus-fans-dicen-criticos\/\",\"url\":\"https:\/\/www.sonoraenequipo.com.mx\/taylor-swift-ya-enfado-a-sus-fans-dicen-criticos\/\",\"name\":\"Sonora en Equipo. Taylor Swift ya enfad\u00f3 a sus fans; dicen cr\u00edticos Showbiz\",\"isPartOf\":{\"@id\":\"https:\/\/www.sonoraenequipo.com.mx\/#website\"},\"primaryImageOfPage\":{\"@id\":\"https:\/\/www.sonoraenequipo.com.mx\/taylor-swift-ya-enfado-a-sus-fans-dicen-criticos\/#primaryimage\"},\"image\":{\"@id\":\"https:\/\/www.sonoraenequipo.com.mx\/taylor-swift-ya-enfado-a-sus-fans-dicen-criticos\/#primaryimage\"},\"thumbnailUrl\":\"https:\/\/www.sonoraenequipo.com.mx\/storage\/2024\/04\/taylor.jpg\",\"datePublished\":\"2024-04-25T21:19:14+00:00\",\"description\":\"La sobre exposici\u00f3n de la imagen de Taylor Swift, est\u00e1 ocasionando que sus fans \u00a0se est\u00e9n cansando de ella, la cantante Taylor Swift le ha dado mucho a En Sonora en Equipo publicamos toda la informaci\u00f3n de Sonora, M\u00e9xico y el Mundo de manera oportuna y busca que la libertad de expresi\u00f3n sea real. Visita nuestro medio informativo publicado desde Hermosillo, Sonora. %\",\"breadcrumb\":{\"@id\":\"https:\/\/www.sonoraenequipo.com.mx\/taylor-swift-ya-enfado-a-sus-fans-dicen-criticos\/#breadcrumb\"},\"inLanguage\":\"es\",\"potentialAction\":[{\"@type\":\"ReadAction\",\"target\":[\"https:\/\/www.sonoraenequipo.com.mx\/taylor-swift-ya-enfado-a-sus-fans-dicen-criticos\/\"]}]},{\"@type\":\"ImageObject\",\"inLanguage\":\"es\",\"@id\":\"https:\/\/www.sonoraenequipo.com.mx\/taylor-swift-ya-enfado-a-sus-fans-dicen-criticos\/#primaryimage\",\"url\":\"https:\/\/www.sonoraenequipo.com.mx\/storage\/2024\/04\/taylor.jpg\",\"contentUrl\":\"https:\/\/www.sonoraenequipo.com.mx\/storage\/2024\/04\/taylor.jpg\",\"width\":900,\"height\":506},{\"@type\":\"BreadcrumbList\",\"@id\":\"https:\/\/www.sonoraenequipo.com.mx\/taylor-swift-ya-enfado-a-sus-fans-dicen-criticos\/#breadcrumb\",\"itemListElement\":[{\"@type\":\"ListItem\",\"position\":1,\"name\":\"Portada\",\"item\":\"https:\/\/www.sonoraenequipo.com.mx\/\"},{\"@type\":\"ListItem\",\"position\":2,\"name\":\"Taylor Swift ya enfad\u00f3 a sus fans; dicen cr\u00edticos\"}]},{\"@type\":\"WebSite\",\"@id\":\"https:\/\/www.sonoraenequipo.com.mx\/#website\",\"url\":\"https:\/\/www.sonoraenequipo.com.mx\/\",\"name\":\"Sonora en Equipo.\",\"description\":\"Diario en l\u00ednea con Noticias desde Hermosillo, Sonora\",\"publisher\":{\"@id\":\"https:\/\/www.sonoraenequipo.com.mx\/#organization\"},\"potentialAction\":[{\"@type\":\"SearchAction\",\"target\":{\"@type\":\"EntryPoint\",\"urlTemplate\":\"https:\/\/www.sonoraenequipo.com.mx\/?s={search_term_string}\"},\"query-input\":{\"@type\":\"PropertyValueSpecification\",\"valueRequired\":true,\"valueName\":\"search_term_string\"}}],\"inLanguage\":\"es\"},{\"@type\":\"Organization\",\"@id\":\"https:\/\/www.sonoraenequipo.com.mx\/#organization\",\"name\":\"Sonoraenequipo.com.mx\",\"url\":\"https:\/\/www.sonoraenequipo.com.mx\/\",\"logo\":{\"@type\":\"ImageObject\",\"inLanguage\":\"es\",\"@id\":\"https:\/\/www.sonoraenequipo.com.mx\/#\/schema\/logo\/image\/\",\"url\":\"https:\/\/www.sonoraenequipo.com.mx\/storage\/2019\/01\/sonoraenequipo_opt.png\",\"contentUrl\":\"https:\/\/www.sonoraenequipo.com.mx\/storage\/2019\/01\/sonoraenequipo_opt.png\",\"width\":375,\"height\":125,\"caption\":\"Sonoraenequipo.com.mx\"},\"image\":{\"@id\":\"https:\/\/www.sonoraenequipo.com.mx\/#\/schema\/logo\/image\/\"},\"sameAs\":[\"https:\/\/www.facebook.com\/SonoraEE\/\",\"https:\/\/x.com\/sonoraenequipo\",\"https:\/\/www.youtube.com\/channel\/UC338nW-lPEYmJQs4ZABQ1SQ\"]},{\"@type\":\"Person\",\"@id\":\"https:\/\/www.sonoraenequipo.com.mx\/#\/schema\/person\/50102df0fb23a8fa9e8effad8fa81386\",\"name\":\"enequipo\",\"image\":{\"@type\":\"ImageObject\",\"inLanguage\":\"es\",\"@id\":\"https:\/\/www.sonoraenequipo.com.mx\/#\/schema\/person\/image\/\",\"url\":\"https:\/\/secure.gravatar.com\/avatar\/049821681b589dabc0bc20695993ccebb09f5b5d4d790cd9251b97faac7c652b?s=96&d=blank&r=g\",\"contentUrl\":\"https:\/\/secure.gravatar.com\/avatar\/049821681b589dabc0bc20695993ccebb09f5b5d4d790cd9251b97faac7c652b?s=96&d=blank&r=g\",\"caption\":\"enequipo\"},\"sameAs\":[\"https:\/\/www.facebook.com\/SonoraEE\"]}]}<\/script>\n ","yoast_head_json":{"title":"Sonora en Equipo. Taylor Swift ya enfad\u00f3 a sus fans; dicen cr\u00edticos Showbiz","description":"La sobre exposici\u00f3n de la imagen de Taylor Swift, est\u00e1 ocasionando que sus fans \u00a0se est\u00e9n cansando de ella, la cantante Taylor Swift le ha dado mucho a En Sonora en Equipo publicamos toda la informaci\u00f3n de Sonora, M\u00e9xico y el Mundo de manera oportuna y busca que la libertad de expresi\u00f3n sea real. Visita nuestro medio informativo publicado desde Hermosillo, Sonora. %","robots":{"index":"index","follow":"follow","max-snippet":"max-snippet:-1","max-image-preview":"max-image-preview:large","max-video-preview":"max-video-preview:-1"},"canonical":"https:\/\/www.sonoraenequipo.com.mx\/taylor-swift-ya-enfado-a-sus-fans-dicen-criticos\/","og_locale":"es_ES","og_type":"article","og_title":"Sonora en Equipo. Taylor Swift ya enfad\u00f3 a sus fans; dicen cr\u00edticos Showbiz","og_description":"La sobre exposici\u00f3n de la imagen de Taylor Swift, est\u00e1 ocasionando que sus fans \u00a0se est\u00e9n cansando de ella, la cantante Taylor Swift le ha dado mucho a En Sonora en Equipo publicamos toda la informaci\u00f3n de Sonora, M\u00e9xico y el Mundo de manera oportuna y busca que la libertad de expresi\u00f3n sea real. Visita nuestro medio informativo publicado desde Hermosillo, Sonora. %","og_url":"https:\/\/www.sonoraenequipo.com.mx\/taylor-swift-ya-enfado-a-sus-fans-dicen-criticos\/","og_site_name":"Sonora en Equipo.","article_publisher":"https:\/\/www.facebook.com\/SonoraEE\/","article_author":"https:\/\/www.facebook.com\/SonoraEE","article_published_time":"2024-04-25T21:19:14+00:00","og_image":[{"width":900,"height":506,"url":"https:\/\/www.sonoraenequipo.com.mx\/storage\/2024\/04\/taylor.jpg","type":"image\/jpeg"}],"author":"enequipo","twitter_card":"summary_large_image","twitter_creator":"@sonoraenequipo","twitter_site":"@sonoraenequipo","twitter_misc":{"Escrito por":"enequipo","Tiempo de lectura":"1 minuto"},"schema":{"@context":"https:\/\/schema.org","@graph":[{"@type":"Article","@id":"https:\/\/www.sonoraenequipo.com.mx\/taylor-swift-ya-enfado-a-sus-fans-dicen-criticos\/#article","isPartOf":{"@id":"https:\/\/www.sonoraenequipo.com.mx\/taylor-swift-ya-enfado-a-sus-fans-dicen-criticos\/"},"author":{"name":"enequipo","@id":"https:\/\/www.sonoraenequipo.com.mx\/#\/schema\/person\/50102df0fb23a8fa9e8effad8fa81386"},"headline":"Taylor Swift ya enfad\u00f3 a sus fans; dicen cr\u00edticos","datePublished":"2024-04-25T21:19:14+00:00","mainEntityOfPage":{"@id":"https:\/\/www.sonoraenequipo.com.mx\/taylor-swift-ya-enfado-a-sus-fans-dicen-criticos\/"},"wordCount":276,"commentCount":0,"publisher":{"@id":"https:\/\/www.sonoraenequipo.com.mx\/#organization"},"image":{"@id":"https:\/\/www.sonoraenequipo.com.mx\/taylor-swift-ya-enfado-a-sus-fans-dicen-criticos\/#primaryimage"},"thumbnailUrl":"https:\/\/www.sonoraenequipo.com.mx\/storage\/2024\/04\/taylor.jpg","keywords":["Taylor Swift"],"articleSection":["Showbiz"],"inLanguage":"es","potentialAction":[{"@type":"CommentAction","name":"Comment","target":["https:\/\/www.sonoraenequipo.com.mx\/taylor-swift-ya-enfado-a-sus-fans-dicen-criticos\/#respond"]}]},{"@type":"WebPage","@id":"https:\/\/www.sonoraenequipo.com.mx\/taylor-swift-ya-enfado-a-sus-fans-dicen-criticos\/","url":"https:\/\/www.sonoraenequipo.com.mx\/taylor-swift-ya-enfado-a-sus-fans-dicen-criticos\/","name":"Sonora en Equipo. Taylor Swift ya enfad\u00f3 a sus fans; dicen cr\u00edticos Showbiz","isPartOf":{"@id":"https:\/\/www.sonoraenequipo.com.mx\/#website"},"primaryImageOfPage":{"@id":"https:\/\/www.sonoraenequipo.com.mx\/taylor-swift-ya-enfado-a-sus-fans-dicen-criticos\/#primaryimage"},"image":{"@id":"https:\/\/www.sonoraenequipo.com.mx\/taylor-swift-ya-enfado-a-sus-fans-dicen-criticos\/#primaryimage"},"thumbnailUrl":"https:\/\/www.sonoraenequipo.com.mx\/storage\/2024\/04\/taylor.jpg","datePublished":"2024-04-25T21:19:14+00:00","description":"La sobre exposici\u00f3n de la imagen de Taylor Swift, est\u00e1 ocasionando que sus fans \u00a0se est\u00e9n cansando de ella, la cantante Taylor Swift le ha dado mucho a En Sonora en Equipo publicamos toda la informaci\u00f3n de Sonora, M\u00e9xico y el Mundo de manera oportuna y busca que la libertad de expresi\u00f3n sea real. Visita nuestro medio informativo publicado desde Hermosillo, Sonora. %","breadcrumb":{"@id":"https:\/\/www.sonoraenequipo.com.mx\/taylor-swift-ya-enfado-a-sus-fans-dicen-criticos\/#breadcrumb"},"inLanguage":"es","potentialAction":[{"@type":"ReadAction","target":["https:\/\/www.sonoraenequipo.com.mx\/taylor-swift-ya-enfado-a-sus-fans-dicen-criticos\/"]}]},{"@type":"ImageObject","inLanguage":"es","@id":"https:\/\/www.sonoraenequipo.com.mx\/taylor-swift-ya-enfado-a-sus-fans-dicen-criticos\/#primaryimage","url":"https:\/\/www.sonoraenequipo.com.mx\/storage\/2024\/04\/taylor.jpg","contentUrl":"https:\/\/www.sonoraenequipo.com.mx\/storage\/2024\/04\/taylor.jpg","width":900,"height":506},{"@type":"BreadcrumbList","@id":"https:\/\/www.sonoraenequipo.com.mx\/taylor-swift-ya-enfado-a-sus-fans-dicen-criticos\/#breadcrumb","itemListElement":[{"@type":"ListItem","position":1,"name":"Portada","item":"https:\/\/www.sonoraenequipo.com.mx\/"},{"@type":"ListItem","position":2,"name":"Taylor Swift ya enfad\u00f3 a sus fans; dicen cr\u00edticos"}]},{"@type":"WebSite","@id":"https:\/\/www.sonoraenequipo.com.mx\/#website","url":"https:\/\/www.sonoraenequipo.com.mx\/","name":"Sonora en Equipo.","description":"Diario en l\u00ednea con Noticias desde Hermosillo, Sonora","publisher":{"@id":"https:\/\/www.sonoraenequipo.com.mx\/#organization"},"potentialAction":[{"@type":"SearchAction","target":{"@type":"EntryPoint","urlTemplate":"https:\/\/www.sonoraenequipo.com.mx\/?s={search_term_string}"},"query-input":{"@type":"PropertyValueSpecification","valueRequired":true,"valueName":"search_term_string"}}],"inLanguage":"es"},{"@type":"Organization","@id":"https:\/\/www.sonoraenequipo.com.mx\/#organization","name":"Sonoraenequipo.com.mx","url":"https:\/\/www.sonoraenequipo.com.mx\/","logo":{"@type":"ImageObject","inLanguage":"es","@id":"https:\/\/www.sonoraenequipo.com.mx\/#\/schema\/logo\/image\/","url":"https:\/\/www.sonoraenequipo.com.mx\/storage\/2019\/01\/sonoraenequipo_opt.png","contentUrl":"https:\/\/www.sonoraenequipo.com.mx\/storage\/2019\/01\/sonoraenequipo_opt.png","width":375,"height":125,"caption":"Sonoraenequipo.com.mx"},"image":{"@id":"https:\/\/www.sonoraenequipo.com.mx\/#\/schema\/logo\/image\/"},"sameAs":["https:\/\/www.facebook.com\/SonoraEE\/","https:\/\/x.com\/sonoraenequipo","https:\/\/www.youtube.com\/channel\/UC338nW-lPEYmJQs4ZABQ1SQ"]},{"@type":"Person","@id":"https:\/\/www.sonoraenequipo.com.mx\/#\/schema\/person\/50102df0fb23a8fa9e8effad8fa81386","name":"enequipo","image":{"@type":"ImageObject","inLanguage":"es","@id":"https:\/\/www.sonoraenequipo.com.mx\/#\/schema\/person\/image\/","url":"https:\/\/secure.gravatar.com\/avatar\/049821681b589dabc0bc20695993ccebb09f5b5d4d790cd9251b97faac7c652b?s=96&d=blank&r=g","contentUrl":"https:\/\/secure.gravatar.com\/avatar\/049821681b589dabc0bc20695993ccebb09f5b5d4d790cd9251b97faac7c652b?s=96&d=blank&r=g","caption":"enequipo"},"sameAs":["https:\/\/www.facebook.com\/SonoraEE"]}]}},"jetpack_featured_media_url":"https:\/\/www.sonoraenequipo.com.mx\/storage\/2024\/04\/taylor.jpg","_links":{"self":[{"href":"https:\/\/www.sonoraenequipo.com.mx\/api\/wp\/v2\/posts\/188375","targetHints":{"allow":["GET"]}}],"collection":[{"href":"https:\/\/www.sonoraenequipo.com.mx\/api\/wp\/v2\/posts"}],"about":[{"href":"https:\/\/www.sonoraenequipo.com.mx\/api\/wp\/v2\/types\/post"}],"author":[{"embeddable":true,"href":"https:\/\/www.sonoraenequipo.com.mx\/api\/wp\/v2\/users\/1"}],"replies":[{"embeddable":true,"href":"https:\/\/www.sonoraenequipo.com.mx\/api\/wp\/v2\/comments?post=188375"}],"version-history":[{"count":1,"href":"https:\/\/www.sonoraenequipo.com.mx\/api\/wp\/v2\/posts\/188375\/revisions"}],"predecessor-version":[{"id":188398,"href":"https:\/\/www.sonoraenequipo.com.mx\/api\/wp\/v2\/posts\/188375\/revisions\/188398"}],"wp:featuredmedia":[{"embeddable":true,"href":"https:\/\/www.sonoraenequipo.com.mx\/api\/wp\/v2\/media\/188394"}],"wp:attachment":[{"href":"https:\/\/www.sonoraenequipo.com.mx\/api\/wp\/v2\/media?parent=188375"}],"wp:term":[{"taxonomy":"category","embeddable":true,"href":"https:\/\/www.sonoraenequipo.com.mx\/api\/wp\/v2\/categories?post=188375"},{"taxonomy":"post_tag","embeddable":true,"href":"https:\/\/www.sonoraenequipo.com.mx\/api\/wp\/v2\/tags?post=188375"}],"curies":[{"name":"wp","href":"https:\/\/api.w.org\/{rel}","templated":true}]}}