{"id":188666,"date":"2024-04-29T16:10:00","date_gmt":"2024-04-29T23:10:00","guid":{"rendered":"https:\/\/www.sonoraenequipo.com.mx\/?p=188666"},"modified":"2024-04-29T17:07:25","modified_gmt":"2024-04-30T00:07:25","slug":"eeuu-y-mexico-aplicaran-de-inmediato-medidas-concretas-contra-cruces-fronterizos-irregulares","status":"publish","type":"post","link":"https:\/\/www.sonoraenequipo.com.mx\/eeuu-y-mexico-aplicaran-de-inmediato-medidas-concretas-contra-cruces-fronterizos-irregulares\/","title":{"rendered":"EEUU y M\u00e9xico aplicar\u00e1n de inmediato \u00abmedidas concretas\u00bb contra cruces fronterizos irregulares"},"content":{"rendered":"<p><strong>WASHINGTON, ESTADOS UNIDOS.\u00a0 \u2014 <\/strong>Estados Unidos y M\u00e9xico acordaron aplicar \u00abmedidas concretas\u00bb m\u00e1s estrictas para controlar la migraci\u00f3n irregular a trav\u00e9s de la frontera compartida, anunciaron este lunes en un comunicado los presidentes Joe Biden y Andr\u00e9s Manuel L\u00f3pez Obrador.<\/p>\n<p><strong>\u00a0<\/strong><\/p>\n<p> <\/p>\n<p>Ambos mandatarios conversaron el domingo sobre el tema migratorio, entre los m\u00e1s importantes en la mente de los votantes estadounidenses este a\u00f1o electoral, durante una llamada telef\u00f3nica en la que adem\u00e1s discutieron el manejo eficaz de la frontera compartida entre ambos pa\u00edses.<\/p>\n<p><strong>\u00a0<\/strong><\/p>\n<p><strong><em>\u00abA corto plazo, los dos l\u00edderes ordenaron a sus equipos de seguridad nacional trabajar juntos para implementar de inmediato medidas concretas para reducir significativamente los cruces fronterizos irregulares y al mismo tiempo proteger los derechos humanos\u00bb<\/em>, <\/strong>indica el texto compartido por la Casa Blanca.<\/p>\n<p>Durante la conversaci\u00f3n, ambos l\u00edderes tambi\u00e9n<strong><em> \u00abse comprometieron a promover iniciativas para abordar las causas fundamentales de la migraci\u00f3n en todo el hemisferio occidental\u00bb.<\/em><\/strong><\/p>\n<p>Funcionarios de la administraci\u00f3n estadounidense no detallaron de momento cu\u00e1les ser\u00e1n las acciones que aplicar\u00e1n ambos gobiernos para disuadir la migraci\u00f3n irregular.<\/p>\n<p><em><strong>\u00abNo me voy a adelantar a lo expuesto en el comunicado. Pero yo dir\u00eda que es un compromiso continuo para fortalecer la relaci\u00f3n bilateral que tenemos en la regi\u00f3n\u00bb,<\/strong><\/em> dijo el lunes la secretaria de prensa de Biden, Karine Jean-Pierre, en la habitual conferencia de prensa vespertina en la Casa Blanca.<\/p>\n<h3>Inmigraci\u00f3n en la mente de los votantes<\/h3>\n<p>Joe Biden busca la reelecci\u00f3n el pr\u00f3ximo noviembre y es muy probable que se enfrente a su antecesor, el republicano Donald Trump. Legisladores de la bancada opositora han criticado la <em><strong>\u00abd\u00e9bil\u00bb<\/strong><\/em> pol\u00edtica migratoria del dem\u00f3crata, al que culpan de la <em><strong>\u00abcrisis en la frontera sur\u00bb<\/strong> <\/em>estadounidense, que registr\u00f3 un r\u00e9cord de arrestos a migrantes irregulares en diciembre pasado.<\/p>\n<p>Un manifestante sostiene un cartel donde pide \u00abMant\u00e9n a mi familia junta\u00bb en ingl\u00e9s durante una protesta en Nashville, Tennessee, EEUU, el 4 de abril de 2024.<\/p>\n<p>En coincidencia con el aumento del inter\u00e9s entre los votantes, el mandatario ha endurecido su posici\u00f3n en cuanto a la migraci\u00f3n y ha declarado que considera suspender las concesiones de asilo en frontera si las cifras de llegadas superan un n\u00famero que puedan manejar, algo que ha suscitado inmediato rechazo de algunos dem\u00f3cratas.<\/p>\n<p>La administraci\u00f3n tambi\u00e9n anunci\u00f3 que estudia la regularizaci\u00f3n y concesi\u00f3n de permisos de trabajo a inmigrantes indocumentados que est\u00e9n casados con ciudadanos estadounidenses.<\/p>\n<p>EEUU y M\u00e9xico identifican a la migraci\u00f3n como uno de sus temas bilaterales de m\u00e1s importancia.<\/p>\n<p>Migrantes esperan entre las vallas fronterizas que separan a Tijuana, M\u00e9xico, de San Diego, EEUU, para solicitar asilo a las autoridades estadounidenses, el 12 de abril de 2024, vistos desde San Diego.<\/p>\n<p>En marzo pasado, las cifras de 137.480 detenciones por cruces irregulares significaron un descenso del 2,3 % en comparaci\u00f3n con los registros del mes de febrero (140.638), ca\u00edda inusual para esta temporada del a\u00f1o y que coincide con el aumento de la vigilancia en M\u00e9xico.<\/p>\n<p>Seg\u00fan cifras oficiales, M\u00e9xico hizo 240.000 detenciones de migrantes en enero y febrero, el triple de los registros del mismo periodo de 2023, y env\u00edo a muchos hacia el sur del pa\u00eds para disuadirlos de viajar a EEUU.<\/p>\n<p>M\u00e9xico celebrar\u00e1 elecciones presidenciales el 2 de junio, pero al contrario de EEUU, la inmigraci\u00f3n no es una de las principales preocupaciones de los votantes mexicanos, seg\u00fan las encuestas.<\/p>\n<p>Fecha de publicaci\u00f3n lunes 29 de abril de 2024 \/ VOA<\/p>\n","protected":false},"excerpt":{"rendered":"<p>WASHINGTON, ESTADOS UNIDOS.\u00a0 \u2014 Estados Unidos y M\u00e9xico acordaron aplicar \u00abmedidas concretas\u00bb m\u00e1s estrictas para&#8230;<\/p>\n","protected":false},"author":1,"featured_media":188667,"comment_status":"open","ping_status":"open","sticky":false,"template":"","format":"standard","meta":{"_monsterinsights_skip_tracking":false,"_monsterinsights_sitenote_active":false,"_monsterinsights_sitenote_note":"","_monsterinsights_sitenote_category":0,"footnotes":""},"categories":[3],"tags":[1916,53],"class_list":["post"],"yoast_head":" \n<title>Sonora en Equipo. EEUU y M\u00e9xico aplicar\u00e1n de inmediato &quot;medidas concretas&quot; contra cruces fronterizos irregulares MUNDO<\/title>\n<meta name=\"description\" content=\"WASHINGTON, ESTADOS UNIDOS.\u00a0 \u2014 Estados Unidos y M\u00e9xico acordaron aplicar &quot;medidas concretas&quot; m\u00e1s estrictas para controlar la migraci\u00f3n irregular a trav\u00e9s En Sonora en Equipo publicamos toda la informaci\u00f3n de Sonora, M\u00e9xico y el Mundo de manera oportuna y busca que la libertad de expresi\u00f3n sea real. Visita nuestro medio informativo publicado desde Hermosillo, Sonora. %\" \/>\n<meta name=\"robots\" content=\"index, follow, max-snippet:-1, max-image-preview:large, max-video-preview:-1\" \/>\n<link rel=\"canonical\" href=\"https:\/\/www.sonoraenequipo.com.mx\/eeuu-y-mexico-aplicaran-de-inmediato-medidas-concretas-contra-cruces-fronterizos-irregulares\/\" \/>\n<meta property=\"og:locale\" content=\"es_ES\" \/>\n<meta property=\"og:type\" content=\"article\" \/>\n<meta property=\"og:title\" content=\"Sonora en Equipo. EEUU y M\u00e9xico aplicar\u00e1n de inmediato &quot;medidas concretas&quot; contra cruces fronterizos irregulares MUNDO\" \/>\n<meta property=\"og:description\" content=\"WASHINGTON, ESTADOS UNIDOS.\u00a0 \u2014 Estados Unidos y M\u00e9xico acordaron aplicar &quot;medidas concretas&quot; m\u00e1s estrictas para controlar la migraci\u00f3n irregular a trav\u00e9s En Sonora en Equipo publicamos toda la informaci\u00f3n de Sonora, M\u00e9xico y el Mundo de manera oportuna y busca que la libertad de expresi\u00f3n sea real. Visita nuestro medio informativo publicado desde Hermosillo, Sonora. %\" \/>\n<meta property=\"og:url\" content=\"https:\/\/www.sonoraenequipo.com.mx\/eeuu-y-mexico-aplicaran-de-inmediato-medidas-concretas-contra-cruces-fronterizos-irregulares\/\" \/>\n<meta property=\"og:site_name\" content=\"Sonora en Equipo.\" \/>\n<meta property=\"article:publisher\" content=\"https:\/\/www.facebook.com\/SonoraEE\/\" \/>\n<meta property=\"article:author\" content=\"https:\/\/www.facebook.com\/SonoraEE\" \/>\n<meta property=\"article:published_time\" content=\"2024-04-29T23:10:00+00:00\" \/>\n<meta property=\"article:modified_time\" content=\"2024-04-30T00:07:25+00:00\" \/>\n<meta property=\"og:image\" content=\"https:\/\/www.sonoraenequipo.com.mx\/storage\/2024\/04\/amlo-biden.jpg\" \/>\n\t<meta property=\"og:image:width\" content=\"800\" \/>\n\t<meta property=\"og:image:height\" content=\"450\" \/>\n\t<meta property=\"og:image:type\" content=\"image\/jpeg\" \/>\n<meta name=\"author\" content=\"enequipo\" \/>\n<meta name=\"twitter:card\" content=\"summary_large_image\" \/>\n<meta name=\"twitter:creator\" content=\"@sonoraenequipo\" \/>\n<meta name=\"twitter:site\" content=\"@sonoraenequipo\" \/>\n<meta name=\"twitter:label1\" content=\"Escrito por\" \/>\n\t<meta name=\"twitter:data1\" content=\"enequipo\" \/>\n\t<meta name=\"twitter:label2\" content=\"Tiempo de lectura\" \/>\n\t<meta name=\"twitter:data2\" content=\"3 minutos\" \/>\n<script type=\"application\/ld+json\" class=\"yoast-schema-graph\">{\"@context\":\"https:\/\/schema.org\",\"@graph\":[{\"@type\":\"Article\",\"@id\":\"https:\/\/www.sonoraenequipo.com.mx\/eeuu-y-mexico-aplicaran-de-inmediato-medidas-concretas-contra-cruces-fronterizos-irregulares\/#article\",\"isPartOf\":{\"@id\":\"https:\/\/www.sonoraenequipo.com.mx\/eeuu-y-mexico-aplicaran-de-inmediato-medidas-concretas-contra-cruces-fronterizos-irregulares\/\"},\"author\":{\"name\":\"enequipo\",\"@id\":\"https:\/\/www.sonoraenequipo.com.mx\/#\/schema\/person\/50102df0fb23a8fa9e8effad8fa81386\"},\"headline\":\"EEUU y M\u00e9xico aplicar\u00e1n de inmediato \u00abmedidas concretas\u00bb contra cruces fronterizos irregulares\",\"datePublished\":\"2024-04-29T23:10:00+00:00\",\"dateModified\":\"2024-04-30T00:07:25+00:00\",\"mainEntityOfPage\":{\"@id\":\"https:\/\/www.sonoraenequipo.com.mx\/eeuu-y-mexico-aplicaran-de-inmediato-medidas-concretas-contra-cruces-fronterizos-irregulares\/\"},\"wordCount\":620,\"commentCount\":0,\"publisher\":{\"@id\":\"https:\/\/www.sonoraenequipo.com.mx\/#organization\"},\"image\":{\"@id\":\"https:\/\/www.sonoraenequipo.com.mx\/eeuu-y-mexico-aplicaran-de-inmediato-medidas-concretas-contra-cruces-fronterizos-irregulares\/#primaryimage\"},\"thumbnailUrl\":\"https:\/\/www.sonoraenequipo.com.mx\/storage\/2024\/04\/amlo-biden.jpg\",\"keywords\":[\"EE UU\",\"mexico\"],\"articleSection\":[\"MUNDO\"],\"inLanguage\":\"es\",\"potentialAction\":[{\"@type\":\"CommentAction\",\"name\":\"Comment\",\"target\":[\"https:\/\/www.sonoraenequipo.com.mx\/eeuu-y-mexico-aplicaran-de-inmediato-medidas-concretas-contra-cruces-fronterizos-irregulares\/#respond\"]}]},{\"@type\":\"WebPage\",\"@id\":\"https:\/\/www.sonoraenequipo.com.mx\/eeuu-y-mexico-aplicaran-de-inmediato-medidas-concretas-contra-cruces-fronterizos-irregulares\/\",\"url\":\"https:\/\/www.sonoraenequipo.com.mx\/eeuu-y-mexico-aplicaran-de-inmediato-medidas-concretas-contra-cruces-fronterizos-irregulares\/\",\"name\":\"Sonora en Equipo. EEUU y M\u00e9xico aplicar\u00e1n de inmediato \\\"medidas concretas\\\" contra cruces fronterizos irregulares MUNDO\",\"isPartOf\":{\"@id\":\"https:\/\/www.sonoraenequipo.com.mx\/#website\"},\"primaryImageOfPage\":{\"@id\":\"https:\/\/www.sonoraenequipo.com.mx\/eeuu-y-mexico-aplicaran-de-inmediato-medidas-concretas-contra-cruces-fronterizos-irregulares\/#primaryimage\"},\"image\":{\"@id\":\"https:\/\/www.sonoraenequipo.com.mx\/eeuu-y-mexico-aplicaran-de-inmediato-medidas-concretas-contra-cruces-fronterizos-irregulares\/#primaryimage\"},\"thumbnailUrl\":\"https:\/\/www.sonoraenequipo.com.mx\/storage\/2024\/04\/amlo-biden.jpg\",\"datePublished\":\"2024-04-29T23:10:00+00:00\",\"dateModified\":\"2024-04-30T00:07:25+00:00\",\"description\":\"WASHINGTON, ESTADOS UNIDOS.\u00a0 \u2014 Estados Unidos y M\u00e9xico acordaron aplicar \\\"medidas concretas\\\" m\u00e1s estrictas para controlar la migraci\u00f3n irregular a trav\u00e9s En Sonora en Equipo publicamos toda la informaci\u00f3n de Sonora, M\u00e9xico y el Mundo de manera oportuna y busca que la libertad de expresi\u00f3n sea real. Visita nuestro medio informativo publicado desde Hermosillo, Sonora. %\",\"breadcrumb\":{\"@id\":\"https:\/\/www.sonoraenequipo.com.mx\/eeuu-y-mexico-aplicaran-de-inmediato-medidas-concretas-contra-cruces-fronterizos-irregulares\/#breadcrumb\"},\"inLanguage\":\"es\",\"potentialAction\":[{\"@type\":\"ReadAction\",\"target\":[\"https:\/\/www.sonoraenequipo.com.mx\/eeuu-y-mexico-aplicaran-de-inmediato-medidas-concretas-contra-cruces-fronterizos-irregulares\/\"]}]},{\"@type\":\"ImageObject\",\"inLanguage\":\"es\",\"@id\":\"https:\/\/www.sonoraenequipo.com.mx\/eeuu-y-mexico-aplicaran-de-inmediato-medidas-concretas-contra-cruces-fronterizos-irregulares\/#primaryimage\",\"url\":\"https:\/\/www.sonoraenequipo.com.mx\/storage\/2024\/04\/amlo-biden.jpg\",\"contentUrl\":\"https:\/\/www.sonoraenequipo.com.mx\/storage\/2024\/04\/amlo-biden.jpg\",\"width\":800,\"height\":450,\"caption\":\"ARCHIVO - El presidente de EEUU, Joe Biden, se re\u00fane con su hom\u00f3logo de M\u00e9xico, Andr\u00e9s Manuel L\u00f3pez Obrador, al margen de la cumbre del Foro de Cooperaci\u00f3n Econ\u00f3mica Asia-Pac\u00edfico (APEC) en San Francisco, California, Estados Unidos, el 17 de noviembre de 2023. Reuters\"},{\"@type\":\"BreadcrumbList\",\"@id\":\"https:\/\/www.sonoraenequipo.com.mx\/eeuu-y-mexico-aplicaran-de-inmediato-medidas-concretas-contra-cruces-fronterizos-irregulares\/#breadcrumb\",\"itemListElement\":[{\"@type\":\"ListItem\",\"position\":1,\"name\":\"Portada\",\"item\":\"https:\/\/www.sonoraenequipo.com.mx\/\"},{\"@type\":\"ListItem\",\"position\":2,\"name\":\"EEUU y M\u00e9xico aplicar\u00e1n de inmediato \u00abmedidas concretas\u00bb contra cruces fronterizos irregulares\"}]},{\"@type\":\"WebSite\",\"@id\":\"https:\/\/www.sonoraenequipo.com.mx\/#website\",\"url\":\"https:\/\/www.sonoraenequipo.com.mx\/\",\"name\":\"Sonora en Equipo.\",\"description\":\"Diario en l\u00ednea con Noticias desde Hermosillo, Sonora\",\"publisher\":{\"@id\":\"https:\/\/www.sonoraenequipo.com.mx\/#organization\"},\"potentialAction\":[{\"@type\":\"SearchAction\",\"target\":{\"@type\":\"EntryPoint\",\"urlTemplate\":\"https:\/\/www.sonoraenequipo.com.mx\/?s={search_term_string}\"},\"query-input\":{\"@type\":\"PropertyValueSpecification\",\"valueRequired\":true,\"valueName\":\"search_term_string\"}}],\"inLanguage\":\"es\"},{\"@type\":\"Organization\",\"@id\":\"https:\/\/www.sonoraenequipo.com.mx\/#organization\",\"name\":\"Sonoraenequipo.com.mx\",\"url\":\"https:\/\/www.sonoraenequipo.com.mx\/\",\"logo\":{\"@type\":\"ImageObject\",\"inLanguage\":\"es\",\"@id\":\"https:\/\/www.sonoraenequipo.com.mx\/#\/schema\/logo\/image\/\",\"url\":\"https:\/\/www.sonoraenequipo.com.mx\/storage\/2019\/01\/sonoraenequipo_opt.png\",\"contentUrl\":\"https:\/\/www.sonoraenequipo.com.mx\/storage\/2019\/01\/sonoraenequipo_opt.png\",\"width\":375,\"height\":125,\"caption\":\"Sonoraenequipo.com.mx\"},\"image\":{\"@id\":\"https:\/\/www.sonoraenequipo.com.mx\/#\/schema\/logo\/image\/\"},\"sameAs\":[\"https:\/\/www.facebook.com\/SonoraEE\/\",\"https:\/\/x.com\/sonoraenequipo\",\"https:\/\/www.youtube.com\/channel\/UC338nW-lPEYmJQs4ZABQ1SQ\"]},{\"@type\":\"Person\",\"@id\":\"https:\/\/www.sonoraenequipo.com.mx\/#\/schema\/person\/50102df0fb23a8fa9e8effad8fa81386\",\"name\":\"enequipo\",\"image\":{\"@type\":\"ImageObject\",\"inLanguage\":\"es\",\"@id\":\"https:\/\/www.sonoraenequipo.com.mx\/#\/schema\/person\/image\/\",\"url\":\"https:\/\/secure.gravatar.com\/avatar\/049821681b589dabc0bc20695993ccebb09f5b5d4d790cd9251b97faac7c652b?s=96&d=blank&r=g\",\"contentUrl\":\"https:\/\/secure.gravatar.com\/avatar\/049821681b589dabc0bc20695993ccebb09f5b5d4d790cd9251b97faac7c652b?s=96&d=blank&r=g\",\"caption\":\"enequipo\"},\"sameAs\":[\"https:\/\/www.facebook.com\/SonoraEE\"]}]}<\/script>\n ","yoast_head_json":{"title":"Sonora en Equipo. EEUU y M\u00e9xico aplicar\u00e1n de inmediato \"medidas concretas\" contra cruces fronterizos irregulares MUNDO","description":"WASHINGTON, ESTADOS UNIDOS.\u00a0 \u2014 Estados Unidos y M\u00e9xico acordaron aplicar \"medidas concretas\" m\u00e1s estrictas para controlar la migraci\u00f3n irregular a trav\u00e9s En Sonora en Equipo publicamos toda la informaci\u00f3n de Sonora, M\u00e9xico y el Mundo de manera oportuna y busca que la libertad de expresi\u00f3n sea real. Visita nuestro medio informativo publicado desde Hermosillo, Sonora. %","robots":{"index":"index","follow":"follow","max-snippet":"max-snippet:-1","max-image-preview":"max-image-preview:large","max-video-preview":"max-video-preview:-1"},"canonical":"https:\/\/www.sonoraenequipo.com.mx\/eeuu-y-mexico-aplicaran-de-inmediato-medidas-concretas-contra-cruces-fronterizos-irregulares\/","og_locale":"es_ES","og_type":"article","og_title":"Sonora en Equipo. EEUU y M\u00e9xico aplicar\u00e1n de inmediato \"medidas concretas\" contra cruces fronterizos irregulares MUNDO","og_description":"WASHINGTON, ESTADOS UNIDOS.\u00a0 \u2014 Estados Unidos y M\u00e9xico acordaron aplicar \"medidas concretas\" m\u00e1s estrictas para controlar la migraci\u00f3n irregular a trav\u00e9s En Sonora en Equipo publicamos toda la informaci\u00f3n de Sonora, M\u00e9xico y el Mundo de manera oportuna y busca que la libertad de expresi\u00f3n sea real. Visita nuestro medio informativo publicado desde Hermosillo, Sonora. %","og_url":"https:\/\/www.sonoraenequipo.com.mx\/eeuu-y-mexico-aplicaran-de-inmediato-medidas-concretas-contra-cruces-fronterizos-irregulares\/","og_site_name":"Sonora en Equipo.","article_publisher":"https:\/\/www.facebook.com\/SonoraEE\/","article_author":"https:\/\/www.facebook.com\/SonoraEE","article_published_time":"2024-04-29T23:10:00+00:00","article_modified_time":"2024-04-30T00:07:25+00:00","og_image":[{"width":800,"height":450,"url":"https:\/\/www.sonoraenequipo.com.mx\/storage\/2024\/04\/amlo-biden.jpg","type":"image\/jpeg"}],"author":"enequipo","twitter_card":"summary_large_image","twitter_creator":"@sonoraenequipo","twitter_site":"@sonoraenequipo","twitter_misc":{"Escrito por":"enequipo","Tiempo de lectura":"3 minutos"},"schema":{"@context":"https:\/\/schema.org","@graph":[{"@type":"Article","@id":"https:\/\/www.sonoraenequipo.com.mx\/eeuu-y-mexico-aplicaran-de-inmediato-medidas-concretas-contra-cruces-fronterizos-irregulares\/#article","isPartOf":{"@id":"https:\/\/www.sonoraenequipo.com.mx\/eeuu-y-mexico-aplicaran-de-inmediato-medidas-concretas-contra-cruces-fronterizos-irregulares\/"},"author":{"name":"enequipo","@id":"https:\/\/www.sonoraenequipo.com.mx\/#\/schema\/person\/50102df0fb23a8fa9e8effad8fa81386"},"headline":"EEUU y M\u00e9xico aplicar\u00e1n de inmediato \u00abmedidas concretas\u00bb contra cruces fronterizos irregulares","datePublished":"2024-04-29T23:10:00+00:00","dateModified":"2024-04-30T00:07:25+00:00","mainEntityOfPage":{"@id":"https:\/\/www.sonoraenequipo.com.mx\/eeuu-y-mexico-aplicaran-de-inmediato-medidas-concretas-contra-cruces-fronterizos-irregulares\/"},"wordCount":620,"commentCount":0,"publisher":{"@id":"https:\/\/www.sonoraenequipo.com.mx\/#organization"},"image":{"@id":"https:\/\/www.sonoraenequipo.com.mx\/eeuu-y-mexico-aplicaran-de-inmediato-medidas-concretas-contra-cruces-fronterizos-irregulares\/#primaryimage"},"thumbnailUrl":"https:\/\/www.sonoraenequipo.com.mx\/storage\/2024\/04\/amlo-biden.jpg","keywords":["EE UU","mexico"],"articleSection":["MUNDO"],"inLanguage":"es","potentialAction":[{"@type":"CommentAction","name":"Comment","target":["https:\/\/www.sonoraenequipo.com.mx\/eeuu-y-mexico-aplicaran-de-inmediato-medidas-concretas-contra-cruces-fronterizos-irregulares\/#respond"]}]},{"@type":"WebPage","@id":"https:\/\/www.sonoraenequipo.com.mx\/eeuu-y-mexico-aplicaran-de-inmediato-medidas-concretas-contra-cruces-fronterizos-irregulares\/","url":"https:\/\/www.sonoraenequipo.com.mx\/eeuu-y-mexico-aplicaran-de-inmediato-medidas-concretas-contra-cruces-fronterizos-irregulares\/","name":"Sonora en Equipo. EEUU y M\u00e9xico aplicar\u00e1n de inmediato \"medidas concretas\" contra cruces fronterizos irregulares MUNDO","isPartOf":{"@id":"https:\/\/www.sonoraenequipo.com.mx\/#website"},"primaryImageOfPage":{"@id":"https:\/\/www.sonoraenequipo.com.mx\/eeuu-y-mexico-aplicaran-de-inmediato-medidas-concretas-contra-cruces-fronterizos-irregulares\/#primaryimage"},"image":{"@id":"https:\/\/www.sonoraenequipo.com.mx\/eeuu-y-mexico-aplicaran-de-inmediato-medidas-concretas-contra-cruces-fronterizos-irregulares\/#primaryimage"},"thumbnailUrl":"https:\/\/www.sonoraenequipo.com.mx\/storage\/2024\/04\/amlo-biden.jpg","datePublished":"2024-04-29T23:10:00+00:00","dateModified":"2024-04-30T00:07:25+00:00","description":"WASHINGTON, ESTADOS UNIDOS.\u00a0 \u2014 Estados Unidos y M\u00e9xico acordaron aplicar \"medidas concretas\" m\u00e1s estrictas para controlar la migraci\u00f3n irregular a trav\u00e9s En Sonora en Equipo publicamos toda la informaci\u00f3n de Sonora, M\u00e9xico y el Mundo de manera oportuna y busca que la libertad de expresi\u00f3n sea real. Visita nuestro medio informativo publicado desde Hermosillo, Sonora. %","breadcrumb":{"@id":"https:\/\/www.sonoraenequipo.com.mx\/eeuu-y-mexico-aplicaran-de-inmediato-medidas-concretas-contra-cruces-fronterizos-irregulares\/#breadcrumb"},"inLanguage":"es","potentialAction":[{"@type":"ReadAction","target":["https:\/\/www.sonoraenequipo.com.mx\/eeuu-y-mexico-aplicaran-de-inmediato-medidas-concretas-contra-cruces-fronterizos-irregulares\/"]}]},{"@type":"ImageObject","inLanguage":"es","@id":"https:\/\/www.sonoraenequipo.com.mx\/eeuu-y-mexico-aplicaran-de-inmediato-medidas-concretas-contra-cruces-fronterizos-irregulares\/#primaryimage","url":"https:\/\/www.sonoraenequipo.com.mx\/storage\/2024\/04\/amlo-biden.jpg","contentUrl":"https:\/\/www.sonoraenequipo.com.mx\/storage\/2024\/04\/amlo-biden.jpg","width":800,"height":450,"caption":"ARCHIVO - El presidente de EEUU, Joe Biden, se re\u00fane con su hom\u00f3logo de M\u00e9xico, Andr\u00e9s Manuel L\u00f3pez Obrador, al margen de la cumbre del Foro de Cooperaci\u00f3n Econ\u00f3mica Asia-Pac\u00edfico (APEC) en San Francisco, California, Estados Unidos, el 17 de noviembre de 2023. Reuters"},{"@type":"BreadcrumbList","@id":"https:\/\/www.sonoraenequipo.com.mx\/eeuu-y-mexico-aplicaran-de-inmediato-medidas-concretas-contra-cruces-fronterizos-irregulares\/#breadcrumb","itemListElement":[{"@type":"ListItem","position":1,"name":"Portada","item":"https:\/\/www.sonoraenequipo.com.mx\/"},{"@type":"ListItem","position":2,"name":"EEUU y M\u00e9xico aplicar\u00e1n de inmediato \u00abmedidas concretas\u00bb contra cruces fronterizos irregulares"}]},{"@type":"WebSite","@id":"https:\/\/www.sonoraenequipo.com.mx\/#website","url":"https:\/\/www.sonoraenequipo.com.mx\/","name":"Sonora en Equipo.","description":"Diario en l\u00ednea con Noticias desde Hermosillo, Sonora","publisher":{"@id":"https:\/\/www.sonoraenequipo.com.mx\/#organization"},"potentialAction":[{"@type":"SearchAction","target":{"@type":"EntryPoint","urlTemplate":"https:\/\/www.sonoraenequipo.com.mx\/?s={search_term_string}"},"query-input":{"@type":"PropertyValueSpecification","valueRequired":true,"valueName":"search_term_string"}}],"inLanguage":"es"},{"@type":"Organization","@id":"https:\/\/www.sonoraenequipo.com.mx\/#organization","name":"Sonoraenequipo.com.mx","url":"https:\/\/www.sonoraenequipo.com.mx\/","logo":{"@type":"ImageObject","inLanguage":"es","@id":"https:\/\/www.sonoraenequipo.com.mx\/#\/schema\/logo\/image\/","url":"https:\/\/www.sonoraenequipo.com.mx\/storage\/2019\/01\/sonoraenequipo_opt.png","contentUrl":"https:\/\/www.sonoraenequipo.com.mx\/storage\/2019\/01\/sonoraenequipo_opt.png","width":375,"height":125,"caption":"Sonoraenequipo.com.mx"},"image":{"@id":"https:\/\/www.sonoraenequipo.com.mx\/#\/schema\/logo\/image\/"},"sameAs":["https:\/\/www.facebook.com\/SonoraEE\/","https:\/\/x.com\/sonoraenequipo","https:\/\/www.youtube.com\/channel\/UC338nW-lPEYmJQs4ZABQ1SQ"]},{"@type":"Person","@id":"https:\/\/www.sonoraenequipo.com.mx\/#\/schema\/person\/50102df0fb23a8fa9e8effad8fa81386","name":"enequipo","image":{"@type":"ImageObject","inLanguage":"es","@id":"https:\/\/www.sonoraenequipo.com.mx\/#\/schema\/person\/image\/","url":"https:\/\/secure.gravatar.com\/avatar\/049821681b589dabc0bc20695993ccebb09f5b5d4d790cd9251b97faac7c652b?s=96&d=blank&r=g","contentUrl":"https:\/\/secure.gravatar.com\/avatar\/049821681b589dabc0bc20695993ccebb09f5b5d4d790cd9251b97faac7c652b?s=96&d=blank&r=g","caption":"enequipo"},"sameAs":["https:\/\/www.facebook.com\/SonoraEE"]}]}},"jetpack_featured_media_url":"https:\/\/www.sonoraenequipo.com.mx\/storage\/2024\/04\/amlo-biden.jpg","_links":{"self":[{"href":"https:\/\/www.sonoraenequipo.com.mx\/api\/wp\/v2\/posts\/188666","targetHints":{"allow":["GET"]}}],"collection":[{"href":"https:\/\/www.sonoraenequipo.com.mx\/api\/wp\/v2\/posts"}],"about":[{"href":"https:\/\/www.sonoraenequipo.com.mx\/api\/wp\/v2\/types\/post"}],"author":[{"embeddable":true,"href":"https:\/\/www.sonoraenequipo.com.mx\/api\/wp\/v2\/users\/1"}],"replies":[{"embeddable":true,"href":"https:\/\/www.sonoraenequipo.com.mx\/api\/wp\/v2\/comments?post=188666"}],"version-history":[{"count":2,"href":"https:\/\/www.sonoraenequipo.com.mx\/api\/wp\/v2\/posts\/188666\/revisions"}],"predecessor-version":[{"id":188685,"href":"https:\/\/www.sonoraenequipo.com.mx\/api\/wp\/v2\/posts\/188666\/revisions\/188685"}],"wp:featuredmedia":[{"embeddable":true,"href":"https:\/\/www.sonoraenequipo.com.mx\/api\/wp\/v2\/media\/188667"}],"wp:attachment":[{"href":"https:\/\/www.sonoraenequipo.com.mx\/api\/wp\/v2\/media?parent=188666"}],"wp:term":[{"taxonomy":"category","embeddable":true,"href":"https:\/\/www.sonoraenequipo.com.mx\/api\/wp\/v2\/categories?post=188666"},{"taxonomy":"post_tag","embeddable":true,"href":"https:\/\/www.sonoraenequipo.com.mx\/api\/wp\/v2\/tags?post=188666"}],"curies":[{"name":"wp","href":"https:\/\/api.w.org\/{rel}","templated":true}]}}