{"id":188681,"date":"2024-04-29T15:39:13","date_gmt":"2024-04-29T22:39:13","guid":{"rendered":"https:\/\/www.sonoraenequipo.com.mx\/?p=188681"},"modified":"2024-04-29T15:39:13","modified_gmt":"2024-04-29T22:39:13","slug":"legislare-con-identidad-y-arraigo-a-mi-distrito-06-hermosillo-david-figueroa","status":"publish","type":"post","link":"https:\/\/www.sonoraenequipo.com.mx\/legislare-con-identidad-y-arraigo-a-mi-distrito-06-hermosillo-david-figueroa\/","title":{"rendered":"\u00abLegislar\u00e9 con identidad y arraigo a mi Distrito 06 Hermosillo\u00bb: David Figueroa"},"content":{"rendered":"<p><strong>HERMOSILLO, SONORA, MX.\u02d7\u02d7\u02d7 <\/strong>\u00abPorque vivo en la colonia Olivares, legislar\u00e9 con la verdad, honestidad, justicia social, con identidad y arraigo a mi Distrito 06 Hermosillo\u00bb, destac\u00f3 David Figueroa Ortega.<\/p>\n<p>&nbsp;<\/p>\n<p>El candidato a Diputado Local por la coalici\u00f3n Morena-Verde-PT-PES-NA apunt\u00f3 que \u00abel sentido de pertenencia da identidad y evita el abandono de nuestra tierra y nuestra gente; abandono como lo hacen quienes no conocen ni pueden resolver los grandes problemas sociales, de infraestructura y de falta de servicios, simplemente porque no viven en el distrito que pretenden representar\u00bb.<\/p>\n<p>&nbsp;<\/p>\n<p>Afirm\u00f3 que \u00abconozco, padezco y s\u00e9 c\u00f3mo resolver los grandes problemas de mi distrito; la gente me conoce, me identifica, sabe qui\u00e9n soy y d\u00f3nde vivo, conf\u00eda que cuando sea diputado tocar\u00e1n la puerta de mi casa para legislar juntos y transformar Hermosillo y a Sonora\u00bb.<\/p>\n<p>&nbsp;<\/p>\n<p>David Figueroa agreg\u00f3 que \u00abcon la experiencia de m\u00e1s de 20 a\u00f1os en el Servicio P\u00fablico y casi 30 a\u00f1os en la Iniciativa Privada, busco servir desde el Congreso de Sonora; como ciudadano, vecino, padre de familia y abuelo, \u00abconozco y padezco los grandes problemas sociales que nos aquejan hoy en d\u00eda y de manera particular, a mi Distrito 06 Hermosillo\u00bb.<\/p>\n<p>&nbsp;<\/p>\n<p>Por ello, \u00abpongo en manos de las y los ciudadanos mi experiencia en el Servicio P\u00fablico Municipal, Estatal, Federal e Internacional, as\u00ed como en la Iniciativa Privada para resolver la problem\u00e1tica que hoy afectan e impiden el crecimiento integral de Hermosillo y Sonora\u00bb.<\/p>\n<p>&nbsp;<\/p>\n<p>De la misma forma, \u00abcuento con la capacidad y con los valores de la honestidad, integridad, verdad, tenacidad, endereza y esfuerzo para crear y proponer iniciativas de ley para integrar Pol\u00edticas P\u00fablicas que generen paz social, orden, bienestar, desarrollo y el bien com\u00fan\u00bb.<\/p>\n<p>&nbsp;<\/p>\n<p>Figueroa Ortega ofreci\u00f3 que \u00abcomo candidato visitar\u00e9 y regresar\u00e9 como diputado local a las 124 colonias del Distrito 06 Hermosillo; con honestidad, capacidad y compromiso, desde el primer minuto iniciar\u00e9 un nuevo modo de legislar por medio de la participaci\u00f3n ciudadana para que unidos logremos la transformaci\u00f3n legislativa que Sonora merece y exige\u00bb.<\/p>\n<p>&nbsp;<\/p>\n<p>A 10 d\u00edas de iniciar sus pasos al Congreso, David Figueroa activ\u00f3 recorridos y volanteos en las colonias San Benito, Pimentel, El Choyal y Quinta Emilia, donde con atenci\u00f3n y sensibilidad, escuch\u00f3 las demandas sociales de los vecinos y plante\u00f3 sus principales propuestas, \u201ccon la confianza ciudadana este 2 de junio, junto a ustedes, quiero ser la voz del Pueblo en el Congreso del Estado de Sonora\u00bb.<\/p>\n<p><strong>Fecha de publicaci\u00f3n<\/strong><strong> lunes 29 de abril de 2024<\/strong><\/p>\n","protected":false},"excerpt":{"rendered":"<p>HERMOSILLO, SONORA, MX.\u02d7\u02d7\u02d7 \u00abPorque vivo en la colonia Olivares, legislar\u00e9 con la verdad, honestidad, justicia&#8230;<\/p>\n","protected":false},"author":1,"featured_media":188682,"comment_status":"open","ping_status":"open","sticky":false,"template":"","format":"standard","meta":{"_monsterinsights_skip_tracking":false,"_monsterinsights_sitenote_active":false,"_monsterinsights_sitenote_note":"","_monsterinsights_sitenote_category":0,"footnotes":""},"categories":[9400],"tags":[9574],"class_list":["post"],"yoast_head":" \n<title>Sonora en Equipo. &quot;Legislar\u00e9 con identidad y arraigo a mi Distrito 06 Hermosillo&quot;: David Figueroa ELECCI\u00d3NES<\/title>\n<meta name=\"description\" content=\"HERMOSILLO, SONORA, MX.\u02d7\u02d7\u02d7 &quot;Porque vivo en la colonia Olivares, legislar\u00e9 con la verdad, honestidad, justicia social, con identidad y arraigo a mi En Sonora en Equipo publicamos toda la informaci\u00f3n de Sonora, M\u00e9xico y el Mundo de manera oportuna y busca que la libertad de expresi\u00f3n sea real. Visita nuestro medio informativo publicado desde Hermosillo, Sonora. %\" \/>\n<meta name=\"robots\" content=\"index, follow, max-snippet:-1, max-image-preview:large, max-video-preview:-1\" \/>\n<link rel=\"canonical\" href=\"https:\/\/www.sonoraenequipo.com.mx\/legislare-con-identidad-y-arraigo-a-mi-distrito-06-hermosillo-david-figueroa\/\" \/>\n<meta property=\"og:locale\" content=\"es_ES\" \/>\n<meta property=\"og:type\" content=\"article\" \/>\n<meta property=\"og:title\" content=\"Sonora en Equipo. &quot;Legislar\u00e9 con identidad y arraigo a mi Distrito 06 Hermosillo&quot;: David Figueroa ELECCI\u00d3NES\" \/>\n<meta property=\"og:description\" content=\"HERMOSILLO, SONORA, MX.\u02d7\u02d7\u02d7 &quot;Porque vivo en la colonia Olivares, legislar\u00e9 con la verdad, honestidad, justicia social, con identidad y arraigo a mi En Sonora en Equipo publicamos toda la informaci\u00f3n de Sonora, M\u00e9xico y el Mundo de manera oportuna y busca que la libertad de expresi\u00f3n sea real. Visita nuestro medio informativo publicado desde Hermosillo, Sonora. %\" \/>\n<meta property=\"og:url\" content=\"https:\/\/www.sonoraenequipo.com.mx\/legislare-con-identidad-y-arraigo-a-mi-distrito-06-hermosillo-david-figueroa\/\" \/>\n<meta property=\"og:site_name\" content=\"Sonora en Equipo.\" \/>\n<meta property=\"article:publisher\" content=\"https:\/\/www.facebook.com\/SonoraEE\/\" \/>\n<meta property=\"article:author\" content=\"https:\/\/www.facebook.com\/SonoraEE\" \/>\n<meta property=\"article:published_time\" content=\"2024-04-29T22:39:13+00:00\" \/>\n<meta property=\"og:image\" content=\"https:\/\/www.sonoraenequipo.com.mx\/storage\/2024\/04\/dfo290424.jpg\" \/>\n\t<meta property=\"og:image:width\" content=\"800\" \/>\n\t<meta property=\"og:image:height\" content=\"533\" \/>\n\t<meta property=\"og:image:type\" content=\"image\/jpeg\" \/>\n<meta name=\"author\" content=\"enequipo\" \/>\n<meta name=\"twitter:card\" content=\"summary_large_image\" \/>\n<meta name=\"twitter:creator\" content=\"@sonoraenequipo\" \/>\n<meta name=\"twitter:site\" content=\"@sonoraenequipo\" \/>\n<meta name=\"twitter:label1\" content=\"Escrito por\" \/>\n\t<meta name=\"twitter:data1\" content=\"enequipo\" \/>\n\t<meta name=\"twitter:label2\" content=\"Tiempo de lectura\" \/>\n\t<meta name=\"twitter:data2\" content=\"2 minutos\" \/>\n<script type=\"application\/ld+json\" class=\"yoast-schema-graph\">{\"@context\":\"https:\/\/schema.org\",\"@graph\":[{\"@type\":\"Article\",\"@id\":\"https:\/\/www.sonoraenequipo.com.mx\/legislare-con-identidad-y-arraigo-a-mi-distrito-06-hermosillo-david-figueroa\/#article\",\"isPartOf\":{\"@id\":\"https:\/\/www.sonoraenequipo.com.mx\/legislare-con-identidad-y-arraigo-a-mi-distrito-06-hermosillo-david-figueroa\/\"},\"author\":{\"name\":\"enequipo\",\"@id\":\"https:\/\/www.sonoraenequipo.com.mx\/#\/schema\/person\/50102df0fb23a8fa9e8effad8fa81386\"},\"headline\":\"\u00abLegislar\u00e9 con identidad y arraigo a mi Distrito 06 Hermosillo\u00bb: David Figueroa\",\"datePublished\":\"2024-04-29T22:39:13+00:00\",\"mainEntityOfPage\":{\"@id\":\"https:\/\/www.sonoraenequipo.com.mx\/legislare-con-identidad-y-arraigo-a-mi-distrito-06-hermosillo-david-figueroa\/\"},\"wordCount\":438,\"commentCount\":0,\"publisher\":{\"@id\":\"https:\/\/www.sonoraenequipo.com.mx\/#organization\"},\"image\":{\"@id\":\"https:\/\/www.sonoraenequipo.com.mx\/legislare-con-identidad-y-arraigo-a-mi-distrito-06-hermosillo-david-figueroa\/#primaryimage\"},\"thumbnailUrl\":\"https:\/\/www.sonoraenequipo.com.mx\/storage\/2024\/04\/dfo290424.jpg\",\"keywords\":[\"david figueroa\"],\"articleSection\":[\"ELECCI\u00d3NES\"],\"inLanguage\":\"es\",\"potentialAction\":[{\"@type\":\"CommentAction\",\"name\":\"Comment\",\"target\":[\"https:\/\/www.sonoraenequipo.com.mx\/legislare-con-identidad-y-arraigo-a-mi-distrito-06-hermosillo-david-figueroa\/#respond\"]}]},{\"@type\":\"WebPage\",\"@id\":\"https:\/\/www.sonoraenequipo.com.mx\/legislare-con-identidad-y-arraigo-a-mi-distrito-06-hermosillo-david-figueroa\/\",\"url\":\"https:\/\/www.sonoraenequipo.com.mx\/legislare-con-identidad-y-arraigo-a-mi-distrito-06-hermosillo-david-figueroa\/\",\"name\":\"Sonora en Equipo. \\\"Legislar\u00e9 con identidad y arraigo a mi Distrito 06 Hermosillo\\\": David Figueroa ELECCI\u00d3NES\",\"isPartOf\":{\"@id\":\"https:\/\/www.sonoraenequipo.com.mx\/#website\"},\"primaryImageOfPage\":{\"@id\":\"https:\/\/www.sonoraenequipo.com.mx\/legislare-con-identidad-y-arraigo-a-mi-distrito-06-hermosillo-david-figueroa\/#primaryimage\"},\"image\":{\"@id\":\"https:\/\/www.sonoraenequipo.com.mx\/legislare-con-identidad-y-arraigo-a-mi-distrito-06-hermosillo-david-figueroa\/#primaryimage\"},\"thumbnailUrl\":\"https:\/\/www.sonoraenequipo.com.mx\/storage\/2024\/04\/dfo290424.jpg\",\"datePublished\":\"2024-04-29T22:39:13+00:00\",\"description\":\"HERMOSILLO, SONORA, MX.\u02d7\u02d7\u02d7 \\\"Porque vivo en la colonia Olivares, legislar\u00e9 con la verdad, honestidad, justicia social, con identidad y arraigo a mi En Sonora en Equipo publicamos toda la informaci\u00f3n de Sonora, M\u00e9xico y el Mundo de manera oportuna y busca que la libertad de expresi\u00f3n sea real. Visita nuestro medio informativo publicado desde Hermosillo, Sonora. %\",\"breadcrumb\":{\"@id\":\"https:\/\/www.sonoraenequipo.com.mx\/legislare-con-identidad-y-arraigo-a-mi-distrito-06-hermosillo-david-figueroa\/#breadcrumb\"},\"inLanguage\":\"es\",\"potentialAction\":[{\"@type\":\"ReadAction\",\"target\":[\"https:\/\/www.sonoraenequipo.com.mx\/legislare-con-identidad-y-arraigo-a-mi-distrito-06-hermosillo-david-figueroa\/\"]}]},{\"@type\":\"ImageObject\",\"inLanguage\":\"es\",\"@id\":\"https:\/\/www.sonoraenequipo.com.mx\/legislare-con-identidad-y-arraigo-a-mi-distrito-06-hermosillo-david-figueroa\/#primaryimage\",\"url\":\"https:\/\/www.sonoraenequipo.com.mx\/storage\/2024\/04\/dfo290424.jpg\",\"contentUrl\":\"https:\/\/www.sonoraenequipo.com.mx\/storage\/2024\/04\/dfo290424.jpg\",\"width\":800,\"height\":533},{\"@type\":\"BreadcrumbList\",\"@id\":\"https:\/\/www.sonoraenequipo.com.mx\/legislare-con-identidad-y-arraigo-a-mi-distrito-06-hermosillo-david-figueroa\/#breadcrumb\",\"itemListElement\":[{\"@type\":\"ListItem\",\"position\":1,\"name\":\"Portada\",\"item\":\"https:\/\/www.sonoraenequipo.com.mx\/\"},{\"@type\":\"ListItem\",\"position\":2,\"name\":\"\u00abLegislar\u00e9 con identidad y arraigo a mi Distrito 06 Hermosillo\u00bb: David Figueroa\"}]},{\"@type\":\"WebSite\",\"@id\":\"https:\/\/www.sonoraenequipo.com.mx\/#website\",\"url\":\"https:\/\/www.sonoraenequipo.com.mx\/\",\"name\":\"Sonora en Equipo.\",\"description\":\"Diario en l\u00ednea con Noticias desde Hermosillo, Sonora\",\"publisher\":{\"@id\":\"https:\/\/www.sonoraenequipo.com.mx\/#organization\"},\"potentialAction\":[{\"@type\":\"SearchAction\",\"target\":{\"@type\":\"EntryPoint\",\"urlTemplate\":\"https:\/\/www.sonoraenequipo.com.mx\/?s={search_term_string}\"},\"query-input\":{\"@type\":\"PropertyValueSpecification\",\"valueRequired\":true,\"valueName\":\"search_term_string\"}}],\"inLanguage\":\"es\"},{\"@type\":\"Organization\",\"@id\":\"https:\/\/www.sonoraenequipo.com.mx\/#organization\",\"name\":\"Sonoraenequipo.com.mx\",\"url\":\"https:\/\/www.sonoraenequipo.com.mx\/\",\"logo\":{\"@type\":\"ImageObject\",\"inLanguage\":\"es\",\"@id\":\"https:\/\/www.sonoraenequipo.com.mx\/#\/schema\/logo\/image\/\",\"url\":\"https:\/\/www.sonoraenequipo.com.mx\/storage\/2019\/01\/sonoraenequipo_opt.png\",\"contentUrl\":\"https:\/\/www.sonoraenequipo.com.mx\/storage\/2019\/01\/sonoraenequipo_opt.png\",\"width\":375,\"height\":125,\"caption\":\"Sonoraenequipo.com.mx\"},\"image\":{\"@id\":\"https:\/\/www.sonoraenequipo.com.mx\/#\/schema\/logo\/image\/\"},\"sameAs\":[\"https:\/\/www.facebook.com\/SonoraEE\/\",\"https:\/\/x.com\/sonoraenequipo\",\"https:\/\/www.youtube.com\/channel\/UC338nW-lPEYmJQs4ZABQ1SQ\"]},{\"@type\":\"Person\",\"@id\":\"https:\/\/www.sonoraenequipo.com.mx\/#\/schema\/person\/50102df0fb23a8fa9e8effad8fa81386\",\"name\":\"enequipo\",\"image\":{\"@type\":\"ImageObject\",\"inLanguage\":\"es\",\"@id\":\"https:\/\/www.sonoraenequipo.com.mx\/#\/schema\/person\/image\/\",\"url\":\"https:\/\/secure.gravatar.com\/avatar\/049821681b589dabc0bc20695993ccebb09f5b5d4d790cd9251b97faac7c652b?s=96&d=blank&r=g\",\"contentUrl\":\"https:\/\/secure.gravatar.com\/avatar\/049821681b589dabc0bc20695993ccebb09f5b5d4d790cd9251b97faac7c652b?s=96&d=blank&r=g\",\"caption\":\"enequipo\"},\"sameAs\":[\"https:\/\/www.facebook.com\/SonoraEE\"]}]}<\/script>\n ","yoast_head_json":{"title":"Sonora en Equipo. \"Legislar\u00e9 con identidad y arraigo a mi Distrito 06 Hermosillo\": David Figueroa ELECCI\u00d3NES","description":"HERMOSILLO, SONORA, MX.\u02d7\u02d7\u02d7 \"Porque vivo en la colonia Olivares, legislar\u00e9 con la verdad, honestidad, justicia social, con identidad y arraigo a mi En Sonora en Equipo publicamos toda la informaci\u00f3n de Sonora, M\u00e9xico y el Mundo de manera oportuna y busca que la libertad de expresi\u00f3n sea real. Visita nuestro medio informativo publicado desde Hermosillo, Sonora. %","robots":{"index":"index","follow":"follow","max-snippet":"max-snippet:-1","max-image-preview":"max-image-preview:large","max-video-preview":"max-video-preview:-1"},"canonical":"https:\/\/www.sonoraenequipo.com.mx\/legislare-con-identidad-y-arraigo-a-mi-distrito-06-hermosillo-david-figueroa\/","og_locale":"es_ES","og_type":"article","og_title":"Sonora en Equipo. \"Legislar\u00e9 con identidad y arraigo a mi Distrito 06 Hermosillo\": David Figueroa ELECCI\u00d3NES","og_description":"HERMOSILLO, SONORA, MX.\u02d7\u02d7\u02d7 \"Porque vivo en la colonia Olivares, legislar\u00e9 con la verdad, honestidad, justicia social, con identidad y arraigo a mi En Sonora en Equipo publicamos toda la informaci\u00f3n de Sonora, M\u00e9xico y el Mundo de manera oportuna y busca que la libertad de expresi\u00f3n sea real. Visita nuestro medio informativo publicado desde Hermosillo, Sonora. %","og_url":"https:\/\/www.sonoraenequipo.com.mx\/legislare-con-identidad-y-arraigo-a-mi-distrito-06-hermosillo-david-figueroa\/","og_site_name":"Sonora en Equipo.","article_publisher":"https:\/\/www.facebook.com\/SonoraEE\/","article_author":"https:\/\/www.facebook.com\/SonoraEE","article_published_time":"2024-04-29T22:39:13+00:00","og_image":[{"width":800,"height":533,"url":"https:\/\/www.sonoraenequipo.com.mx\/storage\/2024\/04\/dfo290424.jpg","type":"image\/jpeg"}],"author":"enequipo","twitter_card":"summary_large_image","twitter_creator":"@sonoraenequipo","twitter_site":"@sonoraenequipo","twitter_misc":{"Escrito por":"enequipo","Tiempo de lectura":"2 minutos"},"schema":{"@context":"https:\/\/schema.org","@graph":[{"@type":"Article","@id":"https:\/\/www.sonoraenequipo.com.mx\/legislare-con-identidad-y-arraigo-a-mi-distrito-06-hermosillo-david-figueroa\/#article","isPartOf":{"@id":"https:\/\/www.sonoraenequipo.com.mx\/legislare-con-identidad-y-arraigo-a-mi-distrito-06-hermosillo-david-figueroa\/"},"author":{"name":"enequipo","@id":"https:\/\/www.sonoraenequipo.com.mx\/#\/schema\/person\/50102df0fb23a8fa9e8effad8fa81386"},"headline":"\u00abLegislar\u00e9 con identidad y arraigo a mi Distrito 06 Hermosillo\u00bb: David Figueroa","datePublished":"2024-04-29T22:39:13+00:00","mainEntityOfPage":{"@id":"https:\/\/www.sonoraenequipo.com.mx\/legislare-con-identidad-y-arraigo-a-mi-distrito-06-hermosillo-david-figueroa\/"},"wordCount":438,"commentCount":0,"publisher":{"@id":"https:\/\/www.sonoraenequipo.com.mx\/#organization"},"image":{"@id":"https:\/\/www.sonoraenequipo.com.mx\/legislare-con-identidad-y-arraigo-a-mi-distrito-06-hermosillo-david-figueroa\/#primaryimage"},"thumbnailUrl":"https:\/\/www.sonoraenequipo.com.mx\/storage\/2024\/04\/dfo290424.jpg","keywords":["david figueroa"],"articleSection":["ELECCI\u00d3NES"],"inLanguage":"es","potentialAction":[{"@type":"CommentAction","name":"Comment","target":["https:\/\/www.sonoraenequipo.com.mx\/legislare-con-identidad-y-arraigo-a-mi-distrito-06-hermosillo-david-figueroa\/#respond"]}]},{"@type":"WebPage","@id":"https:\/\/www.sonoraenequipo.com.mx\/legislare-con-identidad-y-arraigo-a-mi-distrito-06-hermosillo-david-figueroa\/","url":"https:\/\/www.sonoraenequipo.com.mx\/legislare-con-identidad-y-arraigo-a-mi-distrito-06-hermosillo-david-figueroa\/","name":"Sonora en Equipo. \"Legislar\u00e9 con identidad y arraigo a mi Distrito 06 Hermosillo\": David Figueroa ELECCI\u00d3NES","isPartOf":{"@id":"https:\/\/www.sonoraenequipo.com.mx\/#website"},"primaryImageOfPage":{"@id":"https:\/\/www.sonoraenequipo.com.mx\/legislare-con-identidad-y-arraigo-a-mi-distrito-06-hermosillo-david-figueroa\/#primaryimage"},"image":{"@id":"https:\/\/www.sonoraenequipo.com.mx\/legislare-con-identidad-y-arraigo-a-mi-distrito-06-hermosillo-david-figueroa\/#primaryimage"},"thumbnailUrl":"https:\/\/www.sonoraenequipo.com.mx\/storage\/2024\/04\/dfo290424.jpg","datePublished":"2024-04-29T22:39:13+00:00","description":"HERMOSILLO, SONORA, MX.\u02d7\u02d7\u02d7 \"Porque vivo en la colonia Olivares, legislar\u00e9 con la verdad, honestidad, justicia social, con identidad y arraigo a mi En Sonora en Equipo publicamos toda la informaci\u00f3n de Sonora, M\u00e9xico y el Mundo de manera oportuna y busca que la libertad de expresi\u00f3n sea real. Visita nuestro medio informativo publicado desde Hermosillo, Sonora. %","breadcrumb":{"@id":"https:\/\/www.sonoraenequipo.com.mx\/legislare-con-identidad-y-arraigo-a-mi-distrito-06-hermosillo-david-figueroa\/#breadcrumb"},"inLanguage":"es","potentialAction":[{"@type":"ReadAction","target":["https:\/\/www.sonoraenequipo.com.mx\/legislare-con-identidad-y-arraigo-a-mi-distrito-06-hermosillo-david-figueroa\/"]}]},{"@type":"ImageObject","inLanguage":"es","@id":"https:\/\/www.sonoraenequipo.com.mx\/legislare-con-identidad-y-arraigo-a-mi-distrito-06-hermosillo-david-figueroa\/#primaryimage","url":"https:\/\/www.sonoraenequipo.com.mx\/storage\/2024\/04\/dfo290424.jpg","contentUrl":"https:\/\/www.sonoraenequipo.com.mx\/storage\/2024\/04\/dfo290424.jpg","width":800,"height":533},{"@type":"BreadcrumbList","@id":"https:\/\/www.sonoraenequipo.com.mx\/legislare-con-identidad-y-arraigo-a-mi-distrito-06-hermosillo-david-figueroa\/#breadcrumb","itemListElement":[{"@type":"ListItem","position":1,"name":"Portada","item":"https:\/\/www.sonoraenequipo.com.mx\/"},{"@type":"ListItem","position":2,"name":"\u00abLegislar\u00e9 con identidad y arraigo a mi Distrito 06 Hermosillo\u00bb: David Figueroa"}]},{"@type":"WebSite","@id":"https:\/\/www.sonoraenequipo.com.mx\/#website","url":"https:\/\/www.sonoraenequipo.com.mx\/","name":"Sonora en Equipo.","description":"Diario en l\u00ednea con Noticias desde Hermosillo, Sonora","publisher":{"@id":"https:\/\/www.sonoraenequipo.com.mx\/#organization"},"potentialAction":[{"@type":"SearchAction","target":{"@type":"EntryPoint","urlTemplate":"https:\/\/www.sonoraenequipo.com.mx\/?s={search_term_string}"},"query-input":{"@type":"PropertyValueSpecification","valueRequired":true,"valueName":"search_term_string"}}],"inLanguage":"es"},{"@type":"Organization","@id":"https:\/\/www.sonoraenequipo.com.mx\/#organization","name":"Sonoraenequipo.com.mx","url":"https:\/\/www.sonoraenequipo.com.mx\/","logo":{"@type":"ImageObject","inLanguage":"es","@id":"https:\/\/www.sonoraenequipo.com.mx\/#\/schema\/logo\/image\/","url":"https:\/\/www.sonoraenequipo.com.mx\/storage\/2019\/01\/sonoraenequipo_opt.png","contentUrl":"https:\/\/www.sonoraenequipo.com.mx\/storage\/2019\/01\/sonoraenequipo_opt.png","width":375,"height":125,"caption":"Sonoraenequipo.com.mx"},"image":{"@id":"https:\/\/www.sonoraenequipo.com.mx\/#\/schema\/logo\/image\/"},"sameAs":["https:\/\/www.facebook.com\/SonoraEE\/","https:\/\/x.com\/sonoraenequipo","https:\/\/www.youtube.com\/channel\/UC338nW-lPEYmJQs4ZABQ1SQ"]},{"@type":"Person","@id":"https:\/\/www.sonoraenequipo.com.mx\/#\/schema\/person\/50102df0fb23a8fa9e8effad8fa81386","name":"enequipo","image":{"@type":"ImageObject","inLanguage":"es","@id":"https:\/\/www.sonoraenequipo.com.mx\/#\/schema\/person\/image\/","url":"https:\/\/secure.gravatar.com\/avatar\/049821681b589dabc0bc20695993ccebb09f5b5d4d790cd9251b97faac7c652b?s=96&d=blank&r=g","contentUrl":"https:\/\/secure.gravatar.com\/avatar\/049821681b589dabc0bc20695993ccebb09f5b5d4d790cd9251b97faac7c652b?s=96&d=blank&r=g","caption":"enequipo"},"sameAs":["https:\/\/www.facebook.com\/SonoraEE"]}]}},"jetpack_featured_media_url":"https:\/\/www.sonoraenequipo.com.mx\/storage\/2024\/04\/dfo290424.jpg","_links":{"self":[{"href":"https:\/\/www.sonoraenequipo.com.mx\/api\/wp\/v2\/posts\/188681","targetHints":{"allow":["GET"]}}],"collection":[{"href":"https:\/\/www.sonoraenequipo.com.mx\/api\/wp\/v2\/posts"}],"about":[{"href":"https:\/\/www.sonoraenequipo.com.mx\/api\/wp\/v2\/types\/post"}],"author":[{"embeddable":true,"href":"https:\/\/www.sonoraenequipo.com.mx\/api\/wp\/v2\/users\/1"}],"replies":[{"embeddable":true,"href":"https:\/\/www.sonoraenequipo.com.mx\/api\/wp\/v2\/comments?post=188681"}],"version-history":[{"count":1,"href":"https:\/\/www.sonoraenequipo.com.mx\/api\/wp\/v2\/posts\/188681\/revisions"}],"predecessor-version":[{"id":188683,"href":"https:\/\/www.sonoraenequipo.com.mx\/api\/wp\/v2\/posts\/188681\/revisions\/188683"}],"wp:featuredmedia":[{"embeddable":true,"href":"https:\/\/www.sonoraenequipo.com.mx\/api\/wp\/v2\/media\/188682"}],"wp:attachment":[{"href":"https:\/\/www.sonoraenequipo.com.mx\/api\/wp\/v2\/media?parent=188681"}],"wp:term":[{"taxonomy":"category","embeddable":true,"href":"https:\/\/www.sonoraenequipo.com.mx\/api\/wp\/v2\/categories?post=188681"},{"taxonomy":"post_tag","embeddable":true,"href":"https:\/\/www.sonoraenequipo.com.mx\/api\/wp\/v2\/tags?post=188681"}],"curies":[{"name":"wp","href":"https:\/\/api.w.org\/{rel}","templated":true}]}}