{"id":188703,"date":"2024-04-29T18:20:07","date_gmt":"2024-04-30T01:20:07","guid":{"rendered":"https:\/\/www.sonoraenequipo.com.mx\/?p=188703"},"modified":"2024-04-29T18:20:07","modified_gmt":"2024-04-30T01:20:07","slug":"hermosillo-merece-continuar-en-la-ruta-de-crecer-mas-tono-astiazaran","status":"publish","type":"post","link":"https:\/\/www.sonoraenequipo.com.mx\/hermosillo-merece-continuar-en-la-ruta-de-crecer-mas-tono-astiazaran\/","title":{"rendered":"Hermosillo merece continuar en la ruta de crecer m\u00e1s: To\u00f1o Astiazar\u00e1n"},"content":{"rendered":"<p><strong>HERMOSILLO, SONORA, MX.\u02d7\u02d7\u02d7 <\/strong>Hermosillo demostr\u00f3 en los recientes tres a\u00f1os que puede romper los a\u00f1os de estancamiento y que merece continuar en la ruta de crecer m\u00e1s, expres\u00f3 Antonio \u201cTo\u00f1o\u201d Astiazar\u00e1n a familias del sur de la ciudad.<\/p>\n<p>&nbsp;<\/p>\n<p>&nbsp;<\/p>\n<p>&nbsp;<\/p>\n<p>En las primeras horas del d\u00eda, el candidato a presidente municipal por un segundo per\u00edodo, regres\u00f3 a barrios y colonias donde ha estado presente en repetidas ocasiones y record\u00f3 que esta elecci\u00f3n se trata de elegir entre acciones ya comprobadas y en marcha o solo palabras de quienes tuvieron la oportunidad de hacer algo por Hermosillo y no lo hicieron.<\/p>\n<p>&nbsp;<\/p>\n<p>&nbsp;<\/p>\n<p>&nbsp;<\/p>\n<p>To\u00f1o Astiazar\u00e1n, en su segunda semana de actividades rumbo a la presidencia municipal por un segundo per\u00edodo, inici\u00f3 actividades en la colonia Villas del Sur, donde la H son\u00f3 fuerte y llev\u00f3 compromisos para residentes del sector que ha atestiguado de avances en los \u00faltimos 30 meses de su gobierno.<\/p>\n<p>&nbsp;<\/p>\n<p>&nbsp;<\/p>\n<p>&nbsp;<\/p>\n<p>Pasar de 70 a 300 patrullas que circulan la ciudad, 18 Centros de Respuesta Inmediata, la recuperaci\u00f3n de espacios p\u00fablicos y rehabilitaci\u00f3n de bulevares forman parte de los logros que han sido posibles junto con la ciudadan\u00eda.<\/p>\n<p>&nbsp;<\/p>\n<p>&nbsp;<\/p>\n<p>&nbsp;<\/p>\n<p>\u201cMe quiero dedicar a encabezar un gobierno que no sea de improvisados, un gobierno que no venga a buscar ni pretextos ni culpables, que trabaje de la mano con toda la gente y que busque por encima de todo el bien de nuestras colonias\u201d, destac\u00f3 To\u00f1o Astiazar\u00e1n.<\/p>\n<p>&nbsp;<\/p>\n<p>&nbsp;<\/p>\n<p>&nbsp;<\/p>\n<p>Eval\u00faan los buenos resultados<\/p>\n<p>&nbsp;<\/p>\n<p>&nbsp;<\/p>\n<p>&nbsp;<\/p>\n<p>La colonia Villas del Sur es ejemplo de participaci\u00f3n ciudadana cuyos residentes son la columna vertebral de un gobierno municipal que ha avanzado en obras como mejoras al parque y la rehabilitaci\u00f3n de un tramo del bulevar Santa Clara.<\/p>\n<p>&nbsp;<\/p>\n<p>&nbsp;<\/p>\n<p>&nbsp;<\/p>\n<p>\u201cEstoy content\u00edsima, ha sido un trabajo excelente ya que aqu\u00ed en Villas del Sur estaba muy olvidado y desde que \u00e9l entr\u00f3 a asumir la presidencia nos ha ayudado bastante y la gente est\u00e1 content\u00edsima con todo lo que hemos logrado\u201d, mencion\u00f3 Ver\u00f3nica Ju\u00e1rez.<\/p>\n<p>&nbsp;<\/p>\n<p>&nbsp;<\/p>\n<p>&nbsp;<\/p>\n<p>El candidato de la Coalici\u00f3n Fuerza y Coraz\u00f3n por Sonora del Partido Acci\u00f3n Nacional, Partido Revolucionario Institucional y Partido de la Revoluci\u00f3n Democr\u00e1tica fue acompa\u00f1ado por los candidatos Luis Miguel \u00abEl Cuate\u00bb Vargas por el distrito 09 local y Ernesto G\u00e1ndara por el distrito 05 federal.<\/p>\n<p><strong>Fecha de publicaci\u00f3n<\/strong><strong> lunes 29 de abril de 2024<\/strong><\/p>\n<p>&nbsp;<\/p>\n","protected":false},"excerpt":{"rendered":"<p>HERMOSILLO, SONORA, MX.\u02d7\u02d7\u02d7 Hermosillo demostr\u00f3 en los recientes tres a\u00f1os que puede romper los a\u00f1os&#8230;<\/p>\n","protected":false},"author":1,"featured_media":188704,"comment_status":"open","ping_status":"open","sticky":false,"template":"","format":"standard","meta":{"_monsterinsights_skip_tracking":false,"_monsterinsights_sitenote_active":false,"_monsterinsights_sitenote_note":"","_monsterinsights_sitenote_category":0,"footnotes":""},"categories":[9400],"tags":[7497,9590],"class_list":["post"],"yoast_head":" \n<title>Sonora en Equipo. Hermosillo merece continuar en la ruta de crecer m\u00e1s: To\u00f1o Astiazar\u00e1n ELECCI\u00d3NES<\/title>\n<meta name=\"description\" content=\"HERMOSILLO, SONORA, MX.\u02d7\u02d7\u02d7 Hermosillo demostr\u00f3 en los recientes tres a\u00f1os que puede romper los a\u00f1os de estancamiento y que merece continuar en la ruta de En Sonora en Equipo publicamos toda la informaci\u00f3n de Sonora, M\u00e9xico y el Mundo de manera oportuna y busca que la libertad de expresi\u00f3n sea real. Visita nuestro medio informativo publicado desde Hermosillo, Sonora. %\" \/>\n<meta name=\"robots\" content=\"index, follow, max-snippet:-1, max-image-preview:large, max-video-preview:-1\" \/>\n<link rel=\"canonical\" href=\"https:\/\/www.sonoraenequipo.com.mx\/hermosillo-merece-continuar-en-la-ruta-de-crecer-mas-tono-astiazaran\/\" \/>\n<meta property=\"og:locale\" content=\"es_ES\" \/>\n<meta property=\"og:type\" content=\"article\" \/>\n<meta property=\"og:title\" content=\"Sonora en Equipo. Hermosillo merece continuar en la ruta de crecer m\u00e1s: To\u00f1o Astiazar\u00e1n ELECCI\u00d3NES\" \/>\n<meta property=\"og:description\" content=\"HERMOSILLO, SONORA, MX.\u02d7\u02d7\u02d7 Hermosillo demostr\u00f3 en los recientes tres a\u00f1os que puede romper los a\u00f1os de estancamiento y que merece continuar en la ruta de En Sonora en Equipo publicamos toda la informaci\u00f3n de Sonora, M\u00e9xico y el Mundo de manera oportuna y busca que la libertad de expresi\u00f3n sea real. Visita nuestro medio informativo publicado desde Hermosillo, Sonora. %\" \/>\n<meta property=\"og:url\" content=\"https:\/\/www.sonoraenequipo.com.mx\/hermosillo-merece-continuar-en-la-ruta-de-crecer-mas-tono-astiazaran\/\" \/>\n<meta property=\"og:site_name\" content=\"Sonora en Equipo.\" \/>\n<meta property=\"article:publisher\" content=\"https:\/\/www.facebook.com\/SonoraEE\/\" \/>\n<meta property=\"article:author\" content=\"https:\/\/www.facebook.com\/SonoraEE\" \/>\n<meta property=\"article:published_time\" content=\"2024-04-30T01:20:07+00:00\" \/>\n<meta property=\"og:image\" content=\"https:\/\/www.sonoraenequipo.com.mx\/storage\/2024\/04\/tono-campana290424.jpg\" \/>\n\t<meta property=\"og:image:width\" content=\"800\" \/>\n\t<meta property=\"og:image:height\" content=\"532\" \/>\n\t<meta property=\"og:image:type\" content=\"image\/jpeg\" \/>\n<meta name=\"author\" content=\"enequipo\" \/>\n<meta name=\"twitter:card\" content=\"summary_large_image\" \/>\n<meta name=\"twitter:creator\" content=\"@sonoraenequipo\" \/>\n<meta name=\"twitter:site\" content=\"@sonoraenequipo\" \/>\n<meta name=\"twitter:label1\" content=\"Escrito por\" \/>\n\t<meta name=\"twitter:data1\" content=\"enequipo\" \/>\n\t<meta name=\"twitter:label2\" content=\"Tiempo de lectura\" \/>\n\t<meta name=\"twitter:data2\" content=\"2 minutos\" \/>\n<script type=\"application\/ld+json\" class=\"yoast-schema-graph\">{\"@context\":\"https:\/\/schema.org\",\"@graph\":[{\"@type\":\"Article\",\"@id\":\"https:\/\/www.sonoraenequipo.com.mx\/hermosillo-merece-continuar-en-la-ruta-de-crecer-mas-tono-astiazaran\/#article\",\"isPartOf\":{\"@id\":\"https:\/\/www.sonoraenequipo.com.mx\/hermosillo-merece-continuar-en-la-ruta-de-crecer-mas-tono-astiazaran\/\"},\"author\":{\"name\":\"enequipo\",\"@id\":\"https:\/\/www.sonoraenequipo.com.mx\/#\/schema\/person\/50102df0fb23a8fa9e8effad8fa81386\"},\"headline\":\"Hermosillo merece continuar en la ruta de crecer m\u00e1s: To\u00f1o Astiazar\u00e1n\",\"datePublished\":\"2024-04-30T01:20:07+00:00\",\"mainEntityOfPage\":{\"@id\":\"https:\/\/www.sonoraenequipo.com.mx\/hermosillo-merece-continuar-en-la-ruta-de-crecer-mas-tono-astiazaran\/\"},\"wordCount\":437,\"commentCount\":0,\"publisher\":{\"@id\":\"https:\/\/www.sonoraenequipo.com.mx\/#organization\"},\"image\":{\"@id\":\"https:\/\/www.sonoraenequipo.com.mx\/hermosillo-merece-continuar-en-la-ruta-de-crecer-mas-tono-astiazaran\/#primaryimage\"},\"thumbnailUrl\":\"https:\/\/www.sonoraenequipo.com.mx\/storage\/2024\/04\/tono-campana290424.jpg\",\"keywords\":[\"2024\",\"to\u00f1o campa\u00f1a\"],\"articleSection\":[\"ELECCI\u00d3NES\"],\"inLanguage\":\"es\",\"potentialAction\":[{\"@type\":\"CommentAction\",\"name\":\"Comment\",\"target\":[\"https:\/\/www.sonoraenequipo.com.mx\/hermosillo-merece-continuar-en-la-ruta-de-crecer-mas-tono-astiazaran\/#respond\"]}]},{\"@type\":\"WebPage\",\"@id\":\"https:\/\/www.sonoraenequipo.com.mx\/hermosillo-merece-continuar-en-la-ruta-de-crecer-mas-tono-astiazaran\/\",\"url\":\"https:\/\/www.sonoraenequipo.com.mx\/hermosillo-merece-continuar-en-la-ruta-de-crecer-mas-tono-astiazaran\/\",\"name\":\"Sonora en Equipo. Hermosillo merece continuar en la ruta de crecer m\u00e1s: To\u00f1o Astiazar\u00e1n ELECCI\u00d3NES\",\"isPartOf\":{\"@id\":\"https:\/\/www.sonoraenequipo.com.mx\/#website\"},\"primaryImageOfPage\":{\"@id\":\"https:\/\/www.sonoraenequipo.com.mx\/hermosillo-merece-continuar-en-la-ruta-de-crecer-mas-tono-astiazaran\/#primaryimage\"},\"image\":{\"@id\":\"https:\/\/www.sonoraenequipo.com.mx\/hermosillo-merece-continuar-en-la-ruta-de-crecer-mas-tono-astiazaran\/#primaryimage\"},\"thumbnailUrl\":\"https:\/\/www.sonoraenequipo.com.mx\/storage\/2024\/04\/tono-campana290424.jpg\",\"datePublished\":\"2024-04-30T01:20:07+00:00\",\"description\":\"HERMOSILLO, SONORA, MX.\u02d7\u02d7\u02d7 Hermosillo demostr\u00f3 en los recientes tres a\u00f1os que puede romper los a\u00f1os de estancamiento y que merece continuar en la ruta de En Sonora en Equipo publicamos toda la informaci\u00f3n de Sonora, M\u00e9xico y el Mundo de manera oportuna y busca que la libertad de expresi\u00f3n sea real. Visita nuestro medio informativo publicado desde Hermosillo, Sonora. %\",\"breadcrumb\":{\"@id\":\"https:\/\/www.sonoraenequipo.com.mx\/hermosillo-merece-continuar-en-la-ruta-de-crecer-mas-tono-astiazaran\/#breadcrumb\"},\"inLanguage\":\"es\",\"potentialAction\":[{\"@type\":\"ReadAction\",\"target\":[\"https:\/\/www.sonoraenequipo.com.mx\/hermosillo-merece-continuar-en-la-ruta-de-crecer-mas-tono-astiazaran\/\"]}]},{\"@type\":\"ImageObject\",\"inLanguage\":\"es\",\"@id\":\"https:\/\/www.sonoraenequipo.com.mx\/hermosillo-merece-continuar-en-la-ruta-de-crecer-mas-tono-astiazaran\/#primaryimage\",\"url\":\"https:\/\/www.sonoraenequipo.com.mx\/storage\/2024\/04\/tono-campana290424.jpg\",\"contentUrl\":\"https:\/\/www.sonoraenequipo.com.mx\/storage\/2024\/04\/tono-campana290424.jpg\",\"width\":800,\"height\":532},{\"@type\":\"BreadcrumbList\",\"@id\":\"https:\/\/www.sonoraenequipo.com.mx\/hermosillo-merece-continuar-en-la-ruta-de-crecer-mas-tono-astiazaran\/#breadcrumb\",\"itemListElement\":[{\"@type\":\"ListItem\",\"position\":1,\"name\":\"Portada\",\"item\":\"https:\/\/www.sonoraenequipo.com.mx\/\"},{\"@type\":\"ListItem\",\"position\":2,\"name\":\"Hermosillo merece continuar en la ruta de crecer m\u00e1s: To\u00f1o Astiazar\u00e1n\"}]},{\"@type\":\"WebSite\",\"@id\":\"https:\/\/www.sonoraenequipo.com.mx\/#website\",\"url\":\"https:\/\/www.sonoraenequipo.com.mx\/\",\"name\":\"Sonora en Equipo.\",\"description\":\"Diario en l\u00ednea con Noticias desde Hermosillo, Sonora\",\"publisher\":{\"@id\":\"https:\/\/www.sonoraenequipo.com.mx\/#organization\"},\"potentialAction\":[{\"@type\":\"SearchAction\",\"target\":{\"@type\":\"EntryPoint\",\"urlTemplate\":\"https:\/\/www.sonoraenequipo.com.mx\/?s={search_term_string}\"},\"query-input\":{\"@type\":\"PropertyValueSpecification\",\"valueRequired\":true,\"valueName\":\"search_term_string\"}}],\"inLanguage\":\"es\"},{\"@type\":\"Organization\",\"@id\":\"https:\/\/www.sonoraenequipo.com.mx\/#organization\",\"name\":\"Sonoraenequipo.com.mx\",\"url\":\"https:\/\/www.sonoraenequipo.com.mx\/\",\"logo\":{\"@type\":\"ImageObject\",\"inLanguage\":\"es\",\"@id\":\"https:\/\/www.sonoraenequipo.com.mx\/#\/schema\/logo\/image\/\",\"url\":\"https:\/\/www.sonoraenequipo.com.mx\/storage\/2019\/01\/sonoraenequipo_opt.png\",\"contentUrl\":\"https:\/\/www.sonoraenequipo.com.mx\/storage\/2019\/01\/sonoraenequipo_opt.png\",\"width\":375,\"height\":125,\"caption\":\"Sonoraenequipo.com.mx\"},\"image\":{\"@id\":\"https:\/\/www.sonoraenequipo.com.mx\/#\/schema\/logo\/image\/\"},\"sameAs\":[\"https:\/\/www.facebook.com\/SonoraEE\/\",\"https:\/\/x.com\/sonoraenequipo\",\"https:\/\/www.youtube.com\/channel\/UC338nW-lPEYmJQs4ZABQ1SQ\"]},{\"@type\":\"Person\",\"@id\":\"https:\/\/www.sonoraenequipo.com.mx\/#\/schema\/person\/50102df0fb23a8fa9e8effad8fa81386\",\"name\":\"enequipo\",\"image\":{\"@type\":\"ImageObject\",\"inLanguage\":\"es\",\"@id\":\"https:\/\/www.sonoraenequipo.com.mx\/#\/schema\/person\/image\/\",\"url\":\"https:\/\/secure.gravatar.com\/avatar\/049821681b589dabc0bc20695993ccebb09f5b5d4d790cd9251b97faac7c652b?s=96&d=blank&r=g\",\"contentUrl\":\"https:\/\/secure.gravatar.com\/avatar\/049821681b589dabc0bc20695993ccebb09f5b5d4d790cd9251b97faac7c652b?s=96&d=blank&r=g\",\"caption\":\"enequipo\"},\"sameAs\":[\"https:\/\/www.facebook.com\/SonoraEE\"]}]}<\/script>\n ","yoast_head_json":{"title":"Sonora en Equipo. Hermosillo merece continuar en la ruta de crecer m\u00e1s: To\u00f1o Astiazar\u00e1n ELECCI\u00d3NES","description":"HERMOSILLO, SONORA, MX.\u02d7\u02d7\u02d7 Hermosillo demostr\u00f3 en los recientes tres a\u00f1os que puede romper los a\u00f1os de estancamiento y que merece continuar en la ruta de En Sonora en Equipo publicamos toda la informaci\u00f3n de Sonora, M\u00e9xico y el Mundo de manera oportuna y busca que la libertad de expresi\u00f3n sea real. Visita nuestro medio informativo publicado desde Hermosillo, Sonora. %","robots":{"index":"index","follow":"follow","max-snippet":"max-snippet:-1","max-image-preview":"max-image-preview:large","max-video-preview":"max-video-preview:-1"},"canonical":"https:\/\/www.sonoraenequipo.com.mx\/hermosillo-merece-continuar-en-la-ruta-de-crecer-mas-tono-astiazaran\/","og_locale":"es_ES","og_type":"article","og_title":"Sonora en Equipo. Hermosillo merece continuar en la ruta de crecer m\u00e1s: To\u00f1o Astiazar\u00e1n ELECCI\u00d3NES","og_description":"HERMOSILLO, SONORA, MX.\u02d7\u02d7\u02d7 Hermosillo demostr\u00f3 en los recientes tres a\u00f1os que puede romper los a\u00f1os de estancamiento y que merece continuar en la ruta de En Sonora en Equipo publicamos toda la informaci\u00f3n de Sonora, M\u00e9xico y el Mundo de manera oportuna y busca que la libertad de expresi\u00f3n sea real. Visita nuestro medio informativo publicado desde Hermosillo, Sonora. %","og_url":"https:\/\/www.sonoraenequipo.com.mx\/hermosillo-merece-continuar-en-la-ruta-de-crecer-mas-tono-astiazaran\/","og_site_name":"Sonora en Equipo.","article_publisher":"https:\/\/www.facebook.com\/SonoraEE\/","article_author":"https:\/\/www.facebook.com\/SonoraEE","article_published_time":"2024-04-30T01:20:07+00:00","og_image":[{"width":800,"height":532,"url":"https:\/\/www.sonoraenequipo.com.mx\/storage\/2024\/04\/tono-campana290424.jpg","type":"image\/jpeg"}],"author":"enequipo","twitter_card":"summary_large_image","twitter_creator":"@sonoraenequipo","twitter_site":"@sonoraenequipo","twitter_misc":{"Escrito por":"enequipo","Tiempo de lectura":"2 minutos"},"schema":{"@context":"https:\/\/schema.org","@graph":[{"@type":"Article","@id":"https:\/\/www.sonoraenequipo.com.mx\/hermosillo-merece-continuar-en-la-ruta-de-crecer-mas-tono-astiazaran\/#article","isPartOf":{"@id":"https:\/\/www.sonoraenequipo.com.mx\/hermosillo-merece-continuar-en-la-ruta-de-crecer-mas-tono-astiazaran\/"},"author":{"name":"enequipo","@id":"https:\/\/www.sonoraenequipo.com.mx\/#\/schema\/person\/50102df0fb23a8fa9e8effad8fa81386"},"headline":"Hermosillo merece continuar en la ruta de crecer m\u00e1s: To\u00f1o Astiazar\u00e1n","datePublished":"2024-04-30T01:20:07+00:00","mainEntityOfPage":{"@id":"https:\/\/www.sonoraenequipo.com.mx\/hermosillo-merece-continuar-en-la-ruta-de-crecer-mas-tono-astiazaran\/"},"wordCount":437,"commentCount":0,"publisher":{"@id":"https:\/\/www.sonoraenequipo.com.mx\/#organization"},"image":{"@id":"https:\/\/www.sonoraenequipo.com.mx\/hermosillo-merece-continuar-en-la-ruta-de-crecer-mas-tono-astiazaran\/#primaryimage"},"thumbnailUrl":"https:\/\/www.sonoraenequipo.com.mx\/storage\/2024\/04\/tono-campana290424.jpg","keywords":["2024","to\u00f1o campa\u00f1a"],"articleSection":["ELECCI\u00d3NES"],"inLanguage":"es","potentialAction":[{"@type":"CommentAction","name":"Comment","target":["https:\/\/www.sonoraenequipo.com.mx\/hermosillo-merece-continuar-en-la-ruta-de-crecer-mas-tono-astiazaran\/#respond"]}]},{"@type":"WebPage","@id":"https:\/\/www.sonoraenequipo.com.mx\/hermosillo-merece-continuar-en-la-ruta-de-crecer-mas-tono-astiazaran\/","url":"https:\/\/www.sonoraenequipo.com.mx\/hermosillo-merece-continuar-en-la-ruta-de-crecer-mas-tono-astiazaran\/","name":"Sonora en Equipo. Hermosillo merece continuar en la ruta de crecer m\u00e1s: To\u00f1o Astiazar\u00e1n ELECCI\u00d3NES","isPartOf":{"@id":"https:\/\/www.sonoraenequipo.com.mx\/#website"},"primaryImageOfPage":{"@id":"https:\/\/www.sonoraenequipo.com.mx\/hermosillo-merece-continuar-en-la-ruta-de-crecer-mas-tono-astiazaran\/#primaryimage"},"image":{"@id":"https:\/\/www.sonoraenequipo.com.mx\/hermosillo-merece-continuar-en-la-ruta-de-crecer-mas-tono-astiazaran\/#primaryimage"},"thumbnailUrl":"https:\/\/www.sonoraenequipo.com.mx\/storage\/2024\/04\/tono-campana290424.jpg","datePublished":"2024-04-30T01:20:07+00:00","description":"HERMOSILLO, SONORA, MX.\u02d7\u02d7\u02d7 Hermosillo demostr\u00f3 en los recientes tres a\u00f1os que puede romper los a\u00f1os de estancamiento y que merece continuar en la ruta de En Sonora en Equipo publicamos toda la informaci\u00f3n de Sonora, M\u00e9xico y el Mundo de manera oportuna y busca que la libertad de expresi\u00f3n sea real. Visita nuestro medio informativo publicado desde Hermosillo, Sonora. %","breadcrumb":{"@id":"https:\/\/www.sonoraenequipo.com.mx\/hermosillo-merece-continuar-en-la-ruta-de-crecer-mas-tono-astiazaran\/#breadcrumb"},"inLanguage":"es","potentialAction":[{"@type":"ReadAction","target":["https:\/\/www.sonoraenequipo.com.mx\/hermosillo-merece-continuar-en-la-ruta-de-crecer-mas-tono-astiazaran\/"]}]},{"@type":"ImageObject","inLanguage":"es","@id":"https:\/\/www.sonoraenequipo.com.mx\/hermosillo-merece-continuar-en-la-ruta-de-crecer-mas-tono-astiazaran\/#primaryimage","url":"https:\/\/www.sonoraenequipo.com.mx\/storage\/2024\/04\/tono-campana290424.jpg","contentUrl":"https:\/\/www.sonoraenequipo.com.mx\/storage\/2024\/04\/tono-campana290424.jpg","width":800,"height":532},{"@type":"BreadcrumbList","@id":"https:\/\/www.sonoraenequipo.com.mx\/hermosillo-merece-continuar-en-la-ruta-de-crecer-mas-tono-astiazaran\/#breadcrumb","itemListElement":[{"@type":"ListItem","position":1,"name":"Portada","item":"https:\/\/www.sonoraenequipo.com.mx\/"},{"@type":"ListItem","position":2,"name":"Hermosillo merece continuar en la ruta de crecer m\u00e1s: To\u00f1o Astiazar\u00e1n"}]},{"@type":"WebSite","@id":"https:\/\/www.sonoraenequipo.com.mx\/#website","url":"https:\/\/www.sonoraenequipo.com.mx\/","name":"Sonora en Equipo.","description":"Diario en l\u00ednea con Noticias desde Hermosillo, Sonora","publisher":{"@id":"https:\/\/www.sonoraenequipo.com.mx\/#organization"},"potentialAction":[{"@type":"SearchAction","target":{"@type":"EntryPoint","urlTemplate":"https:\/\/www.sonoraenequipo.com.mx\/?s={search_term_string}"},"query-input":{"@type":"PropertyValueSpecification","valueRequired":true,"valueName":"search_term_string"}}],"inLanguage":"es"},{"@type":"Organization","@id":"https:\/\/www.sonoraenequipo.com.mx\/#organization","name":"Sonoraenequipo.com.mx","url":"https:\/\/www.sonoraenequipo.com.mx\/","logo":{"@type":"ImageObject","inLanguage":"es","@id":"https:\/\/www.sonoraenequipo.com.mx\/#\/schema\/logo\/image\/","url":"https:\/\/www.sonoraenequipo.com.mx\/storage\/2019\/01\/sonoraenequipo_opt.png","contentUrl":"https:\/\/www.sonoraenequipo.com.mx\/storage\/2019\/01\/sonoraenequipo_opt.png","width":375,"height":125,"caption":"Sonoraenequipo.com.mx"},"image":{"@id":"https:\/\/www.sonoraenequipo.com.mx\/#\/schema\/logo\/image\/"},"sameAs":["https:\/\/www.facebook.com\/SonoraEE\/","https:\/\/x.com\/sonoraenequipo","https:\/\/www.youtube.com\/channel\/UC338nW-lPEYmJQs4ZABQ1SQ"]},{"@type":"Person","@id":"https:\/\/www.sonoraenequipo.com.mx\/#\/schema\/person\/50102df0fb23a8fa9e8effad8fa81386","name":"enequipo","image":{"@type":"ImageObject","inLanguage":"es","@id":"https:\/\/www.sonoraenequipo.com.mx\/#\/schema\/person\/image\/","url":"https:\/\/secure.gravatar.com\/avatar\/049821681b589dabc0bc20695993ccebb09f5b5d4d790cd9251b97faac7c652b?s=96&d=blank&r=g","contentUrl":"https:\/\/secure.gravatar.com\/avatar\/049821681b589dabc0bc20695993ccebb09f5b5d4d790cd9251b97faac7c652b?s=96&d=blank&r=g","caption":"enequipo"},"sameAs":["https:\/\/www.facebook.com\/SonoraEE"]}]}},"jetpack_featured_media_url":"https:\/\/www.sonoraenequipo.com.mx\/storage\/2024\/04\/tono-campana290424.jpg","_links":{"self":[{"href":"https:\/\/www.sonoraenequipo.com.mx\/api\/wp\/v2\/posts\/188703","targetHints":{"allow":["GET"]}}],"collection":[{"href":"https:\/\/www.sonoraenequipo.com.mx\/api\/wp\/v2\/posts"}],"about":[{"href":"https:\/\/www.sonoraenequipo.com.mx\/api\/wp\/v2\/types\/post"}],"author":[{"embeddable":true,"href":"https:\/\/www.sonoraenequipo.com.mx\/api\/wp\/v2\/users\/1"}],"replies":[{"embeddable":true,"href":"https:\/\/www.sonoraenequipo.com.mx\/api\/wp\/v2\/comments?post=188703"}],"version-history":[{"count":1,"href":"https:\/\/www.sonoraenequipo.com.mx\/api\/wp\/v2\/posts\/188703\/revisions"}],"predecessor-version":[{"id":188705,"href":"https:\/\/www.sonoraenequipo.com.mx\/api\/wp\/v2\/posts\/188703\/revisions\/188705"}],"wp:featuredmedia":[{"embeddable":true,"href":"https:\/\/www.sonoraenequipo.com.mx\/api\/wp\/v2\/media\/188704"}],"wp:attachment":[{"href":"https:\/\/www.sonoraenequipo.com.mx\/api\/wp\/v2\/media?parent=188703"}],"wp:term":[{"taxonomy":"category","embeddable":true,"href":"https:\/\/www.sonoraenequipo.com.mx\/api\/wp\/v2\/categories?post=188703"},{"taxonomy":"post_tag","embeddable":true,"href":"https:\/\/www.sonoraenequipo.com.mx\/api\/wp\/v2\/tags?post=188703"}],"curies":[{"name":"wp","href":"https:\/\/api.w.org\/{rel}","templated":true}]}}