{"id":188727,"date":"2024-04-30T09:04:39","date_gmt":"2024-04-30T16:04:39","guid":{"rendered":"https:\/\/www.sonoraenequipo.com.mx\/?p=188727"},"modified":"2024-04-30T09:17:12","modified_gmt":"2024-04-30T16:17:12","slug":"encuesta-de-encuestas-presidencia-claudia-sheinbaum-se-mantiene-arriba-de-xochitl-por-27-puntos","status":"publish","type":"post","link":"https:\/\/www.sonoraenequipo.com.mx\/encuesta-de-encuestas-presidencia-claudia-sheinbaum-se-mantiene-arriba-de-xochitl-por-27-puntos\/","title":{"rendered":"Claudia Sheinbaum se mantiene arriba de X\u00f3chitl por 27 puntos"},"content":{"rendered":"<p><strong>CIUDAD DE M\u00c9XICO. MX.\u2014<\/strong> De acuerdo con el corte del 29 de abril de la Encuesta de Encuestas de Polls.mx, Claudia Sheinbaum se ubica al frente de las preferencias (58%), con una distancia de 27 puntos porcentuales sobre X\u00f3chitl G\u00e1lvez (31%).<\/p>\n<p> <\/p>\n<p>Falta apenas un mes y d\u00edas para que los mexicanos acudamos a las urnas a depositar nuestros votos para elegir al nuevo mandatario de la naci\u00f3n, as\u00ed como para renovar el Congreso de la Uni\u00f3n, la gubernatura de ocho estados, la Jefatura de Gobierno de la Ciudad de M\u00e9xico y miles de alcald\u00edas, sindicaturas y regidur\u00edas en el pa\u00eds.<\/p>\n<p><img loading=\"lazy\" decoding=\"async\" class=\"x-right  \" src=\"https:\/\/www.sonoraenequipo.com.mx\/storage\/2024\/04\/POP_presidencial-min-1.jpg\" alt=\"\" width=\"481\" height=\"599\" \/>Sin lugar a dudas la elecci\u00f3n que nos llama a todos la atenci\u00f3n y de la que estaremos pendientes es la de la Presidencia de la Rep\u00fablica y, de acuerdo con los escenarios mostrados por todas las casas encuestadoras y vertidas en nuestro modelo de Encuesta de Encuestas, hasta el momento, la mayor\u00eda de la intenci\u00f3n de voto est\u00e1 en favor de la candidata de la alianza Morena-PT-PVEM,<\/p>\n<p>Claudia Sheinbaum, muy por delante de la segunda en menciones, la aspirante del bloque opositor conformado por el PAN, el PRI y el PRD, X\u00f3chitl G\u00e1lvez, ya que la distancia entre la abanderada de la 4T y la de Fuerza y Coraz\u00f3n es de 27 puntos.<\/p>\n<p>En el tercer lugar de nuestro modelo, el candidato de Movimiento Ciudadano, Jorge \u00c1lvarez M\u00e1ynez aparece con 10% de las preferencias, llegando al doble d\u00edgito por primera vez desde que fue nombrado candidato del partido naranja; incluso, desde que iniciaron las campa\u00f1as el 1 de marzo, \u00c1lvarez ha subido seis puntos porcentuales, aunque todav\u00eda lejos de X\u00f3chitl y m\u00e1s de Claudia.<\/p>\n<p>PUBLICADO EL 30 DE ABRIL DE 2024\/ Con informaci\u00f3n de Polls.mx)<\/p>\n","protected":false},"excerpt":{"rendered":"<p>CIUDAD DE M\u00c9XICO. MX.\u2014 De acuerdo con el corte del 29 de abril de la&#8230;<\/p>\n","protected":false},"author":1,"featured_media":188728,"comment_status":"open","ping_status":"open","sticky":false,"template":"","format":"standard","meta":{"_monsterinsights_skip_tracking":false,"_monsterinsights_sitenote_active":false,"_monsterinsights_sitenote_note":"","_monsterinsights_sitenote_category":0,"footnotes":""},"categories":[5],"tags":[],"class_list":["post"],"yoast_head":" \n<title>Sonora en Equipo. Claudia Sheinbaum se mantiene arriba de X\u00f3chitl por 27 puntos Rep\u00fablica<\/title>\n<meta name=\"description\" content=\"CIUDAD DE M\u00c9XICO. MX.\u2014 De acuerdo con el corte del 29 de abril de la Encuesta de Encuestas de Polls.mx, Claudia Sheinbaum se ubica al frente de las En Sonora en Equipo publicamos toda la informaci\u00f3n de Sonora, M\u00e9xico y el Mundo de manera oportuna y busca que la libertad de expresi\u00f3n sea real. Visita nuestro medio informativo publicado desde Hermosillo, Sonora. %\" \/>\n<meta name=\"robots\" content=\"index, follow, max-snippet:-1, max-image-preview:large, max-video-preview:-1\" \/>\n<link rel=\"canonical\" href=\"https:\/\/www.sonoraenequipo.com.mx\/encuesta-de-encuestas-presidencia-claudia-sheinbaum-se-mantiene-arriba-de-xochitl-por-27-puntos\/\" \/>\n<meta property=\"og:locale\" content=\"es_ES\" \/>\n<meta property=\"og:type\" content=\"article\" \/>\n<meta property=\"og:title\" content=\"Sonora en Equipo. Claudia Sheinbaum se mantiene arriba de X\u00f3chitl por 27 puntos Rep\u00fablica\" \/>\n<meta property=\"og:description\" content=\"CIUDAD DE M\u00c9XICO. MX.\u2014 De acuerdo con el corte del 29 de abril de la Encuesta de Encuestas de Polls.mx, Claudia Sheinbaum se ubica al frente de las En Sonora en Equipo publicamos toda la informaci\u00f3n de Sonora, M\u00e9xico y el Mundo de manera oportuna y busca que la libertad de expresi\u00f3n sea real. Visita nuestro medio informativo publicado desde Hermosillo, Sonora. %\" \/>\n<meta property=\"og:url\" content=\"https:\/\/www.sonoraenequipo.com.mx\/encuesta-de-encuestas-presidencia-claudia-sheinbaum-se-mantiene-arriba-de-xochitl-por-27-puntos\/\" \/>\n<meta property=\"og:site_name\" content=\"Sonora en Equipo.\" \/>\n<meta property=\"article:publisher\" content=\"https:\/\/www.facebook.com\/SonoraEE\/\" \/>\n<meta property=\"article:author\" content=\"https:\/\/www.facebook.com\/SonoraEE\" \/>\n<meta property=\"article:published_time\" content=\"2024-04-30T16:04:39+00:00\" \/>\n<meta property=\"article:modified_time\" content=\"2024-04-30T16:17:12+00:00\" \/>\n<meta property=\"og:image\" content=\"https:\/\/www.sonoraenequipo.com.mx\/storage\/2024\/04\/claudiasheinbaum-min-1.jpg\" \/>\n\t<meta property=\"og:image:width\" content=\"900\" \/>\n\t<meta property=\"og:image:height\" content=\"531\" \/>\n\t<meta property=\"og:image:type\" content=\"image\/jpeg\" \/>\n<meta name=\"author\" content=\"enequipo\" \/>\n<meta name=\"twitter:card\" content=\"summary_large_image\" \/>\n<meta name=\"twitter:creator\" content=\"@sonoraenequipo\" \/>\n<meta name=\"twitter:site\" content=\"@sonoraenequipo\" \/>\n<meta name=\"twitter:label1\" content=\"Escrito por\" \/>\n\t<meta name=\"twitter:data1\" content=\"enequipo\" \/>\n\t<meta name=\"twitter:label2\" content=\"Tiempo de lectura\" \/>\n\t<meta name=\"twitter:data2\" content=\"2 minutos\" \/>\n<script type=\"application\/ld+json\" class=\"yoast-schema-graph\">{\"@context\":\"https:\/\/schema.org\",\"@graph\":[{\"@type\":\"Article\",\"@id\":\"https:\/\/www.sonoraenequipo.com.mx\/encuesta-de-encuestas-presidencia-claudia-sheinbaum-se-mantiene-arriba-de-xochitl-por-27-puntos\/#article\",\"isPartOf\":{\"@id\":\"https:\/\/www.sonoraenequipo.com.mx\/encuesta-de-encuestas-presidencia-claudia-sheinbaum-se-mantiene-arriba-de-xochitl-por-27-puntos\/\"},\"author\":{\"name\":\"enequipo\",\"@id\":\"https:\/\/www.sonoraenequipo.com.mx\/#\/schema\/person\/50102df0fb23a8fa9e8effad8fa81386\"},\"headline\":\"Claudia Sheinbaum se mantiene arriba de X\u00f3chitl por 27 puntos\",\"datePublished\":\"2024-04-30T16:04:39+00:00\",\"dateModified\":\"2024-04-30T16:17:12+00:00\",\"mainEntityOfPage\":{\"@id\":\"https:\/\/www.sonoraenequipo.com.mx\/encuesta-de-encuestas-presidencia-claudia-sheinbaum-se-mantiene-arriba-de-xochitl-por-27-puntos\/\"},\"wordCount\":314,\"commentCount\":0,\"publisher\":{\"@id\":\"https:\/\/www.sonoraenequipo.com.mx\/#organization\"},\"image\":{\"@id\":\"https:\/\/www.sonoraenequipo.com.mx\/encuesta-de-encuestas-presidencia-claudia-sheinbaum-se-mantiene-arriba-de-xochitl-por-27-puntos\/#primaryimage\"},\"thumbnailUrl\":\"https:\/\/www.sonoraenequipo.com.mx\/storage\/2024\/04\/claudiasheinbaum-min-1.jpg\",\"articleSection\":[\"Rep\u00fablica\"],\"inLanguage\":\"es\",\"potentialAction\":[{\"@type\":\"CommentAction\",\"name\":\"Comment\",\"target\":[\"https:\/\/www.sonoraenequipo.com.mx\/encuesta-de-encuestas-presidencia-claudia-sheinbaum-se-mantiene-arriba-de-xochitl-por-27-puntos\/#respond\"]}]},{\"@type\":\"WebPage\",\"@id\":\"https:\/\/www.sonoraenequipo.com.mx\/encuesta-de-encuestas-presidencia-claudia-sheinbaum-se-mantiene-arriba-de-xochitl-por-27-puntos\/\",\"url\":\"https:\/\/www.sonoraenequipo.com.mx\/encuesta-de-encuestas-presidencia-claudia-sheinbaum-se-mantiene-arriba-de-xochitl-por-27-puntos\/\",\"name\":\"Sonora en Equipo. Claudia Sheinbaum se mantiene arriba de X\u00f3chitl por 27 puntos Rep\u00fablica\",\"isPartOf\":{\"@id\":\"https:\/\/www.sonoraenequipo.com.mx\/#website\"},\"primaryImageOfPage\":{\"@id\":\"https:\/\/www.sonoraenequipo.com.mx\/encuesta-de-encuestas-presidencia-claudia-sheinbaum-se-mantiene-arriba-de-xochitl-por-27-puntos\/#primaryimage\"},\"image\":{\"@id\":\"https:\/\/www.sonoraenequipo.com.mx\/encuesta-de-encuestas-presidencia-claudia-sheinbaum-se-mantiene-arriba-de-xochitl-por-27-puntos\/#primaryimage\"},\"thumbnailUrl\":\"https:\/\/www.sonoraenequipo.com.mx\/storage\/2024\/04\/claudiasheinbaum-min-1.jpg\",\"datePublished\":\"2024-04-30T16:04:39+00:00\",\"dateModified\":\"2024-04-30T16:17:12+00:00\",\"description\":\"CIUDAD DE M\u00c9XICO. MX.\u2014 De acuerdo con el corte del 29 de abril de la Encuesta de Encuestas de Polls.mx, Claudia Sheinbaum se ubica al frente de las En Sonora en Equipo publicamos toda la informaci\u00f3n de Sonora, M\u00e9xico y el Mundo de manera oportuna y busca que la libertad de expresi\u00f3n sea real. Visita nuestro medio informativo publicado desde Hermosillo, Sonora. %\",\"breadcrumb\":{\"@id\":\"https:\/\/www.sonoraenequipo.com.mx\/encuesta-de-encuestas-presidencia-claudia-sheinbaum-se-mantiene-arriba-de-xochitl-por-27-puntos\/#breadcrumb\"},\"inLanguage\":\"es\",\"potentialAction\":[{\"@type\":\"ReadAction\",\"target\":[\"https:\/\/www.sonoraenequipo.com.mx\/encuesta-de-encuestas-presidencia-claudia-sheinbaum-se-mantiene-arriba-de-xochitl-por-27-puntos\/\"]}]},{\"@type\":\"ImageObject\",\"inLanguage\":\"es\",\"@id\":\"https:\/\/www.sonoraenequipo.com.mx\/encuesta-de-encuestas-presidencia-claudia-sheinbaum-se-mantiene-arriba-de-xochitl-por-27-puntos\/#primaryimage\",\"url\":\"https:\/\/www.sonoraenequipo.com.mx\/storage\/2024\/04\/claudiasheinbaum-min-1.jpg\",\"contentUrl\":\"https:\/\/www.sonoraenequipo.com.mx\/storage\/2024\/04\/claudiasheinbaum-min-1.jpg\",\"width\":900,\"height\":531},{\"@type\":\"BreadcrumbList\",\"@id\":\"https:\/\/www.sonoraenequipo.com.mx\/encuesta-de-encuestas-presidencia-claudia-sheinbaum-se-mantiene-arriba-de-xochitl-por-27-puntos\/#breadcrumb\",\"itemListElement\":[{\"@type\":\"ListItem\",\"position\":1,\"name\":\"Portada\",\"item\":\"https:\/\/www.sonoraenequipo.com.mx\/\"},{\"@type\":\"ListItem\",\"position\":2,\"name\":\"Claudia Sheinbaum se mantiene arriba de X\u00f3chitl por 27 puntos\"}]},{\"@type\":\"WebSite\",\"@id\":\"https:\/\/www.sonoraenequipo.com.mx\/#website\",\"url\":\"https:\/\/www.sonoraenequipo.com.mx\/\",\"name\":\"Sonora en Equipo.\",\"description\":\"Diario en l\u00ednea con Noticias desde Hermosillo, Sonora\",\"publisher\":{\"@id\":\"https:\/\/www.sonoraenequipo.com.mx\/#organization\"},\"potentialAction\":[{\"@type\":\"SearchAction\",\"target\":{\"@type\":\"EntryPoint\",\"urlTemplate\":\"https:\/\/www.sonoraenequipo.com.mx\/?s={search_term_string}\"},\"query-input\":{\"@type\":\"PropertyValueSpecification\",\"valueRequired\":true,\"valueName\":\"search_term_string\"}}],\"inLanguage\":\"es\"},{\"@type\":\"Organization\",\"@id\":\"https:\/\/www.sonoraenequipo.com.mx\/#organization\",\"name\":\"Sonoraenequipo.com.mx\",\"url\":\"https:\/\/www.sonoraenequipo.com.mx\/\",\"logo\":{\"@type\":\"ImageObject\",\"inLanguage\":\"es\",\"@id\":\"https:\/\/www.sonoraenequipo.com.mx\/#\/schema\/logo\/image\/\",\"url\":\"https:\/\/www.sonoraenequipo.com.mx\/storage\/2019\/01\/sonoraenequipo_opt.png\",\"contentUrl\":\"https:\/\/www.sonoraenequipo.com.mx\/storage\/2019\/01\/sonoraenequipo_opt.png\",\"width\":375,\"height\":125,\"caption\":\"Sonoraenequipo.com.mx\"},\"image\":{\"@id\":\"https:\/\/www.sonoraenequipo.com.mx\/#\/schema\/logo\/image\/\"},\"sameAs\":[\"https:\/\/www.facebook.com\/SonoraEE\/\",\"https:\/\/x.com\/sonoraenequipo\",\"https:\/\/www.youtube.com\/channel\/UC338nW-lPEYmJQs4ZABQ1SQ\"]},{\"@type\":\"Person\",\"@id\":\"https:\/\/www.sonoraenequipo.com.mx\/#\/schema\/person\/50102df0fb23a8fa9e8effad8fa81386\",\"name\":\"enequipo\",\"image\":{\"@type\":\"ImageObject\",\"inLanguage\":\"es\",\"@id\":\"https:\/\/www.sonoraenequipo.com.mx\/#\/schema\/person\/image\/\",\"url\":\"https:\/\/secure.gravatar.com\/avatar\/049821681b589dabc0bc20695993ccebb09f5b5d4d790cd9251b97faac7c652b?s=96&d=blank&r=g\",\"contentUrl\":\"https:\/\/secure.gravatar.com\/avatar\/049821681b589dabc0bc20695993ccebb09f5b5d4d790cd9251b97faac7c652b?s=96&d=blank&r=g\",\"caption\":\"enequipo\"},\"sameAs\":[\"https:\/\/www.facebook.com\/SonoraEE\"]}]}<\/script>\n ","yoast_head_json":{"title":"Sonora en Equipo. Claudia Sheinbaum se mantiene arriba de X\u00f3chitl por 27 puntos Rep\u00fablica","description":"CIUDAD DE M\u00c9XICO. MX.\u2014 De acuerdo con el corte del 29 de abril de la Encuesta de Encuestas de Polls.mx, Claudia Sheinbaum se ubica al frente de las En Sonora en Equipo publicamos toda la informaci\u00f3n de Sonora, M\u00e9xico y el Mundo de manera oportuna y busca que la libertad de expresi\u00f3n sea real. Visita nuestro medio informativo publicado desde Hermosillo, Sonora. %","robots":{"index":"index","follow":"follow","max-snippet":"max-snippet:-1","max-image-preview":"max-image-preview:large","max-video-preview":"max-video-preview:-1"},"canonical":"https:\/\/www.sonoraenequipo.com.mx\/encuesta-de-encuestas-presidencia-claudia-sheinbaum-se-mantiene-arriba-de-xochitl-por-27-puntos\/","og_locale":"es_ES","og_type":"article","og_title":"Sonora en Equipo. Claudia Sheinbaum se mantiene arriba de X\u00f3chitl por 27 puntos Rep\u00fablica","og_description":"CIUDAD DE M\u00c9XICO. MX.\u2014 De acuerdo con el corte del 29 de abril de la Encuesta de Encuestas de Polls.mx, Claudia Sheinbaum se ubica al frente de las En Sonora en Equipo publicamos toda la informaci\u00f3n de Sonora, M\u00e9xico y el Mundo de manera oportuna y busca que la libertad de expresi\u00f3n sea real. Visita nuestro medio informativo publicado desde Hermosillo, Sonora. %","og_url":"https:\/\/www.sonoraenequipo.com.mx\/encuesta-de-encuestas-presidencia-claudia-sheinbaum-se-mantiene-arriba-de-xochitl-por-27-puntos\/","og_site_name":"Sonora en Equipo.","article_publisher":"https:\/\/www.facebook.com\/SonoraEE\/","article_author":"https:\/\/www.facebook.com\/SonoraEE","article_published_time":"2024-04-30T16:04:39+00:00","article_modified_time":"2024-04-30T16:17:12+00:00","og_image":[{"width":900,"height":531,"url":"https:\/\/www.sonoraenequipo.com.mx\/storage\/2024\/04\/claudiasheinbaum-min-1.jpg","type":"image\/jpeg"}],"author":"enequipo","twitter_card":"summary_large_image","twitter_creator":"@sonoraenequipo","twitter_site":"@sonoraenequipo","twitter_misc":{"Escrito por":"enequipo","Tiempo de lectura":"2 minutos"},"schema":{"@context":"https:\/\/schema.org","@graph":[{"@type":"Article","@id":"https:\/\/www.sonoraenequipo.com.mx\/encuesta-de-encuestas-presidencia-claudia-sheinbaum-se-mantiene-arriba-de-xochitl-por-27-puntos\/#article","isPartOf":{"@id":"https:\/\/www.sonoraenequipo.com.mx\/encuesta-de-encuestas-presidencia-claudia-sheinbaum-se-mantiene-arriba-de-xochitl-por-27-puntos\/"},"author":{"name":"enequipo","@id":"https:\/\/www.sonoraenequipo.com.mx\/#\/schema\/person\/50102df0fb23a8fa9e8effad8fa81386"},"headline":"Claudia Sheinbaum se mantiene arriba de X\u00f3chitl por 27 puntos","datePublished":"2024-04-30T16:04:39+00:00","dateModified":"2024-04-30T16:17:12+00:00","mainEntityOfPage":{"@id":"https:\/\/www.sonoraenequipo.com.mx\/encuesta-de-encuestas-presidencia-claudia-sheinbaum-se-mantiene-arriba-de-xochitl-por-27-puntos\/"},"wordCount":314,"commentCount":0,"publisher":{"@id":"https:\/\/www.sonoraenequipo.com.mx\/#organization"},"image":{"@id":"https:\/\/www.sonoraenequipo.com.mx\/encuesta-de-encuestas-presidencia-claudia-sheinbaum-se-mantiene-arriba-de-xochitl-por-27-puntos\/#primaryimage"},"thumbnailUrl":"https:\/\/www.sonoraenequipo.com.mx\/storage\/2024\/04\/claudiasheinbaum-min-1.jpg","articleSection":["Rep\u00fablica"],"inLanguage":"es","potentialAction":[{"@type":"CommentAction","name":"Comment","target":["https:\/\/www.sonoraenequipo.com.mx\/encuesta-de-encuestas-presidencia-claudia-sheinbaum-se-mantiene-arriba-de-xochitl-por-27-puntos\/#respond"]}]},{"@type":"WebPage","@id":"https:\/\/www.sonoraenequipo.com.mx\/encuesta-de-encuestas-presidencia-claudia-sheinbaum-se-mantiene-arriba-de-xochitl-por-27-puntos\/","url":"https:\/\/www.sonoraenequipo.com.mx\/encuesta-de-encuestas-presidencia-claudia-sheinbaum-se-mantiene-arriba-de-xochitl-por-27-puntos\/","name":"Sonora en Equipo. Claudia Sheinbaum se mantiene arriba de X\u00f3chitl por 27 puntos Rep\u00fablica","isPartOf":{"@id":"https:\/\/www.sonoraenequipo.com.mx\/#website"},"primaryImageOfPage":{"@id":"https:\/\/www.sonoraenequipo.com.mx\/encuesta-de-encuestas-presidencia-claudia-sheinbaum-se-mantiene-arriba-de-xochitl-por-27-puntos\/#primaryimage"},"image":{"@id":"https:\/\/www.sonoraenequipo.com.mx\/encuesta-de-encuestas-presidencia-claudia-sheinbaum-se-mantiene-arriba-de-xochitl-por-27-puntos\/#primaryimage"},"thumbnailUrl":"https:\/\/www.sonoraenequipo.com.mx\/storage\/2024\/04\/claudiasheinbaum-min-1.jpg","datePublished":"2024-04-30T16:04:39+00:00","dateModified":"2024-04-30T16:17:12+00:00","description":"CIUDAD DE M\u00c9XICO. MX.\u2014 De acuerdo con el corte del 29 de abril de la Encuesta de Encuestas de Polls.mx, Claudia Sheinbaum se ubica al frente de las En Sonora en Equipo publicamos toda la informaci\u00f3n de Sonora, M\u00e9xico y el Mundo de manera oportuna y busca que la libertad de expresi\u00f3n sea real. Visita nuestro medio informativo publicado desde Hermosillo, Sonora. %","breadcrumb":{"@id":"https:\/\/www.sonoraenequipo.com.mx\/encuesta-de-encuestas-presidencia-claudia-sheinbaum-se-mantiene-arriba-de-xochitl-por-27-puntos\/#breadcrumb"},"inLanguage":"es","potentialAction":[{"@type":"ReadAction","target":["https:\/\/www.sonoraenequipo.com.mx\/encuesta-de-encuestas-presidencia-claudia-sheinbaum-se-mantiene-arriba-de-xochitl-por-27-puntos\/"]}]},{"@type":"ImageObject","inLanguage":"es","@id":"https:\/\/www.sonoraenequipo.com.mx\/encuesta-de-encuestas-presidencia-claudia-sheinbaum-se-mantiene-arriba-de-xochitl-por-27-puntos\/#primaryimage","url":"https:\/\/www.sonoraenequipo.com.mx\/storage\/2024\/04\/claudiasheinbaum-min-1.jpg","contentUrl":"https:\/\/www.sonoraenequipo.com.mx\/storage\/2024\/04\/claudiasheinbaum-min-1.jpg","width":900,"height":531},{"@type":"BreadcrumbList","@id":"https:\/\/www.sonoraenequipo.com.mx\/encuesta-de-encuestas-presidencia-claudia-sheinbaum-se-mantiene-arriba-de-xochitl-por-27-puntos\/#breadcrumb","itemListElement":[{"@type":"ListItem","position":1,"name":"Portada","item":"https:\/\/www.sonoraenequipo.com.mx\/"},{"@type":"ListItem","position":2,"name":"Claudia Sheinbaum se mantiene arriba de X\u00f3chitl por 27 puntos"}]},{"@type":"WebSite","@id":"https:\/\/www.sonoraenequipo.com.mx\/#website","url":"https:\/\/www.sonoraenequipo.com.mx\/","name":"Sonora en Equipo.","description":"Diario en l\u00ednea con Noticias desde Hermosillo, Sonora","publisher":{"@id":"https:\/\/www.sonoraenequipo.com.mx\/#organization"},"potentialAction":[{"@type":"SearchAction","target":{"@type":"EntryPoint","urlTemplate":"https:\/\/www.sonoraenequipo.com.mx\/?s={search_term_string}"},"query-input":{"@type":"PropertyValueSpecification","valueRequired":true,"valueName":"search_term_string"}}],"inLanguage":"es"},{"@type":"Organization","@id":"https:\/\/www.sonoraenequipo.com.mx\/#organization","name":"Sonoraenequipo.com.mx","url":"https:\/\/www.sonoraenequipo.com.mx\/","logo":{"@type":"ImageObject","inLanguage":"es","@id":"https:\/\/www.sonoraenequipo.com.mx\/#\/schema\/logo\/image\/","url":"https:\/\/www.sonoraenequipo.com.mx\/storage\/2019\/01\/sonoraenequipo_opt.png","contentUrl":"https:\/\/www.sonoraenequipo.com.mx\/storage\/2019\/01\/sonoraenequipo_opt.png","width":375,"height":125,"caption":"Sonoraenequipo.com.mx"},"image":{"@id":"https:\/\/www.sonoraenequipo.com.mx\/#\/schema\/logo\/image\/"},"sameAs":["https:\/\/www.facebook.com\/SonoraEE\/","https:\/\/x.com\/sonoraenequipo","https:\/\/www.youtube.com\/channel\/UC338nW-lPEYmJQs4ZABQ1SQ"]},{"@type":"Person","@id":"https:\/\/www.sonoraenequipo.com.mx\/#\/schema\/person\/50102df0fb23a8fa9e8effad8fa81386","name":"enequipo","image":{"@type":"ImageObject","inLanguage":"es","@id":"https:\/\/www.sonoraenequipo.com.mx\/#\/schema\/person\/image\/","url":"https:\/\/secure.gravatar.com\/avatar\/049821681b589dabc0bc20695993ccebb09f5b5d4d790cd9251b97faac7c652b?s=96&d=blank&r=g","contentUrl":"https:\/\/secure.gravatar.com\/avatar\/049821681b589dabc0bc20695993ccebb09f5b5d4d790cd9251b97faac7c652b?s=96&d=blank&r=g","caption":"enequipo"},"sameAs":["https:\/\/www.facebook.com\/SonoraEE"]}]}},"jetpack_featured_media_url":"https:\/\/www.sonoraenequipo.com.mx\/storage\/2024\/04\/claudiasheinbaum-min-1.jpg","_links":{"self":[{"href":"https:\/\/www.sonoraenequipo.com.mx\/api\/wp\/v2\/posts\/188727","targetHints":{"allow":["GET"]}}],"collection":[{"href":"https:\/\/www.sonoraenequipo.com.mx\/api\/wp\/v2\/posts"}],"about":[{"href":"https:\/\/www.sonoraenequipo.com.mx\/api\/wp\/v2\/types\/post"}],"author":[{"embeddable":true,"href":"https:\/\/www.sonoraenequipo.com.mx\/api\/wp\/v2\/users\/1"}],"replies":[{"embeddable":true,"href":"https:\/\/www.sonoraenequipo.com.mx\/api\/wp\/v2\/comments?post=188727"}],"version-history":[{"count":2,"href":"https:\/\/www.sonoraenequipo.com.mx\/api\/wp\/v2\/posts\/188727\/revisions"}],"predecessor-version":[{"id":188735,"href":"https:\/\/www.sonoraenequipo.com.mx\/api\/wp\/v2\/posts\/188727\/revisions\/188735"}],"wp:featuredmedia":[{"embeddable":true,"href":"https:\/\/www.sonoraenequipo.com.mx\/api\/wp\/v2\/media\/188728"}],"wp:attachment":[{"href":"https:\/\/www.sonoraenequipo.com.mx\/api\/wp\/v2\/media?parent=188727"}],"wp:term":[{"taxonomy":"category","embeddable":true,"href":"https:\/\/www.sonoraenequipo.com.mx\/api\/wp\/v2\/categories?post=188727"},{"taxonomy":"post_tag","embeddable":true,"href":"https:\/\/www.sonoraenequipo.com.mx\/api\/wp\/v2\/tags?post=188727"}],"curies":[{"name":"wp","href":"https:\/\/api.w.org\/{rel}","templated":true}]}}