{"id":188737,"date":"2024-04-30T07:18:22","date_gmt":"2024-04-30T14:18:22","guid":{"rendered":"https:\/\/www.sonoraenequipo.com.mx\/?p=188737"},"modified":"2024-04-30T13:53:02","modified_gmt":"2024-04-30T20:53:02","slug":"astra-zeneca-reconocio-que-su-vacuna-anticovid-puede-causar-efectos-secundarios","status":"publish","type":"post","link":"https:\/\/www.sonoraenequipo.com.mx\/astra-zeneca-reconocio-que-su-vacuna-anticovid-puede-causar-efectos-secundarios\/","title":{"rendered":"Astra Zeneca reconoci\u00f3 que su vacuna anticovid puede causar efectos secundarios"},"content":{"rendered":"<p><strong>ESTADOS UNIDOS. \u2014<\/strong> AstraZeneca, una empresa farmac\u00e9utica global con sede en Cambridge, reconoci\u00f3 este lunes que su vacuna contra la COVID-19 puede causar efectos secundarios poco comunes.<\/p>\n<p>&nbsp;<\/p>\n<p> <\/p>\n<p>En un documento legal presentado ante el Tribunal Superior brit\u00e1nico, afirm\u00f3 que la formulaci\u00f3n de la vacuna puede causar TTS, un s\u00edndrome de trombosis con trombocitopenia, que provoca que las personas tengan co\u00e1gulos de sangre y un recuento bajo de plaquetas en sangre, explic\u00f3 Infobae.<\/p>\n<p>&nbsp;<\/p>\n<p>Esta declaraci\u00f3n vino como parte de una demanda colectiva que se inici\u00f3 en el Reino Unido. \u00bfQu\u00e9 alegan sobre el f\u00e1rmaco? Que ser\u00eda la causa lesiones graves en un n\u00famero limitado de casos.<\/p>\n<p>&nbsp;<\/p>\n<p>&nbsp;<\/p>\n<p>Seg\u00fan The Telegraph, este reconocimiento por parte de AstraZeneca podr\u00eda sentar las bases para un acuerdo de compensaci\u00f3n de hasta 100 millones de libras esterlinas (unos 125 millones de d\u00f3lares) para los demandantes.<\/p>\n<p>&nbsp;<\/p>\n<p>&nbsp;<\/p>\n<p>El laboratorio admiti\u00f3 la presencia de estos casos raros en el marco de una defensa legal ante la demanda de Jamie Scott, quien sufri\u00f3 una lesi\u00f3n cerebral irreversible tras desarrollar un co\u00e1gulo de sangre y una hemorragia cerebral luego de ser vacunado en abril de 2021, a\u00f1adi\u00f3 Infobae.<\/p>\n<p>&nbsp;<\/p>\n<p>&nbsp;<\/p>\n<p>&nbsp;<\/p>\n<p>PUBLICADO EL 29 DE ABRIL DE 2024\/ Con informaci\u00f3n de Infovae)<\/p>\n","protected":false},"excerpt":{"rendered":"<p>ESTADOS UNIDOS. \u2014 AstraZeneca, una empresa farmac\u00e9utica global con sede en Cambridge, reconoci\u00f3 este lunes&#8230;<\/p>\n","protected":false},"author":1,"featured_media":188742,"comment_status":"open","ping_status":"open","sticky":false,"template":"","format":"standard","meta":{"_monsterinsights_skip_tracking":false,"_monsterinsights_sitenote_active":false,"_monsterinsights_sitenote_note":"","_monsterinsights_sitenote_category":0,"footnotes":""},"categories":[2216],"tags":[],"class_list":["post"],"yoast_head":" \n<title>Sonora en Equipo. Astra Zeneca reconoci\u00f3 que su vacuna anticovid puede causar efectos secundarios Ciencia y Tecnolog\u00eda<\/title>\n<meta name=\"description\" content=\"ESTADOS UNIDOS. \u2014 AstraZeneca, una empresa farmac\u00e9utica global con sede en Cambridge, reconoci\u00f3 este lunes que su vacuna contra la COVID-19 puede causar En Sonora en Equipo publicamos toda la informaci\u00f3n de Sonora, M\u00e9xico y el Mundo de manera oportuna y busca que la libertad de expresi\u00f3n sea real. Visita nuestro medio informativo publicado desde Hermosillo, Sonora. %\" \/>\n<meta name=\"robots\" content=\"index, follow, max-snippet:-1, max-image-preview:large, max-video-preview:-1\" \/>\n<link rel=\"canonical\" href=\"https:\/\/www.sonoraenequipo.com.mx\/astra-zeneca-reconocio-que-su-vacuna-anticovid-puede-causar-efectos-secundarios\/\" \/>\n<meta property=\"og:locale\" content=\"es_ES\" \/>\n<meta property=\"og:type\" content=\"article\" \/>\n<meta property=\"og:title\" content=\"Sonora en Equipo. Astra Zeneca reconoci\u00f3 que su vacuna anticovid puede causar efectos secundarios Ciencia y Tecnolog\u00eda\" \/>\n<meta property=\"og:description\" content=\"ESTADOS UNIDOS. \u2014 AstraZeneca, una empresa farmac\u00e9utica global con sede en Cambridge, reconoci\u00f3 este lunes que su vacuna contra la COVID-19 puede causar En Sonora en Equipo publicamos toda la informaci\u00f3n de Sonora, M\u00e9xico y el Mundo de manera oportuna y busca que la libertad de expresi\u00f3n sea real. Visita nuestro medio informativo publicado desde Hermosillo, Sonora. %\" \/>\n<meta property=\"og:url\" content=\"https:\/\/www.sonoraenequipo.com.mx\/astra-zeneca-reconocio-que-su-vacuna-anticovid-puede-causar-efectos-secundarios\/\" \/>\n<meta property=\"og:site_name\" content=\"Sonora en Equipo.\" \/>\n<meta property=\"article:publisher\" content=\"https:\/\/www.facebook.com\/SonoraEE\/\" \/>\n<meta property=\"article:author\" content=\"https:\/\/www.facebook.com\/SonoraEE\" \/>\n<meta property=\"article:published_time\" content=\"2024-04-30T14:18:22+00:00\" \/>\n<meta property=\"article:modified_time\" content=\"2024-04-30T20:53:02+00:00\" \/>\n<meta property=\"og:image\" content=\"https:\/\/www.sonoraenequipo.com.mx\/storage\/2024\/04\/astra-zeneca-provoca-tromobosis-min.jpg\" \/>\n\t<meta property=\"og:image:width\" content=\"900\" \/>\n\t<meta property=\"og:image:height\" content=\"474\" \/>\n\t<meta property=\"og:image:type\" content=\"image\/jpeg\" \/>\n<meta name=\"author\" content=\"enequipo\" \/>\n<meta name=\"twitter:card\" content=\"summary_large_image\" \/>\n<meta name=\"twitter:creator\" content=\"@sonoraenequipo\" \/>\n<meta name=\"twitter:site\" content=\"@sonoraenequipo\" \/>\n<meta name=\"twitter:label1\" content=\"Escrito por\" \/>\n\t<meta name=\"twitter:data1\" content=\"enequipo\" \/>\n\t<meta name=\"twitter:label2\" content=\"Tiempo de lectura\" \/>\n\t<meta name=\"twitter:data2\" content=\"1 minuto\" \/>\n<script type=\"application\/ld+json\" class=\"yoast-schema-graph\">{\"@context\":\"https:\/\/schema.org\",\"@graph\":[{\"@type\":\"Article\",\"@id\":\"https:\/\/www.sonoraenequipo.com.mx\/astra-zeneca-reconocio-que-su-vacuna-anticovid-puede-causar-efectos-secundarios\/#article\",\"isPartOf\":{\"@id\":\"https:\/\/www.sonoraenequipo.com.mx\/astra-zeneca-reconocio-que-su-vacuna-anticovid-puede-causar-efectos-secundarios\/\"},\"author\":{\"name\":\"enequipo\",\"@id\":\"https:\/\/www.sonoraenequipo.com.mx\/#\/schema\/person\/50102df0fb23a8fa9e8effad8fa81386\"},\"headline\":\"Astra Zeneca reconoci\u00f3 que su vacuna anticovid puede causar efectos secundarios\",\"datePublished\":\"2024-04-30T14:18:22+00:00\",\"dateModified\":\"2024-04-30T20:53:02+00:00\",\"mainEntityOfPage\":{\"@id\":\"https:\/\/www.sonoraenequipo.com.mx\/astra-zeneca-reconocio-que-su-vacuna-anticovid-puede-causar-efectos-secundarios\/\"},\"wordCount\":228,\"commentCount\":0,\"publisher\":{\"@id\":\"https:\/\/www.sonoraenequipo.com.mx\/#organization\"},\"image\":{\"@id\":\"https:\/\/www.sonoraenequipo.com.mx\/astra-zeneca-reconocio-que-su-vacuna-anticovid-puede-causar-efectos-secundarios\/#primaryimage\"},\"thumbnailUrl\":\"https:\/\/www.sonoraenequipo.com.mx\/storage\/2024\/04\/astra-zeneca-provoca-tromobosis-min.jpg\",\"articleSection\":[\"Ciencia y Tecnolog\u00eda\"],\"inLanguage\":\"es\",\"potentialAction\":[{\"@type\":\"CommentAction\",\"name\":\"Comment\",\"target\":[\"https:\/\/www.sonoraenequipo.com.mx\/astra-zeneca-reconocio-que-su-vacuna-anticovid-puede-causar-efectos-secundarios\/#respond\"]}]},{\"@type\":\"WebPage\",\"@id\":\"https:\/\/www.sonoraenequipo.com.mx\/astra-zeneca-reconocio-que-su-vacuna-anticovid-puede-causar-efectos-secundarios\/\",\"url\":\"https:\/\/www.sonoraenequipo.com.mx\/astra-zeneca-reconocio-que-su-vacuna-anticovid-puede-causar-efectos-secundarios\/\",\"name\":\"Sonora en Equipo. Astra Zeneca reconoci\u00f3 que su vacuna anticovid puede causar efectos secundarios Ciencia y Tecnolog\u00eda\",\"isPartOf\":{\"@id\":\"https:\/\/www.sonoraenequipo.com.mx\/#website\"},\"primaryImageOfPage\":{\"@id\":\"https:\/\/www.sonoraenequipo.com.mx\/astra-zeneca-reconocio-que-su-vacuna-anticovid-puede-causar-efectos-secundarios\/#primaryimage\"},\"image\":{\"@id\":\"https:\/\/www.sonoraenequipo.com.mx\/astra-zeneca-reconocio-que-su-vacuna-anticovid-puede-causar-efectos-secundarios\/#primaryimage\"},\"thumbnailUrl\":\"https:\/\/www.sonoraenequipo.com.mx\/storage\/2024\/04\/astra-zeneca-provoca-tromobosis-min.jpg\",\"datePublished\":\"2024-04-30T14:18:22+00:00\",\"dateModified\":\"2024-04-30T20:53:02+00:00\",\"description\":\"ESTADOS UNIDOS. \u2014 AstraZeneca, una empresa farmac\u00e9utica global con sede en Cambridge, reconoci\u00f3 este lunes que su vacuna contra la COVID-19 puede causar En Sonora en Equipo publicamos toda la informaci\u00f3n de Sonora, M\u00e9xico y el Mundo de manera oportuna y busca que la libertad de expresi\u00f3n sea real. Visita nuestro medio informativo publicado desde Hermosillo, Sonora. %\",\"breadcrumb\":{\"@id\":\"https:\/\/www.sonoraenequipo.com.mx\/astra-zeneca-reconocio-que-su-vacuna-anticovid-puede-causar-efectos-secundarios\/#breadcrumb\"},\"inLanguage\":\"es\",\"potentialAction\":[{\"@type\":\"ReadAction\",\"target\":[\"https:\/\/www.sonoraenequipo.com.mx\/astra-zeneca-reconocio-que-su-vacuna-anticovid-puede-causar-efectos-secundarios\/\"]}]},{\"@type\":\"ImageObject\",\"inLanguage\":\"es\",\"@id\":\"https:\/\/www.sonoraenequipo.com.mx\/astra-zeneca-reconocio-que-su-vacuna-anticovid-puede-causar-efectos-secundarios\/#primaryimage\",\"url\":\"https:\/\/www.sonoraenequipo.com.mx\/storage\/2024\/04\/astra-zeneca-provoca-tromobosis-min.jpg\",\"contentUrl\":\"https:\/\/www.sonoraenequipo.com.mx\/storage\/2024\/04\/astra-zeneca-provoca-tromobosis-min.jpg\",\"width\":900,\"height\":474},{\"@type\":\"BreadcrumbList\",\"@id\":\"https:\/\/www.sonoraenequipo.com.mx\/astra-zeneca-reconocio-que-su-vacuna-anticovid-puede-causar-efectos-secundarios\/#breadcrumb\",\"itemListElement\":[{\"@type\":\"ListItem\",\"position\":1,\"name\":\"Portada\",\"item\":\"https:\/\/www.sonoraenequipo.com.mx\/\"},{\"@type\":\"ListItem\",\"position\":2,\"name\":\"Astra Zeneca reconoci\u00f3 que su vacuna anticovid puede causar efectos secundarios\"}]},{\"@type\":\"WebSite\",\"@id\":\"https:\/\/www.sonoraenequipo.com.mx\/#website\",\"url\":\"https:\/\/www.sonoraenequipo.com.mx\/\",\"name\":\"Sonora en Equipo.\",\"description\":\"Diario en l\u00ednea con Noticias desde Hermosillo, Sonora\",\"publisher\":{\"@id\":\"https:\/\/www.sonoraenequipo.com.mx\/#organization\"},\"potentialAction\":[{\"@type\":\"SearchAction\",\"target\":{\"@type\":\"EntryPoint\",\"urlTemplate\":\"https:\/\/www.sonoraenequipo.com.mx\/?s={search_term_string}\"},\"query-input\":{\"@type\":\"PropertyValueSpecification\",\"valueRequired\":true,\"valueName\":\"search_term_string\"}}],\"inLanguage\":\"es\"},{\"@type\":\"Organization\",\"@id\":\"https:\/\/www.sonoraenequipo.com.mx\/#organization\",\"name\":\"Sonoraenequipo.com.mx\",\"url\":\"https:\/\/www.sonoraenequipo.com.mx\/\",\"logo\":{\"@type\":\"ImageObject\",\"inLanguage\":\"es\",\"@id\":\"https:\/\/www.sonoraenequipo.com.mx\/#\/schema\/logo\/image\/\",\"url\":\"https:\/\/www.sonoraenequipo.com.mx\/storage\/2019\/01\/sonoraenequipo_opt.png\",\"contentUrl\":\"https:\/\/www.sonoraenequipo.com.mx\/storage\/2019\/01\/sonoraenequipo_opt.png\",\"width\":375,\"height\":125,\"caption\":\"Sonoraenequipo.com.mx\"},\"image\":{\"@id\":\"https:\/\/www.sonoraenequipo.com.mx\/#\/schema\/logo\/image\/\"},\"sameAs\":[\"https:\/\/www.facebook.com\/SonoraEE\/\",\"https:\/\/x.com\/sonoraenequipo\",\"https:\/\/www.youtube.com\/channel\/UC338nW-lPEYmJQs4ZABQ1SQ\"]},{\"@type\":\"Person\",\"@id\":\"https:\/\/www.sonoraenequipo.com.mx\/#\/schema\/person\/50102df0fb23a8fa9e8effad8fa81386\",\"name\":\"enequipo\",\"image\":{\"@type\":\"ImageObject\",\"inLanguage\":\"es\",\"@id\":\"https:\/\/www.sonoraenequipo.com.mx\/#\/schema\/person\/image\/\",\"url\":\"https:\/\/secure.gravatar.com\/avatar\/049821681b589dabc0bc20695993ccebb09f5b5d4d790cd9251b97faac7c652b?s=96&d=blank&r=g\",\"contentUrl\":\"https:\/\/secure.gravatar.com\/avatar\/049821681b589dabc0bc20695993ccebb09f5b5d4d790cd9251b97faac7c652b?s=96&d=blank&r=g\",\"caption\":\"enequipo\"},\"sameAs\":[\"https:\/\/www.facebook.com\/SonoraEE\"]}]}<\/script>\n ","yoast_head_json":{"title":"Sonora en Equipo. Astra Zeneca reconoci\u00f3 que su vacuna anticovid puede causar efectos secundarios Ciencia y Tecnolog\u00eda","description":"ESTADOS UNIDOS. \u2014 AstraZeneca, una empresa farmac\u00e9utica global con sede en Cambridge, reconoci\u00f3 este lunes que su vacuna contra la COVID-19 puede causar En Sonora en Equipo publicamos toda la informaci\u00f3n de Sonora, M\u00e9xico y el Mundo de manera oportuna y busca que la libertad de expresi\u00f3n sea real. Visita nuestro medio informativo publicado desde Hermosillo, Sonora. %","robots":{"index":"index","follow":"follow","max-snippet":"max-snippet:-1","max-image-preview":"max-image-preview:large","max-video-preview":"max-video-preview:-1"},"canonical":"https:\/\/www.sonoraenequipo.com.mx\/astra-zeneca-reconocio-que-su-vacuna-anticovid-puede-causar-efectos-secundarios\/","og_locale":"es_ES","og_type":"article","og_title":"Sonora en Equipo. Astra Zeneca reconoci\u00f3 que su vacuna anticovid puede causar efectos secundarios Ciencia y Tecnolog\u00eda","og_description":"ESTADOS UNIDOS. \u2014 AstraZeneca, una empresa farmac\u00e9utica global con sede en Cambridge, reconoci\u00f3 este lunes que su vacuna contra la COVID-19 puede causar En Sonora en Equipo publicamos toda la informaci\u00f3n de Sonora, M\u00e9xico y el Mundo de manera oportuna y busca que la libertad de expresi\u00f3n sea real. Visita nuestro medio informativo publicado desde Hermosillo, Sonora. %","og_url":"https:\/\/www.sonoraenequipo.com.mx\/astra-zeneca-reconocio-que-su-vacuna-anticovid-puede-causar-efectos-secundarios\/","og_site_name":"Sonora en Equipo.","article_publisher":"https:\/\/www.facebook.com\/SonoraEE\/","article_author":"https:\/\/www.facebook.com\/SonoraEE","article_published_time":"2024-04-30T14:18:22+00:00","article_modified_time":"2024-04-30T20:53:02+00:00","og_image":[{"width":900,"height":474,"url":"https:\/\/www.sonoraenequipo.com.mx\/storage\/2024\/04\/astra-zeneca-provoca-tromobosis-min.jpg","type":"image\/jpeg"}],"author":"enequipo","twitter_card":"summary_large_image","twitter_creator":"@sonoraenequipo","twitter_site":"@sonoraenequipo","twitter_misc":{"Escrito por":"enequipo","Tiempo de lectura":"1 minuto"},"schema":{"@context":"https:\/\/schema.org","@graph":[{"@type":"Article","@id":"https:\/\/www.sonoraenequipo.com.mx\/astra-zeneca-reconocio-que-su-vacuna-anticovid-puede-causar-efectos-secundarios\/#article","isPartOf":{"@id":"https:\/\/www.sonoraenequipo.com.mx\/astra-zeneca-reconocio-que-su-vacuna-anticovid-puede-causar-efectos-secundarios\/"},"author":{"name":"enequipo","@id":"https:\/\/www.sonoraenequipo.com.mx\/#\/schema\/person\/50102df0fb23a8fa9e8effad8fa81386"},"headline":"Astra Zeneca reconoci\u00f3 que su vacuna anticovid puede causar efectos secundarios","datePublished":"2024-04-30T14:18:22+00:00","dateModified":"2024-04-30T20:53:02+00:00","mainEntityOfPage":{"@id":"https:\/\/www.sonoraenequipo.com.mx\/astra-zeneca-reconocio-que-su-vacuna-anticovid-puede-causar-efectos-secundarios\/"},"wordCount":228,"commentCount":0,"publisher":{"@id":"https:\/\/www.sonoraenequipo.com.mx\/#organization"},"image":{"@id":"https:\/\/www.sonoraenequipo.com.mx\/astra-zeneca-reconocio-que-su-vacuna-anticovid-puede-causar-efectos-secundarios\/#primaryimage"},"thumbnailUrl":"https:\/\/www.sonoraenequipo.com.mx\/storage\/2024\/04\/astra-zeneca-provoca-tromobosis-min.jpg","articleSection":["Ciencia y Tecnolog\u00eda"],"inLanguage":"es","potentialAction":[{"@type":"CommentAction","name":"Comment","target":["https:\/\/www.sonoraenequipo.com.mx\/astra-zeneca-reconocio-que-su-vacuna-anticovid-puede-causar-efectos-secundarios\/#respond"]}]},{"@type":"WebPage","@id":"https:\/\/www.sonoraenequipo.com.mx\/astra-zeneca-reconocio-que-su-vacuna-anticovid-puede-causar-efectos-secundarios\/","url":"https:\/\/www.sonoraenequipo.com.mx\/astra-zeneca-reconocio-que-su-vacuna-anticovid-puede-causar-efectos-secundarios\/","name":"Sonora en Equipo. Astra Zeneca reconoci\u00f3 que su vacuna anticovid puede causar efectos secundarios Ciencia y Tecnolog\u00eda","isPartOf":{"@id":"https:\/\/www.sonoraenequipo.com.mx\/#website"},"primaryImageOfPage":{"@id":"https:\/\/www.sonoraenequipo.com.mx\/astra-zeneca-reconocio-que-su-vacuna-anticovid-puede-causar-efectos-secundarios\/#primaryimage"},"image":{"@id":"https:\/\/www.sonoraenequipo.com.mx\/astra-zeneca-reconocio-que-su-vacuna-anticovid-puede-causar-efectos-secundarios\/#primaryimage"},"thumbnailUrl":"https:\/\/www.sonoraenequipo.com.mx\/storage\/2024\/04\/astra-zeneca-provoca-tromobosis-min.jpg","datePublished":"2024-04-30T14:18:22+00:00","dateModified":"2024-04-30T20:53:02+00:00","description":"ESTADOS UNIDOS. \u2014 AstraZeneca, una empresa farmac\u00e9utica global con sede en Cambridge, reconoci\u00f3 este lunes que su vacuna contra la COVID-19 puede causar En Sonora en Equipo publicamos toda la informaci\u00f3n de Sonora, M\u00e9xico y el Mundo de manera oportuna y busca que la libertad de expresi\u00f3n sea real. Visita nuestro medio informativo publicado desde Hermosillo, Sonora. %","breadcrumb":{"@id":"https:\/\/www.sonoraenequipo.com.mx\/astra-zeneca-reconocio-que-su-vacuna-anticovid-puede-causar-efectos-secundarios\/#breadcrumb"},"inLanguage":"es","potentialAction":[{"@type":"ReadAction","target":["https:\/\/www.sonoraenequipo.com.mx\/astra-zeneca-reconocio-que-su-vacuna-anticovid-puede-causar-efectos-secundarios\/"]}]},{"@type":"ImageObject","inLanguage":"es","@id":"https:\/\/www.sonoraenequipo.com.mx\/astra-zeneca-reconocio-que-su-vacuna-anticovid-puede-causar-efectos-secundarios\/#primaryimage","url":"https:\/\/www.sonoraenequipo.com.mx\/storage\/2024\/04\/astra-zeneca-provoca-tromobosis-min.jpg","contentUrl":"https:\/\/www.sonoraenequipo.com.mx\/storage\/2024\/04\/astra-zeneca-provoca-tromobosis-min.jpg","width":900,"height":474},{"@type":"BreadcrumbList","@id":"https:\/\/www.sonoraenequipo.com.mx\/astra-zeneca-reconocio-que-su-vacuna-anticovid-puede-causar-efectos-secundarios\/#breadcrumb","itemListElement":[{"@type":"ListItem","position":1,"name":"Portada","item":"https:\/\/www.sonoraenequipo.com.mx\/"},{"@type":"ListItem","position":2,"name":"Astra Zeneca reconoci\u00f3 que su vacuna anticovid puede causar efectos secundarios"}]},{"@type":"WebSite","@id":"https:\/\/www.sonoraenequipo.com.mx\/#website","url":"https:\/\/www.sonoraenequipo.com.mx\/","name":"Sonora en Equipo.","description":"Diario en l\u00ednea con Noticias desde Hermosillo, Sonora","publisher":{"@id":"https:\/\/www.sonoraenequipo.com.mx\/#organization"},"potentialAction":[{"@type":"SearchAction","target":{"@type":"EntryPoint","urlTemplate":"https:\/\/www.sonoraenequipo.com.mx\/?s={search_term_string}"},"query-input":{"@type":"PropertyValueSpecification","valueRequired":true,"valueName":"search_term_string"}}],"inLanguage":"es"},{"@type":"Organization","@id":"https:\/\/www.sonoraenequipo.com.mx\/#organization","name":"Sonoraenequipo.com.mx","url":"https:\/\/www.sonoraenequipo.com.mx\/","logo":{"@type":"ImageObject","inLanguage":"es","@id":"https:\/\/www.sonoraenequipo.com.mx\/#\/schema\/logo\/image\/","url":"https:\/\/www.sonoraenequipo.com.mx\/storage\/2019\/01\/sonoraenequipo_opt.png","contentUrl":"https:\/\/www.sonoraenequipo.com.mx\/storage\/2019\/01\/sonoraenequipo_opt.png","width":375,"height":125,"caption":"Sonoraenequipo.com.mx"},"image":{"@id":"https:\/\/www.sonoraenequipo.com.mx\/#\/schema\/logo\/image\/"},"sameAs":["https:\/\/www.facebook.com\/SonoraEE\/","https:\/\/x.com\/sonoraenequipo","https:\/\/www.youtube.com\/channel\/UC338nW-lPEYmJQs4ZABQ1SQ"]},{"@type":"Person","@id":"https:\/\/www.sonoraenequipo.com.mx\/#\/schema\/person\/50102df0fb23a8fa9e8effad8fa81386","name":"enequipo","image":{"@type":"ImageObject","inLanguage":"es","@id":"https:\/\/www.sonoraenequipo.com.mx\/#\/schema\/person\/image\/","url":"https:\/\/secure.gravatar.com\/avatar\/049821681b589dabc0bc20695993ccebb09f5b5d4d790cd9251b97faac7c652b?s=96&d=blank&r=g","contentUrl":"https:\/\/secure.gravatar.com\/avatar\/049821681b589dabc0bc20695993ccebb09f5b5d4d790cd9251b97faac7c652b?s=96&d=blank&r=g","caption":"enequipo"},"sameAs":["https:\/\/www.facebook.com\/SonoraEE"]}]}},"jetpack_featured_media_url":"https:\/\/www.sonoraenequipo.com.mx\/storage\/2024\/04\/astra-zeneca-provoca-tromobosis-min.jpg","_links":{"self":[{"href":"https:\/\/www.sonoraenequipo.com.mx\/api\/wp\/v2\/posts\/188737","targetHints":{"allow":["GET"]}}],"collection":[{"href":"https:\/\/www.sonoraenequipo.com.mx\/api\/wp\/v2\/posts"}],"about":[{"href":"https:\/\/www.sonoraenequipo.com.mx\/api\/wp\/v2\/types\/post"}],"author":[{"embeddable":true,"href":"https:\/\/www.sonoraenequipo.com.mx\/api\/wp\/v2\/users\/1"}],"replies":[{"embeddable":true,"href":"https:\/\/www.sonoraenequipo.com.mx\/api\/wp\/v2\/comments?post=188737"}],"version-history":[{"count":1,"href":"https:\/\/www.sonoraenequipo.com.mx\/api\/wp\/v2\/posts\/188737\/revisions"}],"predecessor-version":[{"id":188748,"href":"https:\/\/www.sonoraenequipo.com.mx\/api\/wp\/v2\/posts\/188737\/revisions\/188748"}],"wp:featuredmedia":[{"embeddable":true,"href":"https:\/\/www.sonoraenequipo.com.mx\/api\/wp\/v2\/media\/188742"}],"wp:attachment":[{"href":"https:\/\/www.sonoraenequipo.com.mx\/api\/wp\/v2\/media?parent=188737"}],"wp:term":[{"taxonomy":"category","embeddable":true,"href":"https:\/\/www.sonoraenequipo.com.mx\/api\/wp\/v2\/categories?post=188737"},{"taxonomy":"post_tag","embeddable":true,"href":"https:\/\/www.sonoraenequipo.com.mx\/api\/wp\/v2\/tags?post=188737"}],"curies":[{"name":"wp","href":"https:\/\/api.w.org\/{rel}","templated":true}]}}