{"id":188738,"date":"2024-04-30T13:29:25","date_gmt":"2024-04-30T20:29:25","guid":{"rendered":"https:\/\/www.sonoraenequipo.com.mx\/?p=188738"},"modified":"2024-04-30T13:29:25","modified_gmt":"2024-04-30T20:29:25","slug":"inegi-relanza-cuentame-de-mexico-para-ninos-y-adolescentes","status":"publish","type":"post","link":"https:\/\/www.sonoraenequipo.com.mx\/inegi-relanza-cuentame-de-mexico-para-ninos-y-adolescentes\/","title":{"rendered":"INEGI relanza \u00a0\u00abCu\u00e9ntame de M\u00e9xico\u00bb para ni\u00f1os y adolescentes"},"content":{"rendered":"<p><strong>CIUDAD DE M\u00c9XICO.\u02d7\u02d7\u02d7 <\/strong>El INEGI busca que ni\u00f1as, ni\u00f1os y adolescentes conozcan y usen informaci\u00f3n estad\u00edstica y geogr\u00e1fica de manera f\u00e1cil y divertida.<\/p>\n<p>\u00abCu\u00e9ntame de M\u00e9xico\u00bb explora datos de nuestro pa\u00eds en tem\u00e1ticas como poblaci\u00f3n, econom\u00eda, geograf\u00eda y gobierno.<\/p>\n<p>Este recurso tambi\u00e9n apoyar\u00e1 a las personas que acompa\u00f1an a las ni\u00f1as y ni\u00f1os en su trayecto formativo.<\/p>\n<p>En el \u00faltimo a\u00f1o, la versi\u00f3n actual del sitio recibi\u00f3 18.1 millones de visitas. La nueva puede consultarse en beta.cuentame.inegi.org.mx.<\/p>\n<p>En el marco de la conmemoraci\u00f3n del d\u00eda del ni\u00f1o y de la ni\u00f1a, el Instituto Nacional de Estad\u00edstica y Geograf\u00eda (INEGI) relanz\u00f3 su portal en l\u00ednea \u00abCu\u00e9ntame de M\u00e9xico\u00bb. Desde Papalote Museo del Ni\u00f1o, en la Ciudad de M\u00e9xico, se present\u00f3 este espacio que fomenta el uso de datos desde etapas tempranas del aprendizaje. En el portal, se exploran temas como cu\u00e1ntas personas viven en el pa\u00eds y c\u00f3mo son, qu\u00e9 bienes y servicios se producen, as\u00ed como el clima y medio ambiente, entre muchos otros.<\/p>\n<p>&nbsp;<\/p>\n<p>\u00abCu\u00e9ntame de M\u00e9xico\u00bb es parte de las acciones del INEGI para que m\u00e1s personas conozcan, accedan y usen la informaci\u00f3n estad\u00edstica y geogr\u00e1fica. En esta estrategia, los 21.7 millones de ni\u00f1as, ni\u00f1os y adolescentes de entre 6 y 15 a\u00f1os que viven en M\u00e9xico son un grupo prioritario. Por esta raz\u00f3n, este sitio fomenta su inter\u00e9s con la incorporaci\u00f3n de contenidos atractivos, din\u00e1micos e interactivos. El objetivo es empoderar mediante la formaci\u00f3n de capacidades para analizar e interpretar datos de manera cr\u00edtica y objetiva. De esta forma, las ni\u00f1as, ni\u00f1os y adolescentes comenzar\u00e1n a utilizar datos en contextos cotidianos, lo que facilitar\u00e1 la comprensi\u00f3n de datos m\u00e1s complejos.<\/p>\n<p>&nbsp;<\/p>\n<p>Desde 2005, el INEGI ha consolidado un acervo de materiales did\u00e1cticos en \u00abCu\u00e9ntame de M\u00e9xico\u00bb. Tan solo en 2023, el sitio sum\u00f3 18.1 millones de visitas. Con este relanzamiento, los recursos se redise\u00f1aron para ser un complemento al aprendizaje en el aula. Las y los estudiantes tienen el rol protag\u00f3nico en contenidos que conectan la estad\u00edstica y la geograf\u00eda con la vida cotidiana. Esta nueva versi\u00f3n incorpora preguntas para que las ni\u00f1as y ni\u00f1os puedan poner a prueba lo aprendido, as\u00ed como secciones con juegos y herramientas interactivas.<\/p>\n<p>&nbsp;<\/p>\n<p>El sitio beta.cuentame.inegi.org.mx est\u00e1 dise\u00f1ado para personas de diferentes grados escolares. Se incluye un apartado para tercero y cuarto de primaria (secci\u00f3n Descubre), y otro para quinto y sexto (secci\u00f3n Explora). Adem\u00e1s, cuenta con el apartado Conoce tu estado. Este permite la exploraci\u00f3n de datos por entidad federativa.<\/p>\n<p>&nbsp;<\/p>\n<p>El relanzamiento de \u00abCu\u00e9ntame de M\u00e9xico\u00bb marca el punto de partida del desarrollo de nuevos contenidos dirigidos a distintas audiencias, que se complementar\u00e1 con una secci\u00f3n dedicada a docentes. Posteriormente, habr\u00e1 una para ni\u00f1as y ni\u00f1os de primero y segundo de primaria, as\u00ed como otra dirigida a los tres grados de secundaria.<\/p>\n<p>&nbsp;<\/p>\n<p>Dos de los cambios con respecto a la versi\u00f3n anterior son la plataforma tecnol\u00f3gica actualizada y el dise\u00f1o gr\u00e1fico renovado. Adem\u00e1s, el sitio es accesible para personas con discapacidad visual, auditiva, motriz o cognitiva, de acuerdo con est\u00e1ndares internacionales.<\/p>\n<p>&nbsp;<\/p>\n<p>En el nuevo \u00abCu\u00e9ntame de M\u00e9xico\u00bb, distintos avatares, basados en animales tradicionales del pa\u00eds \u2014como el ajolote o el lobo mexicano\u2014, acompa\u00f1ar\u00e1n a las y los usuarios en su experiencia de aprendizaje: invitan a la reflexi\u00f3n, comparten datos y detallan c\u00f3mo el INEGI realiza su labor.<\/p>\n<p>&nbsp;<\/p>\n<p>Durante el evento de presentaci\u00f3n, participaron Rosa Wolpert, oficial nacional de Educaci\u00f3n de la Organizaci\u00f3n de las Naciones Unidas para la Educaci\u00f3n, la Ciencia y la Cultura en M\u00e9xico; Alejandra Cervantes Mascare\u00f1o, directora general de Papalote Museo del Ni\u00f1o; as\u00ed como Julieta Brambila, directora general de Comunicaci\u00f3n, Servicio P\u00fablico de Informaci\u00f3n y Relaciones Institucionales del INEGI.<\/p>\n<p>&nbsp;<\/p>\n<p>El INEGI invita a todas las ni\u00f1as, ni\u00f1os, adolescentes, as\u00ed como a las personas involucradas en su educaci\u00f3n, a visitar beta.cuentame.inegi.org.mx y explorar su contenido. Tambi\u00e9n es posible enviar dudas y retroalimentaci\u00f3n por medio de un buz\u00f3n de sugerencias disponible en la esquina inferior derecha de la nueva versi\u00f3n. Igualmente, v\u00eda atenci\u00f3n telef\u00f3nica (800 111 4634), por medio del chat (https:\/\/chat.inegi.org.mx) y del correo electr\u00f3nico (<a href=\"mailto:atencion.usuarios@inegi.org.mx\">atencion.usuarios@inegi.org.mx<\/a>).<\/p>\n<p><strong>Fecha de publicaci\u00f3n<\/strong><strong> martes 30 de abril de 2024<\/strong><\/p>\n<p>&nbsp;<\/p>\n","protected":false},"excerpt":{"rendered":"<p>CIUDAD DE M\u00c9XICO.\u02d7\u02d7\u02d7 El INEGI busca que ni\u00f1as, ni\u00f1os y adolescentes conozcan y usen informaci\u00f3n&#8230;<\/p>\n","protected":false},"author":1,"featured_media":188739,"comment_status":"open","ping_status":"open","sticky":false,"template":"","format":"standard","meta":{"_monsterinsights_skip_tracking":false,"_monsterinsights_sitenote_active":false,"_monsterinsights_sitenote_note":"","_monsterinsights_sitenote_category":0,"footnotes":""},"categories":[6493],"tags":[2378,42,455],"class_list":["post"],"yoast_head":" \n<title>Sonora en Equipo. INEGI relanza \u00a0\u00abCu\u00e9ntame de M\u00e9xico\u00bb para ni\u00f1os y adolescentes PALABRAS Y N\u00daMEROS<\/title>\n<meta name=\"description\" content=\"CIUDAD DE M\u00c9XICO.\u02d7\u02d7\u02d7 El INEGI busca que ni\u00f1as, ni\u00f1os y adolescentes conozcan y usen informaci\u00f3n estad\u00edstica y geogr\u00e1fica de manera f\u00e1cil y divertida. En Sonora en Equipo publicamos toda la informaci\u00f3n de Sonora, M\u00e9xico y el Mundo de manera oportuna y busca que la libertad de expresi\u00f3n sea real. Visita nuestro medio informativo publicado desde Hermosillo, Sonora. %\" \/>\n<meta name=\"robots\" content=\"index, follow, max-snippet:-1, max-image-preview:large, max-video-preview:-1\" \/>\n<link rel=\"canonical\" href=\"https:\/\/www.sonoraenequipo.com.mx\/inegi-relanza-cuentame-de-mexico-para-ninos-y-adolescentes\/\" \/>\n<meta property=\"og:locale\" content=\"es_ES\" \/>\n<meta property=\"og:type\" content=\"article\" \/>\n<meta property=\"og:title\" content=\"Sonora en Equipo. INEGI relanza \u00a0\u00abCu\u00e9ntame de M\u00e9xico\u00bb para ni\u00f1os y adolescentes PALABRAS Y N\u00daMEROS\" \/>\n<meta property=\"og:description\" content=\"CIUDAD DE M\u00c9XICO.\u02d7\u02d7\u02d7 El INEGI busca que ni\u00f1as, ni\u00f1os y adolescentes conozcan y usen informaci\u00f3n estad\u00edstica y geogr\u00e1fica de manera f\u00e1cil y divertida. En Sonora en Equipo publicamos toda la informaci\u00f3n de Sonora, M\u00e9xico y el Mundo de manera oportuna y busca que la libertad de expresi\u00f3n sea real. Visita nuestro medio informativo publicado desde Hermosillo, Sonora. %\" \/>\n<meta property=\"og:url\" content=\"https:\/\/www.sonoraenequipo.com.mx\/inegi-relanza-cuentame-de-mexico-para-ninos-y-adolescentes\/\" \/>\n<meta property=\"og:site_name\" content=\"Sonora en Equipo.\" \/>\n<meta property=\"article:publisher\" content=\"https:\/\/www.facebook.com\/SonoraEE\/\" \/>\n<meta property=\"article:author\" content=\"https:\/\/www.facebook.com\/SonoraEE\" \/>\n<meta property=\"article:published_time\" content=\"2024-04-30T20:29:25+00:00\" \/>\n<meta property=\"og:image\" content=\"https:\/\/www.sonoraenequipo.com.mx\/storage\/2024\/04\/cuentame.jpg\" \/>\n\t<meta property=\"og:image:width\" content=\"900\" \/>\n\t<meta property=\"og:image:height\" content=\"600\" \/>\n\t<meta property=\"og:image:type\" content=\"image\/jpeg\" \/>\n<meta name=\"author\" content=\"enequipo\" \/>\n<meta name=\"twitter:card\" content=\"summary_large_image\" \/>\n<meta name=\"twitter:creator\" content=\"@sonoraenequipo\" \/>\n<meta name=\"twitter:site\" content=\"@sonoraenequipo\" \/>\n<meta name=\"twitter:label1\" content=\"Escrito por\" \/>\n\t<meta name=\"twitter:data1\" content=\"enequipo\" \/>\n\t<meta name=\"twitter:label2\" content=\"Tiempo de lectura\" \/>\n\t<meta name=\"twitter:data2\" content=\"4 minutos\" \/>\n<script type=\"application\/ld+json\" class=\"yoast-schema-graph\">{\"@context\":\"https:\/\/schema.org\",\"@graph\":[{\"@type\":\"Article\",\"@id\":\"https:\/\/www.sonoraenequipo.com.mx\/inegi-relanza-cuentame-de-mexico-para-ninos-y-adolescentes\/#article\",\"isPartOf\":{\"@id\":\"https:\/\/www.sonoraenequipo.com.mx\/inegi-relanza-cuentame-de-mexico-para-ninos-y-adolescentes\/\"},\"author\":{\"name\":\"enequipo\",\"@id\":\"https:\/\/www.sonoraenequipo.com.mx\/#\/schema\/person\/50102df0fb23a8fa9e8effad8fa81386\"},\"headline\":\"INEGI relanza \u00a0\u00abCu\u00e9ntame de M\u00e9xico\u00bb para ni\u00f1os y adolescentes\",\"datePublished\":\"2024-04-30T20:29:25+00:00\",\"mainEntityOfPage\":{\"@id\":\"https:\/\/www.sonoraenequipo.com.mx\/inegi-relanza-cuentame-de-mexico-para-ninos-y-adolescentes\/\"},\"wordCount\":815,\"commentCount\":0,\"publisher\":{\"@id\":\"https:\/\/www.sonoraenequipo.com.mx\/#organization\"},\"image\":{\"@id\":\"https:\/\/www.sonoraenequipo.com.mx\/inegi-relanza-cuentame-de-mexico-para-ninos-y-adolescentes\/#primaryimage\"},\"thumbnailUrl\":\"https:\/\/www.sonoraenequipo.com.mx\/storage\/2024\/04\/cuentame.jpg\",\"keywords\":[\"INEGI\",\"informaci\u00f3n\",\"ni\u00f1os\"],\"articleSection\":[\"PALABRAS Y N\u00daMEROS\"],\"inLanguage\":\"es\",\"potentialAction\":[{\"@type\":\"CommentAction\",\"name\":\"Comment\",\"target\":[\"https:\/\/www.sonoraenequipo.com.mx\/inegi-relanza-cuentame-de-mexico-para-ninos-y-adolescentes\/#respond\"]}]},{\"@type\":\"WebPage\",\"@id\":\"https:\/\/www.sonoraenequipo.com.mx\/inegi-relanza-cuentame-de-mexico-para-ninos-y-adolescentes\/\",\"url\":\"https:\/\/www.sonoraenequipo.com.mx\/inegi-relanza-cuentame-de-mexico-para-ninos-y-adolescentes\/\",\"name\":\"Sonora en Equipo. INEGI relanza \u00a0\u00abCu\u00e9ntame de M\u00e9xico\u00bb para ni\u00f1os y adolescentes PALABRAS Y N\u00daMEROS\",\"isPartOf\":{\"@id\":\"https:\/\/www.sonoraenequipo.com.mx\/#website\"},\"primaryImageOfPage\":{\"@id\":\"https:\/\/www.sonoraenequipo.com.mx\/inegi-relanza-cuentame-de-mexico-para-ninos-y-adolescentes\/#primaryimage\"},\"image\":{\"@id\":\"https:\/\/www.sonoraenequipo.com.mx\/inegi-relanza-cuentame-de-mexico-para-ninos-y-adolescentes\/#primaryimage\"},\"thumbnailUrl\":\"https:\/\/www.sonoraenequipo.com.mx\/storage\/2024\/04\/cuentame.jpg\",\"datePublished\":\"2024-04-30T20:29:25+00:00\",\"description\":\"CIUDAD DE M\u00c9XICO.\u02d7\u02d7\u02d7 El INEGI busca que ni\u00f1as, ni\u00f1os y adolescentes conozcan y usen informaci\u00f3n estad\u00edstica y geogr\u00e1fica de manera f\u00e1cil y divertida. En Sonora en Equipo publicamos toda la informaci\u00f3n de Sonora, M\u00e9xico y el Mundo de manera oportuna y busca que la libertad de expresi\u00f3n sea real. Visita nuestro medio informativo publicado desde Hermosillo, Sonora. %\",\"breadcrumb\":{\"@id\":\"https:\/\/www.sonoraenequipo.com.mx\/inegi-relanza-cuentame-de-mexico-para-ninos-y-adolescentes\/#breadcrumb\"},\"inLanguage\":\"es\",\"potentialAction\":[{\"@type\":\"ReadAction\",\"target\":[\"https:\/\/www.sonoraenequipo.com.mx\/inegi-relanza-cuentame-de-mexico-para-ninos-y-adolescentes\/\"]}]},{\"@type\":\"ImageObject\",\"inLanguage\":\"es\",\"@id\":\"https:\/\/www.sonoraenequipo.com.mx\/inegi-relanza-cuentame-de-mexico-para-ninos-y-adolescentes\/#primaryimage\",\"url\":\"https:\/\/www.sonoraenequipo.com.mx\/storage\/2024\/04\/cuentame.jpg\",\"contentUrl\":\"https:\/\/www.sonoraenequipo.com.mx\/storage\/2024\/04\/cuentame.jpg\",\"width\":900,\"height\":600},{\"@type\":\"BreadcrumbList\",\"@id\":\"https:\/\/www.sonoraenequipo.com.mx\/inegi-relanza-cuentame-de-mexico-para-ninos-y-adolescentes\/#breadcrumb\",\"itemListElement\":[{\"@type\":\"ListItem\",\"position\":1,\"name\":\"Portada\",\"item\":\"https:\/\/www.sonoraenequipo.com.mx\/\"},{\"@type\":\"ListItem\",\"position\":2,\"name\":\"INEGI relanza \u00a0\u00abCu\u00e9ntame de M\u00e9xico\u00bb para ni\u00f1os y adolescentes\"}]},{\"@type\":\"WebSite\",\"@id\":\"https:\/\/www.sonoraenequipo.com.mx\/#website\",\"url\":\"https:\/\/www.sonoraenequipo.com.mx\/\",\"name\":\"Sonora en Equipo.\",\"description\":\"Diario en l\u00ednea con Noticias desde Hermosillo, Sonora\",\"publisher\":{\"@id\":\"https:\/\/www.sonoraenequipo.com.mx\/#organization\"},\"potentialAction\":[{\"@type\":\"SearchAction\",\"target\":{\"@type\":\"EntryPoint\",\"urlTemplate\":\"https:\/\/www.sonoraenequipo.com.mx\/?s={search_term_string}\"},\"query-input\":{\"@type\":\"PropertyValueSpecification\",\"valueRequired\":true,\"valueName\":\"search_term_string\"}}],\"inLanguage\":\"es\"},{\"@type\":\"Organization\",\"@id\":\"https:\/\/www.sonoraenequipo.com.mx\/#organization\",\"name\":\"Sonoraenequipo.com.mx\",\"url\":\"https:\/\/www.sonoraenequipo.com.mx\/\",\"logo\":{\"@type\":\"ImageObject\",\"inLanguage\":\"es\",\"@id\":\"https:\/\/www.sonoraenequipo.com.mx\/#\/schema\/logo\/image\/\",\"url\":\"https:\/\/www.sonoraenequipo.com.mx\/storage\/2019\/01\/sonoraenequipo_opt.png\",\"contentUrl\":\"https:\/\/www.sonoraenequipo.com.mx\/storage\/2019\/01\/sonoraenequipo_opt.png\",\"width\":375,\"height\":125,\"caption\":\"Sonoraenequipo.com.mx\"},\"image\":{\"@id\":\"https:\/\/www.sonoraenequipo.com.mx\/#\/schema\/logo\/image\/\"},\"sameAs\":[\"https:\/\/www.facebook.com\/SonoraEE\/\",\"https:\/\/x.com\/sonoraenequipo\",\"https:\/\/www.youtube.com\/channel\/UC338nW-lPEYmJQs4ZABQ1SQ\"]},{\"@type\":\"Person\",\"@id\":\"https:\/\/www.sonoraenequipo.com.mx\/#\/schema\/person\/50102df0fb23a8fa9e8effad8fa81386\",\"name\":\"enequipo\",\"image\":{\"@type\":\"ImageObject\",\"inLanguage\":\"es\",\"@id\":\"https:\/\/www.sonoraenequipo.com.mx\/#\/schema\/person\/image\/\",\"url\":\"https:\/\/secure.gravatar.com\/avatar\/049821681b589dabc0bc20695993ccebb09f5b5d4d790cd9251b97faac7c652b?s=96&d=blank&r=g\",\"contentUrl\":\"https:\/\/secure.gravatar.com\/avatar\/049821681b589dabc0bc20695993ccebb09f5b5d4d790cd9251b97faac7c652b?s=96&d=blank&r=g\",\"caption\":\"enequipo\"},\"sameAs\":[\"https:\/\/www.facebook.com\/SonoraEE\"]}]}<\/script>\n ","yoast_head_json":{"title":"Sonora en Equipo. INEGI relanza \u00a0\u00abCu\u00e9ntame de M\u00e9xico\u00bb para ni\u00f1os y adolescentes PALABRAS Y N\u00daMEROS","description":"CIUDAD DE M\u00c9XICO.\u02d7\u02d7\u02d7 El INEGI busca que ni\u00f1as, ni\u00f1os y adolescentes conozcan y usen informaci\u00f3n estad\u00edstica y geogr\u00e1fica de manera f\u00e1cil y divertida. En Sonora en Equipo publicamos toda la informaci\u00f3n de Sonora, M\u00e9xico y el Mundo de manera oportuna y busca que la libertad de expresi\u00f3n sea real. Visita nuestro medio informativo publicado desde Hermosillo, Sonora. %","robots":{"index":"index","follow":"follow","max-snippet":"max-snippet:-1","max-image-preview":"max-image-preview:large","max-video-preview":"max-video-preview:-1"},"canonical":"https:\/\/www.sonoraenequipo.com.mx\/inegi-relanza-cuentame-de-mexico-para-ninos-y-adolescentes\/","og_locale":"es_ES","og_type":"article","og_title":"Sonora en Equipo. INEGI relanza \u00a0\u00abCu\u00e9ntame de M\u00e9xico\u00bb para ni\u00f1os y adolescentes PALABRAS Y N\u00daMEROS","og_description":"CIUDAD DE M\u00c9XICO.\u02d7\u02d7\u02d7 El INEGI busca que ni\u00f1as, ni\u00f1os y adolescentes conozcan y usen informaci\u00f3n estad\u00edstica y geogr\u00e1fica de manera f\u00e1cil y divertida. En Sonora en Equipo publicamos toda la informaci\u00f3n de Sonora, M\u00e9xico y el Mundo de manera oportuna y busca que la libertad de expresi\u00f3n sea real. Visita nuestro medio informativo publicado desde Hermosillo, Sonora. %","og_url":"https:\/\/www.sonoraenequipo.com.mx\/inegi-relanza-cuentame-de-mexico-para-ninos-y-adolescentes\/","og_site_name":"Sonora en Equipo.","article_publisher":"https:\/\/www.facebook.com\/SonoraEE\/","article_author":"https:\/\/www.facebook.com\/SonoraEE","article_published_time":"2024-04-30T20:29:25+00:00","og_image":[{"width":900,"height":600,"url":"https:\/\/www.sonoraenequipo.com.mx\/storage\/2024\/04\/cuentame.jpg","type":"image\/jpeg"}],"author":"enequipo","twitter_card":"summary_large_image","twitter_creator":"@sonoraenequipo","twitter_site":"@sonoraenequipo","twitter_misc":{"Escrito por":"enequipo","Tiempo de lectura":"4 minutos"},"schema":{"@context":"https:\/\/schema.org","@graph":[{"@type":"Article","@id":"https:\/\/www.sonoraenequipo.com.mx\/inegi-relanza-cuentame-de-mexico-para-ninos-y-adolescentes\/#article","isPartOf":{"@id":"https:\/\/www.sonoraenequipo.com.mx\/inegi-relanza-cuentame-de-mexico-para-ninos-y-adolescentes\/"},"author":{"name":"enequipo","@id":"https:\/\/www.sonoraenequipo.com.mx\/#\/schema\/person\/50102df0fb23a8fa9e8effad8fa81386"},"headline":"INEGI relanza \u00a0\u00abCu\u00e9ntame de M\u00e9xico\u00bb para ni\u00f1os y adolescentes","datePublished":"2024-04-30T20:29:25+00:00","mainEntityOfPage":{"@id":"https:\/\/www.sonoraenequipo.com.mx\/inegi-relanza-cuentame-de-mexico-para-ninos-y-adolescentes\/"},"wordCount":815,"commentCount":0,"publisher":{"@id":"https:\/\/www.sonoraenequipo.com.mx\/#organization"},"image":{"@id":"https:\/\/www.sonoraenequipo.com.mx\/inegi-relanza-cuentame-de-mexico-para-ninos-y-adolescentes\/#primaryimage"},"thumbnailUrl":"https:\/\/www.sonoraenequipo.com.mx\/storage\/2024\/04\/cuentame.jpg","keywords":["INEGI","informaci\u00f3n","ni\u00f1os"],"articleSection":["PALABRAS Y N\u00daMEROS"],"inLanguage":"es","potentialAction":[{"@type":"CommentAction","name":"Comment","target":["https:\/\/www.sonoraenequipo.com.mx\/inegi-relanza-cuentame-de-mexico-para-ninos-y-adolescentes\/#respond"]}]},{"@type":"WebPage","@id":"https:\/\/www.sonoraenequipo.com.mx\/inegi-relanza-cuentame-de-mexico-para-ninos-y-adolescentes\/","url":"https:\/\/www.sonoraenequipo.com.mx\/inegi-relanza-cuentame-de-mexico-para-ninos-y-adolescentes\/","name":"Sonora en Equipo. INEGI relanza \u00a0\u00abCu\u00e9ntame de M\u00e9xico\u00bb para ni\u00f1os y adolescentes PALABRAS Y N\u00daMEROS","isPartOf":{"@id":"https:\/\/www.sonoraenequipo.com.mx\/#website"},"primaryImageOfPage":{"@id":"https:\/\/www.sonoraenequipo.com.mx\/inegi-relanza-cuentame-de-mexico-para-ninos-y-adolescentes\/#primaryimage"},"image":{"@id":"https:\/\/www.sonoraenequipo.com.mx\/inegi-relanza-cuentame-de-mexico-para-ninos-y-adolescentes\/#primaryimage"},"thumbnailUrl":"https:\/\/www.sonoraenequipo.com.mx\/storage\/2024\/04\/cuentame.jpg","datePublished":"2024-04-30T20:29:25+00:00","description":"CIUDAD DE M\u00c9XICO.\u02d7\u02d7\u02d7 El INEGI busca que ni\u00f1as, ni\u00f1os y adolescentes conozcan y usen informaci\u00f3n estad\u00edstica y geogr\u00e1fica de manera f\u00e1cil y divertida. En Sonora en Equipo publicamos toda la informaci\u00f3n de Sonora, M\u00e9xico y el Mundo de manera oportuna y busca que la libertad de expresi\u00f3n sea real. Visita nuestro medio informativo publicado desde Hermosillo, Sonora. %","breadcrumb":{"@id":"https:\/\/www.sonoraenequipo.com.mx\/inegi-relanza-cuentame-de-mexico-para-ninos-y-adolescentes\/#breadcrumb"},"inLanguage":"es","potentialAction":[{"@type":"ReadAction","target":["https:\/\/www.sonoraenequipo.com.mx\/inegi-relanza-cuentame-de-mexico-para-ninos-y-adolescentes\/"]}]},{"@type":"ImageObject","inLanguage":"es","@id":"https:\/\/www.sonoraenequipo.com.mx\/inegi-relanza-cuentame-de-mexico-para-ninos-y-adolescentes\/#primaryimage","url":"https:\/\/www.sonoraenequipo.com.mx\/storage\/2024\/04\/cuentame.jpg","contentUrl":"https:\/\/www.sonoraenequipo.com.mx\/storage\/2024\/04\/cuentame.jpg","width":900,"height":600},{"@type":"BreadcrumbList","@id":"https:\/\/www.sonoraenequipo.com.mx\/inegi-relanza-cuentame-de-mexico-para-ninos-y-adolescentes\/#breadcrumb","itemListElement":[{"@type":"ListItem","position":1,"name":"Portada","item":"https:\/\/www.sonoraenequipo.com.mx\/"},{"@type":"ListItem","position":2,"name":"INEGI relanza \u00a0\u00abCu\u00e9ntame de M\u00e9xico\u00bb para ni\u00f1os y adolescentes"}]},{"@type":"WebSite","@id":"https:\/\/www.sonoraenequipo.com.mx\/#website","url":"https:\/\/www.sonoraenequipo.com.mx\/","name":"Sonora en Equipo.","description":"Diario en l\u00ednea con Noticias desde Hermosillo, Sonora","publisher":{"@id":"https:\/\/www.sonoraenequipo.com.mx\/#organization"},"potentialAction":[{"@type":"SearchAction","target":{"@type":"EntryPoint","urlTemplate":"https:\/\/www.sonoraenequipo.com.mx\/?s={search_term_string}"},"query-input":{"@type":"PropertyValueSpecification","valueRequired":true,"valueName":"search_term_string"}}],"inLanguage":"es"},{"@type":"Organization","@id":"https:\/\/www.sonoraenequipo.com.mx\/#organization","name":"Sonoraenequipo.com.mx","url":"https:\/\/www.sonoraenequipo.com.mx\/","logo":{"@type":"ImageObject","inLanguage":"es","@id":"https:\/\/www.sonoraenequipo.com.mx\/#\/schema\/logo\/image\/","url":"https:\/\/www.sonoraenequipo.com.mx\/storage\/2019\/01\/sonoraenequipo_opt.png","contentUrl":"https:\/\/www.sonoraenequipo.com.mx\/storage\/2019\/01\/sonoraenequipo_opt.png","width":375,"height":125,"caption":"Sonoraenequipo.com.mx"},"image":{"@id":"https:\/\/www.sonoraenequipo.com.mx\/#\/schema\/logo\/image\/"},"sameAs":["https:\/\/www.facebook.com\/SonoraEE\/","https:\/\/x.com\/sonoraenequipo","https:\/\/www.youtube.com\/channel\/UC338nW-lPEYmJQs4ZABQ1SQ"]},{"@type":"Person","@id":"https:\/\/www.sonoraenequipo.com.mx\/#\/schema\/person\/50102df0fb23a8fa9e8effad8fa81386","name":"enequipo","image":{"@type":"ImageObject","inLanguage":"es","@id":"https:\/\/www.sonoraenequipo.com.mx\/#\/schema\/person\/image\/","url":"https:\/\/secure.gravatar.com\/avatar\/049821681b589dabc0bc20695993ccebb09f5b5d4d790cd9251b97faac7c652b?s=96&d=blank&r=g","contentUrl":"https:\/\/secure.gravatar.com\/avatar\/049821681b589dabc0bc20695993ccebb09f5b5d4d790cd9251b97faac7c652b?s=96&d=blank&r=g","caption":"enequipo"},"sameAs":["https:\/\/www.facebook.com\/SonoraEE"]}]}},"jetpack_featured_media_url":"https:\/\/www.sonoraenequipo.com.mx\/storage\/2024\/04\/cuentame.jpg","_links":{"self":[{"href":"https:\/\/www.sonoraenequipo.com.mx\/api\/wp\/v2\/posts\/188738","targetHints":{"allow":["GET"]}}],"collection":[{"href":"https:\/\/www.sonoraenequipo.com.mx\/api\/wp\/v2\/posts"}],"about":[{"href":"https:\/\/www.sonoraenequipo.com.mx\/api\/wp\/v2\/types\/post"}],"author":[{"embeddable":true,"href":"https:\/\/www.sonoraenequipo.com.mx\/api\/wp\/v2\/users\/1"}],"replies":[{"embeddable":true,"href":"https:\/\/www.sonoraenequipo.com.mx\/api\/wp\/v2\/comments?post=188738"}],"version-history":[{"count":1,"href":"https:\/\/www.sonoraenequipo.com.mx\/api\/wp\/v2\/posts\/188738\/revisions"}],"predecessor-version":[{"id":188740,"href":"https:\/\/www.sonoraenequipo.com.mx\/api\/wp\/v2\/posts\/188738\/revisions\/188740"}],"wp:featuredmedia":[{"embeddable":true,"href":"https:\/\/www.sonoraenequipo.com.mx\/api\/wp\/v2\/media\/188739"}],"wp:attachment":[{"href":"https:\/\/www.sonoraenequipo.com.mx\/api\/wp\/v2\/media?parent=188738"}],"wp:term":[{"taxonomy":"category","embeddable":true,"href":"https:\/\/www.sonoraenequipo.com.mx\/api\/wp\/v2\/categories?post=188738"},{"taxonomy":"post_tag","embeddable":true,"href":"https:\/\/www.sonoraenequipo.com.mx\/api\/wp\/v2\/tags?post=188738"}],"curies":[{"name":"wp","href":"https:\/\/api.w.org\/{rel}","templated":true}]}}