{"id":188749,"date":"2024-04-30T09:16:43","date_gmt":"2024-04-30T16:16:43","guid":{"rendered":"https:\/\/www.sonoraenequipo.com.mx\/?p=188749"},"modified":"2024-04-30T14:05:35","modified_gmt":"2024-04-30T21:05:35","slug":"protestas-propalestinas-se-extienden-por-universidades-de-eeuu-tras-arrestos-masivos-en-columbia","status":"publish","type":"post","link":"https:\/\/www.sonoraenequipo.com.mx\/protestas-propalestinas-se-extienden-por-universidades-de-eeuu-tras-arrestos-masivos-en-columbia\/","title":{"rendered":"Protestas propalestinas se extienden por universidades de EEUU tras arrestos masivos en Columbia"},"content":{"rendered":"<p><strong>ESTDOS UNIDOS.<\/strong> \u2014 Decenas de manifestantes instalaron barricadas en los accesos durante la madrugada de este martes, en una nueva escalada de las manifestaciones contra la guerra entre Israel y Hamas que se han extendido a campus universitarios de todo Estados Unidos.<br \/>\nLas noticias de la ma\u00f1ana, martes 30 de abril de 2024<\/p>\n<p>&nbsp;<\/p>\n<p> <\/p>\n<p>Manifestantes ocuparon un edificio del campus principal de la Universidad de Columbia durante la noche del lunes, al intensificarse las protestas propalestinas, a pesar de las \u00f3rdenes de las autoridades escolares de abandonar el lugar y de las suspensiones impuestas a los estudiantes que se negaron a hacerlo.<\/p>\n<p>&nbsp;<\/p>\n<p>&nbsp;<\/p>\n<p>Banderas ondeaban en las ventanas del Hamilton Hall tras ser ocupado a primera hora de la ma\u00f1ana. Los manifestantes tambi\u00e9n cambiaron el nombre del edificio a \u2018Hinds Hall\u2019, en honor de Hind Rajab, la ni\u00f1a de seis a\u00f1os que muri\u00f3 en Gaza tras rogar a los socorristas que le salvaran la vida. Se pudo escuchar gritar a un manifestante: \u201cAcabemos lo que comenzaron en 1968\u201d, aparentemente refiri\u00e9ndose a la famosa protesta contra la guerra de Vietnam en la que se ocup\u00f3 el mismo edificio.<\/p>\n<p>&nbsp;<\/p>\n<p>La universidad confirm\u00f3 la ocupaci\u00f3n del edificio en una actualizaci\u00f3n a primera hora de este martes, e indic\u00f3 que los estudiantes deb\u00edan evitar este martes el campus principal en Morningside Heights.<\/p>\n<p>&nbsp;<\/p>\n<p>Mientras tanto, las protestas en los campus de todo Estados Unidos contin\u00faan creciendo: La polic\u00eda detuvo durante la noche del lunes a 17 manifestantes en la Universidad de Utah, a 13 m\u00e1s en Princeton y a otros seis en la Universidad de Tulane, en Nueva Orleans.<\/p>\n<p>&nbsp;<\/p>\n<p>&nbsp;<\/p>\n<h3>Exalumnos piden terminar con los <em><strong>\u201ccampamentos ilegales\u201d<\/strong><\/em><\/h3>\n<p>&nbsp;<\/p>\n<p>M\u00e1s de 1,000 antiguos alumnos de la Universidad de Columbia escribieron ayer una carta a la presidenta de la instituci\u00f3n, Minouche Shafik, exigiendo la retirada de los <strong><em>\u201ccampamentos ilegales\u201d<\/em> <\/strong>y que <strong><em>\u201cse restablezca inmediatamente la seguridad para todos los estudiantes\u201d.<\/em><\/strong><\/p>\n<p>&nbsp;<\/p>\n<p><strong><em>\u201cYa es suficiente. El antisemitismo nunca ser\u00e1 aceptable. Jam\u00e1s\u201d<\/em><\/strong>, se pod\u00eda leer en la carta.<\/p>\n<p>&nbsp;<\/p>\n<p>La misiva se\u00f1alaba c\u00f3mo, durante la semana pasada, estudiantes suspendidos desafiaron los decretos volviendo al campamento y la forma en la que presuntamente s\u00e9 intent\u00f3 intimidar a un alumno jud\u00edo en una <em><strong>\u201czona libre de sionistas\u201d.<\/strong><\/em><\/p>\n<p>&nbsp;<\/p>\n<p>&nbsp;<\/p>\n<p>&nbsp;<\/p>\n<p>La carta tambi\u00e9n criticaba el comunicado que Shafik envi\u00f3 el lunes a la comunidad en la que exig\u00eda a los manifestantes que se retiraran antes de las 2:00 pm, una orden a la que los manifestantes se resistieron, diciendo que <strong><em>\u201cno cumpl\u00eda nuestras expectativas de liderazgo\u201d.<\/em><\/strong><\/p>\n<p>&nbsp;<\/p>\n<p>&nbsp;<\/p>\n<p><strong><em>\u201cEl enfoque actual de apaciguar a los agentes de la perturbaci\u00f3n est\u00e1 demostrando que no funciona. Hacemos un llamamiento a la direcci\u00f3n de Columbia para que cumpla con su obligaci\u00f3n solemne con todos los miembros de la comunidad y tome medidas significativas ahora\u201d<\/em><\/strong>, insistieron en la carta.<\/p>\n<p>&nbsp;<\/p>\n<p>&nbsp;<\/p>\n<p>PUBLICADO EL 30 DE ABRIL DE 2024\/ Con informaci\u00f3n de NBC News)<\/p>\n","protected":false},"excerpt":{"rendered":"<p>ESTDOS UNIDOS. \u2014 Decenas de manifestantes instalaron barricadas en los accesos durante la madrugada de&#8230;<\/p>\n","protected":false},"author":1,"featured_media":188750,"comment_status":"open","ping_status":"open","sticky":false,"template":"","format":"standard","meta":{"_monsterinsights_skip_tracking":false,"_monsterinsights_sitenote_active":false,"_monsterinsights_sitenote_note":"","_monsterinsights_sitenote_category":0,"footnotes":""},"categories":[3],"tags":[],"class_list":["post"],"yoast_head":" \n<title>Sonora en Equipo. Protestas propalestinas se extienden por universidades de EEUU tras arrestos masivos en Columbia MUNDO<\/title>\n<meta name=\"description\" content=\"ESTDOS UNIDOS. \u2014 Decenas de manifestantes instalaron barricadas en los accesos durante la madrugada de este martes, en una nueva escalada de las En Sonora en Equipo publicamos toda la informaci\u00f3n de Sonora, M\u00e9xico y el Mundo de manera oportuna y busca que la libertad de expresi\u00f3n sea real. Visita nuestro medio informativo publicado desde Hermosillo, Sonora. %\" \/>\n<meta name=\"robots\" content=\"index, follow, max-snippet:-1, max-image-preview:large, max-video-preview:-1\" \/>\n<link rel=\"canonical\" href=\"https:\/\/www.sonoraenequipo.com.mx\/protestas-propalestinas-se-extienden-por-universidades-de-eeuu-tras-arrestos-masivos-en-columbia\/\" \/>\n<meta property=\"og:locale\" content=\"es_ES\" \/>\n<meta property=\"og:type\" content=\"article\" \/>\n<meta property=\"og:title\" content=\"Sonora en Equipo. Protestas propalestinas se extienden por universidades de EEUU tras arrestos masivos en Columbia MUNDO\" \/>\n<meta property=\"og:description\" content=\"ESTDOS UNIDOS. \u2014 Decenas de manifestantes instalaron barricadas en los accesos durante la madrugada de este martes, en una nueva escalada de las En Sonora en Equipo publicamos toda la informaci\u00f3n de Sonora, M\u00e9xico y el Mundo de manera oportuna y busca que la libertad de expresi\u00f3n sea real. Visita nuestro medio informativo publicado desde Hermosillo, Sonora. %\" \/>\n<meta property=\"og:url\" content=\"https:\/\/www.sonoraenequipo.com.mx\/protestas-propalestinas-se-extienden-por-universidades-de-eeuu-tras-arrestos-masivos-en-columbia\/\" \/>\n<meta property=\"og:site_name\" content=\"Sonora en Equipo.\" \/>\n<meta property=\"article:publisher\" content=\"https:\/\/www.facebook.com\/SonoraEE\/\" \/>\n<meta property=\"article:author\" content=\"https:\/\/www.facebook.com\/SonoraEE\" \/>\n<meta property=\"article:published_time\" content=\"2024-04-30T16:16:43+00:00\" \/>\n<meta property=\"article:modified_time\" content=\"2024-04-30T21:05:35+00:00\" \/>\n<meta property=\"og:image\" content=\"https:\/\/www.sonoraenequipo.com.mx\/storage\/2024\/04\/universidad-columbia-suspendera-alumnos-x-marcha-min.jpg\" \/>\n\t<meta property=\"og:image:width\" content=\"900\" \/>\n\t<meta property=\"og:image:height\" content=\"472\" \/>\n\t<meta property=\"og:image:type\" content=\"image\/jpeg\" \/>\n<meta name=\"author\" content=\"enequipo\" \/>\n<meta name=\"twitter:card\" content=\"summary_large_image\" \/>\n<meta name=\"twitter:creator\" content=\"@sonoraenequipo\" \/>\n<meta name=\"twitter:site\" content=\"@sonoraenequipo\" \/>\n<meta name=\"twitter:label1\" content=\"Escrito por\" \/>\n\t<meta name=\"twitter:data1\" content=\"enequipo\" \/>\n\t<meta name=\"twitter:label2\" content=\"Tiempo de lectura\" \/>\n\t<meta name=\"twitter:data2\" content=\"2 minutos\" \/>\n<script type=\"application\/ld+json\" class=\"yoast-schema-graph\">{\"@context\":\"https:\/\/schema.org\",\"@graph\":[{\"@type\":\"Article\",\"@id\":\"https:\/\/www.sonoraenequipo.com.mx\/protestas-propalestinas-se-extienden-por-universidades-de-eeuu-tras-arrestos-masivos-en-columbia\/#article\",\"isPartOf\":{\"@id\":\"https:\/\/www.sonoraenequipo.com.mx\/protestas-propalestinas-se-extienden-por-universidades-de-eeuu-tras-arrestos-masivos-en-columbia\/\"},\"author\":{\"name\":\"enequipo\",\"@id\":\"https:\/\/www.sonoraenequipo.com.mx\/#\/schema\/person\/50102df0fb23a8fa9e8effad8fa81386\"},\"headline\":\"Protestas propalestinas se extienden por universidades de EEUU tras arrestos masivos en Columbia\",\"datePublished\":\"2024-04-30T16:16:43+00:00\",\"dateModified\":\"2024-04-30T21:05:35+00:00\",\"mainEntityOfPage\":{\"@id\":\"https:\/\/www.sonoraenequipo.com.mx\/protestas-propalestinas-se-extienden-por-universidades-de-eeuu-tras-arrestos-masivos-en-columbia\/\"},\"wordCount\":511,\"commentCount\":0,\"publisher\":{\"@id\":\"https:\/\/www.sonoraenequipo.com.mx\/#organization\"},\"image\":{\"@id\":\"https:\/\/www.sonoraenequipo.com.mx\/protestas-propalestinas-se-extienden-por-universidades-de-eeuu-tras-arrestos-masivos-en-columbia\/#primaryimage\"},\"thumbnailUrl\":\"https:\/\/www.sonoraenequipo.com.mx\/storage\/2024\/04\/universidad-columbia-suspendera-alumnos-x-marcha-min.jpg\",\"articleSection\":[\"MUNDO\"],\"inLanguage\":\"es\",\"potentialAction\":[{\"@type\":\"CommentAction\",\"name\":\"Comment\",\"target\":[\"https:\/\/www.sonoraenequipo.com.mx\/protestas-propalestinas-se-extienden-por-universidades-de-eeuu-tras-arrestos-masivos-en-columbia\/#respond\"]}]},{\"@type\":\"WebPage\",\"@id\":\"https:\/\/www.sonoraenequipo.com.mx\/protestas-propalestinas-se-extienden-por-universidades-de-eeuu-tras-arrestos-masivos-en-columbia\/\",\"url\":\"https:\/\/www.sonoraenequipo.com.mx\/protestas-propalestinas-se-extienden-por-universidades-de-eeuu-tras-arrestos-masivos-en-columbia\/\",\"name\":\"Sonora en Equipo. Protestas propalestinas se extienden por universidades de EEUU tras arrestos masivos en Columbia MUNDO\",\"isPartOf\":{\"@id\":\"https:\/\/www.sonoraenequipo.com.mx\/#website\"},\"primaryImageOfPage\":{\"@id\":\"https:\/\/www.sonoraenequipo.com.mx\/protestas-propalestinas-se-extienden-por-universidades-de-eeuu-tras-arrestos-masivos-en-columbia\/#primaryimage\"},\"image\":{\"@id\":\"https:\/\/www.sonoraenequipo.com.mx\/protestas-propalestinas-se-extienden-por-universidades-de-eeuu-tras-arrestos-masivos-en-columbia\/#primaryimage\"},\"thumbnailUrl\":\"https:\/\/www.sonoraenequipo.com.mx\/storage\/2024\/04\/universidad-columbia-suspendera-alumnos-x-marcha-min.jpg\",\"datePublished\":\"2024-04-30T16:16:43+00:00\",\"dateModified\":\"2024-04-30T21:05:35+00:00\",\"description\":\"ESTDOS UNIDOS. \u2014 Decenas de manifestantes instalaron barricadas en los accesos durante la madrugada de este martes, en una nueva escalada de las En Sonora en Equipo publicamos toda la informaci\u00f3n de Sonora, M\u00e9xico y el Mundo de manera oportuna y busca que la libertad de expresi\u00f3n sea real. Visita nuestro medio informativo publicado desde Hermosillo, Sonora. %\",\"breadcrumb\":{\"@id\":\"https:\/\/www.sonoraenequipo.com.mx\/protestas-propalestinas-se-extienden-por-universidades-de-eeuu-tras-arrestos-masivos-en-columbia\/#breadcrumb\"},\"inLanguage\":\"es\",\"potentialAction\":[{\"@type\":\"ReadAction\",\"target\":[\"https:\/\/www.sonoraenequipo.com.mx\/protestas-propalestinas-se-extienden-por-universidades-de-eeuu-tras-arrestos-masivos-en-columbia\/\"]}]},{\"@type\":\"ImageObject\",\"inLanguage\":\"es\",\"@id\":\"https:\/\/www.sonoraenequipo.com.mx\/protestas-propalestinas-se-extienden-por-universidades-de-eeuu-tras-arrestos-masivos-en-columbia\/#primaryimage\",\"url\":\"https:\/\/www.sonoraenequipo.com.mx\/storage\/2024\/04\/universidad-columbia-suspendera-alumnos-x-marcha-min.jpg\",\"contentUrl\":\"https:\/\/www.sonoraenequipo.com.mx\/storage\/2024\/04\/universidad-columbia-suspendera-alumnos-x-marcha-min.jpg\",\"width\":900,\"height\":472},{\"@type\":\"BreadcrumbList\",\"@id\":\"https:\/\/www.sonoraenequipo.com.mx\/protestas-propalestinas-se-extienden-por-universidades-de-eeuu-tras-arrestos-masivos-en-columbia\/#breadcrumb\",\"itemListElement\":[{\"@type\":\"ListItem\",\"position\":1,\"name\":\"Portada\",\"item\":\"https:\/\/www.sonoraenequipo.com.mx\/\"},{\"@type\":\"ListItem\",\"position\":2,\"name\":\"Protestas propalestinas se extienden por universidades de EEUU tras arrestos masivos en Columbia\"}]},{\"@type\":\"WebSite\",\"@id\":\"https:\/\/www.sonoraenequipo.com.mx\/#website\",\"url\":\"https:\/\/www.sonoraenequipo.com.mx\/\",\"name\":\"Sonora en Equipo.\",\"description\":\"Diario en l\u00ednea con Noticias desde Hermosillo, Sonora\",\"publisher\":{\"@id\":\"https:\/\/www.sonoraenequipo.com.mx\/#organization\"},\"potentialAction\":[{\"@type\":\"SearchAction\",\"target\":{\"@type\":\"EntryPoint\",\"urlTemplate\":\"https:\/\/www.sonoraenequipo.com.mx\/?s={search_term_string}\"},\"query-input\":{\"@type\":\"PropertyValueSpecification\",\"valueRequired\":true,\"valueName\":\"search_term_string\"}}],\"inLanguage\":\"es\"},{\"@type\":\"Organization\",\"@id\":\"https:\/\/www.sonoraenequipo.com.mx\/#organization\",\"name\":\"Sonoraenequipo.com.mx\",\"url\":\"https:\/\/www.sonoraenequipo.com.mx\/\",\"logo\":{\"@type\":\"ImageObject\",\"inLanguage\":\"es\",\"@id\":\"https:\/\/www.sonoraenequipo.com.mx\/#\/schema\/logo\/image\/\",\"url\":\"https:\/\/www.sonoraenequipo.com.mx\/storage\/2019\/01\/sonoraenequipo_opt.png\",\"contentUrl\":\"https:\/\/www.sonoraenequipo.com.mx\/storage\/2019\/01\/sonoraenequipo_opt.png\",\"width\":375,\"height\":125,\"caption\":\"Sonoraenequipo.com.mx\"},\"image\":{\"@id\":\"https:\/\/www.sonoraenequipo.com.mx\/#\/schema\/logo\/image\/\"},\"sameAs\":[\"https:\/\/www.facebook.com\/SonoraEE\/\",\"https:\/\/x.com\/sonoraenequipo\",\"https:\/\/www.youtube.com\/channel\/UC338nW-lPEYmJQs4ZABQ1SQ\"]},{\"@type\":\"Person\",\"@id\":\"https:\/\/www.sonoraenequipo.com.mx\/#\/schema\/person\/50102df0fb23a8fa9e8effad8fa81386\",\"name\":\"enequipo\",\"image\":{\"@type\":\"ImageObject\",\"inLanguage\":\"es\",\"@id\":\"https:\/\/www.sonoraenequipo.com.mx\/#\/schema\/person\/image\/\",\"url\":\"https:\/\/secure.gravatar.com\/avatar\/049821681b589dabc0bc20695993ccebb09f5b5d4d790cd9251b97faac7c652b?s=96&d=blank&r=g\",\"contentUrl\":\"https:\/\/secure.gravatar.com\/avatar\/049821681b589dabc0bc20695993ccebb09f5b5d4d790cd9251b97faac7c652b?s=96&d=blank&r=g\",\"caption\":\"enequipo\"},\"sameAs\":[\"https:\/\/www.facebook.com\/SonoraEE\"]}]}<\/script>\n ","yoast_head_json":{"title":"Sonora en Equipo. Protestas propalestinas se extienden por universidades de EEUU tras arrestos masivos en Columbia MUNDO","description":"ESTDOS UNIDOS. \u2014 Decenas de manifestantes instalaron barricadas en los accesos durante la madrugada de este martes, en una nueva escalada de las En Sonora en Equipo publicamos toda la informaci\u00f3n de Sonora, M\u00e9xico y el Mundo de manera oportuna y busca que la libertad de expresi\u00f3n sea real. Visita nuestro medio informativo publicado desde Hermosillo, Sonora. %","robots":{"index":"index","follow":"follow","max-snippet":"max-snippet:-1","max-image-preview":"max-image-preview:large","max-video-preview":"max-video-preview:-1"},"canonical":"https:\/\/www.sonoraenequipo.com.mx\/protestas-propalestinas-se-extienden-por-universidades-de-eeuu-tras-arrestos-masivos-en-columbia\/","og_locale":"es_ES","og_type":"article","og_title":"Sonora en Equipo. Protestas propalestinas se extienden por universidades de EEUU tras arrestos masivos en Columbia MUNDO","og_description":"ESTDOS UNIDOS. \u2014 Decenas de manifestantes instalaron barricadas en los accesos durante la madrugada de este martes, en una nueva escalada de las En Sonora en Equipo publicamos toda la informaci\u00f3n de Sonora, M\u00e9xico y el Mundo de manera oportuna y busca que la libertad de expresi\u00f3n sea real. Visita nuestro medio informativo publicado desde Hermosillo, Sonora. %","og_url":"https:\/\/www.sonoraenequipo.com.mx\/protestas-propalestinas-se-extienden-por-universidades-de-eeuu-tras-arrestos-masivos-en-columbia\/","og_site_name":"Sonora en Equipo.","article_publisher":"https:\/\/www.facebook.com\/SonoraEE\/","article_author":"https:\/\/www.facebook.com\/SonoraEE","article_published_time":"2024-04-30T16:16:43+00:00","article_modified_time":"2024-04-30T21:05:35+00:00","og_image":[{"width":900,"height":472,"url":"https:\/\/www.sonoraenequipo.com.mx\/storage\/2024\/04\/universidad-columbia-suspendera-alumnos-x-marcha-min.jpg","type":"image\/jpeg"}],"author":"enequipo","twitter_card":"summary_large_image","twitter_creator":"@sonoraenequipo","twitter_site":"@sonoraenequipo","twitter_misc":{"Escrito por":"enequipo","Tiempo de lectura":"2 minutos"},"schema":{"@context":"https:\/\/schema.org","@graph":[{"@type":"Article","@id":"https:\/\/www.sonoraenequipo.com.mx\/protestas-propalestinas-se-extienden-por-universidades-de-eeuu-tras-arrestos-masivos-en-columbia\/#article","isPartOf":{"@id":"https:\/\/www.sonoraenequipo.com.mx\/protestas-propalestinas-se-extienden-por-universidades-de-eeuu-tras-arrestos-masivos-en-columbia\/"},"author":{"name":"enequipo","@id":"https:\/\/www.sonoraenequipo.com.mx\/#\/schema\/person\/50102df0fb23a8fa9e8effad8fa81386"},"headline":"Protestas propalestinas se extienden por universidades de EEUU tras arrestos masivos en Columbia","datePublished":"2024-04-30T16:16:43+00:00","dateModified":"2024-04-30T21:05:35+00:00","mainEntityOfPage":{"@id":"https:\/\/www.sonoraenequipo.com.mx\/protestas-propalestinas-se-extienden-por-universidades-de-eeuu-tras-arrestos-masivos-en-columbia\/"},"wordCount":511,"commentCount":0,"publisher":{"@id":"https:\/\/www.sonoraenequipo.com.mx\/#organization"},"image":{"@id":"https:\/\/www.sonoraenequipo.com.mx\/protestas-propalestinas-se-extienden-por-universidades-de-eeuu-tras-arrestos-masivos-en-columbia\/#primaryimage"},"thumbnailUrl":"https:\/\/www.sonoraenequipo.com.mx\/storage\/2024\/04\/universidad-columbia-suspendera-alumnos-x-marcha-min.jpg","articleSection":["MUNDO"],"inLanguage":"es","potentialAction":[{"@type":"CommentAction","name":"Comment","target":["https:\/\/www.sonoraenequipo.com.mx\/protestas-propalestinas-se-extienden-por-universidades-de-eeuu-tras-arrestos-masivos-en-columbia\/#respond"]}]},{"@type":"WebPage","@id":"https:\/\/www.sonoraenequipo.com.mx\/protestas-propalestinas-se-extienden-por-universidades-de-eeuu-tras-arrestos-masivos-en-columbia\/","url":"https:\/\/www.sonoraenequipo.com.mx\/protestas-propalestinas-se-extienden-por-universidades-de-eeuu-tras-arrestos-masivos-en-columbia\/","name":"Sonora en Equipo. Protestas propalestinas se extienden por universidades de EEUU tras arrestos masivos en Columbia MUNDO","isPartOf":{"@id":"https:\/\/www.sonoraenequipo.com.mx\/#website"},"primaryImageOfPage":{"@id":"https:\/\/www.sonoraenequipo.com.mx\/protestas-propalestinas-se-extienden-por-universidades-de-eeuu-tras-arrestos-masivos-en-columbia\/#primaryimage"},"image":{"@id":"https:\/\/www.sonoraenequipo.com.mx\/protestas-propalestinas-se-extienden-por-universidades-de-eeuu-tras-arrestos-masivos-en-columbia\/#primaryimage"},"thumbnailUrl":"https:\/\/www.sonoraenequipo.com.mx\/storage\/2024\/04\/universidad-columbia-suspendera-alumnos-x-marcha-min.jpg","datePublished":"2024-04-30T16:16:43+00:00","dateModified":"2024-04-30T21:05:35+00:00","description":"ESTDOS UNIDOS. \u2014 Decenas de manifestantes instalaron barricadas en los accesos durante la madrugada de este martes, en una nueva escalada de las En Sonora en Equipo publicamos toda la informaci\u00f3n de Sonora, M\u00e9xico y el Mundo de manera oportuna y busca que la libertad de expresi\u00f3n sea real. Visita nuestro medio informativo publicado desde Hermosillo, Sonora. %","breadcrumb":{"@id":"https:\/\/www.sonoraenequipo.com.mx\/protestas-propalestinas-se-extienden-por-universidades-de-eeuu-tras-arrestos-masivos-en-columbia\/#breadcrumb"},"inLanguage":"es","potentialAction":[{"@type":"ReadAction","target":["https:\/\/www.sonoraenequipo.com.mx\/protestas-propalestinas-se-extienden-por-universidades-de-eeuu-tras-arrestos-masivos-en-columbia\/"]}]},{"@type":"ImageObject","inLanguage":"es","@id":"https:\/\/www.sonoraenequipo.com.mx\/protestas-propalestinas-se-extienden-por-universidades-de-eeuu-tras-arrestos-masivos-en-columbia\/#primaryimage","url":"https:\/\/www.sonoraenequipo.com.mx\/storage\/2024\/04\/universidad-columbia-suspendera-alumnos-x-marcha-min.jpg","contentUrl":"https:\/\/www.sonoraenequipo.com.mx\/storage\/2024\/04\/universidad-columbia-suspendera-alumnos-x-marcha-min.jpg","width":900,"height":472},{"@type":"BreadcrumbList","@id":"https:\/\/www.sonoraenequipo.com.mx\/protestas-propalestinas-se-extienden-por-universidades-de-eeuu-tras-arrestos-masivos-en-columbia\/#breadcrumb","itemListElement":[{"@type":"ListItem","position":1,"name":"Portada","item":"https:\/\/www.sonoraenequipo.com.mx\/"},{"@type":"ListItem","position":2,"name":"Protestas propalestinas se extienden por universidades de EEUU tras arrestos masivos en Columbia"}]},{"@type":"WebSite","@id":"https:\/\/www.sonoraenequipo.com.mx\/#website","url":"https:\/\/www.sonoraenequipo.com.mx\/","name":"Sonora en Equipo.","description":"Diario en l\u00ednea con Noticias desde Hermosillo, Sonora","publisher":{"@id":"https:\/\/www.sonoraenequipo.com.mx\/#organization"},"potentialAction":[{"@type":"SearchAction","target":{"@type":"EntryPoint","urlTemplate":"https:\/\/www.sonoraenequipo.com.mx\/?s={search_term_string}"},"query-input":{"@type":"PropertyValueSpecification","valueRequired":true,"valueName":"search_term_string"}}],"inLanguage":"es"},{"@type":"Organization","@id":"https:\/\/www.sonoraenequipo.com.mx\/#organization","name":"Sonoraenequipo.com.mx","url":"https:\/\/www.sonoraenequipo.com.mx\/","logo":{"@type":"ImageObject","inLanguage":"es","@id":"https:\/\/www.sonoraenequipo.com.mx\/#\/schema\/logo\/image\/","url":"https:\/\/www.sonoraenequipo.com.mx\/storage\/2019\/01\/sonoraenequipo_opt.png","contentUrl":"https:\/\/www.sonoraenequipo.com.mx\/storage\/2019\/01\/sonoraenequipo_opt.png","width":375,"height":125,"caption":"Sonoraenequipo.com.mx"},"image":{"@id":"https:\/\/www.sonoraenequipo.com.mx\/#\/schema\/logo\/image\/"},"sameAs":["https:\/\/www.facebook.com\/SonoraEE\/","https:\/\/x.com\/sonoraenequipo","https:\/\/www.youtube.com\/channel\/UC338nW-lPEYmJQs4ZABQ1SQ"]},{"@type":"Person","@id":"https:\/\/www.sonoraenequipo.com.mx\/#\/schema\/person\/50102df0fb23a8fa9e8effad8fa81386","name":"enequipo","image":{"@type":"ImageObject","inLanguage":"es","@id":"https:\/\/www.sonoraenequipo.com.mx\/#\/schema\/person\/image\/","url":"https:\/\/secure.gravatar.com\/avatar\/049821681b589dabc0bc20695993ccebb09f5b5d4d790cd9251b97faac7c652b?s=96&d=blank&r=g","contentUrl":"https:\/\/secure.gravatar.com\/avatar\/049821681b589dabc0bc20695993ccebb09f5b5d4d790cd9251b97faac7c652b?s=96&d=blank&r=g","caption":"enequipo"},"sameAs":["https:\/\/www.facebook.com\/SonoraEE"]}]}},"jetpack_featured_media_url":"https:\/\/www.sonoraenequipo.com.mx\/storage\/2024\/04\/universidad-columbia-suspendera-alumnos-x-marcha-min.jpg","_links":{"self":[{"href":"https:\/\/www.sonoraenequipo.com.mx\/api\/wp\/v2\/posts\/188749","targetHints":{"allow":["GET"]}}],"collection":[{"href":"https:\/\/www.sonoraenequipo.com.mx\/api\/wp\/v2\/posts"}],"about":[{"href":"https:\/\/www.sonoraenequipo.com.mx\/api\/wp\/v2\/types\/post"}],"author":[{"embeddable":true,"href":"https:\/\/www.sonoraenequipo.com.mx\/api\/wp\/v2\/users\/1"}],"replies":[{"embeddable":true,"href":"https:\/\/www.sonoraenequipo.com.mx\/api\/wp\/v2\/comments?post=188749"}],"version-history":[{"count":1,"href":"https:\/\/www.sonoraenequipo.com.mx\/api\/wp\/v2\/posts\/188749\/revisions"}],"predecessor-version":[{"id":188751,"href":"https:\/\/www.sonoraenequipo.com.mx\/api\/wp\/v2\/posts\/188749\/revisions\/188751"}],"wp:featuredmedia":[{"embeddable":true,"href":"https:\/\/www.sonoraenequipo.com.mx\/api\/wp\/v2\/media\/188750"}],"wp:attachment":[{"href":"https:\/\/www.sonoraenequipo.com.mx\/api\/wp\/v2\/media?parent=188749"}],"wp:term":[{"taxonomy":"category","embeddable":true,"href":"https:\/\/www.sonoraenequipo.com.mx\/api\/wp\/v2\/categories?post=188749"},{"taxonomy":"post_tag","embeddable":true,"href":"https:\/\/www.sonoraenequipo.com.mx\/api\/wp\/v2\/tags?post=188749"}],"curies":[{"name":"wp","href":"https:\/\/api.w.org\/{rel}","templated":true}]}}