{"id":188758,"date":"2024-04-30T11:36:00","date_gmt":"2024-04-30T18:36:00","guid":{"rendered":"https:\/\/www.sonoraenequipo.com.mx\/?p=188758"},"modified":"2024-04-30T16:39:53","modified_gmt":"2024-04-30T23:39:53","slug":"claudia-sheinbaum-plantea-regularizacion-de-predios-y-mas-movilidad-en-xochimilco","status":"publish","type":"post","link":"https:\/\/www.sonoraenequipo.com.mx\/claudia-sheinbaum-plantea-regularizacion-de-predios-y-mas-movilidad-en-xochimilco\/","title":{"rendered":"Claudia Sheinbaum plantea regularizaci\u00f3n de predios y m\u00e1s movilidad en Xochimilco\u00a0"},"content":{"rendered":"<p><strong>XOCHIMILCO, CIUDAD DE M\u00c9XICO,MX.\u02d7\u02d7\u02d7 <\/strong>Regularizaci\u00f3n de predios, ampliar las unidades para el Tren Ligero y la construcci\u00f3n un nueva l\u00ednea del Cableb\u00fas, son algunos de los compromisos que realiz\u00f3 la candidata de la coalici\u00f3n \u201cSigamos Haciendo Historia\u201d (Morena, PT y PVEM) a la Presidencia de M\u00e9xico, Claudia Sheinbaum Pardo, para dar continuidad a la Cuarta Transformaci\u00f3n en Xochimilco.<\/p>\n<p> <\/p>\n<p>En su encuentro con miles de simpatizantes de esta alcald\u00eda, Claudia Sheinbaum expuso parte de su proyecto de naci\u00f3n, en el que destac\u00f3 dar continuidad a la regularizaci\u00f3n de 48 asentamientos para que las y los capitalinos de esa demarcaci\u00f3n tengan certeza con sus patrimonios.<\/p>\n<p>\u201cLa regularizaci\u00f3n de 48 asentamientos en Xochimilco y vamos a seguir trabajando para que haya m\u00e1s vivienda, pero vivienda social y apoyo para el mejoramiento de vivienda en la Ciudad de M\u00e9xico\u201d, anunci\u00f3.<\/p>\n<p>En materia de movilidad, anunci\u00f3 la compra de siete nuevas unidades del Tren Ligero para ampliar su cobertura, as\u00ed mismo explic\u00f3 que en su gobierno se har\u00e1n cinco nuevas l\u00edneas del Cableb\u00fas para la Ciudad de M\u00e9xico, de las cuales una ir\u00e1 desde Milpa Alta, pasar\u00e1 por Xochimilco y llegar\u00e1 al Tren Ligero para conectar con el metro.<\/p>\n<p>\u201cVamos a construir otros cinco cablebuses en toda la ciudad, uno de ellos va a venir desde Milpa Alta, va a pasar por Xochimilco y una parte va a llegar al Tren Ligero para que despu\u00e9s se pueda llegar al metro de la ciudad\u201d, agreg\u00f3.<\/p>\n<p>Tras recibir al apoyo de los pueblos originarios de Xochimilco de parte de la representante Amalia Salas Casales, mejor conocida como \u201cla abuelita Amalia\u201d en Xochimilco, Claudia Sheinbaum celebr\u00f3 que ser\u00e1n tres mujeres transformadoras quienes gobiernen la alcald\u00eda, la Ciudad de M\u00e9xico y todo el pa\u00eds.<\/p>\n<p>\u201cVamos a ganar la Ciudad de M\u00e9xico con Clara Brugada, vamos a ganar Xochimilco con Circe Camacho y vamos a ganar con nuestros diputados y diputadas, y vamos a llegar a la Presidencia de la Rep\u00fablica, y vamos a seguir apoyando con todo a la Ciudad de M\u00e9xico\u201d, asegur\u00f3.<\/p>\n<p><strong>Fecha de publicaci\u00f3n<\/strong><strong> martes 30 de abril de 2024<\/strong><\/p>\n","protected":false},"excerpt":{"rendered":"<p>XOCHIMILCO, CIUDAD DE M\u00c9XICO,MX.\u02d7\u02d7\u02d7 Regularizaci\u00f3n de predios, ampliar las unidades para el Tren Ligero y&#8230;<\/p>\n","protected":false},"author":1,"featured_media":188759,"comment_status":"open","ping_status":"open","sticky":false,"template":"","format":"standard","meta":{"_monsterinsights_skip_tracking":false,"_monsterinsights_sitenote_active":false,"_monsterinsights_sitenote_note":"","_monsterinsights_sitenote_category":0,"footnotes":""},"categories":[9400],"tags":[16,2432],"class_list":["post"],"yoast_head":" \n<title>Sonora en Equipo. Claudia Sheinbaum plantea regularizaci\u00f3n de predios y m\u00e1s movilidad en Xochimilco\u00a0 ELECCI\u00d3NES<\/title>\n<meta name=\"description\" content=\"XOCHIMILCO, CIUDAD DE M\u00c9XICO,MX.\u02d7\u02d7\u02d7 Regularizaci\u00f3n de predios, ampliar las unidades para el Tren Ligero y la construcci\u00f3n un nueva l\u00ednea del Cableb\u00fas, son En Sonora en Equipo publicamos toda la informaci\u00f3n de Sonora, M\u00e9xico y el Mundo de manera oportuna y busca que la libertad de expresi\u00f3n sea real. Visita nuestro medio informativo publicado desde Hermosillo, Sonora. %\" \/>\n<meta name=\"robots\" content=\"index, follow, max-snippet:-1, max-image-preview:large, max-video-preview:-1\" \/>\n<link rel=\"canonical\" href=\"https:\/\/www.sonoraenequipo.com.mx\/claudia-sheinbaum-plantea-regularizacion-de-predios-y-mas-movilidad-en-xochimilco\/\" \/>\n<meta property=\"og:locale\" content=\"es_ES\" \/>\n<meta property=\"og:type\" content=\"article\" \/>\n<meta property=\"og:title\" content=\"Sonora en Equipo. Claudia Sheinbaum plantea regularizaci\u00f3n de predios y m\u00e1s movilidad en Xochimilco\u00a0 ELECCI\u00d3NES\" \/>\n<meta property=\"og:description\" content=\"XOCHIMILCO, CIUDAD DE M\u00c9XICO,MX.\u02d7\u02d7\u02d7 Regularizaci\u00f3n de predios, ampliar las unidades para el Tren Ligero y la construcci\u00f3n un nueva l\u00ednea del Cableb\u00fas, son En Sonora en Equipo publicamos toda la informaci\u00f3n de Sonora, M\u00e9xico y el Mundo de manera oportuna y busca que la libertad de expresi\u00f3n sea real. Visita nuestro medio informativo publicado desde Hermosillo, Sonora. %\" \/>\n<meta property=\"og:url\" content=\"https:\/\/www.sonoraenequipo.com.mx\/claudia-sheinbaum-plantea-regularizacion-de-predios-y-mas-movilidad-en-xochimilco\/\" \/>\n<meta property=\"og:site_name\" content=\"Sonora en Equipo.\" \/>\n<meta property=\"article:publisher\" content=\"https:\/\/www.facebook.com\/SonoraEE\/\" \/>\n<meta property=\"article:author\" content=\"https:\/\/www.facebook.com\/SonoraEE\" \/>\n<meta property=\"article:published_time\" content=\"2024-04-30T18:36:00+00:00\" \/>\n<meta property=\"article:modified_time\" content=\"2024-04-30T23:39:53+00:00\" \/>\n<meta property=\"og:image\" content=\"https:\/\/www.sonoraenequipo.com.mx\/storage\/2024\/04\/csp-xoch.jpg\" \/>\n\t<meta property=\"og:image:width\" content=\"800\" \/>\n\t<meta property=\"og:image:height\" content=\"537\" \/>\n\t<meta property=\"og:image:type\" content=\"image\/jpeg\" \/>\n<meta name=\"author\" content=\"enequipo\" \/>\n<meta name=\"twitter:card\" content=\"summary_large_image\" \/>\n<meta name=\"twitter:creator\" content=\"@sonoraenequipo\" \/>\n<meta name=\"twitter:site\" content=\"@sonoraenequipo\" \/>\n<meta name=\"twitter:label1\" content=\"Escrito por\" \/>\n\t<meta name=\"twitter:data1\" content=\"enequipo\" \/>\n\t<meta name=\"twitter:label2\" content=\"Tiempo de lectura\" \/>\n\t<meta name=\"twitter:data2\" content=\"2 minutos\" \/>\n<script type=\"application\/ld+json\" class=\"yoast-schema-graph\">{\"@context\":\"https:\/\/schema.org\",\"@graph\":[{\"@type\":\"Article\",\"@id\":\"https:\/\/www.sonoraenequipo.com.mx\/claudia-sheinbaum-plantea-regularizacion-de-predios-y-mas-movilidad-en-xochimilco\/#article\",\"isPartOf\":{\"@id\":\"https:\/\/www.sonoraenequipo.com.mx\/claudia-sheinbaum-plantea-regularizacion-de-predios-y-mas-movilidad-en-xochimilco\/\"},\"author\":{\"name\":\"enequipo\",\"@id\":\"https:\/\/www.sonoraenequipo.com.mx\/#\/schema\/person\/50102df0fb23a8fa9e8effad8fa81386\"},\"headline\":\"Claudia Sheinbaum plantea regularizaci\u00f3n de predios y m\u00e1s movilidad en Xochimilco\u00a0\",\"datePublished\":\"2024-04-30T18:36:00+00:00\",\"dateModified\":\"2024-04-30T23:39:53+00:00\",\"mainEntityOfPage\":{\"@id\":\"https:\/\/www.sonoraenequipo.com.mx\/claudia-sheinbaum-plantea-regularizacion-de-predios-y-mas-movilidad-en-xochimilco\/\"},\"wordCount\":381,\"commentCount\":0,\"publisher\":{\"@id\":\"https:\/\/www.sonoraenequipo.com.mx\/#organization\"},\"image\":{\"@id\":\"https:\/\/www.sonoraenequipo.com.mx\/claudia-sheinbaum-plantea-regularizacion-de-predios-y-mas-movilidad-en-xochimilco\/#primaryimage\"},\"thumbnailUrl\":\"https:\/\/www.sonoraenequipo.com.mx\/storage\/2024\/04\/csp-xoch.jpg\",\"keywords\":[\"Claudia\",\"Claudia Sheinbaum\"],\"articleSection\":[\"ELECCI\u00d3NES\"],\"inLanguage\":\"es\",\"potentialAction\":[{\"@type\":\"CommentAction\",\"name\":\"Comment\",\"target\":[\"https:\/\/www.sonoraenequipo.com.mx\/claudia-sheinbaum-plantea-regularizacion-de-predios-y-mas-movilidad-en-xochimilco\/#respond\"]}]},{\"@type\":\"WebPage\",\"@id\":\"https:\/\/www.sonoraenequipo.com.mx\/claudia-sheinbaum-plantea-regularizacion-de-predios-y-mas-movilidad-en-xochimilco\/\",\"url\":\"https:\/\/www.sonoraenequipo.com.mx\/claudia-sheinbaum-plantea-regularizacion-de-predios-y-mas-movilidad-en-xochimilco\/\",\"name\":\"Sonora en Equipo. Claudia Sheinbaum plantea regularizaci\u00f3n de predios y m\u00e1s movilidad en Xochimilco\u00a0 ELECCI\u00d3NES\",\"isPartOf\":{\"@id\":\"https:\/\/www.sonoraenequipo.com.mx\/#website\"},\"primaryImageOfPage\":{\"@id\":\"https:\/\/www.sonoraenequipo.com.mx\/claudia-sheinbaum-plantea-regularizacion-de-predios-y-mas-movilidad-en-xochimilco\/#primaryimage\"},\"image\":{\"@id\":\"https:\/\/www.sonoraenequipo.com.mx\/claudia-sheinbaum-plantea-regularizacion-de-predios-y-mas-movilidad-en-xochimilco\/#primaryimage\"},\"thumbnailUrl\":\"https:\/\/www.sonoraenequipo.com.mx\/storage\/2024\/04\/csp-xoch.jpg\",\"datePublished\":\"2024-04-30T18:36:00+00:00\",\"dateModified\":\"2024-04-30T23:39:53+00:00\",\"description\":\"XOCHIMILCO, CIUDAD DE M\u00c9XICO,MX.\u02d7\u02d7\u02d7 Regularizaci\u00f3n de predios, ampliar las unidades para el Tren Ligero y la construcci\u00f3n un nueva l\u00ednea del Cableb\u00fas, son En Sonora en Equipo publicamos toda la informaci\u00f3n de Sonora, M\u00e9xico y el Mundo de manera oportuna y busca que la libertad de expresi\u00f3n sea real. Visita nuestro medio informativo publicado desde Hermosillo, Sonora. %\",\"breadcrumb\":{\"@id\":\"https:\/\/www.sonoraenequipo.com.mx\/claudia-sheinbaum-plantea-regularizacion-de-predios-y-mas-movilidad-en-xochimilco\/#breadcrumb\"},\"inLanguage\":\"es\",\"potentialAction\":[{\"@type\":\"ReadAction\",\"target\":[\"https:\/\/www.sonoraenequipo.com.mx\/claudia-sheinbaum-plantea-regularizacion-de-predios-y-mas-movilidad-en-xochimilco\/\"]}]},{\"@type\":\"ImageObject\",\"inLanguage\":\"es\",\"@id\":\"https:\/\/www.sonoraenequipo.com.mx\/claudia-sheinbaum-plantea-regularizacion-de-predios-y-mas-movilidad-en-xochimilco\/#primaryimage\",\"url\":\"https:\/\/www.sonoraenequipo.com.mx\/storage\/2024\/04\/csp-xoch.jpg\",\"contentUrl\":\"https:\/\/www.sonoraenequipo.com.mx\/storage\/2024\/04\/csp-xoch.jpg\",\"width\":800,\"height\":537},{\"@type\":\"BreadcrumbList\",\"@id\":\"https:\/\/www.sonoraenequipo.com.mx\/claudia-sheinbaum-plantea-regularizacion-de-predios-y-mas-movilidad-en-xochimilco\/#breadcrumb\",\"itemListElement\":[{\"@type\":\"ListItem\",\"position\":1,\"name\":\"Portada\",\"item\":\"https:\/\/www.sonoraenequipo.com.mx\/\"},{\"@type\":\"ListItem\",\"position\":2,\"name\":\"Claudia Sheinbaum plantea regularizaci\u00f3n de predios y m\u00e1s movilidad en Xochimilco\u00a0\"}]},{\"@type\":\"WebSite\",\"@id\":\"https:\/\/www.sonoraenequipo.com.mx\/#website\",\"url\":\"https:\/\/www.sonoraenequipo.com.mx\/\",\"name\":\"Sonora en Equipo.\",\"description\":\"Diario en l\u00ednea con Noticias desde Hermosillo, Sonora\",\"publisher\":{\"@id\":\"https:\/\/www.sonoraenequipo.com.mx\/#organization\"},\"potentialAction\":[{\"@type\":\"SearchAction\",\"target\":{\"@type\":\"EntryPoint\",\"urlTemplate\":\"https:\/\/www.sonoraenequipo.com.mx\/?s={search_term_string}\"},\"query-input\":{\"@type\":\"PropertyValueSpecification\",\"valueRequired\":true,\"valueName\":\"search_term_string\"}}],\"inLanguage\":\"es\"},{\"@type\":\"Organization\",\"@id\":\"https:\/\/www.sonoraenequipo.com.mx\/#organization\",\"name\":\"Sonoraenequipo.com.mx\",\"url\":\"https:\/\/www.sonoraenequipo.com.mx\/\",\"logo\":{\"@type\":\"ImageObject\",\"inLanguage\":\"es\",\"@id\":\"https:\/\/www.sonoraenequipo.com.mx\/#\/schema\/logo\/image\/\",\"url\":\"https:\/\/www.sonoraenequipo.com.mx\/storage\/2019\/01\/sonoraenequipo_opt.png\",\"contentUrl\":\"https:\/\/www.sonoraenequipo.com.mx\/storage\/2019\/01\/sonoraenequipo_opt.png\",\"width\":375,\"height\":125,\"caption\":\"Sonoraenequipo.com.mx\"},\"image\":{\"@id\":\"https:\/\/www.sonoraenequipo.com.mx\/#\/schema\/logo\/image\/\"},\"sameAs\":[\"https:\/\/www.facebook.com\/SonoraEE\/\",\"https:\/\/x.com\/sonoraenequipo\",\"https:\/\/www.youtube.com\/channel\/UC338nW-lPEYmJQs4ZABQ1SQ\"]},{\"@type\":\"Person\",\"@id\":\"https:\/\/www.sonoraenequipo.com.mx\/#\/schema\/person\/50102df0fb23a8fa9e8effad8fa81386\",\"name\":\"enequipo\",\"image\":{\"@type\":\"ImageObject\",\"inLanguage\":\"es\",\"@id\":\"https:\/\/www.sonoraenequipo.com.mx\/#\/schema\/person\/image\/\",\"url\":\"https:\/\/secure.gravatar.com\/avatar\/049821681b589dabc0bc20695993ccebb09f5b5d4d790cd9251b97faac7c652b?s=96&d=blank&r=g\",\"contentUrl\":\"https:\/\/secure.gravatar.com\/avatar\/049821681b589dabc0bc20695993ccebb09f5b5d4d790cd9251b97faac7c652b?s=96&d=blank&r=g\",\"caption\":\"enequipo\"},\"sameAs\":[\"https:\/\/www.facebook.com\/SonoraEE\"]}]}<\/script>\n ","yoast_head_json":{"title":"Sonora en Equipo. Claudia Sheinbaum plantea regularizaci\u00f3n de predios y m\u00e1s movilidad en Xochimilco\u00a0 ELECCI\u00d3NES","description":"XOCHIMILCO, CIUDAD DE M\u00c9XICO,MX.\u02d7\u02d7\u02d7 Regularizaci\u00f3n de predios, ampliar las unidades para el Tren Ligero y la construcci\u00f3n un nueva l\u00ednea del Cableb\u00fas, son En Sonora en Equipo publicamos toda la informaci\u00f3n de Sonora, M\u00e9xico y el Mundo de manera oportuna y busca que la libertad de expresi\u00f3n sea real. Visita nuestro medio informativo publicado desde Hermosillo, Sonora. %","robots":{"index":"index","follow":"follow","max-snippet":"max-snippet:-1","max-image-preview":"max-image-preview:large","max-video-preview":"max-video-preview:-1"},"canonical":"https:\/\/www.sonoraenequipo.com.mx\/claudia-sheinbaum-plantea-regularizacion-de-predios-y-mas-movilidad-en-xochimilco\/","og_locale":"es_ES","og_type":"article","og_title":"Sonora en Equipo. Claudia Sheinbaum plantea regularizaci\u00f3n de predios y m\u00e1s movilidad en Xochimilco\u00a0 ELECCI\u00d3NES","og_description":"XOCHIMILCO, CIUDAD DE M\u00c9XICO,MX.\u02d7\u02d7\u02d7 Regularizaci\u00f3n de predios, ampliar las unidades para el Tren Ligero y la construcci\u00f3n un nueva l\u00ednea del Cableb\u00fas, son En Sonora en Equipo publicamos toda la informaci\u00f3n de Sonora, M\u00e9xico y el Mundo de manera oportuna y busca que la libertad de expresi\u00f3n sea real. Visita nuestro medio informativo publicado desde Hermosillo, Sonora. %","og_url":"https:\/\/www.sonoraenequipo.com.mx\/claudia-sheinbaum-plantea-regularizacion-de-predios-y-mas-movilidad-en-xochimilco\/","og_site_name":"Sonora en Equipo.","article_publisher":"https:\/\/www.facebook.com\/SonoraEE\/","article_author":"https:\/\/www.facebook.com\/SonoraEE","article_published_time":"2024-04-30T18:36:00+00:00","article_modified_time":"2024-04-30T23:39:53+00:00","og_image":[{"width":800,"height":537,"url":"https:\/\/www.sonoraenequipo.com.mx\/storage\/2024\/04\/csp-xoch.jpg","type":"image\/jpeg"}],"author":"enequipo","twitter_card":"summary_large_image","twitter_creator":"@sonoraenequipo","twitter_site":"@sonoraenequipo","twitter_misc":{"Escrito por":"enequipo","Tiempo de lectura":"2 minutos"},"schema":{"@context":"https:\/\/schema.org","@graph":[{"@type":"Article","@id":"https:\/\/www.sonoraenequipo.com.mx\/claudia-sheinbaum-plantea-regularizacion-de-predios-y-mas-movilidad-en-xochimilco\/#article","isPartOf":{"@id":"https:\/\/www.sonoraenequipo.com.mx\/claudia-sheinbaum-plantea-regularizacion-de-predios-y-mas-movilidad-en-xochimilco\/"},"author":{"name":"enequipo","@id":"https:\/\/www.sonoraenequipo.com.mx\/#\/schema\/person\/50102df0fb23a8fa9e8effad8fa81386"},"headline":"Claudia Sheinbaum plantea regularizaci\u00f3n de predios y m\u00e1s movilidad en Xochimilco\u00a0","datePublished":"2024-04-30T18:36:00+00:00","dateModified":"2024-04-30T23:39:53+00:00","mainEntityOfPage":{"@id":"https:\/\/www.sonoraenequipo.com.mx\/claudia-sheinbaum-plantea-regularizacion-de-predios-y-mas-movilidad-en-xochimilco\/"},"wordCount":381,"commentCount":0,"publisher":{"@id":"https:\/\/www.sonoraenequipo.com.mx\/#organization"},"image":{"@id":"https:\/\/www.sonoraenequipo.com.mx\/claudia-sheinbaum-plantea-regularizacion-de-predios-y-mas-movilidad-en-xochimilco\/#primaryimage"},"thumbnailUrl":"https:\/\/www.sonoraenequipo.com.mx\/storage\/2024\/04\/csp-xoch.jpg","keywords":["Claudia","Claudia Sheinbaum"],"articleSection":["ELECCI\u00d3NES"],"inLanguage":"es","potentialAction":[{"@type":"CommentAction","name":"Comment","target":["https:\/\/www.sonoraenequipo.com.mx\/claudia-sheinbaum-plantea-regularizacion-de-predios-y-mas-movilidad-en-xochimilco\/#respond"]}]},{"@type":"WebPage","@id":"https:\/\/www.sonoraenequipo.com.mx\/claudia-sheinbaum-plantea-regularizacion-de-predios-y-mas-movilidad-en-xochimilco\/","url":"https:\/\/www.sonoraenequipo.com.mx\/claudia-sheinbaum-plantea-regularizacion-de-predios-y-mas-movilidad-en-xochimilco\/","name":"Sonora en Equipo. Claudia Sheinbaum plantea regularizaci\u00f3n de predios y m\u00e1s movilidad en Xochimilco\u00a0 ELECCI\u00d3NES","isPartOf":{"@id":"https:\/\/www.sonoraenequipo.com.mx\/#website"},"primaryImageOfPage":{"@id":"https:\/\/www.sonoraenequipo.com.mx\/claudia-sheinbaum-plantea-regularizacion-de-predios-y-mas-movilidad-en-xochimilco\/#primaryimage"},"image":{"@id":"https:\/\/www.sonoraenequipo.com.mx\/claudia-sheinbaum-plantea-regularizacion-de-predios-y-mas-movilidad-en-xochimilco\/#primaryimage"},"thumbnailUrl":"https:\/\/www.sonoraenequipo.com.mx\/storage\/2024\/04\/csp-xoch.jpg","datePublished":"2024-04-30T18:36:00+00:00","dateModified":"2024-04-30T23:39:53+00:00","description":"XOCHIMILCO, CIUDAD DE M\u00c9XICO,MX.\u02d7\u02d7\u02d7 Regularizaci\u00f3n de predios, ampliar las unidades para el Tren Ligero y la construcci\u00f3n un nueva l\u00ednea del Cableb\u00fas, son En Sonora en Equipo publicamos toda la informaci\u00f3n de Sonora, M\u00e9xico y el Mundo de manera oportuna y busca que la libertad de expresi\u00f3n sea real. Visita nuestro medio informativo publicado desde Hermosillo, Sonora. %","breadcrumb":{"@id":"https:\/\/www.sonoraenequipo.com.mx\/claudia-sheinbaum-plantea-regularizacion-de-predios-y-mas-movilidad-en-xochimilco\/#breadcrumb"},"inLanguage":"es","potentialAction":[{"@type":"ReadAction","target":["https:\/\/www.sonoraenequipo.com.mx\/claudia-sheinbaum-plantea-regularizacion-de-predios-y-mas-movilidad-en-xochimilco\/"]}]},{"@type":"ImageObject","inLanguage":"es","@id":"https:\/\/www.sonoraenequipo.com.mx\/claudia-sheinbaum-plantea-regularizacion-de-predios-y-mas-movilidad-en-xochimilco\/#primaryimage","url":"https:\/\/www.sonoraenequipo.com.mx\/storage\/2024\/04\/csp-xoch.jpg","contentUrl":"https:\/\/www.sonoraenequipo.com.mx\/storage\/2024\/04\/csp-xoch.jpg","width":800,"height":537},{"@type":"BreadcrumbList","@id":"https:\/\/www.sonoraenequipo.com.mx\/claudia-sheinbaum-plantea-regularizacion-de-predios-y-mas-movilidad-en-xochimilco\/#breadcrumb","itemListElement":[{"@type":"ListItem","position":1,"name":"Portada","item":"https:\/\/www.sonoraenequipo.com.mx\/"},{"@type":"ListItem","position":2,"name":"Claudia Sheinbaum plantea regularizaci\u00f3n de predios y m\u00e1s movilidad en Xochimilco\u00a0"}]},{"@type":"WebSite","@id":"https:\/\/www.sonoraenequipo.com.mx\/#website","url":"https:\/\/www.sonoraenequipo.com.mx\/","name":"Sonora en Equipo.","description":"Diario en l\u00ednea con Noticias desde Hermosillo, Sonora","publisher":{"@id":"https:\/\/www.sonoraenequipo.com.mx\/#organization"},"potentialAction":[{"@type":"SearchAction","target":{"@type":"EntryPoint","urlTemplate":"https:\/\/www.sonoraenequipo.com.mx\/?s={search_term_string}"},"query-input":{"@type":"PropertyValueSpecification","valueRequired":true,"valueName":"search_term_string"}}],"inLanguage":"es"},{"@type":"Organization","@id":"https:\/\/www.sonoraenequipo.com.mx\/#organization","name":"Sonoraenequipo.com.mx","url":"https:\/\/www.sonoraenequipo.com.mx\/","logo":{"@type":"ImageObject","inLanguage":"es","@id":"https:\/\/www.sonoraenequipo.com.mx\/#\/schema\/logo\/image\/","url":"https:\/\/www.sonoraenequipo.com.mx\/storage\/2019\/01\/sonoraenequipo_opt.png","contentUrl":"https:\/\/www.sonoraenequipo.com.mx\/storage\/2019\/01\/sonoraenequipo_opt.png","width":375,"height":125,"caption":"Sonoraenequipo.com.mx"},"image":{"@id":"https:\/\/www.sonoraenequipo.com.mx\/#\/schema\/logo\/image\/"},"sameAs":["https:\/\/www.facebook.com\/SonoraEE\/","https:\/\/x.com\/sonoraenequipo","https:\/\/www.youtube.com\/channel\/UC338nW-lPEYmJQs4ZABQ1SQ"]},{"@type":"Person","@id":"https:\/\/www.sonoraenequipo.com.mx\/#\/schema\/person\/50102df0fb23a8fa9e8effad8fa81386","name":"enequipo","image":{"@type":"ImageObject","inLanguage":"es","@id":"https:\/\/www.sonoraenequipo.com.mx\/#\/schema\/person\/image\/","url":"https:\/\/secure.gravatar.com\/avatar\/049821681b589dabc0bc20695993ccebb09f5b5d4d790cd9251b97faac7c652b?s=96&d=blank&r=g","contentUrl":"https:\/\/secure.gravatar.com\/avatar\/049821681b589dabc0bc20695993ccebb09f5b5d4d790cd9251b97faac7c652b?s=96&d=blank&r=g","caption":"enequipo"},"sameAs":["https:\/\/www.facebook.com\/SonoraEE"]}]}},"jetpack_featured_media_url":"https:\/\/www.sonoraenequipo.com.mx\/storage\/2024\/04\/csp-xoch.jpg","_links":{"self":[{"href":"https:\/\/www.sonoraenequipo.com.mx\/api\/wp\/v2\/posts\/188758","targetHints":{"allow":["GET"]}}],"collection":[{"href":"https:\/\/www.sonoraenequipo.com.mx\/api\/wp\/v2\/posts"}],"about":[{"href":"https:\/\/www.sonoraenequipo.com.mx\/api\/wp\/v2\/types\/post"}],"author":[{"embeddable":true,"href":"https:\/\/www.sonoraenequipo.com.mx\/api\/wp\/v2\/users\/1"}],"replies":[{"embeddable":true,"href":"https:\/\/www.sonoraenequipo.com.mx\/api\/wp\/v2\/comments?post=188758"}],"version-history":[{"count":2,"href":"https:\/\/www.sonoraenequipo.com.mx\/api\/wp\/v2\/posts\/188758\/revisions"}],"predecessor-version":[{"id":188769,"href":"https:\/\/www.sonoraenequipo.com.mx\/api\/wp\/v2\/posts\/188758\/revisions\/188769"}],"wp:featuredmedia":[{"embeddable":true,"href":"https:\/\/www.sonoraenequipo.com.mx\/api\/wp\/v2\/media\/188759"}],"wp:attachment":[{"href":"https:\/\/www.sonoraenequipo.com.mx\/api\/wp\/v2\/media?parent=188758"}],"wp:term":[{"taxonomy":"category","embeddable":true,"href":"https:\/\/www.sonoraenequipo.com.mx\/api\/wp\/v2\/categories?post=188758"},{"taxonomy":"post_tag","embeddable":true,"href":"https:\/\/www.sonoraenequipo.com.mx\/api\/wp\/v2\/tags?post=188758"}],"curies":[{"name":"wp","href":"https:\/\/api.w.org\/{rel}","templated":true}]}}