{"id":188761,"date":"2024-04-30T15:03:45","date_gmt":"2024-04-30T22:03:45","guid":{"rendered":"https:\/\/www.sonoraenequipo.com.mx\/?p=188761"},"modified":"2024-04-30T15:03:45","modified_gmt":"2024-04-30T22:03:45","slug":"aprueba-congreso-de-sonora-protocolos-de-atencion-para-personas-con-discapacidad-en-oficinas-de-gobierno","status":"publish","type":"post","link":"https:\/\/www.sonoraenequipo.com.mx\/aprueba-congreso-de-sonora-protocolos-de-atencion-para-personas-con-discapacidad-en-oficinas-de-gobierno\/","title":{"rendered":"Aprueba Congreso de Sonora protocolos de atenci\u00f3n para personas con discapacidad en oficinas de gobierno"},"content":{"rendered":"<p>Resumen sesi\u00f3n 30 de abril de 2024<\/p>\n<p><strong>HERMOSILLO, SONORA, MX.\u02d7\u02d7\u02d7 <\/strong>1. Reforma que establece protocolos para garantizar un trato digno a personas con discapacidad<\/p>\n<p>&nbsp;<\/p>\n<ul>\n<li>La iniciativa, presentada por la Comisi\u00f3n de Atenci\u00f3n a Grupos Vulnerables de la Sociedad, establece protocolos de actuaci\u00f3n dentro de las instituciones gubernamentales, a efecto de garantizar un trato digno a personas con discapacidad por parte de personas servidoras p\u00fablicas.<\/li>\n<\/ul>\n<p>&nbsp;<\/p>\n<ul>\n<li>Tiene el objetivo de crear ambientes amigables que faciliten el ejercicio de los derechos humanos, especialmente los relacionados al acceso a la justicia, a la educaci\u00f3n y a la salud.<\/li>\n<\/ul>\n<p>&nbsp;<\/p>\n<ul>\n<li>En cuanto al derecho a la salud, define un protocolo especial para atenci\u00f3n, diagn\u00f3stico, clasificaci\u00f3n y certificaci\u00f3n de la discapacidad, as\u00ed como normas t\u00e9cnicas y programas necesarios para la pronta y correcta detecci\u00f3n, intervenci\u00f3n y atenci\u00f3n integral de la discapacidad.<\/li>\n<\/ul>\n<p>&nbsp;<\/p>\n<ul>\n<li>Reforma y adiciona las siguientes leyes:<\/li>\n<\/ul>\n<p>&nbsp;<\/p>\n<p>-Ley para la Inclusi\u00f3n y Desarrollo de las Personas con Discapacidad o Personas en Situaci\u00f3n de Discapacidad del Estado de Sonora<\/p>\n<p>-Ley de la Defensor\u00eda P\u00fablica<\/p>\n<p>-Ley de Atenci\u00f3n a V\u00edctimas para el Estado de Sonora<\/p>\n<p>-Ley Org\u00e1nica de la Fiscal\u00eda General de Justicia del Estado de Sonora<\/p>\n<p>-Ley Org\u00e1nica del Poder Judicial del Estado de Sonora<\/p>\n<p>-Ley de Salud para el Estado de Sonora<\/p>\n<p>-Ley de Educaci\u00f3n del Estado de Sonora<\/p>\n<p>-Ley de Cultura F\u00edsica y Deporte del Estado de Sonora<\/p>\n<p>-Ley de Fomento de La Cultura y Protecci\u00f3n del Patrimonio Cultural del Estado De Sonora<\/p>\n<p>-Ley Estatal de Turismo de Sonora<\/p>\n<p>&nbsp;<\/p>\n<ol start=\"2\">\n<li>Decreto para reformar la Ley de Salud y la Ley del Servicio Civil<\/li>\n<\/ol>\n<p>&nbsp;<\/p>\n<ul>\n<li>Las reformas buscan romper el silencio sobre la muerte gestacional, perinatal e infantil, y dar apoyo a familias que viven la p\u00e9rdida de hijas e hijos por medio de acompa\u00f1amiento profesional, humano y sensible, mediante un proceso sano de duelo.<\/li>\n<\/ul>\n<p>&nbsp;<\/p>\n<ul>\n<li>La muerte fetal se define como el fallecimiento del producto de la concepci\u00f3n, antes de su expulsi\u00f3n o su extracci\u00f3n completa del cuerpo de la madre, independientemente de la duraci\u00f3n del embarazo. Mientras que las defunciones en el periodo neonatal son aquellas que ocurren durante el nacimiento y hasta los 28 d\u00edas de vida.<\/li>\n<\/ul>\n<p>&nbsp;<\/p>\n<ul>\n<li>Las modificaciones a la Ley de Salud plantean que las instituciones de salud instauren protocolos para la atenci\u00f3n integral y multidisciplinaria de la muerte fetal y perinatal, a fin de garantizar el trato digno, el respeto y la protecci\u00f3n de los derechos humanos y el bienestar f\u00edsico, ps\u00edquico y emocional de las mujeres, as\u00ed como de las personas que las acompa\u00f1en.<\/li>\n<\/ul>\n<p>&nbsp;<\/p>\n<ul>\n<li>As\u00ed mismo, establecen la instalaci\u00f3n de salas de lactancia en centros de trabajo p\u00fablicos y privados, y la creaci\u00f3n de un banco de leche humana.<\/li>\n<\/ul>\n<p>&nbsp;<\/p>\n<ul>\n<li>Por otro lado, las reformas a la Ley del Servicio Civil disponen que las madres trabajadoras, cuyos hijos experimenten muerte natal o perinatal, tendr\u00e1n derecho a diez semanas de descanso.<\/li>\n<\/ul>\n<p>&nbsp;<\/p>\n<ul>\n<li>La propuesta, presentada por integrantes de la Comisi\u00f3n de Salud, fue socializada a trav\u00e9s de Parlamento Abierto con acompa\u00f1amiento de Claudia Figueroa Ibarra, jefa del departamento de Enfermer\u00eda de la Universidad de Sonora y la Asociaci\u00f3n Civil \u201cPadres en el Cielo\u201d.<\/li>\n<\/ul>\n<p>&nbsp;<\/p>\n<ol start=\"3\">\n<li>Dictamen de la Comisi\u00f3n de Vivienda, para establecer el 14 de noviembre de cada a\u00f1o como \u201cD\u00eda Estatal de las y los Profesionales Inmobiliarios\u201d<\/li>\n<\/ol>\n<p>&nbsp;<\/p>\n<ul>\n<li>Esta propuesta representa un reconocimiento a la importante labor de acompa\u00f1amiento que realizan a quienes desean adquirir un bien inmueble en el estado, as\u00ed como el papel de la Asociaci\u00f3n Mexicana de Profesionales Inmobiliarios, A.C. en los 68 a\u00f1os de su existencia, por la profesionalizaci\u00f3n del sector inmobiliario en M\u00e9xico.<\/li>\n<\/ul>\n<p>&nbsp;<\/p>\n<ol start=\"4\">\n<li>Posicionamientos sobre el papel del Poder Legislativo en el proceso electoral en Sonora y el estado democr\u00e1tico de Derecho, respecto al trabajo legislativo desarrollado en la 63 Legislatura y en favor de los sonorenses<\/li>\n<\/ol>\n<p>&nbsp;<\/p>\n<ol start=\"5\">\n<li>Decreto que clausura el segundo periodo de sesiones ordinarias del segundo a\u00f1o de ejercicio constitucional de la 63 Legislatura.<\/li>\n<\/ol>\n<p><strong>Fecha de publicaci\u00f3n<\/strong><strong> martes 30 de abril de 2024<\/strong><\/p>\n<p>&nbsp;<\/p>\n","protected":false},"excerpt":{"rendered":"<p>Resumen sesi\u00f3n 30 de abril de 2024 HERMOSILLO, SONORA, MX.\u02d7\u02d7\u02d7 1. Reforma que establece protocolos&#8230;<\/p>\n","protected":false},"author":1,"featured_media":187778,"comment_status":"open","ping_status":"open","sticky":false,"template":"","format":"standard","meta":{"_monsterinsights_skip_tracking":false,"_monsterinsights_sitenote_active":false,"_monsterinsights_sitenote_note":"","_monsterinsights_sitenote_category":0,"footnotes":""},"categories":[3281],"tags":[1259],"class_list":["post"],"yoast_head":" \n<title>Sonora en Equipo. Aprueba Congreso de Sonora protocolos de atenci\u00f3n para personas con discapacidad en oficinas de gobierno Congreso<\/title>\n<meta name=\"description\" content=\"Resumen sesi\u00f3n 30 de abril de 2024 HERMOSILLO, SONORA, MX.\u02d7\u02d7\u02d7 1. Reforma que establece protocolos para garantizar un trato digno a personas con En Sonora en Equipo publicamos toda la informaci\u00f3n de Sonora, M\u00e9xico y el Mundo de manera oportuna y busca que la libertad de expresi\u00f3n sea real. Visita nuestro medio informativo publicado desde Hermosillo, Sonora. %\" \/>\n<meta name=\"robots\" content=\"index, follow, max-snippet:-1, max-image-preview:large, max-video-preview:-1\" \/>\n<link rel=\"canonical\" href=\"https:\/\/www.sonoraenequipo.com.mx\/aprueba-congreso-de-sonora-protocolos-de-atencion-para-personas-con-discapacidad-en-oficinas-de-gobierno\/\" \/>\n<meta property=\"og:locale\" content=\"es_ES\" \/>\n<meta property=\"og:type\" content=\"article\" \/>\n<meta property=\"og:title\" content=\"Sonora en Equipo. Aprueba Congreso de Sonora protocolos de atenci\u00f3n para personas con discapacidad en oficinas de gobierno Congreso\" \/>\n<meta property=\"og:description\" content=\"Resumen sesi\u00f3n 30 de abril de 2024 HERMOSILLO, SONORA, MX.\u02d7\u02d7\u02d7 1. Reforma que establece protocolos para garantizar un trato digno a personas con En Sonora en Equipo publicamos toda la informaci\u00f3n de Sonora, M\u00e9xico y el Mundo de manera oportuna y busca que la libertad de expresi\u00f3n sea real. Visita nuestro medio informativo publicado desde Hermosillo, Sonora. %\" \/>\n<meta property=\"og:url\" content=\"https:\/\/www.sonoraenequipo.com.mx\/aprueba-congreso-de-sonora-protocolos-de-atencion-para-personas-con-discapacidad-en-oficinas-de-gobierno\/\" \/>\n<meta property=\"og:site_name\" content=\"Sonora en Equipo.\" \/>\n<meta property=\"article:publisher\" content=\"https:\/\/www.facebook.com\/SonoraEE\/\" \/>\n<meta property=\"article:author\" content=\"https:\/\/www.facebook.com\/SonoraEE\" \/>\n<meta property=\"article:published_time\" content=\"2024-04-30T22:03:45+00:00\" \/>\n<meta property=\"og:image\" content=\"https:\/\/www.sonoraenequipo.com.mx\/storage\/2024\/04\/congreso-licencias.jpg\" \/>\n\t<meta property=\"og:image:width\" content=\"900\" \/>\n\t<meta property=\"og:image:height\" content=\"504\" \/>\n\t<meta property=\"og:image:type\" content=\"image\/jpeg\" \/>\n<meta name=\"author\" content=\"enequipo\" \/>\n<meta name=\"twitter:card\" content=\"summary_large_image\" \/>\n<meta name=\"twitter:creator\" content=\"@sonoraenequipo\" \/>\n<meta name=\"twitter:site\" content=\"@sonoraenequipo\" \/>\n<meta name=\"twitter:label1\" content=\"Escrito por\" \/>\n\t<meta name=\"twitter:data1\" content=\"enequipo\" \/>\n\t<meta name=\"twitter:label2\" content=\"Tiempo de lectura\" \/>\n\t<meta name=\"twitter:data2\" content=\"4 minutos\" \/>\n<script type=\"application\/ld+json\" class=\"yoast-schema-graph\">{\"@context\":\"https:\/\/schema.org\",\"@graph\":[{\"@type\":\"Article\",\"@id\":\"https:\/\/www.sonoraenequipo.com.mx\/aprueba-congreso-de-sonora-protocolos-de-atencion-para-personas-con-discapacidad-en-oficinas-de-gobierno\/#article\",\"isPartOf\":{\"@id\":\"https:\/\/www.sonoraenequipo.com.mx\/aprueba-congreso-de-sonora-protocolos-de-atencion-para-personas-con-discapacidad-en-oficinas-de-gobierno\/\"},\"author\":{\"name\":\"enequipo\",\"@id\":\"https:\/\/www.sonoraenequipo.com.mx\/#\/schema\/person\/50102df0fb23a8fa9e8effad8fa81386\"},\"headline\":\"Aprueba Congreso de Sonora protocolos de atenci\u00f3n para personas con discapacidad en oficinas de gobierno\",\"datePublished\":\"2024-04-30T22:03:45+00:00\",\"mainEntityOfPage\":{\"@id\":\"https:\/\/www.sonoraenequipo.com.mx\/aprueba-congreso-de-sonora-protocolos-de-atencion-para-personas-con-discapacidad-en-oficinas-de-gobierno\/\"},\"wordCount\":725,\"commentCount\":0,\"publisher\":{\"@id\":\"https:\/\/www.sonoraenequipo.com.mx\/#organization\"},\"image\":{\"@id\":\"https:\/\/www.sonoraenequipo.com.mx\/aprueba-congreso-de-sonora-protocolos-de-atencion-para-personas-con-discapacidad-en-oficinas-de-gobierno\/#primaryimage\"},\"thumbnailUrl\":\"https:\/\/www.sonoraenequipo.com.mx\/storage\/2024\/04\/congreso-licencias.jpg\",\"keywords\":[\"CONGRESO DE SONORA\"],\"articleSection\":[\"Congreso\"],\"inLanguage\":\"es\",\"potentialAction\":[{\"@type\":\"CommentAction\",\"name\":\"Comment\",\"target\":[\"https:\/\/www.sonoraenequipo.com.mx\/aprueba-congreso-de-sonora-protocolos-de-atencion-para-personas-con-discapacidad-en-oficinas-de-gobierno\/#respond\"]}]},{\"@type\":\"WebPage\",\"@id\":\"https:\/\/www.sonoraenequipo.com.mx\/aprueba-congreso-de-sonora-protocolos-de-atencion-para-personas-con-discapacidad-en-oficinas-de-gobierno\/\",\"url\":\"https:\/\/www.sonoraenequipo.com.mx\/aprueba-congreso-de-sonora-protocolos-de-atencion-para-personas-con-discapacidad-en-oficinas-de-gobierno\/\",\"name\":\"Sonora en Equipo. Aprueba Congreso de Sonora protocolos de atenci\u00f3n para personas con discapacidad en oficinas de gobierno Congreso\",\"isPartOf\":{\"@id\":\"https:\/\/www.sonoraenequipo.com.mx\/#website\"},\"primaryImageOfPage\":{\"@id\":\"https:\/\/www.sonoraenequipo.com.mx\/aprueba-congreso-de-sonora-protocolos-de-atencion-para-personas-con-discapacidad-en-oficinas-de-gobierno\/#primaryimage\"},\"image\":{\"@id\":\"https:\/\/www.sonoraenequipo.com.mx\/aprueba-congreso-de-sonora-protocolos-de-atencion-para-personas-con-discapacidad-en-oficinas-de-gobierno\/#primaryimage\"},\"thumbnailUrl\":\"https:\/\/www.sonoraenequipo.com.mx\/storage\/2024\/04\/congreso-licencias.jpg\",\"datePublished\":\"2024-04-30T22:03:45+00:00\",\"description\":\"Resumen sesi\u00f3n 30 de abril de 2024 HERMOSILLO, SONORA, MX.\u02d7\u02d7\u02d7 1. Reforma que establece protocolos para garantizar un trato digno a personas con En Sonora en Equipo publicamos toda la informaci\u00f3n de Sonora, M\u00e9xico y el Mundo de manera oportuna y busca que la libertad de expresi\u00f3n sea real. Visita nuestro medio informativo publicado desde Hermosillo, Sonora. %\",\"breadcrumb\":{\"@id\":\"https:\/\/www.sonoraenequipo.com.mx\/aprueba-congreso-de-sonora-protocolos-de-atencion-para-personas-con-discapacidad-en-oficinas-de-gobierno\/#breadcrumb\"},\"inLanguage\":\"es\",\"potentialAction\":[{\"@type\":\"ReadAction\",\"target\":[\"https:\/\/www.sonoraenequipo.com.mx\/aprueba-congreso-de-sonora-protocolos-de-atencion-para-personas-con-discapacidad-en-oficinas-de-gobierno\/\"]}]},{\"@type\":\"ImageObject\",\"inLanguage\":\"es\",\"@id\":\"https:\/\/www.sonoraenequipo.com.mx\/aprueba-congreso-de-sonora-protocolos-de-atencion-para-personas-con-discapacidad-en-oficinas-de-gobierno\/#primaryimage\",\"url\":\"https:\/\/www.sonoraenequipo.com.mx\/storage\/2024\/04\/congreso-licencias.jpg\",\"contentUrl\":\"https:\/\/www.sonoraenequipo.com.mx\/storage\/2024\/04\/congreso-licencias.jpg\",\"width\":900,\"height\":504,\"caption\":\"archivo\"},{\"@type\":\"BreadcrumbList\",\"@id\":\"https:\/\/www.sonoraenequipo.com.mx\/aprueba-congreso-de-sonora-protocolos-de-atencion-para-personas-con-discapacidad-en-oficinas-de-gobierno\/#breadcrumb\",\"itemListElement\":[{\"@type\":\"ListItem\",\"position\":1,\"name\":\"Portada\",\"item\":\"https:\/\/www.sonoraenequipo.com.mx\/\"},{\"@type\":\"ListItem\",\"position\":2,\"name\":\"Aprueba Congreso de Sonora protocolos de atenci\u00f3n para personas con discapacidad en oficinas de gobierno\"}]},{\"@type\":\"WebSite\",\"@id\":\"https:\/\/www.sonoraenequipo.com.mx\/#website\",\"url\":\"https:\/\/www.sonoraenequipo.com.mx\/\",\"name\":\"Sonora en Equipo.\",\"description\":\"Diario en l\u00ednea con Noticias desde Hermosillo, Sonora\",\"publisher\":{\"@id\":\"https:\/\/www.sonoraenequipo.com.mx\/#organization\"},\"potentialAction\":[{\"@type\":\"SearchAction\",\"target\":{\"@type\":\"EntryPoint\",\"urlTemplate\":\"https:\/\/www.sonoraenequipo.com.mx\/?s={search_term_string}\"},\"query-input\":{\"@type\":\"PropertyValueSpecification\",\"valueRequired\":true,\"valueName\":\"search_term_string\"}}],\"inLanguage\":\"es\"},{\"@type\":\"Organization\",\"@id\":\"https:\/\/www.sonoraenequipo.com.mx\/#organization\",\"name\":\"Sonoraenequipo.com.mx\",\"url\":\"https:\/\/www.sonoraenequipo.com.mx\/\",\"logo\":{\"@type\":\"ImageObject\",\"inLanguage\":\"es\",\"@id\":\"https:\/\/www.sonoraenequipo.com.mx\/#\/schema\/logo\/image\/\",\"url\":\"https:\/\/www.sonoraenequipo.com.mx\/storage\/2019\/01\/sonoraenequipo_opt.png\",\"contentUrl\":\"https:\/\/www.sonoraenequipo.com.mx\/storage\/2019\/01\/sonoraenequipo_opt.png\",\"width\":375,\"height\":125,\"caption\":\"Sonoraenequipo.com.mx\"},\"image\":{\"@id\":\"https:\/\/www.sonoraenequipo.com.mx\/#\/schema\/logo\/image\/\"},\"sameAs\":[\"https:\/\/www.facebook.com\/SonoraEE\/\",\"https:\/\/x.com\/sonoraenequipo\",\"https:\/\/www.youtube.com\/channel\/UC338nW-lPEYmJQs4ZABQ1SQ\"]},{\"@type\":\"Person\",\"@id\":\"https:\/\/www.sonoraenequipo.com.mx\/#\/schema\/person\/50102df0fb23a8fa9e8effad8fa81386\",\"name\":\"enequipo\",\"image\":{\"@type\":\"ImageObject\",\"inLanguage\":\"es\",\"@id\":\"https:\/\/www.sonoraenequipo.com.mx\/#\/schema\/person\/image\/\",\"url\":\"https:\/\/secure.gravatar.com\/avatar\/049821681b589dabc0bc20695993ccebb09f5b5d4d790cd9251b97faac7c652b?s=96&d=blank&r=g\",\"contentUrl\":\"https:\/\/secure.gravatar.com\/avatar\/049821681b589dabc0bc20695993ccebb09f5b5d4d790cd9251b97faac7c652b?s=96&d=blank&r=g\",\"caption\":\"enequipo\"},\"sameAs\":[\"https:\/\/www.facebook.com\/SonoraEE\"]}]}<\/script>\n ","yoast_head_json":{"title":"Sonora en Equipo. Aprueba Congreso de Sonora protocolos de atenci\u00f3n para personas con discapacidad en oficinas de gobierno Congreso","description":"Resumen sesi\u00f3n 30 de abril de 2024 HERMOSILLO, SONORA, MX.\u02d7\u02d7\u02d7 1. Reforma que establece protocolos para garantizar un trato digno a personas con En Sonora en Equipo publicamos toda la informaci\u00f3n de Sonora, M\u00e9xico y el Mundo de manera oportuna y busca que la libertad de expresi\u00f3n sea real. Visita nuestro medio informativo publicado desde Hermosillo, Sonora. %","robots":{"index":"index","follow":"follow","max-snippet":"max-snippet:-1","max-image-preview":"max-image-preview:large","max-video-preview":"max-video-preview:-1"},"canonical":"https:\/\/www.sonoraenequipo.com.mx\/aprueba-congreso-de-sonora-protocolos-de-atencion-para-personas-con-discapacidad-en-oficinas-de-gobierno\/","og_locale":"es_ES","og_type":"article","og_title":"Sonora en Equipo. Aprueba Congreso de Sonora protocolos de atenci\u00f3n para personas con discapacidad en oficinas de gobierno Congreso","og_description":"Resumen sesi\u00f3n 30 de abril de 2024 HERMOSILLO, SONORA, MX.\u02d7\u02d7\u02d7 1. Reforma que establece protocolos para garantizar un trato digno a personas con En Sonora en Equipo publicamos toda la informaci\u00f3n de Sonora, M\u00e9xico y el Mundo de manera oportuna y busca que la libertad de expresi\u00f3n sea real. Visita nuestro medio informativo publicado desde Hermosillo, Sonora. %","og_url":"https:\/\/www.sonoraenequipo.com.mx\/aprueba-congreso-de-sonora-protocolos-de-atencion-para-personas-con-discapacidad-en-oficinas-de-gobierno\/","og_site_name":"Sonora en Equipo.","article_publisher":"https:\/\/www.facebook.com\/SonoraEE\/","article_author":"https:\/\/www.facebook.com\/SonoraEE","article_published_time":"2024-04-30T22:03:45+00:00","og_image":[{"width":900,"height":504,"url":"https:\/\/www.sonoraenequipo.com.mx\/storage\/2024\/04\/congreso-licencias.jpg","type":"image\/jpeg"}],"author":"enequipo","twitter_card":"summary_large_image","twitter_creator":"@sonoraenequipo","twitter_site":"@sonoraenequipo","twitter_misc":{"Escrito por":"enequipo","Tiempo de lectura":"4 minutos"},"schema":{"@context":"https:\/\/schema.org","@graph":[{"@type":"Article","@id":"https:\/\/www.sonoraenequipo.com.mx\/aprueba-congreso-de-sonora-protocolos-de-atencion-para-personas-con-discapacidad-en-oficinas-de-gobierno\/#article","isPartOf":{"@id":"https:\/\/www.sonoraenequipo.com.mx\/aprueba-congreso-de-sonora-protocolos-de-atencion-para-personas-con-discapacidad-en-oficinas-de-gobierno\/"},"author":{"name":"enequipo","@id":"https:\/\/www.sonoraenequipo.com.mx\/#\/schema\/person\/50102df0fb23a8fa9e8effad8fa81386"},"headline":"Aprueba Congreso de Sonora protocolos de atenci\u00f3n para personas con discapacidad en oficinas de gobierno","datePublished":"2024-04-30T22:03:45+00:00","mainEntityOfPage":{"@id":"https:\/\/www.sonoraenequipo.com.mx\/aprueba-congreso-de-sonora-protocolos-de-atencion-para-personas-con-discapacidad-en-oficinas-de-gobierno\/"},"wordCount":725,"commentCount":0,"publisher":{"@id":"https:\/\/www.sonoraenequipo.com.mx\/#organization"},"image":{"@id":"https:\/\/www.sonoraenequipo.com.mx\/aprueba-congreso-de-sonora-protocolos-de-atencion-para-personas-con-discapacidad-en-oficinas-de-gobierno\/#primaryimage"},"thumbnailUrl":"https:\/\/www.sonoraenequipo.com.mx\/storage\/2024\/04\/congreso-licencias.jpg","keywords":["CONGRESO DE SONORA"],"articleSection":["Congreso"],"inLanguage":"es","potentialAction":[{"@type":"CommentAction","name":"Comment","target":["https:\/\/www.sonoraenequipo.com.mx\/aprueba-congreso-de-sonora-protocolos-de-atencion-para-personas-con-discapacidad-en-oficinas-de-gobierno\/#respond"]}]},{"@type":"WebPage","@id":"https:\/\/www.sonoraenequipo.com.mx\/aprueba-congreso-de-sonora-protocolos-de-atencion-para-personas-con-discapacidad-en-oficinas-de-gobierno\/","url":"https:\/\/www.sonoraenequipo.com.mx\/aprueba-congreso-de-sonora-protocolos-de-atencion-para-personas-con-discapacidad-en-oficinas-de-gobierno\/","name":"Sonora en Equipo. Aprueba Congreso de Sonora protocolos de atenci\u00f3n para personas con discapacidad en oficinas de gobierno Congreso","isPartOf":{"@id":"https:\/\/www.sonoraenequipo.com.mx\/#website"},"primaryImageOfPage":{"@id":"https:\/\/www.sonoraenequipo.com.mx\/aprueba-congreso-de-sonora-protocolos-de-atencion-para-personas-con-discapacidad-en-oficinas-de-gobierno\/#primaryimage"},"image":{"@id":"https:\/\/www.sonoraenequipo.com.mx\/aprueba-congreso-de-sonora-protocolos-de-atencion-para-personas-con-discapacidad-en-oficinas-de-gobierno\/#primaryimage"},"thumbnailUrl":"https:\/\/www.sonoraenequipo.com.mx\/storage\/2024\/04\/congreso-licencias.jpg","datePublished":"2024-04-30T22:03:45+00:00","description":"Resumen sesi\u00f3n 30 de abril de 2024 HERMOSILLO, SONORA, MX.\u02d7\u02d7\u02d7 1. Reforma que establece protocolos para garantizar un trato digno a personas con En Sonora en Equipo publicamos toda la informaci\u00f3n de Sonora, M\u00e9xico y el Mundo de manera oportuna y busca que la libertad de expresi\u00f3n sea real. Visita nuestro medio informativo publicado desde Hermosillo, Sonora. %","breadcrumb":{"@id":"https:\/\/www.sonoraenequipo.com.mx\/aprueba-congreso-de-sonora-protocolos-de-atencion-para-personas-con-discapacidad-en-oficinas-de-gobierno\/#breadcrumb"},"inLanguage":"es","potentialAction":[{"@type":"ReadAction","target":["https:\/\/www.sonoraenequipo.com.mx\/aprueba-congreso-de-sonora-protocolos-de-atencion-para-personas-con-discapacidad-en-oficinas-de-gobierno\/"]}]},{"@type":"ImageObject","inLanguage":"es","@id":"https:\/\/www.sonoraenequipo.com.mx\/aprueba-congreso-de-sonora-protocolos-de-atencion-para-personas-con-discapacidad-en-oficinas-de-gobierno\/#primaryimage","url":"https:\/\/www.sonoraenequipo.com.mx\/storage\/2024\/04\/congreso-licencias.jpg","contentUrl":"https:\/\/www.sonoraenequipo.com.mx\/storage\/2024\/04\/congreso-licencias.jpg","width":900,"height":504,"caption":"archivo"},{"@type":"BreadcrumbList","@id":"https:\/\/www.sonoraenequipo.com.mx\/aprueba-congreso-de-sonora-protocolos-de-atencion-para-personas-con-discapacidad-en-oficinas-de-gobierno\/#breadcrumb","itemListElement":[{"@type":"ListItem","position":1,"name":"Portada","item":"https:\/\/www.sonoraenequipo.com.mx\/"},{"@type":"ListItem","position":2,"name":"Aprueba Congreso de Sonora protocolos de atenci\u00f3n para personas con discapacidad en oficinas de gobierno"}]},{"@type":"WebSite","@id":"https:\/\/www.sonoraenequipo.com.mx\/#website","url":"https:\/\/www.sonoraenequipo.com.mx\/","name":"Sonora en Equipo.","description":"Diario en l\u00ednea con Noticias desde Hermosillo, Sonora","publisher":{"@id":"https:\/\/www.sonoraenequipo.com.mx\/#organization"},"potentialAction":[{"@type":"SearchAction","target":{"@type":"EntryPoint","urlTemplate":"https:\/\/www.sonoraenequipo.com.mx\/?s={search_term_string}"},"query-input":{"@type":"PropertyValueSpecification","valueRequired":true,"valueName":"search_term_string"}}],"inLanguage":"es"},{"@type":"Organization","@id":"https:\/\/www.sonoraenequipo.com.mx\/#organization","name":"Sonoraenequipo.com.mx","url":"https:\/\/www.sonoraenequipo.com.mx\/","logo":{"@type":"ImageObject","inLanguage":"es","@id":"https:\/\/www.sonoraenequipo.com.mx\/#\/schema\/logo\/image\/","url":"https:\/\/www.sonoraenequipo.com.mx\/storage\/2019\/01\/sonoraenequipo_opt.png","contentUrl":"https:\/\/www.sonoraenequipo.com.mx\/storage\/2019\/01\/sonoraenequipo_opt.png","width":375,"height":125,"caption":"Sonoraenequipo.com.mx"},"image":{"@id":"https:\/\/www.sonoraenequipo.com.mx\/#\/schema\/logo\/image\/"},"sameAs":["https:\/\/www.facebook.com\/SonoraEE\/","https:\/\/x.com\/sonoraenequipo","https:\/\/www.youtube.com\/channel\/UC338nW-lPEYmJQs4ZABQ1SQ"]},{"@type":"Person","@id":"https:\/\/www.sonoraenequipo.com.mx\/#\/schema\/person\/50102df0fb23a8fa9e8effad8fa81386","name":"enequipo","image":{"@type":"ImageObject","inLanguage":"es","@id":"https:\/\/www.sonoraenequipo.com.mx\/#\/schema\/person\/image\/","url":"https:\/\/secure.gravatar.com\/avatar\/049821681b589dabc0bc20695993ccebb09f5b5d4d790cd9251b97faac7c652b?s=96&d=blank&r=g","contentUrl":"https:\/\/secure.gravatar.com\/avatar\/049821681b589dabc0bc20695993ccebb09f5b5d4d790cd9251b97faac7c652b?s=96&d=blank&r=g","caption":"enequipo"},"sameAs":["https:\/\/www.facebook.com\/SonoraEE"]}]}},"jetpack_featured_media_url":"https:\/\/www.sonoraenequipo.com.mx\/storage\/2024\/04\/congreso-licencias.jpg","_links":{"self":[{"href":"https:\/\/www.sonoraenequipo.com.mx\/api\/wp\/v2\/posts\/188761","targetHints":{"allow":["GET"]}}],"collection":[{"href":"https:\/\/www.sonoraenequipo.com.mx\/api\/wp\/v2\/posts"}],"about":[{"href":"https:\/\/www.sonoraenequipo.com.mx\/api\/wp\/v2\/types\/post"}],"author":[{"embeddable":true,"href":"https:\/\/www.sonoraenequipo.com.mx\/api\/wp\/v2\/users\/1"}],"replies":[{"embeddable":true,"href":"https:\/\/www.sonoraenequipo.com.mx\/api\/wp\/v2\/comments?post=188761"}],"version-history":[{"count":1,"href":"https:\/\/www.sonoraenequipo.com.mx\/api\/wp\/v2\/posts\/188761\/revisions"}],"predecessor-version":[{"id":188762,"href":"https:\/\/www.sonoraenequipo.com.mx\/api\/wp\/v2\/posts\/188761\/revisions\/188762"}],"wp:featuredmedia":[{"embeddable":true,"href":"https:\/\/www.sonoraenequipo.com.mx\/api\/wp\/v2\/media\/187778"}],"wp:attachment":[{"href":"https:\/\/www.sonoraenequipo.com.mx\/api\/wp\/v2\/media?parent=188761"}],"wp:term":[{"taxonomy":"category","embeddable":true,"href":"https:\/\/www.sonoraenequipo.com.mx\/api\/wp\/v2\/categories?post=188761"},{"taxonomy":"post_tag","embeddable":true,"href":"https:\/\/www.sonoraenequipo.com.mx\/api\/wp\/v2\/tags?post=188761"}],"curies":[{"name":"wp","href":"https:\/\/api.w.org\/{rel}","templated":true}]}}