{"id":188766,"date":"2024-04-30T15:48:47","date_gmt":"2024-04-30T22:48:47","guid":{"rendered":"https:\/\/www.sonoraenequipo.com.mx\/?p=188766"},"modified":"2024-04-30T15:48:47","modified_gmt":"2024-04-30T22:48:47","slug":"sere-garante-de-los-derechos-y-educacion-de-la-ninez-en-sonora-david-figueroa","status":"publish","type":"post","link":"https:\/\/www.sonoraenequipo.com.mx\/sere-garante-de-los-derechos-y-educacion-de-la-ninez-en-sonora-david-figueroa\/","title":{"rendered":"\u00abSer\u00e9 garante de los derechos y educaci\u00f3n de la ni\u00f1ez en Sonora\u00bb: David Figueroa"},"content":{"rendered":"<p><strong>HERMOSILLO, SONORA, MX.\u02d7\u02d7\u02d7 <\/strong>\u00abComo legislador, ser\u00e9 garante de los derechos y la educaci\u00f3n de la ni\u00f1ez en Sonora\u00bb destac\u00f3 David Figueroa Ortega.<\/p>\n<p>&nbsp;<\/p>\n<p>En el marco del \u00abD\u00eda del Ni\u00f1o\u00bb, el candidato a Diputado Local por el Distrito 06 Hermosillo, destac\u00f3 que \u00ablas ni\u00f1as, ni\u00f1os y adolescentes, tienen derecho a una vida plena y feliz\u00bb.<\/p>\n<p>&nbsp;<\/p>\n<p>Describi\u00f3 que \u00abnuestra ni\u00f1ez tiene derecho a una familia, un hogar libre de violencia, al acceso a la educaci\u00f3n, a los servicios de salud y al sano esparcimiento en Sonora\u00bb.<\/p>\n<p>&nbsp;<\/p>\n<p>Hoy, con el objetivo de evitar la deserci\u00f3n escolar, \u00abse deben fortalecer los programas de becas para las ni\u00f1as, ni\u00f1os y adolescentes de Sonora\u00bb.<\/p>\n<p>&nbsp;<\/p>\n<p>De manera puntual, \u00abbrindar accesibilidad educativa a la ni\u00f1ez y adolescencia con alguna discapacidad\u00bb.<\/p>\n<p>&nbsp;<\/p>\n<p>Hoy en d\u00eda, \u00abdesafortunadamente en algunos municipios inmersos en el abandono oficial y la marginaci\u00f3n, el trabajo infantil es una realidad que afecta el desarrollo y bienestar f\u00edsico, mental o moral\u00a0 de muchos ni\u00f1os, orillados a desyerbar y arar la tierra en los campos agr\u00edcolas\u00bb.<\/p>\n<p>&nbsp;<\/p>\n<p>Adem\u00e1s, esta situaci\u00f3n incentiva la deserci\u00f3n escolar ya que las obligaciones impuestas por asuntos econ\u00f3micos los obliga a tomar esa decisi\u00f3n.<\/p>\n<p>&nbsp;<\/p>\n<p>Resalt\u00f3 que \u00abla Encuesta Nacional de Trabajo Infantil (ENTI) 2022, publicada por el Instituto Nacional de Estad\u00edstica, Geograf\u00eda e Inform\u00e1tica (Inegi), revela que el 10.6 % de los menores sonorenses de 5 a 17 a\u00f1os, se vio en la necesidad de trabajar ese a\u00f1o y ya en el 2023, hab\u00eda 810 mil 201 ni\u00f1as, ni\u00f1os y adolescentes en Sonora\u00bb.<\/p>\n<p>&nbsp;<\/p>\n<p>Aqu\u00ed los resultados de la Encuesta Nacional de Trabajo Infantil (ENTI) 2022, <a href=\"https:\/\/www.inegi.org.mx\/contenidos\/saladeprensa\/boletines\/2023\/ENTI\/ENTI_23.pdf\">https:\/\/www.inegi.org.mx\/contenidos\/saladeprensa\/boletines\/2023\/ENTI\/ENTI_23.pdf<\/a><\/p>\n<p>&nbsp;<\/p>\n<p>Figueroa Ortega lament\u00f3 la dif\u00edcil situaci\u00f3n de los menores que ven sus derechos humanos vulnerados, \u00abrebasados por la necesidad de buscar el alimento en el campo, en el comercio y muchas ocasiones en la calle\u00bb.<\/p>\n<p>&nbsp;<\/p>\n<p>Apunt\u00f3 que como legislador \u00abser\u00e9 garante de los derechos de la ni\u00f1ez en Sonora\u00bb.<\/p>\n<p>&nbsp;<\/p>\n<p>En todo momento, dijo \u00abobservar\u00e9 la aplicaci\u00f3n y el cumplimiento de la Ley de los Derechos de Ni\u00f1as, Ni\u00f1os y Adolescentes del<\/p>\n<p>Estado de Sonora\u00bb.<\/p>\n<p>&nbsp;<\/p>\n<p>A 11 d\u00edas de iniciar sus pasos al Congreso, Figueroa Ortega activ\u00f3 recorridos en las colonias Reforma Norte, Las Torres y Santa Isabel.<\/p>\n<p>&nbsp;<\/p>\n<p>Adem\u00e1s, escuch\u00f3 las demandas ciudadanas y llev\u00f3 sus propuestas a la \u00abBenito Ju\u00e1rez\u00bb, Lomas de Madrid y Ley 57.<\/p>\n<p>&nbsp;<\/p>\n<p>Por la tarde, asisti\u00f3 a una reuni\u00f3n entre amigos en compa\u00f1\u00eda de Mar\u00eda Dolores del R\u00edo S\u00e1nchez, candidata a la Alcald\u00eda de Hermosillo.<\/p>\n<p>&nbsp;<\/p>\n<p>Llam\u00f3 una vez m\u00e1s al voto razonado el 2 de junio, \u00abpor nuestros ni\u00f1os, j\u00f3venes, adultos mayores, personas con discapacidad y por nuestras familias, lleg\u00f3 la hora de transformar juntos a Sonora\u00bb.<\/p>\n<p><strong>Fecha de publicaci\u00f3n<\/strong><strong> martes 30 de abril de 2024<\/strong><\/p>\n","protected":false},"excerpt":{"rendered":"<p>HERMOSILLO, SONORA, MX.\u02d7\u02d7\u02d7 \u00abComo legislador, ser\u00e9 garante de los derechos y la educaci\u00f3n de la&#8230;<\/p>\n","protected":false},"author":1,"featured_media":188767,"comment_status":"open","ping_status":"open","sticky":false,"template":"","format":"standard","meta":{"_monsterinsights_skip_tracking":false,"_monsterinsights_sitenote_active":false,"_monsterinsights_sitenote_note":"","_monsterinsights_sitenote_category":0,"footnotes":""},"categories":[9400],"tags":[9574],"class_list":["post"],"yoast_head":" \n<title>Sonora en Equipo. &quot;Ser\u00e9 garante de los derechos y educaci\u00f3n de la ni\u00f1ez en Sonora&quot;: David Figueroa ELECCI\u00d3NES<\/title>\n<meta name=\"description\" content=\"HERMOSILLO, SONORA, MX.\u02d7\u02d7\u02d7 &quot;Como legislador, ser\u00e9 garante de los derechos y la educaci\u00f3n de la ni\u00f1ez en Sonora&quot; destac\u00f3 David Figueroa Ortega. &nbsp; En En Sonora en Equipo publicamos toda la informaci\u00f3n de Sonora, M\u00e9xico y el Mundo de manera oportuna y busca que la libertad de expresi\u00f3n sea real. Visita nuestro medio informativo publicado desde Hermosillo, Sonora. %\" \/>\n<meta name=\"robots\" content=\"index, follow, max-snippet:-1, max-image-preview:large, max-video-preview:-1\" \/>\n<link rel=\"canonical\" href=\"https:\/\/www.sonoraenequipo.com.mx\/sere-garante-de-los-derechos-y-educacion-de-la-ninez-en-sonora-david-figueroa\/\" \/>\n<meta property=\"og:locale\" content=\"es_ES\" \/>\n<meta property=\"og:type\" content=\"article\" \/>\n<meta property=\"og:title\" content=\"Sonora en Equipo. &quot;Ser\u00e9 garante de los derechos y educaci\u00f3n de la ni\u00f1ez en Sonora&quot;: David Figueroa ELECCI\u00d3NES\" \/>\n<meta property=\"og:description\" content=\"HERMOSILLO, SONORA, MX.\u02d7\u02d7\u02d7 &quot;Como legislador, ser\u00e9 garante de los derechos y la educaci\u00f3n de la ni\u00f1ez en Sonora&quot; destac\u00f3 David Figueroa Ortega. &nbsp; En En Sonora en Equipo publicamos toda la informaci\u00f3n de Sonora, M\u00e9xico y el Mundo de manera oportuna y busca que la libertad de expresi\u00f3n sea real. Visita nuestro medio informativo publicado desde Hermosillo, Sonora. %\" \/>\n<meta property=\"og:url\" content=\"https:\/\/www.sonoraenequipo.com.mx\/sere-garante-de-los-derechos-y-educacion-de-la-ninez-en-sonora-david-figueroa\/\" \/>\n<meta property=\"og:site_name\" content=\"Sonora en Equipo.\" \/>\n<meta property=\"article:publisher\" content=\"https:\/\/www.facebook.com\/SonoraEE\/\" \/>\n<meta property=\"article:author\" content=\"https:\/\/www.facebook.com\/SonoraEE\" \/>\n<meta property=\"article:published_time\" content=\"2024-04-30T22:48:47+00:00\" \/>\n<meta property=\"og:image\" content=\"https:\/\/www.sonoraenequipo.com.mx\/storage\/2024\/04\/dfo-campana300424.jpg\" \/>\n\t<meta property=\"og:image:width\" content=\"800\" \/>\n\t<meta property=\"og:image:height\" content=\"600\" \/>\n\t<meta property=\"og:image:type\" content=\"image\/jpeg\" \/>\n<meta name=\"author\" content=\"enequipo\" \/>\n<meta name=\"twitter:card\" content=\"summary_large_image\" \/>\n<meta name=\"twitter:creator\" content=\"@sonoraenequipo\" \/>\n<meta name=\"twitter:site\" content=\"@sonoraenequipo\" \/>\n<meta name=\"twitter:label1\" content=\"Escrito por\" \/>\n\t<meta name=\"twitter:data1\" content=\"enequipo\" \/>\n\t<meta name=\"twitter:label2\" content=\"Tiempo de lectura\" \/>\n\t<meta name=\"twitter:data2\" content=\"2 minutos\" \/>\n<script type=\"application\/ld+json\" class=\"yoast-schema-graph\">{\"@context\":\"https:\/\/schema.org\",\"@graph\":[{\"@type\":\"Article\",\"@id\":\"https:\/\/www.sonoraenequipo.com.mx\/sere-garante-de-los-derechos-y-educacion-de-la-ninez-en-sonora-david-figueroa\/#article\",\"isPartOf\":{\"@id\":\"https:\/\/www.sonoraenequipo.com.mx\/sere-garante-de-los-derechos-y-educacion-de-la-ninez-en-sonora-david-figueroa\/\"},\"author\":{\"name\":\"enequipo\",\"@id\":\"https:\/\/www.sonoraenequipo.com.mx\/#\/schema\/person\/50102df0fb23a8fa9e8effad8fa81386\"},\"headline\":\"\u00abSer\u00e9 garante de los derechos y educaci\u00f3n de la ni\u00f1ez en Sonora\u00bb: David Figueroa\",\"datePublished\":\"2024-04-30T22:48:47+00:00\",\"mainEntityOfPage\":{\"@id\":\"https:\/\/www.sonoraenequipo.com.mx\/sere-garante-de-los-derechos-y-educacion-de-la-ninez-en-sonora-david-figueroa\/\"},\"wordCount\":515,\"commentCount\":0,\"publisher\":{\"@id\":\"https:\/\/www.sonoraenequipo.com.mx\/#organization\"},\"image\":{\"@id\":\"https:\/\/www.sonoraenequipo.com.mx\/sere-garante-de-los-derechos-y-educacion-de-la-ninez-en-sonora-david-figueroa\/#primaryimage\"},\"thumbnailUrl\":\"https:\/\/www.sonoraenequipo.com.mx\/storage\/2024\/04\/dfo-campana300424.jpg\",\"keywords\":[\"david figueroa\"],\"articleSection\":[\"ELECCI\u00d3NES\"],\"inLanguage\":\"es\",\"potentialAction\":[{\"@type\":\"CommentAction\",\"name\":\"Comment\",\"target\":[\"https:\/\/www.sonoraenequipo.com.mx\/sere-garante-de-los-derechos-y-educacion-de-la-ninez-en-sonora-david-figueroa\/#respond\"]}]},{\"@type\":\"WebPage\",\"@id\":\"https:\/\/www.sonoraenequipo.com.mx\/sere-garante-de-los-derechos-y-educacion-de-la-ninez-en-sonora-david-figueroa\/\",\"url\":\"https:\/\/www.sonoraenequipo.com.mx\/sere-garante-de-los-derechos-y-educacion-de-la-ninez-en-sonora-david-figueroa\/\",\"name\":\"Sonora en Equipo. \\\"Ser\u00e9 garante de los derechos y educaci\u00f3n de la ni\u00f1ez en Sonora\\\": David Figueroa ELECCI\u00d3NES\",\"isPartOf\":{\"@id\":\"https:\/\/www.sonoraenequipo.com.mx\/#website\"},\"primaryImageOfPage\":{\"@id\":\"https:\/\/www.sonoraenequipo.com.mx\/sere-garante-de-los-derechos-y-educacion-de-la-ninez-en-sonora-david-figueroa\/#primaryimage\"},\"image\":{\"@id\":\"https:\/\/www.sonoraenequipo.com.mx\/sere-garante-de-los-derechos-y-educacion-de-la-ninez-en-sonora-david-figueroa\/#primaryimage\"},\"thumbnailUrl\":\"https:\/\/www.sonoraenequipo.com.mx\/storage\/2024\/04\/dfo-campana300424.jpg\",\"datePublished\":\"2024-04-30T22:48:47+00:00\",\"description\":\"HERMOSILLO, SONORA, MX.\u02d7\u02d7\u02d7 \\\"Como legislador, ser\u00e9 garante de los derechos y la educaci\u00f3n de la ni\u00f1ez en Sonora\\\" destac\u00f3 David Figueroa Ortega. &nbsp; En En Sonora en Equipo publicamos toda la informaci\u00f3n de Sonora, M\u00e9xico y el Mundo de manera oportuna y busca que la libertad de expresi\u00f3n sea real. Visita nuestro medio informativo publicado desde Hermosillo, Sonora. %\",\"breadcrumb\":{\"@id\":\"https:\/\/www.sonoraenequipo.com.mx\/sere-garante-de-los-derechos-y-educacion-de-la-ninez-en-sonora-david-figueroa\/#breadcrumb\"},\"inLanguage\":\"es\",\"potentialAction\":[{\"@type\":\"ReadAction\",\"target\":[\"https:\/\/www.sonoraenequipo.com.mx\/sere-garante-de-los-derechos-y-educacion-de-la-ninez-en-sonora-david-figueroa\/\"]}]},{\"@type\":\"ImageObject\",\"inLanguage\":\"es\",\"@id\":\"https:\/\/www.sonoraenequipo.com.mx\/sere-garante-de-los-derechos-y-educacion-de-la-ninez-en-sonora-david-figueroa\/#primaryimage\",\"url\":\"https:\/\/www.sonoraenequipo.com.mx\/storage\/2024\/04\/dfo-campana300424.jpg\",\"contentUrl\":\"https:\/\/www.sonoraenequipo.com.mx\/storage\/2024\/04\/dfo-campana300424.jpg\",\"width\":800,\"height\":600},{\"@type\":\"BreadcrumbList\",\"@id\":\"https:\/\/www.sonoraenequipo.com.mx\/sere-garante-de-los-derechos-y-educacion-de-la-ninez-en-sonora-david-figueroa\/#breadcrumb\",\"itemListElement\":[{\"@type\":\"ListItem\",\"position\":1,\"name\":\"Portada\",\"item\":\"https:\/\/www.sonoraenequipo.com.mx\/\"},{\"@type\":\"ListItem\",\"position\":2,\"name\":\"\u00abSer\u00e9 garante de los derechos y educaci\u00f3n de la ni\u00f1ez en Sonora\u00bb: David Figueroa\"}]},{\"@type\":\"WebSite\",\"@id\":\"https:\/\/www.sonoraenequipo.com.mx\/#website\",\"url\":\"https:\/\/www.sonoraenequipo.com.mx\/\",\"name\":\"Sonora en Equipo.\",\"description\":\"Diario en l\u00ednea con Noticias desde Hermosillo, Sonora\",\"publisher\":{\"@id\":\"https:\/\/www.sonoraenequipo.com.mx\/#organization\"},\"potentialAction\":[{\"@type\":\"SearchAction\",\"target\":{\"@type\":\"EntryPoint\",\"urlTemplate\":\"https:\/\/www.sonoraenequipo.com.mx\/?s={search_term_string}\"},\"query-input\":{\"@type\":\"PropertyValueSpecification\",\"valueRequired\":true,\"valueName\":\"search_term_string\"}}],\"inLanguage\":\"es\"},{\"@type\":\"Organization\",\"@id\":\"https:\/\/www.sonoraenequipo.com.mx\/#organization\",\"name\":\"Sonoraenequipo.com.mx\",\"url\":\"https:\/\/www.sonoraenequipo.com.mx\/\",\"logo\":{\"@type\":\"ImageObject\",\"inLanguage\":\"es\",\"@id\":\"https:\/\/www.sonoraenequipo.com.mx\/#\/schema\/logo\/image\/\",\"url\":\"https:\/\/www.sonoraenequipo.com.mx\/storage\/2019\/01\/sonoraenequipo_opt.png\",\"contentUrl\":\"https:\/\/www.sonoraenequipo.com.mx\/storage\/2019\/01\/sonoraenequipo_opt.png\",\"width\":375,\"height\":125,\"caption\":\"Sonoraenequipo.com.mx\"},\"image\":{\"@id\":\"https:\/\/www.sonoraenequipo.com.mx\/#\/schema\/logo\/image\/\"},\"sameAs\":[\"https:\/\/www.facebook.com\/SonoraEE\/\",\"https:\/\/x.com\/sonoraenequipo\",\"https:\/\/www.youtube.com\/channel\/UC338nW-lPEYmJQs4ZABQ1SQ\"]},{\"@type\":\"Person\",\"@id\":\"https:\/\/www.sonoraenequipo.com.mx\/#\/schema\/person\/50102df0fb23a8fa9e8effad8fa81386\",\"name\":\"enequipo\",\"image\":{\"@type\":\"ImageObject\",\"inLanguage\":\"es\",\"@id\":\"https:\/\/www.sonoraenequipo.com.mx\/#\/schema\/person\/image\/\",\"url\":\"https:\/\/secure.gravatar.com\/avatar\/049821681b589dabc0bc20695993ccebb09f5b5d4d790cd9251b97faac7c652b?s=96&d=blank&r=g\",\"contentUrl\":\"https:\/\/secure.gravatar.com\/avatar\/049821681b589dabc0bc20695993ccebb09f5b5d4d790cd9251b97faac7c652b?s=96&d=blank&r=g\",\"caption\":\"enequipo\"},\"sameAs\":[\"https:\/\/www.facebook.com\/SonoraEE\"]}]}<\/script>\n ","yoast_head_json":{"title":"Sonora en Equipo. \"Ser\u00e9 garante de los derechos y educaci\u00f3n de la ni\u00f1ez en Sonora\": David Figueroa ELECCI\u00d3NES","description":"HERMOSILLO, SONORA, MX.\u02d7\u02d7\u02d7 \"Como legislador, ser\u00e9 garante de los derechos y la educaci\u00f3n de la ni\u00f1ez en Sonora\" destac\u00f3 David Figueroa Ortega. &nbsp; En En Sonora en Equipo publicamos toda la informaci\u00f3n de Sonora, M\u00e9xico y el Mundo de manera oportuna y busca que la libertad de expresi\u00f3n sea real. Visita nuestro medio informativo publicado desde Hermosillo, Sonora. %","robots":{"index":"index","follow":"follow","max-snippet":"max-snippet:-1","max-image-preview":"max-image-preview:large","max-video-preview":"max-video-preview:-1"},"canonical":"https:\/\/www.sonoraenequipo.com.mx\/sere-garante-de-los-derechos-y-educacion-de-la-ninez-en-sonora-david-figueroa\/","og_locale":"es_ES","og_type":"article","og_title":"Sonora en Equipo. \"Ser\u00e9 garante de los derechos y educaci\u00f3n de la ni\u00f1ez en Sonora\": David Figueroa ELECCI\u00d3NES","og_description":"HERMOSILLO, SONORA, MX.\u02d7\u02d7\u02d7 \"Como legislador, ser\u00e9 garante de los derechos y la educaci\u00f3n de la ni\u00f1ez en Sonora\" destac\u00f3 David Figueroa Ortega. &nbsp; En En Sonora en Equipo publicamos toda la informaci\u00f3n de Sonora, M\u00e9xico y el Mundo de manera oportuna y busca que la libertad de expresi\u00f3n sea real. Visita nuestro medio informativo publicado desde Hermosillo, Sonora. %","og_url":"https:\/\/www.sonoraenequipo.com.mx\/sere-garante-de-los-derechos-y-educacion-de-la-ninez-en-sonora-david-figueroa\/","og_site_name":"Sonora en Equipo.","article_publisher":"https:\/\/www.facebook.com\/SonoraEE\/","article_author":"https:\/\/www.facebook.com\/SonoraEE","article_published_time":"2024-04-30T22:48:47+00:00","og_image":[{"width":800,"height":600,"url":"https:\/\/www.sonoraenequipo.com.mx\/storage\/2024\/04\/dfo-campana300424.jpg","type":"image\/jpeg"}],"author":"enequipo","twitter_card":"summary_large_image","twitter_creator":"@sonoraenequipo","twitter_site":"@sonoraenequipo","twitter_misc":{"Escrito por":"enequipo","Tiempo de lectura":"2 minutos"},"schema":{"@context":"https:\/\/schema.org","@graph":[{"@type":"Article","@id":"https:\/\/www.sonoraenequipo.com.mx\/sere-garante-de-los-derechos-y-educacion-de-la-ninez-en-sonora-david-figueroa\/#article","isPartOf":{"@id":"https:\/\/www.sonoraenequipo.com.mx\/sere-garante-de-los-derechos-y-educacion-de-la-ninez-en-sonora-david-figueroa\/"},"author":{"name":"enequipo","@id":"https:\/\/www.sonoraenequipo.com.mx\/#\/schema\/person\/50102df0fb23a8fa9e8effad8fa81386"},"headline":"\u00abSer\u00e9 garante de los derechos y educaci\u00f3n de la ni\u00f1ez en Sonora\u00bb: David Figueroa","datePublished":"2024-04-30T22:48:47+00:00","mainEntityOfPage":{"@id":"https:\/\/www.sonoraenequipo.com.mx\/sere-garante-de-los-derechos-y-educacion-de-la-ninez-en-sonora-david-figueroa\/"},"wordCount":515,"commentCount":0,"publisher":{"@id":"https:\/\/www.sonoraenequipo.com.mx\/#organization"},"image":{"@id":"https:\/\/www.sonoraenequipo.com.mx\/sere-garante-de-los-derechos-y-educacion-de-la-ninez-en-sonora-david-figueroa\/#primaryimage"},"thumbnailUrl":"https:\/\/www.sonoraenequipo.com.mx\/storage\/2024\/04\/dfo-campana300424.jpg","keywords":["david figueroa"],"articleSection":["ELECCI\u00d3NES"],"inLanguage":"es","potentialAction":[{"@type":"CommentAction","name":"Comment","target":["https:\/\/www.sonoraenequipo.com.mx\/sere-garante-de-los-derechos-y-educacion-de-la-ninez-en-sonora-david-figueroa\/#respond"]}]},{"@type":"WebPage","@id":"https:\/\/www.sonoraenequipo.com.mx\/sere-garante-de-los-derechos-y-educacion-de-la-ninez-en-sonora-david-figueroa\/","url":"https:\/\/www.sonoraenequipo.com.mx\/sere-garante-de-los-derechos-y-educacion-de-la-ninez-en-sonora-david-figueroa\/","name":"Sonora en Equipo. \"Ser\u00e9 garante de los derechos y educaci\u00f3n de la ni\u00f1ez en Sonora\": David Figueroa ELECCI\u00d3NES","isPartOf":{"@id":"https:\/\/www.sonoraenequipo.com.mx\/#website"},"primaryImageOfPage":{"@id":"https:\/\/www.sonoraenequipo.com.mx\/sere-garante-de-los-derechos-y-educacion-de-la-ninez-en-sonora-david-figueroa\/#primaryimage"},"image":{"@id":"https:\/\/www.sonoraenequipo.com.mx\/sere-garante-de-los-derechos-y-educacion-de-la-ninez-en-sonora-david-figueroa\/#primaryimage"},"thumbnailUrl":"https:\/\/www.sonoraenequipo.com.mx\/storage\/2024\/04\/dfo-campana300424.jpg","datePublished":"2024-04-30T22:48:47+00:00","description":"HERMOSILLO, SONORA, MX.\u02d7\u02d7\u02d7 \"Como legislador, ser\u00e9 garante de los derechos y la educaci\u00f3n de la ni\u00f1ez en Sonora\" destac\u00f3 David Figueroa Ortega. &nbsp; En En Sonora en Equipo publicamos toda la informaci\u00f3n de Sonora, M\u00e9xico y el Mundo de manera oportuna y busca que la libertad de expresi\u00f3n sea real. Visita nuestro medio informativo publicado desde Hermosillo, Sonora. %","breadcrumb":{"@id":"https:\/\/www.sonoraenequipo.com.mx\/sere-garante-de-los-derechos-y-educacion-de-la-ninez-en-sonora-david-figueroa\/#breadcrumb"},"inLanguage":"es","potentialAction":[{"@type":"ReadAction","target":["https:\/\/www.sonoraenequipo.com.mx\/sere-garante-de-los-derechos-y-educacion-de-la-ninez-en-sonora-david-figueroa\/"]}]},{"@type":"ImageObject","inLanguage":"es","@id":"https:\/\/www.sonoraenequipo.com.mx\/sere-garante-de-los-derechos-y-educacion-de-la-ninez-en-sonora-david-figueroa\/#primaryimage","url":"https:\/\/www.sonoraenequipo.com.mx\/storage\/2024\/04\/dfo-campana300424.jpg","contentUrl":"https:\/\/www.sonoraenequipo.com.mx\/storage\/2024\/04\/dfo-campana300424.jpg","width":800,"height":600},{"@type":"BreadcrumbList","@id":"https:\/\/www.sonoraenequipo.com.mx\/sere-garante-de-los-derechos-y-educacion-de-la-ninez-en-sonora-david-figueroa\/#breadcrumb","itemListElement":[{"@type":"ListItem","position":1,"name":"Portada","item":"https:\/\/www.sonoraenequipo.com.mx\/"},{"@type":"ListItem","position":2,"name":"\u00abSer\u00e9 garante de los derechos y educaci\u00f3n de la ni\u00f1ez en Sonora\u00bb: David Figueroa"}]},{"@type":"WebSite","@id":"https:\/\/www.sonoraenequipo.com.mx\/#website","url":"https:\/\/www.sonoraenequipo.com.mx\/","name":"Sonora en Equipo.","description":"Diario en l\u00ednea con Noticias desde Hermosillo, Sonora","publisher":{"@id":"https:\/\/www.sonoraenequipo.com.mx\/#organization"},"potentialAction":[{"@type":"SearchAction","target":{"@type":"EntryPoint","urlTemplate":"https:\/\/www.sonoraenequipo.com.mx\/?s={search_term_string}"},"query-input":{"@type":"PropertyValueSpecification","valueRequired":true,"valueName":"search_term_string"}}],"inLanguage":"es"},{"@type":"Organization","@id":"https:\/\/www.sonoraenequipo.com.mx\/#organization","name":"Sonoraenequipo.com.mx","url":"https:\/\/www.sonoraenequipo.com.mx\/","logo":{"@type":"ImageObject","inLanguage":"es","@id":"https:\/\/www.sonoraenequipo.com.mx\/#\/schema\/logo\/image\/","url":"https:\/\/www.sonoraenequipo.com.mx\/storage\/2019\/01\/sonoraenequipo_opt.png","contentUrl":"https:\/\/www.sonoraenequipo.com.mx\/storage\/2019\/01\/sonoraenequipo_opt.png","width":375,"height":125,"caption":"Sonoraenequipo.com.mx"},"image":{"@id":"https:\/\/www.sonoraenequipo.com.mx\/#\/schema\/logo\/image\/"},"sameAs":["https:\/\/www.facebook.com\/SonoraEE\/","https:\/\/x.com\/sonoraenequipo","https:\/\/www.youtube.com\/channel\/UC338nW-lPEYmJQs4ZABQ1SQ"]},{"@type":"Person","@id":"https:\/\/www.sonoraenequipo.com.mx\/#\/schema\/person\/50102df0fb23a8fa9e8effad8fa81386","name":"enequipo","image":{"@type":"ImageObject","inLanguage":"es","@id":"https:\/\/www.sonoraenequipo.com.mx\/#\/schema\/person\/image\/","url":"https:\/\/secure.gravatar.com\/avatar\/049821681b589dabc0bc20695993ccebb09f5b5d4d790cd9251b97faac7c652b?s=96&d=blank&r=g","contentUrl":"https:\/\/secure.gravatar.com\/avatar\/049821681b589dabc0bc20695993ccebb09f5b5d4d790cd9251b97faac7c652b?s=96&d=blank&r=g","caption":"enequipo"},"sameAs":["https:\/\/www.facebook.com\/SonoraEE"]}]}},"jetpack_featured_media_url":"https:\/\/www.sonoraenequipo.com.mx\/storage\/2024\/04\/dfo-campana300424.jpg","_links":{"self":[{"href":"https:\/\/www.sonoraenequipo.com.mx\/api\/wp\/v2\/posts\/188766","targetHints":{"allow":["GET"]}}],"collection":[{"href":"https:\/\/www.sonoraenequipo.com.mx\/api\/wp\/v2\/posts"}],"about":[{"href":"https:\/\/www.sonoraenequipo.com.mx\/api\/wp\/v2\/types\/post"}],"author":[{"embeddable":true,"href":"https:\/\/www.sonoraenequipo.com.mx\/api\/wp\/v2\/users\/1"}],"replies":[{"embeddable":true,"href":"https:\/\/www.sonoraenequipo.com.mx\/api\/wp\/v2\/comments?post=188766"}],"version-history":[{"count":1,"href":"https:\/\/www.sonoraenequipo.com.mx\/api\/wp\/v2\/posts\/188766\/revisions"}],"predecessor-version":[{"id":188768,"href":"https:\/\/www.sonoraenequipo.com.mx\/api\/wp\/v2\/posts\/188766\/revisions\/188768"}],"wp:featuredmedia":[{"embeddable":true,"href":"https:\/\/www.sonoraenequipo.com.mx\/api\/wp\/v2\/media\/188767"}],"wp:attachment":[{"href":"https:\/\/www.sonoraenequipo.com.mx\/api\/wp\/v2\/media?parent=188766"}],"wp:term":[{"taxonomy":"category","embeddable":true,"href":"https:\/\/www.sonoraenequipo.com.mx\/api\/wp\/v2\/categories?post=188766"},{"taxonomy":"post_tag","embeddable":true,"href":"https:\/\/www.sonoraenequipo.com.mx\/api\/wp\/v2\/tags?post=188766"}],"curies":[{"name":"wp","href":"https:\/\/api.w.org\/{rel}","templated":true}]}}