{"id":188776,"date":"2024-04-24T12:10:25","date_gmt":"2024-04-24T19:10:25","guid":{"rendered":"https:\/\/www.sonoraenequipo.com.mx\/?p=188776"},"modified":"2024-04-30T17:02:33","modified_gmt":"2024-05-01T00:02:33","slug":"protestas-propalestinas-se-extienden-por-universidades-de-eeuu-tras-arrestos-masivos-en-columbia-2","status":"publish","type":"post","link":"https:\/\/www.sonoraenequipo.com.mx\/protestas-propalestinas-se-extienden-por-universidades-de-eeuu-tras-arrestos-masivos-en-columbia-2\/","title":{"rendered":"Protestas propalestinas se extienden por universidades de EEUU tras arrestos masivos en Columbia"},"content":{"rendered":"<p><strong>NUEVA YORK, ESTADOS UNIDOS. \u2014 <\/strong>\u00a0La Universidad de Columbia cancel\u00f3 las clases presenciales, decenas de manifestantes fueron detenidos en la Universidad de Nueva York y en Yale y el acceso a Harvard Yard fue cerrado al p\u00fablico el lunes mientras algunas de las universidades m\u00e1s prestigiosas de Estados Unidos intentan reducir las tensiones sus campus por la guerra de Israel contra Ham\u00e1s.<\/p>\n<p>&nbsp;<\/p>\n<p>&nbsp;<\/p>\n<p> <br \/>\nM\u00e1s de 100 manifestantes propalestinos que hab\u00edan acampado en los jardines del campus de Columbia fueron arrestados la semana pasada y en universidades de todo el pa\u00eds han aparecido campamentos similares, mientras las escuelas intentan trazar una l\u00ednea entre permitir la libertad de expresi\u00f3n y mantener un ambiente seguro e inclusivo.<\/p>\n<p>&nbsp;<\/p>\n<p>&nbsp;<\/p>\n<p>En la Universidad de Nueva York, el campamento levantado por los estudiantes se llen\u00f3 con cientos de manifestantes a lo largo del d\u00eda. La escuela dijo que advirti\u00f3 a los inconformes que deb\u00edan marcharse y luego llam\u00f3 a la polic\u00eda tras des\u00f3rdenes y reportes sobre <strong><em>\u201cc\u00e1nticos intimidatorios e incidentes antisemitas\u201d.<\/em> <\/strong>La polic\u00eda comenz\u00f3 a efectuar detenciones poco despu\u00e9s de las ocho y media de la tarde.<\/p>\n<p>&nbsp;<\/p>\n<p>&nbsp;<\/p>\n<p><em><strong>\u201cEs una represi\u00f3n realmente escandalosa por parte de la universidad permitir que la polic\u00eda detenga a estudiantes en nuestro propio campus\u201d,<\/strong><\/em> dijo Byul Yoon, estudiante de derecho.<\/p>\n<p>&nbsp;<\/p>\n<p>&nbsp;<\/p>\n<p><em><strong>\u201cEl antisemitismo nunca est\u00e1 bien. Eso no es en absoluto lo que defendemos y por eso hay tantos camaradas jud\u00edos aqu\u00ed con nosotros hoy\u201d,<\/strong><\/em> agreg\u00f3 Yoon.<\/p>\n<p>&nbsp;<\/p>\n<p>&nbsp;<\/p>\n<p>Las protestas han generado enfrentamientos entre estudiantes, en los que los propalestinos exigen que sus escuelas condenen la ofensiva de Israel en Gaza y se desvinculen de compa\u00f1\u00edas que venden armas a Israel. Por su parte, algunos estudiantes jud\u00edos aseguran que buena parte de las cr\u00edticas hacia Israel se han convertido en actos de antisemitismo que los hacen sentir inseguros y destacan que Ham\u00e1s a\u00fan tiene cautivas a algunas de las personas que tom\u00f3 como rehenes en su incursi\u00f3n del 7 de octubre en el sur de Israel.<\/p>\n<p>&nbsp;<\/p>\n<p>&nbsp;<\/p>\n<p>La tensi\u00f3n segu\u00eda siendo alta el lunes en la Universidad de Columbia, en la Ciudad de Nueva York, donde las puertas del campus estaban cerradas para toda persona que no contara con una identificaci\u00f3n de la instituci\u00f3n y donde surgieron manifestaciones dentro y fuera de las instalaciones.<\/p>\n<p>&nbsp;<\/p>\n<p>&nbsp;<\/p>\n<p>La representante federal dem\u00f3crata Kathy Manning, quien se encontraba de visita en el centro junto a otros tres legisladores jud\u00edos, dijo a la prensa despu\u00e9s de reunirse con estudiantes de la Asociaci\u00f3n de Estudiantes Jud\u00edos de Derecho que hab\u00eda un<em><strong> \u201cenorme campamento de personas\u201d<\/strong> <\/em>que ocupaba alrededor de una tercera parte de los jardines.<\/p>\n<p>&nbsp;<\/p>\n<p>&nbsp;<\/p>\n<p><em><strong>\u201cVimos pancartas que indicaban que Israel deb\u00eda ser destruido\u201d<\/strong><\/em>, dijo despu\u00e9s de salir del campus de Morningside Heights. Columbia anunci\u00f3 el lunes que las clases en ese campus ofrecer\u00e1n opciones virtuales siempre que sea posible alegando que su principal preocupaci\u00f3n es la seguridad.<\/p>\n<p>&nbsp;<\/p>\n<p>&nbsp;<\/p>\n<p>Una mujer dentro del campus encabez\u00f3 a una veintena de manifestantes hacia la calle con consignas de <em><strong>\u201c\u00a1Desde el r\u00edo hasta el mar, Palestina ser\u00e1 libre!\u201d,<\/strong><\/em> una frase que puede tener distintos significados entre diferentes grupos. Cerca de all\u00ed, hab\u00eda una peque\u00f1a contramanifestaci\u00f3n a favor de Israel.<\/p>\n<p>&nbsp;<\/p>\n<p>&nbsp;<\/p>\n<p>La rectora de Columbia, Minouche Shafik, dijo el lunes en una nota dirigida a la comunidad escolar que estaba<strong><em> \u201cprofundamente entristecida\u201d<\/em><\/strong> por lo que estaba sucediendo en el campus.<\/p>\n<p>&nbsp;<\/p>\n<p>&nbsp;<\/p>\n<p><em><strong>\u201cPara reducir el encono y darnos a todos la oportunidad de considerar los pr\u00f3ximos pasos, anuncio que todas las clases se llevar\u00e1n a cabo virtualmente el lunes\u201d<\/strong><\/em>, inform\u00f3 Shafik y agreg\u00f3 que los estudiantes que no vivan en el campus deber\u00e1n mantenerse alejados de las instalaciones.<\/p>\n<p>&nbsp;<\/p>\n<p>&nbsp;<\/p>\n<p>Las protestas han afectado a muchos campus universitarios desde el letal ataque de Ham\u00e1s sobre el sur de Israel, donde los milicianos asesinaron a unas 1.200 personas, en su mayor\u00eda civiles, y tomaron a otras 250 como rehenes. En la guerra posterior, Israel ha matado a m\u00e1s de 34.000 palestinos en la Franja de Gaza, seg\u00fan el ministerio de Salud local, cuyo conteo no distingue entre combatientes y civiles pero afirma que al menos dos terceras partes de los fallecidos eran mujeres y ni\u00f1os.<\/p>\n<p>&nbsp;<\/p>\n<p>&nbsp;<\/p>\n<p>En un mensaje de WhatsApp enviado a casi 300 estudiantes jud\u00edos el domingo, Elie Buechler, rabino de la Iniciativa de Aprendizaje Jud\u00edo de la Uni\u00f3n Ortodoxa en Columbia, les recomend\u00f3 marcharse a sus casas hasta que el campus fuese m\u00e1s seguro para ellos.<\/p>\n<p>&nbsp;<\/p>\n<p>&nbsp;<\/p>\n<p>Los \u00faltimos acontecimientos se produjeron antes del inicio de la Pascua jud\u00eda el lunes en la noche.<\/p>\n<p>&nbsp;<\/p>\n<p>&nbsp;<\/p>\n<p>Nicholas Baum, un estudiante jud\u00edo de primer a\u00f1o de 19 a\u00f1os que vive en un edificio del seminario teol\u00f3gico jud\u00edo, a dos manzanas del campus de Columbia, cont\u00f3 que durante el fin de semana los manifestantes<strong><em> \u201cped\u00edan que Ham\u00e1s volara Tel Aviv e Israel\u201d<\/em><\/strong> y apunt\u00f3 que algunos de los que gritaban insultos antisemitas no eran estudiantes.<\/p>\n<p>&nbsp;<\/p>\n<p>&nbsp;<\/p>\n<p><em><strong>\u201cLos jud\u00edos en Columbia tienen miedo. Es as\u00ed de sencillo\u201d,<\/strong> <\/em>dijo. \u201c<strong><em>Ha habido tanto vilipendio del sionismo, y se ha propagado al vilipendio del juda\u00edsmo\u201d.<\/em><\/strong><\/p>\n<p>&nbsp;<\/p>\n<p>&nbsp;<\/p>\n<p>El campamento de protesta se instal\u00f3 el mi\u00e9rcoles, el mismo d\u00eda en que Shafik fue criticada por los republicanos en una vista en el Congreso alegando que no hab\u00eda hecho suficiente para combatir el antisemitismo. Otros dos presidentes de instituciones de la Ivy League renunciaron hace meses tras sus testimonios, ampliamente criticados, ante el mismo comit\u00e9.<\/p>\n<p>&nbsp;<\/p>\n<p>&nbsp;<\/p>\n<p>En su comunicado el lunes, Shafik apunt\u00f3 que el conflicto en Oriente Medio es terrible y que entiende que muchos est\u00e9n experimentando una profunda angustia moral.<\/p>\n<p>&nbsp;<\/p>\n<p>&nbsp;<\/p>\n<p><em><strong>\u201cPero no podemos permitir que un grupo que dicte los t\u00e9rminos e intente perturbar hitos importantes como la graduaci\u00f3n para promover su punto de vista\u201d,<\/strong> <\/em>escribi\u00f3 Shafik.<\/p>\n<p>&nbsp;<\/p>\n<p>&nbsp;<\/p>\n<p>En los pr\u00f3ximos d\u00edas, un grupo de trabajo formado por decanos, administradores y profesores tratar\u00e1 de encontrar una soluci\u00f3n a la crisis en la universidad, apunt\u00f3 Shafik, que no indic\u00f3 cu\u00e1ndo se reanudar\u00e1n las clases presenciales.<\/p>\n<p>&nbsp;<\/p>\n<p>&nbsp;<\/p>\n<p>En Massachusetts, un cartel indicaba que Harvard Yard estaba cerrado al p\u00fablico el lunes y apuntaba que las estructuras \u2014 incluyendo tiendas y mesas \u2014 solo pod\u00edan entrar al recinto con autorizaci\u00f3n previa.<em><strong> \u201cLos estudiantes que violen estas pol\u00edticas est\u00e1n sujetos a medidas disciplinarias\u201d,<\/strong><\/em> apunt\u00f3 el cartel. Guardas de seguridad comprobaban los carn\u00e9s escolares de la gente.<\/p>\n<p>&nbsp;<\/p>\n<p>&nbsp;<\/p>\n<p>Tambi\u00e9n el lunes, el Comit\u00e9 de Solidad Palestina de Harvard report\u00f3 que la direcci\u00f3n de la universidad hab\u00eda suspendido el grupo. En la notificaci\u00f3n enviada a la organizaci\u00f3n estudiantil, el centro indic\u00f3 que su protesta del 19 de abril hab\u00eda violado la pol\u00edtica universitaria y que no hab\u00edan asistido a las formaciones requeridas tras haber sido advertidos anteriormente.<\/p>\n<p>&nbsp;<\/p>\n<p>&nbsp;<\/p>\n<p>El Comit\u00e9 explic\u00f3 en un comunicado que fue suspendido por tecnicismos y que la universidad no les proporcion\u00f3 una aclaraci\u00f3n por escrito sobre sus pol\u00edticas cuando lo solicitaron.<\/p>\n<p>&nbsp;<\/p>\n<p><em><strong>\u201cHarvard nos ha demostrado una y otra vez que Palestina sigue siendo la excepci\u00f3n a la libertad de expresi\u00f3n\u201d,<\/strong><\/em> afirm\u00f3 el colectivo en su nota.<\/p>\n<p>&nbsp;<\/p>\n<p>&nbsp;<\/p>\n<p>Harvard no respondi\u00f3 a una solicitud de comentarios por correo electr\u00f3nico.<\/p>\n<p>&nbsp;<\/p>\n<p>&nbsp;<\/p>\n<p>En Yale, la polic\u00eda detuvo a unos 45 manifestantes y los acus\u00f3 de un delito menor de allanamiento, dijo el agente Christian Bruckhart, vocero de la polic\u00eda de New Haven. Todos quedaron en libertad, pero deber\u00e1n comparecer m\u00e1s tarde ante un tribunal, a\u00f1adi\u00f3.<\/p>\n<p>&nbsp;<\/p>\n<p>&nbsp;<\/p>\n<p>Prahlad Iyengar, estudiante de posgrado en ingenier\u00eda el\u00e9ctrica en el MIT, formaba parte de la veintena de estudiantes que instal\u00f3 un campamento en el campus de Cambridge, Massachusetts, la noche del domingo. Piden un cese del fuego y protestan por lo que describen como la complicidad del MIT con el <em><strong>\u201cactual genocidio en Gaza\u201d<\/strong><\/em>, puntualiz\u00f3.<\/p>\n<p>&nbsp;<\/p>\n<p>&nbsp;<\/p>\n<p><strong><em>\u201cEl MIT ni siquiera ha pedido un cese del fuego, y desde luego que esa es una de nuestras demandas<\/em><\/strong>\u201d, declar\u00f3 Iyengar.<\/p>\n<p>&nbsp;<\/p>\n<p>&nbsp;<\/p>\n<p><strong>___<\/strong><\/p>\n<h4><strong>Perry inform\u00f3 desde Meredith, Nueva Hampshire, y Collins desde Hartford, Connecticut. Los periodistas de The Associated Press Steve LeBlanc en Boston y Susan Haigh en Hartford contribuyeron a este despacho.<\/strong><\/h4>\n<p>&nbsp;<\/p>\n<p>PUBLICADO EL 22 DE ABRIL DE 2024\/ Con informaci\u00f3n de NICK PERRY, MICHELLE L. PRICE y DAVE COLLINS\/AP)<\/p>\n","protected":false},"excerpt":{"rendered":"<p>NUEVA YORK, ESTADOS UNIDOS. \u2014 \u00a0La Universidad de Columbia cancel\u00f3 las clases presenciales, decenas de&#8230;<\/p>\n","protected":false},"author":1,"featured_media":188750,"comment_status":"open","ping_status":"open","sticky":false,"template":"","format":"standard","meta":{"_monsterinsights_skip_tracking":false,"_monsterinsights_sitenote_active":false,"_monsterinsights_sitenote_note":"","_monsterinsights_sitenote_category":0,"footnotes":""},"categories":[3],"tags":[],"class_list":["post"],"yoast_head":" \n<title>Sonora en Equipo. Protestas propalestinas se extienden por universidades de EEUU tras arrestos masivos en Columbia MUNDO<\/title>\n<meta name=\"description\" content=\"NUEVA YORK, ESTADOS UNIDOS. \u2014 \u00a0La Universidad de Columbia cancel\u00f3 las clases presenciales, decenas de manifestantes fueron detenidos en la Universidad de En Sonora en Equipo publicamos toda la informaci\u00f3n de Sonora, M\u00e9xico y el Mundo de manera oportuna y busca que la libertad de expresi\u00f3n sea real. Visita nuestro medio informativo publicado desde Hermosillo, Sonora. %\" \/>\n<meta name=\"robots\" content=\"index, follow, max-snippet:-1, max-image-preview:large, max-video-preview:-1\" \/>\n<link rel=\"canonical\" href=\"https:\/\/www.sonoraenequipo.com.mx\/protestas-propalestinas-se-extienden-por-universidades-de-eeuu-tras-arrestos-masivos-en-columbia-2\/\" \/>\n<meta property=\"og:locale\" content=\"es_ES\" \/>\n<meta property=\"og:type\" content=\"article\" \/>\n<meta property=\"og:title\" content=\"Sonora en Equipo. Protestas propalestinas se extienden por universidades de EEUU tras arrestos masivos en Columbia MUNDO\" \/>\n<meta property=\"og:description\" content=\"NUEVA YORK, ESTADOS UNIDOS. \u2014 \u00a0La Universidad de Columbia cancel\u00f3 las clases presenciales, decenas de manifestantes fueron detenidos en la Universidad de En Sonora en Equipo publicamos toda la informaci\u00f3n de Sonora, M\u00e9xico y el Mundo de manera oportuna y busca que la libertad de expresi\u00f3n sea real. Visita nuestro medio informativo publicado desde Hermosillo, Sonora. %\" \/>\n<meta property=\"og:url\" content=\"https:\/\/www.sonoraenequipo.com.mx\/protestas-propalestinas-se-extienden-por-universidades-de-eeuu-tras-arrestos-masivos-en-columbia-2\/\" \/>\n<meta property=\"og:site_name\" content=\"Sonora en Equipo.\" \/>\n<meta property=\"article:publisher\" content=\"https:\/\/www.facebook.com\/SonoraEE\/\" \/>\n<meta property=\"article:author\" content=\"https:\/\/www.facebook.com\/SonoraEE\" \/>\n<meta property=\"article:published_time\" content=\"2024-04-24T19:10:25+00:00\" \/>\n<meta property=\"article:modified_time\" content=\"2024-05-01T00:02:33+00:00\" \/>\n<meta property=\"og:image\" content=\"https:\/\/www.sonoraenequipo.com.mx\/storage\/2024\/04\/universidad-columbia-suspendera-alumnos-x-marcha-min.jpg\" \/>\n\t<meta property=\"og:image:width\" content=\"900\" \/>\n\t<meta property=\"og:image:height\" content=\"472\" \/>\n\t<meta property=\"og:image:type\" content=\"image\/jpeg\" \/>\n<meta name=\"author\" content=\"enequipo\" \/>\n<meta name=\"twitter:card\" content=\"summary_large_image\" \/>\n<meta name=\"twitter:creator\" content=\"@sonoraenequipo\" \/>\n<meta name=\"twitter:site\" content=\"@sonoraenequipo\" \/>\n<meta name=\"twitter:label1\" content=\"Escrito por\" \/>\n\t<meta name=\"twitter:data1\" content=\"enequipo\" \/>\n\t<meta name=\"twitter:label2\" content=\"Tiempo de lectura\" \/>\n\t<meta name=\"twitter:data2\" content=\"7 minutos\" \/>\n<script type=\"application\/ld+json\" class=\"yoast-schema-graph\">{\"@context\":\"https:\/\/schema.org\",\"@graph\":[{\"@type\":\"Article\",\"@id\":\"https:\/\/www.sonoraenequipo.com.mx\/protestas-propalestinas-se-extienden-por-universidades-de-eeuu-tras-arrestos-masivos-en-columbia-2\/#article\",\"isPartOf\":{\"@id\":\"https:\/\/www.sonoraenequipo.com.mx\/protestas-propalestinas-se-extienden-por-universidades-de-eeuu-tras-arrestos-masivos-en-columbia-2\/\"},\"author\":{\"name\":\"enequipo\",\"@id\":\"https:\/\/www.sonoraenequipo.com.mx\/#\/schema\/person\/50102df0fb23a8fa9e8effad8fa81386\"},\"headline\":\"Protestas propalestinas se extienden por universidades de EEUU tras arrestos masivos en Columbia\",\"datePublished\":\"2024-04-24T19:10:25+00:00\",\"dateModified\":\"2024-05-01T00:02:33+00:00\",\"mainEntityOfPage\":{\"@id\":\"https:\/\/www.sonoraenequipo.com.mx\/protestas-propalestinas-se-extienden-por-universidades-de-eeuu-tras-arrestos-masivos-en-columbia-2\/\"},\"wordCount\":1464,\"commentCount\":0,\"publisher\":{\"@id\":\"https:\/\/www.sonoraenequipo.com.mx\/#organization\"},\"image\":{\"@id\":\"https:\/\/www.sonoraenequipo.com.mx\/protestas-propalestinas-se-extienden-por-universidades-de-eeuu-tras-arrestos-masivos-en-columbia-2\/#primaryimage\"},\"thumbnailUrl\":\"https:\/\/www.sonoraenequipo.com.mx\/storage\/2024\/04\/universidad-columbia-suspendera-alumnos-x-marcha-min.jpg\",\"articleSection\":[\"MUNDO\"],\"inLanguage\":\"es\",\"potentialAction\":[{\"@type\":\"CommentAction\",\"name\":\"Comment\",\"target\":[\"https:\/\/www.sonoraenequipo.com.mx\/protestas-propalestinas-se-extienden-por-universidades-de-eeuu-tras-arrestos-masivos-en-columbia-2\/#respond\"]}]},{\"@type\":\"WebPage\",\"@id\":\"https:\/\/www.sonoraenequipo.com.mx\/protestas-propalestinas-se-extienden-por-universidades-de-eeuu-tras-arrestos-masivos-en-columbia-2\/\",\"url\":\"https:\/\/www.sonoraenequipo.com.mx\/protestas-propalestinas-se-extienden-por-universidades-de-eeuu-tras-arrestos-masivos-en-columbia-2\/\",\"name\":\"Sonora en Equipo. Protestas propalestinas se extienden por universidades de EEUU tras arrestos masivos en Columbia MUNDO\",\"isPartOf\":{\"@id\":\"https:\/\/www.sonoraenequipo.com.mx\/#website\"},\"primaryImageOfPage\":{\"@id\":\"https:\/\/www.sonoraenequipo.com.mx\/protestas-propalestinas-se-extienden-por-universidades-de-eeuu-tras-arrestos-masivos-en-columbia-2\/#primaryimage\"},\"image\":{\"@id\":\"https:\/\/www.sonoraenequipo.com.mx\/protestas-propalestinas-se-extienden-por-universidades-de-eeuu-tras-arrestos-masivos-en-columbia-2\/#primaryimage\"},\"thumbnailUrl\":\"https:\/\/www.sonoraenequipo.com.mx\/storage\/2024\/04\/universidad-columbia-suspendera-alumnos-x-marcha-min.jpg\",\"datePublished\":\"2024-04-24T19:10:25+00:00\",\"dateModified\":\"2024-05-01T00:02:33+00:00\",\"description\":\"NUEVA YORK, ESTADOS UNIDOS. \u2014 \u00a0La Universidad de Columbia cancel\u00f3 las clases presenciales, decenas de manifestantes fueron detenidos en la Universidad de En Sonora en Equipo publicamos toda la informaci\u00f3n de Sonora, M\u00e9xico y el Mundo de manera oportuna y busca que la libertad de expresi\u00f3n sea real. Visita nuestro medio informativo publicado desde Hermosillo, Sonora. %\",\"breadcrumb\":{\"@id\":\"https:\/\/www.sonoraenequipo.com.mx\/protestas-propalestinas-se-extienden-por-universidades-de-eeuu-tras-arrestos-masivos-en-columbia-2\/#breadcrumb\"},\"inLanguage\":\"es\",\"potentialAction\":[{\"@type\":\"ReadAction\",\"target\":[\"https:\/\/www.sonoraenequipo.com.mx\/protestas-propalestinas-se-extienden-por-universidades-de-eeuu-tras-arrestos-masivos-en-columbia-2\/\"]}]},{\"@type\":\"ImageObject\",\"inLanguage\":\"es\",\"@id\":\"https:\/\/www.sonoraenequipo.com.mx\/protestas-propalestinas-se-extienden-por-universidades-de-eeuu-tras-arrestos-masivos-en-columbia-2\/#primaryimage\",\"url\":\"https:\/\/www.sonoraenequipo.com.mx\/storage\/2024\/04\/universidad-columbia-suspendera-alumnos-x-marcha-min.jpg\",\"contentUrl\":\"https:\/\/www.sonoraenequipo.com.mx\/storage\/2024\/04\/universidad-columbia-suspendera-alumnos-x-marcha-min.jpg\",\"width\":900,\"height\":472},{\"@type\":\"BreadcrumbList\",\"@id\":\"https:\/\/www.sonoraenequipo.com.mx\/protestas-propalestinas-se-extienden-por-universidades-de-eeuu-tras-arrestos-masivos-en-columbia-2\/#breadcrumb\",\"itemListElement\":[{\"@type\":\"ListItem\",\"position\":1,\"name\":\"Portada\",\"item\":\"https:\/\/www.sonoraenequipo.com.mx\/\"},{\"@type\":\"ListItem\",\"position\":2,\"name\":\"Protestas propalestinas se extienden por universidades de EEUU tras arrestos masivos en Columbia\"}]},{\"@type\":\"WebSite\",\"@id\":\"https:\/\/www.sonoraenequipo.com.mx\/#website\",\"url\":\"https:\/\/www.sonoraenequipo.com.mx\/\",\"name\":\"Sonora en Equipo.\",\"description\":\"Diario en l\u00ednea con Noticias desde Hermosillo, Sonora\",\"publisher\":{\"@id\":\"https:\/\/www.sonoraenequipo.com.mx\/#organization\"},\"potentialAction\":[{\"@type\":\"SearchAction\",\"target\":{\"@type\":\"EntryPoint\",\"urlTemplate\":\"https:\/\/www.sonoraenequipo.com.mx\/?s={search_term_string}\"},\"query-input\":{\"@type\":\"PropertyValueSpecification\",\"valueRequired\":true,\"valueName\":\"search_term_string\"}}],\"inLanguage\":\"es\"},{\"@type\":\"Organization\",\"@id\":\"https:\/\/www.sonoraenequipo.com.mx\/#organization\",\"name\":\"Sonoraenequipo.com.mx\",\"url\":\"https:\/\/www.sonoraenequipo.com.mx\/\",\"logo\":{\"@type\":\"ImageObject\",\"inLanguage\":\"es\",\"@id\":\"https:\/\/www.sonoraenequipo.com.mx\/#\/schema\/logo\/image\/\",\"url\":\"https:\/\/www.sonoraenequipo.com.mx\/storage\/2019\/01\/sonoraenequipo_opt.png\",\"contentUrl\":\"https:\/\/www.sonoraenequipo.com.mx\/storage\/2019\/01\/sonoraenequipo_opt.png\",\"width\":375,\"height\":125,\"caption\":\"Sonoraenequipo.com.mx\"},\"image\":{\"@id\":\"https:\/\/www.sonoraenequipo.com.mx\/#\/schema\/logo\/image\/\"},\"sameAs\":[\"https:\/\/www.facebook.com\/SonoraEE\/\",\"https:\/\/x.com\/sonoraenequipo\",\"https:\/\/www.youtube.com\/channel\/UC338nW-lPEYmJQs4ZABQ1SQ\"]},{\"@type\":\"Person\",\"@id\":\"https:\/\/www.sonoraenequipo.com.mx\/#\/schema\/person\/50102df0fb23a8fa9e8effad8fa81386\",\"name\":\"enequipo\",\"image\":{\"@type\":\"ImageObject\",\"inLanguage\":\"es\",\"@id\":\"https:\/\/www.sonoraenequipo.com.mx\/#\/schema\/person\/image\/\",\"url\":\"https:\/\/secure.gravatar.com\/avatar\/049821681b589dabc0bc20695993ccebb09f5b5d4d790cd9251b97faac7c652b?s=96&d=blank&r=g\",\"contentUrl\":\"https:\/\/secure.gravatar.com\/avatar\/049821681b589dabc0bc20695993ccebb09f5b5d4d790cd9251b97faac7c652b?s=96&d=blank&r=g\",\"caption\":\"enequipo\"},\"sameAs\":[\"https:\/\/www.facebook.com\/SonoraEE\"]}]}<\/script>\n ","yoast_head_json":{"title":"Sonora en Equipo. Protestas propalestinas se extienden por universidades de EEUU tras arrestos masivos en Columbia MUNDO","description":"NUEVA YORK, ESTADOS UNIDOS. \u2014 \u00a0La Universidad de Columbia cancel\u00f3 las clases presenciales, decenas de manifestantes fueron detenidos en la Universidad de En Sonora en Equipo publicamos toda la informaci\u00f3n de Sonora, M\u00e9xico y el Mundo de manera oportuna y busca que la libertad de expresi\u00f3n sea real. Visita nuestro medio informativo publicado desde Hermosillo, Sonora. %","robots":{"index":"index","follow":"follow","max-snippet":"max-snippet:-1","max-image-preview":"max-image-preview:large","max-video-preview":"max-video-preview:-1"},"canonical":"https:\/\/www.sonoraenequipo.com.mx\/protestas-propalestinas-se-extienden-por-universidades-de-eeuu-tras-arrestos-masivos-en-columbia-2\/","og_locale":"es_ES","og_type":"article","og_title":"Sonora en Equipo. Protestas propalestinas se extienden por universidades de EEUU tras arrestos masivos en Columbia MUNDO","og_description":"NUEVA YORK, ESTADOS UNIDOS. \u2014 \u00a0La Universidad de Columbia cancel\u00f3 las clases presenciales, decenas de manifestantes fueron detenidos en la Universidad de En Sonora en Equipo publicamos toda la informaci\u00f3n de Sonora, M\u00e9xico y el Mundo de manera oportuna y busca que la libertad de expresi\u00f3n sea real. Visita nuestro medio informativo publicado desde Hermosillo, Sonora. %","og_url":"https:\/\/www.sonoraenequipo.com.mx\/protestas-propalestinas-se-extienden-por-universidades-de-eeuu-tras-arrestos-masivos-en-columbia-2\/","og_site_name":"Sonora en Equipo.","article_publisher":"https:\/\/www.facebook.com\/SonoraEE\/","article_author":"https:\/\/www.facebook.com\/SonoraEE","article_published_time":"2024-04-24T19:10:25+00:00","article_modified_time":"2024-05-01T00:02:33+00:00","og_image":[{"width":900,"height":472,"url":"https:\/\/www.sonoraenequipo.com.mx\/storage\/2024\/04\/universidad-columbia-suspendera-alumnos-x-marcha-min.jpg","type":"image\/jpeg"}],"author":"enequipo","twitter_card":"summary_large_image","twitter_creator":"@sonoraenequipo","twitter_site":"@sonoraenequipo","twitter_misc":{"Escrito por":"enequipo","Tiempo de lectura":"7 minutos"},"schema":{"@context":"https:\/\/schema.org","@graph":[{"@type":"Article","@id":"https:\/\/www.sonoraenequipo.com.mx\/protestas-propalestinas-se-extienden-por-universidades-de-eeuu-tras-arrestos-masivos-en-columbia-2\/#article","isPartOf":{"@id":"https:\/\/www.sonoraenequipo.com.mx\/protestas-propalestinas-se-extienden-por-universidades-de-eeuu-tras-arrestos-masivos-en-columbia-2\/"},"author":{"name":"enequipo","@id":"https:\/\/www.sonoraenequipo.com.mx\/#\/schema\/person\/50102df0fb23a8fa9e8effad8fa81386"},"headline":"Protestas propalestinas se extienden por universidades de EEUU tras arrestos masivos en Columbia","datePublished":"2024-04-24T19:10:25+00:00","dateModified":"2024-05-01T00:02:33+00:00","mainEntityOfPage":{"@id":"https:\/\/www.sonoraenequipo.com.mx\/protestas-propalestinas-se-extienden-por-universidades-de-eeuu-tras-arrestos-masivos-en-columbia-2\/"},"wordCount":1464,"commentCount":0,"publisher":{"@id":"https:\/\/www.sonoraenequipo.com.mx\/#organization"},"image":{"@id":"https:\/\/www.sonoraenequipo.com.mx\/protestas-propalestinas-se-extienden-por-universidades-de-eeuu-tras-arrestos-masivos-en-columbia-2\/#primaryimage"},"thumbnailUrl":"https:\/\/www.sonoraenequipo.com.mx\/storage\/2024\/04\/universidad-columbia-suspendera-alumnos-x-marcha-min.jpg","articleSection":["MUNDO"],"inLanguage":"es","potentialAction":[{"@type":"CommentAction","name":"Comment","target":["https:\/\/www.sonoraenequipo.com.mx\/protestas-propalestinas-se-extienden-por-universidades-de-eeuu-tras-arrestos-masivos-en-columbia-2\/#respond"]}]},{"@type":"WebPage","@id":"https:\/\/www.sonoraenequipo.com.mx\/protestas-propalestinas-se-extienden-por-universidades-de-eeuu-tras-arrestos-masivos-en-columbia-2\/","url":"https:\/\/www.sonoraenequipo.com.mx\/protestas-propalestinas-se-extienden-por-universidades-de-eeuu-tras-arrestos-masivos-en-columbia-2\/","name":"Sonora en Equipo. Protestas propalestinas se extienden por universidades de EEUU tras arrestos masivos en Columbia MUNDO","isPartOf":{"@id":"https:\/\/www.sonoraenequipo.com.mx\/#website"},"primaryImageOfPage":{"@id":"https:\/\/www.sonoraenequipo.com.mx\/protestas-propalestinas-se-extienden-por-universidades-de-eeuu-tras-arrestos-masivos-en-columbia-2\/#primaryimage"},"image":{"@id":"https:\/\/www.sonoraenequipo.com.mx\/protestas-propalestinas-se-extienden-por-universidades-de-eeuu-tras-arrestos-masivos-en-columbia-2\/#primaryimage"},"thumbnailUrl":"https:\/\/www.sonoraenequipo.com.mx\/storage\/2024\/04\/universidad-columbia-suspendera-alumnos-x-marcha-min.jpg","datePublished":"2024-04-24T19:10:25+00:00","dateModified":"2024-05-01T00:02:33+00:00","description":"NUEVA YORK, ESTADOS UNIDOS. \u2014 \u00a0La Universidad de Columbia cancel\u00f3 las clases presenciales, decenas de manifestantes fueron detenidos en la Universidad de En Sonora en Equipo publicamos toda la informaci\u00f3n de Sonora, M\u00e9xico y el Mundo de manera oportuna y busca que la libertad de expresi\u00f3n sea real. Visita nuestro medio informativo publicado desde Hermosillo, Sonora. %","breadcrumb":{"@id":"https:\/\/www.sonoraenequipo.com.mx\/protestas-propalestinas-se-extienden-por-universidades-de-eeuu-tras-arrestos-masivos-en-columbia-2\/#breadcrumb"},"inLanguage":"es","potentialAction":[{"@type":"ReadAction","target":["https:\/\/www.sonoraenequipo.com.mx\/protestas-propalestinas-se-extienden-por-universidades-de-eeuu-tras-arrestos-masivos-en-columbia-2\/"]}]},{"@type":"ImageObject","inLanguage":"es","@id":"https:\/\/www.sonoraenequipo.com.mx\/protestas-propalestinas-se-extienden-por-universidades-de-eeuu-tras-arrestos-masivos-en-columbia-2\/#primaryimage","url":"https:\/\/www.sonoraenequipo.com.mx\/storage\/2024\/04\/universidad-columbia-suspendera-alumnos-x-marcha-min.jpg","contentUrl":"https:\/\/www.sonoraenequipo.com.mx\/storage\/2024\/04\/universidad-columbia-suspendera-alumnos-x-marcha-min.jpg","width":900,"height":472},{"@type":"BreadcrumbList","@id":"https:\/\/www.sonoraenequipo.com.mx\/protestas-propalestinas-se-extienden-por-universidades-de-eeuu-tras-arrestos-masivos-en-columbia-2\/#breadcrumb","itemListElement":[{"@type":"ListItem","position":1,"name":"Portada","item":"https:\/\/www.sonoraenequipo.com.mx\/"},{"@type":"ListItem","position":2,"name":"Protestas propalestinas se extienden por universidades de EEUU tras arrestos masivos en Columbia"}]},{"@type":"WebSite","@id":"https:\/\/www.sonoraenequipo.com.mx\/#website","url":"https:\/\/www.sonoraenequipo.com.mx\/","name":"Sonora en Equipo.","description":"Diario en l\u00ednea con Noticias desde Hermosillo, Sonora","publisher":{"@id":"https:\/\/www.sonoraenequipo.com.mx\/#organization"},"potentialAction":[{"@type":"SearchAction","target":{"@type":"EntryPoint","urlTemplate":"https:\/\/www.sonoraenequipo.com.mx\/?s={search_term_string}"},"query-input":{"@type":"PropertyValueSpecification","valueRequired":true,"valueName":"search_term_string"}}],"inLanguage":"es"},{"@type":"Organization","@id":"https:\/\/www.sonoraenequipo.com.mx\/#organization","name":"Sonoraenequipo.com.mx","url":"https:\/\/www.sonoraenequipo.com.mx\/","logo":{"@type":"ImageObject","inLanguage":"es","@id":"https:\/\/www.sonoraenequipo.com.mx\/#\/schema\/logo\/image\/","url":"https:\/\/www.sonoraenequipo.com.mx\/storage\/2019\/01\/sonoraenequipo_opt.png","contentUrl":"https:\/\/www.sonoraenequipo.com.mx\/storage\/2019\/01\/sonoraenequipo_opt.png","width":375,"height":125,"caption":"Sonoraenequipo.com.mx"},"image":{"@id":"https:\/\/www.sonoraenequipo.com.mx\/#\/schema\/logo\/image\/"},"sameAs":["https:\/\/www.facebook.com\/SonoraEE\/","https:\/\/x.com\/sonoraenequipo","https:\/\/www.youtube.com\/channel\/UC338nW-lPEYmJQs4ZABQ1SQ"]},{"@type":"Person","@id":"https:\/\/www.sonoraenequipo.com.mx\/#\/schema\/person\/50102df0fb23a8fa9e8effad8fa81386","name":"enequipo","image":{"@type":"ImageObject","inLanguage":"es","@id":"https:\/\/www.sonoraenequipo.com.mx\/#\/schema\/person\/image\/","url":"https:\/\/secure.gravatar.com\/avatar\/049821681b589dabc0bc20695993ccebb09f5b5d4d790cd9251b97faac7c652b?s=96&d=blank&r=g","contentUrl":"https:\/\/secure.gravatar.com\/avatar\/049821681b589dabc0bc20695993ccebb09f5b5d4d790cd9251b97faac7c652b?s=96&d=blank&r=g","caption":"enequipo"},"sameAs":["https:\/\/www.facebook.com\/SonoraEE"]}]}},"jetpack_featured_media_url":"https:\/\/www.sonoraenequipo.com.mx\/storage\/2024\/04\/universidad-columbia-suspendera-alumnos-x-marcha-min.jpg","_links":{"self":[{"href":"https:\/\/www.sonoraenequipo.com.mx\/api\/wp\/v2\/posts\/188776","targetHints":{"allow":["GET"]}}],"collection":[{"href":"https:\/\/www.sonoraenequipo.com.mx\/api\/wp\/v2\/posts"}],"about":[{"href":"https:\/\/www.sonoraenequipo.com.mx\/api\/wp\/v2\/types\/post"}],"author":[{"embeddable":true,"href":"https:\/\/www.sonoraenequipo.com.mx\/api\/wp\/v2\/users\/1"}],"replies":[{"embeddable":true,"href":"https:\/\/www.sonoraenequipo.com.mx\/api\/wp\/v2\/comments?post=188776"}],"version-history":[{"count":1,"href":"https:\/\/www.sonoraenequipo.com.mx\/api\/wp\/v2\/posts\/188776\/revisions"}],"predecessor-version":[{"id":188779,"href":"https:\/\/www.sonoraenequipo.com.mx\/api\/wp\/v2\/posts\/188776\/revisions\/188779"}],"wp:featuredmedia":[{"embeddable":true,"href":"https:\/\/www.sonoraenequipo.com.mx\/api\/wp\/v2\/media\/188750"}],"wp:attachment":[{"href":"https:\/\/www.sonoraenequipo.com.mx\/api\/wp\/v2\/media?parent=188776"}],"wp:term":[{"taxonomy":"category","embeddable":true,"href":"https:\/\/www.sonoraenequipo.com.mx\/api\/wp\/v2\/categories?post=188776"},{"taxonomy":"post_tag","embeddable":true,"href":"https:\/\/www.sonoraenequipo.com.mx\/api\/wp\/v2\/tags?post=188776"}],"curies":[{"name":"wp","href":"https:\/\/api.w.org\/{rel}","templated":true}]}}