{"id":188803,"date":"2024-04-29T22:26:00","date_gmt":"2024-04-30T05:26:00","guid":{"rendered":"https:\/\/www.sonoraenequipo.com.mx\/?p=188803"},"modified":"2024-04-30T22:27:11","modified_gmt":"2024-05-01T05:27:11","slug":"reciben-a-xochitl-con-porras-a-favor-de-sheinbaum-en-mercado-de-cdmx","status":"publish","type":"post","link":"https:\/\/www.sonoraenequipo.com.mx\/reciben-a-xochitl-con-porras-a-favor-de-sheinbaum-en-mercado-de-cdmx\/","title":{"rendered":"\u00a0Reciben a X\u00f3chitl con porras a favor de Sheinbaum en mercado de CDMX"},"content":{"rendered":"<p><strong>CIUDAD DE M\u00c9XICO. MX. \u2014<\/strong> X\u00f3chitl G\u00e1lvez, candidata presidencial de la coalici\u00f3n \u00abFuerza y Coraz\u00f3n por M\u00e9xico\u00bb, conformada por la alianza PAN-PRI-PRD, visit\u00f3 el Mercado Argentina en la alcald\u00eda Miguel Hidalgo, demarcaci\u00f3n que ella gobern\u00f3 hace unos a\u00f1os. Lo que parec\u00eda ser una visita rutinaria se convirti\u00f3 en un momento pol\u00e9mico que ha dado mucho de qu\u00e9 hablar en las redes sociales.<\/p>\n<p>&nbsp;<\/p>\n<p> <\/p>\n<p>En un video que circula en plataformas digitales como Tik Tok, se puede ver a X\u00f3chitl G\u00e1lvez recorriendo los pasillos del mercado, saludando a los comerciantes y tom\u00e1ndose fotos con algunas personas. Sin embargo, de fondo se escuchan gritos de \u00ab\u00a1fuera, fuera!\u00bb y c\u00e1nticos a favor de Claudia Sheinbaum, exjefa de gobierno de la Ciudad de M\u00e9xico.<\/p>\n<p>&nbsp;<\/p>\n<p>&nbsp;<\/p>\n<p>En el mismo video que circula en redes sociales, se puede observar c\u00f3mo una persona arroja un lim\u00f3n a la candidata, un acto que ha sido reprobado por diversos usuarios en l\u00ednea. Mientras que algunos incluso se burlaron de la situaci\u00f3n, calificando el incidente como un <strong><em>\u00ablimonazo\u00bb<\/em><\/strong> para la aspirante presidencial.<\/p>\n<p>&nbsp;<\/p>\n<p><em><strong>\u201cDicen que en el momento en que recibi\u00f3 el limonazo, el lim\u00f3n hizo gestos\u201d, \u201cYo voy a votar por Claudia, pero eso de pegarle con la manzana no est\u00e1 bien\u201d<\/strong><\/em>,<em><strong> \u201cIndependientemente de a qui\u00e9n votamos, no se vale que le avienten cosas a los candidatos\u201d,<\/strong><\/em> son algunos de los comentarios que se realizaron en redes sociales.<\/p>\n<p>&nbsp;<\/p>\n<p>&nbsp;<\/p>\n<p>&nbsp;<\/p>\n<p>Hasta el momento, ni X\u00f3chitl G\u00e1lvez ni su equipo se han pronunciado respecto al video en el que le avientan un lim\u00f3n a la candidata de Fuerza y Coraz\u00f3n por M\u00e9xico. Sin embargo, el clip ya fue replicado en varias redes sociales.<\/p>\n<p>&nbsp;<\/p>\n<p>&nbsp;<\/p>\n<p>A pesar de las muestras de rechazo en el video, X\u00f3chitl G\u00e1lvez destac\u00f3 en su cuenta de X que fue recibida con \u00abmuestras de apoyo y cari\u00f1o\u00bb por parte de los presentes en el mercado y comparti\u00f3 un par de fotograf\u00edas de su visita.<\/p>\n<blockquote class=\"twitter-tweet\" data-width=\"550\" data-dnt=\"true\">\n<p lang=\"es\" dir=\"ltr\">Antes de alistarme para el <a href=\"https:\/\/twitter.com\/hashtag\/DebateINE?src=hash&amp;ref_src=twsrc%5Etfw\">#DebateINE<\/a>, pas\u00e9 al mercado. <\/p>\n<p>\u00a1Gracias a todos por sus muestras de apoyo y cari\u00f1o!<\/p>\n<p>\u00a1Salgamos todos a votar!<br \/>\u00a1Vamos a ganar! <a href=\"https:\/\/t.co\/T1e8JsBPeI\">pic.twitter.com\/T1e8JsBPeI<\/a><\/p>\n<p>&mdash; X\u00f3chitl G\u00e1lvez Ruiz (@XochitlGalvez) <a href=\"https:\/\/twitter.com\/XochitlGalvez\/status\/1784720950925144088?ref_src=twsrc%5Etfw\">April 28, 2024<\/a><\/p><\/blockquote>\n<p><script async src=\"https:\/\/platform.twitter.com\/widgets.js\" charset=\"utf-8\"><\/script><\/p>\n<p>Antes de alistarme para el #DebateINE, pas\u00e9 al mercado.<\/p>\n<p>\u00a1Gracias a todos por sus muestras de apoyo y cari\u00f1o!<\/p>\n<p>\u00a1Salgamos todos a votar!<br \/>\n\u00a1Vamos a ganar! pic.twitter.com\/T1e8JsBPeI<\/p>\n<p>&nbsp;<\/p>\n<p>\u2014 X\u00f3chitl G\u00e1lvez Ruiz (@XochitlGalvez) April 28, 2024<\/p>\n<p>&nbsp;<\/p>\n<p>&nbsp;<\/p>\n<p>PUBLICADO EL 30 DE ABRIL DE 2024\/ Con informaci\u00f3n de EE\/AF)<\/p>\n","protected":false},"excerpt":{"rendered":"<p>CIUDAD DE M\u00c9XICO. MX. \u2014 X\u00f3chitl G\u00e1lvez, candidata presidencial de la coalici\u00f3n \u00abFuerza y Coraz\u00f3n&#8230;<\/p>\n","protected":false},"author":1,"featured_media":188806,"comment_status":"open","ping_status":"open","sticky":false,"template":"","format":"standard","meta":{"_monsterinsights_skip_tracking":false,"_monsterinsights_sitenote_active":false,"_monsterinsights_sitenote_note":"","_monsterinsights_sitenote_category":0,"footnotes":""},"categories":[9400],"tags":[],"class_list":["post"],"yoast_head":" \n<title>Sonora en Equipo. \u00a0Reciben a X\u00f3chitl con porras a favor de Sheinbaum en mercado de CDMX ELECCI\u00d3NES<\/title>\n<meta name=\"description\" content=\"CIUDAD DE M\u00c9XICO. MX. \u2014 X\u00f3chitl G\u00e1lvez, candidata presidencial de la coalici\u00f3n \u00abFuerza y Coraz\u00f3n por M\u00e9xico\u00bb, conformada por la alianza PAN-PRI-PRD, En Sonora en Equipo publicamos toda la informaci\u00f3n de Sonora, M\u00e9xico y el Mundo de manera oportuna y busca que la libertad de expresi\u00f3n sea real. Visita nuestro medio informativo publicado desde Hermosillo, Sonora. %\" \/>\n<meta name=\"robots\" content=\"index, follow, max-snippet:-1, max-image-preview:large, max-video-preview:-1\" \/>\n<link rel=\"canonical\" href=\"https:\/\/www.sonoraenequipo.com.mx\/reciben-a-xochitl-con-porras-a-favor-de-sheinbaum-en-mercado-de-cdmx\/\" \/>\n<meta property=\"og:locale\" content=\"es_ES\" \/>\n<meta property=\"og:type\" content=\"article\" \/>\n<meta property=\"og:title\" content=\"Sonora en Equipo. \u00a0Reciben a X\u00f3chitl con porras a favor de Sheinbaum en mercado de CDMX ELECCI\u00d3NES\" \/>\n<meta property=\"og:description\" content=\"CIUDAD DE M\u00c9XICO. MX. \u2014 X\u00f3chitl G\u00e1lvez, candidata presidencial de la coalici\u00f3n \u00abFuerza y Coraz\u00f3n por M\u00e9xico\u00bb, conformada por la alianza PAN-PRI-PRD, En Sonora en Equipo publicamos toda la informaci\u00f3n de Sonora, M\u00e9xico y el Mundo de manera oportuna y busca que la libertad de expresi\u00f3n sea real. Visita nuestro medio informativo publicado desde Hermosillo, Sonora. %\" \/>\n<meta property=\"og:url\" content=\"https:\/\/www.sonoraenequipo.com.mx\/reciben-a-xochitl-con-porras-a-favor-de-sheinbaum-en-mercado-de-cdmx\/\" \/>\n<meta property=\"og:site_name\" content=\"Sonora en Equipo.\" \/>\n<meta property=\"article:publisher\" content=\"https:\/\/www.facebook.com\/SonoraEE\/\" \/>\n<meta property=\"article:author\" content=\"https:\/\/www.facebook.com\/SonoraEE\" \/>\n<meta property=\"article:published_time\" content=\"2024-04-30T05:26:00+00:00\" \/>\n<meta property=\"article:modified_time\" content=\"2024-05-01T05:27:11+00:00\" \/>\n<meta property=\"og:image\" content=\"https:\/\/www.sonoraenequipo.com.mx\/storage\/2024\/04\/xochitl-en-el-mercado-min.jpg\" \/>\n\t<meta property=\"og:image:width\" content=\"900\" \/>\n\t<meta property=\"og:image:height\" content=\"582\" \/>\n\t<meta property=\"og:image:type\" content=\"image\/jpeg\" \/>\n<meta name=\"author\" content=\"enequipo\" \/>\n<meta name=\"twitter:card\" content=\"summary_large_image\" \/>\n<meta name=\"twitter:creator\" content=\"@sonoraenequipo\" \/>\n<meta name=\"twitter:site\" content=\"@sonoraenequipo\" \/>\n<meta name=\"twitter:label1\" content=\"Escrito por\" \/>\n\t<meta name=\"twitter:data1\" content=\"enequipo\" \/>\n\t<meta name=\"twitter:label2\" content=\"Tiempo de lectura\" \/>\n\t<meta name=\"twitter:data2\" content=\"2 minutos\" \/>\n<script type=\"application\/ld+json\" class=\"yoast-schema-graph\">{\"@context\":\"https:\/\/schema.org\",\"@graph\":[{\"@type\":\"Article\",\"@id\":\"https:\/\/www.sonoraenequipo.com.mx\/reciben-a-xochitl-con-porras-a-favor-de-sheinbaum-en-mercado-de-cdmx\/#article\",\"isPartOf\":{\"@id\":\"https:\/\/www.sonoraenequipo.com.mx\/reciben-a-xochitl-con-porras-a-favor-de-sheinbaum-en-mercado-de-cdmx\/\"},\"author\":{\"name\":\"enequipo\",\"@id\":\"https:\/\/www.sonoraenequipo.com.mx\/#\/schema\/person\/50102df0fb23a8fa9e8effad8fa81386\"},\"headline\":\"\u00a0Reciben a X\u00f3chitl con porras a favor de Sheinbaum en mercado de CDMX\",\"datePublished\":\"2024-04-30T05:26:00+00:00\",\"dateModified\":\"2024-05-01T05:27:11+00:00\",\"mainEntityOfPage\":{\"@id\":\"https:\/\/www.sonoraenequipo.com.mx\/reciben-a-xochitl-con-porras-a-favor-de-sheinbaum-en-mercado-de-cdmx\/\"},\"wordCount\":424,\"commentCount\":0,\"publisher\":{\"@id\":\"https:\/\/www.sonoraenequipo.com.mx\/#organization\"},\"image\":{\"@id\":\"https:\/\/www.sonoraenequipo.com.mx\/reciben-a-xochitl-con-porras-a-favor-de-sheinbaum-en-mercado-de-cdmx\/#primaryimage\"},\"thumbnailUrl\":\"https:\/\/www.sonoraenequipo.com.mx\/storage\/2024\/04\/xochitl-en-el-mercado-min.jpg\",\"articleSection\":[\"ELECCI\u00d3NES\"],\"inLanguage\":\"es\",\"potentialAction\":[{\"@type\":\"CommentAction\",\"name\":\"Comment\",\"target\":[\"https:\/\/www.sonoraenequipo.com.mx\/reciben-a-xochitl-con-porras-a-favor-de-sheinbaum-en-mercado-de-cdmx\/#respond\"]}]},{\"@type\":\"WebPage\",\"@id\":\"https:\/\/www.sonoraenequipo.com.mx\/reciben-a-xochitl-con-porras-a-favor-de-sheinbaum-en-mercado-de-cdmx\/\",\"url\":\"https:\/\/www.sonoraenequipo.com.mx\/reciben-a-xochitl-con-porras-a-favor-de-sheinbaum-en-mercado-de-cdmx\/\",\"name\":\"Sonora en Equipo. \u00a0Reciben a X\u00f3chitl con porras a favor de Sheinbaum en mercado de CDMX ELECCI\u00d3NES\",\"isPartOf\":{\"@id\":\"https:\/\/www.sonoraenequipo.com.mx\/#website\"},\"primaryImageOfPage\":{\"@id\":\"https:\/\/www.sonoraenequipo.com.mx\/reciben-a-xochitl-con-porras-a-favor-de-sheinbaum-en-mercado-de-cdmx\/#primaryimage\"},\"image\":{\"@id\":\"https:\/\/www.sonoraenequipo.com.mx\/reciben-a-xochitl-con-porras-a-favor-de-sheinbaum-en-mercado-de-cdmx\/#primaryimage\"},\"thumbnailUrl\":\"https:\/\/www.sonoraenequipo.com.mx\/storage\/2024\/04\/xochitl-en-el-mercado-min.jpg\",\"datePublished\":\"2024-04-30T05:26:00+00:00\",\"dateModified\":\"2024-05-01T05:27:11+00:00\",\"description\":\"CIUDAD DE M\u00c9XICO. MX. \u2014 X\u00f3chitl G\u00e1lvez, candidata presidencial de la coalici\u00f3n \u00abFuerza y Coraz\u00f3n por M\u00e9xico\u00bb, conformada por la alianza PAN-PRI-PRD, En Sonora en Equipo publicamos toda la informaci\u00f3n de Sonora, M\u00e9xico y el Mundo de manera oportuna y busca que la libertad de expresi\u00f3n sea real. Visita nuestro medio informativo publicado desde Hermosillo, Sonora. %\",\"breadcrumb\":{\"@id\":\"https:\/\/www.sonoraenequipo.com.mx\/reciben-a-xochitl-con-porras-a-favor-de-sheinbaum-en-mercado-de-cdmx\/#breadcrumb\"},\"inLanguage\":\"es\",\"potentialAction\":[{\"@type\":\"ReadAction\",\"target\":[\"https:\/\/www.sonoraenequipo.com.mx\/reciben-a-xochitl-con-porras-a-favor-de-sheinbaum-en-mercado-de-cdmx\/\"]}]},{\"@type\":\"ImageObject\",\"inLanguage\":\"es\",\"@id\":\"https:\/\/www.sonoraenequipo.com.mx\/reciben-a-xochitl-con-porras-a-favor-de-sheinbaum-en-mercado-de-cdmx\/#primaryimage\",\"url\":\"https:\/\/www.sonoraenequipo.com.mx\/storage\/2024\/04\/xochitl-en-el-mercado-min.jpg\",\"contentUrl\":\"https:\/\/www.sonoraenequipo.com.mx\/storage\/2024\/04\/xochitl-en-el-mercado-min.jpg\",\"width\":900,\"height\":582},{\"@type\":\"BreadcrumbList\",\"@id\":\"https:\/\/www.sonoraenequipo.com.mx\/reciben-a-xochitl-con-porras-a-favor-de-sheinbaum-en-mercado-de-cdmx\/#breadcrumb\",\"itemListElement\":[{\"@type\":\"ListItem\",\"position\":1,\"name\":\"Portada\",\"item\":\"https:\/\/www.sonoraenequipo.com.mx\/\"},{\"@type\":\"ListItem\",\"position\":2,\"name\":\"\u00a0Reciben a X\u00f3chitl con porras a favor de Sheinbaum en mercado de CDMX\"}]},{\"@type\":\"WebSite\",\"@id\":\"https:\/\/www.sonoraenequipo.com.mx\/#website\",\"url\":\"https:\/\/www.sonoraenequipo.com.mx\/\",\"name\":\"Sonora en Equipo.\",\"description\":\"Diario en l\u00ednea con Noticias desde Hermosillo, Sonora\",\"publisher\":{\"@id\":\"https:\/\/www.sonoraenequipo.com.mx\/#organization\"},\"potentialAction\":[{\"@type\":\"SearchAction\",\"target\":{\"@type\":\"EntryPoint\",\"urlTemplate\":\"https:\/\/www.sonoraenequipo.com.mx\/?s={search_term_string}\"},\"query-input\":{\"@type\":\"PropertyValueSpecification\",\"valueRequired\":true,\"valueName\":\"search_term_string\"}}],\"inLanguage\":\"es\"},{\"@type\":\"Organization\",\"@id\":\"https:\/\/www.sonoraenequipo.com.mx\/#organization\",\"name\":\"Sonoraenequipo.com.mx\",\"url\":\"https:\/\/www.sonoraenequipo.com.mx\/\",\"logo\":{\"@type\":\"ImageObject\",\"inLanguage\":\"es\",\"@id\":\"https:\/\/www.sonoraenequipo.com.mx\/#\/schema\/logo\/image\/\",\"url\":\"https:\/\/www.sonoraenequipo.com.mx\/storage\/2019\/01\/sonoraenequipo_opt.png\",\"contentUrl\":\"https:\/\/www.sonoraenequipo.com.mx\/storage\/2019\/01\/sonoraenequipo_opt.png\",\"width\":375,\"height\":125,\"caption\":\"Sonoraenequipo.com.mx\"},\"image\":{\"@id\":\"https:\/\/www.sonoraenequipo.com.mx\/#\/schema\/logo\/image\/\"},\"sameAs\":[\"https:\/\/www.facebook.com\/SonoraEE\/\",\"https:\/\/x.com\/sonoraenequipo\",\"https:\/\/www.youtube.com\/channel\/UC338nW-lPEYmJQs4ZABQ1SQ\"]},{\"@type\":\"Person\",\"@id\":\"https:\/\/www.sonoraenequipo.com.mx\/#\/schema\/person\/50102df0fb23a8fa9e8effad8fa81386\",\"name\":\"enequipo\",\"image\":{\"@type\":\"ImageObject\",\"inLanguage\":\"es\",\"@id\":\"https:\/\/www.sonoraenequipo.com.mx\/#\/schema\/person\/image\/\",\"url\":\"https:\/\/secure.gravatar.com\/avatar\/049821681b589dabc0bc20695993ccebb09f5b5d4d790cd9251b97faac7c652b?s=96&d=blank&r=g\",\"contentUrl\":\"https:\/\/secure.gravatar.com\/avatar\/049821681b589dabc0bc20695993ccebb09f5b5d4d790cd9251b97faac7c652b?s=96&d=blank&r=g\",\"caption\":\"enequipo\"},\"sameAs\":[\"https:\/\/www.facebook.com\/SonoraEE\"]}]}<\/script>\n ","yoast_head_json":{"title":"Sonora en Equipo. \u00a0Reciben a X\u00f3chitl con porras a favor de Sheinbaum en mercado de CDMX ELECCI\u00d3NES","description":"CIUDAD DE M\u00c9XICO. MX. \u2014 X\u00f3chitl G\u00e1lvez, candidata presidencial de la coalici\u00f3n \u00abFuerza y Coraz\u00f3n por M\u00e9xico\u00bb, conformada por la alianza PAN-PRI-PRD, En Sonora en Equipo publicamos toda la informaci\u00f3n de Sonora, M\u00e9xico y el Mundo de manera oportuna y busca que la libertad de expresi\u00f3n sea real. Visita nuestro medio informativo publicado desde Hermosillo, Sonora. %","robots":{"index":"index","follow":"follow","max-snippet":"max-snippet:-1","max-image-preview":"max-image-preview:large","max-video-preview":"max-video-preview:-1"},"canonical":"https:\/\/www.sonoraenequipo.com.mx\/reciben-a-xochitl-con-porras-a-favor-de-sheinbaum-en-mercado-de-cdmx\/","og_locale":"es_ES","og_type":"article","og_title":"Sonora en Equipo. \u00a0Reciben a X\u00f3chitl con porras a favor de Sheinbaum en mercado de CDMX ELECCI\u00d3NES","og_description":"CIUDAD DE M\u00c9XICO. MX. \u2014 X\u00f3chitl G\u00e1lvez, candidata presidencial de la coalici\u00f3n \u00abFuerza y Coraz\u00f3n por M\u00e9xico\u00bb, conformada por la alianza PAN-PRI-PRD, En Sonora en Equipo publicamos toda la informaci\u00f3n de Sonora, M\u00e9xico y el Mundo de manera oportuna y busca que la libertad de expresi\u00f3n sea real. Visita nuestro medio informativo publicado desde Hermosillo, Sonora. %","og_url":"https:\/\/www.sonoraenequipo.com.mx\/reciben-a-xochitl-con-porras-a-favor-de-sheinbaum-en-mercado-de-cdmx\/","og_site_name":"Sonora en Equipo.","article_publisher":"https:\/\/www.facebook.com\/SonoraEE\/","article_author":"https:\/\/www.facebook.com\/SonoraEE","article_published_time":"2024-04-30T05:26:00+00:00","article_modified_time":"2024-05-01T05:27:11+00:00","og_image":[{"width":900,"height":582,"url":"https:\/\/www.sonoraenequipo.com.mx\/storage\/2024\/04\/xochitl-en-el-mercado-min.jpg","type":"image\/jpeg"}],"author":"enequipo","twitter_card":"summary_large_image","twitter_creator":"@sonoraenequipo","twitter_site":"@sonoraenequipo","twitter_misc":{"Escrito por":"enequipo","Tiempo de lectura":"2 minutos"},"schema":{"@context":"https:\/\/schema.org","@graph":[{"@type":"Article","@id":"https:\/\/www.sonoraenequipo.com.mx\/reciben-a-xochitl-con-porras-a-favor-de-sheinbaum-en-mercado-de-cdmx\/#article","isPartOf":{"@id":"https:\/\/www.sonoraenequipo.com.mx\/reciben-a-xochitl-con-porras-a-favor-de-sheinbaum-en-mercado-de-cdmx\/"},"author":{"name":"enequipo","@id":"https:\/\/www.sonoraenequipo.com.mx\/#\/schema\/person\/50102df0fb23a8fa9e8effad8fa81386"},"headline":"\u00a0Reciben a X\u00f3chitl con porras a favor de Sheinbaum en mercado de CDMX","datePublished":"2024-04-30T05:26:00+00:00","dateModified":"2024-05-01T05:27:11+00:00","mainEntityOfPage":{"@id":"https:\/\/www.sonoraenequipo.com.mx\/reciben-a-xochitl-con-porras-a-favor-de-sheinbaum-en-mercado-de-cdmx\/"},"wordCount":424,"commentCount":0,"publisher":{"@id":"https:\/\/www.sonoraenequipo.com.mx\/#organization"},"image":{"@id":"https:\/\/www.sonoraenequipo.com.mx\/reciben-a-xochitl-con-porras-a-favor-de-sheinbaum-en-mercado-de-cdmx\/#primaryimage"},"thumbnailUrl":"https:\/\/www.sonoraenequipo.com.mx\/storage\/2024\/04\/xochitl-en-el-mercado-min.jpg","articleSection":["ELECCI\u00d3NES"],"inLanguage":"es","potentialAction":[{"@type":"CommentAction","name":"Comment","target":["https:\/\/www.sonoraenequipo.com.mx\/reciben-a-xochitl-con-porras-a-favor-de-sheinbaum-en-mercado-de-cdmx\/#respond"]}]},{"@type":"WebPage","@id":"https:\/\/www.sonoraenequipo.com.mx\/reciben-a-xochitl-con-porras-a-favor-de-sheinbaum-en-mercado-de-cdmx\/","url":"https:\/\/www.sonoraenequipo.com.mx\/reciben-a-xochitl-con-porras-a-favor-de-sheinbaum-en-mercado-de-cdmx\/","name":"Sonora en Equipo. \u00a0Reciben a X\u00f3chitl con porras a favor de Sheinbaum en mercado de CDMX ELECCI\u00d3NES","isPartOf":{"@id":"https:\/\/www.sonoraenequipo.com.mx\/#website"},"primaryImageOfPage":{"@id":"https:\/\/www.sonoraenequipo.com.mx\/reciben-a-xochitl-con-porras-a-favor-de-sheinbaum-en-mercado-de-cdmx\/#primaryimage"},"image":{"@id":"https:\/\/www.sonoraenequipo.com.mx\/reciben-a-xochitl-con-porras-a-favor-de-sheinbaum-en-mercado-de-cdmx\/#primaryimage"},"thumbnailUrl":"https:\/\/www.sonoraenequipo.com.mx\/storage\/2024\/04\/xochitl-en-el-mercado-min.jpg","datePublished":"2024-04-30T05:26:00+00:00","dateModified":"2024-05-01T05:27:11+00:00","description":"CIUDAD DE M\u00c9XICO. MX. \u2014 X\u00f3chitl G\u00e1lvez, candidata presidencial de la coalici\u00f3n \u00abFuerza y Coraz\u00f3n por M\u00e9xico\u00bb, conformada por la alianza PAN-PRI-PRD, En Sonora en Equipo publicamos toda la informaci\u00f3n de Sonora, M\u00e9xico y el Mundo de manera oportuna y busca que la libertad de expresi\u00f3n sea real. Visita nuestro medio informativo publicado desde Hermosillo, Sonora. %","breadcrumb":{"@id":"https:\/\/www.sonoraenequipo.com.mx\/reciben-a-xochitl-con-porras-a-favor-de-sheinbaum-en-mercado-de-cdmx\/#breadcrumb"},"inLanguage":"es","potentialAction":[{"@type":"ReadAction","target":["https:\/\/www.sonoraenequipo.com.mx\/reciben-a-xochitl-con-porras-a-favor-de-sheinbaum-en-mercado-de-cdmx\/"]}]},{"@type":"ImageObject","inLanguage":"es","@id":"https:\/\/www.sonoraenequipo.com.mx\/reciben-a-xochitl-con-porras-a-favor-de-sheinbaum-en-mercado-de-cdmx\/#primaryimage","url":"https:\/\/www.sonoraenequipo.com.mx\/storage\/2024\/04\/xochitl-en-el-mercado-min.jpg","contentUrl":"https:\/\/www.sonoraenequipo.com.mx\/storage\/2024\/04\/xochitl-en-el-mercado-min.jpg","width":900,"height":582},{"@type":"BreadcrumbList","@id":"https:\/\/www.sonoraenequipo.com.mx\/reciben-a-xochitl-con-porras-a-favor-de-sheinbaum-en-mercado-de-cdmx\/#breadcrumb","itemListElement":[{"@type":"ListItem","position":1,"name":"Portada","item":"https:\/\/www.sonoraenequipo.com.mx\/"},{"@type":"ListItem","position":2,"name":"\u00a0Reciben a X\u00f3chitl con porras a favor de Sheinbaum en mercado de CDMX"}]},{"@type":"WebSite","@id":"https:\/\/www.sonoraenequipo.com.mx\/#website","url":"https:\/\/www.sonoraenequipo.com.mx\/","name":"Sonora en Equipo.","description":"Diario en l\u00ednea con Noticias desde Hermosillo, Sonora","publisher":{"@id":"https:\/\/www.sonoraenequipo.com.mx\/#organization"},"potentialAction":[{"@type":"SearchAction","target":{"@type":"EntryPoint","urlTemplate":"https:\/\/www.sonoraenequipo.com.mx\/?s={search_term_string}"},"query-input":{"@type":"PropertyValueSpecification","valueRequired":true,"valueName":"search_term_string"}}],"inLanguage":"es"},{"@type":"Organization","@id":"https:\/\/www.sonoraenequipo.com.mx\/#organization","name":"Sonoraenequipo.com.mx","url":"https:\/\/www.sonoraenequipo.com.mx\/","logo":{"@type":"ImageObject","inLanguage":"es","@id":"https:\/\/www.sonoraenequipo.com.mx\/#\/schema\/logo\/image\/","url":"https:\/\/www.sonoraenequipo.com.mx\/storage\/2019\/01\/sonoraenequipo_opt.png","contentUrl":"https:\/\/www.sonoraenequipo.com.mx\/storage\/2019\/01\/sonoraenequipo_opt.png","width":375,"height":125,"caption":"Sonoraenequipo.com.mx"},"image":{"@id":"https:\/\/www.sonoraenequipo.com.mx\/#\/schema\/logo\/image\/"},"sameAs":["https:\/\/www.facebook.com\/SonoraEE\/","https:\/\/x.com\/sonoraenequipo","https:\/\/www.youtube.com\/channel\/UC338nW-lPEYmJQs4ZABQ1SQ"]},{"@type":"Person","@id":"https:\/\/www.sonoraenequipo.com.mx\/#\/schema\/person\/50102df0fb23a8fa9e8effad8fa81386","name":"enequipo","image":{"@type":"ImageObject","inLanguage":"es","@id":"https:\/\/www.sonoraenequipo.com.mx\/#\/schema\/person\/image\/","url":"https:\/\/secure.gravatar.com\/avatar\/049821681b589dabc0bc20695993ccebb09f5b5d4d790cd9251b97faac7c652b?s=96&d=blank&r=g","contentUrl":"https:\/\/secure.gravatar.com\/avatar\/049821681b589dabc0bc20695993ccebb09f5b5d4d790cd9251b97faac7c652b?s=96&d=blank&r=g","caption":"enequipo"},"sameAs":["https:\/\/www.facebook.com\/SonoraEE"]}]}},"jetpack_featured_media_url":"https:\/\/www.sonoraenequipo.com.mx\/storage\/2024\/04\/xochitl-en-el-mercado-min.jpg","_links":{"self":[{"href":"https:\/\/www.sonoraenequipo.com.mx\/api\/wp\/v2\/posts\/188803","targetHints":{"allow":["GET"]}}],"collection":[{"href":"https:\/\/www.sonoraenequipo.com.mx\/api\/wp\/v2\/posts"}],"about":[{"href":"https:\/\/www.sonoraenequipo.com.mx\/api\/wp\/v2\/types\/post"}],"author":[{"embeddable":true,"href":"https:\/\/www.sonoraenequipo.com.mx\/api\/wp\/v2\/users\/1"}],"replies":[{"embeddable":true,"href":"https:\/\/www.sonoraenequipo.com.mx\/api\/wp\/v2\/comments?post=188803"}],"version-history":[{"count":1,"href":"https:\/\/www.sonoraenequipo.com.mx\/api\/wp\/v2\/posts\/188803\/revisions"}],"predecessor-version":[{"id":188807,"href":"https:\/\/www.sonoraenequipo.com.mx\/api\/wp\/v2\/posts\/188803\/revisions\/188807"}],"wp:featuredmedia":[{"embeddable":true,"href":"https:\/\/www.sonoraenequipo.com.mx\/api\/wp\/v2\/media\/188806"}],"wp:attachment":[{"href":"https:\/\/www.sonoraenequipo.com.mx\/api\/wp\/v2\/media?parent=188803"}],"wp:term":[{"taxonomy":"category","embeddable":true,"href":"https:\/\/www.sonoraenequipo.com.mx\/api\/wp\/v2\/categories?post=188803"},{"taxonomy":"post_tag","embeddable":true,"href":"https:\/\/www.sonoraenequipo.com.mx\/api\/wp\/v2\/tags?post=188803"}],"curies":[{"name":"wp","href":"https:\/\/api.w.org\/{rel}","templated":true}]}}