{"id":188817,"date":"2024-05-01T07:10:04","date_gmt":"2024-05-01T14:10:04","guid":{"rendered":"https:\/\/www.sonoraenequipo.com.mx\/?p=188817"},"modified":"2024-05-01T11:34:00","modified_gmt":"2024-05-01T18:34:00","slug":"hacia-un-nuevo-orden-mundial","status":"publish","type":"post","link":"https:\/\/www.sonoraenequipo.com.mx\/hacia-un-nuevo-orden-mundial\/","title":{"rendered":"\u00bfHacia un nuevo orden mundial?"},"content":{"rendered":"<p><strong>CIUDAD DE M\u00c9XICO. MX.<\/strong> \u2014 Hist\u00f3ricamente, el Estado de Israel ha violado todo orden jur\u00eddico internacional de manera sistem\u00e1tica con el apoyo de Estados Unidos, que en el Consejo de Seguridad de la ONU veta cualquier resoluci\u00f3n que contravenga el inter\u00e9s de aquel pa\u00eds. En los \u00faltimos meses, hemos atestiguado un crecimiento exponencial de francas y flagrantes violaciones al derecho internacional y al orden jur\u00eddico que molde\u00f3 al mundo tras la Primera Guerra Mundial, pero, sobre todo, tras la segunda gran conflagraci\u00f3n de la historia contempor\u00e1nea.<\/p>\n<p>&nbsp;<\/p>\n<p>&nbsp;<\/p>\n<p> <br \/>\nPor lo menos tres eventos dan cuenta de lo que busco argumentar aqu\u00ed: el derecho internacional est\u00e1 herido, no sabemos si de muerte, pero se acerca fat\u00eddicamente a los estertores: 1) el 7 de octubre de 2023 comenz\u00f3 un asalto a la Franja de Gaza por parte de las Fuerzas de Defensa Israel\u00edes que a\u00fan no cesa. Sud\u00e1frica present\u00f3 ante la Corte Internacional de Justicia una querella acusando de genocidio a Israel; de manera sistem\u00e1tica, Estados Unidos ha vetado pr\u00e1cticamente todas las resoluciones en el Consejo de Seguridad de la ONU que promueven un cese al fuego y el ingreso de la ayuda humanitaria a la Franja de Gaza. Se ha acusado a Israel de genocidio y de violar los convenios de Ginebra y lo relativo a territorios ocupados; 2) a inicios de abril, Israel bombarde\u00f3 el consulado de Ir\u00e1n en Damasco, Siria, en clara violaci\u00f3n a la Convenci\u00f3n de Viena que se refiere a la inviolabilidad de las sedes diplom\u00e1ticas; 3) fuera de Medio Oriente, el pasado 5 de abril, fuerzas militares asaltaron la Embajada de M\u00e9xico en Ecuador violando la Convenci\u00f3n de Viena sobre Relaciones Diplom\u00e1ticas y la Convenci\u00f3n de Caracas relativa al derecho de asilo; la finalidad del asalto era sustraer por la fuerza al exvicepresidentede ese pa\u00eds, Jorge Glass, que se encontraba asilado en la sede diplom\u00e1tica mexicana.<\/p>\n<p>&nbsp;<\/p>\n<p>&nbsp;<\/p>\n<p>Se plantea como hip\u00f3tesis si estos eventos son una muestra de la configuraci\u00f3n de un Nuevo Orden Mundial, en tanto que el marco jur\u00eddico que rige las relaciones internacionales \u2013y que se cre\u00f3 justamente con el fin de evitar violaciones a los derechos humanos y proteger a las y los civiles en conflictos armados\u2013 est\u00e1 siendo completamente rebasado como a la luz de los \u00faltimos acontecimientos mundiales se ha venido observando. La respuesta de Ir\u00e1n al ataque a su consulado en Damasco no se hizo esperar. Entre el 13 y 14 de abril pasados se llev\u00f3 a cabo un ataque guiado por drones aduciendo al art\u00edculo 51 de la Carta de las Naciones Unidas que establece: \u201cel derecho inherente a la leg\u00edtima defensa individual o colectiva en caso de un ataque armado hasta que el Consejo de Seguridad tome medidas necesarias para mantener la paz y la seguridad internacionales\u201d.<\/p>\n<p>&nbsp;<\/p>\n<p>&nbsp;<\/p>\n<p>Diversos analistas han se\u00f1alado que estos eventos y la escalada en Medio Oriente es la antesala de una Tercera Guerra Mundial. En mi opini\u00f3n, que se suma a otras voces, es que se est\u00e1 reconfigurando el mundo hacia un nuevo orden mundial en el que la gran hegemon\u00eda que fue Estados Unidos tras la Segunda Guerra Mundial est\u00e1 perdiendo su poder en diversos \u00e1mbitos. La guerra que se libra en territorio ucraniano as\u00ed lo demuestra, la salida de Afganist\u00e1n despu\u00e9s de 20 a\u00f1os y sin lograr la derrota al completo de los talibanes, el crecimiento de los BRICS y en particular de China y Rusia como grandes competidores en el campo econ\u00f3mico, comercial y pol\u00edtico, entre otras variables por analizar.<\/p>\n<p>&nbsp;<\/p>\n<p>&nbsp;<\/p>\n<p>La lectura que se puede hacer al ataque defensivo de Ir\u00e1n tiene diversas vertientes m\u00e1s all\u00e1 de la premonici\u00f3n de la Tercera Guerra Mundial. Noam Chomsky \u2013en su Modelo de Propaganda, del que escrib\u00ed en una entrega anterior\u2013 habla de las v\u00edctimas dignas y las v\u00edctimas indignas. Traigo este asunto a colaci\u00f3n en tanto que tras la incursi\u00f3n de Ir\u00e1n en Israel \u2013v\u00eda drones teledirigidos\u2013 los mandatarios del mundo, incluido el gobierno y la Secretar\u00eda de Relaciones Exteriores de M\u00e9xico, se apresuraron a condenar el ataque y dar un espaldarazo a Israel. Esto, en t\u00e9rminos de propaganda, a mi juicio, pone a Israel y a Netanyahu como v\u00edctimas y diluye la atenci\u00f3n sobre el genocidio en la Franja de Gaza, y en el asunto central que ha generado conflictos en la zona a lo largo del tiempo: 75 a\u00f1os de ocupaci\u00f3n que son ya insostenibles en un mundo cambiante.<\/p>\n<p>&nbsp;<\/p>\n<p>PUBLICADO EL 01 DE MYO DE 2024 Con informaci\u00f3n de RUTH D\u00c1VILA\/Publicada originalmente en <a href=\"https:\/\/contralinea.com.mx\/interno\/semana\/hacia-un-nuevo-orden-mundial\/\"><strong>CONTRALINEA DEL 22 ABRIL<\/strong><\/a>)<\/p>\n<h5><strong>RUTH D\u00c1VILA* *Directora de la Divisi\u00f3n de Estudios Multidisciplinarios del Centro de Investigaci\u00f3n y Docencia Econ\u00f3micas, CIDE-CONAHCYT.<\/strong><\/h5>\n","protected":false},"excerpt":{"rendered":"<p>CIUDAD DE M\u00c9XICO. MX. \u2014 Hist\u00f3ricamente, el Estado de Israel ha violado todo orden jur\u00eddico&#8230;<\/p>\n","protected":false},"author":1,"featured_media":188818,"comment_status":"open","ping_status":"open","sticky":false,"template":"","format":"standard","meta":{"_monsterinsights_skip_tracking":false,"_monsterinsights_sitenote_active":false,"_monsterinsights_sitenote_note":"","_monsterinsights_sitenote_category":0,"footnotes":""},"categories":[12],"tags":[],"class_list":["post"],"yoast_head":" \n<title>Sonora en Equipo. \u00bfHacia un nuevo orden mundial? Especiales<\/title>\n<meta name=\"description\" content=\"CIUDAD DE M\u00c9XICO. MX. \u2014 Hist\u00f3ricamente, el Estado de Israel ha violado todo orden jur\u00eddico internacional de manera sistem\u00e1tica con el apoyo de Estados En Sonora en Equipo publicamos toda la informaci\u00f3n de Sonora, M\u00e9xico y el Mundo de manera oportuna y busca que la libertad de expresi\u00f3n sea real. Visita nuestro medio informativo publicado desde Hermosillo, Sonora. %\" \/>\n<meta name=\"robots\" content=\"index, follow, max-snippet:-1, max-image-preview:large, max-video-preview:-1\" \/>\n<link rel=\"canonical\" href=\"https:\/\/www.sonoraenequipo.com.mx\/hacia-un-nuevo-orden-mundial\/\" \/>\n<meta property=\"og:locale\" content=\"es_ES\" \/>\n<meta property=\"og:type\" content=\"article\" \/>\n<meta property=\"og:title\" content=\"Sonora en Equipo. \u00bfHacia un nuevo orden mundial? Especiales\" \/>\n<meta property=\"og:description\" content=\"CIUDAD DE M\u00c9XICO. MX. \u2014 Hist\u00f3ricamente, el Estado de Israel ha violado todo orden jur\u00eddico internacional de manera sistem\u00e1tica con el apoyo de Estados En Sonora en Equipo publicamos toda la informaci\u00f3n de Sonora, M\u00e9xico y el Mundo de manera oportuna y busca que la libertad de expresi\u00f3n sea real. Visita nuestro medio informativo publicado desde Hermosillo, Sonora. %\" \/>\n<meta property=\"og:url\" content=\"https:\/\/www.sonoraenequipo.com.mx\/hacia-un-nuevo-orden-mundial\/\" \/>\n<meta property=\"og:site_name\" content=\"Sonora en Equipo.\" \/>\n<meta property=\"article:publisher\" content=\"https:\/\/www.facebook.com\/SonoraEE\/\" \/>\n<meta property=\"article:author\" content=\"https:\/\/www.facebook.com\/SonoraEE\" \/>\n<meta property=\"article:published_time\" content=\"2024-05-01T14:10:04+00:00\" \/>\n<meta property=\"article:modified_time\" content=\"2024-05-01T18:34:00+00:00\" \/>\n<meta property=\"og:image\" content=\"https:\/\/www.sonoraenequipo.com.mx\/storage\/2024\/05\/El-nuevo-orden-mundial-min.jpg\" \/>\n\t<meta property=\"og:image:width\" content=\"1024\" \/>\n\t<meta property=\"og:image:height\" content=\"591\" \/>\n\t<meta property=\"og:image:type\" content=\"image\/jpeg\" \/>\n<meta name=\"author\" content=\"enequipo\" \/>\n<meta name=\"twitter:card\" content=\"summary_large_image\" \/>\n<meta name=\"twitter:creator\" content=\"@sonoraenequipo\" \/>\n<meta name=\"twitter:site\" content=\"@sonoraenequipo\" \/>\n<meta name=\"twitter:label1\" content=\"Escrito por\" \/>\n\t<meta name=\"twitter:data1\" content=\"enequipo\" \/>\n\t<meta name=\"twitter:label2\" content=\"Tiempo de lectura\" \/>\n\t<meta name=\"twitter:data2\" content=\"4 minutos\" \/>\n<script type=\"application\/ld+json\" class=\"yoast-schema-graph\">{\"@context\":\"https:\/\/schema.org\",\"@graph\":[{\"@type\":\"Article\",\"@id\":\"https:\/\/www.sonoraenequipo.com.mx\/hacia-un-nuevo-orden-mundial\/#article\",\"isPartOf\":{\"@id\":\"https:\/\/www.sonoraenequipo.com.mx\/hacia-un-nuevo-orden-mundial\/\"},\"author\":{\"name\":\"enequipo\",\"@id\":\"https:\/\/www.sonoraenequipo.com.mx\/#\/schema\/person\/50102df0fb23a8fa9e8effad8fa81386\"},\"headline\":\"\u00bfHacia un nuevo orden mundial?\",\"datePublished\":\"2024-05-01T14:10:04+00:00\",\"dateModified\":\"2024-05-01T18:34:00+00:00\",\"mainEntityOfPage\":{\"@id\":\"https:\/\/www.sonoraenequipo.com.mx\/hacia-un-nuevo-orden-mundial\/\"},\"wordCount\":823,\"commentCount\":0,\"publisher\":{\"@id\":\"https:\/\/www.sonoraenequipo.com.mx\/#organization\"},\"image\":{\"@id\":\"https:\/\/www.sonoraenequipo.com.mx\/hacia-un-nuevo-orden-mundial\/#primaryimage\"},\"thumbnailUrl\":\"https:\/\/www.sonoraenequipo.com.mx\/storage\/2024\/05\/El-nuevo-orden-mundial-min.jpg\",\"articleSection\":[\"Especiales\"],\"inLanguage\":\"es\",\"potentialAction\":[{\"@type\":\"CommentAction\",\"name\":\"Comment\",\"target\":[\"https:\/\/www.sonoraenequipo.com.mx\/hacia-un-nuevo-orden-mundial\/#respond\"]}]},{\"@type\":\"WebPage\",\"@id\":\"https:\/\/www.sonoraenequipo.com.mx\/hacia-un-nuevo-orden-mundial\/\",\"url\":\"https:\/\/www.sonoraenequipo.com.mx\/hacia-un-nuevo-orden-mundial\/\",\"name\":\"Sonora en Equipo. \u00bfHacia un nuevo orden mundial? Especiales\",\"isPartOf\":{\"@id\":\"https:\/\/www.sonoraenequipo.com.mx\/#website\"},\"primaryImageOfPage\":{\"@id\":\"https:\/\/www.sonoraenequipo.com.mx\/hacia-un-nuevo-orden-mundial\/#primaryimage\"},\"image\":{\"@id\":\"https:\/\/www.sonoraenequipo.com.mx\/hacia-un-nuevo-orden-mundial\/#primaryimage\"},\"thumbnailUrl\":\"https:\/\/www.sonoraenequipo.com.mx\/storage\/2024\/05\/El-nuevo-orden-mundial-min.jpg\",\"datePublished\":\"2024-05-01T14:10:04+00:00\",\"dateModified\":\"2024-05-01T18:34:00+00:00\",\"description\":\"CIUDAD DE M\u00c9XICO. MX. \u2014 Hist\u00f3ricamente, el Estado de Israel ha violado todo orden jur\u00eddico internacional de manera sistem\u00e1tica con el apoyo de Estados En Sonora en Equipo publicamos toda la informaci\u00f3n de Sonora, M\u00e9xico y el Mundo de manera oportuna y busca que la libertad de expresi\u00f3n sea real. Visita nuestro medio informativo publicado desde Hermosillo, Sonora. %\",\"breadcrumb\":{\"@id\":\"https:\/\/www.sonoraenequipo.com.mx\/hacia-un-nuevo-orden-mundial\/#breadcrumb\"},\"inLanguage\":\"es\",\"potentialAction\":[{\"@type\":\"ReadAction\",\"target\":[\"https:\/\/www.sonoraenequipo.com.mx\/hacia-un-nuevo-orden-mundial\/\"]}]},{\"@type\":\"ImageObject\",\"inLanguage\":\"es\",\"@id\":\"https:\/\/www.sonoraenequipo.com.mx\/hacia-un-nuevo-orden-mundial\/#primaryimage\",\"url\":\"https:\/\/www.sonoraenequipo.com.mx\/storage\/2024\/05\/El-nuevo-orden-mundial-min.jpg\",\"contentUrl\":\"https:\/\/www.sonoraenequipo.com.mx\/storage\/2024\/05\/El-nuevo-orden-mundial-min.jpg\",\"width\":1024,\"height\":591},{\"@type\":\"BreadcrumbList\",\"@id\":\"https:\/\/www.sonoraenequipo.com.mx\/hacia-un-nuevo-orden-mundial\/#breadcrumb\",\"itemListElement\":[{\"@type\":\"ListItem\",\"position\":1,\"name\":\"Portada\",\"item\":\"https:\/\/www.sonoraenequipo.com.mx\/\"},{\"@type\":\"ListItem\",\"position\":2,\"name\":\"\u00bfHacia un nuevo orden mundial?\"}]},{\"@type\":\"WebSite\",\"@id\":\"https:\/\/www.sonoraenequipo.com.mx\/#website\",\"url\":\"https:\/\/www.sonoraenequipo.com.mx\/\",\"name\":\"Sonora en Equipo.\",\"description\":\"Diario en l\u00ednea con Noticias desde Hermosillo, Sonora\",\"publisher\":{\"@id\":\"https:\/\/www.sonoraenequipo.com.mx\/#organization\"},\"potentialAction\":[{\"@type\":\"SearchAction\",\"target\":{\"@type\":\"EntryPoint\",\"urlTemplate\":\"https:\/\/www.sonoraenequipo.com.mx\/?s={search_term_string}\"},\"query-input\":{\"@type\":\"PropertyValueSpecification\",\"valueRequired\":true,\"valueName\":\"search_term_string\"}}],\"inLanguage\":\"es\"},{\"@type\":\"Organization\",\"@id\":\"https:\/\/www.sonoraenequipo.com.mx\/#organization\",\"name\":\"Sonoraenequipo.com.mx\",\"url\":\"https:\/\/www.sonoraenequipo.com.mx\/\",\"logo\":{\"@type\":\"ImageObject\",\"inLanguage\":\"es\",\"@id\":\"https:\/\/www.sonoraenequipo.com.mx\/#\/schema\/logo\/image\/\",\"url\":\"https:\/\/www.sonoraenequipo.com.mx\/storage\/2019\/01\/sonoraenequipo_opt.png\",\"contentUrl\":\"https:\/\/www.sonoraenequipo.com.mx\/storage\/2019\/01\/sonoraenequipo_opt.png\",\"width\":375,\"height\":125,\"caption\":\"Sonoraenequipo.com.mx\"},\"image\":{\"@id\":\"https:\/\/www.sonoraenequipo.com.mx\/#\/schema\/logo\/image\/\"},\"sameAs\":[\"https:\/\/www.facebook.com\/SonoraEE\/\",\"https:\/\/x.com\/sonoraenequipo\",\"https:\/\/www.youtube.com\/channel\/UC338nW-lPEYmJQs4ZABQ1SQ\"]},{\"@type\":\"Person\",\"@id\":\"https:\/\/www.sonoraenequipo.com.mx\/#\/schema\/person\/50102df0fb23a8fa9e8effad8fa81386\",\"name\":\"enequipo\",\"image\":{\"@type\":\"ImageObject\",\"inLanguage\":\"es\",\"@id\":\"https:\/\/www.sonoraenequipo.com.mx\/#\/schema\/person\/image\/\",\"url\":\"https:\/\/secure.gravatar.com\/avatar\/049821681b589dabc0bc20695993ccebb09f5b5d4d790cd9251b97faac7c652b?s=96&d=blank&r=g\",\"contentUrl\":\"https:\/\/secure.gravatar.com\/avatar\/049821681b589dabc0bc20695993ccebb09f5b5d4d790cd9251b97faac7c652b?s=96&d=blank&r=g\",\"caption\":\"enequipo\"},\"sameAs\":[\"https:\/\/www.facebook.com\/SonoraEE\"]}]}<\/script>\n ","yoast_head_json":{"title":"Sonora en Equipo. \u00bfHacia un nuevo orden mundial? Especiales","description":"CIUDAD DE M\u00c9XICO. MX. \u2014 Hist\u00f3ricamente, el Estado de Israel ha violado todo orden jur\u00eddico internacional de manera sistem\u00e1tica con el apoyo de Estados En Sonora en Equipo publicamos toda la informaci\u00f3n de Sonora, M\u00e9xico y el Mundo de manera oportuna y busca que la libertad de expresi\u00f3n sea real. Visita nuestro medio informativo publicado desde Hermosillo, Sonora. %","robots":{"index":"index","follow":"follow","max-snippet":"max-snippet:-1","max-image-preview":"max-image-preview:large","max-video-preview":"max-video-preview:-1"},"canonical":"https:\/\/www.sonoraenequipo.com.mx\/hacia-un-nuevo-orden-mundial\/","og_locale":"es_ES","og_type":"article","og_title":"Sonora en Equipo. \u00bfHacia un nuevo orden mundial? Especiales","og_description":"CIUDAD DE M\u00c9XICO. MX. \u2014 Hist\u00f3ricamente, el Estado de Israel ha violado todo orden jur\u00eddico internacional de manera sistem\u00e1tica con el apoyo de Estados En Sonora en Equipo publicamos toda la informaci\u00f3n de Sonora, M\u00e9xico y el Mundo de manera oportuna y busca que la libertad de expresi\u00f3n sea real. Visita nuestro medio informativo publicado desde Hermosillo, Sonora. %","og_url":"https:\/\/www.sonoraenequipo.com.mx\/hacia-un-nuevo-orden-mundial\/","og_site_name":"Sonora en Equipo.","article_publisher":"https:\/\/www.facebook.com\/SonoraEE\/","article_author":"https:\/\/www.facebook.com\/SonoraEE","article_published_time":"2024-05-01T14:10:04+00:00","article_modified_time":"2024-05-01T18:34:00+00:00","og_image":[{"width":1024,"height":591,"url":"https:\/\/www.sonoraenequipo.com.mx\/storage\/2024\/05\/El-nuevo-orden-mundial-min.jpg","type":"image\/jpeg"}],"author":"enequipo","twitter_card":"summary_large_image","twitter_creator":"@sonoraenequipo","twitter_site":"@sonoraenequipo","twitter_misc":{"Escrito por":"enequipo","Tiempo de lectura":"4 minutos"},"schema":{"@context":"https:\/\/schema.org","@graph":[{"@type":"Article","@id":"https:\/\/www.sonoraenequipo.com.mx\/hacia-un-nuevo-orden-mundial\/#article","isPartOf":{"@id":"https:\/\/www.sonoraenequipo.com.mx\/hacia-un-nuevo-orden-mundial\/"},"author":{"name":"enequipo","@id":"https:\/\/www.sonoraenequipo.com.mx\/#\/schema\/person\/50102df0fb23a8fa9e8effad8fa81386"},"headline":"\u00bfHacia un nuevo orden mundial?","datePublished":"2024-05-01T14:10:04+00:00","dateModified":"2024-05-01T18:34:00+00:00","mainEntityOfPage":{"@id":"https:\/\/www.sonoraenequipo.com.mx\/hacia-un-nuevo-orden-mundial\/"},"wordCount":823,"commentCount":0,"publisher":{"@id":"https:\/\/www.sonoraenequipo.com.mx\/#organization"},"image":{"@id":"https:\/\/www.sonoraenequipo.com.mx\/hacia-un-nuevo-orden-mundial\/#primaryimage"},"thumbnailUrl":"https:\/\/www.sonoraenequipo.com.mx\/storage\/2024\/05\/El-nuevo-orden-mundial-min.jpg","articleSection":["Especiales"],"inLanguage":"es","potentialAction":[{"@type":"CommentAction","name":"Comment","target":["https:\/\/www.sonoraenequipo.com.mx\/hacia-un-nuevo-orden-mundial\/#respond"]}]},{"@type":"WebPage","@id":"https:\/\/www.sonoraenequipo.com.mx\/hacia-un-nuevo-orden-mundial\/","url":"https:\/\/www.sonoraenequipo.com.mx\/hacia-un-nuevo-orden-mundial\/","name":"Sonora en Equipo. \u00bfHacia un nuevo orden mundial? Especiales","isPartOf":{"@id":"https:\/\/www.sonoraenequipo.com.mx\/#website"},"primaryImageOfPage":{"@id":"https:\/\/www.sonoraenequipo.com.mx\/hacia-un-nuevo-orden-mundial\/#primaryimage"},"image":{"@id":"https:\/\/www.sonoraenequipo.com.mx\/hacia-un-nuevo-orden-mundial\/#primaryimage"},"thumbnailUrl":"https:\/\/www.sonoraenequipo.com.mx\/storage\/2024\/05\/El-nuevo-orden-mundial-min.jpg","datePublished":"2024-05-01T14:10:04+00:00","dateModified":"2024-05-01T18:34:00+00:00","description":"CIUDAD DE M\u00c9XICO. MX. \u2014 Hist\u00f3ricamente, el Estado de Israel ha violado todo orden jur\u00eddico internacional de manera sistem\u00e1tica con el apoyo de Estados En Sonora en Equipo publicamos toda la informaci\u00f3n de Sonora, M\u00e9xico y el Mundo de manera oportuna y busca que la libertad de expresi\u00f3n sea real. Visita nuestro medio informativo publicado desde Hermosillo, Sonora. %","breadcrumb":{"@id":"https:\/\/www.sonoraenequipo.com.mx\/hacia-un-nuevo-orden-mundial\/#breadcrumb"},"inLanguage":"es","potentialAction":[{"@type":"ReadAction","target":["https:\/\/www.sonoraenequipo.com.mx\/hacia-un-nuevo-orden-mundial\/"]}]},{"@type":"ImageObject","inLanguage":"es","@id":"https:\/\/www.sonoraenequipo.com.mx\/hacia-un-nuevo-orden-mundial\/#primaryimage","url":"https:\/\/www.sonoraenequipo.com.mx\/storage\/2024\/05\/El-nuevo-orden-mundial-min.jpg","contentUrl":"https:\/\/www.sonoraenequipo.com.mx\/storage\/2024\/05\/El-nuevo-orden-mundial-min.jpg","width":1024,"height":591},{"@type":"BreadcrumbList","@id":"https:\/\/www.sonoraenequipo.com.mx\/hacia-un-nuevo-orden-mundial\/#breadcrumb","itemListElement":[{"@type":"ListItem","position":1,"name":"Portada","item":"https:\/\/www.sonoraenequipo.com.mx\/"},{"@type":"ListItem","position":2,"name":"\u00bfHacia un nuevo orden mundial?"}]},{"@type":"WebSite","@id":"https:\/\/www.sonoraenequipo.com.mx\/#website","url":"https:\/\/www.sonoraenequipo.com.mx\/","name":"Sonora en Equipo.","description":"Diario en l\u00ednea con Noticias desde Hermosillo, Sonora","publisher":{"@id":"https:\/\/www.sonoraenequipo.com.mx\/#organization"},"potentialAction":[{"@type":"SearchAction","target":{"@type":"EntryPoint","urlTemplate":"https:\/\/www.sonoraenequipo.com.mx\/?s={search_term_string}"},"query-input":{"@type":"PropertyValueSpecification","valueRequired":true,"valueName":"search_term_string"}}],"inLanguage":"es"},{"@type":"Organization","@id":"https:\/\/www.sonoraenequipo.com.mx\/#organization","name":"Sonoraenequipo.com.mx","url":"https:\/\/www.sonoraenequipo.com.mx\/","logo":{"@type":"ImageObject","inLanguage":"es","@id":"https:\/\/www.sonoraenequipo.com.mx\/#\/schema\/logo\/image\/","url":"https:\/\/www.sonoraenequipo.com.mx\/storage\/2019\/01\/sonoraenequipo_opt.png","contentUrl":"https:\/\/www.sonoraenequipo.com.mx\/storage\/2019\/01\/sonoraenequipo_opt.png","width":375,"height":125,"caption":"Sonoraenequipo.com.mx"},"image":{"@id":"https:\/\/www.sonoraenequipo.com.mx\/#\/schema\/logo\/image\/"},"sameAs":["https:\/\/www.facebook.com\/SonoraEE\/","https:\/\/x.com\/sonoraenequipo","https:\/\/www.youtube.com\/channel\/UC338nW-lPEYmJQs4ZABQ1SQ"]},{"@type":"Person","@id":"https:\/\/www.sonoraenequipo.com.mx\/#\/schema\/person\/50102df0fb23a8fa9e8effad8fa81386","name":"enequipo","image":{"@type":"ImageObject","inLanguage":"es","@id":"https:\/\/www.sonoraenequipo.com.mx\/#\/schema\/person\/image\/","url":"https:\/\/secure.gravatar.com\/avatar\/049821681b589dabc0bc20695993ccebb09f5b5d4d790cd9251b97faac7c652b?s=96&d=blank&r=g","contentUrl":"https:\/\/secure.gravatar.com\/avatar\/049821681b589dabc0bc20695993ccebb09f5b5d4d790cd9251b97faac7c652b?s=96&d=blank&r=g","caption":"enequipo"},"sameAs":["https:\/\/www.facebook.com\/SonoraEE"]}]}},"jetpack_featured_media_url":"https:\/\/www.sonoraenequipo.com.mx\/storage\/2024\/05\/El-nuevo-orden-mundial-min.jpg","_links":{"self":[{"href":"https:\/\/www.sonoraenequipo.com.mx\/api\/wp\/v2\/posts\/188817","targetHints":{"allow":["GET"]}}],"collection":[{"href":"https:\/\/www.sonoraenequipo.com.mx\/api\/wp\/v2\/posts"}],"about":[{"href":"https:\/\/www.sonoraenequipo.com.mx\/api\/wp\/v2\/types\/post"}],"author":[{"embeddable":true,"href":"https:\/\/www.sonoraenequipo.com.mx\/api\/wp\/v2\/users\/1"}],"replies":[{"embeddable":true,"href":"https:\/\/www.sonoraenequipo.com.mx\/api\/wp\/v2\/comments?post=188817"}],"version-history":[{"count":1,"href":"https:\/\/www.sonoraenequipo.com.mx\/api\/wp\/v2\/posts\/188817\/revisions"}],"predecessor-version":[{"id":188819,"href":"https:\/\/www.sonoraenequipo.com.mx\/api\/wp\/v2\/posts\/188817\/revisions\/188819"}],"wp:featuredmedia":[{"embeddable":true,"href":"https:\/\/www.sonoraenequipo.com.mx\/api\/wp\/v2\/media\/188818"}],"wp:attachment":[{"href":"https:\/\/www.sonoraenequipo.com.mx\/api\/wp\/v2\/media?parent=188817"}],"wp:term":[{"taxonomy":"category","embeddable":true,"href":"https:\/\/www.sonoraenequipo.com.mx\/api\/wp\/v2\/categories?post=188817"},{"taxonomy":"post_tag","embeddable":true,"href":"https:\/\/www.sonoraenequipo.com.mx\/api\/wp\/v2\/tags?post=188817"}],"curies":[{"name":"wp","href":"https:\/\/api.w.org\/{rel}","templated":true}]}}