{"id":188820,"date":"2024-05-01T07:34:14","date_gmt":"2024-05-01T14:34:14","guid":{"rendered":"https:\/\/www.sonoraenequipo.com.mx\/?p=188820"},"modified":"2024-05-01T12:01:29","modified_gmt":"2024-05-01T19:01:29","slug":"evacuan-a-mas-12-mil-personas-temen-por-tsunami-tras-erupcion-del-volcan-ruang-en-indonesia","status":"publish","type":"post","link":"https:\/\/www.sonoraenequipo.com.mx\/evacuan-a-mas-12-mil-personas-temen-por-tsunami-tras-erupcion-del-volcan-ruang-en-indonesia\/","title":{"rendered":"Evacuan 12 mil personas por tsunami tras erupci\u00f3n del volc\u00e1n Ruang en Indonesia."},"content":{"rendered":"<p><strong>INDONESIA.\u2014<\/strong> Debido a la erupci\u00f3n del volc\u00e1n Ruang este martes en Indonesia, cerca de las 8:35 horas local, en la que se registr\u00f3 la expulsi\u00f3n de cenizas de hasta 5 kil\u00f3metros de altura y una columna de lava, se han prendido las alertas entre las autoridades locales, por lo que ya se inici\u00f3 con la evacuaci\u00f3n de 12 mil personas que viven en la Isla de Tagulandang, ya que existe el temor a un tsunami volc\u00e1nico.<\/p>\n<p>&nbsp;<\/p>\n<p>&nbsp;<\/p>\n<p>Las personas fueron evacuadas a refugios temporales y se eval\u00faa si ser\u00e1 necesario continuar con la evacuaci\u00f3n de m\u00e1s personas, por lo pronto se han cerrado escuelas y se han cancelado los vuelos en al menos siete aeropuertos.<\/p>\n<p>&nbsp;<\/p>\n<p>&nbsp;<\/p>\n<p>Personal del Centro de Vulcanolog\u00eda y Mitigaci\u00f3n de Desastres Geol\u00f3gicos (PVMBG) desconocen el tiempo que puede durar la erupci\u00f3n en el volc\u00e1n, pero siguen monitoreando su actividad para brindar mayor informaci\u00f3n a la poblaci\u00f3n sobre los riesgos que podr\u00eda implicar.<\/p>\n<p>&nbsp;<\/p>\n<p>&nbsp;<\/p>\n<p>PUBLICADO EL 01 DE MYO DE 2024 Con informaci\u00f3n de El Heraldo de M\u00e9xico)<\/p>\n","protected":false},"excerpt":{"rendered":"<p>INDONESIA.\u2014 Debido a la erupci\u00f3n del volc\u00e1n Ruang este martes en Indonesia, cerca de las&#8230;<\/p>\n","protected":false},"author":1,"featured_media":188821,"comment_status":"open","ping_status":"open","sticky":false,"template":"","format":"standard","meta":{"_monsterinsights_skip_tracking":false,"_monsterinsights_sitenote_active":false,"_monsterinsights_sitenote_note":"","_monsterinsights_sitenote_category":0,"footnotes":""},"categories":[3],"tags":[],"class_list":["post"],"yoast_head":" \n<title>Sonora en Equipo. Evacuan 12 mil personas por tsunami tras erupci\u00f3n del volc\u00e1n Ruang en Indonesia. MUNDO<\/title>\n<meta name=\"description\" content=\"INDONESIA.\u2014 Debido a la erupci\u00f3n del volc\u00e1n Ruang este martes en Indonesia, cerca de las 8:35 horas local, en la que se registr\u00f3 la expulsi\u00f3n de cenizas En Sonora en Equipo publicamos toda la informaci\u00f3n de Sonora, M\u00e9xico y el Mundo de manera oportuna y busca que la libertad de expresi\u00f3n sea real. Visita nuestro medio informativo publicado desde Hermosillo, Sonora. %\" \/>\n<meta name=\"robots\" content=\"index, follow, max-snippet:-1, max-image-preview:large, max-video-preview:-1\" \/>\n<link rel=\"canonical\" href=\"https:\/\/www.sonoraenequipo.com.mx\/evacuan-a-mas-12-mil-personas-temen-por-tsunami-tras-erupcion-del-volcan-ruang-en-indonesia\/\" \/>\n<meta property=\"og:locale\" content=\"es_ES\" \/>\n<meta property=\"og:type\" content=\"article\" \/>\n<meta property=\"og:title\" content=\"Sonora en Equipo. Evacuan 12 mil personas por tsunami tras erupci\u00f3n del volc\u00e1n Ruang en Indonesia. MUNDO\" \/>\n<meta property=\"og:description\" content=\"INDONESIA.\u2014 Debido a la erupci\u00f3n del volc\u00e1n Ruang este martes en Indonesia, cerca de las 8:35 horas local, en la que se registr\u00f3 la expulsi\u00f3n de cenizas En Sonora en Equipo publicamos toda la informaci\u00f3n de Sonora, M\u00e9xico y el Mundo de manera oportuna y busca que la libertad de expresi\u00f3n sea real. Visita nuestro medio informativo publicado desde Hermosillo, Sonora. %\" \/>\n<meta property=\"og:url\" content=\"https:\/\/www.sonoraenequipo.com.mx\/evacuan-a-mas-12-mil-personas-temen-por-tsunami-tras-erupcion-del-volcan-ruang-en-indonesia\/\" \/>\n<meta property=\"og:site_name\" content=\"Sonora en Equipo.\" \/>\n<meta property=\"article:publisher\" content=\"https:\/\/www.facebook.com\/SonoraEE\/\" \/>\n<meta property=\"article:author\" content=\"https:\/\/www.facebook.com\/SonoraEE\" \/>\n<meta property=\"article:published_time\" content=\"2024-05-01T14:34:14+00:00\" \/>\n<meta property=\"article:modified_time\" content=\"2024-05-01T19:01:29+00:00\" \/>\n<meta property=\"og:image\" content=\"https:\/\/www.sonoraenequipo.com.mx\/storage\/2024\/05\/volcan-Ruang-de-Indonesia-min.jpg\" \/>\n\t<meta property=\"og:image:width\" content=\"1200\" \/>\n\t<meta property=\"og:image:height\" content=\"674\" \/>\n\t<meta property=\"og:image:type\" content=\"image\/jpeg\" \/>\n<meta name=\"author\" content=\"enequipo\" \/>\n<meta name=\"twitter:card\" content=\"summary_large_image\" \/>\n<meta name=\"twitter:creator\" content=\"@sonoraenequipo\" \/>\n<meta name=\"twitter:site\" content=\"@sonoraenequipo\" \/>\n<meta name=\"twitter:label1\" content=\"Escrito por\" \/>\n\t<meta name=\"twitter:data1\" content=\"enequipo\" \/>\n\t<meta name=\"twitter:label2\" content=\"Tiempo de lectura\" \/>\n\t<meta name=\"twitter:data2\" content=\"1 minuto\" \/>\n<script type=\"application\/ld+json\" class=\"yoast-schema-graph\">{\"@context\":\"https:\/\/schema.org\",\"@graph\":[{\"@type\":\"Article\",\"@id\":\"https:\/\/www.sonoraenequipo.com.mx\/evacuan-a-mas-12-mil-personas-temen-por-tsunami-tras-erupcion-del-volcan-ruang-en-indonesia\/#article\",\"isPartOf\":{\"@id\":\"https:\/\/www.sonoraenequipo.com.mx\/evacuan-a-mas-12-mil-personas-temen-por-tsunami-tras-erupcion-del-volcan-ruang-en-indonesia\/\"},\"author\":{\"name\":\"enequipo\",\"@id\":\"https:\/\/www.sonoraenequipo.com.mx\/#\/schema\/person\/50102df0fb23a8fa9e8effad8fa81386\"},\"headline\":\"Evacuan 12 mil personas por tsunami tras erupci\u00f3n del volc\u00e1n Ruang en Indonesia.\",\"datePublished\":\"2024-05-01T14:34:14+00:00\",\"dateModified\":\"2024-05-01T19:01:29+00:00\",\"mainEntityOfPage\":{\"@id\":\"https:\/\/www.sonoraenequipo.com.mx\/evacuan-a-mas-12-mil-personas-temen-por-tsunami-tras-erupcion-del-volcan-ruang-en-indonesia\/\"},\"wordCount\":202,\"commentCount\":0,\"publisher\":{\"@id\":\"https:\/\/www.sonoraenequipo.com.mx\/#organization\"},\"image\":{\"@id\":\"https:\/\/www.sonoraenequipo.com.mx\/evacuan-a-mas-12-mil-personas-temen-por-tsunami-tras-erupcion-del-volcan-ruang-en-indonesia\/#primaryimage\"},\"thumbnailUrl\":\"https:\/\/www.sonoraenequipo.com.mx\/storage\/2024\/05\/volcan-Ruang-de-Indonesia-min.jpg\",\"articleSection\":[\"MUNDO\"],\"inLanguage\":\"es\",\"potentialAction\":[{\"@type\":\"CommentAction\",\"name\":\"Comment\",\"target\":[\"https:\/\/www.sonoraenequipo.com.mx\/evacuan-a-mas-12-mil-personas-temen-por-tsunami-tras-erupcion-del-volcan-ruang-en-indonesia\/#respond\"]}]},{\"@type\":\"WebPage\",\"@id\":\"https:\/\/www.sonoraenequipo.com.mx\/evacuan-a-mas-12-mil-personas-temen-por-tsunami-tras-erupcion-del-volcan-ruang-en-indonesia\/\",\"url\":\"https:\/\/www.sonoraenequipo.com.mx\/evacuan-a-mas-12-mil-personas-temen-por-tsunami-tras-erupcion-del-volcan-ruang-en-indonesia\/\",\"name\":\"Sonora en Equipo. Evacuan 12 mil personas por tsunami tras erupci\u00f3n del volc\u00e1n Ruang en Indonesia. MUNDO\",\"isPartOf\":{\"@id\":\"https:\/\/www.sonoraenequipo.com.mx\/#website\"},\"primaryImageOfPage\":{\"@id\":\"https:\/\/www.sonoraenequipo.com.mx\/evacuan-a-mas-12-mil-personas-temen-por-tsunami-tras-erupcion-del-volcan-ruang-en-indonesia\/#primaryimage\"},\"image\":{\"@id\":\"https:\/\/www.sonoraenequipo.com.mx\/evacuan-a-mas-12-mil-personas-temen-por-tsunami-tras-erupcion-del-volcan-ruang-en-indonesia\/#primaryimage\"},\"thumbnailUrl\":\"https:\/\/www.sonoraenequipo.com.mx\/storage\/2024\/05\/volcan-Ruang-de-Indonesia-min.jpg\",\"datePublished\":\"2024-05-01T14:34:14+00:00\",\"dateModified\":\"2024-05-01T19:01:29+00:00\",\"description\":\"INDONESIA.\u2014 Debido a la erupci\u00f3n del volc\u00e1n Ruang este martes en Indonesia, cerca de las 8:35 horas local, en la que se registr\u00f3 la expulsi\u00f3n de cenizas En Sonora en Equipo publicamos toda la informaci\u00f3n de Sonora, M\u00e9xico y el Mundo de manera oportuna y busca que la libertad de expresi\u00f3n sea real. Visita nuestro medio informativo publicado desde Hermosillo, Sonora. %\",\"breadcrumb\":{\"@id\":\"https:\/\/www.sonoraenequipo.com.mx\/evacuan-a-mas-12-mil-personas-temen-por-tsunami-tras-erupcion-del-volcan-ruang-en-indonesia\/#breadcrumb\"},\"inLanguage\":\"es\",\"potentialAction\":[{\"@type\":\"ReadAction\",\"target\":[\"https:\/\/www.sonoraenequipo.com.mx\/evacuan-a-mas-12-mil-personas-temen-por-tsunami-tras-erupcion-del-volcan-ruang-en-indonesia\/\"]}]},{\"@type\":\"ImageObject\",\"inLanguage\":\"es\",\"@id\":\"https:\/\/www.sonoraenequipo.com.mx\/evacuan-a-mas-12-mil-personas-temen-por-tsunami-tras-erupcion-del-volcan-ruang-en-indonesia\/#primaryimage\",\"url\":\"https:\/\/www.sonoraenequipo.com.mx\/storage\/2024\/05\/volcan-Ruang-de-Indonesia-min.jpg\",\"contentUrl\":\"https:\/\/www.sonoraenequipo.com.mx\/storage\/2024\/05\/volcan-Ruang-de-Indonesia-min.jpg\",\"width\":1200,\"height\":674},{\"@type\":\"BreadcrumbList\",\"@id\":\"https:\/\/www.sonoraenequipo.com.mx\/evacuan-a-mas-12-mil-personas-temen-por-tsunami-tras-erupcion-del-volcan-ruang-en-indonesia\/#breadcrumb\",\"itemListElement\":[{\"@type\":\"ListItem\",\"position\":1,\"name\":\"Portada\",\"item\":\"https:\/\/www.sonoraenequipo.com.mx\/\"},{\"@type\":\"ListItem\",\"position\":2,\"name\":\"Evacuan 12 mil personas por tsunami tras erupci\u00f3n del volc\u00e1n Ruang en Indonesia.\"}]},{\"@type\":\"WebSite\",\"@id\":\"https:\/\/www.sonoraenequipo.com.mx\/#website\",\"url\":\"https:\/\/www.sonoraenequipo.com.mx\/\",\"name\":\"Sonora en Equipo.\",\"description\":\"Diario en l\u00ednea con Noticias desde Hermosillo, Sonora\",\"publisher\":{\"@id\":\"https:\/\/www.sonoraenequipo.com.mx\/#organization\"},\"potentialAction\":[{\"@type\":\"SearchAction\",\"target\":{\"@type\":\"EntryPoint\",\"urlTemplate\":\"https:\/\/www.sonoraenequipo.com.mx\/?s={search_term_string}\"},\"query-input\":{\"@type\":\"PropertyValueSpecification\",\"valueRequired\":true,\"valueName\":\"search_term_string\"}}],\"inLanguage\":\"es\"},{\"@type\":\"Organization\",\"@id\":\"https:\/\/www.sonoraenequipo.com.mx\/#organization\",\"name\":\"Sonoraenequipo.com.mx\",\"url\":\"https:\/\/www.sonoraenequipo.com.mx\/\",\"logo\":{\"@type\":\"ImageObject\",\"inLanguage\":\"es\",\"@id\":\"https:\/\/www.sonoraenequipo.com.mx\/#\/schema\/logo\/image\/\",\"url\":\"https:\/\/www.sonoraenequipo.com.mx\/storage\/2019\/01\/sonoraenequipo_opt.png\",\"contentUrl\":\"https:\/\/www.sonoraenequipo.com.mx\/storage\/2019\/01\/sonoraenequipo_opt.png\",\"width\":375,\"height\":125,\"caption\":\"Sonoraenequipo.com.mx\"},\"image\":{\"@id\":\"https:\/\/www.sonoraenequipo.com.mx\/#\/schema\/logo\/image\/\"},\"sameAs\":[\"https:\/\/www.facebook.com\/SonoraEE\/\",\"https:\/\/x.com\/sonoraenequipo\",\"https:\/\/www.youtube.com\/channel\/UC338nW-lPEYmJQs4ZABQ1SQ\"]},{\"@type\":\"Person\",\"@id\":\"https:\/\/www.sonoraenequipo.com.mx\/#\/schema\/person\/50102df0fb23a8fa9e8effad8fa81386\",\"name\":\"enequipo\",\"image\":{\"@type\":\"ImageObject\",\"inLanguage\":\"es\",\"@id\":\"https:\/\/www.sonoraenequipo.com.mx\/#\/schema\/person\/image\/\",\"url\":\"https:\/\/secure.gravatar.com\/avatar\/049821681b589dabc0bc20695993ccebb09f5b5d4d790cd9251b97faac7c652b?s=96&d=blank&r=g\",\"contentUrl\":\"https:\/\/secure.gravatar.com\/avatar\/049821681b589dabc0bc20695993ccebb09f5b5d4d790cd9251b97faac7c652b?s=96&d=blank&r=g\",\"caption\":\"enequipo\"},\"sameAs\":[\"https:\/\/www.facebook.com\/SonoraEE\"]}]}<\/script>\n ","yoast_head_json":{"title":"Sonora en Equipo. Evacuan 12 mil personas por tsunami tras erupci\u00f3n del volc\u00e1n Ruang en Indonesia. MUNDO","description":"INDONESIA.\u2014 Debido a la erupci\u00f3n del volc\u00e1n Ruang este martes en Indonesia, cerca de las 8:35 horas local, en la que se registr\u00f3 la expulsi\u00f3n de cenizas En Sonora en Equipo publicamos toda la informaci\u00f3n de Sonora, M\u00e9xico y el Mundo de manera oportuna y busca que la libertad de expresi\u00f3n sea real. Visita nuestro medio informativo publicado desde Hermosillo, Sonora. %","robots":{"index":"index","follow":"follow","max-snippet":"max-snippet:-1","max-image-preview":"max-image-preview:large","max-video-preview":"max-video-preview:-1"},"canonical":"https:\/\/www.sonoraenequipo.com.mx\/evacuan-a-mas-12-mil-personas-temen-por-tsunami-tras-erupcion-del-volcan-ruang-en-indonesia\/","og_locale":"es_ES","og_type":"article","og_title":"Sonora en Equipo. Evacuan 12 mil personas por tsunami tras erupci\u00f3n del volc\u00e1n Ruang en Indonesia. MUNDO","og_description":"INDONESIA.\u2014 Debido a la erupci\u00f3n del volc\u00e1n Ruang este martes en Indonesia, cerca de las 8:35 horas local, en la que se registr\u00f3 la expulsi\u00f3n de cenizas En Sonora en Equipo publicamos toda la informaci\u00f3n de Sonora, M\u00e9xico y el Mundo de manera oportuna y busca que la libertad de expresi\u00f3n sea real. Visita nuestro medio informativo publicado desde Hermosillo, Sonora. %","og_url":"https:\/\/www.sonoraenequipo.com.mx\/evacuan-a-mas-12-mil-personas-temen-por-tsunami-tras-erupcion-del-volcan-ruang-en-indonesia\/","og_site_name":"Sonora en Equipo.","article_publisher":"https:\/\/www.facebook.com\/SonoraEE\/","article_author":"https:\/\/www.facebook.com\/SonoraEE","article_published_time":"2024-05-01T14:34:14+00:00","article_modified_time":"2024-05-01T19:01:29+00:00","og_image":[{"width":1200,"height":674,"url":"https:\/\/www.sonoraenequipo.com.mx\/storage\/2024\/05\/volcan-Ruang-de-Indonesia-min.jpg","type":"image\/jpeg"}],"author":"enequipo","twitter_card":"summary_large_image","twitter_creator":"@sonoraenequipo","twitter_site":"@sonoraenequipo","twitter_misc":{"Escrito por":"enequipo","Tiempo de lectura":"1 minuto"},"schema":{"@context":"https:\/\/schema.org","@graph":[{"@type":"Article","@id":"https:\/\/www.sonoraenequipo.com.mx\/evacuan-a-mas-12-mil-personas-temen-por-tsunami-tras-erupcion-del-volcan-ruang-en-indonesia\/#article","isPartOf":{"@id":"https:\/\/www.sonoraenequipo.com.mx\/evacuan-a-mas-12-mil-personas-temen-por-tsunami-tras-erupcion-del-volcan-ruang-en-indonesia\/"},"author":{"name":"enequipo","@id":"https:\/\/www.sonoraenequipo.com.mx\/#\/schema\/person\/50102df0fb23a8fa9e8effad8fa81386"},"headline":"Evacuan 12 mil personas por tsunami tras erupci\u00f3n del volc\u00e1n Ruang en Indonesia.","datePublished":"2024-05-01T14:34:14+00:00","dateModified":"2024-05-01T19:01:29+00:00","mainEntityOfPage":{"@id":"https:\/\/www.sonoraenequipo.com.mx\/evacuan-a-mas-12-mil-personas-temen-por-tsunami-tras-erupcion-del-volcan-ruang-en-indonesia\/"},"wordCount":202,"commentCount":0,"publisher":{"@id":"https:\/\/www.sonoraenequipo.com.mx\/#organization"},"image":{"@id":"https:\/\/www.sonoraenequipo.com.mx\/evacuan-a-mas-12-mil-personas-temen-por-tsunami-tras-erupcion-del-volcan-ruang-en-indonesia\/#primaryimage"},"thumbnailUrl":"https:\/\/www.sonoraenequipo.com.mx\/storage\/2024\/05\/volcan-Ruang-de-Indonesia-min.jpg","articleSection":["MUNDO"],"inLanguage":"es","potentialAction":[{"@type":"CommentAction","name":"Comment","target":["https:\/\/www.sonoraenequipo.com.mx\/evacuan-a-mas-12-mil-personas-temen-por-tsunami-tras-erupcion-del-volcan-ruang-en-indonesia\/#respond"]}]},{"@type":"WebPage","@id":"https:\/\/www.sonoraenequipo.com.mx\/evacuan-a-mas-12-mil-personas-temen-por-tsunami-tras-erupcion-del-volcan-ruang-en-indonesia\/","url":"https:\/\/www.sonoraenequipo.com.mx\/evacuan-a-mas-12-mil-personas-temen-por-tsunami-tras-erupcion-del-volcan-ruang-en-indonesia\/","name":"Sonora en Equipo. Evacuan 12 mil personas por tsunami tras erupci\u00f3n del volc\u00e1n Ruang en Indonesia. MUNDO","isPartOf":{"@id":"https:\/\/www.sonoraenequipo.com.mx\/#website"},"primaryImageOfPage":{"@id":"https:\/\/www.sonoraenequipo.com.mx\/evacuan-a-mas-12-mil-personas-temen-por-tsunami-tras-erupcion-del-volcan-ruang-en-indonesia\/#primaryimage"},"image":{"@id":"https:\/\/www.sonoraenequipo.com.mx\/evacuan-a-mas-12-mil-personas-temen-por-tsunami-tras-erupcion-del-volcan-ruang-en-indonesia\/#primaryimage"},"thumbnailUrl":"https:\/\/www.sonoraenequipo.com.mx\/storage\/2024\/05\/volcan-Ruang-de-Indonesia-min.jpg","datePublished":"2024-05-01T14:34:14+00:00","dateModified":"2024-05-01T19:01:29+00:00","description":"INDONESIA.\u2014 Debido a la erupci\u00f3n del volc\u00e1n Ruang este martes en Indonesia, cerca de las 8:35 horas local, en la que se registr\u00f3 la expulsi\u00f3n de cenizas En Sonora en Equipo publicamos toda la informaci\u00f3n de Sonora, M\u00e9xico y el Mundo de manera oportuna y busca que la libertad de expresi\u00f3n sea real. Visita nuestro medio informativo publicado desde Hermosillo, Sonora. %","breadcrumb":{"@id":"https:\/\/www.sonoraenequipo.com.mx\/evacuan-a-mas-12-mil-personas-temen-por-tsunami-tras-erupcion-del-volcan-ruang-en-indonesia\/#breadcrumb"},"inLanguage":"es","potentialAction":[{"@type":"ReadAction","target":["https:\/\/www.sonoraenequipo.com.mx\/evacuan-a-mas-12-mil-personas-temen-por-tsunami-tras-erupcion-del-volcan-ruang-en-indonesia\/"]}]},{"@type":"ImageObject","inLanguage":"es","@id":"https:\/\/www.sonoraenequipo.com.mx\/evacuan-a-mas-12-mil-personas-temen-por-tsunami-tras-erupcion-del-volcan-ruang-en-indonesia\/#primaryimage","url":"https:\/\/www.sonoraenequipo.com.mx\/storage\/2024\/05\/volcan-Ruang-de-Indonesia-min.jpg","contentUrl":"https:\/\/www.sonoraenequipo.com.mx\/storage\/2024\/05\/volcan-Ruang-de-Indonesia-min.jpg","width":1200,"height":674},{"@type":"BreadcrumbList","@id":"https:\/\/www.sonoraenequipo.com.mx\/evacuan-a-mas-12-mil-personas-temen-por-tsunami-tras-erupcion-del-volcan-ruang-en-indonesia\/#breadcrumb","itemListElement":[{"@type":"ListItem","position":1,"name":"Portada","item":"https:\/\/www.sonoraenequipo.com.mx\/"},{"@type":"ListItem","position":2,"name":"Evacuan 12 mil personas por tsunami tras erupci\u00f3n del volc\u00e1n Ruang en Indonesia."}]},{"@type":"WebSite","@id":"https:\/\/www.sonoraenequipo.com.mx\/#website","url":"https:\/\/www.sonoraenequipo.com.mx\/","name":"Sonora en Equipo.","description":"Diario en l\u00ednea con Noticias desde Hermosillo, Sonora","publisher":{"@id":"https:\/\/www.sonoraenequipo.com.mx\/#organization"},"potentialAction":[{"@type":"SearchAction","target":{"@type":"EntryPoint","urlTemplate":"https:\/\/www.sonoraenequipo.com.mx\/?s={search_term_string}"},"query-input":{"@type":"PropertyValueSpecification","valueRequired":true,"valueName":"search_term_string"}}],"inLanguage":"es"},{"@type":"Organization","@id":"https:\/\/www.sonoraenequipo.com.mx\/#organization","name":"Sonoraenequipo.com.mx","url":"https:\/\/www.sonoraenequipo.com.mx\/","logo":{"@type":"ImageObject","inLanguage":"es","@id":"https:\/\/www.sonoraenequipo.com.mx\/#\/schema\/logo\/image\/","url":"https:\/\/www.sonoraenequipo.com.mx\/storage\/2019\/01\/sonoraenequipo_opt.png","contentUrl":"https:\/\/www.sonoraenequipo.com.mx\/storage\/2019\/01\/sonoraenequipo_opt.png","width":375,"height":125,"caption":"Sonoraenequipo.com.mx"},"image":{"@id":"https:\/\/www.sonoraenequipo.com.mx\/#\/schema\/logo\/image\/"},"sameAs":["https:\/\/www.facebook.com\/SonoraEE\/","https:\/\/x.com\/sonoraenequipo","https:\/\/www.youtube.com\/channel\/UC338nW-lPEYmJQs4ZABQ1SQ"]},{"@type":"Person","@id":"https:\/\/www.sonoraenequipo.com.mx\/#\/schema\/person\/50102df0fb23a8fa9e8effad8fa81386","name":"enequipo","image":{"@type":"ImageObject","inLanguage":"es","@id":"https:\/\/www.sonoraenequipo.com.mx\/#\/schema\/person\/image\/","url":"https:\/\/secure.gravatar.com\/avatar\/049821681b589dabc0bc20695993ccebb09f5b5d4d790cd9251b97faac7c652b?s=96&d=blank&r=g","contentUrl":"https:\/\/secure.gravatar.com\/avatar\/049821681b589dabc0bc20695993ccebb09f5b5d4d790cd9251b97faac7c652b?s=96&d=blank&r=g","caption":"enequipo"},"sameAs":["https:\/\/www.facebook.com\/SonoraEE"]}]}},"jetpack_featured_media_url":"https:\/\/www.sonoraenequipo.com.mx\/storage\/2024\/05\/volcan-Ruang-de-Indonesia-min.jpg","_links":{"self":[{"href":"https:\/\/www.sonoraenequipo.com.mx\/api\/wp\/v2\/posts\/188820","targetHints":{"allow":["GET"]}}],"collection":[{"href":"https:\/\/www.sonoraenequipo.com.mx\/api\/wp\/v2\/posts"}],"about":[{"href":"https:\/\/www.sonoraenequipo.com.mx\/api\/wp\/v2\/types\/post"}],"author":[{"embeddable":true,"href":"https:\/\/www.sonoraenequipo.com.mx\/api\/wp\/v2\/users\/1"}],"replies":[{"embeddable":true,"href":"https:\/\/www.sonoraenequipo.com.mx\/api\/wp\/v2\/comments?post=188820"}],"version-history":[{"count":2,"href":"https:\/\/www.sonoraenequipo.com.mx\/api\/wp\/v2\/posts\/188820\/revisions"}],"predecessor-version":[{"id":188823,"href":"https:\/\/www.sonoraenequipo.com.mx\/api\/wp\/v2\/posts\/188820\/revisions\/188823"}],"wp:featuredmedia":[{"embeddable":true,"href":"https:\/\/www.sonoraenequipo.com.mx\/api\/wp\/v2\/media\/188821"}],"wp:attachment":[{"href":"https:\/\/www.sonoraenequipo.com.mx\/api\/wp\/v2\/media?parent=188820"}],"wp:term":[{"taxonomy":"category","embeddable":true,"href":"https:\/\/www.sonoraenequipo.com.mx\/api\/wp\/v2\/categories?post=188820"},{"taxonomy":"post_tag","embeddable":true,"href":"https:\/\/www.sonoraenequipo.com.mx\/api\/wp\/v2\/tags?post=188820"}],"curies":[{"name":"wp","href":"https:\/\/api.w.org\/{rel}","templated":true}]}}