{"id":188825,"date":"2024-05-01T08:13:00","date_gmt":"2024-05-01T15:13:00","guid":{"rendered":"https:\/\/www.sonoraenequipo.com.mx\/?p=188825"},"modified":"2024-05-01T17:10:40","modified_gmt":"2024-05-02T00:10:40","slug":"se-forma-el-primer-huracan-de-la-temporada-2024-alberto-podria-causar-danos","status":"publish","type":"post","link":"https:\/\/www.sonoraenequipo.com.mx\/se-forma-el-primer-huracan-de-la-temporada-2024-alberto-podria-causar-danos\/","title":{"rendered":"\u00bfAlberto, el primer hurac\u00e1n de la temporada causar\u00e1 muchos da\u00f1os en M\u00e9xico?"},"content":{"rendered":"\n<p><\/p>\n\n\n<p><strong>CIUDAD DE M\u00c9XICO. MX. \u2014<\/strong> La Temporada de Huracanes 2024 en M\u00e9xico est\u00e1 a la vuelta de la esquina y el National Hurricane Center (NHC) de Estados Unidos ha confirmado ya la fecha en que espera la llegada del Hurac\u00e1n Alberto, el primero de estos fen\u00f3menos, al Golfo de M\u00e9xico y Mar Caribe. Consulta en N+ cu\u00e1ndo llega y los estados que ser\u00edan afectados por su trayectoria.<\/p>\n<p><\/p>\n<p> <\/p>\n<p>En un reporte difundido recientemente, el Centro Nacional de Huracanes de Estados Unidos precis\u00f3 que, aunque no hay fen\u00f3menos meteorol\u00f3gicos activos en estos momentos en el Atl\u00e1ntico, el pron\u00f3stico basado en modelos cient\u00edficos indica que se espera el desarrollo del Hurac\u00e1n Alberto 2024 la primera semana de junio.<\/p>\n<p><\/p>\n<p>De acuerdo con los datos anunciados por el NHC, \u00f3rgano dependiente de la Oficina Nacional de Administraci\u00f3n Oce\u00e1nica y Atmosf\u00e9rica (NOAA por sus siglas en ingl\u00e9s), el Hurac\u00e1n Alberto podr\u00eda ocasionar fuertes lluvias, r\u00e1fagas de viento sostenido y aumento en el oleaje de la zona sur y Golfo de M\u00e9xico.<\/p>\n<p><\/p>\n<p>De tal manera que la llegada del hurac\u00e1n Alberto est\u00e1 estimada para que toque tierra en M\u00e9xico el pr\u00f3ximo <strong>1 de junio<\/strong>, situaci\u00f3n que pondr\u00eda en riesgo a varias entidades del pa\u00eds tales como:<\/p>\n<p><\/p>\n<p><strong>Veracruz.<\/strong><\/p>\n<p><strong>Tabasco.<\/strong><\/p>\n<p><strong>Quintana Roo.<\/strong><\/p>\n<p><strong>Yucat\u00e1n.<\/strong><\/p>\n<p><strong>Campeche.<\/strong><\/p>\n<p><strong>Tamaulipas.<\/strong><\/p>\n<p><\/p>\n<p>De alcanzar a las costas mexicanas, Alberto dejar\u00eda graves afectaciones como marejadas cicl\u00f3nicas con el aumento repentino del nivel del agua; fuertes vientos; as\u00ed como lluvias intensas que generar\u00edan inundaciones.<\/p>\n<p><\/p>\n<p>PUBLICADO EL 01 DE MYO DE 2024 Con informaci\u00f3n de El Heraldo de M\u00e9xico.)<\/p>","protected":false},"excerpt":{"rendered":"<p>CIUDAD DE M\u00c9XICO. MX. \u2014 La Temporada de Huracanes 2024 en M\u00e9xico est\u00e1 a la&#8230;<\/p>\n","protected":false},"author":1,"featured_media":188857,"comment_status":"open","ping_status":"open","sticky":false,"template":"","format":"standard","meta":{"_monsterinsights_skip_tracking":false,"_monsterinsights_sitenote_active":false,"_monsterinsights_sitenote_note":"","_monsterinsights_sitenote_category":0,"footnotes":""},"categories":[3],"tags":[],"class_list":["post"],"yoast_head":" \n<title>Sonora en Equipo. \u00bfAlberto, el primer hurac\u00e1n de la temporada causar\u00e1 muchos da\u00f1os en M\u00e9xico? MUNDO<\/title>\n<meta name=\"description\" content=\"CIUDAD DE M\u00c9XICO. MX. \u2014 La Temporada de Huracanes 2024 en M\u00e9xico est\u00e1 a la vuelta de la esquina y el National Hurricane Center (NHC) de Estados Unidos ha En Sonora en Equipo publicamos toda la informaci\u00f3n de Sonora, M\u00e9xico y el Mundo de manera oportuna y busca que la libertad de expresi\u00f3n sea real. Visita nuestro medio informativo publicado desde Hermosillo, Sonora. %\" \/>\n<meta name=\"robots\" content=\"index, follow, max-snippet:-1, max-image-preview:large, max-video-preview:-1\" \/>\n<link rel=\"canonical\" href=\"https:\/\/www.sonoraenequipo.com.mx\/se-forma-el-primer-huracan-de-la-temporada-2024-alberto-podria-causar-danos\/\" \/>\n<meta property=\"og:locale\" content=\"es_ES\" \/>\n<meta property=\"og:type\" content=\"article\" \/>\n<meta property=\"og:title\" content=\"Sonora en Equipo. \u00bfAlberto, el primer hurac\u00e1n de la temporada causar\u00e1 muchos da\u00f1os en M\u00e9xico? MUNDO\" \/>\n<meta property=\"og:description\" content=\"CIUDAD DE M\u00c9XICO. MX. \u2014 La Temporada de Huracanes 2024 en M\u00e9xico est\u00e1 a la vuelta de la esquina y el National Hurricane Center (NHC) de Estados Unidos ha En Sonora en Equipo publicamos toda la informaci\u00f3n de Sonora, M\u00e9xico y el Mundo de manera oportuna y busca que la libertad de expresi\u00f3n sea real. Visita nuestro medio informativo publicado desde Hermosillo, Sonora. %\" \/>\n<meta property=\"og:url\" content=\"https:\/\/www.sonoraenequipo.com.mx\/se-forma-el-primer-huracan-de-la-temporada-2024-alberto-podria-causar-danos\/\" \/>\n<meta property=\"og:site_name\" content=\"Sonora en Equipo.\" \/>\n<meta property=\"article:publisher\" content=\"https:\/\/www.facebook.com\/SonoraEE\/\" \/>\n<meta property=\"article:author\" content=\"https:\/\/www.facebook.com\/SonoraEE\" \/>\n<meta property=\"article:published_time\" content=\"2024-05-01T15:13:00+00:00\" \/>\n<meta property=\"article:modified_time\" content=\"2024-05-02T00:10:40+00:00\" \/>\n<meta property=\"og:image\" content=\"https:\/\/www.sonoraenequipo.com.mx\/storage\/2024\/06\/cna-mexico-min.jpg\" \/>\n\t<meta property=\"og:image:width\" content=\"900\" \/>\n\t<meta property=\"og:image:height\" content=\"536\" \/>\n\t<meta property=\"og:image:type\" content=\"image\/jpeg\" \/>\n<meta name=\"author\" content=\"enequipo\" \/>\n<meta name=\"twitter:card\" content=\"summary_large_image\" \/>\n<meta name=\"twitter:creator\" content=\"@sonoraenequipo\" \/>\n<meta name=\"twitter:site\" content=\"@sonoraenequipo\" \/>\n<meta name=\"twitter:label1\" content=\"Escrito por\" \/>\n\t<meta name=\"twitter:data1\" content=\"enequipo\" \/>\n\t<meta name=\"twitter:label2\" content=\"Tiempo de lectura\" \/>\n\t<meta name=\"twitter:data2\" content=\"1 minuto\" \/>\n<script type=\"application\/ld+json\" class=\"yoast-schema-graph\">{\"@context\":\"https:\/\/schema.org\",\"@graph\":[{\"@type\":\"Article\",\"@id\":\"https:\/\/www.sonoraenequipo.com.mx\/se-forma-el-primer-huracan-de-la-temporada-2024-alberto-podria-causar-danos\/#article\",\"isPartOf\":{\"@id\":\"https:\/\/www.sonoraenequipo.com.mx\/se-forma-el-primer-huracan-de-la-temporada-2024-alberto-podria-causar-danos\/\"},\"author\":{\"name\":\"enequipo\",\"@id\":\"https:\/\/www.sonoraenequipo.com.mx\/#\/schema\/person\/50102df0fb23a8fa9e8effad8fa81386\"},\"headline\":\"\u00bfAlberto, el primer hurac\u00e1n de la temporada causar\u00e1 muchos da\u00f1os en M\u00e9xico?\",\"datePublished\":\"2024-05-01T15:13:00+00:00\",\"dateModified\":\"2024-05-02T00:10:40+00:00\",\"mainEntityOfPage\":{\"@id\":\"https:\/\/www.sonoraenequipo.com.mx\/se-forma-el-primer-huracan-de-la-temporada-2024-alberto-podria-causar-danos\/\"},\"wordCount\":292,\"commentCount\":0,\"publisher\":{\"@id\":\"https:\/\/www.sonoraenequipo.com.mx\/#organization\"},\"image\":{\"@id\":\"https:\/\/www.sonoraenequipo.com.mx\/se-forma-el-primer-huracan-de-la-temporada-2024-alberto-podria-causar-danos\/#primaryimage\"},\"thumbnailUrl\":\"https:\/\/www.sonoraenequipo.com.mx\/storage\/2024\/06\/cna-mexico-min.jpg\",\"articleSection\":[\"MUNDO\"],\"inLanguage\":\"es\",\"potentialAction\":[{\"@type\":\"CommentAction\",\"name\":\"Comment\",\"target\":[\"https:\/\/www.sonoraenequipo.com.mx\/se-forma-el-primer-huracan-de-la-temporada-2024-alberto-podria-causar-danos\/#respond\"]}]},{\"@type\":\"WebPage\",\"@id\":\"https:\/\/www.sonoraenequipo.com.mx\/se-forma-el-primer-huracan-de-la-temporada-2024-alberto-podria-causar-danos\/\",\"url\":\"https:\/\/www.sonoraenequipo.com.mx\/se-forma-el-primer-huracan-de-la-temporada-2024-alberto-podria-causar-danos\/\",\"name\":\"Sonora en Equipo. \u00bfAlberto, el primer hurac\u00e1n de la temporada causar\u00e1 muchos da\u00f1os en M\u00e9xico? MUNDO\",\"isPartOf\":{\"@id\":\"https:\/\/www.sonoraenequipo.com.mx\/#website\"},\"primaryImageOfPage\":{\"@id\":\"https:\/\/www.sonoraenequipo.com.mx\/se-forma-el-primer-huracan-de-la-temporada-2024-alberto-podria-causar-danos\/#primaryimage\"},\"image\":{\"@id\":\"https:\/\/www.sonoraenequipo.com.mx\/se-forma-el-primer-huracan-de-la-temporada-2024-alberto-podria-causar-danos\/#primaryimage\"},\"thumbnailUrl\":\"https:\/\/www.sonoraenequipo.com.mx\/storage\/2024\/06\/cna-mexico-min.jpg\",\"datePublished\":\"2024-05-01T15:13:00+00:00\",\"dateModified\":\"2024-05-02T00:10:40+00:00\",\"description\":\"CIUDAD DE M\u00c9XICO. MX. \u2014 La Temporada de Huracanes 2024 en M\u00e9xico est\u00e1 a la vuelta de la esquina y el National Hurricane Center (NHC) de Estados Unidos ha En Sonora en Equipo publicamos toda la informaci\u00f3n de Sonora, M\u00e9xico y el Mundo de manera oportuna y busca que la libertad de expresi\u00f3n sea real. Visita nuestro medio informativo publicado desde Hermosillo, Sonora. %\",\"breadcrumb\":{\"@id\":\"https:\/\/www.sonoraenequipo.com.mx\/se-forma-el-primer-huracan-de-la-temporada-2024-alberto-podria-causar-danos\/#breadcrumb\"},\"inLanguage\":\"es\",\"potentialAction\":[{\"@type\":\"ReadAction\",\"target\":[\"https:\/\/www.sonoraenequipo.com.mx\/se-forma-el-primer-huracan-de-la-temporada-2024-alberto-podria-causar-danos\/\"]}]},{\"@type\":\"ImageObject\",\"inLanguage\":\"es\",\"@id\":\"https:\/\/www.sonoraenequipo.com.mx\/se-forma-el-primer-huracan-de-la-temporada-2024-alberto-podria-causar-danos\/#primaryimage\",\"url\":\"https:\/\/www.sonoraenequipo.com.mx\/storage\/2024\/06\/cna-mexico-min.jpg\",\"contentUrl\":\"https:\/\/www.sonoraenequipo.com.mx\/storage\/2024\/06\/cna-mexico-min.jpg\",\"width\":900,\"height\":536},{\"@type\":\"BreadcrumbList\",\"@id\":\"https:\/\/www.sonoraenequipo.com.mx\/se-forma-el-primer-huracan-de-la-temporada-2024-alberto-podria-causar-danos\/#breadcrumb\",\"itemListElement\":[{\"@type\":\"ListItem\",\"position\":1,\"name\":\"Portada\",\"item\":\"https:\/\/www.sonoraenequipo.com.mx\/\"},{\"@type\":\"ListItem\",\"position\":2,\"name\":\"\u00bfAlberto, el primer hurac\u00e1n de la temporada causar\u00e1 muchos da\u00f1os en M\u00e9xico?\"}]},{\"@type\":\"WebSite\",\"@id\":\"https:\/\/www.sonoraenequipo.com.mx\/#website\",\"url\":\"https:\/\/www.sonoraenequipo.com.mx\/\",\"name\":\"Sonora en Equipo.\",\"description\":\"Diario en l\u00ednea con Noticias desde Hermosillo, Sonora\",\"publisher\":{\"@id\":\"https:\/\/www.sonoraenequipo.com.mx\/#organization\"},\"potentialAction\":[{\"@type\":\"SearchAction\",\"target\":{\"@type\":\"EntryPoint\",\"urlTemplate\":\"https:\/\/www.sonoraenequipo.com.mx\/?s={search_term_string}\"},\"query-input\":{\"@type\":\"PropertyValueSpecification\",\"valueRequired\":true,\"valueName\":\"search_term_string\"}}],\"inLanguage\":\"es\"},{\"@type\":\"Organization\",\"@id\":\"https:\/\/www.sonoraenequipo.com.mx\/#organization\",\"name\":\"Sonoraenequipo.com.mx\",\"url\":\"https:\/\/www.sonoraenequipo.com.mx\/\",\"logo\":{\"@type\":\"ImageObject\",\"inLanguage\":\"es\",\"@id\":\"https:\/\/www.sonoraenequipo.com.mx\/#\/schema\/logo\/image\/\",\"url\":\"https:\/\/www.sonoraenequipo.com.mx\/storage\/2019\/01\/sonoraenequipo_opt.png\",\"contentUrl\":\"https:\/\/www.sonoraenequipo.com.mx\/storage\/2019\/01\/sonoraenequipo_opt.png\",\"width\":375,\"height\":125,\"caption\":\"Sonoraenequipo.com.mx\"},\"image\":{\"@id\":\"https:\/\/www.sonoraenequipo.com.mx\/#\/schema\/logo\/image\/\"},\"sameAs\":[\"https:\/\/www.facebook.com\/SonoraEE\/\",\"https:\/\/x.com\/sonoraenequipo\",\"https:\/\/www.youtube.com\/channel\/UC338nW-lPEYmJQs4ZABQ1SQ\"]},{\"@type\":\"Person\",\"@id\":\"https:\/\/www.sonoraenequipo.com.mx\/#\/schema\/person\/50102df0fb23a8fa9e8effad8fa81386\",\"name\":\"enequipo\",\"image\":{\"@type\":\"ImageObject\",\"inLanguage\":\"es\",\"@id\":\"https:\/\/www.sonoraenequipo.com.mx\/#\/schema\/person\/image\/\",\"url\":\"https:\/\/secure.gravatar.com\/avatar\/049821681b589dabc0bc20695993ccebb09f5b5d4d790cd9251b97faac7c652b?s=96&d=blank&r=g\",\"contentUrl\":\"https:\/\/secure.gravatar.com\/avatar\/049821681b589dabc0bc20695993ccebb09f5b5d4d790cd9251b97faac7c652b?s=96&d=blank&r=g\",\"caption\":\"enequipo\"},\"sameAs\":[\"https:\/\/www.facebook.com\/SonoraEE\"]}]}<\/script>\n ","yoast_head_json":{"title":"Sonora en Equipo. \u00bfAlberto, el primer hurac\u00e1n de la temporada causar\u00e1 muchos da\u00f1os en M\u00e9xico? MUNDO","description":"CIUDAD DE M\u00c9XICO. MX. \u2014 La Temporada de Huracanes 2024 en M\u00e9xico est\u00e1 a la vuelta de la esquina y el National Hurricane Center (NHC) de Estados Unidos ha En Sonora en Equipo publicamos toda la informaci\u00f3n de Sonora, M\u00e9xico y el Mundo de manera oportuna y busca que la libertad de expresi\u00f3n sea real. Visita nuestro medio informativo publicado desde Hermosillo, Sonora. %","robots":{"index":"index","follow":"follow","max-snippet":"max-snippet:-1","max-image-preview":"max-image-preview:large","max-video-preview":"max-video-preview:-1"},"canonical":"https:\/\/www.sonoraenequipo.com.mx\/se-forma-el-primer-huracan-de-la-temporada-2024-alberto-podria-causar-danos\/","og_locale":"es_ES","og_type":"article","og_title":"Sonora en Equipo. \u00bfAlberto, el primer hurac\u00e1n de la temporada causar\u00e1 muchos da\u00f1os en M\u00e9xico? MUNDO","og_description":"CIUDAD DE M\u00c9XICO. MX. \u2014 La Temporada de Huracanes 2024 en M\u00e9xico est\u00e1 a la vuelta de la esquina y el National Hurricane Center (NHC) de Estados Unidos ha En Sonora en Equipo publicamos toda la informaci\u00f3n de Sonora, M\u00e9xico y el Mundo de manera oportuna y busca que la libertad de expresi\u00f3n sea real. Visita nuestro medio informativo publicado desde Hermosillo, Sonora. %","og_url":"https:\/\/www.sonoraenequipo.com.mx\/se-forma-el-primer-huracan-de-la-temporada-2024-alberto-podria-causar-danos\/","og_site_name":"Sonora en Equipo.","article_publisher":"https:\/\/www.facebook.com\/SonoraEE\/","article_author":"https:\/\/www.facebook.com\/SonoraEE","article_published_time":"2024-05-01T15:13:00+00:00","article_modified_time":"2024-05-02T00:10:40+00:00","og_image":[{"width":900,"height":536,"url":"https:\/\/www.sonoraenequipo.com.mx\/storage\/2024\/06\/cna-mexico-min.jpg","type":"image\/jpeg"}],"author":"enequipo","twitter_card":"summary_large_image","twitter_creator":"@sonoraenequipo","twitter_site":"@sonoraenequipo","twitter_misc":{"Escrito por":"enequipo","Tiempo de lectura":"1 minuto"},"schema":{"@context":"https:\/\/schema.org","@graph":[{"@type":"Article","@id":"https:\/\/www.sonoraenequipo.com.mx\/se-forma-el-primer-huracan-de-la-temporada-2024-alberto-podria-causar-danos\/#article","isPartOf":{"@id":"https:\/\/www.sonoraenequipo.com.mx\/se-forma-el-primer-huracan-de-la-temporada-2024-alberto-podria-causar-danos\/"},"author":{"name":"enequipo","@id":"https:\/\/www.sonoraenequipo.com.mx\/#\/schema\/person\/50102df0fb23a8fa9e8effad8fa81386"},"headline":"\u00bfAlberto, el primer hurac\u00e1n de la temporada causar\u00e1 muchos da\u00f1os en M\u00e9xico?","datePublished":"2024-05-01T15:13:00+00:00","dateModified":"2024-05-02T00:10:40+00:00","mainEntityOfPage":{"@id":"https:\/\/www.sonoraenequipo.com.mx\/se-forma-el-primer-huracan-de-la-temporada-2024-alberto-podria-causar-danos\/"},"wordCount":292,"commentCount":0,"publisher":{"@id":"https:\/\/www.sonoraenequipo.com.mx\/#organization"},"image":{"@id":"https:\/\/www.sonoraenequipo.com.mx\/se-forma-el-primer-huracan-de-la-temporada-2024-alberto-podria-causar-danos\/#primaryimage"},"thumbnailUrl":"https:\/\/www.sonoraenequipo.com.mx\/storage\/2024\/06\/cna-mexico-min.jpg","articleSection":["MUNDO"],"inLanguage":"es","potentialAction":[{"@type":"CommentAction","name":"Comment","target":["https:\/\/www.sonoraenequipo.com.mx\/se-forma-el-primer-huracan-de-la-temporada-2024-alberto-podria-causar-danos\/#respond"]}]},{"@type":"WebPage","@id":"https:\/\/www.sonoraenequipo.com.mx\/se-forma-el-primer-huracan-de-la-temporada-2024-alberto-podria-causar-danos\/","url":"https:\/\/www.sonoraenequipo.com.mx\/se-forma-el-primer-huracan-de-la-temporada-2024-alberto-podria-causar-danos\/","name":"Sonora en Equipo. \u00bfAlberto, el primer hurac\u00e1n de la temporada causar\u00e1 muchos da\u00f1os en M\u00e9xico? MUNDO","isPartOf":{"@id":"https:\/\/www.sonoraenequipo.com.mx\/#website"},"primaryImageOfPage":{"@id":"https:\/\/www.sonoraenequipo.com.mx\/se-forma-el-primer-huracan-de-la-temporada-2024-alberto-podria-causar-danos\/#primaryimage"},"image":{"@id":"https:\/\/www.sonoraenequipo.com.mx\/se-forma-el-primer-huracan-de-la-temporada-2024-alberto-podria-causar-danos\/#primaryimage"},"thumbnailUrl":"https:\/\/www.sonoraenequipo.com.mx\/storage\/2024\/06\/cna-mexico-min.jpg","datePublished":"2024-05-01T15:13:00+00:00","dateModified":"2024-05-02T00:10:40+00:00","description":"CIUDAD DE M\u00c9XICO. MX. \u2014 La Temporada de Huracanes 2024 en M\u00e9xico est\u00e1 a la vuelta de la esquina y el National Hurricane Center (NHC) de Estados Unidos ha En Sonora en Equipo publicamos toda la informaci\u00f3n de Sonora, M\u00e9xico y el Mundo de manera oportuna y busca que la libertad de expresi\u00f3n sea real. Visita nuestro medio informativo publicado desde Hermosillo, Sonora. %","breadcrumb":{"@id":"https:\/\/www.sonoraenequipo.com.mx\/se-forma-el-primer-huracan-de-la-temporada-2024-alberto-podria-causar-danos\/#breadcrumb"},"inLanguage":"es","potentialAction":[{"@type":"ReadAction","target":["https:\/\/www.sonoraenequipo.com.mx\/se-forma-el-primer-huracan-de-la-temporada-2024-alberto-podria-causar-danos\/"]}]},{"@type":"ImageObject","inLanguage":"es","@id":"https:\/\/www.sonoraenequipo.com.mx\/se-forma-el-primer-huracan-de-la-temporada-2024-alberto-podria-causar-danos\/#primaryimage","url":"https:\/\/www.sonoraenequipo.com.mx\/storage\/2024\/06\/cna-mexico-min.jpg","contentUrl":"https:\/\/www.sonoraenequipo.com.mx\/storage\/2024\/06\/cna-mexico-min.jpg","width":900,"height":536},{"@type":"BreadcrumbList","@id":"https:\/\/www.sonoraenequipo.com.mx\/se-forma-el-primer-huracan-de-la-temporada-2024-alberto-podria-causar-danos\/#breadcrumb","itemListElement":[{"@type":"ListItem","position":1,"name":"Portada","item":"https:\/\/www.sonoraenequipo.com.mx\/"},{"@type":"ListItem","position":2,"name":"\u00bfAlberto, el primer hurac\u00e1n de la temporada causar\u00e1 muchos da\u00f1os en M\u00e9xico?"}]},{"@type":"WebSite","@id":"https:\/\/www.sonoraenequipo.com.mx\/#website","url":"https:\/\/www.sonoraenequipo.com.mx\/","name":"Sonora en Equipo.","description":"Diario en l\u00ednea con Noticias desde Hermosillo, Sonora","publisher":{"@id":"https:\/\/www.sonoraenequipo.com.mx\/#organization"},"potentialAction":[{"@type":"SearchAction","target":{"@type":"EntryPoint","urlTemplate":"https:\/\/www.sonoraenequipo.com.mx\/?s={search_term_string}"},"query-input":{"@type":"PropertyValueSpecification","valueRequired":true,"valueName":"search_term_string"}}],"inLanguage":"es"},{"@type":"Organization","@id":"https:\/\/www.sonoraenequipo.com.mx\/#organization","name":"Sonoraenequipo.com.mx","url":"https:\/\/www.sonoraenequipo.com.mx\/","logo":{"@type":"ImageObject","inLanguage":"es","@id":"https:\/\/www.sonoraenequipo.com.mx\/#\/schema\/logo\/image\/","url":"https:\/\/www.sonoraenequipo.com.mx\/storage\/2019\/01\/sonoraenequipo_opt.png","contentUrl":"https:\/\/www.sonoraenequipo.com.mx\/storage\/2019\/01\/sonoraenequipo_opt.png","width":375,"height":125,"caption":"Sonoraenequipo.com.mx"},"image":{"@id":"https:\/\/www.sonoraenequipo.com.mx\/#\/schema\/logo\/image\/"},"sameAs":["https:\/\/www.facebook.com\/SonoraEE\/","https:\/\/x.com\/sonoraenequipo","https:\/\/www.youtube.com\/channel\/UC338nW-lPEYmJQs4ZABQ1SQ"]},{"@type":"Person","@id":"https:\/\/www.sonoraenequipo.com.mx\/#\/schema\/person\/50102df0fb23a8fa9e8effad8fa81386","name":"enequipo","image":{"@type":"ImageObject","inLanguage":"es","@id":"https:\/\/www.sonoraenequipo.com.mx\/#\/schema\/person\/image\/","url":"https:\/\/secure.gravatar.com\/avatar\/049821681b589dabc0bc20695993ccebb09f5b5d4d790cd9251b97faac7c652b?s=96&d=blank&r=g","contentUrl":"https:\/\/secure.gravatar.com\/avatar\/049821681b589dabc0bc20695993ccebb09f5b5d4d790cd9251b97faac7c652b?s=96&d=blank&r=g","caption":"enequipo"},"sameAs":["https:\/\/www.facebook.com\/SonoraEE"]}]}},"jetpack_featured_media_url":"https:\/\/www.sonoraenequipo.com.mx\/storage\/2024\/06\/cna-mexico-min.jpg","_links":{"self":[{"href":"https:\/\/www.sonoraenequipo.com.mx\/api\/wp\/v2\/posts\/188825","targetHints":{"allow":["GET"]}}],"collection":[{"href":"https:\/\/www.sonoraenequipo.com.mx\/api\/wp\/v2\/posts"}],"about":[{"href":"https:\/\/www.sonoraenequipo.com.mx\/api\/wp\/v2\/types\/post"}],"author":[{"embeddable":true,"href":"https:\/\/www.sonoraenequipo.com.mx\/api\/wp\/v2\/users\/1"}],"replies":[{"embeddable":true,"href":"https:\/\/www.sonoraenequipo.com.mx\/api\/wp\/v2\/comments?post=188825"}],"version-history":[{"count":3,"href":"https:\/\/www.sonoraenequipo.com.mx\/api\/wp\/v2\/posts\/188825\/revisions"}],"predecessor-version":[{"id":188858,"href":"https:\/\/www.sonoraenequipo.com.mx\/api\/wp\/v2\/posts\/188825\/revisions\/188858"}],"wp:featuredmedia":[{"embeddable":true,"href":"https:\/\/www.sonoraenequipo.com.mx\/api\/wp\/v2\/media\/188857"}],"wp:attachment":[{"href":"https:\/\/www.sonoraenequipo.com.mx\/api\/wp\/v2\/media?parent=188825"}],"wp:term":[{"taxonomy":"category","embeddable":true,"href":"https:\/\/www.sonoraenequipo.com.mx\/api\/wp\/v2\/categories?post=188825"},{"taxonomy":"post_tag","embeddable":true,"href":"https:\/\/www.sonoraenequipo.com.mx\/api\/wp\/v2\/tags?post=188825"}],"curies":[{"name":"wp","href":"https:\/\/api.w.org\/{rel}","templated":true}]}}