{"id":188826,"date":"2024-05-01T12:05:50","date_gmt":"2024-05-01T19:05:50","guid":{"rendered":"https:\/\/www.sonoraenequipo.com.mx\/?p=188826"},"modified":"2024-05-01T12:05:50","modified_gmt":"2024-05-01T19:05:50","slug":"tono-astiazaran-presenta-propuestas-a-jovenes-para-crecer-mas","status":"publish","type":"post","link":"https:\/\/www.sonoraenequipo.com.mx\/tono-astiazaran-presenta-propuestas-a-jovenes-para-crecer-mas\/","title":{"rendered":"To\u00f1o Astiazar\u00e1n presenta propuestas a j\u00f3venes para Crecer M\u00e1s"},"content":{"rendered":"<p><strong>HERMOSILLO, SONORA, MX.\u02d7\u02d7\u02d7 <\/strong>\u201cJuntos vamos a crecer m\u00e1s, vamos a crecer parejo, vamos a crecer juntos y vamos hacer el mejor Hermosillo de la historia\u201d, expres\u00f3 Antonio \u201cTo\u00f1o\u201d Astiazar\u00e1n ante j\u00f3venes a quienes present\u00f3 las primeras propuestas de su campa\u00f1a.<\/p>\n<p>&nbsp;<\/p>\n<p>&nbsp;<\/p>\n<p>&nbsp;<\/p>\n<p>Contagiado con la energ\u00eda y el entusiasmo que caracteriza a la juventud hermosillense, el presidente municipal por un segundo periodo present\u00f3 las propuestas del primero de tres ejes denominado Crecer M\u00e1s que van desde la creaci\u00f3n de la primera cl\u00ednica p\u00fablica para mascotas hasta la instalaci\u00f3n de una desalinizadora en Bah\u00eda de Kino.<\/p>\n<p>&nbsp;<\/p>\n<p>&nbsp;<\/p>\n<p>&nbsp;<\/p>\n<p>Ante decenas de j\u00f3venes que comparten la visi\u00f3n de lograr juntos el mejor Hermosillo de la historia anunci\u00f3 la instalaci\u00f3n de sem\u00e1foros con inteligencia artificial, nueva ruta de camiones el\u00e9ctricos gratuitos, 45 corredores m\u00e1s con iluminaci\u00f3n e internet gratuito y la construcci\u00f3n del Parque de la Vida al norte de la ciudad.<\/p>\n<p>&nbsp;<\/p>\n<p>&nbsp;<\/p>\n<p>&nbsp;<\/p>\n<p>\u201cLas causas de ustedes son las nuestras, queremos y debemos estar a la altura de los retos que demanda nuestra ciudad. Les agradezco mucho que sean los testigos de este gran cambio que vamos a impulsar para nuestra ciudad\u201d, destac\u00f3.<\/p>\n<p>&nbsp;<\/p>\n<p>&nbsp;<\/p>\n<p>&nbsp;<\/p>\n<p>A dos a\u00f1os y medio de estar al frente del municipio, To\u00f1o Astiazar\u00e1n junto a la ciudadan\u00eda ha logrado convertir a Hermosillo en la ciudad m\u00e1s segura del estado, con mayor inversi\u00f3n en infraestructura y oportunidades laborales.<\/p>\n<p>&nbsp;<\/p>\n<p>&nbsp;<\/p>\n<p>&nbsp;<\/p>\n<p>La implementaci\u00f3n de 220 patrullas el\u00e9ctricas, la mayor inversi\u00f3n en obra p\u00fablica en los \u00faltimos 25 a\u00f1os e introducci\u00f3n de energ\u00edas limpias para generar energ\u00eda el\u00e9ctrica forman parte de los logros de la actual administraci\u00f3n que merecen continuidad a una ciudad pujante.<\/p>\n<p>&nbsp;<\/p>\n<p>&nbsp;<\/p>\n<p>&nbsp;<\/p>\n<p>\u201cSalgamos de aqu\u00ed con las energ\u00edas bien puestas, vayamos a dar la pelea para ganar este 2 de junio\u201d, expres\u00f3 entre la ovaci\u00f3n de j\u00f3venes que se han sumado al cambio de un gobierno que avanza sin ideolog\u00edas partidistas ni colores.<\/p>\n<p>&nbsp;<\/p>\n<p>&nbsp;<\/p>\n<p>&nbsp;<\/p>\n<p>El candidato de la Coalici\u00f3n Fuerza y Coraz\u00f3n por Sonora del Partido Acci\u00f3n Nacional, Partido Revolucionario Institucional y Partido de la Revoluci\u00f3n Democr\u00e1tica fue acompa\u00f1ado por candidatas y candidatos a diputaciones locales.<\/p>\n<p>&nbsp;<\/p>\n<p>&nbsp;<\/p>\n<p>&nbsp;<\/p>\n<p>Detalles del eje Crecer M\u00e1s<\/p>\n<p>&nbsp;<\/p>\n<p>&nbsp;<\/p>\n<p>&nbsp;<\/p>\n<p>&#8211; Instalaci\u00f3n de sem\u00e1foros con inteligencia artificial: para agilizar el tr\u00e1nsito y reducir accidentes<\/p>\n<p>&nbsp;<\/p>\n<p>&#8211; Formalizar nueva ruta de camiones el\u00e9ctricos gratuitos: para universitarios y grupos vulnerables<\/p>\n<p>&nbsp;<\/p>\n<p>&#8211; Construir el segundo paso a desnivel en los bulevares Luis Donaldo Colosio y solidaridad<\/p>\n<p>&nbsp;<\/p>\n<p>&#8211; 2 nuevos libramientos para la ciudad<\/p>\n<p>&nbsp;<\/p>\n<p>&#8211; Instalaci\u00f3n de c\u00e1maras de alta tecnolog\u00eda en puntos estrat\u00e9gicos<\/p>\n<p>&nbsp;<\/p>\n<p>&#8211; Incrementar los centros de respuesta inmediata<\/p>\n<p>&nbsp;<\/p>\n<p>&#8211; 45 corredores iluminados, vigilados con wifi gratis<\/p>\n<p>&nbsp;<\/p>\n<p>&#8211; Mil 800 millones de pesos de inversi\u00f3n para el tratamiento de agua y evitar su desperdicio<\/p>\n<p>&nbsp;<\/p>\n<p>&#8211; Instalar una planta desalinizadora en Bah\u00eda de Kino: para aumentar el abasto de agua en las colonias<\/p>\n<p>&nbsp;<\/p>\n<p>&#8211; Construcci\u00f3n del Parque de la Vida: nuevo pulm\u00f3n verde en el norte de la ciudad con m\u00e1s canchas deportivas y un parque solar que dar\u00e1 energ\u00eda limpia<\/p>\n<p>&nbsp;<\/p>\n<p>&#8211; Nuevo Centro Municipal de Capacitaci\u00f3n<\/p>\n<p>&nbsp;<\/p>\n<p>&#8211; La primera cl\u00ednica p\u00fablica para mascotas<\/p>\n<p>&nbsp;<\/p>\n<p>&#8211; Siembra de 50 mil \u00e1rboles.<\/p>\n<p><strong>Fecha de publicaci\u00f3n<\/strong><strong> mi\u00e9rcoles 1 de mayo \u00a0de 2024<\/strong><\/p>\n<p>&nbsp;<\/p>\n","protected":false},"excerpt":{"rendered":"<p>HERMOSILLO, SONORA, MX.\u02d7\u02d7\u02d7 \u201cJuntos vamos a crecer m\u00e1s, vamos a crecer parejo, vamos a crecer&#8230;<\/p>\n","protected":false},"author":1,"featured_media":188827,"comment_status":"open","ping_status":"open","sticky":false,"template":"","format":"standard","meta":{"_monsterinsights_skip_tracking":false,"_monsterinsights_sitenote_active":false,"_monsterinsights_sitenote_note":"","_monsterinsights_sitenote_category":0,"footnotes":""},"categories":[9400],"tags":[7497,9596,6026],"class_list":["post"],"yoast_head":" \n<title>Sonora en Equipo. To\u00f1o Astiazar\u00e1n presenta propuestas a j\u00f3venes para Crecer M\u00e1s ELECCI\u00d3NES<\/title>\n<meta name=\"description\" content=\"HERMOSILLO, SONORA, MX.\u02d7\u02d7\u02d7 \u201cJuntos vamos a crecer m\u00e1s, vamos a crecer parejo, vamos a crecer juntos y vamos hacer el mejor Hermosillo de la historia\u201d, En Sonora en Equipo publicamos toda la informaci\u00f3n de Sonora, M\u00e9xico y el Mundo de manera oportuna y busca que la libertad de expresi\u00f3n sea real. Visita nuestro medio informativo publicado desde Hermosillo, Sonora. %\" \/>\n<meta name=\"robots\" content=\"index, follow, max-snippet:-1, max-image-preview:large, max-video-preview:-1\" \/>\n<link rel=\"canonical\" href=\"https:\/\/www.sonoraenequipo.com.mx\/tono-astiazaran-presenta-propuestas-a-jovenes-para-crecer-mas\/\" \/>\n<meta property=\"og:locale\" content=\"es_ES\" \/>\n<meta property=\"og:type\" content=\"article\" \/>\n<meta property=\"og:title\" content=\"Sonora en Equipo. To\u00f1o Astiazar\u00e1n presenta propuestas a j\u00f3venes para Crecer M\u00e1s ELECCI\u00d3NES\" \/>\n<meta property=\"og:description\" content=\"HERMOSILLO, SONORA, MX.\u02d7\u02d7\u02d7 \u201cJuntos vamos a crecer m\u00e1s, vamos a crecer parejo, vamos a crecer juntos y vamos hacer el mejor Hermosillo de la historia\u201d, En Sonora en Equipo publicamos toda la informaci\u00f3n de Sonora, M\u00e9xico y el Mundo de manera oportuna y busca que la libertad de expresi\u00f3n sea real. Visita nuestro medio informativo publicado desde Hermosillo, Sonora. %\" \/>\n<meta property=\"og:url\" content=\"https:\/\/www.sonoraenequipo.com.mx\/tono-astiazaran-presenta-propuestas-a-jovenes-para-crecer-mas\/\" \/>\n<meta property=\"og:site_name\" content=\"Sonora en Equipo.\" \/>\n<meta property=\"article:publisher\" content=\"https:\/\/www.facebook.com\/SonoraEE\/\" \/>\n<meta property=\"article:author\" content=\"https:\/\/www.facebook.com\/SonoraEE\" \/>\n<meta property=\"article:published_time\" content=\"2024-05-01T19:05:50+00:00\" \/>\n<meta property=\"og:image\" content=\"https:\/\/www.sonoraenequipo.com.mx\/storage\/2024\/05\/tono-jovenes.jpg\" \/>\n\t<meta property=\"og:image:width\" content=\"800\" \/>\n\t<meta property=\"og:image:height\" content=\"533\" \/>\n\t<meta property=\"og:image:type\" content=\"image\/jpeg\" \/>\n<meta name=\"author\" content=\"enequipo\" \/>\n<meta name=\"twitter:card\" content=\"summary_large_image\" \/>\n<meta name=\"twitter:creator\" content=\"@sonoraenequipo\" \/>\n<meta name=\"twitter:site\" content=\"@sonoraenequipo\" \/>\n<meta name=\"twitter:label1\" content=\"Escrito por\" \/>\n\t<meta name=\"twitter:data1\" content=\"enequipo\" \/>\n\t<meta name=\"twitter:label2\" content=\"Tiempo de lectura\" \/>\n\t<meta name=\"twitter:data2\" content=\"3 minutos\" \/>\n<script type=\"application\/ld+json\" class=\"yoast-schema-graph\">{\"@context\":\"https:\/\/schema.org\",\"@graph\":[{\"@type\":\"Article\",\"@id\":\"https:\/\/www.sonoraenequipo.com.mx\/tono-astiazaran-presenta-propuestas-a-jovenes-para-crecer-mas\/#article\",\"isPartOf\":{\"@id\":\"https:\/\/www.sonoraenequipo.com.mx\/tono-astiazaran-presenta-propuestas-a-jovenes-para-crecer-mas\/\"},\"author\":{\"name\":\"enequipo\",\"@id\":\"https:\/\/www.sonoraenequipo.com.mx\/#\/schema\/person\/50102df0fb23a8fa9e8effad8fa81386\"},\"headline\":\"To\u00f1o Astiazar\u00e1n presenta propuestas a j\u00f3venes para Crecer M\u00e1s\",\"datePublished\":\"2024-05-01T19:05:50+00:00\",\"mainEntityOfPage\":{\"@id\":\"https:\/\/www.sonoraenequipo.com.mx\/tono-astiazaran-presenta-propuestas-a-jovenes-para-crecer-mas\/\"},\"wordCount\":616,\"commentCount\":0,\"publisher\":{\"@id\":\"https:\/\/www.sonoraenequipo.com.mx\/#organization\"},\"image\":{\"@id\":\"https:\/\/www.sonoraenequipo.com.mx\/tono-astiazaran-presenta-propuestas-a-jovenes-para-crecer-mas\/#primaryimage\"},\"thumbnailUrl\":\"https:\/\/www.sonoraenequipo.com.mx\/storage\/2024\/05\/tono-jovenes.jpg\",\"keywords\":[\"2024\",\"reelecci\u00f3n\",\"to\u00f1o astiazaran\"],\"articleSection\":[\"ELECCI\u00d3NES\"],\"inLanguage\":\"es\",\"potentialAction\":[{\"@type\":\"CommentAction\",\"name\":\"Comment\",\"target\":[\"https:\/\/www.sonoraenequipo.com.mx\/tono-astiazaran-presenta-propuestas-a-jovenes-para-crecer-mas\/#respond\"]}]},{\"@type\":\"WebPage\",\"@id\":\"https:\/\/www.sonoraenequipo.com.mx\/tono-astiazaran-presenta-propuestas-a-jovenes-para-crecer-mas\/\",\"url\":\"https:\/\/www.sonoraenequipo.com.mx\/tono-astiazaran-presenta-propuestas-a-jovenes-para-crecer-mas\/\",\"name\":\"Sonora en Equipo. To\u00f1o Astiazar\u00e1n presenta propuestas a j\u00f3venes para Crecer M\u00e1s ELECCI\u00d3NES\",\"isPartOf\":{\"@id\":\"https:\/\/www.sonoraenequipo.com.mx\/#website\"},\"primaryImageOfPage\":{\"@id\":\"https:\/\/www.sonoraenequipo.com.mx\/tono-astiazaran-presenta-propuestas-a-jovenes-para-crecer-mas\/#primaryimage\"},\"image\":{\"@id\":\"https:\/\/www.sonoraenequipo.com.mx\/tono-astiazaran-presenta-propuestas-a-jovenes-para-crecer-mas\/#primaryimage\"},\"thumbnailUrl\":\"https:\/\/www.sonoraenequipo.com.mx\/storage\/2024\/05\/tono-jovenes.jpg\",\"datePublished\":\"2024-05-01T19:05:50+00:00\",\"description\":\"HERMOSILLO, SONORA, MX.\u02d7\u02d7\u02d7 \u201cJuntos vamos a crecer m\u00e1s, vamos a crecer parejo, vamos a crecer juntos y vamos hacer el mejor Hermosillo de la historia\u201d, En Sonora en Equipo publicamos toda la informaci\u00f3n de Sonora, M\u00e9xico y el Mundo de manera oportuna y busca que la libertad de expresi\u00f3n sea real. Visita nuestro medio informativo publicado desde Hermosillo, Sonora. %\",\"breadcrumb\":{\"@id\":\"https:\/\/www.sonoraenequipo.com.mx\/tono-astiazaran-presenta-propuestas-a-jovenes-para-crecer-mas\/#breadcrumb\"},\"inLanguage\":\"es\",\"potentialAction\":[{\"@type\":\"ReadAction\",\"target\":[\"https:\/\/www.sonoraenequipo.com.mx\/tono-astiazaran-presenta-propuestas-a-jovenes-para-crecer-mas\/\"]}]},{\"@type\":\"ImageObject\",\"inLanguage\":\"es\",\"@id\":\"https:\/\/www.sonoraenequipo.com.mx\/tono-astiazaran-presenta-propuestas-a-jovenes-para-crecer-mas\/#primaryimage\",\"url\":\"https:\/\/www.sonoraenequipo.com.mx\/storage\/2024\/05\/tono-jovenes.jpg\",\"contentUrl\":\"https:\/\/www.sonoraenequipo.com.mx\/storage\/2024\/05\/tono-jovenes.jpg\",\"width\":800,\"height\":533},{\"@type\":\"BreadcrumbList\",\"@id\":\"https:\/\/www.sonoraenequipo.com.mx\/tono-astiazaran-presenta-propuestas-a-jovenes-para-crecer-mas\/#breadcrumb\",\"itemListElement\":[{\"@type\":\"ListItem\",\"position\":1,\"name\":\"Portada\",\"item\":\"https:\/\/www.sonoraenequipo.com.mx\/\"},{\"@type\":\"ListItem\",\"position\":2,\"name\":\"To\u00f1o Astiazar\u00e1n presenta propuestas a j\u00f3venes para Crecer M\u00e1s\"}]},{\"@type\":\"WebSite\",\"@id\":\"https:\/\/www.sonoraenequipo.com.mx\/#website\",\"url\":\"https:\/\/www.sonoraenequipo.com.mx\/\",\"name\":\"Sonora en Equipo.\",\"description\":\"Diario en l\u00ednea con Noticias desde Hermosillo, Sonora\",\"publisher\":{\"@id\":\"https:\/\/www.sonoraenequipo.com.mx\/#organization\"},\"potentialAction\":[{\"@type\":\"SearchAction\",\"target\":{\"@type\":\"EntryPoint\",\"urlTemplate\":\"https:\/\/www.sonoraenequipo.com.mx\/?s={search_term_string}\"},\"query-input\":{\"@type\":\"PropertyValueSpecification\",\"valueRequired\":true,\"valueName\":\"search_term_string\"}}],\"inLanguage\":\"es\"},{\"@type\":\"Organization\",\"@id\":\"https:\/\/www.sonoraenequipo.com.mx\/#organization\",\"name\":\"Sonoraenequipo.com.mx\",\"url\":\"https:\/\/www.sonoraenequipo.com.mx\/\",\"logo\":{\"@type\":\"ImageObject\",\"inLanguage\":\"es\",\"@id\":\"https:\/\/www.sonoraenequipo.com.mx\/#\/schema\/logo\/image\/\",\"url\":\"https:\/\/www.sonoraenequipo.com.mx\/storage\/2019\/01\/sonoraenequipo_opt.png\",\"contentUrl\":\"https:\/\/www.sonoraenequipo.com.mx\/storage\/2019\/01\/sonoraenequipo_opt.png\",\"width\":375,\"height\":125,\"caption\":\"Sonoraenequipo.com.mx\"},\"image\":{\"@id\":\"https:\/\/www.sonoraenequipo.com.mx\/#\/schema\/logo\/image\/\"},\"sameAs\":[\"https:\/\/www.facebook.com\/SonoraEE\/\",\"https:\/\/x.com\/sonoraenequipo\",\"https:\/\/www.youtube.com\/channel\/UC338nW-lPEYmJQs4ZABQ1SQ\"]},{\"@type\":\"Person\",\"@id\":\"https:\/\/www.sonoraenequipo.com.mx\/#\/schema\/person\/50102df0fb23a8fa9e8effad8fa81386\",\"name\":\"enequipo\",\"image\":{\"@type\":\"ImageObject\",\"inLanguage\":\"es\",\"@id\":\"https:\/\/www.sonoraenequipo.com.mx\/#\/schema\/person\/image\/\",\"url\":\"https:\/\/secure.gravatar.com\/avatar\/049821681b589dabc0bc20695993ccebb09f5b5d4d790cd9251b97faac7c652b?s=96&d=blank&r=g\",\"contentUrl\":\"https:\/\/secure.gravatar.com\/avatar\/049821681b589dabc0bc20695993ccebb09f5b5d4d790cd9251b97faac7c652b?s=96&d=blank&r=g\",\"caption\":\"enequipo\"},\"sameAs\":[\"https:\/\/www.facebook.com\/SonoraEE\"]}]}<\/script>\n ","yoast_head_json":{"title":"Sonora en Equipo. To\u00f1o Astiazar\u00e1n presenta propuestas a j\u00f3venes para Crecer M\u00e1s ELECCI\u00d3NES","description":"HERMOSILLO, SONORA, MX.\u02d7\u02d7\u02d7 \u201cJuntos vamos a crecer m\u00e1s, vamos a crecer parejo, vamos a crecer juntos y vamos hacer el mejor Hermosillo de la historia\u201d, En Sonora en Equipo publicamos toda la informaci\u00f3n de Sonora, M\u00e9xico y el Mundo de manera oportuna y busca que la libertad de expresi\u00f3n sea real. Visita nuestro medio informativo publicado desde Hermosillo, Sonora. %","robots":{"index":"index","follow":"follow","max-snippet":"max-snippet:-1","max-image-preview":"max-image-preview:large","max-video-preview":"max-video-preview:-1"},"canonical":"https:\/\/www.sonoraenequipo.com.mx\/tono-astiazaran-presenta-propuestas-a-jovenes-para-crecer-mas\/","og_locale":"es_ES","og_type":"article","og_title":"Sonora en Equipo. To\u00f1o Astiazar\u00e1n presenta propuestas a j\u00f3venes para Crecer M\u00e1s ELECCI\u00d3NES","og_description":"HERMOSILLO, SONORA, MX.\u02d7\u02d7\u02d7 \u201cJuntos vamos a crecer m\u00e1s, vamos a crecer parejo, vamos a crecer juntos y vamos hacer el mejor Hermosillo de la historia\u201d, En Sonora en Equipo publicamos toda la informaci\u00f3n de Sonora, M\u00e9xico y el Mundo de manera oportuna y busca que la libertad de expresi\u00f3n sea real. Visita nuestro medio informativo publicado desde Hermosillo, Sonora. %","og_url":"https:\/\/www.sonoraenequipo.com.mx\/tono-astiazaran-presenta-propuestas-a-jovenes-para-crecer-mas\/","og_site_name":"Sonora en Equipo.","article_publisher":"https:\/\/www.facebook.com\/SonoraEE\/","article_author":"https:\/\/www.facebook.com\/SonoraEE","article_published_time":"2024-05-01T19:05:50+00:00","og_image":[{"width":800,"height":533,"url":"https:\/\/www.sonoraenequipo.com.mx\/storage\/2024\/05\/tono-jovenes.jpg","type":"image\/jpeg"}],"author":"enequipo","twitter_card":"summary_large_image","twitter_creator":"@sonoraenequipo","twitter_site":"@sonoraenequipo","twitter_misc":{"Escrito por":"enequipo","Tiempo de lectura":"3 minutos"},"schema":{"@context":"https:\/\/schema.org","@graph":[{"@type":"Article","@id":"https:\/\/www.sonoraenequipo.com.mx\/tono-astiazaran-presenta-propuestas-a-jovenes-para-crecer-mas\/#article","isPartOf":{"@id":"https:\/\/www.sonoraenequipo.com.mx\/tono-astiazaran-presenta-propuestas-a-jovenes-para-crecer-mas\/"},"author":{"name":"enequipo","@id":"https:\/\/www.sonoraenequipo.com.mx\/#\/schema\/person\/50102df0fb23a8fa9e8effad8fa81386"},"headline":"To\u00f1o Astiazar\u00e1n presenta propuestas a j\u00f3venes para Crecer M\u00e1s","datePublished":"2024-05-01T19:05:50+00:00","mainEntityOfPage":{"@id":"https:\/\/www.sonoraenequipo.com.mx\/tono-astiazaran-presenta-propuestas-a-jovenes-para-crecer-mas\/"},"wordCount":616,"commentCount":0,"publisher":{"@id":"https:\/\/www.sonoraenequipo.com.mx\/#organization"},"image":{"@id":"https:\/\/www.sonoraenequipo.com.mx\/tono-astiazaran-presenta-propuestas-a-jovenes-para-crecer-mas\/#primaryimage"},"thumbnailUrl":"https:\/\/www.sonoraenequipo.com.mx\/storage\/2024\/05\/tono-jovenes.jpg","keywords":["2024","reelecci\u00f3n","to\u00f1o astiazaran"],"articleSection":["ELECCI\u00d3NES"],"inLanguage":"es","potentialAction":[{"@type":"CommentAction","name":"Comment","target":["https:\/\/www.sonoraenequipo.com.mx\/tono-astiazaran-presenta-propuestas-a-jovenes-para-crecer-mas\/#respond"]}]},{"@type":"WebPage","@id":"https:\/\/www.sonoraenequipo.com.mx\/tono-astiazaran-presenta-propuestas-a-jovenes-para-crecer-mas\/","url":"https:\/\/www.sonoraenequipo.com.mx\/tono-astiazaran-presenta-propuestas-a-jovenes-para-crecer-mas\/","name":"Sonora en Equipo. To\u00f1o Astiazar\u00e1n presenta propuestas a j\u00f3venes para Crecer M\u00e1s ELECCI\u00d3NES","isPartOf":{"@id":"https:\/\/www.sonoraenequipo.com.mx\/#website"},"primaryImageOfPage":{"@id":"https:\/\/www.sonoraenequipo.com.mx\/tono-astiazaran-presenta-propuestas-a-jovenes-para-crecer-mas\/#primaryimage"},"image":{"@id":"https:\/\/www.sonoraenequipo.com.mx\/tono-astiazaran-presenta-propuestas-a-jovenes-para-crecer-mas\/#primaryimage"},"thumbnailUrl":"https:\/\/www.sonoraenequipo.com.mx\/storage\/2024\/05\/tono-jovenes.jpg","datePublished":"2024-05-01T19:05:50+00:00","description":"HERMOSILLO, SONORA, MX.\u02d7\u02d7\u02d7 \u201cJuntos vamos a crecer m\u00e1s, vamos a crecer parejo, vamos a crecer juntos y vamos hacer el mejor Hermosillo de la historia\u201d, En Sonora en Equipo publicamos toda la informaci\u00f3n de Sonora, M\u00e9xico y el Mundo de manera oportuna y busca que la libertad de expresi\u00f3n sea real. Visita nuestro medio informativo publicado desde Hermosillo, Sonora. %","breadcrumb":{"@id":"https:\/\/www.sonoraenequipo.com.mx\/tono-astiazaran-presenta-propuestas-a-jovenes-para-crecer-mas\/#breadcrumb"},"inLanguage":"es","potentialAction":[{"@type":"ReadAction","target":["https:\/\/www.sonoraenequipo.com.mx\/tono-astiazaran-presenta-propuestas-a-jovenes-para-crecer-mas\/"]}]},{"@type":"ImageObject","inLanguage":"es","@id":"https:\/\/www.sonoraenequipo.com.mx\/tono-astiazaran-presenta-propuestas-a-jovenes-para-crecer-mas\/#primaryimage","url":"https:\/\/www.sonoraenequipo.com.mx\/storage\/2024\/05\/tono-jovenes.jpg","contentUrl":"https:\/\/www.sonoraenequipo.com.mx\/storage\/2024\/05\/tono-jovenes.jpg","width":800,"height":533},{"@type":"BreadcrumbList","@id":"https:\/\/www.sonoraenequipo.com.mx\/tono-astiazaran-presenta-propuestas-a-jovenes-para-crecer-mas\/#breadcrumb","itemListElement":[{"@type":"ListItem","position":1,"name":"Portada","item":"https:\/\/www.sonoraenequipo.com.mx\/"},{"@type":"ListItem","position":2,"name":"To\u00f1o Astiazar\u00e1n presenta propuestas a j\u00f3venes para Crecer M\u00e1s"}]},{"@type":"WebSite","@id":"https:\/\/www.sonoraenequipo.com.mx\/#website","url":"https:\/\/www.sonoraenequipo.com.mx\/","name":"Sonora en Equipo.","description":"Diario en l\u00ednea con Noticias desde Hermosillo, Sonora","publisher":{"@id":"https:\/\/www.sonoraenequipo.com.mx\/#organization"},"potentialAction":[{"@type":"SearchAction","target":{"@type":"EntryPoint","urlTemplate":"https:\/\/www.sonoraenequipo.com.mx\/?s={search_term_string}"},"query-input":{"@type":"PropertyValueSpecification","valueRequired":true,"valueName":"search_term_string"}}],"inLanguage":"es"},{"@type":"Organization","@id":"https:\/\/www.sonoraenequipo.com.mx\/#organization","name":"Sonoraenequipo.com.mx","url":"https:\/\/www.sonoraenequipo.com.mx\/","logo":{"@type":"ImageObject","inLanguage":"es","@id":"https:\/\/www.sonoraenequipo.com.mx\/#\/schema\/logo\/image\/","url":"https:\/\/www.sonoraenequipo.com.mx\/storage\/2019\/01\/sonoraenequipo_opt.png","contentUrl":"https:\/\/www.sonoraenequipo.com.mx\/storage\/2019\/01\/sonoraenequipo_opt.png","width":375,"height":125,"caption":"Sonoraenequipo.com.mx"},"image":{"@id":"https:\/\/www.sonoraenequipo.com.mx\/#\/schema\/logo\/image\/"},"sameAs":["https:\/\/www.facebook.com\/SonoraEE\/","https:\/\/x.com\/sonoraenequipo","https:\/\/www.youtube.com\/channel\/UC338nW-lPEYmJQs4ZABQ1SQ"]},{"@type":"Person","@id":"https:\/\/www.sonoraenequipo.com.mx\/#\/schema\/person\/50102df0fb23a8fa9e8effad8fa81386","name":"enequipo","image":{"@type":"ImageObject","inLanguage":"es","@id":"https:\/\/www.sonoraenequipo.com.mx\/#\/schema\/person\/image\/","url":"https:\/\/secure.gravatar.com\/avatar\/049821681b589dabc0bc20695993ccebb09f5b5d4d790cd9251b97faac7c652b?s=96&d=blank&r=g","contentUrl":"https:\/\/secure.gravatar.com\/avatar\/049821681b589dabc0bc20695993ccebb09f5b5d4d790cd9251b97faac7c652b?s=96&d=blank&r=g","caption":"enequipo"},"sameAs":["https:\/\/www.facebook.com\/SonoraEE"]}]}},"jetpack_featured_media_url":"https:\/\/www.sonoraenequipo.com.mx\/storage\/2024\/05\/tono-jovenes.jpg","_links":{"self":[{"href":"https:\/\/www.sonoraenequipo.com.mx\/api\/wp\/v2\/posts\/188826","targetHints":{"allow":["GET"]}}],"collection":[{"href":"https:\/\/www.sonoraenequipo.com.mx\/api\/wp\/v2\/posts"}],"about":[{"href":"https:\/\/www.sonoraenequipo.com.mx\/api\/wp\/v2\/types\/post"}],"author":[{"embeddable":true,"href":"https:\/\/www.sonoraenequipo.com.mx\/api\/wp\/v2\/users\/1"}],"replies":[{"embeddable":true,"href":"https:\/\/www.sonoraenequipo.com.mx\/api\/wp\/v2\/comments?post=188826"}],"version-history":[{"count":1,"href":"https:\/\/www.sonoraenequipo.com.mx\/api\/wp\/v2\/posts\/188826\/revisions"}],"predecessor-version":[{"id":188828,"href":"https:\/\/www.sonoraenequipo.com.mx\/api\/wp\/v2\/posts\/188826\/revisions\/188828"}],"wp:featuredmedia":[{"embeddable":true,"href":"https:\/\/www.sonoraenequipo.com.mx\/api\/wp\/v2\/media\/188827"}],"wp:attachment":[{"href":"https:\/\/www.sonoraenequipo.com.mx\/api\/wp\/v2\/media?parent=188826"}],"wp:term":[{"taxonomy":"category","embeddable":true,"href":"https:\/\/www.sonoraenequipo.com.mx\/api\/wp\/v2\/categories?post=188826"},{"taxonomy":"post_tag","embeddable":true,"href":"https:\/\/www.sonoraenequipo.com.mx\/api\/wp\/v2\/tags?post=188826"}],"curies":[{"name":"wp","href":"https:\/\/api.w.org\/{rel}","templated":true}]}}