{"id":188838,"date":"2024-05-01T13:56:28","date_gmt":"2024-05-01T20:56:28","guid":{"rendered":"https:\/\/www.sonoraenequipo.com.mx\/?p=188838"},"modified":"2024-05-01T13:56:28","modified_gmt":"2024-05-01T20:56:28","slug":"vamos-a-rescatar-al-hermosillo-en-el-abandono-dice-david-figueroa-en-las-ladrilleras","status":"publish","type":"post","link":"https:\/\/www.sonoraenequipo.com.mx\/vamos-a-rescatar-al-hermosillo-en-el-abandono-dice-david-figueroa-en-las-ladrilleras\/","title":{"rendered":"\u201cVamos a rescatar al Hermosillo en el abandono, dice David Figueroa en Las Ladrilleras"},"content":{"rendered":"<p><strong>HERMOSILLO, SONORA, MX.\u02d7\u02d7\u02d7 <\/strong>En el marco de la reuni\u00f3n \u00abEntre Amigos\u00bb con Mar\u00eda Dolores del R\u00edo y vecinos de la colonia \u00abLadrilleras\u00bb, destac\u00f3 que \u00abvamos a gestionar m\u00e1s recursos en el Congreso del Estado para rescatar este &#8216;otro Hermosillo&#8217; en el abandono\u00bb.<\/p>\n<p>&nbsp;<\/p>\n<p>El candidato a Diputado Local por el Distrito 06 por Morena-Verde-PT, PES-NA, apunt\u00f3 que junto a la candidata a la Alcald\u00eda de Hermosillo, trabajar\u00e1 en un presupuesto que resuelva la falta de pavimentaci\u00f3n y de servicios p\u00fablicos en este sector del Distrito O6.<\/p>\n<p>&nbsp;<\/p>\n<p>Figueroa Ortega expres\u00f3 que en las colonias del Norte y Noroeste, el abandono del Gobierno Municipal es evidente.<\/p>\n<p>&nbsp;<\/p>\n<p>Dijo que \u00abel &#8216;otro Hermosillo&#8217; est\u00e1 en el abandono pero junto a Mar\u00eda Dolores del R\u00edo vamos a rescatarlos del olvido\u00bb.<\/p>\n<p>&nbsp;<\/p>\n<p>En este encuentro, David Figueroa plante\u00f3 sus propuestas de campa\u00f1a a favor de los adultos mayores.<\/p>\n<p>&nbsp;<\/p>\n<p>Adem\u00e1s, las iniciativas que contemplan la atenci\u00f3n a las personas con discapacidad, j\u00f3venes estudiantes, sonorenses y migrantes, as\u00ed como pol\u00edticas p\u00fablicas al Plan Sonora.<\/p>\n<p>&nbsp;<\/p>\n<p>Dijo que con la confianza ciudadana este 2 de junio, \u00abvamos a rescatar del abandono a Hermosillo y a transformar Sonora\u00bb.<\/p>\n<p><strong>Fecha de publicaci\u00f3n<\/strong><strong> mi\u00e9rcoles 1 de mayo \u00a0de 2024<\/strong><\/p>\n","protected":false},"excerpt":{"rendered":"<p>HERMOSILLO, SONORA, MX.\u02d7\u02d7\u02d7 En el marco de la reuni\u00f3n \u00abEntre Amigos\u00bb con Mar\u00eda Dolores del&#8230;<\/p>\n","protected":false},"author":1,"featured_media":188839,"comment_status":"open","ping_status":"open","sticky":false,"template":"","format":"standard","meta":{"_monsterinsights_skip_tracking":false,"_monsterinsights_sitenote_active":false,"_monsterinsights_sitenote_note":"","_monsterinsights_sitenote_category":0,"footnotes":""},"categories":[9400],"tags":[9574],"class_list":["post"],"yoast_head":" \n<title>Sonora en Equipo. \u201cVamos a rescatar al Hermosillo en el abandono, dice David Figueroa en Las Ladrilleras ELECCI\u00d3NES<\/title>\n<meta name=\"description\" content=\"HERMOSILLO, SONORA, MX.\u02d7\u02d7\u02d7 En el marco de la reuni\u00f3n &quot;Entre Amigos&quot; con Mar\u00eda Dolores del R\u00edo y vecinos de la colonia &quot;Ladrilleras&quot;, destac\u00f3 que &quot;vamos a En Sonora en Equipo publicamos toda la informaci\u00f3n de Sonora, M\u00e9xico y el Mundo de manera oportuna y busca que la libertad de expresi\u00f3n sea real. Visita nuestro medio informativo publicado desde Hermosillo, Sonora. %\" \/>\n<meta name=\"robots\" content=\"index, follow, max-snippet:-1, max-image-preview:large, max-video-preview:-1\" \/>\n<link rel=\"canonical\" href=\"https:\/\/www.sonoraenequipo.com.mx\/vamos-a-rescatar-al-hermosillo-en-el-abandono-dice-david-figueroa-en-las-ladrilleras\/\" \/>\n<meta property=\"og:locale\" content=\"es_ES\" \/>\n<meta property=\"og:type\" content=\"article\" \/>\n<meta property=\"og:title\" content=\"Sonora en Equipo. \u201cVamos a rescatar al Hermosillo en el abandono, dice David Figueroa en Las Ladrilleras ELECCI\u00d3NES\" \/>\n<meta property=\"og:description\" content=\"HERMOSILLO, SONORA, MX.\u02d7\u02d7\u02d7 En el marco de la reuni\u00f3n &quot;Entre Amigos&quot; con Mar\u00eda Dolores del R\u00edo y vecinos de la colonia &quot;Ladrilleras&quot;, destac\u00f3 que &quot;vamos a En Sonora en Equipo publicamos toda la informaci\u00f3n de Sonora, M\u00e9xico y el Mundo de manera oportuna y busca que la libertad de expresi\u00f3n sea real. Visita nuestro medio informativo publicado desde Hermosillo, Sonora. %\" \/>\n<meta property=\"og:url\" content=\"https:\/\/www.sonoraenequipo.com.mx\/vamos-a-rescatar-al-hermosillo-en-el-abandono-dice-david-figueroa-en-las-ladrilleras\/\" \/>\n<meta property=\"og:site_name\" content=\"Sonora en Equipo.\" \/>\n<meta property=\"article:publisher\" content=\"https:\/\/www.facebook.com\/SonoraEE\/\" \/>\n<meta property=\"article:author\" content=\"https:\/\/www.facebook.com\/SonoraEE\" \/>\n<meta property=\"article:published_time\" content=\"2024-05-01T20:56:28+00:00\" \/>\n<meta property=\"og:image\" content=\"https:\/\/www.sonoraenequipo.com.mx\/storage\/2024\/05\/dfo-ladrilleras.jpg\" \/>\n\t<meta property=\"og:image:width\" content=\"800\" \/>\n\t<meta property=\"og:image:height\" content=\"622\" \/>\n\t<meta property=\"og:image:type\" content=\"image\/jpeg\" \/>\n<meta name=\"author\" content=\"enequipo\" \/>\n<meta name=\"twitter:card\" content=\"summary_large_image\" \/>\n<meta name=\"twitter:creator\" content=\"@sonoraenequipo\" \/>\n<meta name=\"twitter:site\" content=\"@sonoraenequipo\" \/>\n<meta name=\"twitter:label1\" content=\"Escrito por\" \/>\n\t<meta name=\"twitter:data1\" content=\"enequipo\" \/>\n\t<meta name=\"twitter:label2\" content=\"Tiempo de lectura\" \/>\n\t<meta name=\"twitter:data2\" content=\"1 minuto\" \/>\n<script type=\"application\/ld+json\" class=\"yoast-schema-graph\">{\"@context\":\"https:\/\/schema.org\",\"@graph\":[{\"@type\":\"Article\",\"@id\":\"https:\/\/www.sonoraenequipo.com.mx\/vamos-a-rescatar-al-hermosillo-en-el-abandono-dice-david-figueroa-en-las-ladrilleras\/#article\",\"isPartOf\":{\"@id\":\"https:\/\/www.sonoraenequipo.com.mx\/vamos-a-rescatar-al-hermosillo-en-el-abandono-dice-david-figueroa-en-las-ladrilleras\/\"},\"author\":{\"name\":\"enequipo\",\"@id\":\"https:\/\/www.sonoraenequipo.com.mx\/#\/schema\/person\/50102df0fb23a8fa9e8effad8fa81386\"},\"headline\":\"\u201cVamos a rescatar al Hermosillo en el abandono, dice David Figueroa en Las Ladrilleras\",\"datePublished\":\"2024-05-01T20:56:28+00:00\",\"mainEntityOfPage\":{\"@id\":\"https:\/\/www.sonoraenequipo.com.mx\/vamos-a-rescatar-al-hermosillo-en-el-abandono-dice-david-figueroa-en-las-ladrilleras\/\"},\"wordCount\":227,\"commentCount\":0,\"publisher\":{\"@id\":\"https:\/\/www.sonoraenequipo.com.mx\/#organization\"},\"image\":{\"@id\":\"https:\/\/www.sonoraenequipo.com.mx\/vamos-a-rescatar-al-hermosillo-en-el-abandono-dice-david-figueroa-en-las-ladrilleras\/#primaryimage\"},\"thumbnailUrl\":\"https:\/\/www.sonoraenequipo.com.mx\/storage\/2024\/05\/dfo-ladrilleras.jpg\",\"keywords\":[\"david figueroa\"],\"articleSection\":[\"ELECCI\u00d3NES\"],\"inLanguage\":\"es\",\"potentialAction\":[{\"@type\":\"CommentAction\",\"name\":\"Comment\",\"target\":[\"https:\/\/www.sonoraenequipo.com.mx\/vamos-a-rescatar-al-hermosillo-en-el-abandono-dice-david-figueroa-en-las-ladrilleras\/#respond\"]}]},{\"@type\":\"WebPage\",\"@id\":\"https:\/\/www.sonoraenequipo.com.mx\/vamos-a-rescatar-al-hermosillo-en-el-abandono-dice-david-figueroa-en-las-ladrilleras\/\",\"url\":\"https:\/\/www.sonoraenequipo.com.mx\/vamos-a-rescatar-al-hermosillo-en-el-abandono-dice-david-figueroa-en-las-ladrilleras\/\",\"name\":\"Sonora en Equipo. \u201cVamos a rescatar al Hermosillo en el abandono, dice David Figueroa en Las Ladrilleras ELECCI\u00d3NES\",\"isPartOf\":{\"@id\":\"https:\/\/www.sonoraenequipo.com.mx\/#website\"},\"primaryImageOfPage\":{\"@id\":\"https:\/\/www.sonoraenequipo.com.mx\/vamos-a-rescatar-al-hermosillo-en-el-abandono-dice-david-figueroa-en-las-ladrilleras\/#primaryimage\"},\"image\":{\"@id\":\"https:\/\/www.sonoraenequipo.com.mx\/vamos-a-rescatar-al-hermosillo-en-el-abandono-dice-david-figueroa-en-las-ladrilleras\/#primaryimage\"},\"thumbnailUrl\":\"https:\/\/www.sonoraenequipo.com.mx\/storage\/2024\/05\/dfo-ladrilleras.jpg\",\"datePublished\":\"2024-05-01T20:56:28+00:00\",\"description\":\"HERMOSILLO, SONORA, MX.\u02d7\u02d7\u02d7 En el marco de la reuni\u00f3n \\\"Entre Amigos\\\" con Mar\u00eda Dolores del R\u00edo y vecinos de la colonia \\\"Ladrilleras\\\", destac\u00f3 que \\\"vamos a En Sonora en Equipo publicamos toda la informaci\u00f3n de Sonora, M\u00e9xico y el Mundo de manera oportuna y busca que la libertad de expresi\u00f3n sea real. Visita nuestro medio informativo publicado desde Hermosillo, Sonora. %\",\"breadcrumb\":{\"@id\":\"https:\/\/www.sonoraenequipo.com.mx\/vamos-a-rescatar-al-hermosillo-en-el-abandono-dice-david-figueroa-en-las-ladrilleras\/#breadcrumb\"},\"inLanguage\":\"es\",\"potentialAction\":[{\"@type\":\"ReadAction\",\"target\":[\"https:\/\/www.sonoraenequipo.com.mx\/vamos-a-rescatar-al-hermosillo-en-el-abandono-dice-david-figueroa-en-las-ladrilleras\/\"]}]},{\"@type\":\"ImageObject\",\"inLanguage\":\"es\",\"@id\":\"https:\/\/www.sonoraenequipo.com.mx\/vamos-a-rescatar-al-hermosillo-en-el-abandono-dice-david-figueroa-en-las-ladrilleras\/#primaryimage\",\"url\":\"https:\/\/www.sonoraenequipo.com.mx\/storage\/2024\/05\/dfo-ladrilleras.jpg\",\"contentUrl\":\"https:\/\/www.sonoraenequipo.com.mx\/storage\/2024\/05\/dfo-ladrilleras.jpg\",\"width\":800,\"height\":622},{\"@type\":\"BreadcrumbList\",\"@id\":\"https:\/\/www.sonoraenequipo.com.mx\/vamos-a-rescatar-al-hermosillo-en-el-abandono-dice-david-figueroa-en-las-ladrilleras\/#breadcrumb\",\"itemListElement\":[{\"@type\":\"ListItem\",\"position\":1,\"name\":\"Portada\",\"item\":\"https:\/\/www.sonoraenequipo.com.mx\/\"},{\"@type\":\"ListItem\",\"position\":2,\"name\":\"\u201cVamos a rescatar al Hermosillo en el abandono, dice David Figueroa en Las Ladrilleras\"}]},{\"@type\":\"WebSite\",\"@id\":\"https:\/\/www.sonoraenequipo.com.mx\/#website\",\"url\":\"https:\/\/www.sonoraenequipo.com.mx\/\",\"name\":\"Sonora en Equipo.\",\"description\":\"Diario en l\u00ednea con Noticias desde Hermosillo, Sonora\",\"publisher\":{\"@id\":\"https:\/\/www.sonoraenequipo.com.mx\/#organization\"},\"potentialAction\":[{\"@type\":\"SearchAction\",\"target\":{\"@type\":\"EntryPoint\",\"urlTemplate\":\"https:\/\/www.sonoraenequipo.com.mx\/?s={search_term_string}\"},\"query-input\":{\"@type\":\"PropertyValueSpecification\",\"valueRequired\":true,\"valueName\":\"search_term_string\"}}],\"inLanguage\":\"es\"},{\"@type\":\"Organization\",\"@id\":\"https:\/\/www.sonoraenequipo.com.mx\/#organization\",\"name\":\"Sonoraenequipo.com.mx\",\"url\":\"https:\/\/www.sonoraenequipo.com.mx\/\",\"logo\":{\"@type\":\"ImageObject\",\"inLanguage\":\"es\",\"@id\":\"https:\/\/www.sonoraenequipo.com.mx\/#\/schema\/logo\/image\/\",\"url\":\"https:\/\/www.sonoraenequipo.com.mx\/storage\/2019\/01\/sonoraenequipo_opt.png\",\"contentUrl\":\"https:\/\/www.sonoraenequipo.com.mx\/storage\/2019\/01\/sonoraenequipo_opt.png\",\"width\":375,\"height\":125,\"caption\":\"Sonoraenequipo.com.mx\"},\"image\":{\"@id\":\"https:\/\/www.sonoraenequipo.com.mx\/#\/schema\/logo\/image\/\"},\"sameAs\":[\"https:\/\/www.facebook.com\/SonoraEE\/\",\"https:\/\/x.com\/sonoraenequipo\",\"https:\/\/www.youtube.com\/channel\/UC338nW-lPEYmJQs4ZABQ1SQ\"]},{\"@type\":\"Person\",\"@id\":\"https:\/\/www.sonoraenequipo.com.mx\/#\/schema\/person\/50102df0fb23a8fa9e8effad8fa81386\",\"name\":\"enequipo\",\"image\":{\"@type\":\"ImageObject\",\"inLanguage\":\"es\",\"@id\":\"https:\/\/www.sonoraenequipo.com.mx\/#\/schema\/person\/image\/\",\"url\":\"https:\/\/secure.gravatar.com\/avatar\/049821681b589dabc0bc20695993ccebb09f5b5d4d790cd9251b97faac7c652b?s=96&d=blank&r=g\",\"contentUrl\":\"https:\/\/secure.gravatar.com\/avatar\/049821681b589dabc0bc20695993ccebb09f5b5d4d790cd9251b97faac7c652b?s=96&d=blank&r=g\",\"caption\":\"enequipo\"},\"sameAs\":[\"https:\/\/www.facebook.com\/SonoraEE\"]}]}<\/script>\n ","yoast_head_json":{"title":"Sonora en Equipo. \u201cVamos a rescatar al Hermosillo en el abandono, dice David Figueroa en Las Ladrilleras ELECCI\u00d3NES","description":"HERMOSILLO, SONORA, MX.\u02d7\u02d7\u02d7 En el marco de la reuni\u00f3n \"Entre Amigos\" con Mar\u00eda Dolores del R\u00edo y vecinos de la colonia \"Ladrilleras\", destac\u00f3 que \"vamos a En Sonora en Equipo publicamos toda la informaci\u00f3n de Sonora, M\u00e9xico y el Mundo de manera oportuna y busca que la libertad de expresi\u00f3n sea real. Visita nuestro medio informativo publicado desde Hermosillo, Sonora. %","robots":{"index":"index","follow":"follow","max-snippet":"max-snippet:-1","max-image-preview":"max-image-preview:large","max-video-preview":"max-video-preview:-1"},"canonical":"https:\/\/www.sonoraenequipo.com.mx\/vamos-a-rescatar-al-hermosillo-en-el-abandono-dice-david-figueroa-en-las-ladrilleras\/","og_locale":"es_ES","og_type":"article","og_title":"Sonora en Equipo. \u201cVamos a rescatar al Hermosillo en el abandono, dice David Figueroa en Las Ladrilleras ELECCI\u00d3NES","og_description":"HERMOSILLO, SONORA, MX.\u02d7\u02d7\u02d7 En el marco de la reuni\u00f3n \"Entre Amigos\" con Mar\u00eda Dolores del R\u00edo y vecinos de la colonia \"Ladrilleras\", destac\u00f3 que \"vamos a En Sonora en Equipo publicamos toda la informaci\u00f3n de Sonora, M\u00e9xico y el Mundo de manera oportuna y busca que la libertad de expresi\u00f3n sea real. Visita nuestro medio informativo publicado desde Hermosillo, Sonora. %","og_url":"https:\/\/www.sonoraenequipo.com.mx\/vamos-a-rescatar-al-hermosillo-en-el-abandono-dice-david-figueroa-en-las-ladrilleras\/","og_site_name":"Sonora en Equipo.","article_publisher":"https:\/\/www.facebook.com\/SonoraEE\/","article_author":"https:\/\/www.facebook.com\/SonoraEE","article_published_time":"2024-05-01T20:56:28+00:00","og_image":[{"width":800,"height":622,"url":"https:\/\/www.sonoraenequipo.com.mx\/storage\/2024\/05\/dfo-ladrilleras.jpg","type":"image\/jpeg"}],"author":"enequipo","twitter_card":"summary_large_image","twitter_creator":"@sonoraenequipo","twitter_site":"@sonoraenequipo","twitter_misc":{"Escrito por":"enequipo","Tiempo de lectura":"1 minuto"},"schema":{"@context":"https:\/\/schema.org","@graph":[{"@type":"Article","@id":"https:\/\/www.sonoraenequipo.com.mx\/vamos-a-rescatar-al-hermosillo-en-el-abandono-dice-david-figueroa-en-las-ladrilleras\/#article","isPartOf":{"@id":"https:\/\/www.sonoraenequipo.com.mx\/vamos-a-rescatar-al-hermosillo-en-el-abandono-dice-david-figueroa-en-las-ladrilleras\/"},"author":{"name":"enequipo","@id":"https:\/\/www.sonoraenequipo.com.mx\/#\/schema\/person\/50102df0fb23a8fa9e8effad8fa81386"},"headline":"\u201cVamos a rescatar al Hermosillo en el abandono, dice David Figueroa en Las Ladrilleras","datePublished":"2024-05-01T20:56:28+00:00","mainEntityOfPage":{"@id":"https:\/\/www.sonoraenequipo.com.mx\/vamos-a-rescatar-al-hermosillo-en-el-abandono-dice-david-figueroa-en-las-ladrilleras\/"},"wordCount":227,"commentCount":0,"publisher":{"@id":"https:\/\/www.sonoraenequipo.com.mx\/#organization"},"image":{"@id":"https:\/\/www.sonoraenequipo.com.mx\/vamos-a-rescatar-al-hermosillo-en-el-abandono-dice-david-figueroa-en-las-ladrilleras\/#primaryimage"},"thumbnailUrl":"https:\/\/www.sonoraenequipo.com.mx\/storage\/2024\/05\/dfo-ladrilleras.jpg","keywords":["david figueroa"],"articleSection":["ELECCI\u00d3NES"],"inLanguage":"es","potentialAction":[{"@type":"CommentAction","name":"Comment","target":["https:\/\/www.sonoraenequipo.com.mx\/vamos-a-rescatar-al-hermosillo-en-el-abandono-dice-david-figueroa-en-las-ladrilleras\/#respond"]}]},{"@type":"WebPage","@id":"https:\/\/www.sonoraenequipo.com.mx\/vamos-a-rescatar-al-hermosillo-en-el-abandono-dice-david-figueroa-en-las-ladrilleras\/","url":"https:\/\/www.sonoraenequipo.com.mx\/vamos-a-rescatar-al-hermosillo-en-el-abandono-dice-david-figueroa-en-las-ladrilleras\/","name":"Sonora en Equipo. \u201cVamos a rescatar al Hermosillo en el abandono, dice David Figueroa en Las Ladrilleras ELECCI\u00d3NES","isPartOf":{"@id":"https:\/\/www.sonoraenequipo.com.mx\/#website"},"primaryImageOfPage":{"@id":"https:\/\/www.sonoraenequipo.com.mx\/vamos-a-rescatar-al-hermosillo-en-el-abandono-dice-david-figueroa-en-las-ladrilleras\/#primaryimage"},"image":{"@id":"https:\/\/www.sonoraenequipo.com.mx\/vamos-a-rescatar-al-hermosillo-en-el-abandono-dice-david-figueroa-en-las-ladrilleras\/#primaryimage"},"thumbnailUrl":"https:\/\/www.sonoraenequipo.com.mx\/storage\/2024\/05\/dfo-ladrilleras.jpg","datePublished":"2024-05-01T20:56:28+00:00","description":"HERMOSILLO, SONORA, MX.\u02d7\u02d7\u02d7 En el marco de la reuni\u00f3n \"Entre Amigos\" con Mar\u00eda Dolores del R\u00edo y vecinos de la colonia \"Ladrilleras\", destac\u00f3 que \"vamos a En Sonora en Equipo publicamos toda la informaci\u00f3n de Sonora, M\u00e9xico y el Mundo de manera oportuna y busca que la libertad de expresi\u00f3n sea real. Visita nuestro medio informativo publicado desde Hermosillo, Sonora. %","breadcrumb":{"@id":"https:\/\/www.sonoraenequipo.com.mx\/vamos-a-rescatar-al-hermosillo-en-el-abandono-dice-david-figueroa-en-las-ladrilleras\/#breadcrumb"},"inLanguage":"es","potentialAction":[{"@type":"ReadAction","target":["https:\/\/www.sonoraenequipo.com.mx\/vamos-a-rescatar-al-hermosillo-en-el-abandono-dice-david-figueroa-en-las-ladrilleras\/"]}]},{"@type":"ImageObject","inLanguage":"es","@id":"https:\/\/www.sonoraenequipo.com.mx\/vamos-a-rescatar-al-hermosillo-en-el-abandono-dice-david-figueroa-en-las-ladrilleras\/#primaryimage","url":"https:\/\/www.sonoraenequipo.com.mx\/storage\/2024\/05\/dfo-ladrilleras.jpg","contentUrl":"https:\/\/www.sonoraenequipo.com.mx\/storage\/2024\/05\/dfo-ladrilleras.jpg","width":800,"height":622},{"@type":"BreadcrumbList","@id":"https:\/\/www.sonoraenequipo.com.mx\/vamos-a-rescatar-al-hermosillo-en-el-abandono-dice-david-figueroa-en-las-ladrilleras\/#breadcrumb","itemListElement":[{"@type":"ListItem","position":1,"name":"Portada","item":"https:\/\/www.sonoraenequipo.com.mx\/"},{"@type":"ListItem","position":2,"name":"\u201cVamos a rescatar al Hermosillo en el abandono, dice David Figueroa en Las Ladrilleras"}]},{"@type":"WebSite","@id":"https:\/\/www.sonoraenequipo.com.mx\/#website","url":"https:\/\/www.sonoraenequipo.com.mx\/","name":"Sonora en Equipo.","description":"Diario en l\u00ednea con Noticias desde Hermosillo, Sonora","publisher":{"@id":"https:\/\/www.sonoraenequipo.com.mx\/#organization"},"potentialAction":[{"@type":"SearchAction","target":{"@type":"EntryPoint","urlTemplate":"https:\/\/www.sonoraenequipo.com.mx\/?s={search_term_string}"},"query-input":{"@type":"PropertyValueSpecification","valueRequired":true,"valueName":"search_term_string"}}],"inLanguage":"es"},{"@type":"Organization","@id":"https:\/\/www.sonoraenequipo.com.mx\/#organization","name":"Sonoraenequipo.com.mx","url":"https:\/\/www.sonoraenequipo.com.mx\/","logo":{"@type":"ImageObject","inLanguage":"es","@id":"https:\/\/www.sonoraenequipo.com.mx\/#\/schema\/logo\/image\/","url":"https:\/\/www.sonoraenequipo.com.mx\/storage\/2019\/01\/sonoraenequipo_opt.png","contentUrl":"https:\/\/www.sonoraenequipo.com.mx\/storage\/2019\/01\/sonoraenequipo_opt.png","width":375,"height":125,"caption":"Sonoraenequipo.com.mx"},"image":{"@id":"https:\/\/www.sonoraenequipo.com.mx\/#\/schema\/logo\/image\/"},"sameAs":["https:\/\/www.facebook.com\/SonoraEE\/","https:\/\/x.com\/sonoraenequipo","https:\/\/www.youtube.com\/channel\/UC338nW-lPEYmJQs4ZABQ1SQ"]},{"@type":"Person","@id":"https:\/\/www.sonoraenequipo.com.mx\/#\/schema\/person\/50102df0fb23a8fa9e8effad8fa81386","name":"enequipo","image":{"@type":"ImageObject","inLanguage":"es","@id":"https:\/\/www.sonoraenequipo.com.mx\/#\/schema\/person\/image\/","url":"https:\/\/secure.gravatar.com\/avatar\/049821681b589dabc0bc20695993ccebb09f5b5d4d790cd9251b97faac7c652b?s=96&d=blank&r=g","contentUrl":"https:\/\/secure.gravatar.com\/avatar\/049821681b589dabc0bc20695993ccebb09f5b5d4d790cd9251b97faac7c652b?s=96&d=blank&r=g","caption":"enequipo"},"sameAs":["https:\/\/www.facebook.com\/SonoraEE"]}]}},"jetpack_featured_media_url":"https:\/\/www.sonoraenequipo.com.mx\/storage\/2024\/05\/dfo-ladrilleras.jpg","_links":{"self":[{"href":"https:\/\/www.sonoraenequipo.com.mx\/api\/wp\/v2\/posts\/188838","targetHints":{"allow":["GET"]}}],"collection":[{"href":"https:\/\/www.sonoraenequipo.com.mx\/api\/wp\/v2\/posts"}],"about":[{"href":"https:\/\/www.sonoraenequipo.com.mx\/api\/wp\/v2\/types\/post"}],"author":[{"embeddable":true,"href":"https:\/\/www.sonoraenequipo.com.mx\/api\/wp\/v2\/users\/1"}],"replies":[{"embeddable":true,"href":"https:\/\/www.sonoraenequipo.com.mx\/api\/wp\/v2\/comments?post=188838"}],"version-history":[{"count":1,"href":"https:\/\/www.sonoraenequipo.com.mx\/api\/wp\/v2\/posts\/188838\/revisions"}],"predecessor-version":[{"id":188840,"href":"https:\/\/www.sonoraenequipo.com.mx\/api\/wp\/v2\/posts\/188838\/revisions\/188840"}],"wp:featuredmedia":[{"embeddable":true,"href":"https:\/\/www.sonoraenequipo.com.mx\/api\/wp\/v2\/media\/188839"}],"wp:attachment":[{"href":"https:\/\/www.sonoraenequipo.com.mx\/api\/wp\/v2\/media?parent=188838"}],"wp:term":[{"taxonomy":"category","embeddable":true,"href":"https:\/\/www.sonoraenequipo.com.mx\/api\/wp\/v2\/categories?post=188838"},{"taxonomy":"post_tag","embeddable":true,"href":"https:\/\/www.sonoraenequipo.com.mx\/api\/wp\/v2\/tags?post=188838"}],"curies":[{"name":"wp","href":"https:\/\/api.w.org\/{rel}","templated":true}]}}