{"id":188841,"date":"2024-05-01T14:39:35","date_gmt":"2024-05-01T21:39:35","guid":{"rendered":"https:\/\/www.sonoraenequipo.com.mx\/?p=188841"},"modified":"2024-05-01T14:40:11","modified_gmt":"2024-05-01T21:40:11","slug":"la-muerte-de-cerca-el-peligro-de-reportar-la-guerra-entre-israel-hamas","status":"publish","type":"post","link":"https:\/\/www.sonoraenequipo.com.mx\/la-muerte-de-cerca-el-peligro-de-reportar-la-guerra-entre-israel-hamas\/","title":{"rendered":"\u00abLa muerte de cerca\u00bb, el peligro de reportar la guerra entre Israel-Ham\u00e1s"},"content":{"rendered":"<p><strong>WASHINGTON \u2014<\/strong> Ni a\u00f1os de experiencia, ni el entrenamiento m\u00e1s estricto pueden preparar completamente a un reportero para cubrir una guerra.<\/p>\n<p>\u00abLo que m\u00e1s me ha impactado ha sido la muerte, el ver la muerte muy de cerca\u00bb, confes\u00f3 a la Voz de Am\u00e9rica la espa\u00f1ola Sara G\u00f3mez Armas, de 37 a\u00f1os, sobre su experiencia reportando un conflicto como el de Israel y Ham\u00e1s, uno de los m\u00e1s mort\u00edferos de las \u00faltimas d\u00e9cadas.<\/p>\n<p>A pesar de su juventud, a G\u00f3mez Armas le ha tocado cubrir varios conflictos y viajar a regiones en guerra &#8211; Ucrania en 2022 &#8211; durante coberturas para la Agencia Espa\u00f1ola de Noticias EFE. Su labor como corresponsal jefa en Jerusal\u00e9n y los Territorios Palestinos la sit\u00faa al centro de la noticia, cuando el mundo mira a Oriente Medio con incertidumbre.<\/p>\n<p>Sin embargo, el fogueo period\u00edstico no logra aislar lo humano.<\/p>\n<p>\u00abLas im\u00e1genes que recib\u00edamos todos los d\u00edas desde Gaza, de bombardeos, de ni\u00f1os muertos saliendo de los escombros, de cuerpos destrozados. Ese contacto directo con la muerte, d\u00eda a d\u00eda, es lo m\u00e1s duro que nos ha tocado vivir en estos meses\u00bb, asegura desde su oficina en Jerusal\u00e9n, al tiempo que reconoce que los \u00abperiodistas palestinos han llevado la peor parte\u00bb.<\/p>\n<p>El periodo \u00abm\u00e1s letal\u00bb para periodistas en d\u00e9cadas<\/p>\n<p>La guerra entre el gobierno israel\u00ed y el grupo extremista estremeci\u00f3 a Oriente Medio y al mundo, que despert\u00f3 con las noticias de ataques de Ham\u00e1s a asentamiento jud\u00edos el pasado 7 de octubre, seguido de una respuesta de guerra sin cuartel por parte de Israel. A esto sigui\u00f3 la devastaci\u00f3n de Gaza, el asediado enclave controlado por los militantes palestinos y hogar de unas 2,3 millones de personas.<\/p>\n<p>A m\u00e1s de seis meses, el recuento oficial supera los 35.000 muertos, la inmensa mayor\u00eda mujeres y ni\u00f1os en Gaza &#8211; junto a unos 1.200 israel\u00edes-, cifras que incluyen al menos 97 periodistas y trabajadores de medios, seg\u00fan el Comit\u00e9 para la Protecci\u00f3n de Periodistas (CPJ en ingl\u00e9s), que califica a este periodo como \u00abel m\u00e1s letal\u00bb para informadores desde el inicio de sus registros en 1992.<\/p>\n<p>Seg\u00fan el CPJ, que investiga y confirma todos los reportes antes de actualizar sus cifras, entre los periodistas fallecidos hasta el 29 de abril de 2024 se incluyen 92 palestinos, dos israel\u00edes y tres libaneses. Adem\u00e1s, se reportan 16 comunicadores heridos, otros cuatro desaparecidos y 25 reporteros tras las rejas.<\/p>\n<p>\u00abDesde que comenz\u00f3 la guerra entre Israel y Gaza, los periodistas han estado pagando el precio m\u00e1s alto &#8211; sus vidas- para defender nuestro derecho a la verdad. Cada vez que un periodista muere o resulta herido, perdemos un fragmento de esa verdad\u201d, afirm\u00f3 el director de programa del CPJ, Carlos Mart\u00ednez de la Serna.<\/p>\n<p>Mart\u00ednez de la Serna insisti\u00f3 en que los reporteros son civiles \u00abprotegidos por el derecho internacional humanitario en tiempos de conflicto\u00bb. Sin embargo, las Fuerzas de Defensa de Israel (FDI) dijeron a Reuters y a la Agencia France Press en octubre que no pod\u00edan garantizar la seguridad de periodistas que operaban en la Franja de Gaza, los m\u00e1s amenazados.<\/p>\n<p>El gobierno israel\u00ed ha negado que tenga a periodistas como blancos premeditados y asegura que sus ataques son contra militantes de Ham\u00e1s.<\/p>\n<p>\u00abEs duro saber que hay muchos periodistas que han muerto, casi 100 periodistas en este contexto de la guerra, periodistas palestinos que est\u00e1n dentro de Gaza y que son los que realmente est\u00e1n informando de lo que ocurre, los que est\u00e1n viendo lo que pasa, porque los que estamos fuera (de la Franja), recibimos comunicados de un lado, del otro, pero ellos son los que est\u00e1n ah\u00ed\u00bb, explic\u00f3 G\u00f3mez Armas.<\/p>\n<p>Para la corresponsal, que opera desde la oficina de la agencia en el coraz\u00f3n de Jerusal\u00e9n, &#8211; Israel ha prohibido la entrada de la prensa a Gaza desde el inicio de la guerra- la labor de los reporteros en el terreno es fundamental para determinar \u00abqu\u00e9 grado de verdad hay en cada versi\u00f3n\u00bb de la informaci\u00f3n contradictoria que llega desde el gobierno israel\u00ed y Ham\u00e1s.<\/p>\n<p>\u00abSon ellos los que est\u00e1n ah\u00ed, son ellos los que al final han demostrado con fotos, con testimonios, con im\u00e1genes, la realidad de la guerra en Garza, que est\u00e1 siendo muy dura, la m\u00e1s letal en la historia del conflicto y en muchos a\u00f1os de guerras en Oriente Medio. Y son ellos los que est\u00e1n haciendo un trabajo fundamental en condiciones muy dif\u00edciles, sin luz, sin combustible para alimentar las plantas el\u00e9ctricas o con los precios disparados, con dificultades igual para conseguir comida d\u00eda a d\u00eda y con limitaciones para enviar su material\u00bb, remarc\u00f3.<\/p>\n<p>Enviar informaci\u00f3n desde Gaza cada vez es m\u00e1s dif\u00edcil, asegura la periodista, que narra las dificultades para comunicarse con el colaborador de la agencia dentro del enclave, devastado y sumido en una de las crisis humanitarias m\u00e1s graves de su historia.<\/p>\n<p>\u00abAhora mismo lo \u00fanico que est\u00e1 funcionando es WhatsApp. Eso tambi\u00e9n hace su trabajo importante y cada vez m\u00e1s dif\u00edcil, no solamente por el hecho de estar, literalmente bajo las bombas, sino tambi\u00e9n por son quienes cuentan la verdadera realidad. (&#8230;) Entonces, hay que seguir defendiendo el trabajo de esos compa\u00f1eros, porque es fundamental\u00bb, insisti\u00f3 G\u00f3mez Armas.<\/p>\n<p>Muchos periodistas palestinos tambi\u00e9n han perdido a sus familias. Aun as\u00ed, contin\u00faan haciendo su trabajo.<\/p>\n<p><strong>Fecha de publicaci\u00f3n<\/strong><strong> mi\u00e9rcoles 1 de mayo \u00a0de 2024 \/ VOA<\/strong><\/p>\n","protected":false},"excerpt":{"rendered":"<p>WASHINGTON \u2014 Ni a\u00f1os de experiencia, ni el entrenamiento m\u00e1s estricto pueden preparar completamente a&#8230;<\/p>\n","protected":false},"author":1,"featured_media":188842,"comment_status":"open","ping_status":"open","sticky":false,"template":"","format":"standard","meta":{"_monsterinsights_skip_tracking":false,"_monsterinsights_sitenote_active":false,"_monsterinsights_sitenote_note":"","_monsterinsights_sitenote_category":0,"footnotes":""},"categories":[3],"tags":[144,9036,911],"class_list":["post"],"yoast_head":" \n<title>Sonora en Equipo. &quot;La muerte de cerca&quot;, el peligro de reportar la guerra entre Israel-Ham\u00e1s MUNDO<\/title>\n<meta name=\"description\" content=\"WASHINGTON \u2014 Ni a\u00f1os de experiencia, ni el entrenamiento m\u00e1s estricto pueden preparar completamente a un reportero para cubrir una guerra. &quot;Lo que m\u00e1s me En Sonora en Equipo publicamos toda la informaci\u00f3n de Sonora, M\u00e9xico y el Mundo de manera oportuna y busca que la libertad de expresi\u00f3n sea real. Visita nuestro medio informativo publicado desde Hermosillo, Sonora. %\" \/>\n<meta name=\"robots\" content=\"index, follow, max-snippet:-1, max-image-preview:large, max-video-preview:-1\" \/>\n<link rel=\"canonical\" href=\"https:\/\/www.sonoraenequipo.com.mx\/la-muerte-de-cerca-el-peligro-de-reportar-la-guerra-entre-israel-hamas\/\" \/>\n<meta property=\"og:locale\" content=\"es_ES\" \/>\n<meta property=\"og:type\" content=\"article\" \/>\n<meta property=\"og:title\" content=\"Sonora en Equipo. &quot;La muerte de cerca&quot;, el peligro de reportar la guerra entre Israel-Ham\u00e1s MUNDO\" \/>\n<meta property=\"og:description\" content=\"WASHINGTON \u2014 Ni a\u00f1os de experiencia, ni el entrenamiento m\u00e1s estricto pueden preparar completamente a un reportero para cubrir una guerra. &quot;Lo que m\u00e1s me En Sonora en Equipo publicamos toda la informaci\u00f3n de Sonora, M\u00e9xico y el Mundo de manera oportuna y busca que la libertad de expresi\u00f3n sea real. Visita nuestro medio informativo publicado desde Hermosillo, Sonora. %\" \/>\n<meta property=\"og:url\" content=\"https:\/\/www.sonoraenequipo.com.mx\/la-muerte-de-cerca-el-peligro-de-reportar-la-guerra-entre-israel-hamas\/\" \/>\n<meta property=\"og:site_name\" content=\"Sonora en Equipo.\" \/>\n<meta property=\"article:publisher\" content=\"https:\/\/www.facebook.com\/SonoraEE\/\" \/>\n<meta property=\"article:author\" content=\"https:\/\/www.facebook.com\/SonoraEE\" \/>\n<meta property=\"article:published_time\" content=\"2024-05-01T21:39:35+00:00\" \/>\n<meta property=\"article:modified_time\" content=\"2024-05-01T21:40:11+00:00\" \/>\n<meta property=\"og:image\" content=\"https:\/\/www.sonoraenequipo.com.mx\/storage\/2024\/05\/chaleco-prensa.jpg\" \/>\n\t<meta property=\"og:image:width\" content=\"800\" \/>\n\t<meta property=\"og:image:height\" content=\"450\" \/>\n\t<meta property=\"og:image:type\" content=\"image\/jpeg\" \/>\n<meta name=\"author\" content=\"enequipo\" \/>\n<meta name=\"twitter:card\" content=\"summary_large_image\" \/>\n<meta name=\"twitter:creator\" content=\"@sonoraenequipo\" \/>\n<meta name=\"twitter:site\" content=\"@sonoraenequipo\" \/>\n<meta name=\"twitter:label1\" content=\"Escrito por\" \/>\n\t<meta name=\"twitter:data1\" content=\"enequipo\" \/>\n\t<meta name=\"twitter:label2\" content=\"Tiempo de lectura\" \/>\n\t<meta name=\"twitter:data2\" content=\"5 minutos\" \/>\n<script type=\"application\/ld+json\" class=\"yoast-schema-graph\">{\"@context\":\"https:\/\/schema.org\",\"@graph\":[{\"@type\":\"Article\",\"@id\":\"https:\/\/www.sonoraenequipo.com.mx\/la-muerte-de-cerca-el-peligro-de-reportar-la-guerra-entre-israel-hamas\/#article\",\"isPartOf\":{\"@id\":\"https:\/\/www.sonoraenequipo.com.mx\/la-muerte-de-cerca-el-peligro-de-reportar-la-guerra-entre-israel-hamas\/\"},\"author\":{\"name\":\"enequipo\",\"@id\":\"https:\/\/www.sonoraenequipo.com.mx\/#\/schema\/person\/50102df0fb23a8fa9e8effad8fa81386\"},\"headline\":\"\u00abLa muerte de cerca\u00bb, el peligro de reportar la guerra entre Israel-Ham\u00e1s\",\"datePublished\":\"2024-05-01T21:39:35+00:00\",\"dateModified\":\"2024-05-01T21:40:11+00:00\",\"mainEntityOfPage\":{\"@id\":\"https:\/\/www.sonoraenequipo.com.mx\/la-muerte-de-cerca-el-peligro-de-reportar-la-guerra-entre-israel-hamas\/\"},\"wordCount\":961,\"commentCount\":0,\"publisher\":{\"@id\":\"https:\/\/www.sonoraenequipo.com.mx\/#organization\"},\"image\":{\"@id\":\"https:\/\/www.sonoraenequipo.com.mx\/la-muerte-de-cerca-el-peligro-de-reportar-la-guerra-entre-israel-hamas\/#primaryimage\"},\"thumbnailUrl\":\"https:\/\/www.sonoraenequipo.com.mx\/storage\/2024\/05\/chaleco-prensa.jpg\",\"keywords\":[\"guerra\",\"ham\u00e0s\",\"ISRAEL\"],\"articleSection\":[\"MUNDO\"],\"inLanguage\":\"es\",\"potentialAction\":[{\"@type\":\"CommentAction\",\"name\":\"Comment\",\"target\":[\"https:\/\/www.sonoraenequipo.com.mx\/la-muerte-de-cerca-el-peligro-de-reportar-la-guerra-entre-israel-hamas\/#respond\"]}]},{\"@type\":\"WebPage\",\"@id\":\"https:\/\/www.sonoraenequipo.com.mx\/la-muerte-de-cerca-el-peligro-de-reportar-la-guerra-entre-israel-hamas\/\",\"url\":\"https:\/\/www.sonoraenequipo.com.mx\/la-muerte-de-cerca-el-peligro-de-reportar-la-guerra-entre-israel-hamas\/\",\"name\":\"Sonora en Equipo. \\\"La muerte de cerca\\\", el peligro de reportar la guerra entre Israel-Ham\u00e1s MUNDO\",\"isPartOf\":{\"@id\":\"https:\/\/www.sonoraenequipo.com.mx\/#website\"},\"primaryImageOfPage\":{\"@id\":\"https:\/\/www.sonoraenequipo.com.mx\/la-muerte-de-cerca-el-peligro-de-reportar-la-guerra-entre-israel-hamas\/#primaryimage\"},\"image\":{\"@id\":\"https:\/\/www.sonoraenequipo.com.mx\/la-muerte-de-cerca-el-peligro-de-reportar-la-guerra-entre-israel-hamas\/#primaryimage\"},\"thumbnailUrl\":\"https:\/\/www.sonoraenequipo.com.mx\/storage\/2024\/05\/chaleco-prensa.jpg\",\"datePublished\":\"2024-05-01T21:39:35+00:00\",\"dateModified\":\"2024-05-01T21:40:11+00:00\",\"description\":\"WASHINGTON \u2014 Ni a\u00f1os de experiencia, ni el entrenamiento m\u00e1s estricto pueden preparar completamente a un reportero para cubrir una guerra. \\\"Lo que m\u00e1s me En Sonora en Equipo publicamos toda la informaci\u00f3n de Sonora, M\u00e9xico y el Mundo de manera oportuna y busca que la libertad de expresi\u00f3n sea real. Visita nuestro medio informativo publicado desde Hermosillo, Sonora. %\",\"breadcrumb\":{\"@id\":\"https:\/\/www.sonoraenequipo.com.mx\/la-muerte-de-cerca-el-peligro-de-reportar-la-guerra-entre-israel-hamas\/#breadcrumb\"},\"inLanguage\":\"es\",\"potentialAction\":[{\"@type\":\"ReadAction\",\"target\":[\"https:\/\/www.sonoraenequipo.com.mx\/la-muerte-de-cerca-el-peligro-de-reportar-la-guerra-entre-israel-hamas\/\"]}]},{\"@type\":\"ImageObject\",\"inLanguage\":\"es\",\"@id\":\"https:\/\/www.sonoraenequipo.com.mx\/la-muerte-de-cerca-el-peligro-de-reportar-la-guerra-entre-israel-hamas\/#primaryimage\",\"url\":\"https:\/\/www.sonoraenequipo.com.mx\/storage\/2024\/05\/chaleco-prensa.jpg\",\"contentUrl\":\"https:\/\/www.sonoraenequipo.com.mx\/storage\/2024\/05\/chaleco-prensa.jpg\",\"width\":800,\"height\":450,\"caption\":\"ARCHIVO - Un hombre sostiene el chaleco antibalas del periodista de Al Jazeera Wael Al-Dahdouh, herido en medio del conflicto entre Israel y Ham\u00e1s, en Khan Younis, sur de la Franja de Gaza, el 15 de diciembre de 2023. Reuters\"},{\"@type\":\"BreadcrumbList\",\"@id\":\"https:\/\/www.sonoraenequipo.com.mx\/la-muerte-de-cerca-el-peligro-de-reportar-la-guerra-entre-israel-hamas\/#breadcrumb\",\"itemListElement\":[{\"@type\":\"ListItem\",\"position\":1,\"name\":\"Portada\",\"item\":\"https:\/\/www.sonoraenequipo.com.mx\/\"},{\"@type\":\"ListItem\",\"position\":2,\"name\":\"\u00abLa muerte de cerca\u00bb, el peligro de reportar la guerra entre Israel-Ham\u00e1s\"}]},{\"@type\":\"WebSite\",\"@id\":\"https:\/\/www.sonoraenequipo.com.mx\/#website\",\"url\":\"https:\/\/www.sonoraenequipo.com.mx\/\",\"name\":\"Sonora en Equipo.\",\"description\":\"Diario en l\u00ednea con Noticias desde Hermosillo, Sonora\",\"publisher\":{\"@id\":\"https:\/\/www.sonoraenequipo.com.mx\/#organization\"},\"potentialAction\":[{\"@type\":\"SearchAction\",\"target\":{\"@type\":\"EntryPoint\",\"urlTemplate\":\"https:\/\/www.sonoraenequipo.com.mx\/?s={search_term_string}\"},\"query-input\":{\"@type\":\"PropertyValueSpecification\",\"valueRequired\":true,\"valueName\":\"search_term_string\"}}],\"inLanguage\":\"es\"},{\"@type\":\"Organization\",\"@id\":\"https:\/\/www.sonoraenequipo.com.mx\/#organization\",\"name\":\"Sonoraenequipo.com.mx\",\"url\":\"https:\/\/www.sonoraenequipo.com.mx\/\",\"logo\":{\"@type\":\"ImageObject\",\"inLanguage\":\"es\",\"@id\":\"https:\/\/www.sonoraenequipo.com.mx\/#\/schema\/logo\/image\/\",\"url\":\"https:\/\/www.sonoraenequipo.com.mx\/storage\/2019\/01\/sonoraenequipo_opt.png\",\"contentUrl\":\"https:\/\/www.sonoraenequipo.com.mx\/storage\/2019\/01\/sonoraenequipo_opt.png\",\"width\":375,\"height\":125,\"caption\":\"Sonoraenequipo.com.mx\"},\"image\":{\"@id\":\"https:\/\/www.sonoraenequipo.com.mx\/#\/schema\/logo\/image\/\"},\"sameAs\":[\"https:\/\/www.facebook.com\/SonoraEE\/\",\"https:\/\/x.com\/sonoraenequipo\",\"https:\/\/www.youtube.com\/channel\/UC338nW-lPEYmJQs4ZABQ1SQ\"]},{\"@type\":\"Person\",\"@id\":\"https:\/\/www.sonoraenequipo.com.mx\/#\/schema\/person\/50102df0fb23a8fa9e8effad8fa81386\",\"name\":\"enequipo\",\"image\":{\"@type\":\"ImageObject\",\"inLanguage\":\"es\",\"@id\":\"https:\/\/www.sonoraenequipo.com.mx\/#\/schema\/person\/image\/\",\"url\":\"https:\/\/secure.gravatar.com\/avatar\/049821681b589dabc0bc20695993ccebb09f5b5d4d790cd9251b97faac7c652b?s=96&d=blank&r=g\",\"contentUrl\":\"https:\/\/secure.gravatar.com\/avatar\/049821681b589dabc0bc20695993ccebb09f5b5d4d790cd9251b97faac7c652b?s=96&d=blank&r=g\",\"caption\":\"enequipo\"},\"sameAs\":[\"https:\/\/www.facebook.com\/SonoraEE\"]}]}<\/script>\n ","yoast_head_json":{"title":"Sonora en Equipo. \"La muerte de cerca\", el peligro de reportar la guerra entre Israel-Ham\u00e1s MUNDO","description":"WASHINGTON \u2014 Ni a\u00f1os de experiencia, ni el entrenamiento m\u00e1s estricto pueden preparar completamente a un reportero para cubrir una guerra. \"Lo que m\u00e1s me En Sonora en Equipo publicamos toda la informaci\u00f3n de Sonora, M\u00e9xico y el Mundo de manera oportuna y busca que la libertad de expresi\u00f3n sea real. Visita nuestro medio informativo publicado desde Hermosillo, Sonora. %","robots":{"index":"index","follow":"follow","max-snippet":"max-snippet:-1","max-image-preview":"max-image-preview:large","max-video-preview":"max-video-preview:-1"},"canonical":"https:\/\/www.sonoraenequipo.com.mx\/la-muerte-de-cerca-el-peligro-de-reportar-la-guerra-entre-israel-hamas\/","og_locale":"es_ES","og_type":"article","og_title":"Sonora en Equipo. \"La muerte de cerca\", el peligro de reportar la guerra entre Israel-Ham\u00e1s MUNDO","og_description":"WASHINGTON \u2014 Ni a\u00f1os de experiencia, ni el entrenamiento m\u00e1s estricto pueden preparar completamente a un reportero para cubrir una guerra. \"Lo que m\u00e1s me En Sonora en Equipo publicamos toda la informaci\u00f3n de Sonora, M\u00e9xico y el Mundo de manera oportuna y busca que la libertad de expresi\u00f3n sea real. Visita nuestro medio informativo publicado desde Hermosillo, Sonora. %","og_url":"https:\/\/www.sonoraenequipo.com.mx\/la-muerte-de-cerca-el-peligro-de-reportar-la-guerra-entre-israel-hamas\/","og_site_name":"Sonora en Equipo.","article_publisher":"https:\/\/www.facebook.com\/SonoraEE\/","article_author":"https:\/\/www.facebook.com\/SonoraEE","article_published_time":"2024-05-01T21:39:35+00:00","article_modified_time":"2024-05-01T21:40:11+00:00","og_image":[{"width":800,"height":450,"url":"https:\/\/www.sonoraenequipo.com.mx\/storage\/2024\/05\/chaleco-prensa.jpg","type":"image\/jpeg"}],"author":"enequipo","twitter_card":"summary_large_image","twitter_creator":"@sonoraenequipo","twitter_site":"@sonoraenequipo","twitter_misc":{"Escrito por":"enequipo","Tiempo de lectura":"5 minutos"},"schema":{"@context":"https:\/\/schema.org","@graph":[{"@type":"Article","@id":"https:\/\/www.sonoraenequipo.com.mx\/la-muerte-de-cerca-el-peligro-de-reportar-la-guerra-entre-israel-hamas\/#article","isPartOf":{"@id":"https:\/\/www.sonoraenequipo.com.mx\/la-muerte-de-cerca-el-peligro-de-reportar-la-guerra-entre-israel-hamas\/"},"author":{"name":"enequipo","@id":"https:\/\/www.sonoraenequipo.com.mx\/#\/schema\/person\/50102df0fb23a8fa9e8effad8fa81386"},"headline":"\u00abLa muerte de cerca\u00bb, el peligro de reportar la guerra entre Israel-Ham\u00e1s","datePublished":"2024-05-01T21:39:35+00:00","dateModified":"2024-05-01T21:40:11+00:00","mainEntityOfPage":{"@id":"https:\/\/www.sonoraenequipo.com.mx\/la-muerte-de-cerca-el-peligro-de-reportar-la-guerra-entre-israel-hamas\/"},"wordCount":961,"commentCount":0,"publisher":{"@id":"https:\/\/www.sonoraenequipo.com.mx\/#organization"},"image":{"@id":"https:\/\/www.sonoraenequipo.com.mx\/la-muerte-de-cerca-el-peligro-de-reportar-la-guerra-entre-israel-hamas\/#primaryimage"},"thumbnailUrl":"https:\/\/www.sonoraenequipo.com.mx\/storage\/2024\/05\/chaleco-prensa.jpg","keywords":["guerra","ham\u00e0s","ISRAEL"],"articleSection":["MUNDO"],"inLanguage":"es","potentialAction":[{"@type":"CommentAction","name":"Comment","target":["https:\/\/www.sonoraenequipo.com.mx\/la-muerte-de-cerca-el-peligro-de-reportar-la-guerra-entre-israel-hamas\/#respond"]}]},{"@type":"WebPage","@id":"https:\/\/www.sonoraenequipo.com.mx\/la-muerte-de-cerca-el-peligro-de-reportar-la-guerra-entre-israel-hamas\/","url":"https:\/\/www.sonoraenequipo.com.mx\/la-muerte-de-cerca-el-peligro-de-reportar-la-guerra-entre-israel-hamas\/","name":"Sonora en Equipo. \"La muerte de cerca\", el peligro de reportar la guerra entre Israel-Ham\u00e1s MUNDO","isPartOf":{"@id":"https:\/\/www.sonoraenequipo.com.mx\/#website"},"primaryImageOfPage":{"@id":"https:\/\/www.sonoraenequipo.com.mx\/la-muerte-de-cerca-el-peligro-de-reportar-la-guerra-entre-israel-hamas\/#primaryimage"},"image":{"@id":"https:\/\/www.sonoraenequipo.com.mx\/la-muerte-de-cerca-el-peligro-de-reportar-la-guerra-entre-israel-hamas\/#primaryimage"},"thumbnailUrl":"https:\/\/www.sonoraenequipo.com.mx\/storage\/2024\/05\/chaleco-prensa.jpg","datePublished":"2024-05-01T21:39:35+00:00","dateModified":"2024-05-01T21:40:11+00:00","description":"WASHINGTON \u2014 Ni a\u00f1os de experiencia, ni el entrenamiento m\u00e1s estricto pueden preparar completamente a un reportero para cubrir una guerra. \"Lo que m\u00e1s me En Sonora en Equipo publicamos toda la informaci\u00f3n de Sonora, M\u00e9xico y el Mundo de manera oportuna y busca que la libertad de expresi\u00f3n sea real. Visita nuestro medio informativo publicado desde Hermosillo, Sonora. %","breadcrumb":{"@id":"https:\/\/www.sonoraenequipo.com.mx\/la-muerte-de-cerca-el-peligro-de-reportar-la-guerra-entre-israel-hamas\/#breadcrumb"},"inLanguage":"es","potentialAction":[{"@type":"ReadAction","target":["https:\/\/www.sonoraenequipo.com.mx\/la-muerte-de-cerca-el-peligro-de-reportar-la-guerra-entre-israel-hamas\/"]}]},{"@type":"ImageObject","inLanguage":"es","@id":"https:\/\/www.sonoraenequipo.com.mx\/la-muerte-de-cerca-el-peligro-de-reportar-la-guerra-entre-israel-hamas\/#primaryimage","url":"https:\/\/www.sonoraenequipo.com.mx\/storage\/2024\/05\/chaleco-prensa.jpg","contentUrl":"https:\/\/www.sonoraenequipo.com.mx\/storage\/2024\/05\/chaleco-prensa.jpg","width":800,"height":450,"caption":"ARCHIVO - Un hombre sostiene el chaleco antibalas del periodista de Al Jazeera Wael Al-Dahdouh, herido en medio del conflicto entre Israel y Ham\u00e1s, en Khan Younis, sur de la Franja de Gaza, el 15 de diciembre de 2023. Reuters"},{"@type":"BreadcrumbList","@id":"https:\/\/www.sonoraenequipo.com.mx\/la-muerte-de-cerca-el-peligro-de-reportar-la-guerra-entre-israel-hamas\/#breadcrumb","itemListElement":[{"@type":"ListItem","position":1,"name":"Portada","item":"https:\/\/www.sonoraenequipo.com.mx\/"},{"@type":"ListItem","position":2,"name":"\u00abLa muerte de cerca\u00bb, el peligro de reportar la guerra entre Israel-Ham\u00e1s"}]},{"@type":"WebSite","@id":"https:\/\/www.sonoraenequipo.com.mx\/#website","url":"https:\/\/www.sonoraenequipo.com.mx\/","name":"Sonora en Equipo.","description":"Diario en l\u00ednea con Noticias desde Hermosillo, Sonora","publisher":{"@id":"https:\/\/www.sonoraenequipo.com.mx\/#organization"},"potentialAction":[{"@type":"SearchAction","target":{"@type":"EntryPoint","urlTemplate":"https:\/\/www.sonoraenequipo.com.mx\/?s={search_term_string}"},"query-input":{"@type":"PropertyValueSpecification","valueRequired":true,"valueName":"search_term_string"}}],"inLanguage":"es"},{"@type":"Organization","@id":"https:\/\/www.sonoraenequipo.com.mx\/#organization","name":"Sonoraenequipo.com.mx","url":"https:\/\/www.sonoraenequipo.com.mx\/","logo":{"@type":"ImageObject","inLanguage":"es","@id":"https:\/\/www.sonoraenequipo.com.mx\/#\/schema\/logo\/image\/","url":"https:\/\/www.sonoraenequipo.com.mx\/storage\/2019\/01\/sonoraenequipo_opt.png","contentUrl":"https:\/\/www.sonoraenequipo.com.mx\/storage\/2019\/01\/sonoraenequipo_opt.png","width":375,"height":125,"caption":"Sonoraenequipo.com.mx"},"image":{"@id":"https:\/\/www.sonoraenequipo.com.mx\/#\/schema\/logo\/image\/"},"sameAs":["https:\/\/www.facebook.com\/SonoraEE\/","https:\/\/x.com\/sonoraenequipo","https:\/\/www.youtube.com\/channel\/UC338nW-lPEYmJQs4ZABQ1SQ"]},{"@type":"Person","@id":"https:\/\/www.sonoraenequipo.com.mx\/#\/schema\/person\/50102df0fb23a8fa9e8effad8fa81386","name":"enequipo","image":{"@type":"ImageObject","inLanguage":"es","@id":"https:\/\/www.sonoraenequipo.com.mx\/#\/schema\/person\/image\/","url":"https:\/\/secure.gravatar.com\/avatar\/049821681b589dabc0bc20695993ccebb09f5b5d4d790cd9251b97faac7c652b?s=96&d=blank&r=g","contentUrl":"https:\/\/secure.gravatar.com\/avatar\/049821681b589dabc0bc20695993ccebb09f5b5d4d790cd9251b97faac7c652b?s=96&d=blank&r=g","caption":"enequipo"},"sameAs":["https:\/\/www.facebook.com\/SonoraEE"]}]}},"jetpack_featured_media_url":"https:\/\/www.sonoraenequipo.com.mx\/storage\/2024\/05\/chaleco-prensa.jpg","_links":{"self":[{"href":"https:\/\/www.sonoraenequipo.com.mx\/api\/wp\/v2\/posts\/188841","targetHints":{"allow":["GET"]}}],"collection":[{"href":"https:\/\/www.sonoraenequipo.com.mx\/api\/wp\/v2\/posts"}],"about":[{"href":"https:\/\/www.sonoraenequipo.com.mx\/api\/wp\/v2\/types\/post"}],"author":[{"embeddable":true,"href":"https:\/\/www.sonoraenequipo.com.mx\/api\/wp\/v2\/users\/1"}],"replies":[{"embeddable":true,"href":"https:\/\/www.sonoraenequipo.com.mx\/api\/wp\/v2\/comments?post=188841"}],"version-history":[{"count":2,"href":"https:\/\/www.sonoraenequipo.com.mx\/api\/wp\/v2\/posts\/188841\/revisions"}],"predecessor-version":[{"id":188844,"href":"https:\/\/www.sonoraenequipo.com.mx\/api\/wp\/v2\/posts\/188841\/revisions\/188844"}],"wp:featuredmedia":[{"embeddable":true,"href":"https:\/\/www.sonoraenequipo.com.mx\/api\/wp\/v2\/media\/188842"}],"wp:attachment":[{"href":"https:\/\/www.sonoraenequipo.com.mx\/api\/wp\/v2\/media?parent=188841"}],"wp:term":[{"taxonomy":"category","embeddable":true,"href":"https:\/\/www.sonoraenequipo.com.mx\/api\/wp\/v2\/categories?post=188841"},{"taxonomy":"post_tag","embeddable":true,"href":"https:\/\/www.sonoraenequipo.com.mx\/api\/wp\/v2\/tags?post=188841"}],"curies":[{"name":"wp","href":"https:\/\/api.w.org\/{rel}","templated":true}]}}