{"id":188848,"date":"2024-05-01T15:40:36","date_gmt":"2024-05-01T22:40:36","guid":{"rendered":"https:\/\/www.sonoraenequipo.com.mx\/?p=188848"},"modified":"2024-05-01T15:40:36","modified_gmt":"2024-05-01T22:40:36","slug":"exhorta-registro-civil-sonora-a-realizar-tramite-para-registrar-a-menores","status":"publish","type":"post","link":"https:\/\/www.sonoraenequipo.com.mx\/exhorta-registro-civil-sonora-a-realizar-tramite-para-registrar-a-menores\/","title":{"rendered":"Exhorta Registro Civil Sonora a realizar tr\u00e1mite para registrar a menores"},"content":{"rendered":"<p>&nbsp;<\/p>\n<p><strong>HERMOSILLO, SONORA, MX.\u02d7\u02d7\u02d7 <\/strong>En los \u00faltimos diez a\u00f1os se han registrado en Sonora un total de 171 mil 865 ni\u00f1os; siendo el a\u00f1o 2013 el de mayor n\u00famero de menores registrados con 18 mil 283 y 2020 el de menos actas de nacimiento expedidas con 10 mil 643.<\/p>\n<p>&nbsp;<\/p>\n<p>&nbsp;<\/p>\n<p>&nbsp;<\/p>\n<p>De acuerdo con informaci\u00f3n del Registro Civil de Sonora, el a\u00f1o pasado cerr\u00f3 con 13 mil 316 ni\u00f1os que fueron registrados y en lo que va del presente a\u00f1o se les ha otorgado el documento oficial a 4 mil 127 menores.<\/p>\n<p>&nbsp;<\/p>\n<p>&nbsp;<\/p>\n<p>&nbsp;<\/p>\n<p>En el marco del D\u00eda del Ni\u00f1o y la Ni\u00f1a, la dependencia insta a los sonorenses a que acudan a cualquier oficial\u00eda del Registro Civil con el aviso de nacimiento que emite la Secretar\u00eda de Salud, la identificaci\u00f3n de los padres y dos testigos para registrar a sus hijos de forma gratuito.<\/p>\n<p>&nbsp;<\/p>\n<p>&nbsp;<\/p>\n<p>&nbsp;<\/p>\n<p>En caso de no contar con el aviso de nacimiento, los padres pueden acudir a la Secretar\u00eda de Salud a solicitar una copia certificada.<\/p>\n<p><strong>Fecha de publicaci\u00f3n<\/strong><strong> mi\u00e9rcoles 1 de mayo \u00a0de 2024<\/strong><\/p>\n","protected":false},"excerpt":{"rendered":"<p>&nbsp; HERMOSILLO, SONORA, MX.\u02d7\u02d7\u02d7 En los \u00faltimos diez a\u00f1os se han registrado en Sonora un&#8230;<\/p>\n","protected":false},"author":1,"featured_media":188849,"comment_status":"open","ping_status":"open","sticky":false,"template":"","format":"standard","meta":{"_monsterinsights_skip_tracking":false,"_monsterinsights_sitenote_active":false,"_monsterinsights_sitenote_note":"","_monsterinsights_sitenote_category":0,"footnotes":""},"categories":[22],"tags":[4265,15],"class_list":["post"],"yoast_head":" \n<title>Sonora en Equipo. Exhorta Registro Civil Sonora a realizar tr\u00e1mite para registrar a menores Sonora<\/title>\n<meta name=\"description\" content=\"&nbsp; HERMOSILLO, SONORA, MX.\u02d7\u02d7\u02d7 En los \u00faltimos diez a\u00f1os se han registrado en Sonora un total de 171 mil 865 ni\u00f1os; siendo el a\u00f1o 2013 el de mayor En Sonora en Equipo publicamos toda la informaci\u00f3n de Sonora, M\u00e9xico y el Mundo de manera oportuna y busca que la libertad de expresi\u00f3n sea real. Visita nuestro medio informativo publicado desde Hermosillo, Sonora. %\" \/>\n<meta name=\"robots\" content=\"index, follow, max-snippet:-1, max-image-preview:large, max-video-preview:-1\" \/>\n<link rel=\"canonical\" href=\"https:\/\/www.sonoraenequipo.com.mx\/exhorta-registro-civil-sonora-a-realizar-tramite-para-registrar-a-menores\/\" \/>\n<meta property=\"og:locale\" content=\"es_ES\" \/>\n<meta property=\"og:type\" content=\"article\" \/>\n<meta property=\"og:title\" content=\"Sonora en Equipo. Exhorta Registro Civil Sonora a realizar tr\u00e1mite para registrar a menores Sonora\" \/>\n<meta property=\"og:description\" content=\"&nbsp; HERMOSILLO, SONORA, MX.\u02d7\u02d7\u02d7 En los \u00faltimos diez a\u00f1os se han registrado en Sonora un total de 171 mil 865 ni\u00f1os; siendo el a\u00f1o 2013 el de mayor En Sonora en Equipo publicamos toda la informaci\u00f3n de Sonora, M\u00e9xico y el Mundo de manera oportuna y busca que la libertad de expresi\u00f3n sea real. Visita nuestro medio informativo publicado desde Hermosillo, Sonora. %\" \/>\n<meta property=\"og:url\" content=\"https:\/\/www.sonoraenequipo.com.mx\/exhorta-registro-civil-sonora-a-realizar-tramite-para-registrar-a-menores\/\" \/>\n<meta property=\"og:site_name\" content=\"Sonora en Equipo.\" \/>\n<meta property=\"article:publisher\" content=\"https:\/\/www.facebook.com\/SonoraEE\/\" \/>\n<meta property=\"article:author\" content=\"https:\/\/www.facebook.com\/SonoraEE\" \/>\n<meta property=\"article:published_time\" content=\"2024-05-01T22:40:36+00:00\" \/>\n<meta property=\"og:image\" content=\"https:\/\/www.sonoraenequipo.com.mx\/storage\/2024\/05\/registro-civil.jpg\" \/>\n\t<meta property=\"og:image:width\" content=\"800\" \/>\n\t<meta property=\"og:image:height\" content=\"600\" \/>\n\t<meta property=\"og:image:type\" content=\"image\/jpeg\" \/>\n<meta name=\"author\" content=\"enequipo\" \/>\n<meta name=\"twitter:card\" content=\"summary_large_image\" \/>\n<meta name=\"twitter:creator\" content=\"@sonoraenequipo\" \/>\n<meta name=\"twitter:site\" content=\"@sonoraenequipo\" \/>\n<meta name=\"twitter:label1\" content=\"Escrito por\" \/>\n\t<meta name=\"twitter:data1\" content=\"enequipo\" \/>\n\t<meta name=\"twitter:label2\" content=\"Tiempo de lectura\" \/>\n\t<meta name=\"twitter:data2\" content=\"1 minuto\" \/>\n<script type=\"application\/ld+json\" class=\"yoast-schema-graph\">{\"@context\":\"https:\/\/schema.org\",\"@graph\":[{\"@type\":\"Article\",\"@id\":\"https:\/\/www.sonoraenequipo.com.mx\/exhorta-registro-civil-sonora-a-realizar-tramite-para-registrar-a-menores\/#article\",\"isPartOf\":{\"@id\":\"https:\/\/www.sonoraenequipo.com.mx\/exhorta-registro-civil-sonora-a-realizar-tramite-para-registrar-a-menores\/\"},\"author\":{\"name\":\"enequipo\",\"@id\":\"https:\/\/www.sonoraenequipo.com.mx\/#\/schema\/person\/50102df0fb23a8fa9e8effad8fa81386\"},\"headline\":\"Exhorta Registro Civil Sonora a realizar tr\u00e1mite para registrar a menores\",\"datePublished\":\"2024-05-01T22:40:36+00:00\",\"mainEntityOfPage\":{\"@id\":\"https:\/\/www.sonoraenequipo.com.mx\/exhorta-registro-civil-sonora-a-realizar-tramite-para-registrar-a-menores\/\"},\"wordCount\":199,\"commentCount\":0,\"publisher\":{\"@id\":\"https:\/\/www.sonoraenequipo.com.mx\/#organization\"},\"image\":{\"@id\":\"https:\/\/www.sonoraenequipo.com.mx\/exhorta-registro-civil-sonora-a-realizar-tramite-para-registrar-a-menores\/#primaryimage\"},\"thumbnailUrl\":\"https:\/\/www.sonoraenequipo.com.mx\/storage\/2024\/05\/registro-civil.jpg\",\"keywords\":[\"Registro Civil\",\"Sonora\"],\"articleSection\":[\"Sonora\"],\"inLanguage\":\"es\",\"potentialAction\":[{\"@type\":\"CommentAction\",\"name\":\"Comment\",\"target\":[\"https:\/\/www.sonoraenequipo.com.mx\/exhorta-registro-civil-sonora-a-realizar-tramite-para-registrar-a-menores\/#respond\"]}]},{\"@type\":\"WebPage\",\"@id\":\"https:\/\/www.sonoraenequipo.com.mx\/exhorta-registro-civil-sonora-a-realizar-tramite-para-registrar-a-menores\/\",\"url\":\"https:\/\/www.sonoraenequipo.com.mx\/exhorta-registro-civil-sonora-a-realizar-tramite-para-registrar-a-menores\/\",\"name\":\"Sonora en Equipo. Exhorta Registro Civil Sonora a realizar tr\u00e1mite para registrar a menores Sonora\",\"isPartOf\":{\"@id\":\"https:\/\/www.sonoraenequipo.com.mx\/#website\"},\"primaryImageOfPage\":{\"@id\":\"https:\/\/www.sonoraenequipo.com.mx\/exhorta-registro-civil-sonora-a-realizar-tramite-para-registrar-a-menores\/#primaryimage\"},\"image\":{\"@id\":\"https:\/\/www.sonoraenequipo.com.mx\/exhorta-registro-civil-sonora-a-realizar-tramite-para-registrar-a-menores\/#primaryimage\"},\"thumbnailUrl\":\"https:\/\/www.sonoraenequipo.com.mx\/storage\/2024\/05\/registro-civil.jpg\",\"datePublished\":\"2024-05-01T22:40:36+00:00\",\"description\":\"&nbsp; HERMOSILLO, SONORA, MX.\u02d7\u02d7\u02d7 En los \u00faltimos diez a\u00f1os se han registrado en Sonora un total de 171 mil 865 ni\u00f1os; siendo el a\u00f1o 2013 el de mayor En Sonora en Equipo publicamos toda la informaci\u00f3n de Sonora, M\u00e9xico y el Mundo de manera oportuna y busca que la libertad de expresi\u00f3n sea real. Visita nuestro medio informativo publicado desde Hermosillo, Sonora. %\",\"breadcrumb\":{\"@id\":\"https:\/\/www.sonoraenequipo.com.mx\/exhorta-registro-civil-sonora-a-realizar-tramite-para-registrar-a-menores\/#breadcrumb\"},\"inLanguage\":\"es\",\"potentialAction\":[{\"@type\":\"ReadAction\",\"target\":[\"https:\/\/www.sonoraenequipo.com.mx\/exhorta-registro-civil-sonora-a-realizar-tramite-para-registrar-a-menores\/\"]}]},{\"@type\":\"ImageObject\",\"inLanguage\":\"es\",\"@id\":\"https:\/\/www.sonoraenequipo.com.mx\/exhorta-registro-civil-sonora-a-realizar-tramite-para-registrar-a-menores\/#primaryimage\",\"url\":\"https:\/\/www.sonoraenequipo.com.mx\/storage\/2024\/05\/registro-civil.jpg\",\"contentUrl\":\"https:\/\/www.sonoraenequipo.com.mx\/storage\/2024\/05\/registro-civil.jpg\",\"width\":800,\"height\":600},{\"@type\":\"BreadcrumbList\",\"@id\":\"https:\/\/www.sonoraenequipo.com.mx\/exhorta-registro-civil-sonora-a-realizar-tramite-para-registrar-a-menores\/#breadcrumb\",\"itemListElement\":[{\"@type\":\"ListItem\",\"position\":1,\"name\":\"Portada\",\"item\":\"https:\/\/www.sonoraenequipo.com.mx\/\"},{\"@type\":\"ListItem\",\"position\":2,\"name\":\"Exhorta Registro Civil Sonora a realizar tr\u00e1mite para registrar a menores\"}]},{\"@type\":\"WebSite\",\"@id\":\"https:\/\/www.sonoraenequipo.com.mx\/#website\",\"url\":\"https:\/\/www.sonoraenequipo.com.mx\/\",\"name\":\"Sonora en Equipo.\",\"description\":\"Diario en l\u00ednea con Noticias desde Hermosillo, Sonora\",\"publisher\":{\"@id\":\"https:\/\/www.sonoraenequipo.com.mx\/#organization\"},\"potentialAction\":[{\"@type\":\"SearchAction\",\"target\":{\"@type\":\"EntryPoint\",\"urlTemplate\":\"https:\/\/www.sonoraenequipo.com.mx\/?s={search_term_string}\"},\"query-input\":{\"@type\":\"PropertyValueSpecification\",\"valueRequired\":true,\"valueName\":\"search_term_string\"}}],\"inLanguage\":\"es\"},{\"@type\":\"Organization\",\"@id\":\"https:\/\/www.sonoraenequipo.com.mx\/#organization\",\"name\":\"Sonoraenequipo.com.mx\",\"url\":\"https:\/\/www.sonoraenequipo.com.mx\/\",\"logo\":{\"@type\":\"ImageObject\",\"inLanguage\":\"es\",\"@id\":\"https:\/\/www.sonoraenequipo.com.mx\/#\/schema\/logo\/image\/\",\"url\":\"https:\/\/www.sonoraenequipo.com.mx\/storage\/2019\/01\/sonoraenequipo_opt.png\",\"contentUrl\":\"https:\/\/www.sonoraenequipo.com.mx\/storage\/2019\/01\/sonoraenequipo_opt.png\",\"width\":375,\"height\":125,\"caption\":\"Sonoraenequipo.com.mx\"},\"image\":{\"@id\":\"https:\/\/www.sonoraenequipo.com.mx\/#\/schema\/logo\/image\/\"},\"sameAs\":[\"https:\/\/www.facebook.com\/SonoraEE\/\",\"https:\/\/x.com\/sonoraenequipo\",\"https:\/\/www.youtube.com\/channel\/UC338nW-lPEYmJQs4ZABQ1SQ\"]},{\"@type\":\"Person\",\"@id\":\"https:\/\/www.sonoraenequipo.com.mx\/#\/schema\/person\/50102df0fb23a8fa9e8effad8fa81386\",\"name\":\"enequipo\",\"image\":{\"@type\":\"ImageObject\",\"inLanguage\":\"es\",\"@id\":\"https:\/\/www.sonoraenequipo.com.mx\/#\/schema\/person\/image\/\",\"url\":\"https:\/\/secure.gravatar.com\/avatar\/049821681b589dabc0bc20695993ccebb09f5b5d4d790cd9251b97faac7c652b?s=96&d=blank&r=g\",\"contentUrl\":\"https:\/\/secure.gravatar.com\/avatar\/049821681b589dabc0bc20695993ccebb09f5b5d4d790cd9251b97faac7c652b?s=96&d=blank&r=g\",\"caption\":\"enequipo\"},\"sameAs\":[\"https:\/\/www.facebook.com\/SonoraEE\"]}]}<\/script>\n ","yoast_head_json":{"title":"Sonora en Equipo. Exhorta Registro Civil Sonora a realizar tr\u00e1mite para registrar a menores Sonora","description":"&nbsp; HERMOSILLO, SONORA, MX.\u02d7\u02d7\u02d7 En los \u00faltimos diez a\u00f1os se han registrado en Sonora un total de 171 mil 865 ni\u00f1os; siendo el a\u00f1o 2013 el de mayor En Sonora en Equipo publicamos toda la informaci\u00f3n de Sonora, M\u00e9xico y el Mundo de manera oportuna y busca que la libertad de expresi\u00f3n sea real. Visita nuestro medio informativo publicado desde Hermosillo, Sonora. %","robots":{"index":"index","follow":"follow","max-snippet":"max-snippet:-1","max-image-preview":"max-image-preview:large","max-video-preview":"max-video-preview:-1"},"canonical":"https:\/\/www.sonoraenequipo.com.mx\/exhorta-registro-civil-sonora-a-realizar-tramite-para-registrar-a-menores\/","og_locale":"es_ES","og_type":"article","og_title":"Sonora en Equipo. Exhorta Registro Civil Sonora a realizar tr\u00e1mite para registrar a menores Sonora","og_description":"&nbsp; HERMOSILLO, SONORA, MX.\u02d7\u02d7\u02d7 En los \u00faltimos diez a\u00f1os se han registrado en Sonora un total de 171 mil 865 ni\u00f1os; siendo el a\u00f1o 2013 el de mayor En Sonora en Equipo publicamos toda la informaci\u00f3n de Sonora, M\u00e9xico y el Mundo de manera oportuna y busca que la libertad de expresi\u00f3n sea real. Visita nuestro medio informativo publicado desde Hermosillo, Sonora. %","og_url":"https:\/\/www.sonoraenequipo.com.mx\/exhorta-registro-civil-sonora-a-realizar-tramite-para-registrar-a-menores\/","og_site_name":"Sonora en Equipo.","article_publisher":"https:\/\/www.facebook.com\/SonoraEE\/","article_author":"https:\/\/www.facebook.com\/SonoraEE","article_published_time":"2024-05-01T22:40:36+00:00","og_image":[{"width":800,"height":600,"url":"https:\/\/www.sonoraenequipo.com.mx\/storage\/2024\/05\/registro-civil.jpg","type":"image\/jpeg"}],"author":"enequipo","twitter_card":"summary_large_image","twitter_creator":"@sonoraenequipo","twitter_site":"@sonoraenequipo","twitter_misc":{"Escrito por":"enequipo","Tiempo de lectura":"1 minuto"},"schema":{"@context":"https:\/\/schema.org","@graph":[{"@type":"Article","@id":"https:\/\/www.sonoraenequipo.com.mx\/exhorta-registro-civil-sonora-a-realizar-tramite-para-registrar-a-menores\/#article","isPartOf":{"@id":"https:\/\/www.sonoraenequipo.com.mx\/exhorta-registro-civil-sonora-a-realizar-tramite-para-registrar-a-menores\/"},"author":{"name":"enequipo","@id":"https:\/\/www.sonoraenequipo.com.mx\/#\/schema\/person\/50102df0fb23a8fa9e8effad8fa81386"},"headline":"Exhorta Registro Civil Sonora a realizar tr\u00e1mite para registrar a menores","datePublished":"2024-05-01T22:40:36+00:00","mainEntityOfPage":{"@id":"https:\/\/www.sonoraenequipo.com.mx\/exhorta-registro-civil-sonora-a-realizar-tramite-para-registrar-a-menores\/"},"wordCount":199,"commentCount":0,"publisher":{"@id":"https:\/\/www.sonoraenequipo.com.mx\/#organization"},"image":{"@id":"https:\/\/www.sonoraenequipo.com.mx\/exhorta-registro-civil-sonora-a-realizar-tramite-para-registrar-a-menores\/#primaryimage"},"thumbnailUrl":"https:\/\/www.sonoraenequipo.com.mx\/storage\/2024\/05\/registro-civil.jpg","keywords":["Registro Civil","Sonora"],"articleSection":["Sonora"],"inLanguage":"es","potentialAction":[{"@type":"CommentAction","name":"Comment","target":["https:\/\/www.sonoraenequipo.com.mx\/exhorta-registro-civil-sonora-a-realizar-tramite-para-registrar-a-menores\/#respond"]}]},{"@type":"WebPage","@id":"https:\/\/www.sonoraenequipo.com.mx\/exhorta-registro-civil-sonora-a-realizar-tramite-para-registrar-a-menores\/","url":"https:\/\/www.sonoraenequipo.com.mx\/exhorta-registro-civil-sonora-a-realizar-tramite-para-registrar-a-menores\/","name":"Sonora en Equipo. Exhorta Registro Civil Sonora a realizar tr\u00e1mite para registrar a menores Sonora","isPartOf":{"@id":"https:\/\/www.sonoraenequipo.com.mx\/#website"},"primaryImageOfPage":{"@id":"https:\/\/www.sonoraenequipo.com.mx\/exhorta-registro-civil-sonora-a-realizar-tramite-para-registrar-a-menores\/#primaryimage"},"image":{"@id":"https:\/\/www.sonoraenequipo.com.mx\/exhorta-registro-civil-sonora-a-realizar-tramite-para-registrar-a-menores\/#primaryimage"},"thumbnailUrl":"https:\/\/www.sonoraenequipo.com.mx\/storage\/2024\/05\/registro-civil.jpg","datePublished":"2024-05-01T22:40:36+00:00","description":"&nbsp; HERMOSILLO, SONORA, MX.\u02d7\u02d7\u02d7 En los \u00faltimos diez a\u00f1os se han registrado en Sonora un total de 171 mil 865 ni\u00f1os; siendo el a\u00f1o 2013 el de mayor En Sonora en Equipo publicamos toda la informaci\u00f3n de Sonora, M\u00e9xico y el Mundo de manera oportuna y busca que la libertad de expresi\u00f3n sea real. Visita nuestro medio informativo publicado desde Hermosillo, Sonora. %","breadcrumb":{"@id":"https:\/\/www.sonoraenequipo.com.mx\/exhorta-registro-civil-sonora-a-realizar-tramite-para-registrar-a-menores\/#breadcrumb"},"inLanguage":"es","potentialAction":[{"@type":"ReadAction","target":["https:\/\/www.sonoraenequipo.com.mx\/exhorta-registro-civil-sonora-a-realizar-tramite-para-registrar-a-menores\/"]}]},{"@type":"ImageObject","inLanguage":"es","@id":"https:\/\/www.sonoraenequipo.com.mx\/exhorta-registro-civil-sonora-a-realizar-tramite-para-registrar-a-menores\/#primaryimage","url":"https:\/\/www.sonoraenequipo.com.mx\/storage\/2024\/05\/registro-civil.jpg","contentUrl":"https:\/\/www.sonoraenequipo.com.mx\/storage\/2024\/05\/registro-civil.jpg","width":800,"height":600},{"@type":"BreadcrumbList","@id":"https:\/\/www.sonoraenequipo.com.mx\/exhorta-registro-civil-sonora-a-realizar-tramite-para-registrar-a-menores\/#breadcrumb","itemListElement":[{"@type":"ListItem","position":1,"name":"Portada","item":"https:\/\/www.sonoraenequipo.com.mx\/"},{"@type":"ListItem","position":2,"name":"Exhorta Registro Civil Sonora a realizar tr\u00e1mite para registrar a menores"}]},{"@type":"WebSite","@id":"https:\/\/www.sonoraenequipo.com.mx\/#website","url":"https:\/\/www.sonoraenequipo.com.mx\/","name":"Sonora en Equipo.","description":"Diario en l\u00ednea con Noticias desde Hermosillo, Sonora","publisher":{"@id":"https:\/\/www.sonoraenequipo.com.mx\/#organization"},"potentialAction":[{"@type":"SearchAction","target":{"@type":"EntryPoint","urlTemplate":"https:\/\/www.sonoraenequipo.com.mx\/?s={search_term_string}"},"query-input":{"@type":"PropertyValueSpecification","valueRequired":true,"valueName":"search_term_string"}}],"inLanguage":"es"},{"@type":"Organization","@id":"https:\/\/www.sonoraenequipo.com.mx\/#organization","name":"Sonoraenequipo.com.mx","url":"https:\/\/www.sonoraenequipo.com.mx\/","logo":{"@type":"ImageObject","inLanguage":"es","@id":"https:\/\/www.sonoraenequipo.com.mx\/#\/schema\/logo\/image\/","url":"https:\/\/www.sonoraenequipo.com.mx\/storage\/2019\/01\/sonoraenequipo_opt.png","contentUrl":"https:\/\/www.sonoraenequipo.com.mx\/storage\/2019\/01\/sonoraenequipo_opt.png","width":375,"height":125,"caption":"Sonoraenequipo.com.mx"},"image":{"@id":"https:\/\/www.sonoraenequipo.com.mx\/#\/schema\/logo\/image\/"},"sameAs":["https:\/\/www.facebook.com\/SonoraEE\/","https:\/\/x.com\/sonoraenequipo","https:\/\/www.youtube.com\/channel\/UC338nW-lPEYmJQs4ZABQ1SQ"]},{"@type":"Person","@id":"https:\/\/www.sonoraenequipo.com.mx\/#\/schema\/person\/50102df0fb23a8fa9e8effad8fa81386","name":"enequipo","image":{"@type":"ImageObject","inLanguage":"es","@id":"https:\/\/www.sonoraenequipo.com.mx\/#\/schema\/person\/image\/","url":"https:\/\/secure.gravatar.com\/avatar\/049821681b589dabc0bc20695993ccebb09f5b5d4d790cd9251b97faac7c652b?s=96&d=blank&r=g","contentUrl":"https:\/\/secure.gravatar.com\/avatar\/049821681b589dabc0bc20695993ccebb09f5b5d4d790cd9251b97faac7c652b?s=96&d=blank&r=g","caption":"enequipo"},"sameAs":["https:\/\/www.facebook.com\/SonoraEE"]}]}},"jetpack_featured_media_url":"https:\/\/www.sonoraenequipo.com.mx\/storage\/2024\/05\/registro-civil.jpg","_links":{"self":[{"href":"https:\/\/www.sonoraenequipo.com.mx\/api\/wp\/v2\/posts\/188848","targetHints":{"allow":["GET"]}}],"collection":[{"href":"https:\/\/www.sonoraenequipo.com.mx\/api\/wp\/v2\/posts"}],"about":[{"href":"https:\/\/www.sonoraenequipo.com.mx\/api\/wp\/v2\/types\/post"}],"author":[{"embeddable":true,"href":"https:\/\/www.sonoraenequipo.com.mx\/api\/wp\/v2\/users\/1"}],"replies":[{"embeddable":true,"href":"https:\/\/www.sonoraenequipo.com.mx\/api\/wp\/v2\/comments?post=188848"}],"version-history":[{"count":1,"href":"https:\/\/www.sonoraenequipo.com.mx\/api\/wp\/v2\/posts\/188848\/revisions"}],"predecessor-version":[{"id":188850,"href":"https:\/\/www.sonoraenequipo.com.mx\/api\/wp\/v2\/posts\/188848\/revisions\/188850"}],"wp:featuredmedia":[{"embeddable":true,"href":"https:\/\/www.sonoraenequipo.com.mx\/api\/wp\/v2\/media\/188849"}],"wp:attachment":[{"href":"https:\/\/www.sonoraenequipo.com.mx\/api\/wp\/v2\/media?parent=188848"}],"wp:term":[{"taxonomy":"category","embeddable":true,"href":"https:\/\/www.sonoraenequipo.com.mx\/api\/wp\/v2\/categories?post=188848"},{"taxonomy":"post_tag","embeddable":true,"href":"https:\/\/www.sonoraenequipo.com.mx\/api\/wp\/v2\/tags?post=188848"}],"curies":[{"name":"wp","href":"https:\/\/api.w.org\/{rel}","templated":true}]}}