{"id":188856,"date":"2024-05-01T19:10:00","date_gmt":"2024-05-02T02:10:00","guid":{"rendered":"https:\/\/www.sonoraenequipo.com.mx\/?p=188856"},"modified":"2024-05-02T14:16:23","modified_gmt":"2024-05-02T21:16:23","slug":"de-nueva-cuenta-se-presenta-fuga-de-agua-en-mismo-hidrante-en-ciudad-de-obregon","status":"publish","type":"post","link":"https:\/\/www.sonoraenequipo.com.mx\/de-nueva-cuenta-se-presenta-fuga-de-agua-en-mismo-hidrante-en-ciudad-de-obregon\/","title":{"rendered":"De nueva cuenta se presenta fuga de agua en mismo hidrante en Ciudad de Obreg\u00f3n"},"content":{"rendered":"<p><strong>CAJEME, SONORA, MX.\u02d7\u02d7\u02d7 <\/strong>Durante la madrugada de este d\u00eda se present\u00f3 fuga en hidrante de Calzada Francisco Villanueva esquina con Blvd. Las Torres.<\/p>\n<p> <\/p>\n<p>Personal de OOMAPAS de Cajeme atiende de forma urgente este incidente para evitar mayor desperdicio de agua.<\/p>\n<p>Se informar\u00e1 m\u00e1s adelante sobre alguna acci\u00f3n que se pudiera tomar, si esta pudiera afectar a los usuarios de la zona<\/p>\n<p>De la misma manera se intentar\u00e1 determinar la causa de la falla en este hidrante.<\/p>\n<p>Cabe se\u00f1alar que el pasado 25 de abril se present\u00f3 fuga similar en el mismo sitio<\/p>\n<p><strong>Fecha de publicaci\u00f3n<\/strong><strong> mi\u00e9rcoles 1 de mayo \u00a0de 2024<\/strong><\/p>\n","protected":false},"excerpt":{"rendered":"<p>CAJEME, SONORA, MX.\u02d7\u02d7\u02d7 Durante la madrugada de este d\u00eda se present\u00f3 fuga en hidrante de&#8230;<\/p>\n","protected":false},"author":1,"featured_media":188859,"comment_status":"open","ping_status":"open","sticky":false,"template":"","format":"standard","meta":{"_monsterinsights_skip_tracking":false,"_monsterinsights_sitenote_active":false,"_monsterinsights_sitenote_note":"","_monsterinsights_sitenote_category":0,"footnotes":""},"categories":[4],"tags":[],"class_list":["post"],"yoast_head":" \n<title>Sonora en Equipo. De nueva cuenta se presenta fuga de agua en mismo hidrante en Ciudad de Obreg\u00f3n Municipios<\/title>\n<meta name=\"description\" content=\"CAJEME, SONORA, MX.\u02d7\u02d7\u02d7 Durante la madrugada de este d\u00eda se present\u00f3 fuga en hidrante de Calzada Francisco Villanueva esquina con Blvd. Las Torres. En Sonora en Equipo publicamos toda la informaci\u00f3n de Sonora, M\u00e9xico y el Mundo de manera oportuna y busca que la libertad de expresi\u00f3n sea real. Visita nuestro medio informativo publicado desde Hermosillo, Sonora. %\" \/>\n<meta name=\"robots\" content=\"index, follow, max-snippet:-1, max-image-preview:large, max-video-preview:-1\" \/>\n<link rel=\"canonical\" href=\"https:\/\/www.sonoraenequipo.com.mx\/de-nueva-cuenta-se-presenta-fuga-de-agua-en-mismo-hidrante-en-ciudad-de-obregon\/\" \/>\n<meta property=\"og:locale\" content=\"es_ES\" \/>\n<meta property=\"og:type\" content=\"article\" \/>\n<meta property=\"og:title\" content=\"Sonora en Equipo. De nueva cuenta se presenta fuga de agua en mismo hidrante en Ciudad de Obreg\u00f3n Municipios\" \/>\n<meta property=\"og:description\" content=\"CAJEME, SONORA, MX.\u02d7\u02d7\u02d7 Durante la madrugada de este d\u00eda se present\u00f3 fuga en hidrante de Calzada Francisco Villanueva esquina con Blvd. Las Torres. En Sonora en Equipo publicamos toda la informaci\u00f3n de Sonora, M\u00e9xico y el Mundo de manera oportuna y busca que la libertad de expresi\u00f3n sea real. Visita nuestro medio informativo publicado desde Hermosillo, Sonora. %\" \/>\n<meta property=\"og:url\" content=\"https:\/\/www.sonoraenequipo.com.mx\/de-nueva-cuenta-se-presenta-fuga-de-agua-en-mismo-hidrante-en-ciudad-de-obregon\/\" \/>\n<meta property=\"og:site_name\" content=\"Sonora en Equipo.\" \/>\n<meta property=\"article:publisher\" content=\"https:\/\/www.facebook.com\/SonoraEE\/\" \/>\n<meta property=\"article:author\" content=\"https:\/\/www.facebook.com\/SonoraEE\" \/>\n<meta property=\"article:published_time\" content=\"2024-05-02T02:10:00+00:00\" \/>\n<meta property=\"article:modified_time\" content=\"2024-05-02T21:16:23+00:00\" \/>\n<meta property=\"og:image\" content=\"https:\/\/www.sonoraenequipo.com.mx\/storage\/2024\/05\/hidrante.jpg\" \/>\n\t<meta property=\"og:image:width\" content=\"800\" \/>\n\t<meta property=\"og:image:height\" content=\"600\" \/>\n\t<meta property=\"og:image:type\" content=\"image\/jpeg\" \/>\n<meta name=\"author\" content=\"enequipo\" \/>\n<meta name=\"twitter:card\" content=\"summary_large_image\" \/>\n<meta name=\"twitter:creator\" content=\"@sonoraenequipo\" \/>\n<meta name=\"twitter:site\" content=\"@sonoraenequipo\" \/>\n<meta name=\"twitter:label1\" content=\"Escrito por\" \/>\n\t<meta name=\"twitter:data1\" content=\"enequipo\" \/>\n\t<meta name=\"twitter:label2\" content=\"Tiempo de lectura\" \/>\n\t<meta name=\"twitter:data2\" content=\"1 minuto\" \/>\n<script type=\"application\/ld+json\" class=\"yoast-schema-graph\">{\"@context\":\"https:\/\/schema.org\",\"@graph\":[{\"@type\":\"Article\",\"@id\":\"https:\/\/www.sonoraenequipo.com.mx\/de-nueva-cuenta-se-presenta-fuga-de-agua-en-mismo-hidrante-en-ciudad-de-obregon\/#article\",\"isPartOf\":{\"@id\":\"https:\/\/www.sonoraenequipo.com.mx\/de-nueva-cuenta-se-presenta-fuga-de-agua-en-mismo-hidrante-en-ciudad-de-obregon\/\"},\"author\":{\"name\":\"enequipo\",\"@id\":\"https:\/\/www.sonoraenequipo.com.mx\/#\/schema\/person\/50102df0fb23a8fa9e8effad8fa81386\"},\"headline\":\"De nueva cuenta se presenta fuga de agua en mismo hidrante en Ciudad de Obreg\u00f3n\",\"datePublished\":\"2024-05-02T02:10:00+00:00\",\"dateModified\":\"2024-05-02T21:16:23+00:00\",\"mainEntityOfPage\":{\"@id\":\"https:\/\/www.sonoraenequipo.com.mx\/de-nueva-cuenta-se-presenta-fuga-de-agua-en-mismo-hidrante-en-ciudad-de-obregon\/\"},\"wordCount\":120,\"commentCount\":0,\"publisher\":{\"@id\":\"https:\/\/www.sonoraenequipo.com.mx\/#organization\"},\"image\":{\"@id\":\"https:\/\/www.sonoraenequipo.com.mx\/de-nueva-cuenta-se-presenta-fuga-de-agua-en-mismo-hidrante-en-ciudad-de-obregon\/#primaryimage\"},\"thumbnailUrl\":\"https:\/\/www.sonoraenequipo.com.mx\/storage\/2024\/05\/hidrante.jpg\",\"articleSection\":[\"Municipios\"],\"inLanguage\":\"es\",\"potentialAction\":[{\"@type\":\"CommentAction\",\"name\":\"Comment\",\"target\":[\"https:\/\/www.sonoraenequipo.com.mx\/de-nueva-cuenta-se-presenta-fuga-de-agua-en-mismo-hidrante-en-ciudad-de-obregon\/#respond\"]}]},{\"@type\":\"WebPage\",\"@id\":\"https:\/\/www.sonoraenequipo.com.mx\/de-nueva-cuenta-se-presenta-fuga-de-agua-en-mismo-hidrante-en-ciudad-de-obregon\/\",\"url\":\"https:\/\/www.sonoraenequipo.com.mx\/de-nueva-cuenta-se-presenta-fuga-de-agua-en-mismo-hidrante-en-ciudad-de-obregon\/\",\"name\":\"Sonora en Equipo. De nueva cuenta se presenta fuga de agua en mismo hidrante en Ciudad de Obreg\u00f3n Municipios\",\"isPartOf\":{\"@id\":\"https:\/\/www.sonoraenequipo.com.mx\/#website\"},\"primaryImageOfPage\":{\"@id\":\"https:\/\/www.sonoraenequipo.com.mx\/de-nueva-cuenta-se-presenta-fuga-de-agua-en-mismo-hidrante-en-ciudad-de-obregon\/#primaryimage\"},\"image\":{\"@id\":\"https:\/\/www.sonoraenequipo.com.mx\/de-nueva-cuenta-se-presenta-fuga-de-agua-en-mismo-hidrante-en-ciudad-de-obregon\/#primaryimage\"},\"thumbnailUrl\":\"https:\/\/www.sonoraenequipo.com.mx\/storage\/2024\/05\/hidrante.jpg\",\"datePublished\":\"2024-05-02T02:10:00+00:00\",\"dateModified\":\"2024-05-02T21:16:23+00:00\",\"description\":\"CAJEME, SONORA, MX.\u02d7\u02d7\u02d7 Durante la madrugada de este d\u00eda se present\u00f3 fuga en hidrante de Calzada Francisco Villanueva esquina con Blvd. Las Torres. En Sonora en Equipo publicamos toda la informaci\u00f3n de Sonora, M\u00e9xico y el Mundo de manera oportuna y busca que la libertad de expresi\u00f3n sea real. Visita nuestro medio informativo publicado desde Hermosillo, Sonora. %\",\"breadcrumb\":{\"@id\":\"https:\/\/www.sonoraenequipo.com.mx\/de-nueva-cuenta-se-presenta-fuga-de-agua-en-mismo-hidrante-en-ciudad-de-obregon\/#breadcrumb\"},\"inLanguage\":\"es\",\"potentialAction\":[{\"@type\":\"ReadAction\",\"target\":[\"https:\/\/www.sonoraenequipo.com.mx\/de-nueva-cuenta-se-presenta-fuga-de-agua-en-mismo-hidrante-en-ciudad-de-obregon\/\"]}]},{\"@type\":\"ImageObject\",\"inLanguage\":\"es\",\"@id\":\"https:\/\/www.sonoraenequipo.com.mx\/de-nueva-cuenta-se-presenta-fuga-de-agua-en-mismo-hidrante-en-ciudad-de-obregon\/#primaryimage\",\"url\":\"https:\/\/www.sonoraenequipo.com.mx\/storage\/2024\/05\/hidrante.jpg\",\"contentUrl\":\"https:\/\/www.sonoraenequipo.com.mx\/storage\/2024\/05\/hidrante.jpg\",\"width\":800,\"height\":600},{\"@type\":\"BreadcrumbList\",\"@id\":\"https:\/\/www.sonoraenequipo.com.mx\/de-nueva-cuenta-se-presenta-fuga-de-agua-en-mismo-hidrante-en-ciudad-de-obregon\/#breadcrumb\",\"itemListElement\":[{\"@type\":\"ListItem\",\"position\":1,\"name\":\"Portada\",\"item\":\"https:\/\/www.sonoraenequipo.com.mx\/\"},{\"@type\":\"ListItem\",\"position\":2,\"name\":\"De nueva cuenta se presenta fuga de agua en mismo hidrante en Ciudad de Obreg\u00f3n\"}]},{\"@type\":\"WebSite\",\"@id\":\"https:\/\/www.sonoraenequipo.com.mx\/#website\",\"url\":\"https:\/\/www.sonoraenequipo.com.mx\/\",\"name\":\"Sonora en Equipo.\",\"description\":\"Diario en l\u00ednea con Noticias desde Hermosillo, Sonora\",\"publisher\":{\"@id\":\"https:\/\/www.sonoraenequipo.com.mx\/#organization\"},\"potentialAction\":[{\"@type\":\"SearchAction\",\"target\":{\"@type\":\"EntryPoint\",\"urlTemplate\":\"https:\/\/www.sonoraenequipo.com.mx\/?s={search_term_string}\"},\"query-input\":{\"@type\":\"PropertyValueSpecification\",\"valueRequired\":true,\"valueName\":\"search_term_string\"}}],\"inLanguage\":\"es\"},{\"@type\":\"Organization\",\"@id\":\"https:\/\/www.sonoraenequipo.com.mx\/#organization\",\"name\":\"Sonoraenequipo.com.mx\",\"url\":\"https:\/\/www.sonoraenequipo.com.mx\/\",\"logo\":{\"@type\":\"ImageObject\",\"inLanguage\":\"es\",\"@id\":\"https:\/\/www.sonoraenequipo.com.mx\/#\/schema\/logo\/image\/\",\"url\":\"https:\/\/www.sonoraenequipo.com.mx\/storage\/2019\/01\/sonoraenequipo_opt.png\",\"contentUrl\":\"https:\/\/www.sonoraenequipo.com.mx\/storage\/2019\/01\/sonoraenequipo_opt.png\",\"width\":375,\"height\":125,\"caption\":\"Sonoraenequipo.com.mx\"},\"image\":{\"@id\":\"https:\/\/www.sonoraenequipo.com.mx\/#\/schema\/logo\/image\/\"},\"sameAs\":[\"https:\/\/www.facebook.com\/SonoraEE\/\",\"https:\/\/x.com\/sonoraenequipo\",\"https:\/\/www.youtube.com\/channel\/UC338nW-lPEYmJQs4ZABQ1SQ\"]},{\"@type\":\"Person\",\"@id\":\"https:\/\/www.sonoraenequipo.com.mx\/#\/schema\/person\/50102df0fb23a8fa9e8effad8fa81386\",\"name\":\"enequipo\",\"image\":{\"@type\":\"ImageObject\",\"inLanguage\":\"es\",\"@id\":\"https:\/\/www.sonoraenequipo.com.mx\/#\/schema\/person\/image\/\",\"url\":\"https:\/\/secure.gravatar.com\/avatar\/049821681b589dabc0bc20695993ccebb09f5b5d4d790cd9251b97faac7c652b?s=96&d=blank&r=g\",\"contentUrl\":\"https:\/\/secure.gravatar.com\/avatar\/049821681b589dabc0bc20695993ccebb09f5b5d4d790cd9251b97faac7c652b?s=96&d=blank&r=g\",\"caption\":\"enequipo\"},\"sameAs\":[\"https:\/\/www.facebook.com\/SonoraEE\"]}]}<\/script>\n ","yoast_head_json":{"title":"Sonora en Equipo. De nueva cuenta se presenta fuga de agua en mismo hidrante en Ciudad de Obreg\u00f3n Municipios","description":"CAJEME, SONORA, MX.\u02d7\u02d7\u02d7 Durante la madrugada de este d\u00eda se present\u00f3 fuga en hidrante de Calzada Francisco Villanueva esquina con Blvd. Las Torres. En Sonora en Equipo publicamos toda la informaci\u00f3n de Sonora, M\u00e9xico y el Mundo de manera oportuna y busca que la libertad de expresi\u00f3n sea real. Visita nuestro medio informativo publicado desde Hermosillo, Sonora. %","robots":{"index":"index","follow":"follow","max-snippet":"max-snippet:-1","max-image-preview":"max-image-preview:large","max-video-preview":"max-video-preview:-1"},"canonical":"https:\/\/www.sonoraenequipo.com.mx\/de-nueva-cuenta-se-presenta-fuga-de-agua-en-mismo-hidrante-en-ciudad-de-obregon\/","og_locale":"es_ES","og_type":"article","og_title":"Sonora en Equipo. De nueva cuenta se presenta fuga de agua en mismo hidrante en Ciudad de Obreg\u00f3n Municipios","og_description":"CAJEME, SONORA, MX.\u02d7\u02d7\u02d7 Durante la madrugada de este d\u00eda se present\u00f3 fuga en hidrante de Calzada Francisco Villanueva esquina con Blvd. Las Torres. En Sonora en Equipo publicamos toda la informaci\u00f3n de Sonora, M\u00e9xico y el Mundo de manera oportuna y busca que la libertad de expresi\u00f3n sea real. Visita nuestro medio informativo publicado desde Hermosillo, Sonora. %","og_url":"https:\/\/www.sonoraenequipo.com.mx\/de-nueva-cuenta-se-presenta-fuga-de-agua-en-mismo-hidrante-en-ciudad-de-obregon\/","og_site_name":"Sonora en Equipo.","article_publisher":"https:\/\/www.facebook.com\/SonoraEE\/","article_author":"https:\/\/www.facebook.com\/SonoraEE","article_published_time":"2024-05-02T02:10:00+00:00","article_modified_time":"2024-05-02T21:16:23+00:00","og_image":[{"width":800,"height":600,"url":"https:\/\/www.sonoraenequipo.com.mx\/storage\/2024\/05\/hidrante.jpg","type":"image\/jpeg"}],"author":"enequipo","twitter_card":"summary_large_image","twitter_creator":"@sonoraenequipo","twitter_site":"@sonoraenequipo","twitter_misc":{"Escrito por":"enequipo","Tiempo de lectura":"1 minuto"},"schema":{"@context":"https:\/\/schema.org","@graph":[{"@type":"Article","@id":"https:\/\/www.sonoraenequipo.com.mx\/de-nueva-cuenta-se-presenta-fuga-de-agua-en-mismo-hidrante-en-ciudad-de-obregon\/#article","isPartOf":{"@id":"https:\/\/www.sonoraenequipo.com.mx\/de-nueva-cuenta-se-presenta-fuga-de-agua-en-mismo-hidrante-en-ciudad-de-obregon\/"},"author":{"name":"enequipo","@id":"https:\/\/www.sonoraenequipo.com.mx\/#\/schema\/person\/50102df0fb23a8fa9e8effad8fa81386"},"headline":"De nueva cuenta se presenta fuga de agua en mismo hidrante en Ciudad de Obreg\u00f3n","datePublished":"2024-05-02T02:10:00+00:00","dateModified":"2024-05-02T21:16:23+00:00","mainEntityOfPage":{"@id":"https:\/\/www.sonoraenequipo.com.mx\/de-nueva-cuenta-se-presenta-fuga-de-agua-en-mismo-hidrante-en-ciudad-de-obregon\/"},"wordCount":120,"commentCount":0,"publisher":{"@id":"https:\/\/www.sonoraenequipo.com.mx\/#organization"},"image":{"@id":"https:\/\/www.sonoraenequipo.com.mx\/de-nueva-cuenta-se-presenta-fuga-de-agua-en-mismo-hidrante-en-ciudad-de-obregon\/#primaryimage"},"thumbnailUrl":"https:\/\/www.sonoraenequipo.com.mx\/storage\/2024\/05\/hidrante.jpg","articleSection":["Municipios"],"inLanguage":"es","potentialAction":[{"@type":"CommentAction","name":"Comment","target":["https:\/\/www.sonoraenequipo.com.mx\/de-nueva-cuenta-se-presenta-fuga-de-agua-en-mismo-hidrante-en-ciudad-de-obregon\/#respond"]}]},{"@type":"WebPage","@id":"https:\/\/www.sonoraenequipo.com.mx\/de-nueva-cuenta-se-presenta-fuga-de-agua-en-mismo-hidrante-en-ciudad-de-obregon\/","url":"https:\/\/www.sonoraenequipo.com.mx\/de-nueva-cuenta-se-presenta-fuga-de-agua-en-mismo-hidrante-en-ciudad-de-obregon\/","name":"Sonora en Equipo. De nueva cuenta se presenta fuga de agua en mismo hidrante en Ciudad de Obreg\u00f3n Municipios","isPartOf":{"@id":"https:\/\/www.sonoraenequipo.com.mx\/#website"},"primaryImageOfPage":{"@id":"https:\/\/www.sonoraenequipo.com.mx\/de-nueva-cuenta-se-presenta-fuga-de-agua-en-mismo-hidrante-en-ciudad-de-obregon\/#primaryimage"},"image":{"@id":"https:\/\/www.sonoraenequipo.com.mx\/de-nueva-cuenta-se-presenta-fuga-de-agua-en-mismo-hidrante-en-ciudad-de-obregon\/#primaryimage"},"thumbnailUrl":"https:\/\/www.sonoraenequipo.com.mx\/storage\/2024\/05\/hidrante.jpg","datePublished":"2024-05-02T02:10:00+00:00","dateModified":"2024-05-02T21:16:23+00:00","description":"CAJEME, SONORA, MX.\u02d7\u02d7\u02d7 Durante la madrugada de este d\u00eda se present\u00f3 fuga en hidrante de Calzada Francisco Villanueva esquina con Blvd. Las Torres. En Sonora en Equipo publicamos toda la informaci\u00f3n de Sonora, M\u00e9xico y el Mundo de manera oportuna y busca que la libertad de expresi\u00f3n sea real. Visita nuestro medio informativo publicado desde Hermosillo, Sonora. %","breadcrumb":{"@id":"https:\/\/www.sonoraenequipo.com.mx\/de-nueva-cuenta-se-presenta-fuga-de-agua-en-mismo-hidrante-en-ciudad-de-obregon\/#breadcrumb"},"inLanguage":"es","potentialAction":[{"@type":"ReadAction","target":["https:\/\/www.sonoraenequipo.com.mx\/de-nueva-cuenta-se-presenta-fuga-de-agua-en-mismo-hidrante-en-ciudad-de-obregon\/"]}]},{"@type":"ImageObject","inLanguage":"es","@id":"https:\/\/www.sonoraenequipo.com.mx\/de-nueva-cuenta-se-presenta-fuga-de-agua-en-mismo-hidrante-en-ciudad-de-obregon\/#primaryimage","url":"https:\/\/www.sonoraenequipo.com.mx\/storage\/2024\/05\/hidrante.jpg","contentUrl":"https:\/\/www.sonoraenequipo.com.mx\/storage\/2024\/05\/hidrante.jpg","width":800,"height":600},{"@type":"BreadcrumbList","@id":"https:\/\/www.sonoraenequipo.com.mx\/de-nueva-cuenta-se-presenta-fuga-de-agua-en-mismo-hidrante-en-ciudad-de-obregon\/#breadcrumb","itemListElement":[{"@type":"ListItem","position":1,"name":"Portada","item":"https:\/\/www.sonoraenequipo.com.mx\/"},{"@type":"ListItem","position":2,"name":"De nueva cuenta se presenta fuga de agua en mismo hidrante en Ciudad de Obreg\u00f3n"}]},{"@type":"WebSite","@id":"https:\/\/www.sonoraenequipo.com.mx\/#website","url":"https:\/\/www.sonoraenequipo.com.mx\/","name":"Sonora en Equipo.","description":"Diario en l\u00ednea con Noticias desde Hermosillo, Sonora","publisher":{"@id":"https:\/\/www.sonoraenequipo.com.mx\/#organization"},"potentialAction":[{"@type":"SearchAction","target":{"@type":"EntryPoint","urlTemplate":"https:\/\/www.sonoraenequipo.com.mx\/?s={search_term_string}"},"query-input":{"@type":"PropertyValueSpecification","valueRequired":true,"valueName":"search_term_string"}}],"inLanguage":"es"},{"@type":"Organization","@id":"https:\/\/www.sonoraenequipo.com.mx\/#organization","name":"Sonoraenequipo.com.mx","url":"https:\/\/www.sonoraenequipo.com.mx\/","logo":{"@type":"ImageObject","inLanguage":"es","@id":"https:\/\/www.sonoraenequipo.com.mx\/#\/schema\/logo\/image\/","url":"https:\/\/www.sonoraenequipo.com.mx\/storage\/2019\/01\/sonoraenequipo_opt.png","contentUrl":"https:\/\/www.sonoraenequipo.com.mx\/storage\/2019\/01\/sonoraenequipo_opt.png","width":375,"height":125,"caption":"Sonoraenequipo.com.mx"},"image":{"@id":"https:\/\/www.sonoraenequipo.com.mx\/#\/schema\/logo\/image\/"},"sameAs":["https:\/\/www.facebook.com\/SonoraEE\/","https:\/\/x.com\/sonoraenequipo","https:\/\/www.youtube.com\/channel\/UC338nW-lPEYmJQs4ZABQ1SQ"]},{"@type":"Person","@id":"https:\/\/www.sonoraenequipo.com.mx\/#\/schema\/person\/50102df0fb23a8fa9e8effad8fa81386","name":"enequipo","image":{"@type":"ImageObject","inLanguage":"es","@id":"https:\/\/www.sonoraenequipo.com.mx\/#\/schema\/person\/image\/","url":"https:\/\/secure.gravatar.com\/avatar\/049821681b589dabc0bc20695993ccebb09f5b5d4d790cd9251b97faac7c652b?s=96&d=blank&r=g","contentUrl":"https:\/\/secure.gravatar.com\/avatar\/049821681b589dabc0bc20695993ccebb09f5b5d4d790cd9251b97faac7c652b?s=96&d=blank&r=g","caption":"enequipo"},"sameAs":["https:\/\/www.facebook.com\/SonoraEE"]}]}},"jetpack_featured_media_url":"https:\/\/www.sonoraenequipo.com.mx\/storage\/2024\/05\/hidrante.jpg","_links":{"self":[{"href":"https:\/\/www.sonoraenequipo.com.mx\/api\/wp\/v2\/posts\/188856","targetHints":{"allow":["GET"]}}],"collection":[{"href":"https:\/\/www.sonoraenequipo.com.mx\/api\/wp\/v2\/posts"}],"about":[{"href":"https:\/\/www.sonoraenequipo.com.mx\/api\/wp\/v2\/types\/post"}],"author":[{"embeddable":true,"href":"https:\/\/www.sonoraenequipo.com.mx\/api\/wp\/v2\/users\/1"}],"replies":[{"embeddable":true,"href":"https:\/\/www.sonoraenequipo.com.mx\/api\/wp\/v2\/comments?post=188856"}],"version-history":[{"count":2,"href":"https:\/\/www.sonoraenequipo.com.mx\/api\/wp\/v2\/posts\/188856\/revisions"}],"predecessor-version":[{"id":188890,"href":"https:\/\/www.sonoraenequipo.com.mx\/api\/wp\/v2\/posts\/188856\/revisions\/188890"}],"wp:featuredmedia":[{"embeddable":true,"href":"https:\/\/www.sonoraenequipo.com.mx\/api\/wp\/v2\/media\/188859"}],"wp:attachment":[{"href":"https:\/\/www.sonoraenequipo.com.mx\/api\/wp\/v2\/media?parent=188856"}],"wp:term":[{"taxonomy":"category","embeddable":true,"href":"https:\/\/www.sonoraenequipo.com.mx\/api\/wp\/v2\/categories?post=188856"},{"taxonomy":"post_tag","embeddable":true,"href":"https:\/\/www.sonoraenequipo.com.mx\/api\/wp\/v2\/tags?post=188856"}],"curies":[{"name":"wp","href":"https:\/\/api.w.org\/{rel}","templated":true}]}}