{"id":188862,"date":"2024-05-01T20:16:16","date_gmt":"2024-05-02T03:16:16","guid":{"rendered":"https:\/\/www.sonoraenequipo.com.mx\/?p=188862"},"modified":"2024-05-01T20:16:16","modified_gmt":"2024-05-02T03:16:16","slug":"en-morena-no-privatizamos-el-agua-eso-lo-hacen-los-gobiernos-del-pan-claudia-sheinbaum","status":"publish","type":"post","link":"https:\/\/www.sonoraenequipo.com.mx\/en-morena-no-privatizamos-el-agua-eso-lo-hacen-los-gobiernos-del-pan-claudia-sheinbaum\/","title":{"rendered":"En Morena no privatizamos el agua, eso lo hacen los gobiernos del PAN: Claudia Sheinbaum"},"content":{"rendered":"<p><strong>CIUDAD DE M\u00c9XICO.\u02d7\u02d7\u02d7 <\/strong>Desde la Alcald\u00eda de Tl\u00e1huac, Claudia Sheinbaum destac\u00f3 algunas de las acciones que se realizar\u00e1n en su sexenio para esta zona, como ser\u00e1n la construcci\u00f3n de m\u00e1s preparatorias y universidades; la repavimentaci\u00f3n; el alumbrado p\u00fablico; la construcci\u00f3n de m\u00e1s senderos seguros; mejoramiento de la vivienda; as\u00ed como brindar apoyo para escriturar 58 asentamientos en esta demarcaci\u00f3n.<\/p>\n<p>&nbsp;<\/p>\n<p>\u2019\u2019Nos vamos a poner de acuerdo con Bere y con Clara para poder regularizar los 58 asentamientos, que por cierto, la mayor parte de las escrituras, \u2014 porque va a ser un programa nacional \u2014, va a ir para las mujeres\u2019\u2019, destac\u00f3.<\/p>\n<p>&nbsp;<\/p>\n<p>Durante su mensaje, la abanderada de Morena, PT y PVEM, destac\u00f3 que el compromiso de la 4T siempre ser\u00e1 cuidar el bienestar de los mexicanos, particularmente de los trabajadores y trabajadoras, a quienes hizo un llamado a no caer en las mentiras de la oposici\u00f3n, pues destac\u00f3 que la nueva reforma a las pensiones impulsada por el Presidente Andr\u00e9s Manuel L\u00f3pez Obrador tiene como objeto garantizar un retiro digno.<\/p>\n<p>&nbsp;<\/p>\n<p>Al respecto, tambi\u00e9n subray\u00f3 que con la continuidad de la transformaci\u00f3n, el aumento del salario m\u00ednimo ser\u00e1 una garant\u00eda establecida en la Constituci\u00f3n.<\/p>\n<p><strong>Fecha de publicaci\u00f3n<\/strong><strong> mi\u00e9rcoles 1 de mayo \u00a0de 2024<\/strong><\/p>\n","protected":false},"excerpt":{"rendered":"<p>CIUDAD DE M\u00c9XICO.\u02d7\u02d7\u02d7 Desde la Alcald\u00eda de Tl\u00e1huac, Claudia Sheinbaum destac\u00f3 algunas de las acciones&#8230;<\/p>\n","protected":false},"author":1,"featured_media":188863,"comment_status":"open","ping_status":"open","sticky":false,"template":"","format":"standard","meta":{"_monsterinsights_skip_tracking":false,"_monsterinsights_sitenote_active":false,"_monsterinsights_sitenote_note":"","_monsterinsights_sitenote_category":0,"footnotes":""},"categories":[9400],"tags":[2432],"class_list":["post"],"yoast_head":" \n<title>Sonora en Equipo. En Morena no privatizamos el agua, eso lo hacen los gobiernos del PAN: Claudia Sheinbaum ELECCI\u00d3NES<\/title>\n<meta name=\"description\" content=\"CIUDAD DE M\u00c9XICO.\u02d7\u02d7\u02d7 Desde la Alcald\u00eda de Tl\u00e1huac, Claudia Sheinbaum destac\u00f3 algunas de las acciones que se realizar\u00e1n en su sexenio para esta zona, como En Sonora en Equipo publicamos toda la informaci\u00f3n de Sonora, M\u00e9xico y el Mundo de manera oportuna y busca que la libertad de expresi\u00f3n sea real. Visita nuestro medio informativo publicado desde Hermosillo, Sonora. %\" \/>\n<meta name=\"robots\" content=\"index, follow, max-snippet:-1, max-image-preview:large, max-video-preview:-1\" \/>\n<link rel=\"canonical\" href=\"https:\/\/www.sonoraenequipo.com.mx\/en-morena-no-privatizamos-el-agua-eso-lo-hacen-los-gobiernos-del-pan-claudia-sheinbaum\/\" \/>\n<meta property=\"og:locale\" content=\"es_ES\" \/>\n<meta property=\"og:type\" content=\"article\" \/>\n<meta property=\"og:title\" content=\"Sonora en Equipo. En Morena no privatizamos el agua, eso lo hacen los gobiernos del PAN: Claudia Sheinbaum ELECCI\u00d3NES\" \/>\n<meta property=\"og:description\" content=\"CIUDAD DE M\u00c9XICO.\u02d7\u02d7\u02d7 Desde la Alcald\u00eda de Tl\u00e1huac, Claudia Sheinbaum destac\u00f3 algunas de las acciones que se realizar\u00e1n en su sexenio para esta zona, como En Sonora en Equipo publicamos toda la informaci\u00f3n de Sonora, M\u00e9xico y el Mundo de manera oportuna y busca que la libertad de expresi\u00f3n sea real. Visita nuestro medio informativo publicado desde Hermosillo, Sonora. %\" \/>\n<meta property=\"og:url\" content=\"https:\/\/www.sonoraenequipo.com.mx\/en-morena-no-privatizamos-el-agua-eso-lo-hacen-los-gobiernos-del-pan-claudia-sheinbaum\/\" \/>\n<meta property=\"og:site_name\" content=\"Sonora en Equipo.\" \/>\n<meta property=\"article:publisher\" content=\"https:\/\/www.facebook.com\/SonoraEE\/\" \/>\n<meta property=\"article:author\" content=\"https:\/\/www.facebook.com\/SonoraEE\" \/>\n<meta property=\"article:published_time\" content=\"2024-05-02T03:16:16+00:00\" \/>\n<meta property=\"og:image\" content=\"https:\/\/www.sonoraenequipo.com.mx\/storage\/2024\/05\/CSP-TLAHUAC-agua.jpg\" \/>\n\t<meta property=\"og:image:width\" content=\"800\" \/>\n\t<meta property=\"og:image:height\" content=\"450\" \/>\n\t<meta property=\"og:image:type\" content=\"image\/jpeg\" \/>\n<meta name=\"author\" content=\"enequipo\" \/>\n<meta name=\"twitter:card\" content=\"summary_large_image\" \/>\n<meta name=\"twitter:creator\" content=\"@sonoraenequipo\" \/>\n<meta name=\"twitter:site\" content=\"@sonoraenequipo\" \/>\n<meta name=\"twitter:label1\" content=\"Escrito por\" \/>\n\t<meta name=\"twitter:data1\" content=\"enequipo\" \/>\n\t<meta name=\"twitter:label2\" content=\"Tiempo de lectura\" \/>\n\t<meta name=\"twitter:data2\" content=\"1 minuto\" \/>\n<script type=\"application\/ld+json\" class=\"yoast-schema-graph\">{\"@context\":\"https:\/\/schema.org\",\"@graph\":[{\"@type\":\"Article\",\"@id\":\"https:\/\/www.sonoraenequipo.com.mx\/en-morena-no-privatizamos-el-agua-eso-lo-hacen-los-gobiernos-del-pan-claudia-sheinbaum\/#article\",\"isPartOf\":{\"@id\":\"https:\/\/www.sonoraenequipo.com.mx\/en-morena-no-privatizamos-el-agua-eso-lo-hacen-los-gobiernos-del-pan-claudia-sheinbaum\/\"},\"author\":{\"name\":\"enequipo\",\"@id\":\"https:\/\/www.sonoraenequipo.com.mx\/#\/schema\/person\/50102df0fb23a8fa9e8effad8fa81386\"},\"headline\":\"En Morena no privatizamos el agua, eso lo hacen los gobiernos del PAN: Claudia Sheinbaum\",\"datePublished\":\"2024-05-02T03:16:16+00:00\",\"mainEntityOfPage\":{\"@id\":\"https:\/\/www.sonoraenequipo.com.mx\/en-morena-no-privatizamos-el-agua-eso-lo-hacen-los-gobiernos-del-pan-claudia-sheinbaum\/\"},\"wordCount\":236,\"commentCount\":0,\"publisher\":{\"@id\":\"https:\/\/www.sonoraenequipo.com.mx\/#organization\"},\"image\":{\"@id\":\"https:\/\/www.sonoraenequipo.com.mx\/en-morena-no-privatizamos-el-agua-eso-lo-hacen-los-gobiernos-del-pan-claudia-sheinbaum\/#primaryimage\"},\"thumbnailUrl\":\"https:\/\/www.sonoraenequipo.com.mx\/storage\/2024\/05\/CSP-TLAHUAC-agua.jpg\",\"keywords\":[\"Claudia Sheinbaum\"],\"articleSection\":[\"ELECCI\u00d3NES\"],\"inLanguage\":\"es\",\"potentialAction\":[{\"@type\":\"CommentAction\",\"name\":\"Comment\",\"target\":[\"https:\/\/www.sonoraenequipo.com.mx\/en-morena-no-privatizamos-el-agua-eso-lo-hacen-los-gobiernos-del-pan-claudia-sheinbaum\/#respond\"]}]},{\"@type\":\"WebPage\",\"@id\":\"https:\/\/www.sonoraenequipo.com.mx\/en-morena-no-privatizamos-el-agua-eso-lo-hacen-los-gobiernos-del-pan-claudia-sheinbaum\/\",\"url\":\"https:\/\/www.sonoraenequipo.com.mx\/en-morena-no-privatizamos-el-agua-eso-lo-hacen-los-gobiernos-del-pan-claudia-sheinbaum\/\",\"name\":\"Sonora en Equipo. En Morena no privatizamos el agua, eso lo hacen los gobiernos del PAN: Claudia Sheinbaum ELECCI\u00d3NES\",\"isPartOf\":{\"@id\":\"https:\/\/www.sonoraenequipo.com.mx\/#website\"},\"primaryImageOfPage\":{\"@id\":\"https:\/\/www.sonoraenequipo.com.mx\/en-morena-no-privatizamos-el-agua-eso-lo-hacen-los-gobiernos-del-pan-claudia-sheinbaum\/#primaryimage\"},\"image\":{\"@id\":\"https:\/\/www.sonoraenequipo.com.mx\/en-morena-no-privatizamos-el-agua-eso-lo-hacen-los-gobiernos-del-pan-claudia-sheinbaum\/#primaryimage\"},\"thumbnailUrl\":\"https:\/\/www.sonoraenequipo.com.mx\/storage\/2024\/05\/CSP-TLAHUAC-agua.jpg\",\"datePublished\":\"2024-05-02T03:16:16+00:00\",\"description\":\"CIUDAD DE M\u00c9XICO.\u02d7\u02d7\u02d7 Desde la Alcald\u00eda de Tl\u00e1huac, Claudia Sheinbaum destac\u00f3 algunas de las acciones que se realizar\u00e1n en su sexenio para esta zona, como En Sonora en Equipo publicamos toda la informaci\u00f3n de Sonora, M\u00e9xico y el Mundo de manera oportuna y busca que la libertad de expresi\u00f3n sea real. Visita nuestro medio informativo publicado desde Hermosillo, Sonora. %\",\"breadcrumb\":{\"@id\":\"https:\/\/www.sonoraenequipo.com.mx\/en-morena-no-privatizamos-el-agua-eso-lo-hacen-los-gobiernos-del-pan-claudia-sheinbaum\/#breadcrumb\"},\"inLanguage\":\"es\",\"potentialAction\":[{\"@type\":\"ReadAction\",\"target\":[\"https:\/\/www.sonoraenequipo.com.mx\/en-morena-no-privatizamos-el-agua-eso-lo-hacen-los-gobiernos-del-pan-claudia-sheinbaum\/\"]}]},{\"@type\":\"ImageObject\",\"inLanguage\":\"es\",\"@id\":\"https:\/\/www.sonoraenequipo.com.mx\/en-morena-no-privatizamos-el-agua-eso-lo-hacen-los-gobiernos-del-pan-claudia-sheinbaum\/#primaryimage\",\"url\":\"https:\/\/www.sonoraenequipo.com.mx\/storage\/2024\/05\/CSP-TLAHUAC-agua.jpg\",\"contentUrl\":\"https:\/\/www.sonoraenequipo.com.mx\/storage\/2024\/05\/CSP-TLAHUAC-agua.jpg\",\"width\":800,\"height\":450},{\"@type\":\"BreadcrumbList\",\"@id\":\"https:\/\/www.sonoraenequipo.com.mx\/en-morena-no-privatizamos-el-agua-eso-lo-hacen-los-gobiernos-del-pan-claudia-sheinbaum\/#breadcrumb\",\"itemListElement\":[{\"@type\":\"ListItem\",\"position\":1,\"name\":\"Portada\",\"item\":\"https:\/\/www.sonoraenequipo.com.mx\/\"},{\"@type\":\"ListItem\",\"position\":2,\"name\":\"En Morena no privatizamos el agua, eso lo hacen los gobiernos del PAN: Claudia Sheinbaum\"}]},{\"@type\":\"WebSite\",\"@id\":\"https:\/\/www.sonoraenequipo.com.mx\/#website\",\"url\":\"https:\/\/www.sonoraenequipo.com.mx\/\",\"name\":\"Sonora en Equipo.\",\"description\":\"Diario en l\u00ednea con Noticias desde Hermosillo, Sonora\",\"publisher\":{\"@id\":\"https:\/\/www.sonoraenequipo.com.mx\/#organization\"},\"potentialAction\":[{\"@type\":\"SearchAction\",\"target\":{\"@type\":\"EntryPoint\",\"urlTemplate\":\"https:\/\/www.sonoraenequipo.com.mx\/?s={search_term_string}\"},\"query-input\":{\"@type\":\"PropertyValueSpecification\",\"valueRequired\":true,\"valueName\":\"search_term_string\"}}],\"inLanguage\":\"es\"},{\"@type\":\"Organization\",\"@id\":\"https:\/\/www.sonoraenequipo.com.mx\/#organization\",\"name\":\"Sonoraenequipo.com.mx\",\"url\":\"https:\/\/www.sonoraenequipo.com.mx\/\",\"logo\":{\"@type\":\"ImageObject\",\"inLanguage\":\"es\",\"@id\":\"https:\/\/www.sonoraenequipo.com.mx\/#\/schema\/logo\/image\/\",\"url\":\"https:\/\/www.sonoraenequipo.com.mx\/storage\/2019\/01\/sonoraenequipo_opt.png\",\"contentUrl\":\"https:\/\/www.sonoraenequipo.com.mx\/storage\/2019\/01\/sonoraenequipo_opt.png\",\"width\":375,\"height\":125,\"caption\":\"Sonoraenequipo.com.mx\"},\"image\":{\"@id\":\"https:\/\/www.sonoraenequipo.com.mx\/#\/schema\/logo\/image\/\"},\"sameAs\":[\"https:\/\/www.facebook.com\/SonoraEE\/\",\"https:\/\/x.com\/sonoraenequipo\",\"https:\/\/www.youtube.com\/channel\/UC338nW-lPEYmJQs4ZABQ1SQ\"]},{\"@type\":\"Person\",\"@id\":\"https:\/\/www.sonoraenequipo.com.mx\/#\/schema\/person\/50102df0fb23a8fa9e8effad8fa81386\",\"name\":\"enequipo\",\"image\":{\"@type\":\"ImageObject\",\"inLanguage\":\"es\",\"@id\":\"https:\/\/www.sonoraenequipo.com.mx\/#\/schema\/person\/image\/\",\"url\":\"https:\/\/secure.gravatar.com\/avatar\/049821681b589dabc0bc20695993ccebb09f5b5d4d790cd9251b97faac7c652b?s=96&d=blank&r=g\",\"contentUrl\":\"https:\/\/secure.gravatar.com\/avatar\/049821681b589dabc0bc20695993ccebb09f5b5d4d790cd9251b97faac7c652b?s=96&d=blank&r=g\",\"caption\":\"enequipo\"},\"sameAs\":[\"https:\/\/www.facebook.com\/SonoraEE\"]}]}<\/script>\n ","yoast_head_json":{"title":"Sonora en Equipo. En Morena no privatizamos el agua, eso lo hacen los gobiernos del PAN: Claudia Sheinbaum ELECCI\u00d3NES","description":"CIUDAD DE M\u00c9XICO.\u02d7\u02d7\u02d7 Desde la Alcald\u00eda de Tl\u00e1huac, Claudia Sheinbaum destac\u00f3 algunas de las acciones que se realizar\u00e1n en su sexenio para esta zona, como En Sonora en Equipo publicamos toda la informaci\u00f3n de Sonora, M\u00e9xico y el Mundo de manera oportuna y busca que la libertad de expresi\u00f3n sea real. Visita nuestro medio informativo publicado desde Hermosillo, Sonora. %","robots":{"index":"index","follow":"follow","max-snippet":"max-snippet:-1","max-image-preview":"max-image-preview:large","max-video-preview":"max-video-preview:-1"},"canonical":"https:\/\/www.sonoraenequipo.com.mx\/en-morena-no-privatizamos-el-agua-eso-lo-hacen-los-gobiernos-del-pan-claudia-sheinbaum\/","og_locale":"es_ES","og_type":"article","og_title":"Sonora en Equipo. En Morena no privatizamos el agua, eso lo hacen los gobiernos del PAN: Claudia Sheinbaum ELECCI\u00d3NES","og_description":"CIUDAD DE M\u00c9XICO.\u02d7\u02d7\u02d7 Desde la Alcald\u00eda de Tl\u00e1huac, Claudia Sheinbaum destac\u00f3 algunas de las acciones que se realizar\u00e1n en su sexenio para esta zona, como En Sonora en Equipo publicamos toda la informaci\u00f3n de Sonora, M\u00e9xico y el Mundo de manera oportuna y busca que la libertad de expresi\u00f3n sea real. Visita nuestro medio informativo publicado desde Hermosillo, Sonora. %","og_url":"https:\/\/www.sonoraenequipo.com.mx\/en-morena-no-privatizamos-el-agua-eso-lo-hacen-los-gobiernos-del-pan-claudia-sheinbaum\/","og_site_name":"Sonora en Equipo.","article_publisher":"https:\/\/www.facebook.com\/SonoraEE\/","article_author":"https:\/\/www.facebook.com\/SonoraEE","article_published_time":"2024-05-02T03:16:16+00:00","og_image":[{"width":800,"height":450,"url":"https:\/\/www.sonoraenequipo.com.mx\/storage\/2024\/05\/CSP-TLAHUAC-agua.jpg","type":"image\/jpeg"}],"author":"enequipo","twitter_card":"summary_large_image","twitter_creator":"@sonoraenequipo","twitter_site":"@sonoraenequipo","twitter_misc":{"Escrito por":"enequipo","Tiempo de lectura":"1 minuto"},"schema":{"@context":"https:\/\/schema.org","@graph":[{"@type":"Article","@id":"https:\/\/www.sonoraenequipo.com.mx\/en-morena-no-privatizamos-el-agua-eso-lo-hacen-los-gobiernos-del-pan-claudia-sheinbaum\/#article","isPartOf":{"@id":"https:\/\/www.sonoraenequipo.com.mx\/en-morena-no-privatizamos-el-agua-eso-lo-hacen-los-gobiernos-del-pan-claudia-sheinbaum\/"},"author":{"name":"enequipo","@id":"https:\/\/www.sonoraenequipo.com.mx\/#\/schema\/person\/50102df0fb23a8fa9e8effad8fa81386"},"headline":"En Morena no privatizamos el agua, eso lo hacen los gobiernos del PAN: Claudia Sheinbaum","datePublished":"2024-05-02T03:16:16+00:00","mainEntityOfPage":{"@id":"https:\/\/www.sonoraenequipo.com.mx\/en-morena-no-privatizamos-el-agua-eso-lo-hacen-los-gobiernos-del-pan-claudia-sheinbaum\/"},"wordCount":236,"commentCount":0,"publisher":{"@id":"https:\/\/www.sonoraenequipo.com.mx\/#organization"},"image":{"@id":"https:\/\/www.sonoraenequipo.com.mx\/en-morena-no-privatizamos-el-agua-eso-lo-hacen-los-gobiernos-del-pan-claudia-sheinbaum\/#primaryimage"},"thumbnailUrl":"https:\/\/www.sonoraenequipo.com.mx\/storage\/2024\/05\/CSP-TLAHUAC-agua.jpg","keywords":["Claudia Sheinbaum"],"articleSection":["ELECCI\u00d3NES"],"inLanguage":"es","potentialAction":[{"@type":"CommentAction","name":"Comment","target":["https:\/\/www.sonoraenequipo.com.mx\/en-morena-no-privatizamos-el-agua-eso-lo-hacen-los-gobiernos-del-pan-claudia-sheinbaum\/#respond"]}]},{"@type":"WebPage","@id":"https:\/\/www.sonoraenequipo.com.mx\/en-morena-no-privatizamos-el-agua-eso-lo-hacen-los-gobiernos-del-pan-claudia-sheinbaum\/","url":"https:\/\/www.sonoraenequipo.com.mx\/en-morena-no-privatizamos-el-agua-eso-lo-hacen-los-gobiernos-del-pan-claudia-sheinbaum\/","name":"Sonora en Equipo. En Morena no privatizamos el agua, eso lo hacen los gobiernos del PAN: Claudia Sheinbaum ELECCI\u00d3NES","isPartOf":{"@id":"https:\/\/www.sonoraenequipo.com.mx\/#website"},"primaryImageOfPage":{"@id":"https:\/\/www.sonoraenequipo.com.mx\/en-morena-no-privatizamos-el-agua-eso-lo-hacen-los-gobiernos-del-pan-claudia-sheinbaum\/#primaryimage"},"image":{"@id":"https:\/\/www.sonoraenequipo.com.mx\/en-morena-no-privatizamos-el-agua-eso-lo-hacen-los-gobiernos-del-pan-claudia-sheinbaum\/#primaryimage"},"thumbnailUrl":"https:\/\/www.sonoraenequipo.com.mx\/storage\/2024\/05\/CSP-TLAHUAC-agua.jpg","datePublished":"2024-05-02T03:16:16+00:00","description":"CIUDAD DE M\u00c9XICO.\u02d7\u02d7\u02d7 Desde la Alcald\u00eda de Tl\u00e1huac, Claudia Sheinbaum destac\u00f3 algunas de las acciones que se realizar\u00e1n en su sexenio para esta zona, como En Sonora en Equipo publicamos toda la informaci\u00f3n de Sonora, M\u00e9xico y el Mundo de manera oportuna y busca que la libertad de expresi\u00f3n sea real. Visita nuestro medio informativo publicado desde Hermosillo, Sonora. %","breadcrumb":{"@id":"https:\/\/www.sonoraenequipo.com.mx\/en-morena-no-privatizamos-el-agua-eso-lo-hacen-los-gobiernos-del-pan-claudia-sheinbaum\/#breadcrumb"},"inLanguage":"es","potentialAction":[{"@type":"ReadAction","target":["https:\/\/www.sonoraenequipo.com.mx\/en-morena-no-privatizamos-el-agua-eso-lo-hacen-los-gobiernos-del-pan-claudia-sheinbaum\/"]}]},{"@type":"ImageObject","inLanguage":"es","@id":"https:\/\/www.sonoraenequipo.com.mx\/en-morena-no-privatizamos-el-agua-eso-lo-hacen-los-gobiernos-del-pan-claudia-sheinbaum\/#primaryimage","url":"https:\/\/www.sonoraenequipo.com.mx\/storage\/2024\/05\/CSP-TLAHUAC-agua.jpg","contentUrl":"https:\/\/www.sonoraenequipo.com.mx\/storage\/2024\/05\/CSP-TLAHUAC-agua.jpg","width":800,"height":450},{"@type":"BreadcrumbList","@id":"https:\/\/www.sonoraenequipo.com.mx\/en-morena-no-privatizamos-el-agua-eso-lo-hacen-los-gobiernos-del-pan-claudia-sheinbaum\/#breadcrumb","itemListElement":[{"@type":"ListItem","position":1,"name":"Portada","item":"https:\/\/www.sonoraenequipo.com.mx\/"},{"@type":"ListItem","position":2,"name":"En Morena no privatizamos el agua, eso lo hacen los gobiernos del PAN: Claudia Sheinbaum"}]},{"@type":"WebSite","@id":"https:\/\/www.sonoraenequipo.com.mx\/#website","url":"https:\/\/www.sonoraenequipo.com.mx\/","name":"Sonora en Equipo.","description":"Diario en l\u00ednea con Noticias desde Hermosillo, Sonora","publisher":{"@id":"https:\/\/www.sonoraenequipo.com.mx\/#organization"},"potentialAction":[{"@type":"SearchAction","target":{"@type":"EntryPoint","urlTemplate":"https:\/\/www.sonoraenequipo.com.mx\/?s={search_term_string}"},"query-input":{"@type":"PropertyValueSpecification","valueRequired":true,"valueName":"search_term_string"}}],"inLanguage":"es"},{"@type":"Organization","@id":"https:\/\/www.sonoraenequipo.com.mx\/#organization","name":"Sonoraenequipo.com.mx","url":"https:\/\/www.sonoraenequipo.com.mx\/","logo":{"@type":"ImageObject","inLanguage":"es","@id":"https:\/\/www.sonoraenequipo.com.mx\/#\/schema\/logo\/image\/","url":"https:\/\/www.sonoraenequipo.com.mx\/storage\/2019\/01\/sonoraenequipo_opt.png","contentUrl":"https:\/\/www.sonoraenequipo.com.mx\/storage\/2019\/01\/sonoraenequipo_opt.png","width":375,"height":125,"caption":"Sonoraenequipo.com.mx"},"image":{"@id":"https:\/\/www.sonoraenequipo.com.mx\/#\/schema\/logo\/image\/"},"sameAs":["https:\/\/www.facebook.com\/SonoraEE\/","https:\/\/x.com\/sonoraenequipo","https:\/\/www.youtube.com\/channel\/UC338nW-lPEYmJQs4ZABQ1SQ"]},{"@type":"Person","@id":"https:\/\/www.sonoraenequipo.com.mx\/#\/schema\/person\/50102df0fb23a8fa9e8effad8fa81386","name":"enequipo","image":{"@type":"ImageObject","inLanguage":"es","@id":"https:\/\/www.sonoraenequipo.com.mx\/#\/schema\/person\/image\/","url":"https:\/\/secure.gravatar.com\/avatar\/049821681b589dabc0bc20695993ccebb09f5b5d4d790cd9251b97faac7c652b?s=96&d=blank&r=g","contentUrl":"https:\/\/secure.gravatar.com\/avatar\/049821681b589dabc0bc20695993ccebb09f5b5d4d790cd9251b97faac7c652b?s=96&d=blank&r=g","caption":"enequipo"},"sameAs":["https:\/\/www.facebook.com\/SonoraEE"]}]}},"jetpack_featured_media_url":"https:\/\/www.sonoraenequipo.com.mx\/storage\/2024\/05\/CSP-TLAHUAC-agua.jpg","_links":{"self":[{"href":"https:\/\/www.sonoraenequipo.com.mx\/api\/wp\/v2\/posts\/188862","targetHints":{"allow":["GET"]}}],"collection":[{"href":"https:\/\/www.sonoraenequipo.com.mx\/api\/wp\/v2\/posts"}],"about":[{"href":"https:\/\/www.sonoraenequipo.com.mx\/api\/wp\/v2\/types\/post"}],"author":[{"embeddable":true,"href":"https:\/\/www.sonoraenequipo.com.mx\/api\/wp\/v2\/users\/1"}],"replies":[{"embeddable":true,"href":"https:\/\/www.sonoraenequipo.com.mx\/api\/wp\/v2\/comments?post=188862"}],"version-history":[{"count":1,"href":"https:\/\/www.sonoraenequipo.com.mx\/api\/wp\/v2\/posts\/188862\/revisions"}],"predecessor-version":[{"id":188868,"href":"https:\/\/www.sonoraenequipo.com.mx\/api\/wp\/v2\/posts\/188862\/revisions\/188868"}],"wp:featuredmedia":[{"embeddable":true,"href":"https:\/\/www.sonoraenequipo.com.mx\/api\/wp\/v2\/media\/188863"}],"wp:attachment":[{"href":"https:\/\/www.sonoraenequipo.com.mx\/api\/wp\/v2\/media?parent=188862"}],"wp:term":[{"taxonomy":"category","embeddable":true,"href":"https:\/\/www.sonoraenequipo.com.mx\/api\/wp\/v2\/categories?post=188862"},{"taxonomy":"post_tag","embeddable":true,"href":"https:\/\/www.sonoraenequipo.com.mx\/api\/wp\/v2\/tags?post=188862"}],"curies":[{"name":"wp","href":"https:\/\/api.w.org\/{rel}","templated":true}]}}