{"id":188875,"date":"2024-05-02T10:42:45","date_gmt":"2024-05-02T17:42:45","guid":{"rendered":"https:\/\/www.sonoraenequipo.com.mx\/?p=188875"},"modified":"2024-05-02T10:42:45","modified_gmt":"2024-05-02T17:42:45","slug":"determina-ine-reincorporacion-de-mas-de-24-mil-electores-personas-a-la-lista-nominal-del-electorado-en-el-extranjero","status":"publish","type":"post","link":"https:\/\/www.sonoraenequipo.com.mx\/determina-ine-reincorporacion-de-mas-de-24-mil-electores-personas-a-la-lista-nominal-del-electorado-en-el-extranjero\/","title":{"rendered":"Determina INE reincorporaci\u00f3n de m\u00e1s de \u00a024 mil electores personas a la Lista Nominal del Electorado en el Extranjero"},"content":{"rendered":"<p>Determina INE reincorporaci\u00f3n de m\u00e1s de \u00a024 mil electores personasa la Lista Nominal del Electorado en el Extranjero<\/p>\n<p>&nbsp;<\/p>\n<p><strong>CIUDAD DE M\u00c9XICO.\u02d7\u02d7\u02d7 <\/strong>Las y los mexicanos que residen en el exterior que hayan recibido una notificaci\u00f3n de no incorporaci\u00f3n a la Lista Nominal del Electorado en el Extranjero tienen hasta el 5 de mayo para tramitar una solicitud de aclaraci\u00f3n<\/p>\n<p>En conferencia de prensa, el Consejero Arturo Castillo Loza y la Consejera Claudia Zavala P\u00e9rez, presidente e integrante de la Comisi\u00f3n Temporal del Voto de las y los Mexicanos Residentes en el Extranjero, respectivamente, informaron que de las 39 mil 724 personas que el pasado 12 de abril recibieron una notificaci\u00f3n de no incorporaci\u00f3n a la Lista Nominal del Electorado en el Extranjero (LNE-Extranjero), la Direcci\u00f3n Ejecutiva del Registro Federal de Electores (DERFE) ha determinado que, al d\u00eda de hoy, 24 mil 787 ser\u00e1n reincorporadas a dicha Lista, de conformidad con lo establecido en el acuerdo de recomendaci\u00f3n INE\/CNV11\/ABR\/2024 aprobado por la Comisi\u00f3n Nacional de Vigilancia (CNV) el 21 de abril del a\u00f1o en curso.<\/p>\n<p>&nbsp;<\/p>\n<p>Esto significa que las mexicanas y los mexicanos cuyos tr\u00e1mites de aclaraci\u00f3n hayan resultado procedentes o que fueron subsanados por el Instituto a partir de la informaci\u00f3n y documentaci\u00f3n que constaba en cada uno de los expedientes, podr\u00e1n ejercer su derecho al voto desde el extranjero en la modalidad que hayan elegido originalmente: postal, electr\u00f3nica por internet o presencial.<\/p>\n<p>&nbsp;<\/p>\n<p>El Consejero Castillo transmiti\u00f3 a las y los mexicanos residentes en el extranjero que, si bien el d\u00eda de ayer el Consejo General aprob\u00f3 el Acuerdo por el que se declar\u00f3 la validez y definitividad del Padr\u00f3n Electoral y la Lista Nominal de Electores (la cual incluye el listado para votar desde el extranjero) que ser\u00e1n utilizados en las elecciones federales y locales, las personas cuyo tr\u00e1mite de aclaraci\u00f3n o subsane resulte procedente ser\u00e1n incorporadas a la Lista v\u00eda adenda, de manera que podr\u00e1n ejercer su derecho al voto.<\/p>\n<p>&nbsp;<\/p>\n<p>Se especific\u00f3 que el universo inicial de 39 mil 724 registros declarados como no procedentes, est\u00e1 compuesto por dos subconjuntos: el primero correspondiente a 20 mil 964 casos que presentaban inconsistencias menores (de los cuales 18 mil 395 ya fueron subsanados con sustento en el acuerdo de la CNV, dos mil 466 ya se dictaminaron como aclarados y 103 se encuentran en revisi\u00f3n) y un segundo grupo integrado por 18 mil 760 solicitudes de registro que presentaban presuntas irregularidades y de las cuales, al d\u00eda de hoy, se contabilizan un total de tres mil 926 aclaraciones exitosas.<\/p>\n<p>&nbsp;<\/p>\n<p>En la conferencia de prensa se record\u00f3 que las y los mexicanos que residen en el exterior que hayan recibido una notificaci\u00f3n de no incorporaci\u00f3n a la Lista Nominal, tienen hasta el 5 de mayo para tramitar una solicitud de aclaraci\u00f3n enviando un correo con su nombre y folio de seguimiento a voto.extranjero@ine.mx o a votomex@ine.mx; o bien, por v\u00eda telef\u00f3nica, a trav\u00e9s de INETEL.<\/p>\n<p>&nbsp;<\/p>\n<p>Adicionalmente, la Consejera Carla Humphrey Jordan, tambi\u00e9n integrante de la Comisi\u00f3n, aclar\u00f3 que las mexicanas y mexicanos que se encuentren en el extranjero el d\u00eda 2 de junio y que no se hayan inscrito bajo alguna de las tres modalidades de voto, pero que cuenten con su Credencial para Votar vigente tramitada en M\u00e9xico o en el extranjero, podr\u00e1n acudir a votar a alguna de las 23 sedes consulares en el exterior en donde se instalar\u00e1n M\u00f3dulos Receptores de Votaci\u00f3n y en las que se dispondr\u00e1 de hasta mil 500 espacios para que personas sin registro puedan emitir su sufragio.<\/p>\n<p>&nbsp;<\/p>\n<p>Dos mil 580 connacionales ya ejercieron su voto postal<\/p>\n<p>&nbsp;<\/p>\n<p>De igual forma, en relaci\u00f3n con el voto desde el extranjero, el Director Ejecutivo del Registro Federal de Electores, Alejandro Sosa Dur\u00e1n, afirm\u00f3 que el INE ya recibi\u00f3 dos mil 580 Sobres Postal Voto provenientes del exterior, en los que un n\u00famero igual de mexicanas y mexicanos remitieron sus votos al Instituto. Estos sobres se resguardar\u00e1n en bodegas institucionales de manera que el d\u00eda de la Jornada Electoral puedan ser trasladados al Local \u00danico para el proceso de escrutinio y c\u00f3mputo.<\/p>\n<p>&nbsp;<\/p>\n<p>Asimismo, se se\u00f1al\u00f3 que el Instituto ha entregado hasta la fecha 34 mil 929 Paquetes Electorales Postales a la ciudadan\u00eda en el extranjero.<\/p>\n<p><strong>Fecha de publicaci\u00f3n<\/strong><strong> jueves 2 de mayo \u00a0de 2024<\/strong><\/p>\n","protected":false},"excerpt":{"rendered":"<p>Determina INE reincorporaci\u00f3n de m\u00e1s de \u00a024 mil electores personasa la Lista Nominal del Electorado&#8230;<\/p>\n","protected":false},"author":1,"featured_media":72154,"comment_status":"open","ping_status":"open","sticky":false,"template":"","format":"standard","meta":{"_monsterinsights_skip_tracking":false,"_monsterinsights_sitenote_active":false,"_monsterinsights_sitenote_note":"","_monsterinsights_sitenote_category":0,"footnotes":""},"categories":[9400],"tags":[7497,9601,8280],"class_list":["post"],"yoast_head":" \n<title>Sonora en Equipo. Determina INE reincorporaci\u00f3n de m\u00e1s de \u00a024 mil electores personas a la Lista Nominal del Electorado en el Extranjero ELECCI\u00d3NES<\/title>\n<meta name=\"description\" content=\"Determina INE reincorporaci\u00f3n de m\u00e1s de \u00a024 mil electores personasa la Lista Nominal del Electorado en el Extranjero &nbsp; CIUDAD DE M\u00c9XICO.\u02d7\u02d7\u02d7 Las y los En Sonora en Equipo publicamos toda la informaci\u00f3n de Sonora, M\u00e9xico y el Mundo de manera oportuna y busca que la libertad de expresi\u00f3n sea real. Visita nuestro medio informativo publicado desde Hermosillo, Sonora. %\" \/>\n<meta name=\"robots\" content=\"index, follow, max-snippet:-1, max-image-preview:large, max-video-preview:-1\" \/>\n<link rel=\"canonical\" href=\"https:\/\/www.sonoraenequipo.com.mx\/determina-ine-reincorporacion-de-mas-de-24-mil-electores-personas-a-la-lista-nominal-del-electorado-en-el-extranjero\/\" \/>\n<meta property=\"og:locale\" content=\"es_ES\" \/>\n<meta property=\"og:type\" content=\"article\" \/>\n<meta property=\"og:title\" content=\"Sonora en Equipo. Determina INE reincorporaci\u00f3n de m\u00e1s de \u00a024 mil electores personas a la Lista Nominal del Electorado en el Extranjero ELECCI\u00d3NES\" \/>\n<meta property=\"og:description\" content=\"Determina INE reincorporaci\u00f3n de m\u00e1s de \u00a024 mil electores personasa la Lista Nominal del Electorado en el Extranjero &nbsp; CIUDAD DE M\u00c9XICO.\u02d7\u02d7\u02d7 Las y los En Sonora en Equipo publicamos toda la informaci\u00f3n de Sonora, M\u00e9xico y el Mundo de manera oportuna y busca que la libertad de expresi\u00f3n sea real. Visita nuestro medio informativo publicado desde Hermosillo, Sonora. %\" \/>\n<meta property=\"og:url\" content=\"https:\/\/www.sonoraenequipo.com.mx\/determina-ine-reincorporacion-de-mas-de-24-mil-electores-personas-a-la-lista-nominal-del-electorado-en-el-extranjero\/\" \/>\n<meta property=\"og:site_name\" content=\"Sonora en Equipo.\" \/>\n<meta property=\"article:publisher\" content=\"https:\/\/www.facebook.com\/SonoraEE\/\" \/>\n<meta property=\"article:author\" content=\"https:\/\/www.facebook.com\/SonoraEE\" \/>\n<meta property=\"article:published_time\" content=\"2024-05-02T17:42:45+00:00\" \/>\n<meta property=\"og:image\" content=\"https:\/\/www.sonoraenequipo.com.mx\/storage\/2019\/11\/credencial-ife_opt.jpg\" \/>\n\t<meta property=\"og:image:width\" content=\"745\" \/>\n\t<meta property=\"og:image:height\" content=\"427\" \/>\n\t<meta property=\"og:image:type\" content=\"image\/jpeg\" \/>\n<meta name=\"author\" content=\"enequipo\" \/>\n<meta name=\"twitter:card\" content=\"summary_large_image\" \/>\n<meta name=\"twitter:creator\" content=\"@sonoraenequipo\" \/>\n<meta name=\"twitter:site\" content=\"@sonoraenequipo\" \/>\n<meta name=\"twitter:label1\" content=\"Escrito por\" \/>\n\t<meta name=\"twitter:data1\" content=\"enequipo\" \/>\n\t<meta name=\"twitter:label2\" content=\"Tiempo de lectura\" \/>\n\t<meta name=\"twitter:data2\" content=\"4 minutos\" \/>\n<script type=\"application\/ld+json\" class=\"yoast-schema-graph\">{\"@context\":\"https:\/\/schema.org\",\"@graph\":[{\"@type\":\"Article\",\"@id\":\"https:\/\/www.sonoraenequipo.com.mx\/determina-ine-reincorporacion-de-mas-de-24-mil-electores-personas-a-la-lista-nominal-del-electorado-en-el-extranjero\/#article\",\"isPartOf\":{\"@id\":\"https:\/\/www.sonoraenequipo.com.mx\/determina-ine-reincorporacion-de-mas-de-24-mil-electores-personas-a-la-lista-nominal-del-electorado-en-el-extranjero\/\"},\"author\":{\"name\":\"enequipo\",\"@id\":\"https:\/\/www.sonoraenequipo.com.mx\/#\/schema\/person\/50102df0fb23a8fa9e8effad8fa81386\"},\"headline\":\"Determina INE reincorporaci\u00f3n de m\u00e1s de \u00a024 mil electores personas a la Lista Nominal del Electorado en el Extranjero\",\"datePublished\":\"2024-05-02T17:42:45+00:00\",\"mainEntityOfPage\":{\"@id\":\"https:\/\/www.sonoraenequipo.com.mx\/determina-ine-reincorporacion-de-mas-de-24-mil-electores-personas-a-la-lista-nominal-del-electorado-en-el-extranjero\/\"},\"wordCount\":768,\"commentCount\":0,\"publisher\":{\"@id\":\"https:\/\/www.sonoraenequipo.com.mx\/#organization\"},\"image\":{\"@id\":\"https:\/\/www.sonoraenequipo.com.mx\/determina-ine-reincorporacion-de-mas-de-24-mil-electores-personas-a-la-lista-nominal-del-electorado-en-el-extranjero\/#primaryimage\"},\"thumbnailUrl\":\"https:\/\/www.sonoraenequipo.com.mx\/storage\/2019\/11\/credencial-ife_opt.jpg\",\"keywords\":[\"2024\",\"LISTA NOMINAL\",\"PEF\"],\"articleSection\":[\"ELECCI\u00d3NES\"],\"inLanguage\":\"es\",\"potentialAction\":[{\"@type\":\"CommentAction\",\"name\":\"Comment\",\"target\":[\"https:\/\/www.sonoraenequipo.com.mx\/determina-ine-reincorporacion-de-mas-de-24-mil-electores-personas-a-la-lista-nominal-del-electorado-en-el-extranjero\/#respond\"]}]},{\"@type\":\"WebPage\",\"@id\":\"https:\/\/www.sonoraenequipo.com.mx\/determina-ine-reincorporacion-de-mas-de-24-mil-electores-personas-a-la-lista-nominal-del-electorado-en-el-extranjero\/\",\"url\":\"https:\/\/www.sonoraenequipo.com.mx\/determina-ine-reincorporacion-de-mas-de-24-mil-electores-personas-a-la-lista-nominal-del-electorado-en-el-extranjero\/\",\"name\":\"Sonora en Equipo. Determina INE reincorporaci\u00f3n de m\u00e1s de \u00a024 mil electores personas a la Lista Nominal del Electorado en el Extranjero ELECCI\u00d3NES\",\"isPartOf\":{\"@id\":\"https:\/\/www.sonoraenequipo.com.mx\/#website\"},\"primaryImageOfPage\":{\"@id\":\"https:\/\/www.sonoraenequipo.com.mx\/determina-ine-reincorporacion-de-mas-de-24-mil-electores-personas-a-la-lista-nominal-del-electorado-en-el-extranjero\/#primaryimage\"},\"image\":{\"@id\":\"https:\/\/www.sonoraenequipo.com.mx\/determina-ine-reincorporacion-de-mas-de-24-mil-electores-personas-a-la-lista-nominal-del-electorado-en-el-extranjero\/#primaryimage\"},\"thumbnailUrl\":\"https:\/\/www.sonoraenequipo.com.mx\/storage\/2019\/11\/credencial-ife_opt.jpg\",\"datePublished\":\"2024-05-02T17:42:45+00:00\",\"description\":\"Determina INE reincorporaci\u00f3n de m\u00e1s de \u00a024 mil electores personasa la Lista Nominal del Electorado en el Extranjero &nbsp; CIUDAD DE M\u00c9XICO.\u02d7\u02d7\u02d7 Las y los En Sonora en Equipo publicamos toda la informaci\u00f3n de Sonora, M\u00e9xico y el Mundo de manera oportuna y busca que la libertad de expresi\u00f3n sea real. Visita nuestro medio informativo publicado desde Hermosillo, Sonora. %\",\"breadcrumb\":{\"@id\":\"https:\/\/www.sonoraenequipo.com.mx\/determina-ine-reincorporacion-de-mas-de-24-mil-electores-personas-a-la-lista-nominal-del-electorado-en-el-extranjero\/#breadcrumb\"},\"inLanguage\":\"es\",\"potentialAction\":[{\"@type\":\"ReadAction\",\"target\":[\"https:\/\/www.sonoraenequipo.com.mx\/determina-ine-reincorporacion-de-mas-de-24-mil-electores-personas-a-la-lista-nominal-del-electorado-en-el-extranjero\/\"]}]},{\"@type\":\"ImageObject\",\"inLanguage\":\"es\",\"@id\":\"https:\/\/www.sonoraenequipo.com.mx\/determina-ine-reincorporacion-de-mas-de-24-mil-electores-personas-a-la-lista-nominal-del-electorado-en-el-extranjero\/#primaryimage\",\"url\":\"https:\/\/www.sonoraenequipo.com.mx\/storage\/2019\/11\/credencial-ife_opt.jpg\",\"contentUrl\":\"https:\/\/www.sonoraenequipo.com.mx\/storage\/2019\/11\/credencial-ife_opt.jpg\",\"width\":745,\"height\":427},{\"@type\":\"BreadcrumbList\",\"@id\":\"https:\/\/www.sonoraenequipo.com.mx\/determina-ine-reincorporacion-de-mas-de-24-mil-electores-personas-a-la-lista-nominal-del-electorado-en-el-extranjero\/#breadcrumb\",\"itemListElement\":[{\"@type\":\"ListItem\",\"position\":1,\"name\":\"Portada\",\"item\":\"https:\/\/www.sonoraenequipo.com.mx\/\"},{\"@type\":\"ListItem\",\"position\":2,\"name\":\"Determina INE reincorporaci\u00f3n de m\u00e1s de \u00a024 mil electores personas a la Lista Nominal del Electorado en el Extranjero\"}]},{\"@type\":\"WebSite\",\"@id\":\"https:\/\/www.sonoraenequipo.com.mx\/#website\",\"url\":\"https:\/\/www.sonoraenequipo.com.mx\/\",\"name\":\"Sonora en Equipo.\",\"description\":\"Diario en l\u00ednea con Noticias desde Hermosillo, Sonora\",\"publisher\":{\"@id\":\"https:\/\/www.sonoraenequipo.com.mx\/#organization\"},\"potentialAction\":[{\"@type\":\"SearchAction\",\"target\":{\"@type\":\"EntryPoint\",\"urlTemplate\":\"https:\/\/www.sonoraenequipo.com.mx\/?s={search_term_string}\"},\"query-input\":{\"@type\":\"PropertyValueSpecification\",\"valueRequired\":true,\"valueName\":\"search_term_string\"}}],\"inLanguage\":\"es\"},{\"@type\":\"Organization\",\"@id\":\"https:\/\/www.sonoraenequipo.com.mx\/#organization\",\"name\":\"Sonoraenequipo.com.mx\",\"url\":\"https:\/\/www.sonoraenequipo.com.mx\/\",\"logo\":{\"@type\":\"ImageObject\",\"inLanguage\":\"es\",\"@id\":\"https:\/\/www.sonoraenequipo.com.mx\/#\/schema\/logo\/image\/\",\"url\":\"https:\/\/www.sonoraenequipo.com.mx\/storage\/2019\/01\/sonoraenequipo_opt.png\",\"contentUrl\":\"https:\/\/www.sonoraenequipo.com.mx\/storage\/2019\/01\/sonoraenequipo_opt.png\",\"width\":375,\"height\":125,\"caption\":\"Sonoraenequipo.com.mx\"},\"image\":{\"@id\":\"https:\/\/www.sonoraenequipo.com.mx\/#\/schema\/logo\/image\/\"},\"sameAs\":[\"https:\/\/www.facebook.com\/SonoraEE\/\",\"https:\/\/x.com\/sonoraenequipo\",\"https:\/\/www.youtube.com\/channel\/UC338nW-lPEYmJQs4ZABQ1SQ\"]},{\"@type\":\"Person\",\"@id\":\"https:\/\/www.sonoraenequipo.com.mx\/#\/schema\/person\/50102df0fb23a8fa9e8effad8fa81386\",\"name\":\"enequipo\",\"image\":{\"@type\":\"ImageObject\",\"inLanguage\":\"es\",\"@id\":\"https:\/\/www.sonoraenequipo.com.mx\/#\/schema\/person\/image\/\",\"url\":\"https:\/\/secure.gravatar.com\/avatar\/049821681b589dabc0bc20695993ccebb09f5b5d4d790cd9251b97faac7c652b?s=96&d=blank&r=g\",\"contentUrl\":\"https:\/\/secure.gravatar.com\/avatar\/049821681b589dabc0bc20695993ccebb09f5b5d4d790cd9251b97faac7c652b?s=96&d=blank&r=g\",\"caption\":\"enequipo\"},\"sameAs\":[\"https:\/\/www.facebook.com\/SonoraEE\"]}]}<\/script>\n ","yoast_head_json":{"title":"Sonora en Equipo. Determina INE reincorporaci\u00f3n de m\u00e1s de \u00a024 mil electores personas a la Lista Nominal del Electorado en el Extranjero ELECCI\u00d3NES","description":"Determina INE reincorporaci\u00f3n de m\u00e1s de \u00a024 mil electores personasa la Lista Nominal del Electorado en el Extranjero &nbsp; CIUDAD DE M\u00c9XICO.\u02d7\u02d7\u02d7 Las y los En Sonora en Equipo publicamos toda la informaci\u00f3n de Sonora, M\u00e9xico y el Mundo de manera oportuna y busca que la libertad de expresi\u00f3n sea real. Visita nuestro medio informativo publicado desde Hermosillo, Sonora. %","robots":{"index":"index","follow":"follow","max-snippet":"max-snippet:-1","max-image-preview":"max-image-preview:large","max-video-preview":"max-video-preview:-1"},"canonical":"https:\/\/www.sonoraenequipo.com.mx\/determina-ine-reincorporacion-de-mas-de-24-mil-electores-personas-a-la-lista-nominal-del-electorado-en-el-extranjero\/","og_locale":"es_ES","og_type":"article","og_title":"Sonora en Equipo. Determina INE reincorporaci\u00f3n de m\u00e1s de \u00a024 mil electores personas a la Lista Nominal del Electorado en el Extranjero ELECCI\u00d3NES","og_description":"Determina INE reincorporaci\u00f3n de m\u00e1s de \u00a024 mil electores personasa la Lista Nominal del Electorado en el Extranjero &nbsp; CIUDAD DE M\u00c9XICO.\u02d7\u02d7\u02d7 Las y los En Sonora en Equipo publicamos toda la informaci\u00f3n de Sonora, M\u00e9xico y el Mundo de manera oportuna y busca que la libertad de expresi\u00f3n sea real. Visita nuestro medio informativo publicado desde Hermosillo, Sonora. %","og_url":"https:\/\/www.sonoraenequipo.com.mx\/determina-ine-reincorporacion-de-mas-de-24-mil-electores-personas-a-la-lista-nominal-del-electorado-en-el-extranjero\/","og_site_name":"Sonora en Equipo.","article_publisher":"https:\/\/www.facebook.com\/SonoraEE\/","article_author":"https:\/\/www.facebook.com\/SonoraEE","article_published_time":"2024-05-02T17:42:45+00:00","og_image":[{"width":745,"height":427,"url":"https:\/\/www.sonoraenequipo.com.mx\/storage\/2019\/11\/credencial-ife_opt.jpg","type":"image\/jpeg"}],"author":"enequipo","twitter_card":"summary_large_image","twitter_creator":"@sonoraenequipo","twitter_site":"@sonoraenequipo","twitter_misc":{"Escrito por":"enequipo","Tiempo de lectura":"4 minutos"},"schema":{"@context":"https:\/\/schema.org","@graph":[{"@type":"Article","@id":"https:\/\/www.sonoraenequipo.com.mx\/determina-ine-reincorporacion-de-mas-de-24-mil-electores-personas-a-la-lista-nominal-del-electorado-en-el-extranjero\/#article","isPartOf":{"@id":"https:\/\/www.sonoraenequipo.com.mx\/determina-ine-reincorporacion-de-mas-de-24-mil-electores-personas-a-la-lista-nominal-del-electorado-en-el-extranjero\/"},"author":{"name":"enequipo","@id":"https:\/\/www.sonoraenequipo.com.mx\/#\/schema\/person\/50102df0fb23a8fa9e8effad8fa81386"},"headline":"Determina INE reincorporaci\u00f3n de m\u00e1s de \u00a024 mil electores personas a la Lista Nominal del Electorado en el Extranjero","datePublished":"2024-05-02T17:42:45+00:00","mainEntityOfPage":{"@id":"https:\/\/www.sonoraenequipo.com.mx\/determina-ine-reincorporacion-de-mas-de-24-mil-electores-personas-a-la-lista-nominal-del-electorado-en-el-extranjero\/"},"wordCount":768,"commentCount":0,"publisher":{"@id":"https:\/\/www.sonoraenequipo.com.mx\/#organization"},"image":{"@id":"https:\/\/www.sonoraenequipo.com.mx\/determina-ine-reincorporacion-de-mas-de-24-mil-electores-personas-a-la-lista-nominal-del-electorado-en-el-extranjero\/#primaryimage"},"thumbnailUrl":"https:\/\/www.sonoraenequipo.com.mx\/storage\/2019\/11\/credencial-ife_opt.jpg","keywords":["2024","LISTA NOMINAL","PEF"],"articleSection":["ELECCI\u00d3NES"],"inLanguage":"es","potentialAction":[{"@type":"CommentAction","name":"Comment","target":["https:\/\/www.sonoraenequipo.com.mx\/determina-ine-reincorporacion-de-mas-de-24-mil-electores-personas-a-la-lista-nominal-del-electorado-en-el-extranjero\/#respond"]}]},{"@type":"WebPage","@id":"https:\/\/www.sonoraenequipo.com.mx\/determina-ine-reincorporacion-de-mas-de-24-mil-electores-personas-a-la-lista-nominal-del-electorado-en-el-extranjero\/","url":"https:\/\/www.sonoraenequipo.com.mx\/determina-ine-reincorporacion-de-mas-de-24-mil-electores-personas-a-la-lista-nominal-del-electorado-en-el-extranjero\/","name":"Sonora en Equipo. Determina INE reincorporaci\u00f3n de m\u00e1s de \u00a024 mil electores personas a la Lista Nominal del Electorado en el Extranjero ELECCI\u00d3NES","isPartOf":{"@id":"https:\/\/www.sonoraenequipo.com.mx\/#website"},"primaryImageOfPage":{"@id":"https:\/\/www.sonoraenequipo.com.mx\/determina-ine-reincorporacion-de-mas-de-24-mil-electores-personas-a-la-lista-nominal-del-electorado-en-el-extranjero\/#primaryimage"},"image":{"@id":"https:\/\/www.sonoraenequipo.com.mx\/determina-ine-reincorporacion-de-mas-de-24-mil-electores-personas-a-la-lista-nominal-del-electorado-en-el-extranjero\/#primaryimage"},"thumbnailUrl":"https:\/\/www.sonoraenequipo.com.mx\/storage\/2019\/11\/credencial-ife_opt.jpg","datePublished":"2024-05-02T17:42:45+00:00","description":"Determina INE reincorporaci\u00f3n de m\u00e1s de \u00a024 mil electores personasa la Lista Nominal del Electorado en el Extranjero &nbsp; CIUDAD DE M\u00c9XICO.\u02d7\u02d7\u02d7 Las y los En Sonora en Equipo publicamos toda la informaci\u00f3n de Sonora, M\u00e9xico y el Mundo de manera oportuna y busca que la libertad de expresi\u00f3n sea real. Visita nuestro medio informativo publicado desde Hermosillo, Sonora. %","breadcrumb":{"@id":"https:\/\/www.sonoraenequipo.com.mx\/determina-ine-reincorporacion-de-mas-de-24-mil-electores-personas-a-la-lista-nominal-del-electorado-en-el-extranjero\/#breadcrumb"},"inLanguage":"es","potentialAction":[{"@type":"ReadAction","target":["https:\/\/www.sonoraenequipo.com.mx\/determina-ine-reincorporacion-de-mas-de-24-mil-electores-personas-a-la-lista-nominal-del-electorado-en-el-extranjero\/"]}]},{"@type":"ImageObject","inLanguage":"es","@id":"https:\/\/www.sonoraenequipo.com.mx\/determina-ine-reincorporacion-de-mas-de-24-mil-electores-personas-a-la-lista-nominal-del-electorado-en-el-extranjero\/#primaryimage","url":"https:\/\/www.sonoraenequipo.com.mx\/storage\/2019\/11\/credencial-ife_opt.jpg","contentUrl":"https:\/\/www.sonoraenequipo.com.mx\/storage\/2019\/11\/credencial-ife_opt.jpg","width":745,"height":427},{"@type":"BreadcrumbList","@id":"https:\/\/www.sonoraenequipo.com.mx\/determina-ine-reincorporacion-de-mas-de-24-mil-electores-personas-a-la-lista-nominal-del-electorado-en-el-extranjero\/#breadcrumb","itemListElement":[{"@type":"ListItem","position":1,"name":"Portada","item":"https:\/\/www.sonoraenequipo.com.mx\/"},{"@type":"ListItem","position":2,"name":"Determina INE reincorporaci\u00f3n de m\u00e1s de \u00a024 mil electores personas a la Lista Nominal del Electorado en el Extranjero"}]},{"@type":"WebSite","@id":"https:\/\/www.sonoraenequipo.com.mx\/#website","url":"https:\/\/www.sonoraenequipo.com.mx\/","name":"Sonora en Equipo.","description":"Diario en l\u00ednea con Noticias desde Hermosillo, Sonora","publisher":{"@id":"https:\/\/www.sonoraenequipo.com.mx\/#organization"},"potentialAction":[{"@type":"SearchAction","target":{"@type":"EntryPoint","urlTemplate":"https:\/\/www.sonoraenequipo.com.mx\/?s={search_term_string}"},"query-input":{"@type":"PropertyValueSpecification","valueRequired":true,"valueName":"search_term_string"}}],"inLanguage":"es"},{"@type":"Organization","@id":"https:\/\/www.sonoraenequipo.com.mx\/#organization","name":"Sonoraenequipo.com.mx","url":"https:\/\/www.sonoraenequipo.com.mx\/","logo":{"@type":"ImageObject","inLanguage":"es","@id":"https:\/\/www.sonoraenequipo.com.mx\/#\/schema\/logo\/image\/","url":"https:\/\/www.sonoraenequipo.com.mx\/storage\/2019\/01\/sonoraenequipo_opt.png","contentUrl":"https:\/\/www.sonoraenequipo.com.mx\/storage\/2019\/01\/sonoraenequipo_opt.png","width":375,"height":125,"caption":"Sonoraenequipo.com.mx"},"image":{"@id":"https:\/\/www.sonoraenequipo.com.mx\/#\/schema\/logo\/image\/"},"sameAs":["https:\/\/www.facebook.com\/SonoraEE\/","https:\/\/x.com\/sonoraenequipo","https:\/\/www.youtube.com\/channel\/UC338nW-lPEYmJQs4ZABQ1SQ"]},{"@type":"Person","@id":"https:\/\/www.sonoraenequipo.com.mx\/#\/schema\/person\/50102df0fb23a8fa9e8effad8fa81386","name":"enequipo","image":{"@type":"ImageObject","inLanguage":"es","@id":"https:\/\/www.sonoraenequipo.com.mx\/#\/schema\/person\/image\/","url":"https:\/\/secure.gravatar.com\/avatar\/049821681b589dabc0bc20695993ccebb09f5b5d4d790cd9251b97faac7c652b?s=96&d=blank&r=g","contentUrl":"https:\/\/secure.gravatar.com\/avatar\/049821681b589dabc0bc20695993ccebb09f5b5d4d790cd9251b97faac7c652b?s=96&d=blank&r=g","caption":"enequipo"},"sameAs":["https:\/\/www.facebook.com\/SonoraEE"]}]}},"jetpack_featured_media_url":"https:\/\/www.sonoraenequipo.com.mx\/storage\/2019\/11\/credencial-ife_opt.jpg","_links":{"self":[{"href":"https:\/\/www.sonoraenequipo.com.mx\/api\/wp\/v2\/posts\/188875","targetHints":{"allow":["GET"]}}],"collection":[{"href":"https:\/\/www.sonoraenequipo.com.mx\/api\/wp\/v2\/posts"}],"about":[{"href":"https:\/\/www.sonoraenequipo.com.mx\/api\/wp\/v2\/types\/post"}],"author":[{"embeddable":true,"href":"https:\/\/www.sonoraenequipo.com.mx\/api\/wp\/v2\/users\/1"}],"replies":[{"embeddable":true,"href":"https:\/\/www.sonoraenequipo.com.mx\/api\/wp\/v2\/comments?post=188875"}],"version-history":[{"count":1,"href":"https:\/\/www.sonoraenequipo.com.mx\/api\/wp\/v2\/posts\/188875\/revisions"}],"predecessor-version":[{"id":188876,"href":"https:\/\/www.sonoraenequipo.com.mx\/api\/wp\/v2\/posts\/188875\/revisions\/188876"}],"wp:featuredmedia":[{"embeddable":true,"href":"https:\/\/www.sonoraenequipo.com.mx\/api\/wp\/v2\/media\/72154"}],"wp:attachment":[{"href":"https:\/\/www.sonoraenequipo.com.mx\/api\/wp\/v2\/media?parent=188875"}],"wp:term":[{"taxonomy":"category","embeddable":true,"href":"https:\/\/www.sonoraenequipo.com.mx\/api\/wp\/v2\/categories?post=188875"},{"taxonomy":"post_tag","embeddable":true,"href":"https:\/\/www.sonoraenequipo.com.mx\/api\/wp\/v2\/tags?post=188875"}],"curies":[{"name":"wp","href":"https:\/\/api.w.org\/{rel}","templated":true}]}}