{"id":188877,"date":"2024-05-01T18:32:49","date_gmt":"2024-05-02T01:32:49","guid":{"rendered":"https:\/\/www.sonoraenequipo.com.mx\/?p=188877"},"modified":"2024-05-02T14:02:12","modified_gmt":"2024-05-02T21:02:12","slug":"nuevo-parque-industrial-de-cajeme-impulsara-los-mas-empleos-asegura-lamarque-cano","status":"publish","type":"post","link":"https:\/\/www.sonoraenequipo.com.mx\/nuevo-parque-industrial-de-cajeme-impulsara-los-mas-empleos-asegura-lamarque-cano\/","title":{"rendered":"Nuevo Parque Industrial de Cajeme impulsar\u00e1 los m\u00e1s empleos asegura Lamarque Cano"},"content":{"rendered":"<p><strong>CAJEME, SONORA. MX. \u2014<\/strong> El candidato por la Coalici\u00f3n Juntos Seguimos Haciendo Historia a la alcald\u00eda de Cajeme, Carlos Javier Lamarque Cano se comprometi\u00f3 con la clase trabajadora de la CTM en impulsar el empleo y el bienestar de las familias cajemenses.<\/p>\n<p>&nbsp;<\/p>\n<p> <\/p>\n<p>Durante su intervenci\u00f3n en el mitin de la celebraci\u00f3n por el D\u00eda del Trabajo, Lamarque Cano expres\u00f3 que su visi\u00f3n se centra en tres pilares fundamentales: empleo, seguridad y desarrollo de infraestructura que llevar\u00e1 a varias colonias del municipio y comunidades.<\/p>\n<p>&nbsp;<\/p>\n<p><em><strong>\u201cEs imperativo generar m\u00e1s empleos para nuestros ciudadanos pero tambi\u00e9n se adecuar\u00e1 m\u00e1s alumbrado p\u00fablico para su seguridad\u201d,<\/strong><\/em> cit\u00f3.<\/p>\n<p>&nbsp;<\/p>\n<p>Hizo ver que se entiende las dificultades y desaf\u00edos en busca de oportunidades laborales dignas por lo que se traer\u00e1 m\u00e1s empleos a Cajeme<\/p>\n<p>&nbsp;<\/p>\n<p>&nbsp;<\/p>\n<p><em><strong>\u201cYa se est\u00e1 construyendo el segundo Parque Industrial con 20 naves industriales de 10 mil metros cuadrados cada una\u201d,<\/strong><\/em> subrayo.<\/p>\n<p>&nbsp;<\/p>\n<p>&nbsp;<\/p>\n<p>Deseo que nuestra ciudad se destaque como un polo de innovaci\u00f3n y desarrollo, donde cada residente tenga la posibilidad de encontrar un empleo digno y pr\u00f3spero.<\/p>\n<p>&nbsp;<\/p>\n<p>&nbsp;<\/p>\n<p>Muchas colonias a\u00fan carecen de pavimentaci\u00f3n, lo que dificulta tanto la movilidad de los ciudadanos como el desarrollo de los negocios locales, sin embargo record\u00f3 que en ese tema se avanz\u00f3 bastante.<\/p>\n<p>&nbsp;<\/p>\n<p><strong><em>\u201cUn mill\u00f3n y medio de metros cuadrados de recarpeteo y pavimentaci\u00f3n en 2 a\u00f1os y medio m\u00e1s de lo que se ha hecho en 10 a\u00f1os anteriores\u201d,<\/em><\/strong> anot\u00f3.<\/p>\n<p>&nbsp;<\/p>\n<p>&nbsp;<\/p>\n<p>Nos comprometemos a invertir en la modernizaci\u00f3n y mantenimiento de nuestras v\u00edas de comunicaci\u00f3n, pavimentando las calles de aquellos vecindarios que m\u00e1s lo necesiten.<\/p>\n<p>&nbsp;<\/p>\n<p>&nbsp;<\/p>\n<p>Esto no solo mejorar\u00e1 la calidad de vida de los residentes, sino que tambi\u00e9n beneficiar\u00e1 el flujo de comercio y fomentar\u00e1 el desarrollo econ\u00f3mico local, puntualiz\u00f3.<\/p>\n<p>&nbsp;<\/p>\n<p>PUBLICADO EL 01 DE MYO DE 2024 Con informaci\u00f3n de \u00d3scar F\u00e9lix)<\/p>\n","protected":false},"excerpt":{"rendered":"<p>CAJEME, SONORA. MX. \u2014 El candidato por la Coalici\u00f3n Juntos Seguimos Haciendo Historia a la&#8230;<\/p>\n","protected":false},"author":1,"featured_media":188880,"comment_status":"open","ping_status":"open","sticky":false,"template":"","format":"standard","meta":{"_monsterinsights_skip_tracking":false,"_monsterinsights_sitenote_active":false,"_monsterinsights_sitenote_note":"","_monsterinsights_sitenote_category":0,"footnotes":""},"categories":[4],"tags":[],"class_list":["post"],"yoast_head":" \n<title>Sonora en Equipo. Nuevo Parque Industrial de Cajeme impulsar\u00e1 los m\u00e1s empleos asegura Lamarque Cano Municipios<\/title>\n<meta name=\"description\" content=\"CAJEME, SONORA. MX. \u2014 El candidato por la Coalici\u00f3n Juntos Seguimos Haciendo Historia a la alcald\u00eda de Cajeme, Carlos Javier Lamarque Cano se comprometi\u00f3 En Sonora en Equipo publicamos toda la informaci\u00f3n de Sonora, M\u00e9xico y el Mundo de manera oportuna y busca que la libertad de expresi\u00f3n sea real. Visita nuestro medio informativo publicado desde Hermosillo, Sonora. %\" \/>\n<meta name=\"robots\" content=\"index, follow, max-snippet:-1, max-image-preview:large, max-video-preview:-1\" \/>\n<link rel=\"canonical\" href=\"https:\/\/www.sonoraenequipo.com.mx\/nuevo-parque-industrial-de-cajeme-impulsara-los-mas-empleos-asegura-lamarque-cano\/\" \/>\n<meta property=\"og:locale\" content=\"es_ES\" \/>\n<meta property=\"og:type\" content=\"article\" \/>\n<meta property=\"og:title\" content=\"Sonora en Equipo. Nuevo Parque Industrial de Cajeme impulsar\u00e1 los m\u00e1s empleos asegura Lamarque Cano Municipios\" \/>\n<meta property=\"og:description\" content=\"CAJEME, SONORA. MX. \u2014 El candidato por la Coalici\u00f3n Juntos Seguimos Haciendo Historia a la alcald\u00eda de Cajeme, Carlos Javier Lamarque Cano se comprometi\u00f3 En Sonora en Equipo publicamos toda la informaci\u00f3n de Sonora, M\u00e9xico y el Mundo de manera oportuna y busca que la libertad de expresi\u00f3n sea real. Visita nuestro medio informativo publicado desde Hermosillo, Sonora. %\" \/>\n<meta property=\"og:url\" content=\"https:\/\/www.sonoraenequipo.com.mx\/nuevo-parque-industrial-de-cajeme-impulsara-los-mas-empleos-asegura-lamarque-cano\/\" \/>\n<meta property=\"og:site_name\" content=\"Sonora en Equipo.\" \/>\n<meta property=\"article:publisher\" content=\"https:\/\/www.facebook.com\/SonoraEE\/\" \/>\n<meta property=\"article:author\" content=\"https:\/\/www.facebook.com\/SonoraEE\" \/>\n<meta property=\"article:published_time\" content=\"2024-05-02T01:32:49+00:00\" \/>\n<meta property=\"article:modified_time\" content=\"2024-05-02T21:02:12+00:00\" \/>\n<meta property=\"og:image\" content=\"https:\/\/www.sonoraenequipo.com.mx\/storage\/2024\/05\/parque-industrial-en-Obregon-min.jpg\" \/>\n\t<meta property=\"og:image:width\" content=\"900\" \/>\n\t<meta property=\"og:image:height\" content=\"506\" \/>\n\t<meta property=\"og:image:type\" content=\"image\/jpeg\" \/>\n<meta name=\"author\" content=\"enequipo\" \/>\n<meta name=\"twitter:card\" content=\"summary_large_image\" \/>\n<meta name=\"twitter:creator\" content=\"@sonoraenequipo\" \/>\n<meta name=\"twitter:site\" content=\"@sonoraenequipo\" \/>\n<meta name=\"twitter:label1\" content=\"Escrito por\" \/>\n\t<meta name=\"twitter:data1\" content=\"enequipo\" \/>\n\t<meta name=\"twitter:label2\" content=\"Tiempo de lectura\" \/>\n\t<meta name=\"twitter:data2\" content=\"2 minutos\" \/>\n<script type=\"application\/ld+json\" class=\"yoast-schema-graph\">{\"@context\":\"https:\/\/schema.org\",\"@graph\":[{\"@type\":\"Article\",\"@id\":\"https:\/\/www.sonoraenequipo.com.mx\/nuevo-parque-industrial-de-cajeme-impulsara-los-mas-empleos-asegura-lamarque-cano\/#article\",\"isPartOf\":{\"@id\":\"https:\/\/www.sonoraenequipo.com.mx\/nuevo-parque-industrial-de-cajeme-impulsara-los-mas-empleos-asegura-lamarque-cano\/\"},\"author\":{\"name\":\"enequipo\",\"@id\":\"https:\/\/www.sonoraenequipo.com.mx\/#\/schema\/person\/50102df0fb23a8fa9e8effad8fa81386\"},\"headline\":\"Nuevo Parque Industrial de Cajeme impulsar\u00e1 los m\u00e1s empleos asegura Lamarque Cano\",\"datePublished\":\"2024-05-02T01:32:49+00:00\",\"dateModified\":\"2024-05-02T21:02:12+00:00\",\"mainEntityOfPage\":{\"@id\":\"https:\/\/www.sonoraenequipo.com.mx\/nuevo-parque-industrial-de-cajeme-impulsara-los-mas-empleos-asegura-lamarque-cano\/\"},\"wordCount\":344,\"commentCount\":0,\"publisher\":{\"@id\":\"https:\/\/www.sonoraenequipo.com.mx\/#organization\"},\"image\":{\"@id\":\"https:\/\/www.sonoraenequipo.com.mx\/nuevo-parque-industrial-de-cajeme-impulsara-los-mas-empleos-asegura-lamarque-cano\/#primaryimage\"},\"thumbnailUrl\":\"https:\/\/www.sonoraenequipo.com.mx\/storage\/2024\/05\/parque-industrial-en-Obregon-min.jpg\",\"articleSection\":[\"Municipios\"],\"inLanguage\":\"es\",\"potentialAction\":[{\"@type\":\"CommentAction\",\"name\":\"Comment\",\"target\":[\"https:\/\/www.sonoraenequipo.com.mx\/nuevo-parque-industrial-de-cajeme-impulsara-los-mas-empleos-asegura-lamarque-cano\/#respond\"]}]},{\"@type\":\"WebPage\",\"@id\":\"https:\/\/www.sonoraenequipo.com.mx\/nuevo-parque-industrial-de-cajeme-impulsara-los-mas-empleos-asegura-lamarque-cano\/\",\"url\":\"https:\/\/www.sonoraenequipo.com.mx\/nuevo-parque-industrial-de-cajeme-impulsara-los-mas-empleos-asegura-lamarque-cano\/\",\"name\":\"Sonora en Equipo. Nuevo Parque Industrial de Cajeme impulsar\u00e1 los m\u00e1s empleos asegura Lamarque Cano Municipios\",\"isPartOf\":{\"@id\":\"https:\/\/www.sonoraenequipo.com.mx\/#website\"},\"primaryImageOfPage\":{\"@id\":\"https:\/\/www.sonoraenequipo.com.mx\/nuevo-parque-industrial-de-cajeme-impulsara-los-mas-empleos-asegura-lamarque-cano\/#primaryimage\"},\"image\":{\"@id\":\"https:\/\/www.sonoraenequipo.com.mx\/nuevo-parque-industrial-de-cajeme-impulsara-los-mas-empleos-asegura-lamarque-cano\/#primaryimage\"},\"thumbnailUrl\":\"https:\/\/www.sonoraenequipo.com.mx\/storage\/2024\/05\/parque-industrial-en-Obregon-min.jpg\",\"datePublished\":\"2024-05-02T01:32:49+00:00\",\"dateModified\":\"2024-05-02T21:02:12+00:00\",\"description\":\"CAJEME, SONORA. MX. \u2014 El candidato por la Coalici\u00f3n Juntos Seguimos Haciendo Historia a la alcald\u00eda de Cajeme, Carlos Javier Lamarque Cano se comprometi\u00f3 En Sonora en Equipo publicamos toda la informaci\u00f3n de Sonora, M\u00e9xico y el Mundo de manera oportuna y busca que la libertad de expresi\u00f3n sea real. Visita nuestro medio informativo publicado desde Hermosillo, Sonora. %\",\"breadcrumb\":{\"@id\":\"https:\/\/www.sonoraenequipo.com.mx\/nuevo-parque-industrial-de-cajeme-impulsara-los-mas-empleos-asegura-lamarque-cano\/#breadcrumb\"},\"inLanguage\":\"es\",\"potentialAction\":[{\"@type\":\"ReadAction\",\"target\":[\"https:\/\/www.sonoraenequipo.com.mx\/nuevo-parque-industrial-de-cajeme-impulsara-los-mas-empleos-asegura-lamarque-cano\/\"]}]},{\"@type\":\"ImageObject\",\"inLanguage\":\"es\",\"@id\":\"https:\/\/www.sonoraenequipo.com.mx\/nuevo-parque-industrial-de-cajeme-impulsara-los-mas-empleos-asegura-lamarque-cano\/#primaryimage\",\"url\":\"https:\/\/www.sonoraenequipo.com.mx\/storage\/2024\/05\/parque-industrial-en-Obregon-min.jpg\",\"contentUrl\":\"https:\/\/www.sonoraenequipo.com.mx\/storage\/2024\/05\/parque-industrial-en-Obregon-min.jpg\",\"width\":900,\"height\":506},{\"@type\":\"BreadcrumbList\",\"@id\":\"https:\/\/www.sonoraenequipo.com.mx\/nuevo-parque-industrial-de-cajeme-impulsara-los-mas-empleos-asegura-lamarque-cano\/#breadcrumb\",\"itemListElement\":[{\"@type\":\"ListItem\",\"position\":1,\"name\":\"Portada\",\"item\":\"https:\/\/www.sonoraenequipo.com.mx\/\"},{\"@type\":\"ListItem\",\"position\":2,\"name\":\"Nuevo Parque Industrial de Cajeme impulsar\u00e1 los m\u00e1s empleos asegura Lamarque Cano\"}]},{\"@type\":\"WebSite\",\"@id\":\"https:\/\/www.sonoraenequipo.com.mx\/#website\",\"url\":\"https:\/\/www.sonoraenequipo.com.mx\/\",\"name\":\"Sonora en Equipo.\",\"description\":\"Diario en l\u00ednea con Noticias desde Hermosillo, Sonora\",\"publisher\":{\"@id\":\"https:\/\/www.sonoraenequipo.com.mx\/#organization\"},\"potentialAction\":[{\"@type\":\"SearchAction\",\"target\":{\"@type\":\"EntryPoint\",\"urlTemplate\":\"https:\/\/www.sonoraenequipo.com.mx\/?s={search_term_string}\"},\"query-input\":{\"@type\":\"PropertyValueSpecification\",\"valueRequired\":true,\"valueName\":\"search_term_string\"}}],\"inLanguage\":\"es\"},{\"@type\":\"Organization\",\"@id\":\"https:\/\/www.sonoraenequipo.com.mx\/#organization\",\"name\":\"Sonoraenequipo.com.mx\",\"url\":\"https:\/\/www.sonoraenequipo.com.mx\/\",\"logo\":{\"@type\":\"ImageObject\",\"inLanguage\":\"es\",\"@id\":\"https:\/\/www.sonoraenequipo.com.mx\/#\/schema\/logo\/image\/\",\"url\":\"https:\/\/www.sonoraenequipo.com.mx\/storage\/2019\/01\/sonoraenequipo_opt.png\",\"contentUrl\":\"https:\/\/www.sonoraenequipo.com.mx\/storage\/2019\/01\/sonoraenequipo_opt.png\",\"width\":375,\"height\":125,\"caption\":\"Sonoraenequipo.com.mx\"},\"image\":{\"@id\":\"https:\/\/www.sonoraenequipo.com.mx\/#\/schema\/logo\/image\/\"},\"sameAs\":[\"https:\/\/www.facebook.com\/SonoraEE\/\",\"https:\/\/x.com\/sonoraenequipo\",\"https:\/\/www.youtube.com\/channel\/UC338nW-lPEYmJQs4ZABQ1SQ\"]},{\"@type\":\"Person\",\"@id\":\"https:\/\/www.sonoraenequipo.com.mx\/#\/schema\/person\/50102df0fb23a8fa9e8effad8fa81386\",\"name\":\"enequipo\",\"image\":{\"@type\":\"ImageObject\",\"inLanguage\":\"es\",\"@id\":\"https:\/\/www.sonoraenequipo.com.mx\/#\/schema\/person\/image\/\",\"url\":\"https:\/\/secure.gravatar.com\/avatar\/049821681b589dabc0bc20695993ccebb09f5b5d4d790cd9251b97faac7c652b?s=96&d=blank&r=g\",\"contentUrl\":\"https:\/\/secure.gravatar.com\/avatar\/049821681b589dabc0bc20695993ccebb09f5b5d4d790cd9251b97faac7c652b?s=96&d=blank&r=g\",\"caption\":\"enequipo\"},\"sameAs\":[\"https:\/\/www.facebook.com\/SonoraEE\"]}]}<\/script>\n ","yoast_head_json":{"title":"Sonora en Equipo. Nuevo Parque Industrial de Cajeme impulsar\u00e1 los m\u00e1s empleos asegura Lamarque Cano Municipios","description":"CAJEME, SONORA. MX. \u2014 El candidato por la Coalici\u00f3n Juntos Seguimos Haciendo Historia a la alcald\u00eda de Cajeme, Carlos Javier Lamarque Cano se comprometi\u00f3 En Sonora en Equipo publicamos toda la informaci\u00f3n de Sonora, M\u00e9xico y el Mundo de manera oportuna y busca que la libertad de expresi\u00f3n sea real. Visita nuestro medio informativo publicado desde Hermosillo, Sonora. %","robots":{"index":"index","follow":"follow","max-snippet":"max-snippet:-1","max-image-preview":"max-image-preview:large","max-video-preview":"max-video-preview:-1"},"canonical":"https:\/\/www.sonoraenequipo.com.mx\/nuevo-parque-industrial-de-cajeme-impulsara-los-mas-empleos-asegura-lamarque-cano\/","og_locale":"es_ES","og_type":"article","og_title":"Sonora en Equipo. Nuevo Parque Industrial de Cajeme impulsar\u00e1 los m\u00e1s empleos asegura Lamarque Cano Municipios","og_description":"CAJEME, SONORA. MX. \u2014 El candidato por la Coalici\u00f3n Juntos Seguimos Haciendo Historia a la alcald\u00eda de Cajeme, Carlos Javier Lamarque Cano se comprometi\u00f3 En Sonora en Equipo publicamos toda la informaci\u00f3n de Sonora, M\u00e9xico y el Mundo de manera oportuna y busca que la libertad de expresi\u00f3n sea real. Visita nuestro medio informativo publicado desde Hermosillo, Sonora. %","og_url":"https:\/\/www.sonoraenequipo.com.mx\/nuevo-parque-industrial-de-cajeme-impulsara-los-mas-empleos-asegura-lamarque-cano\/","og_site_name":"Sonora en Equipo.","article_publisher":"https:\/\/www.facebook.com\/SonoraEE\/","article_author":"https:\/\/www.facebook.com\/SonoraEE","article_published_time":"2024-05-02T01:32:49+00:00","article_modified_time":"2024-05-02T21:02:12+00:00","og_image":[{"width":900,"height":506,"url":"https:\/\/www.sonoraenequipo.com.mx\/storage\/2024\/05\/parque-industrial-en-Obregon-min.jpg","type":"image\/jpeg"}],"author":"enequipo","twitter_card":"summary_large_image","twitter_creator":"@sonoraenequipo","twitter_site":"@sonoraenequipo","twitter_misc":{"Escrito por":"enequipo","Tiempo de lectura":"2 minutos"},"schema":{"@context":"https:\/\/schema.org","@graph":[{"@type":"Article","@id":"https:\/\/www.sonoraenequipo.com.mx\/nuevo-parque-industrial-de-cajeme-impulsara-los-mas-empleos-asegura-lamarque-cano\/#article","isPartOf":{"@id":"https:\/\/www.sonoraenequipo.com.mx\/nuevo-parque-industrial-de-cajeme-impulsara-los-mas-empleos-asegura-lamarque-cano\/"},"author":{"name":"enequipo","@id":"https:\/\/www.sonoraenequipo.com.mx\/#\/schema\/person\/50102df0fb23a8fa9e8effad8fa81386"},"headline":"Nuevo Parque Industrial de Cajeme impulsar\u00e1 los m\u00e1s empleos asegura Lamarque Cano","datePublished":"2024-05-02T01:32:49+00:00","dateModified":"2024-05-02T21:02:12+00:00","mainEntityOfPage":{"@id":"https:\/\/www.sonoraenequipo.com.mx\/nuevo-parque-industrial-de-cajeme-impulsara-los-mas-empleos-asegura-lamarque-cano\/"},"wordCount":344,"commentCount":0,"publisher":{"@id":"https:\/\/www.sonoraenequipo.com.mx\/#organization"},"image":{"@id":"https:\/\/www.sonoraenequipo.com.mx\/nuevo-parque-industrial-de-cajeme-impulsara-los-mas-empleos-asegura-lamarque-cano\/#primaryimage"},"thumbnailUrl":"https:\/\/www.sonoraenequipo.com.mx\/storage\/2024\/05\/parque-industrial-en-Obregon-min.jpg","articleSection":["Municipios"],"inLanguage":"es","potentialAction":[{"@type":"CommentAction","name":"Comment","target":["https:\/\/www.sonoraenequipo.com.mx\/nuevo-parque-industrial-de-cajeme-impulsara-los-mas-empleos-asegura-lamarque-cano\/#respond"]}]},{"@type":"WebPage","@id":"https:\/\/www.sonoraenequipo.com.mx\/nuevo-parque-industrial-de-cajeme-impulsara-los-mas-empleos-asegura-lamarque-cano\/","url":"https:\/\/www.sonoraenequipo.com.mx\/nuevo-parque-industrial-de-cajeme-impulsara-los-mas-empleos-asegura-lamarque-cano\/","name":"Sonora en Equipo. Nuevo Parque Industrial de Cajeme impulsar\u00e1 los m\u00e1s empleos asegura Lamarque Cano Municipios","isPartOf":{"@id":"https:\/\/www.sonoraenequipo.com.mx\/#website"},"primaryImageOfPage":{"@id":"https:\/\/www.sonoraenequipo.com.mx\/nuevo-parque-industrial-de-cajeme-impulsara-los-mas-empleos-asegura-lamarque-cano\/#primaryimage"},"image":{"@id":"https:\/\/www.sonoraenequipo.com.mx\/nuevo-parque-industrial-de-cajeme-impulsara-los-mas-empleos-asegura-lamarque-cano\/#primaryimage"},"thumbnailUrl":"https:\/\/www.sonoraenequipo.com.mx\/storage\/2024\/05\/parque-industrial-en-Obregon-min.jpg","datePublished":"2024-05-02T01:32:49+00:00","dateModified":"2024-05-02T21:02:12+00:00","description":"CAJEME, SONORA. MX. \u2014 El candidato por la Coalici\u00f3n Juntos Seguimos Haciendo Historia a la alcald\u00eda de Cajeme, Carlos Javier Lamarque Cano se comprometi\u00f3 En Sonora en Equipo publicamos toda la informaci\u00f3n de Sonora, M\u00e9xico y el Mundo de manera oportuna y busca que la libertad de expresi\u00f3n sea real. Visita nuestro medio informativo publicado desde Hermosillo, Sonora. %","breadcrumb":{"@id":"https:\/\/www.sonoraenequipo.com.mx\/nuevo-parque-industrial-de-cajeme-impulsara-los-mas-empleos-asegura-lamarque-cano\/#breadcrumb"},"inLanguage":"es","potentialAction":[{"@type":"ReadAction","target":["https:\/\/www.sonoraenequipo.com.mx\/nuevo-parque-industrial-de-cajeme-impulsara-los-mas-empleos-asegura-lamarque-cano\/"]}]},{"@type":"ImageObject","inLanguage":"es","@id":"https:\/\/www.sonoraenequipo.com.mx\/nuevo-parque-industrial-de-cajeme-impulsara-los-mas-empleos-asegura-lamarque-cano\/#primaryimage","url":"https:\/\/www.sonoraenequipo.com.mx\/storage\/2024\/05\/parque-industrial-en-Obregon-min.jpg","contentUrl":"https:\/\/www.sonoraenequipo.com.mx\/storage\/2024\/05\/parque-industrial-en-Obregon-min.jpg","width":900,"height":506},{"@type":"BreadcrumbList","@id":"https:\/\/www.sonoraenequipo.com.mx\/nuevo-parque-industrial-de-cajeme-impulsara-los-mas-empleos-asegura-lamarque-cano\/#breadcrumb","itemListElement":[{"@type":"ListItem","position":1,"name":"Portada","item":"https:\/\/www.sonoraenequipo.com.mx\/"},{"@type":"ListItem","position":2,"name":"Nuevo Parque Industrial de Cajeme impulsar\u00e1 los m\u00e1s empleos asegura Lamarque Cano"}]},{"@type":"WebSite","@id":"https:\/\/www.sonoraenequipo.com.mx\/#website","url":"https:\/\/www.sonoraenequipo.com.mx\/","name":"Sonora en Equipo.","description":"Diario en l\u00ednea con Noticias desde Hermosillo, Sonora","publisher":{"@id":"https:\/\/www.sonoraenequipo.com.mx\/#organization"},"potentialAction":[{"@type":"SearchAction","target":{"@type":"EntryPoint","urlTemplate":"https:\/\/www.sonoraenequipo.com.mx\/?s={search_term_string}"},"query-input":{"@type":"PropertyValueSpecification","valueRequired":true,"valueName":"search_term_string"}}],"inLanguage":"es"},{"@type":"Organization","@id":"https:\/\/www.sonoraenequipo.com.mx\/#organization","name":"Sonoraenequipo.com.mx","url":"https:\/\/www.sonoraenequipo.com.mx\/","logo":{"@type":"ImageObject","inLanguage":"es","@id":"https:\/\/www.sonoraenequipo.com.mx\/#\/schema\/logo\/image\/","url":"https:\/\/www.sonoraenequipo.com.mx\/storage\/2019\/01\/sonoraenequipo_opt.png","contentUrl":"https:\/\/www.sonoraenequipo.com.mx\/storage\/2019\/01\/sonoraenequipo_opt.png","width":375,"height":125,"caption":"Sonoraenequipo.com.mx"},"image":{"@id":"https:\/\/www.sonoraenequipo.com.mx\/#\/schema\/logo\/image\/"},"sameAs":["https:\/\/www.facebook.com\/SonoraEE\/","https:\/\/x.com\/sonoraenequipo","https:\/\/www.youtube.com\/channel\/UC338nW-lPEYmJQs4ZABQ1SQ"]},{"@type":"Person","@id":"https:\/\/www.sonoraenequipo.com.mx\/#\/schema\/person\/50102df0fb23a8fa9e8effad8fa81386","name":"enequipo","image":{"@type":"ImageObject","inLanguage":"es","@id":"https:\/\/www.sonoraenequipo.com.mx\/#\/schema\/person\/image\/","url":"https:\/\/secure.gravatar.com\/avatar\/049821681b589dabc0bc20695993ccebb09f5b5d4d790cd9251b97faac7c652b?s=96&d=blank&r=g","contentUrl":"https:\/\/secure.gravatar.com\/avatar\/049821681b589dabc0bc20695993ccebb09f5b5d4d790cd9251b97faac7c652b?s=96&d=blank&r=g","caption":"enequipo"},"sameAs":["https:\/\/www.facebook.com\/SonoraEE"]}]}},"jetpack_featured_media_url":"https:\/\/www.sonoraenequipo.com.mx\/storage\/2024\/05\/parque-industrial-en-Obregon-min.jpg","_links":{"self":[{"href":"https:\/\/www.sonoraenequipo.com.mx\/api\/wp\/v2\/posts\/188877","targetHints":{"allow":["GET"]}}],"collection":[{"href":"https:\/\/www.sonoraenequipo.com.mx\/api\/wp\/v2\/posts"}],"about":[{"href":"https:\/\/www.sonoraenequipo.com.mx\/api\/wp\/v2\/types\/post"}],"author":[{"embeddable":true,"href":"https:\/\/www.sonoraenequipo.com.mx\/api\/wp\/v2\/users\/1"}],"replies":[{"embeddable":true,"href":"https:\/\/www.sonoraenequipo.com.mx\/api\/wp\/v2\/comments?post=188877"}],"version-history":[{"count":1,"href":"https:\/\/www.sonoraenequipo.com.mx\/api\/wp\/v2\/posts\/188877\/revisions"}],"predecessor-version":[{"id":188883,"href":"https:\/\/www.sonoraenequipo.com.mx\/api\/wp\/v2\/posts\/188877\/revisions\/188883"}],"wp:featuredmedia":[{"embeddable":true,"href":"https:\/\/www.sonoraenequipo.com.mx\/api\/wp\/v2\/media\/188880"}],"wp:attachment":[{"href":"https:\/\/www.sonoraenequipo.com.mx\/api\/wp\/v2\/media?parent=188877"}],"wp:term":[{"taxonomy":"category","embeddable":true,"href":"https:\/\/www.sonoraenequipo.com.mx\/api\/wp\/v2\/categories?post=188877"},{"taxonomy":"post_tag","embeddable":true,"href":"https:\/\/www.sonoraenequipo.com.mx\/api\/wp\/v2\/tags?post=188877"}],"curies":[{"name":"wp","href":"https:\/\/api.w.org\/{rel}","templated":true}]}}