{"id":188884,"date":"2024-05-01T17:03:00","date_gmt":"2024-05-02T00:03:00","guid":{"rendered":"https:\/\/www.sonoraenequipo.com.mx\/?p=188884"},"modified":"2024-05-02T14:14:02","modified_gmt":"2024-05-02T21:14:02","slug":"fuga-de-drenaje-dana-terraceria-en-pueblo-yaqui","status":"publish","type":"post","link":"https:\/\/www.sonoraenequipo.com.mx\/fuga-de-drenaje-dana-terraceria-en-pueblo-yaqui\/","title":{"rendered":"Fuga de drenaje da\u00f1a terracer\u00eda en Pueblo Yaqui"},"content":{"rendered":"<p><strong>PUEBLO YAQUI, CAJEME. SONORA. MX. \u2014<\/strong> Una fuga de agua de drenaje se ha convertido en un problema para vecinos de la calle Vicente Guerrero en Pueblo Yaqui, pues los encharcamientos han da\u00f1ado la vialidad en m\u00e1s de una ocasi\u00f3n.<\/p>\n<p> <\/p>\n<p>El problema se presenta en el tramo que comprende de las calles Luis Cajeme y Pedro Mar\u00eda Anaya, en d\u00f3nde desde hace d\u00edas uno de los registros de drenaje comenz\u00f3 a brotar, lo que ha formado una zanja en la calle.<\/p>\n<p>De acuerdo con automovilistas que transitan por la zona est\u00e1 no es la primera vez que se presenta este problema, pues anteriormente tuvieron que habilitar un camino alterno a un costado del bordo del canal que corre lateral a la vialidad.<\/p>\n<p><em><strong>\u201cAhorita se puede pasar, hace meses hab\u00eda una fuga de agua que destroz\u00f3 la terracer\u00eda<\/strong><\/em>\u201d platic\u00f3 uno de los vecinos de la zona.<\/p>\n<p>Aun cuando la calle recibi\u00f3 mantenimiento hace semanas, el problema volvi\u00f3 a surgir, pues el agua ha provocado hoyos, zanjas e irregularidades en la vialidad.<\/p>\n<p>PUBLICADO EL 01 DE MYO DE 2024 Con informaci\u00f3n de Deniss Cabrera)<\/p>\n","protected":false},"excerpt":{"rendered":"<p>PUEBLO YAQUI, CAJEME. SONORA. MX. \u2014 Una fuga de agua de drenaje se ha convertido&#8230;<\/p>\n","protected":false},"author":1,"featured_media":188885,"comment_status":"open","ping_status":"open","sticky":false,"template":"","format":"standard","meta":{"_monsterinsights_skip_tracking":false,"_monsterinsights_sitenote_active":false,"_monsterinsights_sitenote_note":"","_monsterinsights_sitenote_category":0,"footnotes":""},"categories":[22],"tags":[],"class_list":["post"],"yoast_head":" \n<title>Sonora en Equipo. Fuga de drenaje da\u00f1a terracer\u00eda en Pueblo Yaqui Sonora<\/title>\n<meta name=\"description\" content=\"PUEBLO YAQUI, CAJEME. SONORA. MX. \u2014 Una fuga de agua de drenaje se ha convertido en un problema para vecinos de la calle Vicente Guerrero en Pueblo Yaqui, En Sonora en Equipo publicamos toda la informaci\u00f3n de Sonora, M\u00e9xico y el Mundo de manera oportuna y busca que la libertad de expresi\u00f3n sea real. Visita nuestro medio informativo publicado desde Hermosillo, Sonora. %\" \/>\n<meta name=\"robots\" content=\"index, follow, max-snippet:-1, max-image-preview:large, max-video-preview:-1\" \/>\n<link rel=\"canonical\" href=\"https:\/\/www.sonoraenequipo.com.mx\/fuga-de-drenaje-dana-terraceria-en-pueblo-yaqui\/\" \/>\n<meta property=\"og:locale\" content=\"es_ES\" \/>\n<meta property=\"og:type\" content=\"article\" \/>\n<meta property=\"og:title\" content=\"Sonora en Equipo. Fuga de drenaje da\u00f1a terracer\u00eda en Pueblo Yaqui Sonora\" \/>\n<meta property=\"og:description\" content=\"PUEBLO YAQUI, CAJEME. SONORA. MX. \u2014 Una fuga de agua de drenaje se ha convertido en un problema para vecinos de la calle Vicente Guerrero en Pueblo Yaqui, En Sonora en Equipo publicamos toda la informaci\u00f3n de Sonora, M\u00e9xico y el Mundo de manera oportuna y busca que la libertad de expresi\u00f3n sea real. Visita nuestro medio informativo publicado desde Hermosillo, Sonora. %\" \/>\n<meta property=\"og:url\" content=\"https:\/\/www.sonoraenequipo.com.mx\/fuga-de-drenaje-dana-terraceria-en-pueblo-yaqui\/\" \/>\n<meta property=\"og:site_name\" content=\"Sonora en Equipo.\" \/>\n<meta property=\"article:publisher\" content=\"https:\/\/www.facebook.com\/SonoraEE\/\" \/>\n<meta property=\"article:author\" content=\"https:\/\/www.facebook.com\/SonoraEE\" \/>\n<meta property=\"article:published_time\" content=\"2024-05-02T00:03:00+00:00\" \/>\n<meta property=\"article:modified_time\" content=\"2024-05-02T21:14:02+00:00\" \/>\n<meta property=\"og:image\" content=\"https:\/\/www.sonoraenequipo.com.mx\/storage\/2024\/05\/Pueblo-Yaqui.-mediosObson-min.jpg\" \/>\n\t<meta property=\"og:image:width\" content=\"900\" \/>\n\t<meta property=\"og:image:height\" content=\"535\" \/>\n\t<meta property=\"og:image:type\" content=\"image\/jpeg\" \/>\n<meta name=\"author\" content=\"enequipo\" \/>\n<meta name=\"twitter:card\" content=\"summary_large_image\" \/>\n<meta name=\"twitter:creator\" content=\"@sonoraenequipo\" \/>\n<meta name=\"twitter:site\" content=\"@sonoraenequipo\" \/>\n<meta name=\"twitter:label1\" content=\"Escrito por\" \/>\n\t<meta name=\"twitter:data1\" content=\"enequipo\" \/>\n\t<meta name=\"twitter:label2\" content=\"Tiempo de lectura\" \/>\n\t<meta name=\"twitter:data2\" content=\"1 minuto\" \/>\n<script type=\"application\/ld+json\" class=\"yoast-schema-graph\">{\"@context\":\"https:\/\/schema.org\",\"@graph\":[{\"@type\":\"Article\",\"@id\":\"https:\/\/www.sonoraenequipo.com.mx\/fuga-de-drenaje-dana-terraceria-en-pueblo-yaqui\/#article\",\"isPartOf\":{\"@id\":\"https:\/\/www.sonoraenequipo.com.mx\/fuga-de-drenaje-dana-terraceria-en-pueblo-yaqui\/\"},\"author\":{\"name\":\"enequipo\",\"@id\":\"https:\/\/www.sonoraenequipo.com.mx\/#\/schema\/person\/50102df0fb23a8fa9e8effad8fa81386\"},\"headline\":\"Fuga de drenaje da\u00f1a terracer\u00eda en Pueblo Yaqui\",\"datePublished\":\"2024-05-02T00:03:00+00:00\",\"dateModified\":\"2024-05-02T21:14:02+00:00\",\"mainEntityOfPage\":{\"@id\":\"https:\/\/www.sonoraenequipo.com.mx\/fuga-de-drenaje-dana-terraceria-en-pueblo-yaqui\/\"},\"wordCount\":198,\"commentCount\":0,\"publisher\":{\"@id\":\"https:\/\/www.sonoraenequipo.com.mx\/#organization\"},\"image\":{\"@id\":\"https:\/\/www.sonoraenequipo.com.mx\/fuga-de-drenaje-dana-terraceria-en-pueblo-yaqui\/#primaryimage\"},\"thumbnailUrl\":\"https:\/\/www.sonoraenequipo.com.mx\/storage\/2024\/05\/Pueblo-Yaqui.-mediosObson-min.jpg\",\"articleSection\":[\"Sonora\"],\"inLanguage\":\"es\",\"potentialAction\":[{\"@type\":\"CommentAction\",\"name\":\"Comment\",\"target\":[\"https:\/\/www.sonoraenequipo.com.mx\/fuga-de-drenaje-dana-terraceria-en-pueblo-yaqui\/#respond\"]}]},{\"@type\":\"WebPage\",\"@id\":\"https:\/\/www.sonoraenequipo.com.mx\/fuga-de-drenaje-dana-terraceria-en-pueblo-yaqui\/\",\"url\":\"https:\/\/www.sonoraenequipo.com.mx\/fuga-de-drenaje-dana-terraceria-en-pueblo-yaqui\/\",\"name\":\"Sonora en Equipo. Fuga de drenaje da\u00f1a terracer\u00eda en Pueblo Yaqui Sonora\",\"isPartOf\":{\"@id\":\"https:\/\/www.sonoraenequipo.com.mx\/#website\"},\"primaryImageOfPage\":{\"@id\":\"https:\/\/www.sonoraenequipo.com.mx\/fuga-de-drenaje-dana-terraceria-en-pueblo-yaqui\/#primaryimage\"},\"image\":{\"@id\":\"https:\/\/www.sonoraenequipo.com.mx\/fuga-de-drenaje-dana-terraceria-en-pueblo-yaqui\/#primaryimage\"},\"thumbnailUrl\":\"https:\/\/www.sonoraenequipo.com.mx\/storage\/2024\/05\/Pueblo-Yaqui.-mediosObson-min.jpg\",\"datePublished\":\"2024-05-02T00:03:00+00:00\",\"dateModified\":\"2024-05-02T21:14:02+00:00\",\"description\":\"PUEBLO YAQUI, CAJEME. SONORA. MX. \u2014 Una fuga de agua de drenaje se ha convertido en un problema para vecinos de la calle Vicente Guerrero en Pueblo Yaqui, En Sonora en Equipo publicamos toda la informaci\u00f3n de Sonora, M\u00e9xico y el Mundo de manera oportuna y busca que la libertad de expresi\u00f3n sea real. Visita nuestro medio informativo publicado desde Hermosillo, Sonora. %\",\"breadcrumb\":{\"@id\":\"https:\/\/www.sonoraenequipo.com.mx\/fuga-de-drenaje-dana-terraceria-en-pueblo-yaqui\/#breadcrumb\"},\"inLanguage\":\"es\",\"potentialAction\":[{\"@type\":\"ReadAction\",\"target\":[\"https:\/\/www.sonoraenequipo.com.mx\/fuga-de-drenaje-dana-terraceria-en-pueblo-yaqui\/\"]}]},{\"@type\":\"ImageObject\",\"inLanguage\":\"es\",\"@id\":\"https:\/\/www.sonoraenequipo.com.mx\/fuga-de-drenaje-dana-terraceria-en-pueblo-yaqui\/#primaryimage\",\"url\":\"https:\/\/www.sonoraenequipo.com.mx\/storage\/2024\/05\/Pueblo-Yaqui.-mediosObson-min.jpg\",\"contentUrl\":\"https:\/\/www.sonoraenequipo.com.mx\/storage\/2024\/05\/Pueblo-Yaqui.-mediosObson-min.jpg\",\"width\":900,\"height\":535},{\"@type\":\"BreadcrumbList\",\"@id\":\"https:\/\/www.sonoraenequipo.com.mx\/fuga-de-drenaje-dana-terraceria-en-pueblo-yaqui\/#breadcrumb\",\"itemListElement\":[{\"@type\":\"ListItem\",\"position\":1,\"name\":\"Portada\",\"item\":\"https:\/\/www.sonoraenequipo.com.mx\/\"},{\"@type\":\"ListItem\",\"position\":2,\"name\":\"Fuga de drenaje da\u00f1a terracer\u00eda en Pueblo Yaqui\"}]},{\"@type\":\"WebSite\",\"@id\":\"https:\/\/www.sonoraenequipo.com.mx\/#website\",\"url\":\"https:\/\/www.sonoraenequipo.com.mx\/\",\"name\":\"Sonora en Equipo.\",\"description\":\"Diario en l\u00ednea con Noticias desde Hermosillo, Sonora\",\"publisher\":{\"@id\":\"https:\/\/www.sonoraenequipo.com.mx\/#organization\"},\"potentialAction\":[{\"@type\":\"SearchAction\",\"target\":{\"@type\":\"EntryPoint\",\"urlTemplate\":\"https:\/\/www.sonoraenequipo.com.mx\/?s={search_term_string}\"},\"query-input\":{\"@type\":\"PropertyValueSpecification\",\"valueRequired\":true,\"valueName\":\"search_term_string\"}}],\"inLanguage\":\"es\"},{\"@type\":\"Organization\",\"@id\":\"https:\/\/www.sonoraenequipo.com.mx\/#organization\",\"name\":\"Sonoraenequipo.com.mx\",\"url\":\"https:\/\/www.sonoraenequipo.com.mx\/\",\"logo\":{\"@type\":\"ImageObject\",\"inLanguage\":\"es\",\"@id\":\"https:\/\/www.sonoraenequipo.com.mx\/#\/schema\/logo\/image\/\",\"url\":\"https:\/\/www.sonoraenequipo.com.mx\/storage\/2019\/01\/sonoraenequipo_opt.png\",\"contentUrl\":\"https:\/\/www.sonoraenequipo.com.mx\/storage\/2019\/01\/sonoraenequipo_opt.png\",\"width\":375,\"height\":125,\"caption\":\"Sonoraenequipo.com.mx\"},\"image\":{\"@id\":\"https:\/\/www.sonoraenequipo.com.mx\/#\/schema\/logo\/image\/\"},\"sameAs\":[\"https:\/\/www.facebook.com\/SonoraEE\/\",\"https:\/\/x.com\/sonoraenequipo\",\"https:\/\/www.youtube.com\/channel\/UC338nW-lPEYmJQs4ZABQ1SQ\"]},{\"@type\":\"Person\",\"@id\":\"https:\/\/www.sonoraenequipo.com.mx\/#\/schema\/person\/50102df0fb23a8fa9e8effad8fa81386\",\"name\":\"enequipo\",\"image\":{\"@type\":\"ImageObject\",\"inLanguage\":\"es\",\"@id\":\"https:\/\/www.sonoraenequipo.com.mx\/#\/schema\/person\/image\/\",\"url\":\"https:\/\/secure.gravatar.com\/avatar\/049821681b589dabc0bc20695993ccebb09f5b5d4d790cd9251b97faac7c652b?s=96&d=blank&r=g\",\"contentUrl\":\"https:\/\/secure.gravatar.com\/avatar\/049821681b589dabc0bc20695993ccebb09f5b5d4d790cd9251b97faac7c652b?s=96&d=blank&r=g\",\"caption\":\"enequipo\"},\"sameAs\":[\"https:\/\/www.facebook.com\/SonoraEE\"]}]}<\/script>\n ","yoast_head_json":{"title":"Sonora en Equipo. Fuga de drenaje da\u00f1a terracer\u00eda en Pueblo Yaqui Sonora","description":"PUEBLO YAQUI, CAJEME. SONORA. MX. \u2014 Una fuga de agua de drenaje se ha convertido en un problema para vecinos de la calle Vicente Guerrero en Pueblo Yaqui, En Sonora en Equipo publicamos toda la informaci\u00f3n de Sonora, M\u00e9xico y el Mundo de manera oportuna y busca que la libertad de expresi\u00f3n sea real. Visita nuestro medio informativo publicado desde Hermosillo, Sonora. %","robots":{"index":"index","follow":"follow","max-snippet":"max-snippet:-1","max-image-preview":"max-image-preview:large","max-video-preview":"max-video-preview:-1"},"canonical":"https:\/\/www.sonoraenequipo.com.mx\/fuga-de-drenaje-dana-terraceria-en-pueblo-yaqui\/","og_locale":"es_ES","og_type":"article","og_title":"Sonora en Equipo. Fuga de drenaje da\u00f1a terracer\u00eda en Pueblo Yaqui Sonora","og_description":"PUEBLO YAQUI, CAJEME. SONORA. MX. \u2014 Una fuga de agua de drenaje se ha convertido en un problema para vecinos de la calle Vicente Guerrero en Pueblo Yaqui, En Sonora en Equipo publicamos toda la informaci\u00f3n de Sonora, M\u00e9xico y el Mundo de manera oportuna y busca que la libertad de expresi\u00f3n sea real. Visita nuestro medio informativo publicado desde Hermosillo, Sonora. %","og_url":"https:\/\/www.sonoraenequipo.com.mx\/fuga-de-drenaje-dana-terraceria-en-pueblo-yaqui\/","og_site_name":"Sonora en Equipo.","article_publisher":"https:\/\/www.facebook.com\/SonoraEE\/","article_author":"https:\/\/www.facebook.com\/SonoraEE","article_published_time":"2024-05-02T00:03:00+00:00","article_modified_time":"2024-05-02T21:14:02+00:00","og_image":[{"width":900,"height":535,"url":"https:\/\/www.sonoraenequipo.com.mx\/storage\/2024\/05\/Pueblo-Yaqui.-mediosObson-min.jpg","type":"image\/jpeg"}],"author":"enequipo","twitter_card":"summary_large_image","twitter_creator":"@sonoraenequipo","twitter_site":"@sonoraenequipo","twitter_misc":{"Escrito por":"enequipo","Tiempo de lectura":"1 minuto"},"schema":{"@context":"https:\/\/schema.org","@graph":[{"@type":"Article","@id":"https:\/\/www.sonoraenequipo.com.mx\/fuga-de-drenaje-dana-terraceria-en-pueblo-yaqui\/#article","isPartOf":{"@id":"https:\/\/www.sonoraenequipo.com.mx\/fuga-de-drenaje-dana-terraceria-en-pueblo-yaqui\/"},"author":{"name":"enequipo","@id":"https:\/\/www.sonoraenequipo.com.mx\/#\/schema\/person\/50102df0fb23a8fa9e8effad8fa81386"},"headline":"Fuga de drenaje da\u00f1a terracer\u00eda en Pueblo Yaqui","datePublished":"2024-05-02T00:03:00+00:00","dateModified":"2024-05-02T21:14:02+00:00","mainEntityOfPage":{"@id":"https:\/\/www.sonoraenequipo.com.mx\/fuga-de-drenaje-dana-terraceria-en-pueblo-yaqui\/"},"wordCount":198,"commentCount":0,"publisher":{"@id":"https:\/\/www.sonoraenequipo.com.mx\/#organization"},"image":{"@id":"https:\/\/www.sonoraenequipo.com.mx\/fuga-de-drenaje-dana-terraceria-en-pueblo-yaqui\/#primaryimage"},"thumbnailUrl":"https:\/\/www.sonoraenequipo.com.mx\/storage\/2024\/05\/Pueblo-Yaqui.-mediosObson-min.jpg","articleSection":["Sonora"],"inLanguage":"es","potentialAction":[{"@type":"CommentAction","name":"Comment","target":["https:\/\/www.sonoraenequipo.com.mx\/fuga-de-drenaje-dana-terraceria-en-pueblo-yaqui\/#respond"]}]},{"@type":"WebPage","@id":"https:\/\/www.sonoraenequipo.com.mx\/fuga-de-drenaje-dana-terraceria-en-pueblo-yaqui\/","url":"https:\/\/www.sonoraenequipo.com.mx\/fuga-de-drenaje-dana-terraceria-en-pueblo-yaqui\/","name":"Sonora en Equipo. Fuga de drenaje da\u00f1a terracer\u00eda en Pueblo Yaqui Sonora","isPartOf":{"@id":"https:\/\/www.sonoraenequipo.com.mx\/#website"},"primaryImageOfPage":{"@id":"https:\/\/www.sonoraenequipo.com.mx\/fuga-de-drenaje-dana-terraceria-en-pueblo-yaqui\/#primaryimage"},"image":{"@id":"https:\/\/www.sonoraenequipo.com.mx\/fuga-de-drenaje-dana-terraceria-en-pueblo-yaqui\/#primaryimage"},"thumbnailUrl":"https:\/\/www.sonoraenequipo.com.mx\/storage\/2024\/05\/Pueblo-Yaqui.-mediosObson-min.jpg","datePublished":"2024-05-02T00:03:00+00:00","dateModified":"2024-05-02T21:14:02+00:00","description":"PUEBLO YAQUI, CAJEME. SONORA. MX. \u2014 Una fuga de agua de drenaje se ha convertido en un problema para vecinos de la calle Vicente Guerrero en Pueblo Yaqui, En Sonora en Equipo publicamos toda la informaci\u00f3n de Sonora, M\u00e9xico y el Mundo de manera oportuna y busca que la libertad de expresi\u00f3n sea real. Visita nuestro medio informativo publicado desde Hermosillo, Sonora. %","breadcrumb":{"@id":"https:\/\/www.sonoraenequipo.com.mx\/fuga-de-drenaje-dana-terraceria-en-pueblo-yaqui\/#breadcrumb"},"inLanguage":"es","potentialAction":[{"@type":"ReadAction","target":["https:\/\/www.sonoraenequipo.com.mx\/fuga-de-drenaje-dana-terraceria-en-pueblo-yaqui\/"]}]},{"@type":"ImageObject","inLanguage":"es","@id":"https:\/\/www.sonoraenequipo.com.mx\/fuga-de-drenaje-dana-terraceria-en-pueblo-yaqui\/#primaryimage","url":"https:\/\/www.sonoraenequipo.com.mx\/storage\/2024\/05\/Pueblo-Yaqui.-mediosObson-min.jpg","contentUrl":"https:\/\/www.sonoraenequipo.com.mx\/storage\/2024\/05\/Pueblo-Yaqui.-mediosObson-min.jpg","width":900,"height":535},{"@type":"BreadcrumbList","@id":"https:\/\/www.sonoraenequipo.com.mx\/fuga-de-drenaje-dana-terraceria-en-pueblo-yaqui\/#breadcrumb","itemListElement":[{"@type":"ListItem","position":1,"name":"Portada","item":"https:\/\/www.sonoraenequipo.com.mx\/"},{"@type":"ListItem","position":2,"name":"Fuga de drenaje da\u00f1a terracer\u00eda en Pueblo Yaqui"}]},{"@type":"WebSite","@id":"https:\/\/www.sonoraenequipo.com.mx\/#website","url":"https:\/\/www.sonoraenequipo.com.mx\/","name":"Sonora en Equipo.","description":"Diario en l\u00ednea con Noticias desde Hermosillo, Sonora","publisher":{"@id":"https:\/\/www.sonoraenequipo.com.mx\/#organization"},"potentialAction":[{"@type":"SearchAction","target":{"@type":"EntryPoint","urlTemplate":"https:\/\/www.sonoraenequipo.com.mx\/?s={search_term_string}"},"query-input":{"@type":"PropertyValueSpecification","valueRequired":true,"valueName":"search_term_string"}}],"inLanguage":"es"},{"@type":"Organization","@id":"https:\/\/www.sonoraenequipo.com.mx\/#organization","name":"Sonoraenequipo.com.mx","url":"https:\/\/www.sonoraenequipo.com.mx\/","logo":{"@type":"ImageObject","inLanguage":"es","@id":"https:\/\/www.sonoraenequipo.com.mx\/#\/schema\/logo\/image\/","url":"https:\/\/www.sonoraenequipo.com.mx\/storage\/2019\/01\/sonoraenequipo_opt.png","contentUrl":"https:\/\/www.sonoraenequipo.com.mx\/storage\/2019\/01\/sonoraenequipo_opt.png","width":375,"height":125,"caption":"Sonoraenequipo.com.mx"},"image":{"@id":"https:\/\/www.sonoraenequipo.com.mx\/#\/schema\/logo\/image\/"},"sameAs":["https:\/\/www.facebook.com\/SonoraEE\/","https:\/\/x.com\/sonoraenequipo","https:\/\/www.youtube.com\/channel\/UC338nW-lPEYmJQs4ZABQ1SQ"]},{"@type":"Person","@id":"https:\/\/www.sonoraenequipo.com.mx\/#\/schema\/person\/50102df0fb23a8fa9e8effad8fa81386","name":"enequipo","image":{"@type":"ImageObject","inLanguage":"es","@id":"https:\/\/www.sonoraenequipo.com.mx\/#\/schema\/person\/image\/","url":"https:\/\/secure.gravatar.com\/avatar\/049821681b589dabc0bc20695993ccebb09f5b5d4d790cd9251b97faac7c652b?s=96&d=blank&r=g","contentUrl":"https:\/\/secure.gravatar.com\/avatar\/049821681b589dabc0bc20695993ccebb09f5b5d4d790cd9251b97faac7c652b?s=96&d=blank&r=g","caption":"enequipo"},"sameAs":["https:\/\/www.facebook.com\/SonoraEE"]}]}},"jetpack_featured_media_url":"https:\/\/www.sonoraenequipo.com.mx\/storage\/2024\/05\/Pueblo-Yaqui.-mediosObson-min.jpg","_links":{"self":[{"href":"https:\/\/www.sonoraenequipo.com.mx\/api\/wp\/v2\/posts\/188884","targetHints":{"allow":["GET"]}}],"collection":[{"href":"https:\/\/www.sonoraenequipo.com.mx\/api\/wp\/v2\/posts"}],"about":[{"href":"https:\/\/www.sonoraenequipo.com.mx\/api\/wp\/v2\/types\/post"}],"author":[{"embeddable":true,"href":"https:\/\/www.sonoraenequipo.com.mx\/api\/wp\/v2\/users\/1"}],"replies":[{"embeddable":true,"href":"https:\/\/www.sonoraenequipo.com.mx\/api\/wp\/v2\/comments?post=188884"}],"version-history":[{"count":2,"href":"https:\/\/www.sonoraenequipo.com.mx\/api\/wp\/v2\/posts\/188884\/revisions"}],"predecessor-version":[{"id":188888,"href":"https:\/\/www.sonoraenequipo.com.mx\/api\/wp\/v2\/posts\/188884\/revisions\/188888"}],"wp:featuredmedia":[{"embeddable":true,"href":"https:\/\/www.sonoraenequipo.com.mx\/api\/wp\/v2\/media\/188885"}],"wp:attachment":[{"href":"https:\/\/www.sonoraenequipo.com.mx\/api\/wp\/v2\/media?parent=188884"}],"wp:term":[{"taxonomy":"category","embeddable":true,"href":"https:\/\/www.sonoraenequipo.com.mx\/api\/wp\/v2\/categories?post=188884"},{"taxonomy":"post_tag","embeddable":true,"href":"https:\/\/www.sonoraenequipo.com.mx\/api\/wp\/v2\/tags?post=188884"}],"curies":[{"name":"wp","href":"https:\/\/api.w.org\/{rel}","templated":true}]}}