{"id":188891,"date":"2024-05-01T20:15:19","date_gmt":"2024-05-02T03:15:19","guid":{"rendered":"https:\/\/www.sonoraenequipo.com.mx\/?p=188891"},"modified":"2024-05-02T14:23:47","modified_gmt":"2024-05-02T21:23:47","slug":"itesca-tendra-su-propio-vivero","status":"publish","type":"post","link":"https:\/\/www.sonoraenequipo.com.mx\/itesca-tendra-su-propio-vivero\/","title":{"rendered":"Itesca tendr\u00e1 su propio vivero"},"content":{"rendered":"<p><strong>CIUDAD OBREG\u00d3N, SONORA. MX. \u2014<\/strong> Adem\u00e1s de las jornadas de reforestaci\u00f3n que se han realizado en Itesca, alumnos de la carrera de Ingenier\u00eda Ambiental participaron en la creaci\u00f3n de un vivero, esto durante el taller de Producci\u00f3n de Plantas Polinizadoras que se imparti\u00f3 por el Club de Jardiner\u00eda N\u00e1inari.<\/p>\n<p>&nbsp;<\/p>\n<p>&nbsp;<\/p>\n<p> <\/p>\n<p>Sa\u00fal L\u00f3pez Mungu\u00eda, encargado del Club de Jardiner\u00eda, se\u00f1al\u00f3 que cerca de 25 estudiantes participaron en las capacitaciones, mismos que trabajar\u00e1n en la producci\u00f3n de plantas para reforestar el campus.<\/p>\n<p>&nbsp;<\/p>\n<p>&nbsp;<\/p>\n<p>El vivero, dijo, ya cuenta con algunas plantas end\u00e9micas que ser\u00e1n utilizadas para las actividades de reforestaci\u00f3n que se han estado realizando durante las jornadas verdes.<\/p>\n<p>&nbsp;<\/p>\n<p>&nbsp;<\/p>\n<p>Se\u00f1al\u00f3 que durante el taller que se llev\u00f3 a cabo, se explic\u00f3 como producir plantas polinizadoras esto dentro del programa de Certificaci\u00f3n Ambiental de ITESCA.<\/p>\n<p>&nbsp;<\/p>\n<p>Agreg\u00f3 que las plantas end\u00e9micas y flores nativas dan alimento a los insectos polinizadores, por lo que es necesario crear conciencia sobre la importancia de forestar con este tipo de flora, en lo que ya se encuentran trabajando alumnos de la Ingenier\u00eda Ambiental.<\/p>\n<p>&nbsp;<\/p>\n<p>&nbsp;<\/p>\n<p>PUBLICADO EL 01 DE MYO DE 2024 Con informaci\u00f3n de Deniss Cabrera)<\/p>\n","protected":false},"excerpt":{"rendered":"<p>CIUDAD OBREG\u00d3N, SONORA. MX. \u2014 Adem\u00e1s de las jornadas de reforestaci\u00f3n que se han realizado&#8230;<\/p>\n","protected":false},"author":1,"featured_media":188879,"comment_status":"open","ping_status":"open","sticky":false,"template":"","format":"standard","meta":{"_monsterinsights_skip_tracking":false,"_monsterinsights_sitenote_active":false,"_monsterinsights_sitenote_note":"","_monsterinsights_sitenote_category":0,"footnotes":""},"categories":[22],"tags":[],"class_list":["post"],"yoast_head":" \n<title>Sonora en Equipo. Itesca tendr\u00e1 su propio vivero Sonora<\/title>\n<meta name=\"description\" content=\"CIUDAD OBREG\u00d3N, SONORA. MX. \u2014 Adem\u00e1s de las jornadas de reforestaci\u00f3n que se han realizado en Itesca, alumnos de la carrera de Ingenier\u00eda Ambiental En Sonora en Equipo publicamos toda la informaci\u00f3n de Sonora, M\u00e9xico y el Mundo de manera oportuna y busca que la libertad de expresi\u00f3n sea real. Visita nuestro medio informativo publicado desde Hermosillo, Sonora. %\" \/>\n<meta name=\"robots\" content=\"index, follow, max-snippet:-1, max-image-preview:large, max-video-preview:-1\" \/>\n<link rel=\"canonical\" href=\"https:\/\/www.sonoraenequipo.com.mx\/itesca-tendra-su-propio-vivero\/\" \/>\n<meta property=\"og:locale\" content=\"es_ES\" \/>\n<meta property=\"og:type\" content=\"article\" \/>\n<meta property=\"og:title\" content=\"Sonora en Equipo. Itesca tendr\u00e1 su propio vivero Sonora\" \/>\n<meta property=\"og:description\" content=\"CIUDAD OBREG\u00d3N, SONORA. MX. \u2014 Adem\u00e1s de las jornadas de reforestaci\u00f3n que se han realizado en Itesca, alumnos de la carrera de Ingenier\u00eda Ambiental En Sonora en Equipo publicamos toda la informaci\u00f3n de Sonora, M\u00e9xico y el Mundo de manera oportuna y busca que la libertad de expresi\u00f3n sea real. Visita nuestro medio informativo publicado desde Hermosillo, Sonora. %\" \/>\n<meta property=\"og:url\" content=\"https:\/\/www.sonoraenequipo.com.mx\/itesca-tendra-su-propio-vivero\/\" \/>\n<meta property=\"og:site_name\" content=\"Sonora en Equipo.\" \/>\n<meta property=\"article:publisher\" content=\"https:\/\/www.facebook.com\/SonoraEE\/\" \/>\n<meta property=\"article:author\" content=\"https:\/\/www.facebook.com\/SonoraEE\" \/>\n<meta property=\"article:published_time\" content=\"2024-05-02T03:15:19+00:00\" \/>\n<meta property=\"article:modified_time\" content=\"2024-05-02T21:23:47+00:00\" \/>\n<meta property=\"og:image\" content=\"https:\/\/www.sonoraenequipo.com.mx\/storage\/2024\/05\/itesa-min.jpg\" \/>\n\t<meta property=\"og:image:width\" content=\"892\" \/>\n\t<meta property=\"og:image:height\" content=\"594\" \/>\n\t<meta property=\"og:image:type\" content=\"image\/jpeg\" \/>\n<meta name=\"author\" content=\"enequipo\" \/>\n<meta name=\"twitter:card\" content=\"summary_large_image\" \/>\n<meta name=\"twitter:creator\" content=\"@sonoraenequipo\" \/>\n<meta name=\"twitter:site\" content=\"@sonoraenequipo\" \/>\n<meta name=\"twitter:label1\" content=\"Escrito por\" \/>\n\t<meta name=\"twitter:data1\" content=\"enequipo\" \/>\n\t<meta name=\"twitter:label2\" content=\"Tiempo de lectura\" \/>\n\t<meta name=\"twitter:data2\" content=\"1 minuto\" \/>\n<script type=\"application\/ld+json\" class=\"yoast-schema-graph\">{\"@context\":\"https:\/\/schema.org\",\"@graph\":[{\"@type\":\"Article\",\"@id\":\"https:\/\/www.sonoraenequipo.com.mx\/itesca-tendra-su-propio-vivero\/#article\",\"isPartOf\":{\"@id\":\"https:\/\/www.sonoraenequipo.com.mx\/itesca-tendra-su-propio-vivero\/\"},\"author\":{\"name\":\"enequipo\",\"@id\":\"https:\/\/www.sonoraenequipo.com.mx\/#\/schema\/person\/50102df0fb23a8fa9e8effad8fa81386\"},\"headline\":\"Itesca tendr\u00e1 su propio vivero\",\"datePublished\":\"2024-05-02T03:15:19+00:00\",\"dateModified\":\"2024-05-02T21:23:47+00:00\",\"mainEntityOfPage\":{\"@id\":\"https:\/\/www.sonoraenequipo.com.mx\/itesca-tendra-su-propio-vivero\/\"},\"wordCount\":218,\"commentCount\":0,\"publisher\":{\"@id\":\"https:\/\/www.sonoraenequipo.com.mx\/#organization\"},\"image\":{\"@id\":\"https:\/\/www.sonoraenequipo.com.mx\/itesca-tendra-su-propio-vivero\/#primaryimage\"},\"thumbnailUrl\":\"https:\/\/www.sonoraenequipo.com.mx\/storage\/2024\/05\/itesa-min.jpg\",\"articleSection\":[\"Sonora\"],\"inLanguage\":\"es\",\"potentialAction\":[{\"@type\":\"CommentAction\",\"name\":\"Comment\",\"target\":[\"https:\/\/www.sonoraenequipo.com.mx\/itesca-tendra-su-propio-vivero\/#respond\"]}]},{\"@type\":\"WebPage\",\"@id\":\"https:\/\/www.sonoraenequipo.com.mx\/itesca-tendra-su-propio-vivero\/\",\"url\":\"https:\/\/www.sonoraenequipo.com.mx\/itesca-tendra-su-propio-vivero\/\",\"name\":\"Sonora en Equipo. Itesca tendr\u00e1 su propio vivero Sonora\",\"isPartOf\":{\"@id\":\"https:\/\/www.sonoraenequipo.com.mx\/#website\"},\"primaryImageOfPage\":{\"@id\":\"https:\/\/www.sonoraenequipo.com.mx\/itesca-tendra-su-propio-vivero\/#primaryimage\"},\"image\":{\"@id\":\"https:\/\/www.sonoraenequipo.com.mx\/itesca-tendra-su-propio-vivero\/#primaryimage\"},\"thumbnailUrl\":\"https:\/\/www.sonoraenequipo.com.mx\/storage\/2024\/05\/itesa-min.jpg\",\"datePublished\":\"2024-05-02T03:15:19+00:00\",\"dateModified\":\"2024-05-02T21:23:47+00:00\",\"description\":\"CIUDAD OBREG\u00d3N, SONORA. MX. \u2014 Adem\u00e1s de las jornadas de reforestaci\u00f3n que se han realizado en Itesca, alumnos de la carrera de Ingenier\u00eda Ambiental En Sonora en Equipo publicamos toda la informaci\u00f3n de Sonora, M\u00e9xico y el Mundo de manera oportuna y busca que la libertad de expresi\u00f3n sea real. Visita nuestro medio informativo publicado desde Hermosillo, Sonora. %\",\"breadcrumb\":{\"@id\":\"https:\/\/www.sonoraenequipo.com.mx\/itesca-tendra-su-propio-vivero\/#breadcrumb\"},\"inLanguage\":\"es\",\"potentialAction\":[{\"@type\":\"ReadAction\",\"target\":[\"https:\/\/www.sonoraenequipo.com.mx\/itesca-tendra-su-propio-vivero\/\"]}]},{\"@type\":\"ImageObject\",\"inLanguage\":\"es\",\"@id\":\"https:\/\/www.sonoraenequipo.com.mx\/itesca-tendra-su-propio-vivero\/#primaryimage\",\"url\":\"https:\/\/www.sonoraenequipo.com.mx\/storage\/2024\/05\/itesa-min.jpg\",\"contentUrl\":\"https:\/\/www.sonoraenequipo.com.mx\/storage\/2024\/05\/itesa-min.jpg\",\"width\":892,\"height\":594},{\"@type\":\"BreadcrumbList\",\"@id\":\"https:\/\/www.sonoraenequipo.com.mx\/itesca-tendra-su-propio-vivero\/#breadcrumb\",\"itemListElement\":[{\"@type\":\"ListItem\",\"position\":1,\"name\":\"Portada\",\"item\":\"https:\/\/www.sonoraenequipo.com.mx\/\"},{\"@type\":\"ListItem\",\"position\":2,\"name\":\"Itesca tendr\u00e1 su propio vivero\"}]},{\"@type\":\"WebSite\",\"@id\":\"https:\/\/www.sonoraenequipo.com.mx\/#website\",\"url\":\"https:\/\/www.sonoraenequipo.com.mx\/\",\"name\":\"Sonora en Equipo.\",\"description\":\"Diario en l\u00ednea con Noticias desde Hermosillo, Sonora\",\"publisher\":{\"@id\":\"https:\/\/www.sonoraenequipo.com.mx\/#organization\"},\"potentialAction\":[{\"@type\":\"SearchAction\",\"target\":{\"@type\":\"EntryPoint\",\"urlTemplate\":\"https:\/\/www.sonoraenequipo.com.mx\/?s={search_term_string}\"},\"query-input\":{\"@type\":\"PropertyValueSpecification\",\"valueRequired\":true,\"valueName\":\"search_term_string\"}}],\"inLanguage\":\"es\"},{\"@type\":\"Organization\",\"@id\":\"https:\/\/www.sonoraenequipo.com.mx\/#organization\",\"name\":\"Sonoraenequipo.com.mx\",\"url\":\"https:\/\/www.sonoraenequipo.com.mx\/\",\"logo\":{\"@type\":\"ImageObject\",\"inLanguage\":\"es\",\"@id\":\"https:\/\/www.sonoraenequipo.com.mx\/#\/schema\/logo\/image\/\",\"url\":\"https:\/\/www.sonoraenequipo.com.mx\/storage\/2019\/01\/sonoraenequipo_opt.png\",\"contentUrl\":\"https:\/\/www.sonoraenequipo.com.mx\/storage\/2019\/01\/sonoraenequipo_opt.png\",\"width\":375,\"height\":125,\"caption\":\"Sonoraenequipo.com.mx\"},\"image\":{\"@id\":\"https:\/\/www.sonoraenequipo.com.mx\/#\/schema\/logo\/image\/\"},\"sameAs\":[\"https:\/\/www.facebook.com\/SonoraEE\/\",\"https:\/\/x.com\/sonoraenequipo\",\"https:\/\/www.youtube.com\/channel\/UC338nW-lPEYmJQs4ZABQ1SQ\"]},{\"@type\":\"Person\",\"@id\":\"https:\/\/www.sonoraenequipo.com.mx\/#\/schema\/person\/50102df0fb23a8fa9e8effad8fa81386\",\"name\":\"enequipo\",\"image\":{\"@type\":\"ImageObject\",\"inLanguage\":\"es\",\"@id\":\"https:\/\/www.sonoraenequipo.com.mx\/#\/schema\/person\/image\/\",\"url\":\"https:\/\/secure.gravatar.com\/avatar\/049821681b589dabc0bc20695993ccebb09f5b5d4d790cd9251b97faac7c652b?s=96&d=blank&r=g\",\"contentUrl\":\"https:\/\/secure.gravatar.com\/avatar\/049821681b589dabc0bc20695993ccebb09f5b5d4d790cd9251b97faac7c652b?s=96&d=blank&r=g\",\"caption\":\"enequipo\"},\"sameAs\":[\"https:\/\/www.facebook.com\/SonoraEE\"]}]}<\/script>\n ","yoast_head_json":{"title":"Sonora en Equipo. Itesca tendr\u00e1 su propio vivero Sonora","description":"CIUDAD OBREG\u00d3N, SONORA. MX. \u2014 Adem\u00e1s de las jornadas de reforestaci\u00f3n que se han realizado en Itesca, alumnos de la carrera de Ingenier\u00eda Ambiental En Sonora en Equipo publicamos toda la informaci\u00f3n de Sonora, M\u00e9xico y el Mundo de manera oportuna y busca que la libertad de expresi\u00f3n sea real. Visita nuestro medio informativo publicado desde Hermosillo, Sonora. %","robots":{"index":"index","follow":"follow","max-snippet":"max-snippet:-1","max-image-preview":"max-image-preview:large","max-video-preview":"max-video-preview:-1"},"canonical":"https:\/\/www.sonoraenequipo.com.mx\/itesca-tendra-su-propio-vivero\/","og_locale":"es_ES","og_type":"article","og_title":"Sonora en Equipo. Itesca tendr\u00e1 su propio vivero Sonora","og_description":"CIUDAD OBREG\u00d3N, SONORA. MX. \u2014 Adem\u00e1s de las jornadas de reforestaci\u00f3n que se han realizado en Itesca, alumnos de la carrera de Ingenier\u00eda Ambiental En Sonora en Equipo publicamos toda la informaci\u00f3n de Sonora, M\u00e9xico y el Mundo de manera oportuna y busca que la libertad de expresi\u00f3n sea real. Visita nuestro medio informativo publicado desde Hermosillo, Sonora. %","og_url":"https:\/\/www.sonoraenequipo.com.mx\/itesca-tendra-su-propio-vivero\/","og_site_name":"Sonora en Equipo.","article_publisher":"https:\/\/www.facebook.com\/SonoraEE\/","article_author":"https:\/\/www.facebook.com\/SonoraEE","article_published_time":"2024-05-02T03:15:19+00:00","article_modified_time":"2024-05-02T21:23:47+00:00","og_image":[{"width":892,"height":594,"url":"https:\/\/www.sonoraenequipo.com.mx\/storage\/2024\/05\/itesa-min.jpg","type":"image\/jpeg"}],"author":"enequipo","twitter_card":"summary_large_image","twitter_creator":"@sonoraenequipo","twitter_site":"@sonoraenequipo","twitter_misc":{"Escrito por":"enequipo","Tiempo de lectura":"1 minuto"},"schema":{"@context":"https:\/\/schema.org","@graph":[{"@type":"Article","@id":"https:\/\/www.sonoraenequipo.com.mx\/itesca-tendra-su-propio-vivero\/#article","isPartOf":{"@id":"https:\/\/www.sonoraenequipo.com.mx\/itesca-tendra-su-propio-vivero\/"},"author":{"name":"enequipo","@id":"https:\/\/www.sonoraenequipo.com.mx\/#\/schema\/person\/50102df0fb23a8fa9e8effad8fa81386"},"headline":"Itesca tendr\u00e1 su propio vivero","datePublished":"2024-05-02T03:15:19+00:00","dateModified":"2024-05-02T21:23:47+00:00","mainEntityOfPage":{"@id":"https:\/\/www.sonoraenequipo.com.mx\/itesca-tendra-su-propio-vivero\/"},"wordCount":218,"commentCount":0,"publisher":{"@id":"https:\/\/www.sonoraenequipo.com.mx\/#organization"},"image":{"@id":"https:\/\/www.sonoraenequipo.com.mx\/itesca-tendra-su-propio-vivero\/#primaryimage"},"thumbnailUrl":"https:\/\/www.sonoraenequipo.com.mx\/storage\/2024\/05\/itesa-min.jpg","articleSection":["Sonora"],"inLanguage":"es","potentialAction":[{"@type":"CommentAction","name":"Comment","target":["https:\/\/www.sonoraenequipo.com.mx\/itesca-tendra-su-propio-vivero\/#respond"]}]},{"@type":"WebPage","@id":"https:\/\/www.sonoraenequipo.com.mx\/itesca-tendra-su-propio-vivero\/","url":"https:\/\/www.sonoraenequipo.com.mx\/itesca-tendra-su-propio-vivero\/","name":"Sonora en Equipo. Itesca tendr\u00e1 su propio vivero Sonora","isPartOf":{"@id":"https:\/\/www.sonoraenequipo.com.mx\/#website"},"primaryImageOfPage":{"@id":"https:\/\/www.sonoraenequipo.com.mx\/itesca-tendra-su-propio-vivero\/#primaryimage"},"image":{"@id":"https:\/\/www.sonoraenequipo.com.mx\/itesca-tendra-su-propio-vivero\/#primaryimage"},"thumbnailUrl":"https:\/\/www.sonoraenequipo.com.mx\/storage\/2024\/05\/itesa-min.jpg","datePublished":"2024-05-02T03:15:19+00:00","dateModified":"2024-05-02T21:23:47+00:00","description":"CIUDAD OBREG\u00d3N, SONORA. MX. \u2014 Adem\u00e1s de las jornadas de reforestaci\u00f3n que se han realizado en Itesca, alumnos de la carrera de Ingenier\u00eda Ambiental En Sonora en Equipo publicamos toda la informaci\u00f3n de Sonora, M\u00e9xico y el Mundo de manera oportuna y busca que la libertad de expresi\u00f3n sea real. Visita nuestro medio informativo publicado desde Hermosillo, Sonora. %","breadcrumb":{"@id":"https:\/\/www.sonoraenequipo.com.mx\/itesca-tendra-su-propio-vivero\/#breadcrumb"},"inLanguage":"es","potentialAction":[{"@type":"ReadAction","target":["https:\/\/www.sonoraenequipo.com.mx\/itesca-tendra-su-propio-vivero\/"]}]},{"@type":"ImageObject","inLanguage":"es","@id":"https:\/\/www.sonoraenequipo.com.mx\/itesca-tendra-su-propio-vivero\/#primaryimage","url":"https:\/\/www.sonoraenequipo.com.mx\/storage\/2024\/05\/itesa-min.jpg","contentUrl":"https:\/\/www.sonoraenequipo.com.mx\/storage\/2024\/05\/itesa-min.jpg","width":892,"height":594},{"@type":"BreadcrumbList","@id":"https:\/\/www.sonoraenequipo.com.mx\/itesca-tendra-su-propio-vivero\/#breadcrumb","itemListElement":[{"@type":"ListItem","position":1,"name":"Portada","item":"https:\/\/www.sonoraenequipo.com.mx\/"},{"@type":"ListItem","position":2,"name":"Itesca tendr\u00e1 su propio vivero"}]},{"@type":"WebSite","@id":"https:\/\/www.sonoraenequipo.com.mx\/#website","url":"https:\/\/www.sonoraenequipo.com.mx\/","name":"Sonora en Equipo.","description":"Diario en l\u00ednea con Noticias desde Hermosillo, Sonora","publisher":{"@id":"https:\/\/www.sonoraenequipo.com.mx\/#organization"},"potentialAction":[{"@type":"SearchAction","target":{"@type":"EntryPoint","urlTemplate":"https:\/\/www.sonoraenequipo.com.mx\/?s={search_term_string}"},"query-input":{"@type":"PropertyValueSpecification","valueRequired":true,"valueName":"search_term_string"}}],"inLanguage":"es"},{"@type":"Organization","@id":"https:\/\/www.sonoraenequipo.com.mx\/#organization","name":"Sonoraenequipo.com.mx","url":"https:\/\/www.sonoraenequipo.com.mx\/","logo":{"@type":"ImageObject","inLanguage":"es","@id":"https:\/\/www.sonoraenequipo.com.mx\/#\/schema\/logo\/image\/","url":"https:\/\/www.sonoraenequipo.com.mx\/storage\/2019\/01\/sonoraenequipo_opt.png","contentUrl":"https:\/\/www.sonoraenequipo.com.mx\/storage\/2019\/01\/sonoraenequipo_opt.png","width":375,"height":125,"caption":"Sonoraenequipo.com.mx"},"image":{"@id":"https:\/\/www.sonoraenequipo.com.mx\/#\/schema\/logo\/image\/"},"sameAs":["https:\/\/www.facebook.com\/SonoraEE\/","https:\/\/x.com\/sonoraenequipo","https:\/\/www.youtube.com\/channel\/UC338nW-lPEYmJQs4ZABQ1SQ"]},{"@type":"Person","@id":"https:\/\/www.sonoraenequipo.com.mx\/#\/schema\/person\/50102df0fb23a8fa9e8effad8fa81386","name":"enequipo","image":{"@type":"ImageObject","inLanguage":"es","@id":"https:\/\/www.sonoraenequipo.com.mx\/#\/schema\/person\/image\/","url":"https:\/\/secure.gravatar.com\/avatar\/049821681b589dabc0bc20695993ccebb09f5b5d4d790cd9251b97faac7c652b?s=96&d=blank&r=g","contentUrl":"https:\/\/secure.gravatar.com\/avatar\/049821681b589dabc0bc20695993ccebb09f5b5d4d790cd9251b97faac7c652b?s=96&d=blank&r=g","caption":"enequipo"},"sameAs":["https:\/\/www.facebook.com\/SonoraEE"]}]}},"jetpack_featured_media_url":"https:\/\/www.sonoraenequipo.com.mx\/storage\/2024\/05\/itesa-min.jpg","_links":{"self":[{"href":"https:\/\/www.sonoraenequipo.com.mx\/api\/wp\/v2\/posts\/188891","targetHints":{"allow":["GET"]}}],"collection":[{"href":"https:\/\/www.sonoraenequipo.com.mx\/api\/wp\/v2\/posts"}],"about":[{"href":"https:\/\/www.sonoraenequipo.com.mx\/api\/wp\/v2\/types\/post"}],"author":[{"embeddable":true,"href":"https:\/\/www.sonoraenequipo.com.mx\/api\/wp\/v2\/users\/1"}],"replies":[{"embeddable":true,"href":"https:\/\/www.sonoraenequipo.com.mx\/api\/wp\/v2\/comments?post=188891"}],"version-history":[{"count":1,"href":"https:\/\/www.sonoraenequipo.com.mx\/api\/wp\/v2\/posts\/188891\/revisions"}],"predecessor-version":[{"id":188892,"href":"https:\/\/www.sonoraenequipo.com.mx\/api\/wp\/v2\/posts\/188891\/revisions\/188892"}],"wp:featuredmedia":[{"embeddable":true,"href":"https:\/\/www.sonoraenequipo.com.mx\/api\/wp\/v2\/media\/188879"}],"wp:attachment":[{"href":"https:\/\/www.sonoraenequipo.com.mx\/api\/wp\/v2\/media?parent=188891"}],"wp:term":[{"taxonomy":"category","embeddable":true,"href":"https:\/\/www.sonoraenequipo.com.mx\/api\/wp\/v2\/categories?post=188891"},{"taxonomy":"post_tag","embeddable":true,"href":"https:\/\/www.sonoraenequipo.com.mx\/api\/wp\/v2\/tags?post=188891"}],"curies":[{"name":"wp","href":"https:\/\/api.w.org\/{rel}","templated":true}]}}