{"id":188893,"date":"2024-05-01T21:54:00","date_gmt":"2024-05-02T04:54:00","guid":{"rendered":"https:\/\/www.sonoraenequipo.com.mx\/?p=188893"},"modified":"2024-05-02T17:02:15","modified_gmt":"2024-05-03T00:02:15","slug":"vinculan-a-nuevo-proceso-penal-a-rene-gavira-exdirector-de-segalmex","status":"publish","type":"post","link":"https:\/\/www.sonoraenequipo.com.mx\/vinculan-a-nuevo-proceso-penal-a-rene-gavira-exdirector-de-segalmex\/","title":{"rendered":"Vinculan a nuevo proceso penal a Ren\u00e9 Gavira, exdirector de Segalmex"},"content":{"rendered":"<p><strong>CIUDAD DE M\u00c9XICO. MX.\u2014<\/strong> Ren\u00e9 Gavira Segreste, exdirector de Seguridad Alimentaria (Segalmex), fue vinculado a proceso por el delito de delincuencia organizada con la finalidad de cometer operaciones con recursos de procedencia il\u00edcita y peculado.<\/p>\n<p>&nbsp;<\/p>\n<p> <\/p>\n<p>As\u00ed lo dio a conocer la fiscal\u00eda general de la Rep\u00fablica (FGR) en la red social X; la vinculaci\u00f3n a proceso la obtuvo la Fiscal\u00eda Especializada en materia de Delincuencia Organizada (Femdo).<\/p>\n<p>&nbsp;<\/p>\n<p>&nbsp;<\/p>\n<p>En la publicaci\u00f3n, la instituci\u00f3n precisa que como apoderado legal de Diconsa S.A. de C.V., el exdirector de Segalmex presuntamente autoriz\u00f3 la \u201csuficiencia presupuestal\u201d para celebrar un convenio con una entidad mercantil para la compra de az\u00facar.<\/p>\n<p>5401<\/p>\n<p>De dicho proceso -expres\u00f3 la FGR- no existe constancia de que el producto lo entregar\u00e1n a Diconsa.<\/p>\n<p>&nbsp;<\/p>\n<p>&nbsp;<\/p>\n<p><em><strong>\u201cCabe destacar que, por la naturaleza del encargo p\u00fablico, Ren\u00e9 \u201cG\u201d, ten\u00eda la obligaci\u00f3n de vigilar las operaciones y movimientos efectuados por la Gerencia de Tesorer\u00eda; y su actuar permiti\u00f3 la distracci\u00f3n de recursos pertenecientes al Estado Mexicano por la cantidad de 142 millones 440 mil 883 pesos en beneficio de dicha entidad mercantil\u201d<\/strong><\/em>, inform\u00f3 la FGR en un comunicado.<\/p>\n<p>&nbsp;<\/p>\n<p>&nbsp;<\/p>\n<p>Dichos recursos, supuestamente permitir\u00eda a Diconsa contar con 3 mil 110 toneladas de az\u00facar.<\/p>\n<p>&nbsp;<\/p>\n<p>&nbsp;<\/p>\n<p>En las revisiones hechas por la Auditor\u00eda Superior de la Federaci\u00f3n (ASF), Diconsa no cuenta con documentaci\u00f3n que compruebe la entrega del az\u00facar.<\/p>\n<p>&nbsp;<\/p>\n<p>&nbsp;<\/p>\n<h3>Gavira enfrenta tres procesos penales<\/h3>\n<p>&nbsp;<\/p>\n<p>Desde el pasado 8 de diciembre, Gavira Segreste enfrenta tres procesos penales en prisi\u00f3n preventiva justificada.<\/p>\n<p>&nbsp;<\/p>\n<p>Dentro de los delitos que la FGR le imputa al exfuncionario federal est\u00e1 la compra de valores burs\u00e1tiles y el desv\u00edo de 700 millones de pesos.<\/p>\n<p>&nbsp;<\/p>\n<p>&nbsp;<\/p>\n<p>La FGR alert\u00f3 que el exdirector de Segalmex podr\u00eda fugarse, pues contaba con un registro de 16 salidas del pa\u00eds y no permanec\u00eda en los dos domicilios conocidos, por lo que el riesgo para evadirse de la justicia era alto.<\/p>\n<p>&nbsp;<\/p>\n<p>&nbsp;<\/p>\n<p>PUBLICADO EL 02 DE MAYO DE 2024 Con informaci\u00f3n de<\/p>\n","protected":false},"excerpt":{"rendered":"<p>CIUDAD DE M\u00c9XICO. MX.\u2014 Ren\u00e9 Gavira Segreste, exdirector de Seguridad Alimentaria (Segalmex), fue vinculado a&#8230;<\/p>\n","protected":false},"author":1,"featured_media":188897,"comment_status":"open","ping_status":"open","sticky":false,"template":"","format":"standard","meta":{"_monsterinsights_skip_tracking":false,"_monsterinsights_sitenote_active":false,"_monsterinsights_sitenote_note":"","_monsterinsights_sitenote_category":0,"footnotes":""},"categories":[5],"tags":[],"class_list":["post"],"yoast_head":" \n<title>Sonora en Equipo. Vinculan a nuevo proceso penal a Ren\u00e9 Gavira, exdirector de Segalmex Rep\u00fablica<\/title>\n<meta name=\"description\" content=\"CIUDAD DE M\u00c9XICO. MX.\u2014 Ren\u00e9 Gavira Segreste, exdirector de Seguridad Alimentaria (Segalmex), fue vinculado a proceso por el delito de delincuencia En Sonora en Equipo publicamos toda la informaci\u00f3n de Sonora, M\u00e9xico y el Mundo de manera oportuna y busca que la libertad de expresi\u00f3n sea real. Visita nuestro medio informativo publicado desde Hermosillo, Sonora. %\" \/>\n<meta name=\"robots\" content=\"index, follow, max-snippet:-1, max-image-preview:large, max-video-preview:-1\" \/>\n<link rel=\"canonical\" href=\"https:\/\/www.sonoraenequipo.com.mx\/vinculan-a-nuevo-proceso-penal-a-rene-gavira-exdirector-de-segalmex\/\" \/>\n<meta property=\"og:locale\" content=\"es_ES\" \/>\n<meta property=\"og:type\" content=\"article\" \/>\n<meta property=\"og:title\" content=\"Sonora en Equipo. Vinculan a nuevo proceso penal a Ren\u00e9 Gavira, exdirector de Segalmex Rep\u00fablica\" \/>\n<meta property=\"og:description\" content=\"CIUDAD DE M\u00c9XICO. MX.\u2014 Ren\u00e9 Gavira Segreste, exdirector de Seguridad Alimentaria (Segalmex), fue vinculado a proceso por el delito de delincuencia En Sonora en Equipo publicamos toda la informaci\u00f3n de Sonora, M\u00e9xico y el Mundo de manera oportuna y busca que la libertad de expresi\u00f3n sea real. Visita nuestro medio informativo publicado desde Hermosillo, Sonora. %\" \/>\n<meta property=\"og:url\" content=\"https:\/\/www.sonoraenequipo.com.mx\/vinculan-a-nuevo-proceso-penal-a-rene-gavira-exdirector-de-segalmex\/\" \/>\n<meta property=\"og:site_name\" content=\"Sonora en Equipo.\" \/>\n<meta property=\"article:publisher\" content=\"https:\/\/www.facebook.com\/SonoraEE\/\" \/>\n<meta property=\"article:author\" content=\"https:\/\/www.facebook.com\/SonoraEE\" \/>\n<meta property=\"article:published_time\" content=\"2024-05-02T04:54:00+00:00\" \/>\n<meta property=\"article:modified_time\" content=\"2024-05-03T00:02:15+00:00\" \/>\n<meta property=\"og:image\" content=\"https:\/\/www.sonoraenequipo.com.mx\/storage\/2024\/05\/segalmex-min.jpg\" \/>\n\t<meta property=\"og:image:width\" content=\"900\" \/>\n\t<meta property=\"og:image:height\" content=\"506\" \/>\n\t<meta property=\"og:image:type\" content=\"image\/jpeg\" \/>\n<meta name=\"author\" content=\"enequipo\" \/>\n<meta name=\"twitter:card\" content=\"summary_large_image\" \/>\n<meta name=\"twitter:creator\" content=\"@sonoraenequipo\" \/>\n<meta name=\"twitter:site\" content=\"@sonoraenequipo\" \/>\n<meta name=\"twitter:label1\" content=\"Escrito por\" \/>\n\t<meta name=\"twitter:data1\" content=\"enequipo\" \/>\n\t<meta name=\"twitter:label2\" content=\"Tiempo de lectura\" \/>\n\t<meta name=\"twitter:data2\" content=\"2 minutos\" \/>\n<script type=\"application\/ld+json\" class=\"yoast-schema-graph\">{\"@context\":\"https:\/\/schema.org\",\"@graph\":[{\"@type\":\"Article\",\"@id\":\"https:\/\/www.sonoraenequipo.com.mx\/vinculan-a-nuevo-proceso-penal-a-rene-gavira-exdirector-de-segalmex\/#article\",\"isPartOf\":{\"@id\":\"https:\/\/www.sonoraenequipo.com.mx\/vinculan-a-nuevo-proceso-penal-a-rene-gavira-exdirector-de-segalmex\/\"},\"author\":{\"name\":\"enequipo\",\"@id\":\"https:\/\/www.sonoraenequipo.com.mx\/#\/schema\/person\/50102df0fb23a8fa9e8effad8fa81386\"},\"headline\":\"Vinculan a nuevo proceso penal a Ren\u00e9 Gavira, exdirector de Segalmex\",\"datePublished\":\"2024-05-02T04:54:00+00:00\",\"dateModified\":\"2024-05-03T00:02:15+00:00\",\"mainEntityOfPage\":{\"@id\":\"https:\/\/www.sonoraenequipo.com.mx\/vinculan-a-nuevo-proceso-penal-a-rene-gavira-exdirector-de-segalmex\/\"},\"wordCount\":363,\"commentCount\":0,\"publisher\":{\"@id\":\"https:\/\/www.sonoraenequipo.com.mx\/#organization\"},\"image\":{\"@id\":\"https:\/\/www.sonoraenequipo.com.mx\/vinculan-a-nuevo-proceso-penal-a-rene-gavira-exdirector-de-segalmex\/#primaryimage\"},\"thumbnailUrl\":\"https:\/\/www.sonoraenequipo.com.mx\/storage\/2024\/05\/segalmex-min.jpg\",\"articleSection\":[\"Rep\u00fablica\"],\"inLanguage\":\"es\",\"potentialAction\":[{\"@type\":\"CommentAction\",\"name\":\"Comment\",\"target\":[\"https:\/\/www.sonoraenequipo.com.mx\/vinculan-a-nuevo-proceso-penal-a-rene-gavira-exdirector-de-segalmex\/#respond\"]}]},{\"@type\":\"WebPage\",\"@id\":\"https:\/\/www.sonoraenequipo.com.mx\/vinculan-a-nuevo-proceso-penal-a-rene-gavira-exdirector-de-segalmex\/\",\"url\":\"https:\/\/www.sonoraenequipo.com.mx\/vinculan-a-nuevo-proceso-penal-a-rene-gavira-exdirector-de-segalmex\/\",\"name\":\"Sonora en Equipo. Vinculan a nuevo proceso penal a Ren\u00e9 Gavira, exdirector de Segalmex Rep\u00fablica\",\"isPartOf\":{\"@id\":\"https:\/\/www.sonoraenequipo.com.mx\/#website\"},\"primaryImageOfPage\":{\"@id\":\"https:\/\/www.sonoraenequipo.com.mx\/vinculan-a-nuevo-proceso-penal-a-rene-gavira-exdirector-de-segalmex\/#primaryimage\"},\"image\":{\"@id\":\"https:\/\/www.sonoraenequipo.com.mx\/vinculan-a-nuevo-proceso-penal-a-rene-gavira-exdirector-de-segalmex\/#primaryimage\"},\"thumbnailUrl\":\"https:\/\/www.sonoraenequipo.com.mx\/storage\/2024\/05\/segalmex-min.jpg\",\"datePublished\":\"2024-05-02T04:54:00+00:00\",\"dateModified\":\"2024-05-03T00:02:15+00:00\",\"description\":\"CIUDAD DE M\u00c9XICO. MX.\u2014 Ren\u00e9 Gavira Segreste, exdirector de Seguridad Alimentaria (Segalmex), fue vinculado a proceso por el delito de delincuencia En Sonora en Equipo publicamos toda la informaci\u00f3n de Sonora, M\u00e9xico y el Mundo de manera oportuna y busca que la libertad de expresi\u00f3n sea real. Visita nuestro medio informativo publicado desde Hermosillo, Sonora. %\",\"breadcrumb\":{\"@id\":\"https:\/\/www.sonoraenequipo.com.mx\/vinculan-a-nuevo-proceso-penal-a-rene-gavira-exdirector-de-segalmex\/#breadcrumb\"},\"inLanguage\":\"es\",\"potentialAction\":[{\"@type\":\"ReadAction\",\"target\":[\"https:\/\/www.sonoraenequipo.com.mx\/vinculan-a-nuevo-proceso-penal-a-rene-gavira-exdirector-de-segalmex\/\"]}]},{\"@type\":\"ImageObject\",\"inLanguage\":\"es\",\"@id\":\"https:\/\/www.sonoraenequipo.com.mx\/vinculan-a-nuevo-proceso-penal-a-rene-gavira-exdirector-de-segalmex\/#primaryimage\",\"url\":\"https:\/\/www.sonoraenequipo.com.mx\/storage\/2024\/05\/segalmex-min.jpg\",\"contentUrl\":\"https:\/\/www.sonoraenequipo.com.mx\/storage\/2024\/05\/segalmex-min.jpg\",\"width\":900,\"height\":506},{\"@type\":\"BreadcrumbList\",\"@id\":\"https:\/\/www.sonoraenequipo.com.mx\/vinculan-a-nuevo-proceso-penal-a-rene-gavira-exdirector-de-segalmex\/#breadcrumb\",\"itemListElement\":[{\"@type\":\"ListItem\",\"position\":1,\"name\":\"Portada\",\"item\":\"https:\/\/www.sonoraenequipo.com.mx\/\"},{\"@type\":\"ListItem\",\"position\":2,\"name\":\"Vinculan a nuevo proceso penal a Ren\u00e9 Gavira, exdirector de Segalmex\"}]},{\"@type\":\"WebSite\",\"@id\":\"https:\/\/www.sonoraenequipo.com.mx\/#website\",\"url\":\"https:\/\/www.sonoraenequipo.com.mx\/\",\"name\":\"Sonora en Equipo.\",\"description\":\"Diario en l\u00ednea con Noticias desde Hermosillo, Sonora\",\"publisher\":{\"@id\":\"https:\/\/www.sonoraenequipo.com.mx\/#organization\"},\"potentialAction\":[{\"@type\":\"SearchAction\",\"target\":{\"@type\":\"EntryPoint\",\"urlTemplate\":\"https:\/\/www.sonoraenequipo.com.mx\/?s={search_term_string}\"},\"query-input\":{\"@type\":\"PropertyValueSpecification\",\"valueRequired\":true,\"valueName\":\"search_term_string\"}}],\"inLanguage\":\"es\"},{\"@type\":\"Organization\",\"@id\":\"https:\/\/www.sonoraenequipo.com.mx\/#organization\",\"name\":\"Sonoraenequipo.com.mx\",\"url\":\"https:\/\/www.sonoraenequipo.com.mx\/\",\"logo\":{\"@type\":\"ImageObject\",\"inLanguage\":\"es\",\"@id\":\"https:\/\/www.sonoraenequipo.com.mx\/#\/schema\/logo\/image\/\",\"url\":\"https:\/\/www.sonoraenequipo.com.mx\/storage\/2019\/01\/sonoraenequipo_opt.png\",\"contentUrl\":\"https:\/\/www.sonoraenequipo.com.mx\/storage\/2019\/01\/sonoraenequipo_opt.png\",\"width\":375,\"height\":125,\"caption\":\"Sonoraenequipo.com.mx\"},\"image\":{\"@id\":\"https:\/\/www.sonoraenequipo.com.mx\/#\/schema\/logo\/image\/\"},\"sameAs\":[\"https:\/\/www.facebook.com\/SonoraEE\/\",\"https:\/\/x.com\/sonoraenequipo\",\"https:\/\/www.youtube.com\/channel\/UC338nW-lPEYmJQs4ZABQ1SQ\"]},{\"@type\":\"Person\",\"@id\":\"https:\/\/www.sonoraenequipo.com.mx\/#\/schema\/person\/50102df0fb23a8fa9e8effad8fa81386\",\"name\":\"enequipo\",\"image\":{\"@type\":\"ImageObject\",\"inLanguage\":\"es\",\"@id\":\"https:\/\/www.sonoraenequipo.com.mx\/#\/schema\/person\/image\/\",\"url\":\"https:\/\/secure.gravatar.com\/avatar\/049821681b589dabc0bc20695993ccebb09f5b5d4d790cd9251b97faac7c652b?s=96&d=blank&r=g\",\"contentUrl\":\"https:\/\/secure.gravatar.com\/avatar\/049821681b589dabc0bc20695993ccebb09f5b5d4d790cd9251b97faac7c652b?s=96&d=blank&r=g\",\"caption\":\"enequipo\"},\"sameAs\":[\"https:\/\/www.facebook.com\/SonoraEE\"]}]}<\/script>\n ","yoast_head_json":{"title":"Sonora en Equipo. Vinculan a nuevo proceso penal a Ren\u00e9 Gavira, exdirector de Segalmex Rep\u00fablica","description":"CIUDAD DE M\u00c9XICO. MX.\u2014 Ren\u00e9 Gavira Segreste, exdirector de Seguridad Alimentaria (Segalmex), fue vinculado a proceso por el delito de delincuencia En Sonora en Equipo publicamos toda la informaci\u00f3n de Sonora, M\u00e9xico y el Mundo de manera oportuna y busca que la libertad de expresi\u00f3n sea real. Visita nuestro medio informativo publicado desde Hermosillo, Sonora. %","robots":{"index":"index","follow":"follow","max-snippet":"max-snippet:-1","max-image-preview":"max-image-preview:large","max-video-preview":"max-video-preview:-1"},"canonical":"https:\/\/www.sonoraenequipo.com.mx\/vinculan-a-nuevo-proceso-penal-a-rene-gavira-exdirector-de-segalmex\/","og_locale":"es_ES","og_type":"article","og_title":"Sonora en Equipo. Vinculan a nuevo proceso penal a Ren\u00e9 Gavira, exdirector de Segalmex Rep\u00fablica","og_description":"CIUDAD DE M\u00c9XICO. MX.\u2014 Ren\u00e9 Gavira Segreste, exdirector de Seguridad Alimentaria (Segalmex), fue vinculado a proceso por el delito de delincuencia En Sonora en Equipo publicamos toda la informaci\u00f3n de Sonora, M\u00e9xico y el Mundo de manera oportuna y busca que la libertad de expresi\u00f3n sea real. Visita nuestro medio informativo publicado desde Hermosillo, Sonora. %","og_url":"https:\/\/www.sonoraenequipo.com.mx\/vinculan-a-nuevo-proceso-penal-a-rene-gavira-exdirector-de-segalmex\/","og_site_name":"Sonora en Equipo.","article_publisher":"https:\/\/www.facebook.com\/SonoraEE\/","article_author":"https:\/\/www.facebook.com\/SonoraEE","article_published_time":"2024-05-02T04:54:00+00:00","article_modified_time":"2024-05-03T00:02:15+00:00","og_image":[{"width":900,"height":506,"url":"https:\/\/www.sonoraenequipo.com.mx\/storage\/2024\/05\/segalmex-min.jpg","type":"image\/jpeg"}],"author":"enequipo","twitter_card":"summary_large_image","twitter_creator":"@sonoraenequipo","twitter_site":"@sonoraenequipo","twitter_misc":{"Escrito por":"enequipo","Tiempo de lectura":"2 minutos"},"schema":{"@context":"https:\/\/schema.org","@graph":[{"@type":"Article","@id":"https:\/\/www.sonoraenequipo.com.mx\/vinculan-a-nuevo-proceso-penal-a-rene-gavira-exdirector-de-segalmex\/#article","isPartOf":{"@id":"https:\/\/www.sonoraenequipo.com.mx\/vinculan-a-nuevo-proceso-penal-a-rene-gavira-exdirector-de-segalmex\/"},"author":{"name":"enequipo","@id":"https:\/\/www.sonoraenequipo.com.mx\/#\/schema\/person\/50102df0fb23a8fa9e8effad8fa81386"},"headline":"Vinculan a nuevo proceso penal a Ren\u00e9 Gavira, exdirector de Segalmex","datePublished":"2024-05-02T04:54:00+00:00","dateModified":"2024-05-03T00:02:15+00:00","mainEntityOfPage":{"@id":"https:\/\/www.sonoraenequipo.com.mx\/vinculan-a-nuevo-proceso-penal-a-rene-gavira-exdirector-de-segalmex\/"},"wordCount":363,"commentCount":0,"publisher":{"@id":"https:\/\/www.sonoraenequipo.com.mx\/#organization"},"image":{"@id":"https:\/\/www.sonoraenequipo.com.mx\/vinculan-a-nuevo-proceso-penal-a-rene-gavira-exdirector-de-segalmex\/#primaryimage"},"thumbnailUrl":"https:\/\/www.sonoraenequipo.com.mx\/storage\/2024\/05\/segalmex-min.jpg","articleSection":["Rep\u00fablica"],"inLanguage":"es","potentialAction":[{"@type":"CommentAction","name":"Comment","target":["https:\/\/www.sonoraenequipo.com.mx\/vinculan-a-nuevo-proceso-penal-a-rene-gavira-exdirector-de-segalmex\/#respond"]}]},{"@type":"WebPage","@id":"https:\/\/www.sonoraenequipo.com.mx\/vinculan-a-nuevo-proceso-penal-a-rene-gavira-exdirector-de-segalmex\/","url":"https:\/\/www.sonoraenequipo.com.mx\/vinculan-a-nuevo-proceso-penal-a-rene-gavira-exdirector-de-segalmex\/","name":"Sonora en Equipo. Vinculan a nuevo proceso penal a Ren\u00e9 Gavira, exdirector de Segalmex Rep\u00fablica","isPartOf":{"@id":"https:\/\/www.sonoraenequipo.com.mx\/#website"},"primaryImageOfPage":{"@id":"https:\/\/www.sonoraenequipo.com.mx\/vinculan-a-nuevo-proceso-penal-a-rene-gavira-exdirector-de-segalmex\/#primaryimage"},"image":{"@id":"https:\/\/www.sonoraenequipo.com.mx\/vinculan-a-nuevo-proceso-penal-a-rene-gavira-exdirector-de-segalmex\/#primaryimage"},"thumbnailUrl":"https:\/\/www.sonoraenequipo.com.mx\/storage\/2024\/05\/segalmex-min.jpg","datePublished":"2024-05-02T04:54:00+00:00","dateModified":"2024-05-03T00:02:15+00:00","description":"CIUDAD DE M\u00c9XICO. MX.\u2014 Ren\u00e9 Gavira Segreste, exdirector de Seguridad Alimentaria (Segalmex), fue vinculado a proceso por el delito de delincuencia En Sonora en Equipo publicamos toda la informaci\u00f3n de Sonora, M\u00e9xico y el Mundo de manera oportuna y busca que la libertad de expresi\u00f3n sea real. Visita nuestro medio informativo publicado desde Hermosillo, Sonora. %","breadcrumb":{"@id":"https:\/\/www.sonoraenequipo.com.mx\/vinculan-a-nuevo-proceso-penal-a-rene-gavira-exdirector-de-segalmex\/#breadcrumb"},"inLanguage":"es","potentialAction":[{"@type":"ReadAction","target":["https:\/\/www.sonoraenequipo.com.mx\/vinculan-a-nuevo-proceso-penal-a-rene-gavira-exdirector-de-segalmex\/"]}]},{"@type":"ImageObject","inLanguage":"es","@id":"https:\/\/www.sonoraenequipo.com.mx\/vinculan-a-nuevo-proceso-penal-a-rene-gavira-exdirector-de-segalmex\/#primaryimage","url":"https:\/\/www.sonoraenequipo.com.mx\/storage\/2024\/05\/segalmex-min.jpg","contentUrl":"https:\/\/www.sonoraenequipo.com.mx\/storage\/2024\/05\/segalmex-min.jpg","width":900,"height":506},{"@type":"BreadcrumbList","@id":"https:\/\/www.sonoraenequipo.com.mx\/vinculan-a-nuevo-proceso-penal-a-rene-gavira-exdirector-de-segalmex\/#breadcrumb","itemListElement":[{"@type":"ListItem","position":1,"name":"Portada","item":"https:\/\/www.sonoraenequipo.com.mx\/"},{"@type":"ListItem","position":2,"name":"Vinculan a nuevo proceso penal a Ren\u00e9 Gavira, exdirector de Segalmex"}]},{"@type":"WebSite","@id":"https:\/\/www.sonoraenequipo.com.mx\/#website","url":"https:\/\/www.sonoraenequipo.com.mx\/","name":"Sonora en Equipo.","description":"Diario en l\u00ednea con Noticias desde Hermosillo, Sonora","publisher":{"@id":"https:\/\/www.sonoraenequipo.com.mx\/#organization"},"potentialAction":[{"@type":"SearchAction","target":{"@type":"EntryPoint","urlTemplate":"https:\/\/www.sonoraenequipo.com.mx\/?s={search_term_string}"},"query-input":{"@type":"PropertyValueSpecification","valueRequired":true,"valueName":"search_term_string"}}],"inLanguage":"es"},{"@type":"Organization","@id":"https:\/\/www.sonoraenequipo.com.mx\/#organization","name":"Sonoraenequipo.com.mx","url":"https:\/\/www.sonoraenequipo.com.mx\/","logo":{"@type":"ImageObject","inLanguage":"es","@id":"https:\/\/www.sonoraenequipo.com.mx\/#\/schema\/logo\/image\/","url":"https:\/\/www.sonoraenequipo.com.mx\/storage\/2019\/01\/sonoraenequipo_opt.png","contentUrl":"https:\/\/www.sonoraenequipo.com.mx\/storage\/2019\/01\/sonoraenequipo_opt.png","width":375,"height":125,"caption":"Sonoraenequipo.com.mx"},"image":{"@id":"https:\/\/www.sonoraenequipo.com.mx\/#\/schema\/logo\/image\/"},"sameAs":["https:\/\/www.facebook.com\/SonoraEE\/","https:\/\/x.com\/sonoraenequipo","https:\/\/www.youtube.com\/channel\/UC338nW-lPEYmJQs4ZABQ1SQ"]},{"@type":"Person","@id":"https:\/\/www.sonoraenequipo.com.mx\/#\/schema\/person\/50102df0fb23a8fa9e8effad8fa81386","name":"enequipo","image":{"@type":"ImageObject","inLanguage":"es","@id":"https:\/\/www.sonoraenequipo.com.mx\/#\/schema\/person\/image\/","url":"https:\/\/secure.gravatar.com\/avatar\/049821681b589dabc0bc20695993ccebb09f5b5d4d790cd9251b97faac7c652b?s=96&d=blank&r=g","contentUrl":"https:\/\/secure.gravatar.com\/avatar\/049821681b589dabc0bc20695993ccebb09f5b5d4d790cd9251b97faac7c652b?s=96&d=blank&r=g","caption":"enequipo"},"sameAs":["https:\/\/www.facebook.com\/SonoraEE"]}]}},"jetpack_featured_media_url":"https:\/\/www.sonoraenequipo.com.mx\/storage\/2024\/05\/segalmex-min.jpg","_links":{"self":[{"href":"https:\/\/www.sonoraenequipo.com.mx\/api\/wp\/v2\/posts\/188893","targetHints":{"allow":["GET"]}}],"collection":[{"href":"https:\/\/www.sonoraenequipo.com.mx\/api\/wp\/v2\/posts"}],"about":[{"href":"https:\/\/www.sonoraenequipo.com.mx\/api\/wp\/v2\/types\/post"}],"author":[{"embeddable":true,"href":"https:\/\/www.sonoraenequipo.com.mx\/api\/wp\/v2\/users\/1"}],"replies":[{"embeddable":true,"href":"https:\/\/www.sonoraenequipo.com.mx\/api\/wp\/v2\/comments?post=188893"}],"version-history":[{"count":1,"href":"https:\/\/www.sonoraenequipo.com.mx\/api\/wp\/v2\/posts\/188893\/revisions"}],"predecessor-version":[{"id":188898,"href":"https:\/\/www.sonoraenequipo.com.mx\/api\/wp\/v2\/posts\/188893\/revisions\/188898"}],"wp:featuredmedia":[{"embeddable":true,"href":"https:\/\/www.sonoraenequipo.com.mx\/api\/wp\/v2\/media\/188897"}],"wp:attachment":[{"href":"https:\/\/www.sonoraenequipo.com.mx\/api\/wp\/v2\/media?parent=188893"}],"wp:term":[{"taxonomy":"category","embeddable":true,"href":"https:\/\/www.sonoraenequipo.com.mx\/api\/wp\/v2\/categories?post=188893"},{"taxonomy":"post_tag","embeddable":true,"href":"https:\/\/www.sonoraenequipo.com.mx\/api\/wp\/v2\/tags?post=188893"}],"curies":[{"name":"wp","href":"https:\/\/api.w.org\/{rel}","templated":true}]}}