{"id":188901,"date":"2024-05-01T11:24:17","date_gmt":"2024-05-01T18:24:17","guid":{"rendered":"https:\/\/www.sonoraenequipo.com.mx\/?p=188901"},"modified":"2024-05-02T17:16:37","modified_gmt":"2024-05-03T00:16:37","slug":"exigen-sindicatos-40-horas-laborales-y-profesionalizar-a-la-clase-trabajadora","status":"publish","type":"post","link":"https:\/\/www.sonoraenequipo.com.mx\/exigen-sindicatos-40-horas-laborales-y-profesionalizar-a-la-clase-trabajadora\/","title":{"rendered":"Exigen sindicatos 40 horas laborales y profesionalizar a la clase trabajadora"},"content":{"rendered":"<p><strong>CIUDAD OBREG\u00d3N, SONORA. MX. \u2014<\/strong> El tema de las 40 horas laborales, el de las pensiones y las guarder\u00edas de tiempo completo, adem\u00e1s de la profesionalizaci\u00f3n del personal fueron algunas de las exigencias en que coincidieron l\u00edderes sindicales.<\/p>\n<p>&nbsp;<\/p>\n<p> <\/p>\n<p>Manuel Guti\u00e9rrez Monta\u00f1o, l\u00edder de los peque\u00f1os comerciantes en ciudad Obreg\u00f3n, enfatiz\u00f3 que los sindicatos de trabajadores han estado abogando por la reducci\u00f3n de la jornada laboral a 40 horas semanales, por lo que sin duda ser\u00e1 una realidad que se festejar\u00e1 en los pr\u00f3ximos eventos.<\/p>\n<p>&nbsp;<\/p>\n<p>&nbsp;<\/p>\n<p>Subray\u00f3 que el objetivo principal es garantizar mejores condiciones de trabajo, equilibrio entre vida laboral y personal, y mejorar la calidad de vida de los trabajadores.<\/p>\n<p>&nbsp;<\/p>\n<p>&nbsp;<\/p>\n<p>Esta propuesta ha generado debates en diferentes contextos pol\u00edticos y econ\u00f3micos, y su aprobaci\u00f3n depende de las decisiones de los legisladores y las pol\u00edticas implementadas.<\/p>\n<p>&nbsp;<\/p>\n<p>&nbsp;<\/p>\n<p>Las organizaciones sindicales consideran que una jornada laboral reducida puede aumentar la productividad y el bienestar de los trabajadores, mientras que otros critican los posibles impactos negativos, como el aumento de costos para las empresas.<\/p>\n<p>&nbsp;<\/p>\n<p>&nbsp;<\/p>\n<p>En cuanto al tema de las pensiones, los sindicatos tambi\u00e9n han hecho peticiones relacionadas con mejoras en los sistemas de pensiones, como mayores beneficios, ajustes por inflaci\u00f3n y garant\u00edas de estabilidad financiera a largo plazo.<\/p>\n<p>&nbsp;<\/p>\n<p>&nbsp;<\/p>\n<p>A su vez el l\u00edder del Sindicato de Trabajadores de la Industria Maquiladora en el Sur de Sonora, Jaime G\u00e1mez G\u00f3mez habl\u00f3 de la necesidad de profesionalizar las \u00e1reas de los trabajadores.<\/p>\n<p>&nbsp;<\/p>\n<p>&nbsp;<\/p>\n<p>\u201cEsto nos llevar\u00e1 hacer trabajadores ampliamente competitivos convirti\u00e9ndonos as\u00ed en un activo muy atractivo\u201d, resalt\u00f3.<\/p>\n<p>&nbsp;<\/p>\n<p>&nbsp;<\/p>\n<p>Por su parte otros sindicatos exigieron las guarder\u00edas de tiempo completo en beneficio de las madres trabajadoras<\/p>\n<p>&nbsp;<\/p>\n<p>&nbsp;<\/p>\n<p>La aprobaci\u00f3n de estas propuestas depende de m\u00faltiples factores, incluyendo factores pol\u00edticos, econ\u00f3micos y sociales.<\/p>\n<p>&nbsp;<\/p>\n<p>&nbsp;<\/p>\n<p>&nbsp;<\/p>\n<p>PUBLICADO EL 01 DE MAYO DE 2024)<\/p>\n","protected":false},"excerpt":{"rendered":"<p>CIUDAD OBREG\u00d3N, SONORA. MX. \u2014 El tema de las 40 horas laborales, el de las&#8230;<\/p>\n","protected":false},"author":1,"featured_media":188902,"comment_status":"open","ping_status":"open","sticky":false,"template":"","format":"standard","meta":{"_monsterinsights_skip_tracking":false,"_monsterinsights_sitenote_active":false,"_monsterinsights_sitenote_note":"","_monsterinsights_sitenote_category":0,"footnotes":""},"categories":[4],"tags":[],"class_list":["post"],"yoast_head":" \n<title>Sonora en Equipo. Exigen sindicatos 40 horas laborales y profesionalizar a la clase trabajadora Municipios<\/title>\n<meta name=\"description\" content=\"CIUDAD OBREG\u00d3N, SONORA. MX. \u2014 El tema de las 40 horas laborales, el de las pensiones y las guarder\u00edas de tiempo completo, adem\u00e1s de la profesionalizaci\u00f3n En Sonora en Equipo publicamos toda la informaci\u00f3n de Sonora, M\u00e9xico y el Mundo de manera oportuna y busca que la libertad de expresi\u00f3n sea real. Visita nuestro medio informativo publicado desde Hermosillo, Sonora. %\" \/>\n<meta name=\"robots\" content=\"index, follow, max-snippet:-1, max-image-preview:large, max-video-preview:-1\" \/>\n<link rel=\"canonical\" href=\"https:\/\/www.sonoraenequipo.com.mx\/exigen-sindicatos-40-horas-laborales-y-profesionalizar-a-la-clase-trabajadora\/\" \/>\n<meta property=\"og:locale\" content=\"es_ES\" \/>\n<meta property=\"og:type\" content=\"article\" \/>\n<meta property=\"og:title\" content=\"Sonora en Equipo. Exigen sindicatos 40 horas laborales y profesionalizar a la clase trabajadora Municipios\" \/>\n<meta property=\"og:description\" content=\"CIUDAD OBREG\u00d3N, SONORA. MX. \u2014 El tema de las 40 horas laborales, el de las pensiones y las guarder\u00edas de tiempo completo, adem\u00e1s de la profesionalizaci\u00f3n En Sonora en Equipo publicamos toda la informaci\u00f3n de Sonora, M\u00e9xico y el Mundo de manera oportuna y busca que la libertad de expresi\u00f3n sea real. Visita nuestro medio informativo publicado desde Hermosillo, Sonora. %\" \/>\n<meta property=\"og:url\" content=\"https:\/\/www.sonoraenequipo.com.mx\/exigen-sindicatos-40-horas-laborales-y-profesionalizar-a-la-clase-trabajadora\/\" \/>\n<meta property=\"og:site_name\" content=\"Sonora en Equipo.\" \/>\n<meta property=\"article:publisher\" content=\"https:\/\/www.facebook.com\/SonoraEE\/\" \/>\n<meta property=\"article:author\" content=\"https:\/\/www.facebook.com\/SonoraEE\" \/>\n<meta property=\"article:published_time\" content=\"2024-05-01T18:24:17+00:00\" \/>\n<meta property=\"article:modified_time\" content=\"2024-05-03T00:16:37+00:00\" \/>\n<meta property=\"og:image\" content=\"https:\/\/www.sonoraenequipo.com.mx\/storage\/2024\/05\/primero-de-mayo-cajeme-min-1.jpg\" \/>\n\t<meta property=\"og:image:width\" content=\"900\" \/>\n\t<meta property=\"og:image:height\" content=\"436\" \/>\n\t<meta property=\"og:image:type\" content=\"image\/jpeg\" \/>\n<meta name=\"author\" content=\"enequipo\" \/>\n<meta name=\"twitter:card\" content=\"summary_large_image\" \/>\n<meta name=\"twitter:creator\" content=\"@sonoraenequipo\" \/>\n<meta name=\"twitter:site\" content=\"@sonoraenequipo\" \/>\n<meta name=\"twitter:label1\" content=\"Escrito por\" \/>\n\t<meta name=\"twitter:data1\" content=\"enequipo\" \/>\n\t<meta name=\"twitter:label2\" content=\"Tiempo de lectura\" \/>\n\t<meta name=\"twitter:data2\" content=\"2 minutos\" \/>\n<script type=\"application\/ld+json\" class=\"yoast-schema-graph\">{\"@context\":\"https:\/\/schema.org\",\"@graph\":[{\"@type\":\"Article\",\"@id\":\"https:\/\/www.sonoraenequipo.com.mx\/exigen-sindicatos-40-horas-laborales-y-profesionalizar-a-la-clase-trabajadora\/#article\",\"isPartOf\":{\"@id\":\"https:\/\/www.sonoraenequipo.com.mx\/exigen-sindicatos-40-horas-laborales-y-profesionalizar-a-la-clase-trabajadora\/\"},\"author\":{\"name\":\"enequipo\",\"@id\":\"https:\/\/www.sonoraenequipo.com.mx\/#\/schema\/person\/50102df0fb23a8fa9e8effad8fa81386\"},\"headline\":\"Exigen sindicatos 40 horas laborales y profesionalizar a la clase trabajadora\",\"datePublished\":\"2024-05-01T18:24:17+00:00\",\"dateModified\":\"2024-05-03T00:16:37+00:00\",\"mainEntityOfPage\":{\"@id\":\"https:\/\/www.sonoraenequipo.com.mx\/exigen-sindicatos-40-horas-laborales-y-profesionalizar-a-la-clase-trabajadora\/\"},\"wordCount\":344,\"commentCount\":0,\"publisher\":{\"@id\":\"https:\/\/www.sonoraenequipo.com.mx\/#organization\"},\"image\":{\"@id\":\"https:\/\/www.sonoraenequipo.com.mx\/exigen-sindicatos-40-horas-laborales-y-profesionalizar-a-la-clase-trabajadora\/#primaryimage\"},\"thumbnailUrl\":\"https:\/\/www.sonoraenequipo.com.mx\/storage\/2024\/05\/primero-de-mayo-cajeme-min-1.jpg\",\"articleSection\":[\"Municipios\"],\"inLanguage\":\"es\",\"potentialAction\":[{\"@type\":\"CommentAction\",\"name\":\"Comment\",\"target\":[\"https:\/\/www.sonoraenequipo.com.mx\/exigen-sindicatos-40-horas-laborales-y-profesionalizar-a-la-clase-trabajadora\/#respond\"]}]},{\"@type\":\"WebPage\",\"@id\":\"https:\/\/www.sonoraenequipo.com.mx\/exigen-sindicatos-40-horas-laborales-y-profesionalizar-a-la-clase-trabajadora\/\",\"url\":\"https:\/\/www.sonoraenequipo.com.mx\/exigen-sindicatos-40-horas-laborales-y-profesionalizar-a-la-clase-trabajadora\/\",\"name\":\"Sonora en Equipo. Exigen sindicatos 40 horas laborales y profesionalizar a la clase trabajadora Municipios\",\"isPartOf\":{\"@id\":\"https:\/\/www.sonoraenequipo.com.mx\/#website\"},\"primaryImageOfPage\":{\"@id\":\"https:\/\/www.sonoraenequipo.com.mx\/exigen-sindicatos-40-horas-laborales-y-profesionalizar-a-la-clase-trabajadora\/#primaryimage\"},\"image\":{\"@id\":\"https:\/\/www.sonoraenequipo.com.mx\/exigen-sindicatos-40-horas-laborales-y-profesionalizar-a-la-clase-trabajadora\/#primaryimage\"},\"thumbnailUrl\":\"https:\/\/www.sonoraenequipo.com.mx\/storage\/2024\/05\/primero-de-mayo-cajeme-min-1.jpg\",\"datePublished\":\"2024-05-01T18:24:17+00:00\",\"dateModified\":\"2024-05-03T00:16:37+00:00\",\"description\":\"CIUDAD OBREG\u00d3N, SONORA. MX. \u2014 El tema de las 40 horas laborales, el de las pensiones y las guarder\u00edas de tiempo completo, adem\u00e1s de la profesionalizaci\u00f3n En Sonora en Equipo publicamos toda la informaci\u00f3n de Sonora, M\u00e9xico y el Mundo de manera oportuna y busca que la libertad de expresi\u00f3n sea real. Visita nuestro medio informativo publicado desde Hermosillo, Sonora. %\",\"breadcrumb\":{\"@id\":\"https:\/\/www.sonoraenequipo.com.mx\/exigen-sindicatos-40-horas-laborales-y-profesionalizar-a-la-clase-trabajadora\/#breadcrumb\"},\"inLanguage\":\"es\",\"potentialAction\":[{\"@type\":\"ReadAction\",\"target\":[\"https:\/\/www.sonoraenequipo.com.mx\/exigen-sindicatos-40-horas-laborales-y-profesionalizar-a-la-clase-trabajadora\/\"]}]},{\"@type\":\"ImageObject\",\"inLanguage\":\"es\",\"@id\":\"https:\/\/www.sonoraenequipo.com.mx\/exigen-sindicatos-40-horas-laborales-y-profesionalizar-a-la-clase-trabajadora\/#primaryimage\",\"url\":\"https:\/\/www.sonoraenequipo.com.mx\/storage\/2024\/05\/primero-de-mayo-cajeme-min-1.jpg\",\"contentUrl\":\"https:\/\/www.sonoraenequipo.com.mx\/storage\/2024\/05\/primero-de-mayo-cajeme-min-1.jpg\",\"width\":900,\"height\":436},{\"@type\":\"BreadcrumbList\",\"@id\":\"https:\/\/www.sonoraenequipo.com.mx\/exigen-sindicatos-40-horas-laborales-y-profesionalizar-a-la-clase-trabajadora\/#breadcrumb\",\"itemListElement\":[{\"@type\":\"ListItem\",\"position\":1,\"name\":\"Portada\",\"item\":\"https:\/\/www.sonoraenequipo.com.mx\/\"},{\"@type\":\"ListItem\",\"position\":2,\"name\":\"Exigen sindicatos 40 horas laborales y profesionalizar a la clase trabajadora\"}]},{\"@type\":\"WebSite\",\"@id\":\"https:\/\/www.sonoraenequipo.com.mx\/#website\",\"url\":\"https:\/\/www.sonoraenequipo.com.mx\/\",\"name\":\"Sonora en Equipo.\",\"description\":\"Diario en l\u00ednea con Noticias desde Hermosillo, Sonora\",\"publisher\":{\"@id\":\"https:\/\/www.sonoraenequipo.com.mx\/#organization\"},\"potentialAction\":[{\"@type\":\"SearchAction\",\"target\":{\"@type\":\"EntryPoint\",\"urlTemplate\":\"https:\/\/www.sonoraenequipo.com.mx\/?s={search_term_string}\"},\"query-input\":{\"@type\":\"PropertyValueSpecification\",\"valueRequired\":true,\"valueName\":\"search_term_string\"}}],\"inLanguage\":\"es\"},{\"@type\":\"Organization\",\"@id\":\"https:\/\/www.sonoraenequipo.com.mx\/#organization\",\"name\":\"Sonoraenequipo.com.mx\",\"url\":\"https:\/\/www.sonoraenequipo.com.mx\/\",\"logo\":{\"@type\":\"ImageObject\",\"inLanguage\":\"es\",\"@id\":\"https:\/\/www.sonoraenequipo.com.mx\/#\/schema\/logo\/image\/\",\"url\":\"https:\/\/www.sonoraenequipo.com.mx\/storage\/2019\/01\/sonoraenequipo_opt.png\",\"contentUrl\":\"https:\/\/www.sonoraenequipo.com.mx\/storage\/2019\/01\/sonoraenequipo_opt.png\",\"width\":375,\"height\":125,\"caption\":\"Sonoraenequipo.com.mx\"},\"image\":{\"@id\":\"https:\/\/www.sonoraenequipo.com.mx\/#\/schema\/logo\/image\/\"},\"sameAs\":[\"https:\/\/www.facebook.com\/SonoraEE\/\",\"https:\/\/x.com\/sonoraenequipo\",\"https:\/\/www.youtube.com\/channel\/UC338nW-lPEYmJQs4ZABQ1SQ\"]},{\"@type\":\"Person\",\"@id\":\"https:\/\/www.sonoraenequipo.com.mx\/#\/schema\/person\/50102df0fb23a8fa9e8effad8fa81386\",\"name\":\"enequipo\",\"image\":{\"@type\":\"ImageObject\",\"inLanguage\":\"es\",\"@id\":\"https:\/\/www.sonoraenequipo.com.mx\/#\/schema\/person\/image\/\",\"url\":\"https:\/\/secure.gravatar.com\/avatar\/049821681b589dabc0bc20695993ccebb09f5b5d4d790cd9251b97faac7c652b?s=96&d=blank&r=g\",\"contentUrl\":\"https:\/\/secure.gravatar.com\/avatar\/049821681b589dabc0bc20695993ccebb09f5b5d4d790cd9251b97faac7c652b?s=96&d=blank&r=g\",\"caption\":\"enequipo\"},\"sameAs\":[\"https:\/\/www.facebook.com\/SonoraEE\"]}]}<\/script>\n ","yoast_head_json":{"title":"Sonora en Equipo. Exigen sindicatos 40 horas laborales y profesionalizar a la clase trabajadora Municipios","description":"CIUDAD OBREG\u00d3N, SONORA. MX. \u2014 El tema de las 40 horas laborales, el de las pensiones y las guarder\u00edas de tiempo completo, adem\u00e1s de la profesionalizaci\u00f3n En Sonora en Equipo publicamos toda la informaci\u00f3n de Sonora, M\u00e9xico y el Mundo de manera oportuna y busca que la libertad de expresi\u00f3n sea real. Visita nuestro medio informativo publicado desde Hermosillo, Sonora. %","robots":{"index":"index","follow":"follow","max-snippet":"max-snippet:-1","max-image-preview":"max-image-preview:large","max-video-preview":"max-video-preview:-1"},"canonical":"https:\/\/www.sonoraenequipo.com.mx\/exigen-sindicatos-40-horas-laborales-y-profesionalizar-a-la-clase-trabajadora\/","og_locale":"es_ES","og_type":"article","og_title":"Sonora en Equipo. Exigen sindicatos 40 horas laborales y profesionalizar a la clase trabajadora Municipios","og_description":"CIUDAD OBREG\u00d3N, SONORA. MX. \u2014 El tema de las 40 horas laborales, el de las pensiones y las guarder\u00edas de tiempo completo, adem\u00e1s de la profesionalizaci\u00f3n En Sonora en Equipo publicamos toda la informaci\u00f3n de Sonora, M\u00e9xico y el Mundo de manera oportuna y busca que la libertad de expresi\u00f3n sea real. Visita nuestro medio informativo publicado desde Hermosillo, Sonora. %","og_url":"https:\/\/www.sonoraenequipo.com.mx\/exigen-sindicatos-40-horas-laborales-y-profesionalizar-a-la-clase-trabajadora\/","og_site_name":"Sonora en Equipo.","article_publisher":"https:\/\/www.facebook.com\/SonoraEE\/","article_author":"https:\/\/www.facebook.com\/SonoraEE","article_published_time":"2024-05-01T18:24:17+00:00","article_modified_time":"2024-05-03T00:16:37+00:00","og_image":[{"width":900,"height":436,"url":"https:\/\/www.sonoraenequipo.com.mx\/storage\/2024\/05\/primero-de-mayo-cajeme-min-1.jpg","type":"image\/jpeg"}],"author":"enequipo","twitter_card":"summary_large_image","twitter_creator":"@sonoraenequipo","twitter_site":"@sonoraenequipo","twitter_misc":{"Escrito por":"enequipo","Tiempo de lectura":"2 minutos"},"schema":{"@context":"https:\/\/schema.org","@graph":[{"@type":"Article","@id":"https:\/\/www.sonoraenequipo.com.mx\/exigen-sindicatos-40-horas-laborales-y-profesionalizar-a-la-clase-trabajadora\/#article","isPartOf":{"@id":"https:\/\/www.sonoraenequipo.com.mx\/exigen-sindicatos-40-horas-laborales-y-profesionalizar-a-la-clase-trabajadora\/"},"author":{"name":"enequipo","@id":"https:\/\/www.sonoraenequipo.com.mx\/#\/schema\/person\/50102df0fb23a8fa9e8effad8fa81386"},"headline":"Exigen sindicatos 40 horas laborales y profesionalizar a la clase trabajadora","datePublished":"2024-05-01T18:24:17+00:00","dateModified":"2024-05-03T00:16:37+00:00","mainEntityOfPage":{"@id":"https:\/\/www.sonoraenequipo.com.mx\/exigen-sindicatos-40-horas-laborales-y-profesionalizar-a-la-clase-trabajadora\/"},"wordCount":344,"commentCount":0,"publisher":{"@id":"https:\/\/www.sonoraenequipo.com.mx\/#organization"},"image":{"@id":"https:\/\/www.sonoraenequipo.com.mx\/exigen-sindicatos-40-horas-laborales-y-profesionalizar-a-la-clase-trabajadora\/#primaryimage"},"thumbnailUrl":"https:\/\/www.sonoraenequipo.com.mx\/storage\/2024\/05\/primero-de-mayo-cajeme-min-1.jpg","articleSection":["Municipios"],"inLanguage":"es","potentialAction":[{"@type":"CommentAction","name":"Comment","target":["https:\/\/www.sonoraenequipo.com.mx\/exigen-sindicatos-40-horas-laborales-y-profesionalizar-a-la-clase-trabajadora\/#respond"]}]},{"@type":"WebPage","@id":"https:\/\/www.sonoraenequipo.com.mx\/exigen-sindicatos-40-horas-laborales-y-profesionalizar-a-la-clase-trabajadora\/","url":"https:\/\/www.sonoraenequipo.com.mx\/exigen-sindicatos-40-horas-laborales-y-profesionalizar-a-la-clase-trabajadora\/","name":"Sonora en Equipo. Exigen sindicatos 40 horas laborales y profesionalizar a la clase trabajadora Municipios","isPartOf":{"@id":"https:\/\/www.sonoraenequipo.com.mx\/#website"},"primaryImageOfPage":{"@id":"https:\/\/www.sonoraenequipo.com.mx\/exigen-sindicatos-40-horas-laborales-y-profesionalizar-a-la-clase-trabajadora\/#primaryimage"},"image":{"@id":"https:\/\/www.sonoraenequipo.com.mx\/exigen-sindicatos-40-horas-laborales-y-profesionalizar-a-la-clase-trabajadora\/#primaryimage"},"thumbnailUrl":"https:\/\/www.sonoraenequipo.com.mx\/storage\/2024\/05\/primero-de-mayo-cajeme-min-1.jpg","datePublished":"2024-05-01T18:24:17+00:00","dateModified":"2024-05-03T00:16:37+00:00","description":"CIUDAD OBREG\u00d3N, SONORA. MX. \u2014 El tema de las 40 horas laborales, el de las pensiones y las guarder\u00edas de tiempo completo, adem\u00e1s de la profesionalizaci\u00f3n En Sonora en Equipo publicamos toda la informaci\u00f3n de Sonora, M\u00e9xico y el Mundo de manera oportuna y busca que la libertad de expresi\u00f3n sea real. Visita nuestro medio informativo publicado desde Hermosillo, Sonora. %","breadcrumb":{"@id":"https:\/\/www.sonoraenequipo.com.mx\/exigen-sindicatos-40-horas-laborales-y-profesionalizar-a-la-clase-trabajadora\/#breadcrumb"},"inLanguage":"es","potentialAction":[{"@type":"ReadAction","target":["https:\/\/www.sonoraenequipo.com.mx\/exigen-sindicatos-40-horas-laborales-y-profesionalizar-a-la-clase-trabajadora\/"]}]},{"@type":"ImageObject","inLanguage":"es","@id":"https:\/\/www.sonoraenequipo.com.mx\/exigen-sindicatos-40-horas-laborales-y-profesionalizar-a-la-clase-trabajadora\/#primaryimage","url":"https:\/\/www.sonoraenequipo.com.mx\/storage\/2024\/05\/primero-de-mayo-cajeme-min-1.jpg","contentUrl":"https:\/\/www.sonoraenequipo.com.mx\/storage\/2024\/05\/primero-de-mayo-cajeme-min-1.jpg","width":900,"height":436},{"@type":"BreadcrumbList","@id":"https:\/\/www.sonoraenequipo.com.mx\/exigen-sindicatos-40-horas-laborales-y-profesionalizar-a-la-clase-trabajadora\/#breadcrumb","itemListElement":[{"@type":"ListItem","position":1,"name":"Portada","item":"https:\/\/www.sonoraenequipo.com.mx\/"},{"@type":"ListItem","position":2,"name":"Exigen sindicatos 40 horas laborales y profesionalizar a la clase trabajadora"}]},{"@type":"WebSite","@id":"https:\/\/www.sonoraenequipo.com.mx\/#website","url":"https:\/\/www.sonoraenequipo.com.mx\/","name":"Sonora en Equipo.","description":"Diario en l\u00ednea con Noticias desde Hermosillo, Sonora","publisher":{"@id":"https:\/\/www.sonoraenequipo.com.mx\/#organization"},"potentialAction":[{"@type":"SearchAction","target":{"@type":"EntryPoint","urlTemplate":"https:\/\/www.sonoraenequipo.com.mx\/?s={search_term_string}"},"query-input":{"@type":"PropertyValueSpecification","valueRequired":true,"valueName":"search_term_string"}}],"inLanguage":"es"},{"@type":"Organization","@id":"https:\/\/www.sonoraenequipo.com.mx\/#organization","name":"Sonoraenequipo.com.mx","url":"https:\/\/www.sonoraenequipo.com.mx\/","logo":{"@type":"ImageObject","inLanguage":"es","@id":"https:\/\/www.sonoraenequipo.com.mx\/#\/schema\/logo\/image\/","url":"https:\/\/www.sonoraenequipo.com.mx\/storage\/2019\/01\/sonoraenequipo_opt.png","contentUrl":"https:\/\/www.sonoraenequipo.com.mx\/storage\/2019\/01\/sonoraenequipo_opt.png","width":375,"height":125,"caption":"Sonoraenequipo.com.mx"},"image":{"@id":"https:\/\/www.sonoraenequipo.com.mx\/#\/schema\/logo\/image\/"},"sameAs":["https:\/\/www.facebook.com\/SonoraEE\/","https:\/\/x.com\/sonoraenequipo","https:\/\/www.youtube.com\/channel\/UC338nW-lPEYmJQs4ZABQ1SQ"]},{"@type":"Person","@id":"https:\/\/www.sonoraenequipo.com.mx\/#\/schema\/person\/50102df0fb23a8fa9e8effad8fa81386","name":"enequipo","image":{"@type":"ImageObject","inLanguage":"es","@id":"https:\/\/www.sonoraenequipo.com.mx\/#\/schema\/person\/image\/","url":"https:\/\/secure.gravatar.com\/avatar\/049821681b589dabc0bc20695993ccebb09f5b5d4d790cd9251b97faac7c652b?s=96&d=blank&r=g","contentUrl":"https:\/\/secure.gravatar.com\/avatar\/049821681b589dabc0bc20695993ccebb09f5b5d4d790cd9251b97faac7c652b?s=96&d=blank&r=g","caption":"enequipo"},"sameAs":["https:\/\/www.facebook.com\/SonoraEE"]}]}},"jetpack_featured_media_url":"https:\/\/www.sonoraenequipo.com.mx\/storage\/2024\/05\/primero-de-mayo-cajeme-min-1.jpg","_links":{"self":[{"href":"https:\/\/www.sonoraenequipo.com.mx\/api\/wp\/v2\/posts\/188901","targetHints":{"allow":["GET"]}}],"collection":[{"href":"https:\/\/www.sonoraenequipo.com.mx\/api\/wp\/v2\/posts"}],"about":[{"href":"https:\/\/www.sonoraenequipo.com.mx\/api\/wp\/v2\/types\/post"}],"author":[{"embeddable":true,"href":"https:\/\/www.sonoraenequipo.com.mx\/api\/wp\/v2\/users\/1"}],"replies":[{"embeddable":true,"href":"https:\/\/www.sonoraenequipo.com.mx\/api\/wp\/v2\/comments?post=188901"}],"version-history":[{"count":1,"href":"https:\/\/www.sonoraenequipo.com.mx\/api\/wp\/v2\/posts\/188901\/revisions"}],"predecessor-version":[{"id":188903,"href":"https:\/\/www.sonoraenequipo.com.mx\/api\/wp\/v2\/posts\/188901\/revisions\/188903"}],"wp:featuredmedia":[{"embeddable":true,"href":"https:\/\/www.sonoraenequipo.com.mx\/api\/wp\/v2\/media\/188902"}],"wp:attachment":[{"href":"https:\/\/www.sonoraenequipo.com.mx\/api\/wp\/v2\/media?parent=188901"}],"wp:term":[{"taxonomy":"category","embeddable":true,"href":"https:\/\/www.sonoraenequipo.com.mx\/api\/wp\/v2\/categories?post=188901"},{"taxonomy":"post_tag","embeddable":true,"href":"https:\/\/www.sonoraenequipo.com.mx\/api\/wp\/v2\/tags?post=188901"}],"curies":[{"name":"wp","href":"https:\/\/api.w.org\/{rel}","templated":true}]}}