{"id":188910,"date":"2024-05-02T09:16:00","date_gmt":"2024-05-02T16:16:00","guid":{"rendered":"https:\/\/www.sonoraenequipo.com.mx\/?p=188910"},"modified":"2024-05-02T17:45:55","modified_gmt":"2024-05-03T00:45:55","slug":"noruega-va-por-un-dia-de-26-horas-con-iniciativa-moretime","status":"publish","type":"post","link":"https:\/\/www.sonoraenequipo.com.mx\/noruega-va-por-un-dia-de-26-horas-con-iniciativa-moretime\/","title":{"rendered":"Noruega va por un d\u00eda de 26 horas con iniciativa \u00abMoretime\u00bb"},"content":{"rendered":"<p><strong>NORUEGA. \u2014<\/strong> Es cierto que cada pa\u00eds, territorio o poblado tiene sus propias costumbres y usos horarios de 24 horas. Pero \u00bfte imaginas un lugar donde el d\u00eda tenga una duraci\u00f3n de hasta 26 horas? Aqu\u00ed te explicamos el caso de Noruega y la historia de Vadso.<\/p>\n<p> <\/p>\n<p>En esta localidad, est\u00e1n buscando concretar una iniciativa con la Uni\u00f3n Europea para un beneficio colectivo que vamos a compartir contigo en unos segundos. Wenche Pedersen, alcaldesa del lugar, est\u00e1 solicitando que los d\u00edas se extiendan dos horas m\u00e1s para que la poblaci\u00f3n tenga m\u00e1s tiempo para ciertas actividades.<\/p>\n<h3>\u00bfCu\u00e1l es el objetivo de la iniciativa en Noruega?<\/h3>\n<p>La iniciativa lleva por nombre <strong>\u201cMoretime\u201d,<\/strong> donde los habitantes de Noruega o de ese cierto poblado,<strong><em> \u201cse pretende celebrar y promover una forma de vida \u00fanica, consistente en disfrutar de m\u00e1s tiempo de calidad, realizando actividades como pescar, cazar, aprender nuevos idiomas o, simplemente, estar con los seres queridos\u201d.<\/em><\/strong><\/p>\n<p>Asimismo, este pedido que realiz\u00f3 a la Uni\u00f3n Europea tiene otro objetivo: atraer a nuevos residentes a Vadso. Seg\u00fan el relevamiento realizado en 2017, dicho municipio cuenta con 5.064 habitantes, por lo que hay una clara intenci\u00f3n de aumentar su poblaci\u00f3n. Lo cierto es que, por el momento, no est\u00e1 diagramado c\u00f3mo se aplicar\u00e1 el cambio en caso de ser aprobado. Aunque por l\u00f3gica es complicado ejecutarlo, debido a que la duraci\u00f3n de una jornada se establece mediante el par\u00e1metro de la naturaleza.<\/p>\n<p>https:\/\/twitter.com\/yon0jui\/status\/1779907787247484982<\/p>\n<p>PUBLICADO EL 02 DE MAYO DE 2024 Con informaci\u00f3n de Oliver Paniagua)<\/p>\n","protected":false},"excerpt":{"rendered":"<p>NORUEGA. \u2014 Es cierto que cada pa\u00eds, territorio o poblado tiene sus propias costumbres y&#8230;<\/p>\n","protected":false},"author":1,"featured_media":188911,"comment_status":"open","ping_status":"open","sticky":false,"template":"","format":"standard","meta":{"_monsterinsights_skip_tracking":false,"_monsterinsights_sitenote_active":false,"_monsterinsights_sitenote_note":"","_monsterinsights_sitenote_category":0,"footnotes":""},"categories":[12],"tags":[],"class_list":["post"],"yoast_head":" \n<title>Sonora en Equipo. Noruega va por un d\u00eda de 26 horas con iniciativa &quot;Moretime&quot; Especiales<\/title>\n<meta name=\"description\" content=\"NORUEGA. \u2014 Es cierto que cada pa\u00eds, territorio o poblado tiene sus propias costumbres y usos horarios de 24 horas. Pero \u00bfte imaginas un lugar donde el d\u00eda En Sonora en Equipo publicamos toda la informaci\u00f3n de Sonora, M\u00e9xico y el Mundo de manera oportuna y busca que la libertad de expresi\u00f3n sea real. Visita nuestro medio informativo publicado desde Hermosillo, Sonora. %\" \/>\n<meta name=\"robots\" content=\"index, follow, max-snippet:-1, max-image-preview:large, max-video-preview:-1\" \/>\n<link rel=\"canonical\" href=\"https:\/\/www.sonoraenequipo.com.mx\/noruega-va-por-un-dia-de-26-horas-con-iniciativa-moretime\/\" \/>\n<meta property=\"og:locale\" content=\"es_ES\" \/>\n<meta property=\"og:type\" content=\"article\" \/>\n<meta property=\"og:title\" content=\"Sonora en Equipo. Noruega va por un d\u00eda de 26 horas con iniciativa &quot;Moretime&quot; Especiales\" \/>\n<meta property=\"og:description\" content=\"NORUEGA. \u2014 Es cierto que cada pa\u00eds, territorio o poblado tiene sus propias costumbres y usos horarios de 24 horas. Pero \u00bfte imaginas un lugar donde el d\u00eda En Sonora en Equipo publicamos toda la informaci\u00f3n de Sonora, M\u00e9xico y el Mundo de manera oportuna y busca que la libertad de expresi\u00f3n sea real. Visita nuestro medio informativo publicado desde Hermosillo, Sonora. %\" \/>\n<meta property=\"og:url\" content=\"https:\/\/www.sonoraenequipo.com.mx\/noruega-va-por-un-dia-de-26-horas-con-iniciativa-moretime\/\" \/>\n<meta property=\"og:site_name\" content=\"Sonora en Equipo.\" \/>\n<meta property=\"article:publisher\" content=\"https:\/\/www.facebook.com\/SonoraEE\/\" \/>\n<meta property=\"article:author\" content=\"https:\/\/www.facebook.com\/SonoraEE\" \/>\n<meta property=\"article:published_time\" content=\"2024-05-02T16:16:00+00:00\" \/>\n<meta property=\"article:modified_time\" content=\"2024-05-03T00:45:55+00:00\" \/>\n<meta property=\"og:image\" content=\"https:\/\/www.sonoraenequipo.com.mx\/storage\/2024\/05\/noruega-va-por-un-dia-de-26-horas-min.jpg\" \/>\n\t<meta property=\"og:image:width\" content=\"900\" \/>\n\t<meta property=\"og:image:height\" content=\"539\" \/>\n\t<meta property=\"og:image:type\" content=\"image\/jpeg\" \/>\n<meta name=\"author\" content=\"enequipo\" \/>\n<meta name=\"twitter:card\" content=\"summary_large_image\" \/>\n<meta name=\"twitter:creator\" content=\"@sonoraenequipo\" \/>\n<meta name=\"twitter:site\" content=\"@sonoraenequipo\" \/>\n<meta name=\"twitter:label1\" content=\"Escrito por\" \/>\n\t<meta name=\"twitter:data1\" content=\"enequipo\" \/>\n\t<meta name=\"twitter:label2\" content=\"Tiempo de lectura\" \/>\n\t<meta name=\"twitter:data2\" content=\"1 minuto\" \/>\n<script type=\"application\/ld+json\" class=\"yoast-schema-graph\">{\"@context\":\"https:\/\/schema.org\",\"@graph\":[{\"@type\":\"Article\",\"@id\":\"https:\/\/www.sonoraenequipo.com.mx\/noruega-va-por-un-dia-de-26-horas-con-iniciativa-moretime\/#article\",\"isPartOf\":{\"@id\":\"https:\/\/www.sonoraenequipo.com.mx\/noruega-va-por-un-dia-de-26-horas-con-iniciativa-moretime\/\"},\"author\":{\"name\":\"enequipo\",\"@id\":\"https:\/\/www.sonoraenequipo.com.mx\/#\/schema\/person\/50102df0fb23a8fa9e8effad8fa81386\"},\"headline\":\"Noruega va por un d\u00eda de 26 horas con iniciativa \u00abMoretime\u00bb\",\"datePublished\":\"2024-05-02T16:16:00+00:00\",\"dateModified\":\"2024-05-03T00:45:55+00:00\",\"mainEntityOfPage\":{\"@id\":\"https:\/\/www.sonoraenequipo.com.mx\/noruega-va-por-un-dia-de-26-horas-con-iniciativa-moretime\/\"},\"wordCount\":279,\"commentCount\":0,\"publisher\":{\"@id\":\"https:\/\/www.sonoraenequipo.com.mx\/#organization\"},\"image\":{\"@id\":\"https:\/\/www.sonoraenequipo.com.mx\/noruega-va-por-un-dia-de-26-horas-con-iniciativa-moretime\/#primaryimage\"},\"thumbnailUrl\":\"https:\/\/www.sonoraenequipo.com.mx\/storage\/2024\/05\/noruega-va-por-un-dia-de-26-horas-min.jpg\",\"articleSection\":[\"Especiales\"],\"inLanguage\":\"es\",\"potentialAction\":[{\"@type\":\"CommentAction\",\"name\":\"Comment\",\"target\":[\"https:\/\/www.sonoraenequipo.com.mx\/noruega-va-por-un-dia-de-26-horas-con-iniciativa-moretime\/#respond\"]}]},{\"@type\":\"WebPage\",\"@id\":\"https:\/\/www.sonoraenequipo.com.mx\/noruega-va-por-un-dia-de-26-horas-con-iniciativa-moretime\/\",\"url\":\"https:\/\/www.sonoraenequipo.com.mx\/noruega-va-por-un-dia-de-26-horas-con-iniciativa-moretime\/\",\"name\":\"Sonora en Equipo. Noruega va por un d\u00eda de 26 horas con iniciativa \\\"Moretime\\\" Especiales\",\"isPartOf\":{\"@id\":\"https:\/\/www.sonoraenequipo.com.mx\/#website\"},\"primaryImageOfPage\":{\"@id\":\"https:\/\/www.sonoraenequipo.com.mx\/noruega-va-por-un-dia-de-26-horas-con-iniciativa-moretime\/#primaryimage\"},\"image\":{\"@id\":\"https:\/\/www.sonoraenequipo.com.mx\/noruega-va-por-un-dia-de-26-horas-con-iniciativa-moretime\/#primaryimage\"},\"thumbnailUrl\":\"https:\/\/www.sonoraenequipo.com.mx\/storage\/2024\/05\/noruega-va-por-un-dia-de-26-horas-min.jpg\",\"datePublished\":\"2024-05-02T16:16:00+00:00\",\"dateModified\":\"2024-05-03T00:45:55+00:00\",\"description\":\"NORUEGA. \u2014 Es cierto que cada pa\u00eds, territorio o poblado tiene sus propias costumbres y usos horarios de 24 horas. Pero \u00bfte imaginas un lugar donde el d\u00eda En Sonora en Equipo publicamos toda la informaci\u00f3n de Sonora, M\u00e9xico y el Mundo de manera oportuna y busca que la libertad de expresi\u00f3n sea real. Visita nuestro medio informativo publicado desde Hermosillo, Sonora. %\",\"breadcrumb\":{\"@id\":\"https:\/\/www.sonoraenequipo.com.mx\/noruega-va-por-un-dia-de-26-horas-con-iniciativa-moretime\/#breadcrumb\"},\"inLanguage\":\"es\",\"potentialAction\":[{\"@type\":\"ReadAction\",\"target\":[\"https:\/\/www.sonoraenequipo.com.mx\/noruega-va-por-un-dia-de-26-horas-con-iniciativa-moretime\/\"]}]},{\"@type\":\"ImageObject\",\"inLanguage\":\"es\",\"@id\":\"https:\/\/www.sonoraenequipo.com.mx\/noruega-va-por-un-dia-de-26-horas-con-iniciativa-moretime\/#primaryimage\",\"url\":\"https:\/\/www.sonoraenequipo.com.mx\/storage\/2024\/05\/noruega-va-por-un-dia-de-26-horas-min.jpg\",\"contentUrl\":\"https:\/\/www.sonoraenequipo.com.mx\/storage\/2024\/05\/noruega-va-por-un-dia-de-26-horas-min.jpg\",\"width\":900,\"height\":539},{\"@type\":\"BreadcrumbList\",\"@id\":\"https:\/\/www.sonoraenequipo.com.mx\/noruega-va-por-un-dia-de-26-horas-con-iniciativa-moretime\/#breadcrumb\",\"itemListElement\":[{\"@type\":\"ListItem\",\"position\":1,\"name\":\"Portada\",\"item\":\"https:\/\/www.sonoraenequipo.com.mx\/\"},{\"@type\":\"ListItem\",\"position\":2,\"name\":\"Noruega va por un d\u00eda de 26 horas con iniciativa \u00abMoretime\u00bb\"}]},{\"@type\":\"WebSite\",\"@id\":\"https:\/\/www.sonoraenequipo.com.mx\/#website\",\"url\":\"https:\/\/www.sonoraenequipo.com.mx\/\",\"name\":\"Sonora en Equipo.\",\"description\":\"Diario en l\u00ednea con Noticias desde Hermosillo, Sonora\",\"publisher\":{\"@id\":\"https:\/\/www.sonoraenequipo.com.mx\/#organization\"},\"potentialAction\":[{\"@type\":\"SearchAction\",\"target\":{\"@type\":\"EntryPoint\",\"urlTemplate\":\"https:\/\/www.sonoraenequipo.com.mx\/?s={search_term_string}\"},\"query-input\":{\"@type\":\"PropertyValueSpecification\",\"valueRequired\":true,\"valueName\":\"search_term_string\"}}],\"inLanguage\":\"es\"},{\"@type\":\"Organization\",\"@id\":\"https:\/\/www.sonoraenequipo.com.mx\/#organization\",\"name\":\"Sonoraenequipo.com.mx\",\"url\":\"https:\/\/www.sonoraenequipo.com.mx\/\",\"logo\":{\"@type\":\"ImageObject\",\"inLanguage\":\"es\",\"@id\":\"https:\/\/www.sonoraenequipo.com.mx\/#\/schema\/logo\/image\/\",\"url\":\"https:\/\/www.sonoraenequipo.com.mx\/storage\/2019\/01\/sonoraenequipo_opt.png\",\"contentUrl\":\"https:\/\/www.sonoraenequipo.com.mx\/storage\/2019\/01\/sonoraenequipo_opt.png\",\"width\":375,\"height\":125,\"caption\":\"Sonoraenequipo.com.mx\"},\"image\":{\"@id\":\"https:\/\/www.sonoraenequipo.com.mx\/#\/schema\/logo\/image\/\"},\"sameAs\":[\"https:\/\/www.facebook.com\/SonoraEE\/\",\"https:\/\/x.com\/sonoraenequipo\",\"https:\/\/www.youtube.com\/channel\/UC338nW-lPEYmJQs4ZABQ1SQ\"]},{\"@type\":\"Person\",\"@id\":\"https:\/\/www.sonoraenequipo.com.mx\/#\/schema\/person\/50102df0fb23a8fa9e8effad8fa81386\",\"name\":\"enequipo\",\"image\":{\"@type\":\"ImageObject\",\"inLanguage\":\"es\",\"@id\":\"https:\/\/www.sonoraenequipo.com.mx\/#\/schema\/person\/image\/\",\"url\":\"https:\/\/secure.gravatar.com\/avatar\/049821681b589dabc0bc20695993ccebb09f5b5d4d790cd9251b97faac7c652b?s=96&d=blank&r=g\",\"contentUrl\":\"https:\/\/secure.gravatar.com\/avatar\/049821681b589dabc0bc20695993ccebb09f5b5d4d790cd9251b97faac7c652b?s=96&d=blank&r=g\",\"caption\":\"enequipo\"},\"sameAs\":[\"https:\/\/www.facebook.com\/SonoraEE\"]}]}<\/script>\n ","yoast_head_json":{"title":"Sonora en Equipo. Noruega va por un d\u00eda de 26 horas con iniciativa \"Moretime\" Especiales","description":"NORUEGA. \u2014 Es cierto que cada pa\u00eds, territorio o poblado tiene sus propias costumbres y usos horarios de 24 horas. Pero \u00bfte imaginas un lugar donde el d\u00eda En Sonora en Equipo publicamos toda la informaci\u00f3n de Sonora, M\u00e9xico y el Mundo de manera oportuna y busca que la libertad de expresi\u00f3n sea real. Visita nuestro medio informativo publicado desde Hermosillo, Sonora. %","robots":{"index":"index","follow":"follow","max-snippet":"max-snippet:-1","max-image-preview":"max-image-preview:large","max-video-preview":"max-video-preview:-1"},"canonical":"https:\/\/www.sonoraenequipo.com.mx\/noruega-va-por-un-dia-de-26-horas-con-iniciativa-moretime\/","og_locale":"es_ES","og_type":"article","og_title":"Sonora en Equipo. Noruega va por un d\u00eda de 26 horas con iniciativa \"Moretime\" Especiales","og_description":"NORUEGA. \u2014 Es cierto que cada pa\u00eds, territorio o poblado tiene sus propias costumbres y usos horarios de 24 horas. Pero \u00bfte imaginas un lugar donde el d\u00eda En Sonora en Equipo publicamos toda la informaci\u00f3n de Sonora, M\u00e9xico y el Mundo de manera oportuna y busca que la libertad de expresi\u00f3n sea real. Visita nuestro medio informativo publicado desde Hermosillo, Sonora. %","og_url":"https:\/\/www.sonoraenequipo.com.mx\/noruega-va-por-un-dia-de-26-horas-con-iniciativa-moretime\/","og_site_name":"Sonora en Equipo.","article_publisher":"https:\/\/www.facebook.com\/SonoraEE\/","article_author":"https:\/\/www.facebook.com\/SonoraEE","article_published_time":"2024-05-02T16:16:00+00:00","article_modified_time":"2024-05-03T00:45:55+00:00","og_image":[{"width":900,"height":539,"url":"https:\/\/www.sonoraenequipo.com.mx\/storage\/2024\/05\/noruega-va-por-un-dia-de-26-horas-min.jpg","type":"image\/jpeg"}],"author":"enequipo","twitter_card":"summary_large_image","twitter_creator":"@sonoraenequipo","twitter_site":"@sonoraenequipo","twitter_misc":{"Escrito por":"enequipo","Tiempo de lectura":"1 minuto"},"schema":{"@context":"https:\/\/schema.org","@graph":[{"@type":"Article","@id":"https:\/\/www.sonoraenequipo.com.mx\/noruega-va-por-un-dia-de-26-horas-con-iniciativa-moretime\/#article","isPartOf":{"@id":"https:\/\/www.sonoraenequipo.com.mx\/noruega-va-por-un-dia-de-26-horas-con-iniciativa-moretime\/"},"author":{"name":"enequipo","@id":"https:\/\/www.sonoraenequipo.com.mx\/#\/schema\/person\/50102df0fb23a8fa9e8effad8fa81386"},"headline":"Noruega va por un d\u00eda de 26 horas con iniciativa \u00abMoretime\u00bb","datePublished":"2024-05-02T16:16:00+00:00","dateModified":"2024-05-03T00:45:55+00:00","mainEntityOfPage":{"@id":"https:\/\/www.sonoraenequipo.com.mx\/noruega-va-por-un-dia-de-26-horas-con-iniciativa-moretime\/"},"wordCount":279,"commentCount":0,"publisher":{"@id":"https:\/\/www.sonoraenequipo.com.mx\/#organization"},"image":{"@id":"https:\/\/www.sonoraenequipo.com.mx\/noruega-va-por-un-dia-de-26-horas-con-iniciativa-moretime\/#primaryimage"},"thumbnailUrl":"https:\/\/www.sonoraenequipo.com.mx\/storage\/2024\/05\/noruega-va-por-un-dia-de-26-horas-min.jpg","articleSection":["Especiales"],"inLanguage":"es","potentialAction":[{"@type":"CommentAction","name":"Comment","target":["https:\/\/www.sonoraenequipo.com.mx\/noruega-va-por-un-dia-de-26-horas-con-iniciativa-moretime\/#respond"]}]},{"@type":"WebPage","@id":"https:\/\/www.sonoraenequipo.com.mx\/noruega-va-por-un-dia-de-26-horas-con-iniciativa-moretime\/","url":"https:\/\/www.sonoraenequipo.com.mx\/noruega-va-por-un-dia-de-26-horas-con-iniciativa-moretime\/","name":"Sonora en Equipo. Noruega va por un d\u00eda de 26 horas con iniciativa \"Moretime\" Especiales","isPartOf":{"@id":"https:\/\/www.sonoraenequipo.com.mx\/#website"},"primaryImageOfPage":{"@id":"https:\/\/www.sonoraenequipo.com.mx\/noruega-va-por-un-dia-de-26-horas-con-iniciativa-moretime\/#primaryimage"},"image":{"@id":"https:\/\/www.sonoraenequipo.com.mx\/noruega-va-por-un-dia-de-26-horas-con-iniciativa-moretime\/#primaryimage"},"thumbnailUrl":"https:\/\/www.sonoraenequipo.com.mx\/storage\/2024\/05\/noruega-va-por-un-dia-de-26-horas-min.jpg","datePublished":"2024-05-02T16:16:00+00:00","dateModified":"2024-05-03T00:45:55+00:00","description":"NORUEGA. \u2014 Es cierto que cada pa\u00eds, territorio o poblado tiene sus propias costumbres y usos horarios de 24 horas. Pero \u00bfte imaginas un lugar donde el d\u00eda En Sonora en Equipo publicamos toda la informaci\u00f3n de Sonora, M\u00e9xico y el Mundo de manera oportuna y busca que la libertad de expresi\u00f3n sea real. Visita nuestro medio informativo publicado desde Hermosillo, Sonora. %","breadcrumb":{"@id":"https:\/\/www.sonoraenequipo.com.mx\/noruega-va-por-un-dia-de-26-horas-con-iniciativa-moretime\/#breadcrumb"},"inLanguage":"es","potentialAction":[{"@type":"ReadAction","target":["https:\/\/www.sonoraenequipo.com.mx\/noruega-va-por-un-dia-de-26-horas-con-iniciativa-moretime\/"]}]},{"@type":"ImageObject","inLanguage":"es","@id":"https:\/\/www.sonoraenequipo.com.mx\/noruega-va-por-un-dia-de-26-horas-con-iniciativa-moretime\/#primaryimage","url":"https:\/\/www.sonoraenequipo.com.mx\/storage\/2024\/05\/noruega-va-por-un-dia-de-26-horas-min.jpg","contentUrl":"https:\/\/www.sonoraenequipo.com.mx\/storage\/2024\/05\/noruega-va-por-un-dia-de-26-horas-min.jpg","width":900,"height":539},{"@type":"BreadcrumbList","@id":"https:\/\/www.sonoraenequipo.com.mx\/noruega-va-por-un-dia-de-26-horas-con-iniciativa-moretime\/#breadcrumb","itemListElement":[{"@type":"ListItem","position":1,"name":"Portada","item":"https:\/\/www.sonoraenequipo.com.mx\/"},{"@type":"ListItem","position":2,"name":"Noruega va por un d\u00eda de 26 horas con iniciativa \u00abMoretime\u00bb"}]},{"@type":"WebSite","@id":"https:\/\/www.sonoraenequipo.com.mx\/#website","url":"https:\/\/www.sonoraenequipo.com.mx\/","name":"Sonora en Equipo.","description":"Diario en l\u00ednea con Noticias desde Hermosillo, Sonora","publisher":{"@id":"https:\/\/www.sonoraenequipo.com.mx\/#organization"},"potentialAction":[{"@type":"SearchAction","target":{"@type":"EntryPoint","urlTemplate":"https:\/\/www.sonoraenequipo.com.mx\/?s={search_term_string}"},"query-input":{"@type":"PropertyValueSpecification","valueRequired":true,"valueName":"search_term_string"}}],"inLanguage":"es"},{"@type":"Organization","@id":"https:\/\/www.sonoraenequipo.com.mx\/#organization","name":"Sonoraenequipo.com.mx","url":"https:\/\/www.sonoraenequipo.com.mx\/","logo":{"@type":"ImageObject","inLanguage":"es","@id":"https:\/\/www.sonoraenequipo.com.mx\/#\/schema\/logo\/image\/","url":"https:\/\/www.sonoraenequipo.com.mx\/storage\/2019\/01\/sonoraenequipo_opt.png","contentUrl":"https:\/\/www.sonoraenequipo.com.mx\/storage\/2019\/01\/sonoraenequipo_opt.png","width":375,"height":125,"caption":"Sonoraenequipo.com.mx"},"image":{"@id":"https:\/\/www.sonoraenequipo.com.mx\/#\/schema\/logo\/image\/"},"sameAs":["https:\/\/www.facebook.com\/SonoraEE\/","https:\/\/x.com\/sonoraenequipo","https:\/\/www.youtube.com\/channel\/UC338nW-lPEYmJQs4ZABQ1SQ"]},{"@type":"Person","@id":"https:\/\/www.sonoraenequipo.com.mx\/#\/schema\/person\/50102df0fb23a8fa9e8effad8fa81386","name":"enequipo","image":{"@type":"ImageObject","inLanguage":"es","@id":"https:\/\/www.sonoraenequipo.com.mx\/#\/schema\/person\/image\/","url":"https:\/\/secure.gravatar.com\/avatar\/049821681b589dabc0bc20695993ccebb09f5b5d4d790cd9251b97faac7c652b?s=96&d=blank&r=g","contentUrl":"https:\/\/secure.gravatar.com\/avatar\/049821681b589dabc0bc20695993ccebb09f5b5d4d790cd9251b97faac7c652b?s=96&d=blank&r=g","caption":"enequipo"},"sameAs":["https:\/\/www.facebook.com\/SonoraEE"]}]}},"jetpack_featured_media_url":"https:\/\/www.sonoraenequipo.com.mx\/storage\/2024\/05\/noruega-va-por-un-dia-de-26-horas-min.jpg","_links":{"self":[{"href":"https:\/\/www.sonoraenequipo.com.mx\/api\/wp\/v2\/posts\/188910","targetHints":{"allow":["GET"]}}],"collection":[{"href":"https:\/\/www.sonoraenequipo.com.mx\/api\/wp\/v2\/posts"}],"about":[{"href":"https:\/\/www.sonoraenequipo.com.mx\/api\/wp\/v2\/types\/post"}],"author":[{"embeddable":true,"href":"https:\/\/www.sonoraenequipo.com.mx\/api\/wp\/v2\/users\/1"}],"replies":[{"embeddable":true,"href":"https:\/\/www.sonoraenequipo.com.mx\/api\/wp\/v2\/comments?post=188910"}],"version-history":[{"count":2,"href":"https:\/\/www.sonoraenequipo.com.mx\/api\/wp\/v2\/posts\/188910\/revisions"}],"predecessor-version":[{"id":188914,"href":"https:\/\/www.sonoraenequipo.com.mx\/api\/wp\/v2\/posts\/188910\/revisions\/188914"}],"wp:featuredmedia":[{"embeddable":true,"href":"https:\/\/www.sonoraenequipo.com.mx\/api\/wp\/v2\/media\/188911"}],"wp:attachment":[{"href":"https:\/\/www.sonoraenequipo.com.mx\/api\/wp\/v2\/media?parent=188910"}],"wp:term":[{"taxonomy":"category","embeddable":true,"href":"https:\/\/www.sonoraenequipo.com.mx\/api\/wp\/v2\/categories?post=188910"},{"taxonomy":"post_tag","embeddable":true,"href":"https:\/\/www.sonoraenequipo.com.mx\/api\/wp\/v2\/tags?post=188910"}],"curies":[{"name":"wp","href":"https:\/\/api.w.org\/{rel}","templated":true}]}}