{"id":189469,"date":"2024-05-10T15:47:18","date_gmt":"2024-05-10T22:47:18","guid":{"rendered":"https:\/\/www.sonoraenequipo.com.mx\/?p=189469"},"modified":"2024-05-10T15:47:18","modified_gmt":"2024-05-10T22:47:18","slug":"la-vacuna-contra-la-covid-de-astrazeneca-dejara-de-comercializarse-en-la-union-europea","status":"publish","type":"post","link":"https:\/\/www.sonoraenequipo.com.mx\/la-vacuna-contra-la-covid-de-astrazeneca-dejara-de-comercializarse-en-la-union-europea\/","title":{"rendered":"La vacuna contra la covid de AstraZeneca dejar\u00e1 de comercializarse en la Uni\u00f3n Europea"},"content":{"rendered":"<p>La farmac\u00e9utica AstraZeneca dejar\u00e1 de comercializar su vacuna contra la covid-19, Vaxzevria, en la Uni\u00f3n Europea por petici\u00f3n propia, seg\u00fan inform\u00f3 la compa\u00f1\u00eda brit\u00e1nico-sueca en un comunicado.<\/p>\n<p>La Comisi\u00f3n Europea notific\u00f3 el pasado 27 de marzo que, a petici\u00f3n del titular \u2013AstraZeneca\u2013, retira la autorizaci\u00f3n de comercializaci\u00f3n del medicamento desde hoy martes.<\/p>\n<div class=\"columna_derecha\">\n<div class=\"texto_destacado_columna\">\n<p class=\"texto_destacado_central_p\">La farmac\u00e9utica\u00a0brit\u00e1nico-sueca\u00a0justifica la retirada en la falta de demanda y por el excedente de vacunas disponibles en estos momentos en el mercado<\/p>\n<div class=\"compartirarticulosinimagen\" data-ix=\"entrablocxarxesarticulosinimagen\">\n<div class=\"compartiricosinimagen fas fa-share-alt\" aria-hidden=\"true\"><\/div>\n<div class=\"articulosinimagen_block_xarxes\"><\/div>\n<\/div>\n<\/div>\n<\/div>\n<p>La compa\u00f1\u00eda\u00a0justifica la retirada en la falta de demanda y por el excedente de vacunas disponibles en estos momentos en el mercado.<\/p>\n<p>\u201cDado que se han desarrollado m\u00faltiples vacunas actualizadas para variantes de covid-19, ahora hay un excedente de vacunas disponibles. Esto ha provocado una\u00a0<strong>disminuci\u00f3n en la demanda<\/strong>\u00a0de Vaxzervria, que ya no se fabrica ni suministra\u201d, se se\u00f1ala en la nota.<\/p>\n<p>La semana pasada AstraZeneca admiti\u00f3 por primera vez en documentos oficiales que su vacuna contra la infecci\u00f3n de SARS-CoV-2 pod\u00eda provocar efectos poco comunes como la trombosis, una complicaci\u00f3n que ya se conoc\u00eda.<\/p>\n<h2>\u201cEfectos secundarios muy raros\u201d<\/h2>\n<p>En 2021 a\u00a0Agencia Europea del Medicamento\u00a0(EMA) concluido que los\u00a0<a href=\"https:\/\/www.agenciasinc.es\/Noticias\/La-EMA-encuentra-un-posible-vinculo-entre-casos-de-trombosis-y-vacuna-de-AstraZeneca\" target=\"_self\" rel=\"noopener\">cuadros de trombosis venosa cerebral<\/a>, trombosis de la vena espl\u00e1cnica y descenso de plaquetas observados en pacientes que hab\u00edan recibido la vacuna de Oxford\/AstraZeneca\u00a0<a href=\"https:\/\/www.ema.europa.eu\/en\/news\/astrazenecas-covid-19-vaccine-ema-finds-possible-link-very-rare-cases-unusual-blood-clots-low-blood\" target=\"_blank\" rel=\"noopener\">deber\u00edan considerarse \u201cefectos secundarios muy raros<\/a>\u201d\u00a0de este suero<\/p>\n<div class=\"columna_izquierda\">\n<div class=\"texto_destacado_columna\">\n<p class=\"texto_destacado_central_p\">La semana pasada AstraZeneca admiti\u00f3 por primera vez en documentos oficiales que su vacuna contra la covid pod\u00eda provocar efectos poco comunes como la trombosis<\/p>\n<div class=\"compartirarticulosinimagen\" data-ix=\"entrablocxarxesarticulosinimagen\">\n<div class=\"compartiricosinimagen fas fa-share-alt\" aria-hidden=\"true\"><\/div>\n<div class=\"articulosinimagen_block_xarxes\"><\/div>\n<\/div>\n<\/div>\n<\/div>\n<p>Un portavoz de la CE confirm\u00f3 ayer a EFE que, a petici\u00f3n de la empresa, se retira desde hoy la autorizaci\u00f3n europea de comercializar la vacuna covid -19 de AstraZeneca y se\u00f1al\u00f3 que este hecho no es infrecuente cuando los productos no tienen demanda en la UE.<\/p>\n<p>El laboratorio, que hizo la petici\u00f3n de retirada el pasado 5 de marzo ante Bruselas, se felicita por el\u00a0<strong>papel desempe\u00f1ado por Vaxzevria para acabar con la pandemia<\/strong>. En esta l\u00ednea se\u00f1ala que, \u201cseg\u00fan estimaciones independientes, s\u00f3lo en el primer a\u00f1o de uso se salvaron m\u00e1s de 6,5 millones de vidas y se suministraron m\u00e1s de 3.000 millones de dosis en todo el mundo\u201d.<\/p>\n<div class=\"columna_derecha\">\n<div class=\"texto_destacado_columna\">\n<p class=\"texto_destacado_central_p\">La autoridad europea indica que este hecho no es infrecuente cuando los productos no tienen demanda en la UE<\/p>\n<div class=\"compartirarticulosinimagen\" data-ix=\"entrablocxarxesarticulosinimagen\">\n<div class=\"compartiricosinimagen fas fa-share-alt\" aria-hidden=\"true\"><\/div>\n<div class=\"articulosinimagen_block_xarxes\"><\/div>\n<\/div>\n<\/div>\n<\/div>\n<p>Vaxzevria, la\u00a0<a href=\"https:\/\/www.agenciasinc.es\/Noticias\/La-vacuna-experimental-de-la-Universidad-de-Oxford-muestra-resultados-prometedores\" target=\"_blank\" rel=\"noopener\">vacuna de Oxford\/AstraZeneca<\/a>\u00a0frente a la covid-19, fue la\u00a0<strong>tercera en llegar a Espa\u00f1a<\/strong>, el 6 de febrero de 2021, una a vez autorizada por la Comisi\u00f3n Europea el 29 de enero de ese a\u00f1o tras la revisi\u00f3n a la que todas las vacunas se someten por parte de la Agencia Europea de Medicamentos.<\/p>\n<p>Tambi\u00e9n fue la tercera vacuna en recibir el visto bueno de los reguladores europeos, despu\u00e9s de las elaboradas por Pfizer\/BioTech y<\/p>\n","protected":false},"excerpt":{"rendered":"<p>La farmac\u00e9utica AstraZeneca dejar\u00e1 de comercializar su vacuna contra la covid-19, Vaxzevria, en la Uni\u00f3n&#8230;<\/p>\n","protected":false},"author":1,"featured_media":189471,"comment_status":"open","ping_status":"open","sticky":false,"template":"","format":"standard","meta":{"_monsterinsights_skip_tracking":false,"_monsterinsights_sitenote_active":false,"_monsterinsights_sitenote_note":"","_monsterinsights_sitenote_category":0,"footnotes":""},"categories":[2216],"tags":[5024,4249,5087],"class_list":["post"],"yoast_head":" \n<title>Sonora en Equipo. La vacuna contra la covid de AstraZeneca dejar\u00e1 de comercializarse en la Uni\u00f3n Europea Ciencia y Tecnolog\u00eda<\/title>\n<meta name=\"description\" content=\"La farmac\u00e9utica AstraZeneca dejar\u00e1 de comercializar su vacuna contra la covid-19, Vaxzevria, en la Uni\u00f3n Europea por petici\u00f3n propia, seg\u00fan inform\u00f3 la En Sonora en Equipo publicamos toda la informaci\u00f3n de Sonora, M\u00e9xico y el Mundo de manera oportuna y busca que la libertad de expresi\u00f3n sea real. Visita nuestro medio informativo publicado desde Hermosillo, Sonora. %\" \/>\n<meta name=\"robots\" content=\"index, follow, max-snippet:-1, max-image-preview:large, max-video-preview:-1\" \/>\n<link rel=\"canonical\" href=\"https:\/\/www.sonoraenequipo.com.mx\/la-vacuna-contra-la-covid-de-astrazeneca-dejara-de-comercializarse-en-la-union-europea\/\" \/>\n<meta property=\"og:locale\" content=\"es_ES\" \/>\n<meta property=\"og:type\" content=\"article\" \/>\n<meta property=\"og:title\" content=\"Sonora en Equipo. La vacuna contra la covid de AstraZeneca dejar\u00e1 de comercializarse en la Uni\u00f3n Europea Ciencia y Tecnolog\u00eda\" \/>\n<meta property=\"og:description\" content=\"La farmac\u00e9utica AstraZeneca dejar\u00e1 de comercializar su vacuna contra la covid-19, Vaxzevria, en la Uni\u00f3n Europea por petici\u00f3n propia, seg\u00fan inform\u00f3 la En Sonora en Equipo publicamos toda la informaci\u00f3n de Sonora, M\u00e9xico y el Mundo de manera oportuna y busca que la libertad de expresi\u00f3n sea real. Visita nuestro medio informativo publicado desde Hermosillo, Sonora. %\" \/>\n<meta property=\"og:url\" content=\"https:\/\/www.sonoraenequipo.com.mx\/la-vacuna-contra-la-covid-de-astrazeneca-dejara-de-comercializarse-en-la-union-europea\/\" \/>\n<meta property=\"og:site_name\" content=\"Sonora en Equipo.\" \/>\n<meta property=\"article:publisher\" content=\"https:\/\/www.facebook.com\/SonoraEE\/\" \/>\n<meta property=\"article:author\" content=\"https:\/\/www.facebook.com\/SonoraEE\" \/>\n<meta property=\"article:published_time\" content=\"2024-05-10T22:47:18+00:00\" \/>\n<meta property=\"og:image\" content=\"https:\/\/www.sonoraenequipo.com.mx\/storage\/2024\/05\/vacuna-astra.jpg\" \/>\n\t<meta property=\"og:image:width\" content=\"800\" \/>\n\t<meta property=\"og:image:height\" content=\"494\" \/>\n\t<meta property=\"og:image:type\" content=\"image\/jpeg\" \/>\n<meta name=\"author\" content=\"enequipo\" \/>\n<meta name=\"twitter:card\" content=\"summary_large_image\" \/>\n<meta name=\"twitter:creator\" content=\"@sonoraenequipo\" \/>\n<meta name=\"twitter:site\" content=\"@sonoraenequipo\" \/>\n<meta name=\"twitter:label1\" content=\"Escrito por\" \/>\n\t<meta name=\"twitter:data1\" content=\"enequipo\" \/>\n\t<meta name=\"twitter:label2\" content=\"Tiempo de lectura\" \/>\n\t<meta name=\"twitter:data2\" content=\"2 minutos\" \/>\n<script type=\"application\/ld+json\" class=\"yoast-schema-graph\">{\"@context\":\"https:\/\/schema.org\",\"@graph\":[{\"@type\":\"Article\",\"@id\":\"https:\/\/www.sonoraenequipo.com.mx\/la-vacuna-contra-la-covid-de-astrazeneca-dejara-de-comercializarse-en-la-union-europea\/#article\",\"isPartOf\":{\"@id\":\"https:\/\/www.sonoraenequipo.com.mx\/la-vacuna-contra-la-covid-de-astrazeneca-dejara-de-comercializarse-en-la-union-europea\/\"},\"author\":{\"name\":\"enequipo\",\"@id\":\"https:\/\/www.sonoraenequipo.com.mx\/#\/schema\/person\/50102df0fb23a8fa9e8effad8fa81386\"},\"headline\":\"La vacuna contra la covid de AstraZeneca dejar\u00e1 de comercializarse en la Uni\u00f3n Europea\",\"datePublished\":\"2024-05-10T22:47:18+00:00\",\"mainEntityOfPage\":{\"@id\":\"https:\/\/www.sonoraenequipo.com.mx\/la-vacuna-contra-la-covid-de-astrazeneca-dejara-de-comercializarse-en-la-union-europea\/\"},\"wordCount\":505,\"commentCount\":0,\"publisher\":{\"@id\":\"https:\/\/www.sonoraenequipo.com.mx\/#organization\"},\"image\":{\"@id\":\"https:\/\/www.sonoraenequipo.com.mx\/la-vacuna-contra-la-covid-de-astrazeneca-dejara-de-comercializarse-en-la-union-europea\/#primaryimage\"},\"thumbnailUrl\":\"https:\/\/www.sonoraenequipo.com.mx\/storage\/2024\/05\/vacuna-astra.jpg\",\"keywords\":[\"Astra Zeneka\",\"covid\",\"vacuna\"],\"articleSection\":[\"Ciencia y Tecnolog\u00eda\"],\"inLanguage\":\"es\",\"potentialAction\":[{\"@type\":\"CommentAction\",\"name\":\"Comment\",\"target\":[\"https:\/\/www.sonoraenequipo.com.mx\/la-vacuna-contra-la-covid-de-astrazeneca-dejara-de-comercializarse-en-la-union-europea\/#respond\"]}]},{\"@type\":\"WebPage\",\"@id\":\"https:\/\/www.sonoraenequipo.com.mx\/la-vacuna-contra-la-covid-de-astrazeneca-dejara-de-comercializarse-en-la-union-europea\/\",\"url\":\"https:\/\/www.sonoraenequipo.com.mx\/la-vacuna-contra-la-covid-de-astrazeneca-dejara-de-comercializarse-en-la-union-europea\/\",\"name\":\"Sonora en Equipo. La vacuna contra la covid de AstraZeneca dejar\u00e1 de comercializarse en la Uni\u00f3n Europea Ciencia y Tecnolog\u00eda\",\"isPartOf\":{\"@id\":\"https:\/\/www.sonoraenequipo.com.mx\/#website\"},\"primaryImageOfPage\":{\"@id\":\"https:\/\/www.sonoraenequipo.com.mx\/la-vacuna-contra-la-covid-de-astrazeneca-dejara-de-comercializarse-en-la-union-europea\/#primaryimage\"},\"image\":{\"@id\":\"https:\/\/www.sonoraenequipo.com.mx\/la-vacuna-contra-la-covid-de-astrazeneca-dejara-de-comercializarse-en-la-union-europea\/#primaryimage\"},\"thumbnailUrl\":\"https:\/\/www.sonoraenequipo.com.mx\/storage\/2024\/05\/vacuna-astra.jpg\",\"datePublished\":\"2024-05-10T22:47:18+00:00\",\"description\":\"La farmac\u00e9utica AstraZeneca dejar\u00e1 de comercializar su vacuna contra la covid-19, Vaxzevria, en la Uni\u00f3n Europea por petici\u00f3n propia, seg\u00fan inform\u00f3 la En Sonora en Equipo publicamos toda la informaci\u00f3n de Sonora, M\u00e9xico y el Mundo de manera oportuna y busca que la libertad de expresi\u00f3n sea real. Visita nuestro medio informativo publicado desde Hermosillo, Sonora. %\",\"breadcrumb\":{\"@id\":\"https:\/\/www.sonoraenequipo.com.mx\/la-vacuna-contra-la-covid-de-astrazeneca-dejara-de-comercializarse-en-la-union-europea\/#breadcrumb\"},\"inLanguage\":\"es\",\"potentialAction\":[{\"@type\":\"ReadAction\",\"target\":[\"https:\/\/www.sonoraenequipo.com.mx\/la-vacuna-contra-la-covid-de-astrazeneca-dejara-de-comercializarse-en-la-union-europea\/\"]}]},{\"@type\":\"ImageObject\",\"inLanguage\":\"es\",\"@id\":\"https:\/\/www.sonoraenequipo.com.mx\/la-vacuna-contra-la-covid-de-astrazeneca-dejara-de-comercializarse-en-la-union-europea\/#primaryimage\",\"url\":\"https:\/\/www.sonoraenequipo.com.mx\/storage\/2024\/05\/vacuna-astra.jpg\",\"contentUrl\":\"https:\/\/www.sonoraenequipo.com.mx\/storage\/2024\/05\/vacuna-astra.jpg\",\"width\":800,\"height\":494},{\"@type\":\"BreadcrumbList\",\"@id\":\"https:\/\/www.sonoraenequipo.com.mx\/la-vacuna-contra-la-covid-de-astrazeneca-dejara-de-comercializarse-en-la-union-europea\/#breadcrumb\",\"itemListElement\":[{\"@type\":\"ListItem\",\"position\":1,\"name\":\"Portada\",\"item\":\"https:\/\/www.sonoraenequipo.com.mx\/\"},{\"@type\":\"ListItem\",\"position\":2,\"name\":\"La vacuna contra la covid de AstraZeneca dejar\u00e1 de comercializarse en la Uni\u00f3n Europea\"}]},{\"@type\":\"WebSite\",\"@id\":\"https:\/\/www.sonoraenequipo.com.mx\/#website\",\"url\":\"https:\/\/www.sonoraenequipo.com.mx\/\",\"name\":\"Sonora en Equipo.\",\"description\":\"Diario en l\u00ednea con Noticias desde Hermosillo, Sonora\",\"publisher\":{\"@id\":\"https:\/\/www.sonoraenequipo.com.mx\/#organization\"},\"potentialAction\":[{\"@type\":\"SearchAction\",\"target\":{\"@type\":\"EntryPoint\",\"urlTemplate\":\"https:\/\/www.sonoraenequipo.com.mx\/?s={search_term_string}\"},\"query-input\":{\"@type\":\"PropertyValueSpecification\",\"valueRequired\":true,\"valueName\":\"search_term_string\"}}],\"inLanguage\":\"es\"},{\"@type\":\"Organization\",\"@id\":\"https:\/\/www.sonoraenequipo.com.mx\/#organization\",\"name\":\"Sonoraenequipo.com.mx\",\"url\":\"https:\/\/www.sonoraenequipo.com.mx\/\",\"logo\":{\"@type\":\"ImageObject\",\"inLanguage\":\"es\",\"@id\":\"https:\/\/www.sonoraenequipo.com.mx\/#\/schema\/logo\/image\/\",\"url\":\"https:\/\/www.sonoraenequipo.com.mx\/storage\/2019\/01\/sonoraenequipo_opt.png\",\"contentUrl\":\"https:\/\/www.sonoraenequipo.com.mx\/storage\/2019\/01\/sonoraenequipo_opt.png\",\"width\":375,\"height\":125,\"caption\":\"Sonoraenequipo.com.mx\"},\"image\":{\"@id\":\"https:\/\/www.sonoraenequipo.com.mx\/#\/schema\/logo\/image\/\"},\"sameAs\":[\"https:\/\/www.facebook.com\/SonoraEE\/\",\"https:\/\/x.com\/sonoraenequipo\",\"https:\/\/www.youtube.com\/channel\/UC338nW-lPEYmJQs4ZABQ1SQ\"]},{\"@type\":\"Person\",\"@id\":\"https:\/\/www.sonoraenequipo.com.mx\/#\/schema\/person\/50102df0fb23a8fa9e8effad8fa81386\",\"name\":\"enequipo\",\"image\":{\"@type\":\"ImageObject\",\"inLanguage\":\"es\",\"@id\":\"https:\/\/www.sonoraenequipo.com.mx\/#\/schema\/person\/image\/\",\"url\":\"https:\/\/secure.gravatar.com\/avatar\/049821681b589dabc0bc20695993ccebb09f5b5d4d790cd9251b97faac7c652b?s=96&d=blank&r=g\",\"contentUrl\":\"https:\/\/secure.gravatar.com\/avatar\/049821681b589dabc0bc20695993ccebb09f5b5d4d790cd9251b97faac7c652b?s=96&d=blank&r=g\",\"caption\":\"enequipo\"},\"sameAs\":[\"https:\/\/www.facebook.com\/SonoraEE\"]}]}<\/script>\n ","yoast_head_json":{"title":"Sonora en Equipo. La vacuna contra la covid de AstraZeneca dejar\u00e1 de comercializarse en la Uni\u00f3n Europea Ciencia y Tecnolog\u00eda","description":"La farmac\u00e9utica AstraZeneca dejar\u00e1 de comercializar su vacuna contra la covid-19, Vaxzevria, en la Uni\u00f3n Europea por petici\u00f3n propia, seg\u00fan inform\u00f3 la En Sonora en Equipo publicamos toda la informaci\u00f3n de Sonora, M\u00e9xico y el Mundo de manera oportuna y busca que la libertad de expresi\u00f3n sea real. Visita nuestro medio informativo publicado desde Hermosillo, Sonora. %","robots":{"index":"index","follow":"follow","max-snippet":"max-snippet:-1","max-image-preview":"max-image-preview:large","max-video-preview":"max-video-preview:-1"},"canonical":"https:\/\/www.sonoraenequipo.com.mx\/la-vacuna-contra-la-covid-de-astrazeneca-dejara-de-comercializarse-en-la-union-europea\/","og_locale":"es_ES","og_type":"article","og_title":"Sonora en Equipo. La vacuna contra la covid de AstraZeneca dejar\u00e1 de comercializarse en la Uni\u00f3n Europea Ciencia y Tecnolog\u00eda","og_description":"La farmac\u00e9utica AstraZeneca dejar\u00e1 de comercializar su vacuna contra la covid-19, Vaxzevria, en la Uni\u00f3n Europea por petici\u00f3n propia, seg\u00fan inform\u00f3 la En Sonora en Equipo publicamos toda la informaci\u00f3n de Sonora, M\u00e9xico y el Mundo de manera oportuna y busca que la libertad de expresi\u00f3n sea real. Visita nuestro medio informativo publicado desde Hermosillo, Sonora. %","og_url":"https:\/\/www.sonoraenequipo.com.mx\/la-vacuna-contra-la-covid-de-astrazeneca-dejara-de-comercializarse-en-la-union-europea\/","og_site_name":"Sonora en Equipo.","article_publisher":"https:\/\/www.facebook.com\/SonoraEE\/","article_author":"https:\/\/www.facebook.com\/SonoraEE","article_published_time":"2024-05-10T22:47:18+00:00","og_image":[{"width":800,"height":494,"url":"https:\/\/www.sonoraenequipo.com.mx\/storage\/2024\/05\/vacuna-astra.jpg","type":"image\/jpeg"}],"author":"enequipo","twitter_card":"summary_large_image","twitter_creator":"@sonoraenequipo","twitter_site":"@sonoraenequipo","twitter_misc":{"Escrito por":"enequipo","Tiempo de lectura":"2 minutos"},"schema":{"@context":"https:\/\/schema.org","@graph":[{"@type":"Article","@id":"https:\/\/www.sonoraenequipo.com.mx\/la-vacuna-contra-la-covid-de-astrazeneca-dejara-de-comercializarse-en-la-union-europea\/#article","isPartOf":{"@id":"https:\/\/www.sonoraenequipo.com.mx\/la-vacuna-contra-la-covid-de-astrazeneca-dejara-de-comercializarse-en-la-union-europea\/"},"author":{"name":"enequipo","@id":"https:\/\/www.sonoraenequipo.com.mx\/#\/schema\/person\/50102df0fb23a8fa9e8effad8fa81386"},"headline":"La vacuna contra la covid de AstraZeneca dejar\u00e1 de comercializarse en la Uni\u00f3n Europea","datePublished":"2024-05-10T22:47:18+00:00","mainEntityOfPage":{"@id":"https:\/\/www.sonoraenequipo.com.mx\/la-vacuna-contra-la-covid-de-astrazeneca-dejara-de-comercializarse-en-la-union-europea\/"},"wordCount":505,"commentCount":0,"publisher":{"@id":"https:\/\/www.sonoraenequipo.com.mx\/#organization"},"image":{"@id":"https:\/\/www.sonoraenequipo.com.mx\/la-vacuna-contra-la-covid-de-astrazeneca-dejara-de-comercializarse-en-la-union-europea\/#primaryimage"},"thumbnailUrl":"https:\/\/www.sonoraenequipo.com.mx\/storage\/2024\/05\/vacuna-astra.jpg","keywords":["Astra Zeneka","covid","vacuna"],"articleSection":["Ciencia y Tecnolog\u00eda"],"inLanguage":"es","potentialAction":[{"@type":"CommentAction","name":"Comment","target":["https:\/\/www.sonoraenequipo.com.mx\/la-vacuna-contra-la-covid-de-astrazeneca-dejara-de-comercializarse-en-la-union-europea\/#respond"]}]},{"@type":"WebPage","@id":"https:\/\/www.sonoraenequipo.com.mx\/la-vacuna-contra-la-covid-de-astrazeneca-dejara-de-comercializarse-en-la-union-europea\/","url":"https:\/\/www.sonoraenequipo.com.mx\/la-vacuna-contra-la-covid-de-astrazeneca-dejara-de-comercializarse-en-la-union-europea\/","name":"Sonora en Equipo. La vacuna contra la covid de AstraZeneca dejar\u00e1 de comercializarse en la Uni\u00f3n Europea Ciencia y Tecnolog\u00eda","isPartOf":{"@id":"https:\/\/www.sonoraenequipo.com.mx\/#website"},"primaryImageOfPage":{"@id":"https:\/\/www.sonoraenequipo.com.mx\/la-vacuna-contra-la-covid-de-astrazeneca-dejara-de-comercializarse-en-la-union-europea\/#primaryimage"},"image":{"@id":"https:\/\/www.sonoraenequipo.com.mx\/la-vacuna-contra-la-covid-de-astrazeneca-dejara-de-comercializarse-en-la-union-europea\/#primaryimage"},"thumbnailUrl":"https:\/\/www.sonoraenequipo.com.mx\/storage\/2024\/05\/vacuna-astra.jpg","datePublished":"2024-05-10T22:47:18+00:00","description":"La farmac\u00e9utica AstraZeneca dejar\u00e1 de comercializar su vacuna contra la covid-19, Vaxzevria, en la Uni\u00f3n Europea por petici\u00f3n propia, seg\u00fan inform\u00f3 la En Sonora en Equipo publicamos toda la informaci\u00f3n de Sonora, M\u00e9xico y el Mundo de manera oportuna y busca que la libertad de expresi\u00f3n sea real. Visita nuestro medio informativo publicado desde Hermosillo, Sonora. %","breadcrumb":{"@id":"https:\/\/www.sonoraenequipo.com.mx\/la-vacuna-contra-la-covid-de-astrazeneca-dejara-de-comercializarse-en-la-union-europea\/#breadcrumb"},"inLanguage":"es","potentialAction":[{"@type":"ReadAction","target":["https:\/\/www.sonoraenequipo.com.mx\/la-vacuna-contra-la-covid-de-astrazeneca-dejara-de-comercializarse-en-la-union-europea\/"]}]},{"@type":"ImageObject","inLanguage":"es","@id":"https:\/\/www.sonoraenequipo.com.mx\/la-vacuna-contra-la-covid-de-astrazeneca-dejara-de-comercializarse-en-la-union-europea\/#primaryimage","url":"https:\/\/www.sonoraenequipo.com.mx\/storage\/2024\/05\/vacuna-astra.jpg","contentUrl":"https:\/\/www.sonoraenequipo.com.mx\/storage\/2024\/05\/vacuna-astra.jpg","width":800,"height":494},{"@type":"BreadcrumbList","@id":"https:\/\/www.sonoraenequipo.com.mx\/la-vacuna-contra-la-covid-de-astrazeneca-dejara-de-comercializarse-en-la-union-europea\/#breadcrumb","itemListElement":[{"@type":"ListItem","position":1,"name":"Portada","item":"https:\/\/www.sonoraenequipo.com.mx\/"},{"@type":"ListItem","position":2,"name":"La vacuna contra la covid de AstraZeneca dejar\u00e1 de comercializarse en la Uni\u00f3n Europea"}]},{"@type":"WebSite","@id":"https:\/\/www.sonoraenequipo.com.mx\/#website","url":"https:\/\/www.sonoraenequipo.com.mx\/","name":"Sonora en Equipo.","description":"Diario en l\u00ednea con Noticias desde Hermosillo, Sonora","publisher":{"@id":"https:\/\/www.sonoraenequipo.com.mx\/#organization"},"potentialAction":[{"@type":"SearchAction","target":{"@type":"EntryPoint","urlTemplate":"https:\/\/www.sonoraenequipo.com.mx\/?s={search_term_string}"},"query-input":{"@type":"PropertyValueSpecification","valueRequired":true,"valueName":"search_term_string"}}],"inLanguage":"es"},{"@type":"Organization","@id":"https:\/\/www.sonoraenequipo.com.mx\/#organization","name":"Sonoraenequipo.com.mx","url":"https:\/\/www.sonoraenequipo.com.mx\/","logo":{"@type":"ImageObject","inLanguage":"es","@id":"https:\/\/www.sonoraenequipo.com.mx\/#\/schema\/logo\/image\/","url":"https:\/\/www.sonoraenequipo.com.mx\/storage\/2019\/01\/sonoraenequipo_opt.png","contentUrl":"https:\/\/www.sonoraenequipo.com.mx\/storage\/2019\/01\/sonoraenequipo_opt.png","width":375,"height":125,"caption":"Sonoraenequipo.com.mx"},"image":{"@id":"https:\/\/www.sonoraenequipo.com.mx\/#\/schema\/logo\/image\/"},"sameAs":["https:\/\/www.facebook.com\/SonoraEE\/","https:\/\/x.com\/sonoraenequipo","https:\/\/www.youtube.com\/channel\/UC338nW-lPEYmJQs4ZABQ1SQ"]},{"@type":"Person","@id":"https:\/\/www.sonoraenequipo.com.mx\/#\/schema\/person\/50102df0fb23a8fa9e8effad8fa81386","name":"enequipo","image":{"@type":"ImageObject","inLanguage":"es","@id":"https:\/\/www.sonoraenequipo.com.mx\/#\/schema\/person\/image\/","url":"https:\/\/secure.gravatar.com\/avatar\/049821681b589dabc0bc20695993ccebb09f5b5d4d790cd9251b97faac7c652b?s=96&d=blank&r=g","contentUrl":"https:\/\/secure.gravatar.com\/avatar\/049821681b589dabc0bc20695993ccebb09f5b5d4d790cd9251b97faac7c652b?s=96&d=blank&r=g","caption":"enequipo"},"sameAs":["https:\/\/www.facebook.com\/SonoraEE"]}]}},"jetpack_featured_media_url":"https:\/\/www.sonoraenequipo.com.mx\/storage\/2024\/05\/vacuna-astra.jpg","_links":{"self":[{"href":"https:\/\/www.sonoraenequipo.com.mx\/api\/wp\/v2\/posts\/189469","targetHints":{"allow":["GET"]}}],"collection":[{"href":"https:\/\/www.sonoraenequipo.com.mx\/api\/wp\/v2\/posts"}],"about":[{"href":"https:\/\/www.sonoraenequipo.com.mx\/api\/wp\/v2\/types\/post"}],"author":[{"embeddable":true,"href":"https:\/\/www.sonoraenequipo.com.mx\/api\/wp\/v2\/users\/1"}],"replies":[{"embeddable":true,"href":"https:\/\/www.sonoraenequipo.com.mx\/api\/wp\/v2\/comments?post=189469"}],"version-history":[{"count":1,"href":"https:\/\/www.sonoraenequipo.com.mx\/api\/wp\/v2\/posts\/189469\/revisions"}],"predecessor-version":[{"id":189472,"href":"https:\/\/www.sonoraenequipo.com.mx\/api\/wp\/v2\/posts\/189469\/revisions\/189472"}],"wp:featuredmedia":[{"embeddable":true,"href":"https:\/\/www.sonoraenequipo.com.mx\/api\/wp\/v2\/media\/189471"}],"wp:attachment":[{"href":"https:\/\/www.sonoraenequipo.com.mx\/api\/wp\/v2\/media?parent=189469"}],"wp:term":[{"taxonomy":"category","embeddable":true,"href":"https:\/\/www.sonoraenequipo.com.mx\/api\/wp\/v2\/categories?post=189469"},{"taxonomy":"post_tag","embeddable":true,"href":"https:\/\/www.sonoraenequipo.com.mx\/api\/wp\/v2\/tags?post=189469"}],"curies":[{"name":"wp","href":"https:\/\/api.w.org\/{rel}","templated":true}]}}