{"id":189476,"date":"2024-05-10T17:08:16","date_gmt":"2024-05-11T00:08:16","guid":{"rendered":"https:\/\/www.sonoraenequipo.com.mx\/?p=189476"},"modified":"2024-05-10T17:28:55","modified_gmt":"2024-05-11T00:28:55","slug":"ecuador-policia-decomisa-arsenal-en-fiesta-detiene-a-150-entre-ellos-al-hijo-del-expresidente-bucaram-y-un-lider-criminal","status":"publish","type":"post","link":"https:\/\/www.sonoraenequipo.com.mx\/ecuador-policia-decomisa-arsenal-en-fiesta-detiene-a-150-entre-ellos-al-hijo-del-expresidente-bucaram-y-un-lider-criminal\/","title":{"rendered":"Polic\u00eda ecuatoriana detiene a hijo del ex presidente Bucaram y a L\u00edder criminal"},"content":{"rendered":"<p><strong>QUITO, ECUADOR. \u2014<\/strong> \u00a0La polic\u00eda de Ecuador detuvo este viernes a un hijo del expresidente Abdal\u00e1 Bucaram y a un presunto l\u00edder criminal, junto a 150 personas m\u00e1s, por una investigaci\u00f3n relacionada con el narcotr\u00e1fico, durante una fiesta en una finca en las afueras de Guayaquil, una de las ciudades m\u00e1s peligrosas del pa\u00eds.<\/p>\n<p> <\/p>\n<p>Cerca del amanecer de este viernes, la polic\u00eda lleg\u00f3 a la finca San Andr\u00e9s, a unos 34 kil\u00f3metros al norte de Guayaquil, e interrumpi\u00f3 una fiesta privada en la que se incautaron varias armas de fuego, seg\u00fan inform\u00f3 la instituci\u00f3n policial en su cuenta de X, antes Twitter, donde public\u00f3 un video de los agentes ingresando a la propiedad, as\u00ed como fotograf\u00edas de las armas y de veh\u00edculos de alta gama.<\/p>\n<p>Entrada la ma\u00f1ana, decenas de invitados a la fiesta segu\u00edan retenidos por los agentes, mientras en los exteriores del lugar, a 290 kil\u00f3metros al suroeste de la capital, se pod\u00eda observar carros de la polic\u00eda, agentes portando armas de grueso calibre y chalecos antibalas.<\/p>\n<p>La fiscal\u00eda afirm\u00f3 en la red X que dispuso la pr\u00e1ctica de diligencias, tras la aprehensi\u00f3n de varias personas \u201cincluida un presunto l\u00edder de Las \u00c1guilas durante el allanamiento a una finca\u201d. No identific\u00f3 al l\u00edder criminal, aunque medios de comunicaci\u00f3n ecuatorianos aseguran que se trata de Alias Feder.<\/p>\n<p>El comandante policial de la zona 8, a la que pertenece Guayaquil, el general de polic\u00eda William Villarroel, precis\u00f3 que en el lugar se incautaron 40 armas de fuego: cuatro armas largas, dos ametralladoras y 34 pistolas, adem\u00e1s de equipos de comunicaci\u00f3n y dinero en efectivo.<\/p>\n<p>Se\u00f1al\u00f3 que junto con la Fiscal\u00eda se hace la verificaci\u00f3n de la identidad de los 150 detenidos, entre los que se confirm\u00f3 la presencia de Jacobo Bucaram, hijo de un exmandatario ecuatoriano que fue investigado durante la pandemia de COVID-19 y por tenencia de armas. A\u00f1adi\u00f3 que hay personas con antecedentes penales y con presuntos v\u00ednculos con el narcotr\u00e1fico.<\/p>\n<p>Bucaram padre fue presidente por unos meses de Ecuador entre agosto de 1996 y febrero de 1997, cuando fue destituido por el Congreso, que lo acus\u00f3 de incapacidad mental para gobernar.<\/p>\n<p>El exmandatario, en su cuenta de X, asever\u00f3 que su hijo Jacobo Bucaram Pulley estaba invitado a una fiesta en una finca, hab\u00eda orquesta y un cantante internacional. Se\u00f1al\u00f3 que hay \u201cinvitados de la sociedad guayaquile\u00f1a que hoy est\u00e1n retenidos\u201d y a\u00f1adi\u00f3 que \u201cse est\u00e1n violando todos los derechos de mi hijo\u201d y del resto de invitados.<\/p>\n<p>No es la primera vez que Bucaram hijo es detenido. En septiembre de 2020, fue extraditado desde Medell\u00edn, Colombia, acusado por la presunta participaci\u00f3n en una red de corrupci\u00f3n y venta de medicinas en hospitales del Seguro Social de Ecuador, en la cual tambi\u00e9n est\u00e1 involucrado su padre, sancionado por EEUU.<\/p>\n<p>En la p\u00e1gina de consultas de la funci\u00f3n judicial, Bucaram Pulley cuenta con causas por delincuencia organizada, transporte y comercializaci\u00f3n il\u00edcita de bienes patrimoniales. En esta \u00faltima fue absuelto, mientras la primera tiene diligencias pendientes.<\/p>\n<p>En las \u00faltimas semanas se han multiplicado los operativos policiales y militares en contra de grupos criminales que desde inicios del 2021 desataron una espiral de violencia, incluidas brutales matanzas en las c\u00e1rceles, que desde entonces han dejado cerca de 500 presos asesinados, y recurrentes sicariatos, secuestros y extorsiones, entre otros delitos en las calles.<\/p>\n<p>Ecuador cerr\u00f3 el a\u00f1o 2023 como el m\u00e1s violento de su historia con al menos 7.592 asesinatos en las calles, frente a 4.426 de 2022. En lo que va del a\u00f1o la polic\u00eda ha se\u00f1alado que se han registrado 1.875 muertes violentas en el pa\u00eds.<\/p>\n<p>Para hacer frente a la situaci\u00f3n el gobierno del presidente Daniel Noboa decret\u00f3 a inicios de enero el estado de conflicto armado interno que permiti\u00f3 la acci\u00f3n conjunta de polic\u00edas y militares para el control de la seguridad y para hacer frente a la violencia desbordada.<\/p>\n<p><strong>Fecha de publicaci\u00f3n 10 de mayo de 2024 VOA<\/strong><\/p>\n","protected":false},"excerpt":{"rendered":"<p>QUITO, ECUADOR. \u2014 \u00a0La polic\u00eda de Ecuador detuvo este viernes a un hijo del expresidente&#8230;<\/p>\n","protected":false},"author":1,"featured_media":189485,"comment_status":"open","ping_status":"open","sticky":false,"template":"","format":"standard","meta":{"_monsterinsights_skip_tracking":false,"_monsterinsights_sitenote_active":false,"_monsterinsights_sitenote_note":"","_monsterinsights_sitenote_category":0,"footnotes":""},"categories":[3],"tags":[9637],"class_list":["post"],"yoast_head":" \n<title>Sonora en Equipo. Polic\u00eda ecuatoriana detiene a hijo del ex presidente Bucaram y a L\u00edder criminal MUNDO<\/title>\n<meta name=\"description\" content=\"QUITO, ECUADOR. \u2014 \u00a0La polic\u00eda de Ecuador detuvo este viernes a un hijo del expresidente Abdal\u00e1 Bucaram y a un presunto l\u00edder criminal, junto a 150 En Sonora en Equipo publicamos toda la informaci\u00f3n de Sonora, M\u00e9xico y el Mundo de manera oportuna y busca que la libertad de expresi\u00f3n sea real. Visita nuestro medio informativo publicado desde Hermosillo, Sonora. %\" \/>\n<meta name=\"robots\" content=\"index, follow, max-snippet:-1, max-image-preview:large, max-video-preview:-1\" \/>\n<link rel=\"canonical\" href=\"https:\/\/www.sonoraenequipo.com.mx\/ecuador-policia-decomisa-arsenal-en-fiesta-detiene-a-150-entre-ellos-al-hijo-del-expresidente-bucaram-y-un-lider-criminal\/\" \/>\n<meta property=\"og:locale\" content=\"es_ES\" \/>\n<meta property=\"og:type\" content=\"article\" \/>\n<meta property=\"og:title\" content=\"Sonora en Equipo. Polic\u00eda ecuatoriana detiene a hijo del ex presidente Bucaram y a L\u00edder criminal MUNDO\" \/>\n<meta property=\"og:description\" content=\"QUITO, ECUADOR. \u2014 \u00a0La polic\u00eda de Ecuador detuvo este viernes a un hijo del expresidente Abdal\u00e1 Bucaram y a un presunto l\u00edder criminal, junto a 150 En Sonora en Equipo publicamos toda la informaci\u00f3n de Sonora, M\u00e9xico y el Mundo de manera oportuna y busca que la libertad de expresi\u00f3n sea real. Visita nuestro medio informativo publicado desde Hermosillo, Sonora. %\" \/>\n<meta property=\"og:url\" content=\"https:\/\/www.sonoraenequipo.com.mx\/ecuador-policia-decomisa-arsenal-en-fiesta-detiene-a-150-entre-ellos-al-hijo-del-expresidente-bucaram-y-un-lider-criminal\/\" \/>\n<meta property=\"og:site_name\" content=\"Sonora en Equipo.\" \/>\n<meta property=\"article:publisher\" content=\"https:\/\/www.facebook.com\/SonoraEE\/\" \/>\n<meta property=\"article:author\" content=\"https:\/\/www.facebook.com\/SonoraEE\" \/>\n<meta property=\"article:published_time\" content=\"2024-05-11T00:08:16+00:00\" \/>\n<meta property=\"article:modified_time\" content=\"2024-05-11T00:28:55+00:00\" \/>\n<meta property=\"og:image\" content=\"https:\/\/www.sonoraenequipo.com.mx\/storage\/2024\/05\/bucaram.jpg\" \/>\n\t<meta property=\"og:image:width\" content=\"800\" \/>\n\t<meta property=\"og:image:height\" content=\"450\" \/>\n\t<meta property=\"og:image:type\" content=\"image\/jpeg\" \/>\n<meta name=\"author\" content=\"enequipo\" \/>\n<meta name=\"twitter:card\" content=\"summary_large_image\" \/>\n<meta name=\"twitter:creator\" content=\"@sonoraenequipo\" \/>\n<meta name=\"twitter:site\" content=\"@sonoraenequipo\" \/>\n<meta name=\"twitter:label1\" content=\"Escrito por\" \/>\n\t<meta name=\"twitter:data1\" content=\"enequipo\" \/>\n\t<meta name=\"twitter:label2\" content=\"Tiempo de lectura\" \/>\n\t<meta name=\"twitter:data2\" content=\"3 minutos\" \/>\n<script type=\"application\/ld+json\" class=\"yoast-schema-graph\">{\"@context\":\"https:\/\/schema.org\",\"@graph\":[{\"@type\":\"Article\",\"@id\":\"https:\/\/www.sonoraenequipo.com.mx\/ecuador-policia-decomisa-arsenal-en-fiesta-detiene-a-150-entre-ellos-al-hijo-del-expresidente-bucaram-y-un-lider-criminal\/#article\",\"isPartOf\":{\"@id\":\"https:\/\/www.sonoraenequipo.com.mx\/ecuador-policia-decomisa-arsenal-en-fiesta-detiene-a-150-entre-ellos-al-hijo-del-expresidente-bucaram-y-un-lider-criminal\/\"},\"author\":{\"name\":\"enequipo\",\"@id\":\"https:\/\/www.sonoraenequipo.com.mx\/#\/schema\/person\/50102df0fb23a8fa9e8effad8fa81386\"},\"headline\":\"Polic\u00eda ecuatoriana detiene a hijo del ex presidente Bucaram y a L\u00edder criminal\",\"datePublished\":\"2024-05-11T00:08:16+00:00\",\"dateModified\":\"2024-05-11T00:28:55+00:00\",\"mainEntityOfPage\":{\"@id\":\"https:\/\/www.sonoraenequipo.com.mx\/ecuador-policia-decomisa-arsenal-en-fiesta-detiene-a-150-entre-ellos-al-hijo-del-expresidente-bucaram-y-un-lider-criminal\/\"},\"wordCount\":706,\"commentCount\":0,\"publisher\":{\"@id\":\"https:\/\/www.sonoraenequipo.com.mx\/#organization\"},\"image\":{\"@id\":\"https:\/\/www.sonoraenequipo.com.mx\/ecuador-policia-decomisa-arsenal-en-fiesta-detiene-a-150-entre-ellos-al-hijo-del-expresidente-bucaram-y-un-lider-criminal\/#primaryimage\"},\"thumbnailUrl\":\"https:\/\/www.sonoraenequipo.com.mx\/storage\/2024\/05\/bucaram.jpg\",\"keywords\":[\"bucaram\"],\"articleSection\":[\"MUNDO\"],\"inLanguage\":\"es\",\"potentialAction\":[{\"@type\":\"CommentAction\",\"name\":\"Comment\",\"target\":[\"https:\/\/www.sonoraenequipo.com.mx\/ecuador-policia-decomisa-arsenal-en-fiesta-detiene-a-150-entre-ellos-al-hijo-del-expresidente-bucaram-y-un-lider-criminal\/#respond\"]}]},{\"@type\":\"WebPage\",\"@id\":\"https:\/\/www.sonoraenequipo.com.mx\/ecuador-policia-decomisa-arsenal-en-fiesta-detiene-a-150-entre-ellos-al-hijo-del-expresidente-bucaram-y-un-lider-criminal\/\",\"url\":\"https:\/\/www.sonoraenequipo.com.mx\/ecuador-policia-decomisa-arsenal-en-fiesta-detiene-a-150-entre-ellos-al-hijo-del-expresidente-bucaram-y-un-lider-criminal\/\",\"name\":\"Sonora en Equipo. Polic\u00eda ecuatoriana detiene a hijo del ex presidente Bucaram y a L\u00edder criminal MUNDO\",\"isPartOf\":{\"@id\":\"https:\/\/www.sonoraenequipo.com.mx\/#website\"},\"primaryImageOfPage\":{\"@id\":\"https:\/\/www.sonoraenequipo.com.mx\/ecuador-policia-decomisa-arsenal-en-fiesta-detiene-a-150-entre-ellos-al-hijo-del-expresidente-bucaram-y-un-lider-criminal\/#primaryimage\"},\"image\":{\"@id\":\"https:\/\/www.sonoraenequipo.com.mx\/ecuador-policia-decomisa-arsenal-en-fiesta-detiene-a-150-entre-ellos-al-hijo-del-expresidente-bucaram-y-un-lider-criminal\/#primaryimage\"},\"thumbnailUrl\":\"https:\/\/www.sonoraenequipo.com.mx\/storage\/2024\/05\/bucaram.jpg\",\"datePublished\":\"2024-05-11T00:08:16+00:00\",\"dateModified\":\"2024-05-11T00:28:55+00:00\",\"description\":\"QUITO, ECUADOR. \u2014 \u00a0La polic\u00eda de Ecuador detuvo este viernes a un hijo del expresidente Abdal\u00e1 Bucaram y a un presunto l\u00edder criminal, junto a 150 En Sonora en Equipo publicamos toda la informaci\u00f3n de Sonora, M\u00e9xico y el Mundo de manera oportuna y busca que la libertad de expresi\u00f3n sea real. Visita nuestro medio informativo publicado desde Hermosillo, Sonora. %\",\"breadcrumb\":{\"@id\":\"https:\/\/www.sonoraenequipo.com.mx\/ecuador-policia-decomisa-arsenal-en-fiesta-detiene-a-150-entre-ellos-al-hijo-del-expresidente-bucaram-y-un-lider-criminal\/#breadcrumb\"},\"inLanguage\":\"es\",\"potentialAction\":[{\"@type\":\"ReadAction\",\"target\":[\"https:\/\/www.sonoraenequipo.com.mx\/ecuador-policia-decomisa-arsenal-en-fiesta-detiene-a-150-entre-ellos-al-hijo-del-expresidente-bucaram-y-un-lider-criminal\/\"]}]},{\"@type\":\"ImageObject\",\"inLanguage\":\"es\",\"@id\":\"https:\/\/www.sonoraenequipo.com.mx\/ecuador-policia-decomisa-arsenal-en-fiesta-detiene-a-150-entre-ellos-al-hijo-del-expresidente-bucaram-y-un-lider-criminal\/#primaryimage\",\"url\":\"https:\/\/www.sonoraenequipo.com.mx\/storage\/2024\/05\/bucaram.jpg\",\"contentUrl\":\"https:\/\/www.sonoraenequipo.com.mx\/storage\/2024\/05\/bucaram.jpg\",\"width\":800,\"height\":450,\"caption\":\"ARCHIVO - El entonces presidente de Ecuador, Abdal\u00e1 Bucaram, durante un acto p\u00fablico en Guayaquil, en julio de 1996. Imagen AP\"},{\"@type\":\"BreadcrumbList\",\"@id\":\"https:\/\/www.sonoraenequipo.com.mx\/ecuador-policia-decomisa-arsenal-en-fiesta-detiene-a-150-entre-ellos-al-hijo-del-expresidente-bucaram-y-un-lider-criminal\/#breadcrumb\",\"itemListElement\":[{\"@type\":\"ListItem\",\"position\":1,\"name\":\"Portada\",\"item\":\"https:\/\/www.sonoraenequipo.com.mx\/\"},{\"@type\":\"ListItem\",\"position\":2,\"name\":\"Polic\u00eda ecuatoriana detiene a hijo del ex presidente Bucaram y a L\u00edder criminal\"}]},{\"@type\":\"WebSite\",\"@id\":\"https:\/\/www.sonoraenequipo.com.mx\/#website\",\"url\":\"https:\/\/www.sonoraenequipo.com.mx\/\",\"name\":\"Sonora en Equipo.\",\"description\":\"Diario en l\u00ednea con Noticias desde Hermosillo, Sonora\",\"publisher\":{\"@id\":\"https:\/\/www.sonoraenequipo.com.mx\/#organization\"},\"potentialAction\":[{\"@type\":\"SearchAction\",\"target\":{\"@type\":\"EntryPoint\",\"urlTemplate\":\"https:\/\/www.sonoraenequipo.com.mx\/?s={search_term_string}\"},\"query-input\":{\"@type\":\"PropertyValueSpecification\",\"valueRequired\":true,\"valueName\":\"search_term_string\"}}],\"inLanguage\":\"es\"},{\"@type\":\"Organization\",\"@id\":\"https:\/\/www.sonoraenequipo.com.mx\/#organization\",\"name\":\"Sonoraenequipo.com.mx\",\"url\":\"https:\/\/www.sonoraenequipo.com.mx\/\",\"logo\":{\"@type\":\"ImageObject\",\"inLanguage\":\"es\",\"@id\":\"https:\/\/www.sonoraenequipo.com.mx\/#\/schema\/logo\/image\/\",\"url\":\"https:\/\/www.sonoraenequipo.com.mx\/storage\/2019\/01\/sonoraenequipo_opt.png\",\"contentUrl\":\"https:\/\/www.sonoraenequipo.com.mx\/storage\/2019\/01\/sonoraenequipo_opt.png\",\"width\":375,\"height\":125,\"caption\":\"Sonoraenequipo.com.mx\"},\"image\":{\"@id\":\"https:\/\/www.sonoraenequipo.com.mx\/#\/schema\/logo\/image\/\"},\"sameAs\":[\"https:\/\/www.facebook.com\/SonoraEE\/\",\"https:\/\/x.com\/sonoraenequipo\",\"https:\/\/www.youtube.com\/channel\/UC338nW-lPEYmJQs4ZABQ1SQ\"]},{\"@type\":\"Person\",\"@id\":\"https:\/\/www.sonoraenequipo.com.mx\/#\/schema\/person\/50102df0fb23a8fa9e8effad8fa81386\",\"name\":\"enequipo\",\"image\":{\"@type\":\"ImageObject\",\"inLanguage\":\"es\",\"@id\":\"https:\/\/www.sonoraenequipo.com.mx\/#\/schema\/person\/image\/\",\"url\":\"https:\/\/secure.gravatar.com\/avatar\/049821681b589dabc0bc20695993ccebb09f5b5d4d790cd9251b97faac7c652b?s=96&d=blank&r=g\",\"contentUrl\":\"https:\/\/secure.gravatar.com\/avatar\/049821681b589dabc0bc20695993ccebb09f5b5d4d790cd9251b97faac7c652b?s=96&d=blank&r=g\",\"caption\":\"enequipo\"},\"sameAs\":[\"https:\/\/www.facebook.com\/SonoraEE\"]}]}<\/script>\n ","yoast_head_json":{"title":"Sonora en Equipo. Polic\u00eda ecuatoriana detiene a hijo del ex presidente Bucaram y a L\u00edder criminal MUNDO","description":"QUITO, ECUADOR. \u2014 \u00a0La polic\u00eda de Ecuador detuvo este viernes a un hijo del expresidente Abdal\u00e1 Bucaram y a un presunto l\u00edder criminal, junto a 150 En Sonora en Equipo publicamos toda la informaci\u00f3n de Sonora, M\u00e9xico y el Mundo de manera oportuna y busca que la libertad de expresi\u00f3n sea real. Visita nuestro medio informativo publicado desde Hermosillo, Sonora. %","robots":{"index":"index","follow":"follow","max-snippet":"max-snippet:-1","max-image-preview":"max-image-preview:large","max-video-preview":"max-video-preview:-1"},"canonical":"https:\/\/www.sonoraenequipo.com.mx\/ecuador-policia-decomisa-arsenal-en-fiesta-detiene-a-150-entre-ellos-al-hijo-del-expresidente-bucaram-y-un-lider-criminal\/","og_locale":"es_ES","og_type":"article","og_title":"Sonora en Equipo. Polic\u00eda ecuatoriana detiene a hijo del ex presidente Bucaram y a L\u00edder criminal MUNDO","og_description":"QUITO, ECUADOR. \u2014 \u00a0La polic\u00eda de Ecuador detuvo este viernes a un hijo del expresidente Abdal\u00e1 Bucaram y a un presunto l\u00edder criminal, junto a 150 En Sonora en Equipo publicamos toda la informaci\u00f3n de Sonora, M\u00e9xico y el Mundo de manera oportuna y busca que la libertad de expresi\u00f3n sea real. Visita nuestro medio informativo publicado desde Hermosillo, Sonora. %","og_url":"https:\/\/www.sonoraenequipo.com.mx\/ecuador-policia-decomisa-arsenal-en-fiesta-detiene-a-150-entre-ellos-al-hijo-del-expresidente-bucaram-y-un-lider-criminal\/","og_site_name":"Sonora en Equipo.","article_publisher":"https:\/\/www.facebook.com\/SonoraEE\/","article_author":"https:\/\/www.facebook.com\/SonoraEE","article_published_time":"2024-05-11T00:08:16+00:00","article_modified_time":"2024-05-11T00:28:55+00:00","og_image":[{"width":800,"height":450,"url":"https:\/\/www.sonoraenequipo.com.mx\/storage\/2024\/05\/bucaram.jpg","type":"image\/jpeg"}],"author":"enequipo","twitter_card":"summary_large_image","twitter_creator":"@sonoraenequipo","twitter_site":"@sonoraenequipo","twitter_misc":{"Escrito por":"enequipo","Tiempo de lectura":"3 minutos"},"schema":{"@context":"https:\/\/schema.org","@graph":[{"@type":"Article","@id":"https:\/\/www.sonoraenequipo.com.mx\/ecuador-policia-decomisa-arsenal-en-fiesta-detiene-a-150-entre-ellos-al-hijo-del-expresidente-bucaram-y-un-lider-criminal\/#article","isPartOf":{"@id":"https:\/\/www.sonoraenequipo.com.mx\/ecuador-policia-decomisa-arsenal-en-fiesta-detiene-a-150-entre-ellos-al-hijo-del-expresidente-bucaram-y-un-lider-criminal\/"},"author":{"name":"enequipo","@id":"https:\/\/www.sonoraenequipo.com.mx\/#\/schema\/person\/50102df0fb23a8fa9e8effad8fa81386"},"headline":"Polic\u00eda ecuatoriana detiene a hijo del ex presidente Bucaram y a L\u00edder criminal","datePublished":"2024-05-11T00:08:16+00:00","dateModified":"2024-05-11T00:28:55+00:00","mainEntityOfPage":{"@id":"https:\/\/www.sonoraenequipo.com.mx\/ecuador-policia-decomisa-arsenal-en-fiesta-detiene-a-150-entre-ellos-al-hijo-del-expresidente-bucaram-y-un-lider-criminal\/"},"wordCount":706,"commentCount":0,"publisher":{"@id":"https:\/\/www.sonoraenequipo.com.mx\/#organization"},"image":{"@id":"https:\/\/www.sonoraenequipo.com.mx\/ecuador-policia-decomisa-arsenal-en-fiesta-detiene-a-150-entre-ellos-al-hijo-del-expresidente-bucaram-y-un-lider-criminal\/#primaryimage"},"thumbnailUrl":"https:\/\/www.sonoraenequipo.com.mx\/storage\/2024\/05\/bucaram.jpg","keywords":["bucaram"],"articleSection":["MUNDO"],"inLanguage":"es","potentialAction":[{"@type":"CommentAction","name":"Comment","target":["https:\/\/www.sonoraenequipo.com.mx\/ecuador-policia-decomisa-arsenal-en-fiesta-detiene-a-150-entre-ellos-al-hijo-del-expresidente-bucaram-y-un-lider-criminal\/#respond"]}]},{"@type":"WebPage","@id":"https:\/\/www.sonoraenequipo.com.mx\/ecuador-policia-decomisa-arsenal-en-fiesta-detiene-a-150-entre-ellos-al-hijo-del-expresidente-bucaram-y-un-lider-criminal\/","url":"https:\/\/www.sonoraenequipo.com.mx\/ecuador-policia-decomisa-arsenal-en-fiesta-detiene-a-150-entre-ellos-al-hijo-del-expresidente-bucaram-y-un-lider-criminal\/","name":"Sonora en Equipo. Polic\u00eda ecuatoriana detiene a hijo del ex presidente Bucaram y a L\u00edder criminal MUNDO","isPartOf":{"@id":"https:\/\/www.sonoraenequipo.com.mx\/#website"},"primaryImageOfPage":{"@id":"https:\/\/www.sonoraenequipo.com.mx\/ecuador-policia-decomisa-arsenal-en-fiesta-detiene-a-150-entre-ellos-al-hijo-del-expresidente-bucaram-y-un-lider-criminal\/#primaryimage"},"image":{"@id":"https:\/\/www.sonoraenequipo.com.mx\/ecuador-policia-decomisa-arsenal-en-fiesta-detiene-a-150-entre-ellos-al-hijo-del-expresidente-bucaram-y-un-lider-criminal\/#primaryimage"},"thumbnailUrl":"https:\/\/www.sonoraenequipo.com.mx\/storage\/2024\/05\/bucaram.jpg","datePublished":"2024-05-11T00:08:16+00:00","dateModified":"2024-05-11T00:28:55+00:00","description":"QUITO, ECUADOR. \u2014 \u00a0La polic\u00eda de Ecuador detuvo este viernes a un hijo del expresidente Abdal\u00e1 Bucaram y a un presunto l\u00edder criminal, junto a 150 En Sonora en Equipo publicamos toda la informaci\u00f3n de Sonora, M\u00e9xico y el Mundo de manera oportuna y busca que la libertad de expresi\u00f3n sea real. Visita nuestro medio informativo publicado desde Hermosillo, Sonora. %","breadcrumb":{"@id":"https:\/\/www.sonoraenequipo.com.mx\/ecuador-policia-decomisa-arsenal-en-fiesta-detiene-a-150-entre-ellos-al-hijo-del-expresidente-bucaram-y-un-lider-criminal\/#breadcrumb"},"inLanguage":"es","potentialAction":[{"@type":"ReadAction","target":["https:\/\/www.sonoraenequipo.com.mx\/ecuador-policia-decomisa-arsenal-en-fiesta-detiene-a-150-entre-ellos-al-hijo-del-expresidente-bucaram-y-un-lider-criminal\/"]}]},{"@type":"ImageObject","inLanguage":"es","@id":"https:\/\/www.sonoraenequipo.com.mx\/ecuador-policia-decomisa-arsenal-en-fiesta-detiene-a-150-entre-ellos-al-hijo-del-expresidente-bucaram-y-un-lider-criminal\/#primaryimage","url":"https:\/\/www.sonoraenequipo.com.mx\/storage\/2024\/05\/bucaram.jpg","contentUrl":"https:\/\/www.sonoraenequipo.com.mx\/storage\/2024\/05\/bucaram.jpg","width":800,"height":450,"caption":"ARCHIVO - El entonces presidente de Ecuador, Abdal\u00e1 Bucaram, durante un acto p\u00fablico en Guayaquil, en julio de 1996. Imagen AP"},{"@type":"BreadcrumbList","@id":"https:\/\/www.sonoraenequipo.com.mx\/ecuador-policia-decomisa-arsenal-en-fiesta-detiene-a-150-entre-ellos-al-hijo-del-expresidente-bucaram-y-un-lider-criminal\/#breadcrumb","itemListElement":[{"@type":"ListItem","position":1,"name":"Portada","item":"https:\/\/www.sonoraenequipo.com.mx\/"},{"@type":"ListItem","position":2,"name":"Polic\u00eda ecuatoriana detiene a hijo del ex presidente Bucaram y a L\u00edder criminal"}]},{"@type":"WebSite","@id":"https:\/\/www.sonoraenequipo.com.mx\/#website","url":"https:\/\/www.sonoraenequipo.com.mx\/","name":"Sonora en Equipo.","description":"Diario en l\u00ednea con Noticias desde Hermosillo, Sonora","publisher":{"@id":"https:\/\/www.sonoraenequipo.com.mx\/#organization"},"potentialAction":[{"@type":"SearchAction","target":{"@type":"EntryPoint","urlTemplate":"https:\/\/www.sonoraenequipo.com.mx\/?s={search_term_string}"},"query-input":{"@type":"PropertyValueSpecification","valueRequired":true,"valueName":"search_term_string"}}],"inLanguage":"es"},{"@type":"Organization","@id":"https:\/\/www.sonoraenequipo.com.mx\/#organization","name":"Sonoraenequipo.com.mx","url":"https:\/\/www.sonoraenequipo.com.mx\/","logo":{"@type":"ImageObject","inLanguage":"es","@id":"https:\/\/www.sonoraenequipo.com.mx\/#\/schema\/logo\/image\/","url":"https:\/\/www.sonoraenequipo.com.mx\/storage\/2019\/01\/sonoraenequipo_opt.png","contentUrl":"https:\/\/www.sonoraenequipo.com.mx\/storage\/2019\/01\/sonoraenequipo_opt.png","width":375,"height":125,"caption":"Sonoraenequipo.com.mx"},"image":{"@id":"https:\/\/www.sonoraenequipo.com.mx\/#\/schema\/logo\/image\/"},"sameAs":["https:\/\/www.facebook.com\/SonoraEE\/","https:\/\/x.com\/sonoraenequipo","https:\/\/www.youtube.com\/channel\/UC338nW-lPEYmJQs4ZABQ1SQ"]},{"@type":"Person","@id":"https:\/\/www.sonoraenequipo.com.mx\/#\/schema\/person\/50102df0fb23a8fa9e8effad8fa81386","name":"enequipo","image":{"@type":"ImageObject","inLanguage":"es","@id":"https:\/\/www.sonoraenequipo.com.mx\/#\/schema\/person\/image\/","url":"https:\/\/secure.gravatar.com\/avatar\/049821681b589dabc0bc20695993ccebb09f5b5d4d790cd9251b97faac7c652b?s=96&d=blank&r=g","contentUrl":"https:\/\/secure.gravatar.com\/avatar\/049821681b589dabc0bc20695993ccebb09f5b5d4d790cd9251b97faac7c652b?s=96&d=blank&r=g","caption":"enequipo"},"sameAs":["https:\/\/www.facebook.com\/SonoraEE"]}]}},"jetpack_featured_media_url":"https:\/\/www.sonoraenequipo.com.mx\/storage\/2024\/05\/bucaram.jpg","_links":{"self":[{"href":"https:\/\/www.sonoraenequipo.com.mx\/api\/wp\/v2\/posts\/189476","targetHints":{"allow":["GET"]}}],"collection":[{"href":"https:\/\/www.sonoraenequipo.com.mx\/api\/wp\/v2\/posts"}],"about":[{"href":"https:\/\/www.sonoraenequipo.com.mx\/api\/wp\/v2\/types\/post"}],"author":[{"embeddable":true,"href":"https:\/\/www.sonoraenequipo.com.mx\/api\/wp\/v2\/users\/1"}],"replies":[{"embeddable":true,"href":"https:\/\/www.sonoraenequipo.com.mx\/api\/wp\/v2\/comments?post=189476"}],"version-history":[{"count":2,"href":"https:\/\/www.sonoraenequipo.com.mx\/api\/wp\/v2\/posts\/189476\/revisions"}],"predecessor-version":[{"id":189490,"href":"https:\/\/www.sonoraenequipo.com.mx\/api\/wp\/v2\/posts\/189476\/revisions\/189490"}],"wp:featuredmedia":[{"embeddable":true,"href":"https:\/\/www.sonoraenequipo.com.mx\/api\/wp\/v2\/media\/189485"}],"wp:attachment":[{"href":"https:\/\/www.sonoraenequipo.com.mx\/api\/wp\/v2\/media?parent=189476"}],"wp:term":[{"taxonomy":"category","embeddable":true,"href":"https:\/\/www.sonoraenequipo.com.mx\/api\/wp\/v2\/categories?post=189476"},{"taxonomy":"post_tag","embeddable":true,"href":"https:\/\/www.sonoraenequipo.com.mx\/api\/wp\/v2\/tags?post=189476"}],"curies":[{"name":"wp","href":"https:\/\/api.w.org\/{rel}","templated":true}]}}