{"id":189494,"date":"2024-05-10T17:42:49","date_gmt":"2024-05-11T00:42:49","guid":{"rendered":"https:\/\/www.sonoraenequipo.com.mx\/?p=189494"},"modified":"2024-05-10T17:42:49","modified_gmt":"2024-05-11T00:42:49","slug":"por-iniciar-la-universiada-nacional-los-buhos-de-unison-estaran-presentes","status":"publish","type":"post","link":"https:\/\/www.sonoraenequipo.com.mx\/por-iniciar-la-universiada-nacional-los-buhos-de-unison-estaran-presentes\/","title":{"rendered":"Por iniciar la Universiada Nacional; los B\u00fahos de Unison estar\u00e1n presentes"},"content":{"rendered":"<p><strong>HERMOSILLO, SONORA, MX.\u02d7\u02d7\u02d7 \u00a0<\/strong>Del 11 al 28 de mayo, se llevar\u00e1 a cabo la Universiada Nacional, misma en la que competir\u00e1n m\u00e1s de 130 deportistas de esta casa de estudios, quienes estar\u00e1n guiados por 14 entrenadores en la sede de la Universidad Nacional de Aguascalientes.<\/p>\n<p>Este fin de semana viajar\u00e1n los primeros contingentes para comenzar acciones el domingo en los deportes de basquetbol 3&#215;3, taekwondo, levantamiento de pesas, ajedrez y softbol.<\/p>\n<p>&nbsp;<\/p>\n<p>Deportes Individuales<\/p>\n<p>En boxeo universitario, acude por primera vez Massimo Fern\u00e1ndez Mu\u00f1oz; en ajedrez, H\u00e9ctor Daniel Miranda Valdez, Jorge Estupi\u00f1\u00e1n Pi\u00f1a y Ang\u00e9lica Miranda Olivares; en judo, Alan G\u00e1mez Gonz\u00e1lez, Kamila del Campo Argomaniz, Miriam Morales Contreras, J\u00e9ssica Ortega Serratos, Susana Torres Cantor\u00e1n y Marina Gonz\u00e1lez P\u00e9rez.<\/p>\n<p>En levantamiento de pesas, los halteristas b\u00fahos presentes ser\u00e1n: Rafael Egurrola Corella, Jes\u00fas Mart\u00ednez Cruz, Jimena Arg\u00fcelles Mac\u00edas, \u00c1ngel Amaya Mungu\u00eda, Danna Ripalda Guzm\u00e1n, la seleccionada nacional Naomi Montes Coronado, Paulina Salazar Beltr\u00e1n y Laura Palafox Rivera.<\/p>\n<p>En lucha universitaria, Daniel Carachure R\u00edos, Manuel Encinas Mundo, el seleccionado nacional H\u00e9ctor Gonz\u00e1lez Torres, Nubia Lorenzana Ballesteros, \u00c1ngel Rodr\u00edguez Ram\u00edrez, la medallista de Universidad Mundial Angela Kristina Torres Pro, Evelyn Valeria Moreno Baca, Michelle Olea Ruiz, Jes\u00fas Tapia Lastra, Efr\u00e9n Arellano Vega, Paula Le\u00f3n Adriano, Josefina Ram\u00edrez Duarte, \u00c1ngel Encinas Mundo, Erwin Vargas Mart\u00ednez y Lissette Garc\u00eda Salazar.<\/p>\n<p>Portar\u00e1n tambi\u00e9n la playera de la Unison los taekwondo\u00ednes Nina Monge Ram\u00edrez, Jennifer Torres Leyva, H\u00e9ctor Corona Mora, Oscar L\u00f3pez Villase\u00f1or, \u00c9dgar T\u00e1nori Estrada, Neida T\u00e1nori Estrada, Mar\u00eda Corona Aguilar, Jos\u00e9 T\u00e1nori Estrada, Jeovana Plumeda Vidrio, Kiara Ortega Peralta, Luis Minj\u00e1rez Luna e Irving Prieto G\u00f3mez.<\/p>\n<p>En el deporte de la raqueta blanca, los tenistas b\u00fahos que clasificaron son Jos\u00e9 P\u00e9rez Contreras, Leobardo Reyes Garc\u00eda, Sof\u00eda Montiel Celaya e Isis Contreras Vargas; mientras que, en tiro con arco, regresa Alejandro Pe\u00f1a Gaxiola y debuta Eros Illescas Paz.<\/p>\n<p>La triatleta seleccionada nacional, Sof\u00eda Coboj Rivera volver\u00e1 a portar el uniforme b\u00faho, y, en atletismo, los universitarios que acudir\u00e1n son: Jos\u00e9 Eduardo Ch\u00e1vez Espinoza, Frida Arenas Moreno, Silvia Duarte Gurrola, Diego Llanos Robles, Mariana Monjaras Valencia, Valeria Uribe Tapia; Sarah Itzel del Moral Acu\u00f1a, Yesika Jorquera Guti\u00e9rrez y Kristtelle Cedano Guerrero.<\/p>\n<p>&nbsp;<\/p>\n<p>Equipos de conjunto<\/p>\n<p>Acude por primera vez la selecci\u00f3n femenil de basquetbol 3&#215;3; tambi\u00e9n presente el equipo varonil de handball; en softbol, el representativo de la Unison vuelve por la revancha despu\u00e9s de quedarse con la plata el a\u00f1o pasado, los selectivos femenil y varonil de tochito ir\u00e1n en busca del podio; as\u00ed como los seleccionados en volibol de playa varonil.<\/p>\n<p><strong>Fecha de publicaci\u00f3n viernes 10 de mayo de 2024<\/strong><\/p>\n<p>&nbsp;<\/p>\n","protected":false},"excerpt":{"rendered":"<p>HERMOSILLO, SONORA, MX.\u02d7\u02d7\u02d7 \u00a0Del 11 al 28 de mayo, se llevar\u00e1 a cabo la Universiada&#8230;<\/p>\n","protected":false},"author":1,"featured_media":189495,"comment_status":"open","ping_status":"open","sticky":false,"template":"","format":"standard","meta":{"_monsterinsights_skip_tracking":false,"_monsterinsights_sitenote_active":false,"_monsterinsights_sitenote_note":"","_monsterinsights_sitenote_category":0,"footnotes":""},"categories":[10],"tags":[9638],"class_list":["post"],"yoast_head":" \n<title>Sonora en Equipo. Por iniciar la Universiada Nacional; los B\u00fahos de Unison estar\u00e1n presentes Deportes<\/title>\n<meta name=\"description\" content=\"HERMOSILLO, SONORA, MX.\u02d7\u02d7\u02d7 \u00a0Del 11 al 28 de mayo, se llevar\u00e1 a cabo la Universiada Nacional, misma en la que competir\u00e1n m\u00e1s de 130 deportistas de esta En Sonora en Equipo publicamos toda la informaci\u00f3n de Sonora, M\u00e9xico y el Mundo de manera oportuna y busca que la libertad de expresi\u00f3n sea real. Visita nuestro medio informativo publicado desde Hermosillo, Sonora. %\" \/>\n<meta name=\"robots\" content=\"index, follow, max-snippet:-1, max-image-preview:large, max-video-preview:-1\" \/>\n<link rel=\"canonical\" href=\"https:\/\/www.sonoraenequipo.com.mx\/por-iniciar-la-universiada-nacional-los-buhos-de-unison-estaran-presentes\/\" \/>\n<meta property=\"og:locale\" content=\"es_ES\" \/>\n<meta property=\"og:type\" content=\"article\" \/>\n<meta property=\"og:title\" content=\"Sonora en Equipo. Por iniciar la Universiada Nacional; los B\u00fahos de Unison estar\u00e1n presentes Deportes\" \/>\n<meta property=\"og:description\" content=\"HERMOSILLO, SONORA, MX.\u02d7\u02d7\u02d7 \u00a0Del 11 al 28 de mayo, se llevar\u00e1 a cabo la Universiada Nacional, misma en la que competir\u00e1n m\u00e1s de 130 deportistas de esta En Sonora en Equipo publicamos toda la informaci\u00f3n de Sonora, M\u00e9xico y el Mundo de manera oportuna y busca que la libertad de expresi\u00f3n sea real. Visita nuestro medio informativo publicado desde Hermosillo, Sonora. %\" \/>\n<meta property=\"og:url\" content=\"https:\/\/www.sonoraenequipo.com.mx\/por-iniciar-la-universiada-nacional-los-buhos-de-unison-estaran-presentes\/\" \/>\n<meta property=\"og:site_name\" content=\"Sonora en Equipo.\" \/>\n<meta property=\"article:publisher\" content=\"https:\/\/www.facebook.com\/SonoraEE\/\" \/>\n<meta property=\"article:author\" content=\"https:\/\/www.facebook.com\/SonoraEE\" \/>\n<meta property=\"article:published_time\" content=\"2024-05-11T00:42:49+00:00\" \/>\n<meta property=\"og:image\" content=\"https:\/\/www.sonoraenequipo.com.mx\/storage\/2024\/05\/universiada.jpg\" \/>\n\t<meta property=\"og:image:width\" content=\"800\" \/>\n\t<meta property=\"og:image:height\" content=\"534\" \/>\n\t<meta property=\"og:image:type\" content=\"image\/jpeg\" \/>\n<meta name=\"author\" content=\"enequipo\" \/>\n<meta name=\"twitter:card\" content=\"summary_large_image\" \/>\n<meta name=\"twitter:creator\" content=\"@sonoraenequipo\" \/>\n<meta name=\"twitter:site\" content=\"@sonoraenequipo\" \/>\n<meta name=\"twitter:label1\" content=\"Escrito por\" \/>\n\t<meta name=\"twitter:data1\" content=\"enequipo\" \/>\n\t<meta name=\"twitter:label2\" content=\"Tiempo de lectura\" \/>\n\t<meta name=\"twitter:data2\" content=\"2 minutos\" \/>\n<script type=\"application\/ld+json\" class=\"yoast-schema-graph\">{\"@context\":\"https:\/\/schema.org\",\"@graph\":[{\"@type\":\"Article\",\"@id\":\"https:\/\/www.sonoraenequipo.com.mx\/por-iniciar-la-universiada-nacional-los-buhos-de-unison-estaran-presentes\/#article\",\"isPartOf\":{\"@id\":\"https:\/\/www.sonoraenequipo.com.mx\/por-iniciar-la-universiada-nacional-los-buhos-de-unison-estaran-presentes\/\"},\"author\":{\"name\":\"enequipo\",\"@id\":\"https:\/\/www.sonoraenequipo.com.mx\/#\/schema\/person\/50102df0fb23a8fa9e8effad8fa81386\"},\"headline\":\"Por iniciar la Universiada Nacional; los B\u00fahos de Unison estar\u00e1n presentes\",\"datePublished\":\"2024-05-11T00:42:49+00:00\",\"mainEntityOfPage\":{\"@id\":\"https:\/\/www.sonoraenequipo.com.mx\/por-iniciar-la-universiada-nacional-los-buhos-de-unison-estaran-presentes\/\"},\"wordCount\":499,\"commentCount\":0,\"publisher\":{\"@id\":\"https:\/\/www.sonoraenequipo.com.mx\/#organization\"},\"image\":{\"@id\":\"https:\/\/www.sonoraenequipo.com.mx\/por-iniciar-la-universiada-nacional-los-buhos-de-unison-estaran-presentes\/#primaryimage\"},\"thumbnailUrl\":\"https:\/\/www.sonoraenequipo.com.mx\/storage\/2024\/05\/universiada.jpg\",\"keywords\":[\"universiada 2024\"],\"articleSection\":[\"Deportes\"],\"inLanguage\":\"es\",\"potentialAction\":[{\"@type\":\"CommentAction\",\"name\":\"Comment\",\"target\":[\"https:\/\/www.sonoraenequipo.com.mx\/por-iniciar-la-universiada-nacional-los-buhos-de-unison-estaran-presentes\/#respond\"]}]},{\"@type\":\"WebPage\",\"@id\":\"https:\/\/www.sonoraenequipo.com.mx\/por-iniciar-la-universiada-nacional-los-buhos-de-unison-estaran-presentes\/\",\"url\":\"https:\/\/www.sonoraenequipo.com.mx\/por-iniciar-la-universiada-nacional-los-buhos-de-unison-estaran-presentes\/\",\"name\":\"Sonora en Equipo. Por iniciar la Universiada Nacional; los B\u00fahos de Unison estar\u00e1n presentes Deportes\",\"isPartOf\":{\"@id\":\"https:\/\/www.sonoraenequipo.com.mx\/#website\"},\"primaryImageOfPage\":{\"@id\":\"https:\/\/www.sonoraenequipo.com.mx\/por-iniciar-la-universiada-nacional-los-buhos-de-unison-estaran-presentes\/#primaryimage\"},\"image\":{\"@id\":\"https:\/\/www.sonoraenequipo.com.mx\/por-iniciar-la-universiada-nacional-los-buhos-de-unison-estaran-presentes\/#primaryimage\"},\"thumbnailUrl\":\"https:\/\/www.sonoraenequipo.com.mx\/storage\/2024\/05\/universiada.jpg\",\"datePublished\":\"2024-05-11T00:42:49+00:00\",\"description\":\"HERMOSILLO, SONORA, MX.\u02d7\u02d7\u02d7 \u00a0Del 11 al 28 de mayo, se llevar\u00e1 a cabo la Universiada Nacional, misma en la que competir\u00e1n m\u00e1s de 130 deportistas de esta En Sonora en Equipo publicamos toda la informaci\u00f3n de Sonora, M\u00e9xico y el Mundo de manera oportuna y busca que la libertad de expresi\u00f3n sea real. Visita nuestro medio informativo publicado desde Hermosillo, Sonora. %\",\"breadcrumb\":{\"@id\":\"https:\/\/www.sonoraenequipo.com.mx\/por-iniciar-la-universiada-nacional-los-buhos-de-unison-estaran-presentes\/#breadcrumb\"},\"inLanguage\":\"es\",\"potentialAction\":[{\"@type\":\"ReadAction\",\"target\":[\"https:\/\/www.sonoraenequipo.com.mx\/por-iniciar-la-universiada-nacional-los-buhos-de-unison-estaran-presentes\/\"]}]},{\"@type\":\"ImageObject\",\"inLanguage\":\"es\",\"@id\":\"https:\/\/www.sonoraenequipo.com.mx\/por-iniciar-la-universiada-nacional-los-buhos-de-unison-estaran-presentes\/#primaryimage\",\"url\":\"https:\/\/www.sonoraenequipo.com.mx\/storage\/2024\/05\/universiada.jpg\",\"contentUrl\":\"https:\/\/www.sonoraenequipo.com.mx\/storage\/2024\/05\/universiada.jpg\",\"width\":800,\"height\":534},{\"@type\":\"BreadcrumbList\",\"@id\":\"https:\/\/www.sonoraenequipo.com.mx\/por-iniciar-la-universiada-nacional-los-buhos-de-unison-estaran-presentes\/#breadcrumb\",\"itemListElement\":[{\"@type\":\"ListItem\",\"position\":1,\"name\":\"Portada\",\"item\":\"https:\/\/www.sonoraenequipo.com.mx\/\"},{\"@type\":\"ListItem\",\"position\":2,\"name\":\"Por iniciar la Universiada Nacional; los B\u00fahos de Unison estar\u00e1n presentes\"}]},{\"@type\":\"WebSite\",\"@id\":\"https:\/\/www.sonoraenequipo.com.mx\/#website\",\"url\":\"https:\/\/www.sonoraenequipo.com.mx\/\",\"name\":\"Sonora en Equipo.\",\"description\":\"Diario en l\u00ednea con Noticias desde Hermosillo, Sonora\",\"publisher\":{\"@id\":\"https:\/\/www.sonoraenequipo.com.mx\/#organization\"},\"potentialAction\":[{\"@type\":\"SearchAction\",\"target\":{\"@type\":\"EntryPoint\",\"urlTemplate\":\"https:\/\/www.sonoraenequipo.com.mx\/?s={search_term_string}\"},\"query-input\":{\"@type\":\"PropertyValueSpecification\",\"valueRequired\":true,\"valueName\":\"search_term_string\"}}],\"inLanguage\":\"es\"},{\"@type\":\"Organization\",\"@id\":\"https:\/\/www.sonoraenequipo.com.mx\/#organization\",\"name\":\"Sonoraenequipo.com.mx\",\"url\":\"https:\/\/www.sonoraenequipo.com.mx\/\",\"logo\":{\"@type\":\"ImageObject\",\"inLanguage\":\"es\",\"@id\":\"https:\/\/www.sonoraenequipo.com.mx\/#\/schema\/logo\/image\/\",\"url\":\"https:\/\/www.sonoraenequipo.com.mx\/storage\/2019\/01\/sonoraenequipo_opt.png\",\"contentUrl\":\"https:\/\/www.sonoraenequipo.com.mx\/storage\/2019\/01\/sonoraenequipo_opt.png\",\"width\":375,\"height\":125,\"caption\":\"Sonoraenequipo.com.mx\"},\"image\":{\"@id\":\"https:\/\/www.sonoraenequipo.com.mx\/#\/schema\/logo\/image\/\"},\"sameAs\":[\"https:\/\/www.facebook.com\/SonoraEE\/\",\"https:\/\/x.com\/sonoraenequipo\",\"https:\/\/www.youtube.com\/channel\/UC338nW-lPEYmJQs4ZABQ1SQ\"]},{\"@type\":\"Person\",\"@id\":\"https:\/\/www.sonoraenequipo.com.mx\/#\/schema\/person\/50102df0fb23a8fa9e8effad8fa81386\",\"name\":\"enequipo\",\"image\":{\"@type\":\"ImageObject\",\"inLanguage\":\"es\",\"@id\":\"https:\/\/www.sonoraenequipo.com.mx\/#\/schema\/person\/image\/\",\"url\":\"https:\/\/secure.gravatar.com\/avatar\/049821681b589dabc0bc20695993ccebb09f5b5d4d790cd9251b97faac7c652b?s=96&d=blank&r=g\",\"contentUrl\":\"https:\/\/secure.gravatar.com\/avatar\/049821681b589dabc0bc20695993ccebb09f5b5d4d790cd9251b97faac7c652b?s=96&d=blank&r=g\",\"caption\":\"enequipo\"},\"sameAs\":[\"https:\/\/www.facebook.com\/SonoraEE\"]}]}<\/script>\n ","yoast_head_json":{"title":"Sonora en Equipo. Por iniciar la Universiada Nacional; los B\u00fahos de Unison estar\u00e1n presentes Deportes","description":"HERMOSILLO, SONORA, MX.\u02d7\u02d7\u02d7 \u00a0Del 11 al 28 de mayo, se llevar\u00e1 a cabo la Universiada Nacional, misma en la que competir\u00e1n m\u00e1s de 130 deportistas de esta En Sonora en Equipo publicamos toda la informaci\u00f3n de Sonora, M\u00e9xico y el Mundo de manera oportuna y busca que la libertad de expresi\u00f3n sea real. Visita nuestro medio informativo publicado desde Hermosillo, Sonora. %","robots":{"index":"index","follow":"follow","max-snippet":"max-snippet:-1","max-image-preview":"max-image-preview:large","max-video-preview":"max-video-preview:-1"},"canonical":"https:\/\/www.sonoraenequipo.com.mx\/por-iniciar-la-universiada-nacional-los-buhos-de-unison-estaran-presentes\/","og_locale":"es_ES","og_type":"article","og_title":"Sonora en Equipo. Por iniciar la Universiada Nacional; los B\u00fahos de Unison estar\u00e1n presentes Deportes","og_description":"HERMOSILLO, SONORA, MX.\u02d7\u02d7\u02d7 \u00a0Del 11 al 28 de mayo, se llevar\u00e1 a cabo la Universiada Nacional, misma en la que competir\u00e1n m\u00e1s de 130 deportistas de esta En Sonora en Equipo publicamos toda la informaci\u00f3n de Sonora, M\u00e9xico y el Mundo de manera oportuna y busca que la libertad de expresi\u00f3n sea real. Visita nuestro medio informativo publicado desde Hermosillo, Sonora. %","og_url":"https:\/\/www.sonoraenequipo.com.mx\/por-iniciar-la-universiada-nacional-los-buhos-de-unison-estaran-presentes\/","og_site_name":"Sonora en Equipo.","article_publisher":"https:\/\/www.facebook.com\/SonoraEE\/","article_author":"https:\/\/www.facebook.com\/SonoraEE","article_published_time":"2024-05-11T00:42:49+00:00","og_image":[{"width":800,"height":534,"url":"https:\/\/www.sonoraenequipo.com.mx\/storage\/2024\/05\/universiada.jpg","type":"image\/jpeg"}],"author":"enequipo","twitter_card":"summary_large_image","twitter_creator":"@sonoraenequipo","twitter_site":"@sonoraenequipo","twitter_misc":{"Escrito por":"enequipo","Tiempo de lectura":"2 minutos"},"schema":{"@context":"https:\/\/schema.org","@graph":[{"@type":"Article","@id":"https:\/\/www.sonoraenequipo.com.mx\/por-iniciar-la-universiada-nacional-los-buhos-de-unison-estaran-presentes\/#article","isPartOf":{"@id":"https:\/\/www.sonoraenequipo.com.mx\/por-iniciar-la-universiada-nacional-los-buhos-de-unison-estaran-presentes\/"},"author":{"name":"enequipo","@id":"https:\/\/www.sonoraenequipo.com.mx\/#\/schema\/person\/50102df0fb23a8fa9e8effad8fa81386"},"headline":"Por iniciar la Universiada Nacional; los B\u00fahos de Unison estar\u00e1n presentes","datePublished":"2024-05-11T00:42:49+00:00","mainEntityOfPage":{"@id":"https:\/\/www.sonoraenequipo.com.mx\/por-iniciar-la-universiada-nacional-los-buhos-de-unison-estaran-presentes\/"},"wordCount":499,"commentCount":0,"publisher":{"@id":"https:\/\/www.sonoraenequipo.com.mx\/#organization"},"image":{"@id":"https:\/\/www.sonoraenequipo.com.mx\/por-iniciar-la-universiada-nacional-los-buhos-de-unison-estaran-presentes\/#primaryimage"},"thumbnailUrl":"https:\/\/www.sonoraenequipo.com.mx\/storage\/2024\/05\/universiada.jpg","keywords":["universiada 2024"],"articleSection":["Deportes"],"inLanguage":"es","potentialAction":[{"@type":"CommentAction","name":"Comment","target":["https:\/\/www.sonoraenequipo.com.mx\/por-iniciar-la-universiada-nacional-los-buhos-de-unison-estaran-presentes\/#respond"]}]},{"@type":"WebPage","@id":"https:\/\/www.sonoraenequipo.com.mx\/por-iniciar-la-universiada-nacional-los-buhos-de-unison-estaran-presentes\/","url":"https:\/\/www.sonoraenequipo.com.mx\/por-iniciar-la-universiada-nacional-los-buhos-de-unison-estaran-presentes\/","name":"Sonora en Equipo. Por iniciar la Universiada Nacional; los B\u00fahos de Unison estar\u00e1n presentes Deportes","isPartOf":{"@id":"https:\/\/www.sonoraenequipo.com.mx\/#website"},"primaryImageOfPage":{"@id":"https:\/\/www.sonoraenequipo.com.mx\/por-iniciar-la-universiada-nacional-los-buhos-de-unison-estaran-presentes\/#primaryimage"},"image":{"@id":"https:\/\/www.sonoraenequipo.com.mx\/por-iniciar-la-universiada-nacional-los-buhos-de-unison-estaran-presentes\/#primaryimage"},"thumbnailUrl":"https:\/\/www.sonoraenequipo.com.mx\/storage\/2024\/05\/universiada.jpg","datePublished":"2024-05-11T00:42:49+00:00","description":"HERMOSILLO, SONORA, MX.\u02d7\u02d7\u02d7 \u00a0Del 11 al 28 de mayo, se llevar\u00e1 a cabo la Universiada Nacional, misma en la que competir\u00e1n m\u00e1s de 130 deportistas de esta En Sonora en Equipo publicamos toda la informaci\u00f3n de Sonora, M\u00e9xico y el Mundo de manera oportuna y busca que la libertad de expresi\u00f3n sea real. Visita nuestro medio informativo publicado desde Hermosillo, Sonora. %","breadcrumb":{"@id":"https:\/\/www.sonoraenequipo.com.mx\/por-iniciar-la-universiada-nacional-los-buhos-de-unison-estaran-presentes\/#breadcrumb"},"inLanguage":"es","potentialAction":[{"@type":"ReadAction","target":["https:\/\/www.sonoraenequipo.com.mx\/por-iniciar-la-universiada-nacional-los-buhos-de-unison-estaran-presentes\/"]}]},{"@type":"ImageObject","inLanguage":"es","@id":"https:\/\/www.sonoraenequipo.com.mx\/por-iniciar-la-universiada-nacional-los-buhos-de-unison-estaran-presentes\/#primaryimage","url":"https:\/\/www.sonoraenequipo.com.mx\/storage\/2024\/05\/universiada.jpg","contentUrl":"https:\/\/www.sonoraenequipo.com.mx\/storage\/2024\/05\/universiada.jpg","width":800,"height":534},{"@type":"BreadcrumbList","@id":"https:\/\/www.sonoraenequipo.com.mx\/por-iniciar-la-universiada-nacional-los-buhos-de-unison-estaran-presentes\/#breadcrumb","itemListElement":[{"@type":"ListItem","position":1,"name":"Portada","item":"https:\/\/www.sonoraenequipo.com.mx\/"},{"@type":"ListItem","position":2,"name":"Por iniciar la Universiada Nacional; los B\u00fahos de Unison estar\u00e1n presentes"}]},{"@type":"WebSite","@id":"https:\/\/www.sonoraenequipo.com.mx\/#website","url":"https:\/\/www.sonoraenequipo.com.mx\/","name":"Sonora en Equipo.","description":"Diario en l\u00ednea con Noticias desde Hermosillo, Sonora","publisher":{"@id":"https:\/\/www.sonoraenequipo.com.mx\/#organization"},"potentialAction":[{"@type":"SearchAction","target":{"@type":"EntryPoint","urlTemplate":"https:\/\/www.sonoraenequipo.com.mx\/?s={search_term_string}"},"query-input":{"@type":"PropertyValueSpecification","valueRequired":true,"valueName":"search_term_string"}}],"inLanguage":"es"},{"@type":"Organization","@id":"https:\/\/www.sonoraenequipo.com.mx\/#organization","name":"Sonoraenequipo.com.mx","url":"https:\/\/www.sonoraenequipo.com.mx\/","logo":{"@type":"ImageObject","inLanguage":"es","@id":"https:\/\/www.sonoraenequipo.com.mx\/#\/schema\/logo\/image\/","url":"https:\/\/www.sonoraenequipo.com.mx\/storage\/2019\/01\/sonoraenequipo_opt.png","contentUrl":"https:\/\/www.sonoraenequipo.com.mx\/storage\/2019\/01\/sonoraenequipo_opt.png","width":375,"height":125,"caption":"Sonoraenequipo.com.mx"},"image":{"@id":"https:\/\/www.sonoraenequipo.com.mx\/#\/schema\/logo\/image\/"},"sameAs":["https:\/\/www.facebook.com\/SonoraEE\/","https:\/\/x.com\/sonoraenequipo","https:\/\/www.youtube.com\/channel\/UC338nW-lPEYmJQs4ZABQ1SQ"]},{"@type":"Person","@id":"https:\/\/www.sonoraenequipo.com.mx\/#\/schema\/person\/50102df0fb23a8fa9e8effad8fa81386","name":"enequipo","image":{"@type":"ImageObject","inLanguage":"es","@id":"https:\/\/www.sonoraenequipo.com.mx\/#\/schema\/person\/image\/","url":"https:\/\/secure.gravatar.com\/avatar\/049821681b589dabc0bc20695993ccebb09f5b5d4d790cd9251b97faac7c652b?s=96&d=blank&r=g","contentUrl":"https:\/\/secure.gravatar.com\/avatar\/049821681b589dabc0bc20695993ccebb09f5b5d4d790cd9251b97faac7c652b?s=96&d=blank&r=g","caption":"enequipo"},"sameAs":["https:\/\/www.facebook.com\/SonoraEE"]}]}},"jetpack_featured_media_url":"https:\/\/www.sonoraenequipo.com.mx\/storage\/2024\/05\/universiada.jpg","_links":{"self":[{"href":"https:\/\/www.sonoraenequipo.com.mx\/api\/wp\/v2\/posts\/189494","targetHints":{"allow":["GET"]}}],"collection":[{"href":"https:\/\/www.sonoraenequipo.com.mx\/api\/wp\/v2\/posts"}],"about":[{"href":"https:\/\/www.sonoraenequipo.com.mx\/api\/wp\/v2\/types\/post"}],"author":[{"embeddable":true,"href":"https:\/\/www.sonoraenequipo.com.mx\/api\/wp\/v2\/users\/1"}],"replies":[{"embeddable":true,"href":"https:\/\/www.sonoraenequipo.com.mx\/api\/wp\/v2\/comments?post=189494"}],"version-history":[{"count":1,"href":"https:\/\/www.sonoraenequipo.com.mx\/api\/wp\/v2\/posts\/189494\/revisions"}],"predecessor-version":[{"id":189496,"href":"https:\/\/www.sonoraenequipo.com.mx\/api\/wp\/v2\/posts\/189494\/revisions\/189496"}],"wp:featuredmedia":[{"embeddable":true,"href":"https:\/\/www.sonoraenequipo.com.mx\/api\/wp\/v2\/media\/189495"}],"wp:attachment":[{"href":"https:\/\/www.sonoraenequipo.com.mx\/api\/wp\/v2\/media?parent=189494"}],"wp:term":[{"taxonomy":"category","embeddable":true,"href":"https:\/\/www.sonoraenequipo.com.mx\/api\/wp\/v2\/categories?post=189494"},{"taxonomy":"post_tag","embeddable":true,"href":"https:\/\/www.sonoraenequipo.com.mx\/api\/wp\/v2\/tags?post=189494"}],"curies":[{"name":"wp","href":"https:\/\/api.w.org\/{rel}","templated":true}]}}