{"id":189510,"date":"2024-05-10T20:09:20","date_gmt":"2024-05-11T03:09:20","guid":{"rendered":"https:\/\/www.sonoraenequipo.com.mx\/?p=189510"},"modified":"2024-05-10T20:09:20","modified_gmt":"2024-05-11T03:09:20","slug":"prorrogan-nuevamente-regimen-de-excepcion-en-el-salvador","status":"publish","type":"post","link":"https:\/\/www.sonoraenequipo.com.mx\/prorrogan-nuevamente-regimen-de-excepcion-en-el-salvador\/","title":{"rendered":"Prorrogan nuevamente r\u00e9gimen de excepci\u00f3n en El Salvador"},"content":{"rendered":"<p><strong>SAN SALVADOR. EL SALVADOR.<\/strong> \u2014 Desde hace dos a\u00f1os el Salvador se encuentra en un r\u00e9gimen de excepci\u00f3n por una pol\u00edtica que implement\u00f3 el presidente Nayib Bukele para luchar contra las pandillas y el Congreso acaba de aprobar una nueva pr\u00f3rroga.<\/p>\n<p>&nbsp;<\/p>\n<p> <br \/>\nEl estado de excepci\u00f3n se trata de la suspensi\u00f3n de los derechos fundamentales como el de ser informado de los motivos de la detenci\u00f3n o el de tener acceso a un abogado y la misma ha sido renovada 26 veces.<\/p>\n<p>&nbsp;<\/p>\n<p>Sin embargo, seg\u00fan la Constituci\u00f3n, el plazo de suspensi\u00f3n de las garant\u00edas constituciones no puede exceder los 30 d\u00edas y el gobierno del presidente Bukele ha ido prorrog\u00e1ndolo cada mes desde que se aprob\u00f3 por primera vez el 27 de marzo de 2022.<\/p>\n<p>&nbsp;<\/p>\n<p>&nbsp;<\/p>\n<p>Desde que inici\u00f3 el estado de excepci\u00f3n han sido detenidas 79.947 personas a la que las autoridades califican como terroristas y de esos detenidos el gobierno ha reconocido que ha tenido que liberar a uno 7.000 detenidos por falta de pruebas en su contra.<\/p>\n<p>&nbsp;<\/p>\n<p>&nbsp;<\/p>\n<p>PUBLICADO EL 10 DE MAYO DE 2024 Con informaci\u00f3n de AFP)<\/p>\n","protected":false},"excerpt":{"rendered":"<p>SAN SALVADOR. EL SALVADOR. \u2014 Desde hace dos a\u00f1os el Salvador se encuentra en un&#8230;<\/p>\n","protected":false},"author":1,"featured_media":189511,"comment_status":"open","ping_status":"open","sticky":false,"template":"","format":"standard","meta":{"_monsterinsights_skip_tracking":false,"_monsterinsights_sitenote_active":false,"_monsterinsights_sitenote_note":"","_monsterinsights_sitenote_category":0,"footnotes":""},"categories":[3],"tags":[],"class_list":["post"],"yoast_head":" \n<title>Sonora en Equipo. Prorrogan nuevamente r\u00e9gimen de excepci\u00f3n en El Salvador MUNDO<\/title>\n<meta name=\"description\" content=\"SAN SALVADOR. EL SALVADOR. \u2014 Desde hace dos a\u00f1os el Salvador se encuentra en un r\u00e9gimen de excepci\u00f3n por una pol\u00edtica que implement\u00f3 el presidente Nayib En Sonora en Equipo publicamos toda la informaci\u00f3n de Sonora, M\u00e9xico y el Mundo de manera oportuna y busca que la libertad de expresi\u00f3n sea real. Visita nuestro medio informativo publicado desde Hermosillo, Sonora. %\" \/>\n<meta name=\"robots\" content=\"index, follow, max-snippet:-1, max-image-preview:large, max-video-preview:-1\" \/>\n<link rel=\"canonical\" href=\"https:\/\/www.sonoraenequipo.com.mx\/prorrogan-nuevamente-regimen-de-excepcion-en-el-salvador\/\" \/>\n<meta property=\"og:locale\" content=\"es_ES\" \/>\n<meta property=\"og:type\" content=\"article\" \/>\n<meta property=\"og:title\" content=\"Sonora en Equipo. Prorrogan nuevamente r\u00e9gimen de excepci\u00f3n en El Salvador MUNDO\" \/>\n<meta property=\"og:description\" content=\"SAN SALVADOR. EL SALVADOR. \u2014 Desde hace dos a\u00f1os el Salvador se encuentra en un r\u00e9gimen de excepci\u00f3n por una pol\u00edtica que implement\u00f3 el presidente Nayib En Sonora en Equipo publicamos toda la informaci\u00f3n de Sonora, M\u00e9xico y el Mundo de manera oportuna y busca que la libertad de expresi\u00f3n sea real. Visita nuestro medio informativo publicado desde Hermosillo, Sonora. %\" \/>\n<meta property=\"og:url\" content=\"https:\/\/www.sonoraenequipo.com.mx\/prorrogan-nuevamente-regimen-de-excepcion-en-el-salvador\/\" \/>\n<meta property=\"og:site_name\" content=\"Sonora en Equipo.\" \/>\n<meta property=\"article:publisher\" content=\"https:\/\/www.facebook.com\/SonoraEE\/\" \/>\n<meta property=\"article:author\" content=\"https:\/\/www.facebook.com\/SonoraEE\" \/>\n<meta property=\"article:published_time\" content=\"2024-05-11T03:09:20+00:00\" \/>\n<meta property=\"og:image\" content=\"https:\/\/www.sonoraenequipo.com.mx\/storage\/2024\/05\/presidente-EL-SALVADOR-min.jpg\" \/>\n\t<meta property=\"og:image:width\" content=\"900\" \/>\n\t<meta property=\"og:image:height\" content=\"483\" \/>\n\t<meta property=\"og:image:type\" content=\"image\/jpeg\" \/>\n<meta name=\"author\" content=\"enequipo\" \/>\n<meta name=\"twitter:card\" content=\"summary_large_image\" \/>\n<meta name=\"twitter:creator\" content=\"@sonoraenequipo\" \/>\n<meta name=\"twitter:site\" content=\"@sonoraenequipo\" \/>\n<meta name=\"twitter:label1\" content=\"Escrito por\" \/>\n\t<meta name=\"twitter:data1\" content=\"enequipo\" \/>\n\t<meta name=\"twitter:label2\" content=\"Tiempo de lectura\" \/>\n\t<meta name=\"twitter:data2\" content=\"1 minuto\" \/>\n<script type=\"application\/ld+json\" class=\"yoast-schema-graph\">{\"@context\":\"https:\/\/schema.org\",\"@graph\":[{\"@type\":\"Article\",\"@id\":\"https:\/\/www.sonoraenequipo.com.mx\/prorrogan-nuevamente-regimen-de-excepcion-en-el-salvador\/#article\",\"isPartOf\":{\"@id\":\"https:\/\/www.sonoraenequipo.com.mx\/prorrogan-nuevamente-regimen-de-excepcion-en-el-salvador\/\"},\"author\":{\"name\":\"enequipo\",\"@id\":\"https:\/\/www.sonoraenequipo.com.mx\/#\/schema\/person\/50102df0fb23a8fa9e8effad8fa81386\"},\"headline\":\"Prorrogan nuevamente r\u00e9gimen de excepci\u00f3n en El Salvador\",\"datePublished\":\"2024-05-11T03:09:20+00:00\",\"mainEntityOfPage\":{\"@id\":\"https:\/\/www.sonoraenequipo.com.mx\/prorrogan-nuevamente-regimen-de-excepcion-en-el-salvador\/\"},\"wordCount\":202,\"commentCount\":0,\"publisher\":{\"@id\":\"https:\/\/www.sonoraenequipo.com.mx\/#organization\"},\"image\":{\"@id\":\"https:\/\/www.sonoraenequipo.com.mx\/prorrogan-nuevamente-regimen-de-excepcion-en-el-salvador\/#primaryimage\"},\"thumbnailUrl\":\"https:\/\/www.sonoraenequipo.com.mx\/storage\/2024\/05\/presidente-EL-SALVADOR-min.jpg\",\"articleSection\":[\"MUNDO\"],\"inLanguage\":\"es\",\"potentialAction\":[{\"@type\":\"CommentAction\",\"name\":\"Comment\",\"target\":[\"https:\/\/www.sonoraenequipo.com.mx\/prorrogan-nuevamente-regimen-de-excepcion-en-el-salvador\/#respond\"]}]},{\"@type\":\"WebPage\",\"@id\":\"https:\/\/www.sonoraenequipo.com.mx\/prorrogan-nuevamente-regimen-de-excepcion-en-el-salvador\/\",\"url\":\"https:\/\/www.sonoraenequipo.com.mx\/prorrogan-nuevamente-regimen-de-excepcion-en-el-salvador\/\",\"name\":\"Sonora en Equipo. Prorrogan nuevamente r\u00e9gimen de excepci\u00f3n en El Salvador MUNDO\",\"isPartOf\":{\"@id\":\"https:\/\/www.sonoraenequipo.com.mx\/#website\"},\"primaryImageOfPage\":{\"@id\":\"https:\/\/www.sonoraenequipo.com.mx\/prorrogan-nuevamente-regimen-de-excepcion-en-el-salvador\/#primaryimage\"},\"image\":{\"@id\":\"https:\/\/www.sonoraenequipo.com.mx\/prorrogan-nuevamente-regimen-de-excepcion-en-el-salvador\/#primaryimage\"},\"thumbnailUrl\":\"https:\/\/www.sonoraenequipo.com.mx\/storage\/2024\/05\/presidente-EL-SALVADOR-min.jpg\",\"datePublished\":\"2024-05-11T03:09:20+00:00\",\"description\":\"SAN SALVADOR. EL SALVADOR. \u2014 Desde hace dos a\u00f1os el Salvador se encuentra en un r\u00e9gimen de excepci\u00f3n por una pol\u00edtica que implement\u00f3 el presidente Nayib En Sonora en Equipo publicamos toda la informaci\u00f3n de Sonora, M\u00e9xico y el Mundo de manera oportuna y busca que la libertad de expresi\u00f3n sea real. Visita nuestro medio informativo publicado desde Hermosillo, Sonora. %\",\"breadcrumb\":{\"@id\":\"https:\/\/www.sonoraenequipo.com.mx\/prorrogan-nuevamente-regimen-de-excepcion-en-el-salvador\/#breadcrumb\"},\"inLanguage\":\"es\",\"potentialAction\":[{\"@type\":\"ReadAction\",\"target\":[\"https:\/\/www.sonoraenequipo.com.mx\/prorrogan-nuevamente-regimen-de-excepcion-en-el-salvador\/\"]}]},{\"@type\":\"ImageObject\",\"inLanguage\":\"es\",\"@id\":\"https:\/\/www.sonoraenequipo.com.mx\/prorrogan-nuevamente-regimen-de-excepcion-en-el-salvador\/#primaryimage\",\"url\":\"https:\/\/www.sonoraenequipo.com.mx\/storage\/2024\/05\/presidente-EL-SALVADOR-min.jpg\",\"contentUrl\":\"https:\/\/www.sonoraenequipo.com.mx\/storage\/2024\/05\/presidente-EL-SALVADOR-min.jpg\",\"width\":900,\"height\":483},{\"@type\":\"BreadcrumbList\",\"@id\":\"https:\/\/www.sonoraenequipo.com.mx\/prorrogan-nuevamente-regimen-de-excepcion-en-el-salvador\/#breadcrumb\",\"itemListElement\":[{\"@type\":\"ListItem\",\"position\":1,\"name\":\"Portada\",\"item\":\"https:\/\/www.sonoraenequipo.com.mx\/\"},{\"@type\":\"ListItem\",\"position\":2,\"name\":\"Prorrogan nuevamente r\u00e9gimen de excepci\u00f3n en El Salvador\"}]},{\"@type\":\"WebSite\",\"@id\":\"https:\/\/www.sonoraenequipo.com.mx\/#website\",\"url\":\"https:\/\/www.sonoraenequipo.com.mx\/\",\"name\":\"Sonora en Equipo.\",\"description\":\"Diario en l\u00ednea con Noticias desde Hermosillo, Sonora\",\"publisher\":{\"@id\":\"https:\/\/www.sonoraenequipo.com.mx\/#organization\"},\"potentialAction\":[{\"@type\":\"SearchAction\",\"target\":{\"@type\":\"EntryPoint\",\"urlTemplate\":\"https:\/\/www.sonoraenequipo.com.mx\/?s={search_term_string}\"},\"query-input\":{\"@type\":\"PropertyValueSpecification\",\"valueRequired\":true,\"valueName\":\"search_term_string\"}}],\"inLanguage\":\"es\"},{\"@type\":\"Organization\",\"@id\":\"https:\/\/www.sonoraenequipo.com.mx\/#organization\",\"name\":\"Sonoraenequipo.com.mx\",\"url\":\"https:\/\/www.sonoraenequipo.com.mx\/\",\"logo\":{\"@type\":\"ImageObject\",\"inLanguage\":\"es\",\"@id\":\"https:\/\/www.sonoraenequipo.com.mx\/#\/schema\/logo\/image\/\",\"url\":\"https:\/\/www.sonoraenequipo.com.mx\/storage\/2019\/01\/sonoraenequipo_opt.png\",\"contentUrl\":\"https:\/\/www.sonoraenequipo.com.mx\/storage\/2019\/01\/sonoraenequipo_opt.png\",\"width\":375,\"height\":125,\"caption\":\"Sonoraenequipo.com.mx\"},\"image\":{\"@id\":\"https:\/\/www.sonoraenequipo.com.mx\/#\/schema\/logo\/image\/\"},\"sameAs\":[\"https:\/\/www.facebook.com\/SonoraEE\/\",\"https:\/\/x.com\/sonoraenequipo\",\"https:\/\/www.youtube.com\/channel\/UC338nW-lPEYmJQs4ZABQ1SQ\"]},{\"@type\":\"Person\",\"@id\":\"https:\/\/www.sonoraenequipo.com.mx\/#\/schema\/person\/50102df0fb23a8fa9e8effad8fa81386\",\"name\":\"enequipo\",\"image\":{\"@type\":\"ImageObject\",\"inLanguage\":\"es\",\"@id\":\"https:\/\/www.sonoraenequipo.com.mx\/#\/schema\/person\/image\/\",\"url\":\"https:\/\/secure.gravatar.com\/avatar\/049821681b589dabc0bc20695993ccebb09f5b5d4d790cd9251b97faac7c652b?s=96&d=blank&r=g\",\"contentUrl\":\"https:\/\/secure.gravatar.com\/avatar\/049821681b589dabc0bc20695993ccebb09f5b5d4d790cd9251b97faac7c652b?s=96&d=blank&r=g\",\"caption\":\"enequipo\"},\"sameAs\":[\"https:\/\/www.facebook.com\/SonoraEE\"]}]}<\/script>\n ","yoast_head_json":{"title":"Sonora en Equipo. Prorrogan nuevamente r\u00e9gimen de excepci\u00f3n en El Salvador MUNDO","description":"SAN SALVADOR. EL SALVADOR. \u2014 Desde hace dos a\u00f1os el Salvador se encuentra en un r\u00e9gimen de excepci\u00f3n por una pol\u00edtica que implement\u00f3 el presidente Nayib En Sonora en Equipo publicamos toda la informaci\u00f3n de Sonora, M\u00e9xico y el Mundo de manera oportuna y busca que la libertad de expresi\u00f3n sea real. Visita nuestro medio informativo publicado desde Hermosillo, Sonora. %","robots":{"index":"index","follow":"follow","max-snippet":"max-snippet:-1","max-image-preview":"max-image-preview:large","max-video-preview":"max-video-preview:-1"},"canonical":"https:\/\/www.sonoraenequipo.com.mx\/prorrogan-nuevamente-regimen-de-excepcion-en-el-salvador\/","og_locale":"es_ES","og_type":"article","og_title":"Sonora en Equipo. Prorrogan nuevamente r\u00e9gimen de excepci\u00f3n en El Salvador MUNDO","og_description":"SAN SALVADOR. EL SALVADOR. \u2014 Desde hace dos a\u00f1os el Salvador se encuentra en un r\u00e9gimen de excepci\u00f3n por una pol\u00edtica que implement\u00f3 el presidente Nayib En Sonora en Equipo publicamos toda la informaci\u00f3n de Sonora, M\u00e9xico y el Mundo de manera oportuna y busca que la libertad de expresi\u00f3n sea real. Visita nuestro medio informativo publicado desde Hermosillo, Sonora. %","og_url":"https:\/\/www.sonoraenequipo.com.mx\/prorrogan-nuevamente-regimen-de-excepcion-en-el-salvador\/","og_site_name":"Sonora en Equipo.","article_publisher":"https:\/\/www.facebook.com\/SonoraEE\/","article_author":"https:\/\/www.facebook.com\/SonoraEE","article_published_time":"2024-05-11T03:09:20+00:00","og_image":[{"width":900,"height":483,"url":"https:\/\/www.sonoraenequipo.com.mx\/storage\/2024\/05\/presidente-EL-SALVADOR-min.jpg","type":"image\/jpeg"}],"author":"enequipo","twitter_card":"summary_large_image","twitter_creator":"@sonoraenequipo","twitter_site":"@sonoraenequipo","twitter_misc":{"Escrito por":"enequipo","Tiempo de lectura":"1 minuto"},"schema":{"@context":"https:\/\/schema.org","@graph":[{"@type":"Article","@id":"https:\/\/www.sonoraenequipo.com.mx\/prorrogan-nuevamente-regimen-de-excepcion-en-el-salvador\/#article","isPartOf":{"@id":"https:\/\/www.sonoraenequipo.com.mx\/prorrogan-nuevamente-regimen-de-excepcion-en-el-salvador\/"},"author":{"name":"enequipo","@id":"https:\/\/www.sonoraenequipo.com.mx\/#\/schema\/person\/50102df0fb23a8fa9e8effad8fa81386"},"headline":"Prorrogan nuevamente r\u00e9gimen de excepci\u00f3n en El Salvador","datePublished":"2024-05-11T03:09:20+00:00","mainEntityOfPage":{"@id":"https:\/\/www.sonoraenequipo.com.mx\/prorrogan-nuevamente-regimen-de-excepcion-en-el-salvador\/"},"wordCount":202,"commentCount":0,"publisher":{"@id":"https:\/\/www.sonoraenequipo.com.mx\/#organization"},"image":{"@id":"https:\/\/www.sonoraenequipo.com.mx\/prorrogan-nuevamente-regimen-de-excepcion-en-el-salvador\/#primaryimage"},"thumbnailUrl":"https:\/\/www.sonoraenequipo.com.mx\/storage\/2024\/05\/presidente-EL-SALVADOR-min.jpg","articleSection":["MUNDO"],"inLanguage":"es","potentialAction":[{"@type":"CommentAction","name":"Comment","target":["https:\/\/www.sonoraenequipo.com.mx\/prorrogan-nuevamente-regimen-de-excepcion-en-el-salvador\/#respond"]}]},{"@type":"WebPage","@id":"https:\/\/www.sonoraenequipo.com.mx\/prorrogan-nuevamente-regimen-de-excepcion-en-el-salvador\/","url":"https:\/\/www.sonoraenequipo.com.mx\/prorrogan-nuevamente-regimen-de-excepcion-en-el-salvador\/","name":"Sonora en Equipo. Prorrogan nuevamente r\u00e9gimen de excepci\u00f3n en El Salvador MUNDO","isPartOf":{"@id":"https:\/\/www.sonoraenequipo.com.mx\/#website"},"primaryImageOfPage":{"@id":"https:\/\/www.sonoraenequipo.com.mx\/prorrogan-nuevamente-regimen-de-excepcion-en-el-salvador\/#primaryimage"},"image":{"@id":"https:\/\/www.sonoraenequipo.com.mx\/prorrogan-nuevamente-regimen-de-excepcion-en-el-salvador\/#primaryimage"},"thumbnailUrl":"https:\/\/www.sonoraenequipo.com.mx\/storage\/2024\/05\/presidente-EL-SALVADOR-min.jpg","datePublished":"2024-05-11T03:09:20+00:00","description":"SAN SALVADOR. EL SALVADOR. \u2014 Desde hace dos a\u00f1os el Salvador se encuentra en un r\u00e9gimen de excepci\u00f3n por una pol\u00edtica que implement\u00f3 el presidente Nayib En Sonora en Equipo publicamos toda la informaci\u00f3n de Sonora, M\u00e9xico y el Mundo de manera oportuna y busca que la libertad de expresi\u00f3n sea real. Visita nuestro medio informativo publicado desde Hermosillo, Sonora. %","breadcrumb":{"@id":"https:\/\/www.sonoraenequipo.com.mx\/prorrogan-nuevamente-regimen-de-excepcion-en-el-salvador\/#breadcrumb"},"inLanguage":"es","potentialAction":[{"@type":"ReadAction","target":["https:\/\/www.sonoraenequipo.com.mx\/prorrogan-nuevamente-regimen-de-excepcion-en-el-salvador\/"]}]},{"@type":"ImageObject","inLanguage":"es","@id":"https:\/\/www.sonoraenequipo.com.mx\/prorrogan-nuevamente-regimen-de-excepcion-en-el-salvador\/#primaryimage","url":"https:\/\/www.sonoraenequipo.com.mx\/storage\/2024\/05\/presidente-EL-SALVADOR-min.jpg","contentUrl":"https:\/\/www.sonoraenequipo.com.mx\/storage\/2024\/05\/presidente-EL-SALVADOR-min.jpg","width":900,"height":483},{"@type":"BreadcrumbList","@id":"https:\/\/www.sonoraenequipo.com.mx\/prorrogan-nuevamente-regimen-de-excepcion-en-el-salvador\/#breadcrumb","itemListElement":[{"@type":"ListItem","position":1,"name":"Portada","item":"https:\/\/www.sonoraenequipo.com.mx\/"},{"@type":"ListItem","position":2,"name":"Prorrogan nuevamente r\u00e9gimen de excepci\u00f3n en El Salvador"}]},{"@type":"WebSite","@id":"https:\/\/www.sonoraenequipo.com.mx\/#website","url":"https:\/\/www.sonoraenequipo.com.mx\/","name":"Sonora en Equipo.","description":"Diario en l\u00ednea con Noticias desde Hermosillo, Sonora","publisher":{"@id":"https:\/\/www.sonoraenequipo.com.mx\/#organization"},"potentialAction":[{"@type":"SearchAction","target":{"@type":"EntryPoint","urlTemplate":"https:\/\/www.sonoraenequipo.com.mx\/?s={search_term_string}"},"query-input":{"@type":"PropertyValueSpecification","valueRequired":true,"valueName":"search_term_string"}}],"inLanguage":"es"},{"@type":"Organization","@id":"https:\/\/www.sonoraenequipo.com.mx\/#organization","name":"Sonoraenequipo.com.mx","url":"https:\/\/www.sonoraenequipo.com.mx\/","logo":{"@type":"ImageObject","inLanguage":"es","@id":"https:\/\/www.sonoraenequipo.com.mx\/#\/schema\/logo\/image\/","url":"https:\/\/www.sonoraenequipo.com.mx\/storage\/2019\/01\/sonoraenequipo_opt.png","contentUrl":"https:\/\/www.sonoraenequipo.com.mx\/storage\/2019\/01\/sonoraenequipo_opt.png","width":375,"height":125,"caption":"Sonoraenequipo.com.mx"},"image":{"@id":"https:\/\/www.sonoraenequipo.com.mx\/#\/schema\/logo\/image\/"},"sameAs":["https:\/\/www.facebook.com\/SonoraEE\/","https:\/\/x.com\/sonoraenequipo","https:\/\/www.youtube.com\/channel\/UC338nW-lPEYmJQs4ZABQ1SQ"]},{"@type":"Person","@id":"https:\/\/www.sonoraenequipo.com.mx\/#\/schema\/person\/50102df0fb23a8fa9e8effad8fa81386","name":"enequipo","image":{"@type":"ImageObject","inLanguage":"es","@id":"https:\/\/www.sonoraenequipo.com.mx\/#\/schema\/person\/image\/","url":"https:\/\/secure.gravatar.com\/avatar\/049821681b589dabc0bc20695993ccebb09f5b5d4d790cd9251b97faac7c652b?s=96&d=blank&r=g","contentUrl":"https:\/\/secure.gravatar.com\/avatar\/049821681b589dabc0bc20695993ccebb09f5b5d4d790cd9251b97faac7c652b?s=96&d=blank&r=g","caption":"enequipo"},"sameAs":["https:\/\/www.facebook.com\/SonoraEE"]}]}},"jetpack_featured_media_url":"https:\/\/www.sonoraenequipo.com.mx\/storage\/2024\/05\/presidente-EL-SALVADOR-min.jpg","_links":{"self":[{"href":"https:\/\/www.sonoraenequipo.com.mx\/api\/wp\/v2\/posts\/189510","targetHints":{"allow":["GET"]}}],"collection":[{"href":"https:\/\/www.sonoraenequipo.com.mx\/api\/wp\/v2\/posts"}],"about":[{"href":"https:\/\/www.sonoraenequipo.com.mx\/api\/wp\/v2\/types\/post"}],"author":[{"embeddable":true,"href":"https:\/\/www.sonoraenequipo.com.mx\/api\/wp\/v2\/users\/1"}],"replies":[{"embeddable":true,"href":"https:\/\/www.sonoraenequipo.com.mx\/api\/wp\/v2\/comments?post=189510"}],"version-history":[{"count":1,"href":"https:\/\/www.sonoraenequipo.com.mx\/api\/wp\/v2\/posts\/189510\/revisions"}],"predecessor-version":[{"id":189512,"href":"https:\/\/www.sonoraenequipo.com.mx\/api\/wp\/v2\/posts\/189510\/revisions\/189512"}],"wp:featuredmedia":[{"embeddable":true,"href":"https:\/\/www.sonoraenequipo.com.mx\/api\/wp\/v2\/media\/189511"}],"wp:attachment":[{"href":"https:\/\/www.sonoraenequipo.com.mx\/api\/wp\/v2\/media?parent=189510"}],"wp:term":[{"taxonomy":"category","embeddable":true,"href":"https:\/\/www.sonoraenequipo.com.mx\/api\/wp\/v2\/categories?post=189510"},{"taxonomy":"post_tag","embeddable":true,"href":"https:\/\/www.sonoraenequipo.com.mx\/api\/wp\/v2\/tags?post=189510"}],"curies":[{"name":"wp","href":"https:\/\/api.w.org\/{rel}","templated":true}]}}