{"id":189744,"date":"2024-05-14T14:46:00","date_gmt":"2024-05-14T21:46:00","guid":{"rendered":"https:\/\/www.sonoraenequipo.com.mx\/?p=189744"},"modified":"2024-05-15T09:41:39","modified_gmt":"2024-05-15T16:41:39","slug":"fiscalia-mexicana-investiga-ola-de-casos-de-suicidios-entre-mujeres-en-un-penal-de-alta-seguridad-2","status":"publish","type":"post","link":"https:\/\/www.sonoraenequipo.com.mx\/fiscalia-mexicana-investiga-ola-de-casos-de-suicidios-entre-mujeres-en-un-penal-de-alta-seguridad-2\/","title":{"rendered":"Fiscal\u00eda mexicana investiga ola de casos de suicidios entre mujeres en un penal de alta seguridad"},"content":{"rendered":"<p>CIUDAD DE M\u00c9XICO \u2014 La Fiscal\u00eda General de M\u00e9xico investiga 11 suicidios de mujeres ocurridos el a\u00f1o pasado en una c\u00e1rcel de m\u00e1xima seguridad en el estado de Morelos, al sur de la capital, que no fue construida para albergar a mujeres y donde hay 1.174 reclusas, informaron este martes las autoridades.<\/p>\n<p>Seg\u00fan explic\u00f3 la secretaria de Seguridad P\u00fablica, Rosa Icela Rodr\u00edguez, durante la conferencia matutina del presidente, la \u201cola de suicidios\u201d comenz\u00f3 en marzo del a\u00f1o pasado y concluy\u00f3 en diciembre, cuando se puso en marcha un plan integral para evitar que siguieran repiti\u00e9ndose estos sucesos y analizar los problemas que llevaron a esas mujeres a quitarse la vida.<\/p>\n<p>Las principales denuncias de los familiares, reconocidas por Rodr\u00edguez este martes, eran la falta de acceso a consultas m\u00e9dicas y medicinas o los problemas para recibir visitas o comunicarse con sus familiares, ya que en la prisi\u00f3n hay mujeres procedentes de lugares que est\u00e1n a m\u00e1s de 1.500 kil\u00f3metros distancia.<\/p>\n<p>La Comisi\u00f3n Nacional de Derechos Humanos, un \u00f3rgano gubernamental, ha denunciado en distintas ocasiones la vulnerabilidad de las mujeres privadas de la libertad en M\u00e9xico, cuyos derechos b\u00e1sicos no se respetan. Adem\u00e1s, hab\u00eda reportado problemas concretos en el penal federal de Morelos cuando 400 presas sufrieron una intoxicaci\u00f3n por alimentos en 2022.<\/p>\n<p>Parte del plan que el gobierno federal puso en marcha en diciembre para frenar los suicidios fue asignar m\u00e1s \u201crecursos materiales, humanos necesarios que permitan la organizaci\u00f3n y el buen funcionamiento de las \u00e1reas en que albergan mujeres\u201d, dijo la secretaria de Seguridad.<\/p>\n<p>Entre otras cosas mencion\u00f3 consultas m\u00e9dicas b\u00e1sicas, que te\u00f3ricamente deben proporcionarse siempre, como consultas de odontolog\u00eda o de salud mental y comunicaciones con sus familiares por videollamada.<\/p>\n<p>Rodr\u00edguez indic\u00f3 que, aunque se est\u00e1 atendiendo el tema, este tipo de sucesos tambi\u00e9n han ocurrido en penales de alta seguridad de otros pa\u00edses.<\/p>\n<p><strong>Fecha de publicaci\u00f3n martes 14 de mayo de 2024\/ VOA<\/strong><\/p>\n","protected":false},"excerpt":{"rendered":"<p>CIUDAD DE M\u00c9XICO \u2014 La Fiscal\u00eda General de M\u00e9xico investiga 11 suicidios de mujeres ocurridos&#8230;<\/p>\n","protected":false},"author":1,"featured_media":70942,"comment_status":"open","ping_status":"open","sticky":false,"template":"","format":"standard","meta":{"_monsterinsights_skip_tracking":false,"_monsterinsights_sitenote_active":false,"_monsterinsights_sitenote_note":"","_monsterinsights_sitenote_category":0,"footnotes":""},"categories":[3144],"tags":[4049,297,9661,3490],"class_list":["post"],"yoast_head":" \n<title>Sonora en Equipo. Fiscal\u00eda mexicana investiga ola de casos de suicidios entre mujeres en un penal de alta seguridad Polic\u00edaca<\/title>\n<meta name=\"description\" content=\"CIUDAD DE M\u00c9XICO \u2014 La Fiscal\u00eda General de M\u00e9xico investiga 11 suicidios de mujeres ocurridos el a\u00f1o pasado en una c\u00e1rcel de m\u00e1xima seguridad en el estado En Sonora en Equipo publicamos toda la informaci\u00f3n de Sonora, M\u00e9xico y el Mundo de manera oportuna y busca que la libertad de expresi\u00f3n sea real. Visita nuestro medio informativo publicado desde Hermosillo, Sonora. %\" \/>\n<meta name=\"robots\" content=\"index, follow, max-snippet:-1, max-image-preview:large, max-video-preview:-1\" \/>\n<link rel=\"canonical\" href=\"https:\/\/www.sonoraenequipo.com.mx\/fiscalia-mexicana-investiga-ola-de-casos-de-suicidios-entre-mujeres-en-un-penal-de-alta-seguridad-2\/\" \/>\n<meta property=\"og:locale\" content=\"es_ES\" \/>\n<meta property=\"og:type\" content=\"article\" \/>\n<meta property=\"og:title\" content=\"Sonora en Equipo. Fiscal\u00eda mexicana investiga ola de casos de suicidios entre mujeres en un penal de alta seguridad Polic\u00edaca\" \/>\n<meta property=\"og:description\" content=\"CIUDAD DE M\u00c9XICO \u2014 La Fiscal\u00eda General de M\u00e9xico investiga 11 suicidios de mujeres ocurridos el a\u00f1o pasado en una c\u00e1rcel de m\u00e1xima seguridad en el estado En Sonora en Equipo publicamos toda la informaci\u00f3n de Sonora, M\u00e9xico y el Mundo de manera oportuna y busca que la libertad de expresi\u00f3n sea real. Visita nuestro medio informativo publicado desde Hermosillo, Sonora. %\" \/>\n<meta property=\"og:url\" content=\"https:\/\/www.sonoraenequipo.com.mx\/fiscalia-mexicana-investiga-ola-de-casos-de-suicidios-entre-mujeres-en-un-penal-de-alta-seguridad-2\/\" \/>\n<meta property=\"og:site_name\" content=\"Sonora en Equipo.\" \/>\n<meta property=\"article:publisher\" content=\"https:\/\/www.facebook.com\/SonoraEE\/\" \/>\n<meta property=\"article:author\" content=\"https:\/\/www.facebook.com\/SonoraEE\" \/>\n<meta property=\"article:published_time\" content=\"2024-05-14T21:46:00+00:00\" \/>\n<meta property=\"article:modified_time\" content=\"2024-05-15T16:41:39+00:00\" \/>\n<meta property=\"og:image\" content=\"https:\/\/www.sonoraenequipo.com.mx\/storage\/2019\/11\/suicidio-infantil.jpg\" \/>\n\t<meta property=\"og:image:width\" content=\"500\" \/>\n\t<meta property=\"og:image:height\" content=\"330\" \/>\n\t<meta property=\"og:image:type\" content=\"image\/jpeg\" \/>\n<meta name=\"author\" content=\"enequipo\" \/>\n<meta name=\"twitter:card\" content=\"summary_large_image\" \/>\n<meta name=\"twitter:creator\" content=\"@sonoraenequipo\" \/>\n<meta name=\"twitter:site\" content=\"@sonoraenequipo\" \/>\n<meta name=\"twitter:label1\" content=\"Escrito por\" \/>\n\t<meta name=\"twitter:data1\" content=\"enequipo\" \/>\n\t<meta name=\"twitter:label2\" content=\"Tiempo de lectura\" \/>\n\t<meta name=\"twitter:data2\" content=\"2 minutos\" \/>\n<script type=\"application\/ld+json\" class=\"yoast-schema-graph\">{\"@context\":\"https:\/\/schema.org\",\"@graph\":[{\"@type\":\"Article\",\"@id\":\"https:\/\/www.sonoraenequipo.com.mx\/fiscalia-mexicana-investiga-ola-de-casos-de-suicidios-entre-mujeres-en-un-penal-de-alta-seguridad-2\/#article\",\"isPartOf\":{\"@id\":\"https:\/\/www.sonoraenequipo.com.mx\/fiscalia-mexicana-investiga-ola-de-casos-de-suicidios-entre-mujeres-en-un-penal-de-alta-seguridad-2\/\"},\"author\":{\"name\":\"enequipo\",\"@id\":\"https:\/\/www.sonoraenequipo.com.mx\/#\/schema\/person\/50102df0fb23a8fa9e8effad8fa81386\"},\"headline\":\"Fiscal\u00eda mexicana investiga ola de casos de suicidios entre mujeres en un penal de alta seguridad\",\"datePublished\":\"2024-05-14T21:46:00+00:00\",\"dateModified\":\"2024-05-15T16:41:39+00:00\",\"mainEntityOfPage\":{\"@id\":\"https:\/\/www.sonoraenequipo.com.mx\/fiscalia-mexicana-investiga-ola-de-casos-de-suicidios-entre-mujeres-en-un-penal-de-alta-seguridad-2\/\"},\"wordCount\":358,\"commentCount\":0,\"publisher\":{\"@id\":\"https:\/\/www.sonoraenequipo.com.mx\/#organization\"},\"image\":{\"@id\":\"https:\/\/www.sonoraenequipo.com.mx\/fiscalia-mexicana-investiga-ola-de-casos-de-suicidios-entre-mujeres-en-un-penal-de-alta-seguridad-2\/#primaryimage\"},\"thumbnailUrl\":\"https:\/\/www.sonoraenequipo.com.mx\/storage\/2019\/11\/suicidio-infantil.jpg\",\"keywords\":[\"Hidalgo\",\"mujeres\",\"penal\",\"suicidios\"],\"articleSection\":[\"Polic\u00edaca\"],\"inLanguage\":\"es\",\"potentialAction\":[{\"@type\":\"CommentAction\",\"name\":\"Comment\",\"target\":[\"https:\/\/www.sonoraenequipo.com.mx\/fiscalia-mexicana-investiga-ola-de-casos-de-suicidios-entre-mujeres-en-un-penal-de-alta-seguridad-2\/#respond\"]}]},{\"@type\":\"WebPage\",\"@id\":\"https:\/\/www.sonoraenequipo.com.mx\/fiscalia-mexicana-investiga-ola-de-casos-de-suicidios-entre-mujeres-en-un-penal-de-alta-seguridad-2\/\",\"url\":\"https:\/\/www.sonoraenequipo.com.mx\/fiscalia-mexicana-investiga-ola-de-casos-de-suicidios-entre-mujeres-en-un-penal-de-alta-seguridad-2\/\",\"name\":\"Sonora en Equipo. Fiscal\u00eda mexicana investiga ola de casos de suicidios entre mujeres en un penal de alta seguridad Polic\u00edaca\",\"isPartOf\":{\"@id\":\"https:\/\/www.sonoraenequipo.com.mx\/#website\"},\"primaryImageOfPage\":{\"@id\":\"https:\/\/www.sonoraenequipo.com.mx\/fiscalia-mexicana-investiga-ola-de-casos-de-suicidios-entre-mujeres-en-un-penal-de-alta-seguridad-2\/#primaryimage\"},\"image\":{\"@id\":\"https:\/\/www.sonoraenequipo.com.mx\/fiscalia-mexicana-investiga-ola-de-casos-de-suicidios-entre-mujeres-en-un-penal-de-alta-seguridad-2\/#primaryimage\"},\"thumbnailUrl\":\"https:\/\/www.sonoraenequipo.com.mx\/storage\/2019\/11\/suicidio-infantil.jpg\",\"datePublished\":\"2024-05-14T21:46:00+00:00\",\"dateModified\":\"2024-05-15T16:41:39+00:00\",\"description\":\"CIUDAD DE M\u00c9XICO \u2014 La Fiscal\u00eda General de M\u00e9xico investiga 11 suicidios de mujeres ocurridos el a\u00f1o pasado en una c\u00e1rcel de m\u00e1xima seguridad en el estado En Sonora en Equipo publicamos toda la informaci\u00f3n de Sonora, M\u00e9xico y el Mundo de manera oportuna y busca que la libertad de expresi\u00f3n sea real. Visita nuestro medio informativo publicado desde Hermosillo, Sonora. %\",\"breadcrumb\":{\"@id\":\"https:\/\/www.sonoraenequipo.com.mx\/fiscalia-mexicana-investiga-ola-de-casos-de-suicidios-entre-mujeres-en-un-penal-de-alta-seguridad-2\/#breadcrumb\"},\"inLanguage\":\"es\",\"potentialAction\":[{\"@type\":\"ReadAction\",\"target\":[\"https:\/\/www.sonoraenequipo.com.mx\/fiscalia-mexicana-investiga-ola-de-casos-de-suicidios-entre-mujeres-en-un-penal-de-alta-seguridad-2\/\"]}]},{\"@type\":\"ImageObject\",\"inLanguage\":\"es\",\"@id\":\"https:\/\/www.sonoraenequipo.com.mx\/fiscalia-mexicana-investiga-ola-de-casos-de-suicidios-entre-mujeres-en-un-penal-de-alta-seguridad-2\/#primaryimage\",\"url\":\"https:\/\/www.sonoraenequipo.com.mx\/storage\/2019\/11\/suicidio-infantil.jpg\",\"contentUrl\":\"https:\/\/www.sonoraenequipo.com.mx\/storage\/2019\/11\/suicidio-infantil.jpg\",\"width\":500,\"height\":330},{\"@type\":\"BreadcrumbList\",\"@id\":\"https:\/\/www.sonoraenequipo.com.mx\/fiscalia-mexicana-investiga-ola-de-casos-de-suicidios-entre-mujeres-en-un-penal-de-alta-seguridad-2\/#breadcrumb\",\"itemListElement\":[{\"@type\":\"ListItem\",\"position\":1,\"name\":\"Portada\",\"item\":\"https:\/\/www.sonoraenequipo.com.mx\/\"},{\"@type\":\"ListItem\",\"position\":2,\"name\":\"Fiscal\u00eda mexicana investiga ola de casos de suicidios entre mujeres en un penal de alta seguridad\"}]},{\"@type\":\"WebSite\",\"@id\":\"https:\/\/www.sonoraenequipo.com.mx\/#website\",\"url\":\"https:\/\/www.sonoraenequipo.com.mx\/\",\"name\":\"Sonora en Equipo.\",\"description\":\"Diario en l\u00ednea con Noticias desde Hermosillo, Sonora\",\"publisher\":{\"@id\":\"https:\/\/www.sonoraenequipo.com.mx\/#organization\"},\"potentialAction\":[{\"@type\":\"SearchAction\",\"target\":{\"@type\":\"EntryPoint\",\"urlTemplate\":\"https:\/\/www.sonoraenequipo.com.mx\/?s={search_term_string}\"},\"query-input\":{\"@type\":\"PropertyValueSpecification\",\"valueRequired\":true,\"valueName\":\"search_term_string\"}}],\"inLanguage\":\"es\"},{\"@type\":\"Organization\",\"@id\":\"https:\/\/www.sonoraenequipo.com.mx\/#organization\",\"name\":\"Sonoraenequipo.com.mx\",\"url\":\"https:\/\/www.sonoraenequipo.com.mx\/\",\"logo\":{\"@type\":\"ImageObject\",\"inLanguage\":\"es\",\"@id\":\"https:\/\/www.sonoraenequipo.com.mx\/#\/schema\/logo\/image\/\",\"url\":\"https:\/\/www.sonoraenequipo.com.mx\/storage\/2019\/01\/sonoraenequipo_opt.png\",\"contentUrl\":\"https:\/\/www.sonoraenequipo.com.mx\/storage\/2019\/01\/sonoraenequipo_opt.png\",\"width\":375,\"height\":125,\"caption\":\"Sonoraenequipo.com.mx\"},\"image\":{\"@id\":\"https:\/\/www.sonoraenequipo.com.mx\/#\/schema\/logo\/image\/\"},\"sameAs\":[\"https:\/\/www.facebook.com\/SonoraEE\/\",\"https:\/\/x.com\/sonoraenequipo\",\"https:\/\/www.youtube.com\/channel\/UC338nW-lPEYmJQs4ZABQ1SQ\"]},{\"@type\":\"Person\",\"@id\":\"https:\/\/www.sonoraenequipo.com.mx\/#\/schema\/person\/50102df0fb23a8fa9e8effad8fa81386\",\"name\":\"enequipo\",\"image\":{\"@type\":\"ImageObject\",\"inLanguage\":\"es\",\"@id\":\"https:\/\/www.sonoraenequipo.com.mx\/#\/schema\/person\/image\/\",\"url\":\"https:\/\/secure.gravatar.com\/avatar\/049821681b589dabc0bc20695993ccebb09f5b5d4d790cd9251b97faac7c652b?s=96&d=blank&r=g\",\"contentUrl\":\"https:\/\/secure.gravatar.com\/avatar\/049821681b589dabc0bc20695993ccebb09f5b5d4d790cd9251b97faac7c652b?s=96&d=blank&r=g\",\"caption\":\"enequipo\"},\"sameAs\":[\"https:\/\/www.facebook.com\/SonoraEE\"]}]}<\/script>\n ","yoast_head_json":{"title":"Sonora en Equipo. Fiscal\u00eda mexicana investiga ola de casos de suicidios entre mujeres en un penal de alta seguridad Polic\u00edaca","description":"CIUDAD DE M\u00c9XICO \u2014 La Fiscal\u00eda General de M\u00e9xico investiga 11 suicidios de mujeres ocurridos el a\u00f1o pasado en una c\u00e1rcel de m\u00e1xima seguridad en el estado En Sonora en Equipo publicamos toda la informaci\u00f3n de Sonora, M\u00e9xico y el Mundo de manera oportuna y busca que la libertad de expresi\u00f3n sea real. Visita nuestro medio informativo publicado desde Hermosillo, Sonora. %","robots":{"index":"index","follow":"follow","max-snippet":"max-snippet:-1","max-image-preview":"max-image-preview:large","max-video-preview":"max-video-preview:-1"},"canonical":"https:\/\/www.sonoraenequipo.com.mx\/fiscalia-mexicana-investiga-ola-de-casos-de-suicidios-entre-mujeres-en-un-penal-de-alta-seguridad-2\/","og_locale":"es_ES","og_type":"article","og_title":"Sonora en Equipo. Fiscal\u00eda mexicana investiga ola de casos de suicidios entre mujeres en un penal de alta seguridad Polic\u00edaca","og_description":"CIUDAD DE M\u00c9XICO \u2014 La Fiscal\u00eda General de M\u00e9xico investiga 11 suicidios de mujeres ocurridos el a\u00f1o pasado en una c\u00e1rcel de m\u00e1xima seguridad en el estado En Sonora en Equipo publicamos toda la informaci\u00f3n de Sonora, M\u00e9xico y el Mundo de manera oportuna y busca que la libertad de expresi\u00f3n sea real. Visita nuestro medio informativo publicado desde Hermosillo, Sonora. %","og_url":"https:\/\/www.sonoraenequipo.com.mx\/fiscalia-mexicana-investiga-ola-de-casos-de-suicidios-entre-mujeres-en-un-penal-de-alta-seguridad-2\/","og_site_name":"Sonora en Equipo.","article_publisher":"https:\/\/www.facebook.com\/SonoraEE\/","article_author":"https:\/\/www.facebook.com\/SonoraEE","article_published_time":"2024-05-14T21:46:00+00:00","article_modified_time":"2024-05-15T16:41:39+00:00","og_image":[{"width":500,"height":330,"url":"https:\/\/www.sonoraenequipo.com.mx\/storage\/2019\/11\/suicidio-infantil.jpg","type":"image\/jpeg"}],"author":"enequipo","twitter_card":"summary_large_image","twitter_creator":"@sonoraenequipo","twitter_site":"@sonoraenequipo","twitter_misc":{"Escrito por":"enequipo","Tiempo de lectura":"2 minutos"},"schema":{"@context":"https:\/\/schema.org","@graph":[{"@type":"Article","@id":"https:\/\/www.sonoraenequipo.com.mx\/fiscalia-mexicana-investiga-ola-de-casos-de-suicidios-entre-mujeres-en-un-penal-de-alta-seguridad-2\/#article","isPartOf":{"@id":"https:\/\/www.sonoraenequipo.com.mx\/fiscalia-mexicana-investiga-ola-de-casos-de-suicidios-entre-mujeres-en-un-penal-de-alta-seguridad-2\/"},"author":{"name":"enequipo","@id":"https:\/\/www.sonoraenequipo.com.mx\/#\/schema\/person\/50102df0fb23a8fa9e8effad8fa81386"},"headline":"Fiscal\u00eda mexicana investiga ola de casos de suicidios entre mujeres en un penal de alta seguridad","datePublished":"2024-05-14T21:46:00+00:00","dateModified":"2024-05-15T16:41:39+00:00","mainEntityOfPage":{"@id":"https:\/\/www.sonoraenequipo.com.mx\/fiscalia-mexicana-investiga-ola-de-casos-de-suicidios-entre-mujeres-en-un-penal-de-alta-seguridad-2\/"},"wordCount":358,"commentCount":0,"publisher":{"@id":"https:\/\/www.sonoraenequipo.com.mx\/#organization"},"image":{"@id":"https:\/\/www.sonoraenequipo.com.mx\/fiscalia-mexicana-investiga-ola-de-casos-de-suicidios-entre-mujeres-en-un-penal-de-alta-seguridad-2\/#primaryimage"},"thumbnailUrl":"https:\/\/www.sonoraenequipo.com.mx\/storage\/2019\/11\/suicidio-infantil.jpg","keywords":["Hidalgo","mujeres","penal","suicidios"],"articleSection":["Polic\u00edaca"],"inLanguage":"es","potentialAction":[{"@type":"CommentAction","name":"Comment","target":["https:\/\/www.sonoraenequipo.com.mx\/fiscalia-mexicana-investiga-ola-de-casos-de-suicidios-entre-mujeres-en-un-penal-de-alta-seguridad-2\/#respond"]}]},{"@type":"WebPage","@id":"https:\/\/www.sonoraenequipo.com.mx\/fiscalia-mexicana-investiga-ola-de-casos-de-suicidios-entre-mujeres-en-un-penal-de-alta-seguridad-2\/","url":"https:\/\/www.sonoraenequipo.com.mx\/fiscalia-mexicana-investiga-ola-de-casos-de-suicidios-entre-mujeres-en-un-penal-de-alta-seguridad-2\/","name":"Sonora en Equipo. Fiscal\u00eda mexicana investiga ola de casos de suicidios entre mujeres en un penal de alta seguridad Polic\u00edaca","isPartOf":{"@id":"https:\/\/www.sonoraenequipo.com.mx\/#website"},"primaryImageOfPage":{"@id":"https:\/\/www.sonoraenequipo.com.mx\/fiscalia-mexicana-investiga-ola-de-casos-de-suicidios-entre-mujeres-en-un-penal-de-alta-seguridad-2\/#primaryimage"},"image":{"@id":"https:\/\/www.sonoraenequipo.com.mx\/fiscalia-mexicana-investiga-ola-de-casos-de-suicidios-entre-mujeres-en-un-penal-de-alta-seguridad-2\/#primaryimage"},"thumbnailUrl":"https:\/\/www.sonoraenequipo.com.mx\/storage\/2019\/11\/suicidio-infantil.jpg","datePublished":"2024-05-14T21:46:00+00:00","dateModified":"2024-05-15T16:41:39+00:00","description":"CIUDAD DE M\u00c9XICO \u2014 La Fiscal\u00eda General de M\u00e9xico investiga 11 suicidios de mujeres ocurridos el a\u00f1o pasado en una c\u00e1rcel de m\u00e1xima seguridad en el estado En Sonora en Equipo publicamos toda la informaci\u00f3n de Sonora, M\u00e9xico y el Mundo de manera oportuna y busca que la libertad de expresi\u00f3n sea real. Visita nuestro medio informativo publicado desde Hermosillo, Sonora. %","breadcrumb":{"@id":"https:\/\/www.sonoraenequipo.com.mx\/fiscalia-mexicana-investiga-ola-de-casos-de-suicidios-entre-mujeres-en-un-penal-de-alta-seguridad-2\/#breadcrumb"},"inLanguage":"es","potentialAction":[{"@type":"ReadAction","target":["https:\/\/www.sonoraenequipo.com.mx\/fiscalia-mexicana-investiga-ola-de-casos-de-suicidios-entre-mujeres-en-un-penal-de-alta-seguridad-2\/"]}]},{"@type":"ImageObject","inLanguage":"es","@id":"https:\/\/www.sonoraenequipo.com.mx\/fiscalia-mexicana-investiga-ola-de-casos-de-suicidios-entre-mujeres-en-un-penal-de-alta-seguridad-2\/#primaryimage","url":"https:\/\/www.sonoraenequipo.com.mx\/storage\/2019\/11\/suicidio-infantil.jpg","contentUrl":"https:\/\/www.sonoraenequipo.com.mx\/storage\/2019\/11\/suicidio-infantil.jpg","width":500,"height":330},{"@type":"BreadcrumbList","@id":"https:\/\/www.sonoraenequipo.com.mx\/fiscalia-mexicana-investiga-ola-de-casos-de-suicidios-entre-mujeres-en-un-penal-de-alta-seguridad-2\/#breadcrumb","itemListElement":[{"@type":"ListItem","position":1,"name":"Portada","item":"https:\/\/www.sonoraenequipo.com.mx\/"},{"@type":"ListItem","position":2,"name":"Fiscal\u00eda mexicana investiga ola de casos de suicidios entre mujeres en un penal de alta seguridad"}]},{"@type":"WebSite","@id":"https:\/\/www.sonoraenequipo.com.mx\/#website","url":"https:\/\/www.sonoraenequipo.com.mx\/","name":"Sonora en Equipo.","description":"Diario en l\u00ednea con Noticias desde Hermosillo, Sonora","publisher":{"@id":"https:\/\/www.sonoraenequipo.com.mx\/#organization"},"potentialAction":[{"@type":"SearchAction","target":{"@type":"EntryPoint","urlTemplate":"https:\/\/www.sonoraenequipo.com.mx\/?s={search_term_string}"},"query-input":{"@type":"PropertyValueSpecification","valueRequired":true,"valueName":"search_term_string"}}],"inLanguage":"es"},{"@type":"Organization","@id":"https:\/\/www.sonoraenequipo.com.mx\/#organization","name":"Sonoraenequipo.com.mx","url":"https:\/\/www.sonoraenequipo.com.mx\/","logo":{"@type":"ImageObject","inLanguage":"es","@id":"https:\/\/www.sonoraenequipo.com.mx\/#\/schema\/logo\/image\/","url":"https:\/\/www.sonoraenequipo.com.mx\/storage\/2019\/01\/sonoraenequipo_opt.png","contentUrl":"https:\/\/www.sonoraenequipo.com.mx\/storage\/2019\/01\/sonoraenequipo_opt.png","width":375,"height":125,"caption":"Sonoraenequipo.com.mx"},"image":{"@id":"https:\/\/www.sonoraenequipo.com.mx\/#\/schema\/logo\/image\/"},"sameAs":["https:\/\/www.facebook.com\/SonoraEE\/","https:\/\/x.com\/sonoraenequipo","https:\/\/www.youtube.com\/channel\/UC338nW-lPEYmJQs4ZABQ1SQ"]},{"@type":"Person","@id":"https:\/\/www.sonoraenequipo.com.mx\/#\/schema\/person\/50102df0fb23a8fa9e8effad8fa81386","name":"enequipo","image":{"@type":"ImageObject","inLanguage":"es","@id":"https:\/\/www.sonoraenequipo.com.mx\/#\/schema\/person\/image\/","url":"https:\/\/secure.gravatar.com\/avatar\/049821681b589dabc0bc20695993ccebb09f5b5d4d790cd9251b97faac7c652b?s=96&d=blank&r=g","contentUrl":"https:\/\/secure.gravatar.com\/avatar\/049821681b589dabc0bc20695993ccebb09f5b5d4d790cd9251b97faac7c652b?s=96&d=blank&r=g","caption":"enequipo"},"sameAs":["https:\/\/www.facebook.com\/SonoraEE"]}]}},"jetpack_featured_media_url":"https:\/\/www.sonoraenequipo.com.mx\/storage\/2019\/11\/suicidio-infantil.jpg","_links":{"self":[{"href":"https:\/\/www.sonoraenequipo.com.mx\/api\/wp\/v2\/posts\/189744","targetHints":{"allow":["GET"]}}],"collection":[{"href":"https:\/\/www.sonoraenequipo.com.mx\/api\/wp\/v2\/posts"}],"about":[{"href":"https:\/\/www.sonoraenequipo.com.mx\/api\/wp\/v2\/types\/post"}],"author":[{"embeddable":true,"href":"https:\/\/www.sonoraenequipo.com.mx\/api\/wp\/v2\/users\/1"}],"replies":[{"embeddable":true,"href":"https:\/\/www.sonoraenequipo.com.mx\/api\/wp\/v2\/comments?post=189744"}],"version-history":[{"count":2,"href":"https:\/\/www.sonoraenequipo.com.mx\/api\/wp\/v2\/posts\/189744\/revisions"}],"predecessor-version":[{"id":189783,"href":"https:\/\/www.sonoraenequipo.com.mx\/api\/wp\/v2\/posts\/189744\/revisions\/189783"}],"wp:featuredmedia":[{"embeddable":true,"href":"https:\/\/www.sonoraenequipo.com.mx\/api\/wp\/v2\/media\/70942"}],"wp:attachment":[{"href":"https:\/\/www.sonoraenequipo.com.mx\/api\/wp\/v2\/media?parent=189744"}],"wp:term":[{"taxonomy":"category","embeddable":true,"href":"https:\/\/www.sonoraenequipo.com.mx\/api\/wp\/v2\/categories?post=189744"},{"taxonomy":"post_tag","embeddable":true,"href":"https:\/\/www.sonoraenequipo.com.mx\/api\/wp\/v2\/tags?post=189744"}],"curies":[{"name":"wp","href":"https:\/\/api.w.org\/{rel}","templated":true}]}}