{"id":189785,"date":"2024-05-14T15:17:05","date_gmt":"2024-05-14T22:17:05","guid":{"rendered":"https:\/\/www.sonoraenequipo.com.mx\/?p=189785"},"modified":"2024-05-15T10:10:20","modified_gmt":"2024-05-15T17:10:20","slug":"the-office-la-razon-por-la-que-steve-carell-no-estara-en-el-reboot","status":"publish","type":"post","link":"https:\/\/www.sonoraenequipo.com.mx\/the-office-la-razon-por-la-que-steve-carell-no-estara-en-el-reboot\/","title":{"rendered":"\u201cThe Office\u201d: la raz\u00f3n por la que Steve Carell no estar\u00e1 en el reboot"},"content":{"rendered":"<p><strong>LOS \u00c1NGELES, CALIFORNIA. ESTADOS UNIDOS.<\/strong> \u2014 El papel m\u00e1s ic\u00f3nico de Steve Carell en la televisi\u00f3n es Michael Scott, el protagonista de \u201cThe Office\u201d. Con un irreverente personaje, lidiando con el egocentrismo y la ridiculez, el actor estadounidense consolid\u00f3 su carrera. Por eso, ante la confirmaci\u00f3n del reboot de la serie, se ha pensado que se podr\u00eda tener, al menos en un cameo, al antiguo gerente regional de Dunder Mifflin en Scranton. Pero esto ha quedado descartado y se ha podido conocer la raz\u00f3n en palabras del mismo Carell.<\/p>\n<p>&nbsp;<\/p>\n<p>&nbsp;<\/p>\n<p> <\/p>\n<p>S\u00ed que se extra\u00f1\u00f3 a Steve Carell como Michael en las \u00faltimas temporadas de \u201cThe Office\u201d. Si bien tuvo una reaparici\u00f3n en el cierre de la producci\u00f3n televisiva, su ausencia en los anteriores cap\u00edtulos fue m\u00e1s que evidente.<\/p>\n<p>&nbsp;<\/p>\n<p>Y es que el personaje se encargaba de llevar la historia a niveles cada vez m\u00e1s arriesgados en cuanto al humor y el drama. Su salida, entre razones personales y supuestas ri\u00f1as dentro del show, marc\u00f3 de manera definitiva la \u00faltima etapa de \u201cThe Office\u201d.<\/p>\n<p>&nbsp;<\/p>\n<p>Sin embargo, a\u00f1os despu\u00e9s, parece que Carell no tiene problemas con el nuevo proyecto e incluso se anim\u00f3 a comentar sus expectativas sobre la idea de llevar la acci\u00f3n a la redacci\u00f3n de un medio de comunicaci\u00f3n en decadencia.<\/p>\n<p>&nbsp;<\/p>\n<p><strong>\u00bfPOR QU\u00c9 STEVE CARELL NO SALDR\u00c1 EN EL REBOOT DE \u201cTHE OFFICE\u201d?<\/strong><\/p>\n<p>Steve Carell descart\u00f3 volver a aparecer como Michael Scott en el reboot de \u201cThe Office\u201d y dijo que la principal raz\u00f3n es porque no tiene sentido que su personaje salga en una nueva historia a pesar de que se encuentre en el mismo universo narrativo.<\/p>\n<p>&nbsp;<\/p>\n<p><em><strong>\u201cEstar\u00e9 observando pero no aparecer\u00e9. Es simplemente algo nuevo y realmente no hay raz\u00f3n para que mi personaje aparezca en algo as\u00ed. Pero estoy emocionado por ello. Suena como un gran concepto\u201d<\/strong><\/em>, dijo a The Hollywood Reporter cuando promocionaba <em><strong>\u201cAmigos imaginarios\u201d.<\/strong><\/em><\/p>\n<p>&nbsp;<\/p>\n<p>&nbsp;<\/p>\n<p>Agreg\u00f3 que le encanta la idea del reboot y que est\u00e9 ambientada en un medio period\u00edstico en decadencia. Adem\u00e1s, dio su visto bueno a los responsables detr\u00e1s de la producci\u00f3n televisiva que todav\u00eda no tiene t\u00edtulo.<\/p>\n<p>&nbsp;<\/p>\n<p><em><strong>\u201cSupongo que est\u00e1 ambientada en una empresa de peri\u00f3dicos en quiebra, y trabaj\u00e9 con Domhnall Gleeson, que es uno de los protagonistas; hice \u2018The Patient\u2019 con \u00e9l y es un actor excelente y un tipo s\u00faper agradable. As\u00ed que creo que ser\u00e1 genial<\/strong><\/em>\u201d, dijo.<\/p>\n<p>&nbsp;<\/p>\n<p><strong>\u00bfC\u00d3MO VER \u201cTHE OFFICE\u201d?<\/strong><\/p>\n<p>La serie <strong>\u201cThe Office\u201d<\/strong> se encuentra disponible en el cat\u00e1logo de Netflix. Para ver los episodios completos del programa de televisi\u00f3n, de manera online, debes tener una suscripci\u00f3n a la plataforma de streaming.<\/p>\n<p>PUBLICADO EL 14 DE MAYO DE 2024 Con informaci\u00f3n de<\/p>\n","protected":false},"excerpt":{"rendered":"<p>LOS \u00c1NGELES, CALIFORNIA. ESTADOS UNIDOS. \u2014 El papel m\u00e1s ic\u00f3nico de Steve Carell en la&#8230;<\/p>\n","protected":false},"author":1,"featured_media":189787,"comment_status":"open","ping_status":"open","sticky":false,"template":"","format":"standard","meta":{"_monsterinsights_skip_tracking":false,"_monsterinsights_sitenote_active":false,"_monsterinsights_sitenote_note":"","_monsterinsights_sitenote_category":0,"footnotes":""},"categories":[2987],"tags":[],"class_list":["post"],"yoast_head":" \n<title>Sonora en Equipo. \u201cThe Office\u201d: la raz\u00f3n por la que Steve Carell no estar\u00e1 en el reboot Showbiz<\/title>\n<meta name=\"description\" content=\"LOS \u00c1NGELES, CALIFORNIA. ESTADOS UNIDOS. \u2014 El papel m\u00e1s ic\u00f3nico de Steve Carell en la televisi\u00f3n es Michael Scott, el protagonista de \u201cThe Office\u201d. Con un En Sonora en Equipo publicamos toda la informaci\u00f3n de Sonora, M\u00e9xico y el Mundo de manera oportuna y busca que la libertad de expresi\u00f3n sea real. Visita nuestro medio informativo publicado desde Hermosillo, Sonora. %\" \/>\n<meta name=\"robots\" content=\"index, follow, max-snippet:-1, max-image-preview:large, max-video-preview:-1\" \/>\n<link rel=\"canonical\" href=\"https:\/\/www.sonoraenequipo.com.mx\/the-office-la-razon-por-la-que-steve-carell-no-estara-en-el-reboot\/\" \/>\n<meta property=\"og:locale\" content=\"es_ES\" \/>\n<meta property=\"og:type\" content=\"article\" \/>\n<meta property=\"og:title\" content=\"Sonora en Equipo. \u201cThe Office\u201d: la raz\u00f3n por la que Steve Carell no estar\u00e1 en el reboot Showbiz\" \/>\n<meta property=\"og:description\" content=\"LOS \u00c1NGELES, CALIFORNIA. ESTADOS UNIDOS. \u2014 El papel m\u00e1s ic\u00f3nico de Steve Carell en la televisi\u00f3n es Michael Scott, el protagonista de \u201cThe Office\u201d. Con un En Sonora en Equipo publicamos toda la informaci\u00f3n de Sonora, M\u00e9xico y el Mundo de manera oportuna y busca que la libertad de expresi\u00f3n sea real. Visita nuestro medio informativo publicado desde Hermosillo, Sonora. %\" \/>\n<meta property=\"og:url\" content=\"https:\/\/www.sonoraenequipo.com.mx\/the-office-la-razon-por-la-que-steve-carell-no-estara-en-el-reboot\/\" \/>\n<meta property=\"og:site_name\" content=\"Sonora en Equipo.\" \/>\n<meta property=\"article:publisher\" content=\"https:\/\/www.facebook.com\/SonoraEE\/\" \/>\n<meta property=\"article:author\" content=\"https:\/\/www.facebook.com\/SonoraEE\" \/>\n<meta property=\"article:published_time\" content=\"2024-05-14T22:17:05+00:00\" \/>\n<meta property=\"article:modified_time\" content=\"2024-05-15T17:10:20+00:00\" \/>\n<meta property=\"og:image\" content=\"https:\/\/www.sonoraenequipo.com.mx\/storage\/2024\/05\/Steve-Carell-min.jpg\" \/>\n\t<meta property=\"og:image:width\" content=\"900\" \/>\n\t<meta property=\"og:image:height\" content=\"600\" \/>\n\t<meta property=\"og:image:type\" content=\"image\/jpeg\" \/>\n<meta name=\"author\" content=\"enequipo\" \/>\n<meta name=\"twitter:card\" content=\"summary_large_image\" \/>\n<meta name=\"twitter:creator\" content=\"@sonoraenequipo\" \/>\n<meta name=\"twitter:site\" content=\"@sonoraenequipo\" \/>\n<meta name=\"twitter:label1\" content=\"Escrito por\" \/>\n\t<meta name=\"twitter:data1\" content=\"enequipo\" \/>\n\t<meta name=\"twitter:label2\" content=\"Tiempo de lectura\" \/>\n\t<meta name=\"twitter:data2\" content=\"2 minutos\" \/>\n<script type=\"application\/ld+json\" class=\"yoast-schema-graph\">{\"@context\":\"https:\/\/schema.org\",\"@graph\":[{\"@type\":\"Article\",\"@id\":\"https:\/\/www.sonoraenequipo.com.mx\/the-office-la-razon-por-la-que-steve-carell-no-estara-en-el-reboot\/#article\",\"isPartOf\":{\"@id\":\"https:\/\/www.sonoraenequipo.com.mx\/the-office-la-razon-por-la-que-steve-carell-no-estara-en-el-reboot\/\"},\"author\":{\"name\":\"enequipo\",\"@id\":\"https:\/\/www.sonoraenequipo.com.mx\/#\/schema\/person\/50102df0fb23a8fa9e8effad8fa81386\"},\"headline\":\"\u201cThe Office\u201d: la raz\u00f3n por la que Steve Carell no estar\u00e1 en el reboot\",\"datePublished\":\"2024-05-14T22:17:05+00:00\",\"dateModified\":\"2024-05-15T17:10:20+00:00\",\"mainEntityOfPage\":{\"@id\":\"https:\/\/www.sonoraenequipo.com.mx\/the-office-la-razon-por-la-que-steve-carell-no-estara-en-el-reboot\/\"},\"wordCount\":490,\"commentCount\":0,\"publisher\":{\"@id\":\"https:\/\/www.sonoraenequipo.com.mx\/#organization\"},\"image\":{\"@id\":\"https:\/\/www.sonoraenequipo.com.mx\/the-office-la-razon-por-la-que-steve-carell-no-estara-en-el-reboot\/#primaryimage\"},\"thumbnailUrl\":\"https:\/\/www.sonoraenequipo.com.mx\/storage\/2024\/05\/Steve-Carell-min.jpg\",\"articleSection\":[\"Showbiz\"],\"inLanguage\":\"es\",\"potentialAction\":[{\"@type\":\"CommentAction\",\"name\":\"Comment\",\"target\":[\"https:\/\/www.sonoraenequipo.com.mx\/the-office-la-razon-por-la-que-steve-carell-no-estara-en-el-reboot\/#respond\"]}]},{\"@type\":\"WebPage\",\"@id\":\"https:\/\/www.sonoraenequipo.com.mx\/the-office-la-razon-por-la-que-steve-carell-no-estara-en-el-reboot\/\",\"url\":\"https:\/\/www.sonoraenequipo.com.mx\/the-office-la-razon-por-la-que-steve-carell-no-estara-en-el-reboot\/\",\"name\":\"Sonora en Equipo. \u201cThe Office\u201d: la raz\u00f3n por la que Steve Carell no estar\u00e1 en el reboot Showbiz\",\"isPartOf\":{\"@id\":\"https:\/\/www.sonoraenequipo.com.mx\/#website\"},\"primaryImageOfPage\":{\"@id\":\"https:\/\/www.sonoraenequipo.com.mx\/the-office-la-razon-por-la-que-steve-carell-no-estara-en-el-reboot\/#primaryimage\"},\"image\":{\"@id\":\"https:\/\/www.sonoraenequipo.com.mx\/the-office-la-razon-por-la-que-steve-carell-no-estara-en-el-reboot\/#primaryimage\"},\"thumbnailUrl\":\"https:\/\/www.sonoraenequipo.com.mx\/storage\/2024\/05\/Steve-Carell-min.jpg\",\"datePublished\":\"2024-05-14T22:17:05+00:00\",\"dateModified\":\"2024-05-15T17:10:20+00:00\",\"description\":\"LOS \u00c1NGELES, CALIFORNIA. ESTADOS UNIDOS. \u2014 El papel m\u00e1s ic\u00f3nico de Steve Carell en la televisi\u00f3n es Michael Scott, el protagonista de \u201cThe Office\u201d. Con un En Sonora en Equipo publicamos toda la informaci\u00f3n de Sonora, M\u00e9xico y el Mundo de manera oportuna y busca que la libertad de expresi\u00f3n sea real. Visita nuestro medio informativo publicado desde Hermosillo, Sonora. %\",\"breadcrumb\":{\"@id\":\"https:\/\/www.sonoraenequipo.com.mx\/the-office-la-razon-por-la-que-steve-carell-no-estara-en-el-reboot\/#breadcrumb\"},\"inLanguage\":\"es\",\"potentialAction\":[{\"@type\":\"ReadAction\",\"target\":[\"https:\/\/www.sonoraenequipo.com.mx\/the-office-la-razon-por-la-que-steve-carell-no-estara-en-el-reboot\/\"]}]},{\"@type\":\"ImageObject\",\"inLanguage\":\"es\",\"@id\":\"https:\/\/www.sonoraenequipo.com.mx\/the-office-la-razon-por-la-que-steve-carell-no-estara-en-el-reboot\/#primaryimage\",\"url\":\"https:\/\/www.sonoraenequipo.com.mx\/storage\/2024\/05\/Steve-Carell-min.jpg\",\"contentUrl\":\"https:\/\/www.sonoraenequipo.com.mx\/storage\/2024\/05\/Steve-Carell-min.jpg\",\"width\":900,\"height\":600},{\"@type\":\"BreadcrumbList\",\"@id\":\"https:\/\/www.sonoraenequipo.com.mx\/the-office-la-razon-por-la-que-steve-carell-no-estara-en-el-reboot\/#breadcrumb\",\"itemListElement\":[{\"@type\":\"ListItem\",\"position\":1,\"name\":\"Portada\",\"item\":\"https:\/\/www.sonoraenequipo.com.mx\/\"},{\"@type\":\"ListItem\",\"position\":2,\"name\":\"\u201cThe Office\u201d: la raz\u00f3n por la que Steve Carell no estar\u00e1 en el reboot\"}]},{\"@type\":\"WebSite\",\"@id\":\"https:\/\/www.sonoraenequipo.com.mx\/#website\",\"url\":\"https:\/\/www.sonoraenequipo.com.mx\/\",\"name\":\"Sonora en Equipo.\",\"description\":\"Diario en l\u00ednea con Noticias desde Hermosillo, Sonora\",\"publisher\":{\"@id\":\"https:\/\/www.sonoraenequipo.com.mx\/#organization\"},\"potentialAction\":[{\"@type\":\"SearchAction\",\"target\":{\"@type\":\"EntryPoint\",\"urlTemplate\":\"https:\/\/www.sonoraenequipo.com.mx\/?s={search_term_string}\"},\"query-input\":{\"@type\":\"PropertyValueSpecification\",\"valueRequired\":true,\"valueName\":\"search_term_string\"}}],\"inLanguage\":\"es\"},{\"@type\":\"Organization\",\"@id\":\"https:\/\/www.sonoraenequipo.com.mx\/#organization\",\"name\":\"Sonoraenequipo.com.mx\",\"url\":\"https:\/\/www.sonoraenequipo.com.mx\/\",\"logo\":{\"@type\":\"ImageObject\",\"inLanguage\":\"es\",\"@id\":\"https:\/\/www.sonoraenequipo.com.mx\/#\/schema\/logo\/image\/\",\"url\":\"https:\/\/www.sonoraenequipo.com.mx\/storage\/2019\/01\/sonoraenequipo_opt.png\",\"contentUrl\":\"https:\/\/www.sonoraenequipo.com.mx\/storage\/2019\/01\/sonoraenequipo_opt.png\",\"width\":375,\"height\":125,\"caption\":\"Sonoraenequipo.com.mx\"},\"image\":{\"@id\":\"https:\/\/www.sonoraenequipo.com.mx\/#\/schema\/logo\/image\/\"},\"sameAs\":[\"https:\/\/www.facebook.com\/SonoraEE\/\",\"https:\/\/x.com\/sonoraenequipo\",\"https:\/\/www.youtube.com\/channel\/UC338nW-lPEYmJQs4ZABQ1SQ\"]},{\"@type\":\"Person\",\"@id\":\"https:\/\/www.sonoraenequipo.com.mx\/#\/schema\/person\/50102df0fb23a8fa9e8effad8fa81386\",\"name\":\"enequipo\",\"image\":{\"@type\":\"ImageObject\",\"inLanguage\":\"es\",\"@id\":\"https:\/\/www.sonoraenequipo.com.mx\/#\/schema\/person\/image\/\",\"url\":\"https:\/\/secure.gravatar.com\/avatar\/049821681b589dabc0bc20695993ccebb09f5b5d4d790cd9251b97faac7c652b?s=96&d=blank&r=g\",\"contentUrl\":\"https:\/\/secure.gravatar.com\/avatar\/049821681b589dabc0bc20695993ccebb09f5b5d4d790cd9251b97faac7c652b?s=96&d=blank&r=g\",\"caption\":\"enequipo\"},\"sameAs\":[\"https:\/\/www.facebook.com\/SonoraEE\"]}]}<\/script>\n ","yoast_head_json":{"title":"Sonora en Equipo. \u201cThe Office\u201d: la raz\u00f3n por la que Steve Carell no estar\u00e1 en el reboot Showbiz","description":"LOS \u00c1NGELES, CALIFORNIA. ESTADOS UNIDOS. \u2014 El papel m\u00e1s ic\u00f3nico de Steve Carell en la televisi\u00f3n es Michael Scott, el protagonista de \u201cThe Office\u201d. Con un En Sonora en Equipo publicamos toda la informaci\u00f3n de Sonora, M\u00e9xico y el Mundo de manera oportuna y busca que la libertad de expresi\u00f3n sea real. Visita nuestro medio informativo publicado desde Hermosillo, Sonora. %","robots":{"index":"index","follow":"follow","max-snippet":"max-snippet:-1","max-image-preview":"max-image-preview:large","max-video-preview":"max-video-preview:-1"},"canonical":"https:\/\/www.sonoraenequipo.com.mx\/the-office-la-razon-por-la-que-steve-carell-no-estara-en-el-reboot\/","og_locale":"es_ES","og_type":"article","og_title":"Sonora en Equipo. \u201cThe Office\u201d: la raz\u00f3n por la que Steve Carell no estar\u00e1 en el reboot Showbiz","og_description":"LOS \u00c1NGELES, CALIFORNIA. ESTADOS UNIDOS. \u2014 El papel m\u00e1s ic\u00f3nico de Steve Carell en la televisi\u00f3n es Michael Scott, el protagonista de \u201cThe Office\u201d. Con un En Sonora en Equipo publicamos toda la informaci\u00f3n de Sonora, M\u00e9xico y el Mundo de manera oportuna y busca que la libertad de expresi\u00f3n sea real. Visita nuestro medio informativo publicado desde Hermosillo, Sonora. %","og_url":"https:\/\/www.sonoraenequipo.com.mx\/the-office-la-razon-por-la-que-steve-carell-no-estara-en-el-reboot\/","og_site_name":"Sonora en Equipo.","article_publisher":"https:\/\/www.facebook.com\/SonoraEE\/","article_author":"https:\/\/www.facebook.com\/SonoraEE","article_published_time":"2024-05-14T22:17:05+00:00","article_modified_time":"2024-05-15T17:10:20+00:00","og_image":[{"width":900,"height":600,"url":"https:\/\/www.sonoraenequipo.com.mx\/storage\/2024\/05\/Steve-Carell-min.jpg","type":"image\/jpeg"}],"author":"enequipo","twitter_card":"summary_large_image","twitter_creator":"@sonoraenequipo","twitter_site":"@sonoraenequipo","twitter_misc":{"Escrito por":"enequipo","Tiempo de lectura":"2 minutos"},"schema":{"@context":"https:\/\/schema.org","@graph":[{"@type":"Article","@id":"https:\/\/www.sonoraenequipo.com.mx\/the-office-la-razon-por-la-que-steve-carell-no-estara-en-el-reboot\/#article","isPartOf":{"@id":"https:\/\/www.sonoraenequipo.com.mx\/the-office-la-razon-por-la-que-steve-carell-no-estara-en-el-reboot\/"},"author":{"name":"enequipo","@id":"https:\/\/www.sonoraenequipo.com.mx\/#\/schema\/person\/50102df0fb23a8fa9e8effad8fa81386"},"headline":"\u201cThe Office\u201d: la raz\u00f3n por la que Steve Carell no estar\u00e1 en el reboot","datePublished":"2024-05-14T22:17:05+00:00","dateModified":"2024-05-15T17:10:20+00:00","mainEntityOfPage":{"@id":"https:\/\/www.sonoraenequipo.com.mx\/the-office-la-razon-por-la-que-steve-carell-no-estara-en-el-reboot\/"},"wordCount":490,"commentCount":0,"publisher":{"@id":"https:\/\/www.sonoraenequipo.com.mx\/#organization"},"image":{"@id":"https:\/\/www.sonoraenequipo.com.mx\/the-office-la-razon-por-la-que-steve-carell-no-estara-en-el-reboot\/#primaryimage"},"thumbnailUrl":"https:\/\/www.sonoraenequipo.com.mx\/storage\/2024\/05\/Steve-Carell-min.jpg","articleSection":["Showbiz"],"inLanguage":"es","potentialAction":[{"@type":"CommentAction","name":"Comment","target":["https:\/\/www.sonoraenequipo.com.mx\/the-office-la-razon-por-la-que-steve-carell-no-estara-en-el-reboot\/#respond"]}]},{"@type":"WebPage","@id":"https:\/\/www.sonoraenequipo.com.mx\/the-office-la-razon-por-la-que-steve-carell-no-estara-en-el-reboot\/","url":"https:\/\/www.sonoraenequipo.com.mx\/the-office-la-razon-por-la-que-steve-carell-no-estara-en-el-reboot\/","name":"Sonora en Equipo. \u201cThe Office\u201d: la raz\u00f3n por la que Steve Carell no estar\u00e1 en el reboot Showbiz","isPartOf":{"@id":"https:\/\/www.sonoraenequipo.com.mx\/#website"},"primaryImageOfPage":{"@id":"https:\/\/www.sonoraenequipo.com.mx\/the-office-la-razon-por-la-que-steve-carell-no-estara-en-el-reboot\/#primaryimage"},"image":{"@id":"https:\/\/www.sonoraenequipo.com.mx\/the-office-la-razon-por-la-que-steve-carell-no-estara-en-el-reboot\/#primaryimage"},"thumbnailUrl":"https:\/\/www.sonoraenequipo.com.mx\/storage\/2024\/05\/Steve-Carell-min.jpg","datePublished":"2024-05-14T22:17:05+00:00","dateModified":"2024-05-15T17:10:20+00:00","description":"LOS \u00c1NGELES, CALIFORNIA. ESTADOS UNIDOS. \u2014 El papel m\u00e1s ic\u00f3nico de Steve Carell en la televisi\u00f3n es Michael Scott, el protagonista de \u201cThe Office\u201d. Con un En Sonora en Equipo publicamos toda la informaci\u00f3n de Sonora, M\u00e9xico y el Mundo de manera oportuna y busca que la libertad de expresi\u00f3n sea real. Visita nuestro medio informativo publicado desde Hermosillo, Sonora. %","breadcrumb":{"@id":"https:\/\/www.sonoraenequipo.com.mx\/the-office-la-razon-por-la-que-steve-carell-no-estara-en-el-reboot\/#breadcrumb"},"inLanguage":"es","potentialAction":[{"@type":"ReadAction","target":["https:\/\/www.sonoraenequipo.com.mx\/the-office-la-razon-por-la-que-steve-carell-no-estara-en-el-reboot\/"]}]},{"@type":"ImageObject","inLanguage":"es","@id":"https:\/\/www.sonoraenequipo.com.mx\/the-office-la-razon-por-la-que-steve-carell-no-estara-en-el-reboot\/#primaryimage","url":"https:\/\/www.sonoraenequipo.com.mx\/storage\/2024\/05\/Steve-Carell-min.jpg","contentUrl":"https:\/\/www.sonoraenequipo.com.mx\/storage\/2024\/05\/Steve-Carell-min.jpg","width":900,"height":600},{"@type":"BreadcrumbList","@id":"https:\/\/www.sonoraenequipo.com.mx\/the-office-la-razon-por-la-que-steve-carell-no-estara-en-el-reboot\/#breadcrumb","itemListElement":[{"@type":"ListItem","position":1,"name":"Portada","item":"https:\/\/www.sonoraenequipo.com.mx\/"},{"@type":"ListItem","position":2,"name":"\u201cThe Office\u201d: la raz\u00f3n por la que Steve Carell no estar\u00e1 en el reboot"}]},{"@type":"WebSite","@id":"https:\/\/www.sonoraenequipo.com.mx\/#website","url":"https:\/\/www.sonoraenequipo.com.mx\/","name":"Sonora en Equipo.","description":"Diario en l\u00ednea con Noticias desde Hermosillo, Sonora","publisher":{"@id":"https:\/\/www.sonoraenequipo.com.mx\/#organization"},"potentialAction":[{"@type":"SearchAction","target":{"@type":"EntryPoint","urlTemplate":"https:\/\/www.sonoraenequipo.com.mx\/?s={search_term_string}"},"query-input":{"@type":"PropertyValueSpecification","valueRequired":true,"valueName":"search_term_string"}}],"inLanguage":"es"},{"@type":"Organization","@id":"https:\/\/www.sonoraenequipo.com.mx\/#organization","name":"Sonoraenequipo.com.mx","url":"https:\/\/www.sonoraenequipo.com.mx\/","logo":{"@type":"ImageObject","inLanguage":"es","@id":"https:\/\/www.sonoraenequipo.com.mx\/#\/schema\/logo\/image\/","url":"https:\/\/www.sonoraenequipo.com.mx\/storage\/2019\/01\/sonoraenequipo_opt.png","contentUrl":"https:\/\/www.sonoraenequipo.com.mx\/storage\/2019\/01\/sonoraenequipo_opt.png","width":375,"height":125,"caption":"Sonoraenequipo.com.mx"},"image":{"@id":"https:\/\/www.sonoraenequipo.com.mx\/#\/schema\/logo\/image\/"},"sameAs":["https:\/\/www.facebook.com\/SonoraEE\/","https:\/\/x.com\/sonoraenequipo","https:\/\/www.youtube.com\/channel\/UC338nW-lPEYmJQs4ZABQ1SQ"]},{"@type":"Person","@id":"https:\/\/www.sonoraenequipo.com.mx\/#\/schema\/person\/50102df0fb23a8fa9e8effad8fa81386","name":"enequipo","image":{"@type":"ImageObject","inLanguage":"es","@id":"https:\/\/www.sonoraenequipo.com.mx\/#\/schema\/person\/image\/","url":"https:\/\/secure.gravatar.com\/avatar\/049821681b589dabc0bc20695993ccebb09f5b5d4d790cd9251b97faac7c652b?s=96&d=blank&r=g","contentUrl":"https:\/\/secure.gravatar.com\/avatar\/049821681b589dabc0bc20695993ccebb09f5b5d4d790cd9251b97faac7c652b?s=96&d=blank&r=g","caption":"enequipo"},"sameAs":["https:\/\/www.facebook.com\/SonoraEE"]}]}},"jetpack_featured_media_url":"https:\/\/www.sonoraenequipo.com.mx\/storage\/2024\/05\/Steve-Carell-min.jpg","_links":{"self":[{"href":"https:\/\/www.sonoraenequipo.com.mx\/api\/wp\/v2\/posts\/189785","targetHints":{"allow":["GET"]}}],"collection":[{"href":"https:\/\/www.sonoraenequipo.com.mx\/api\/wp\/v2\/posts"}],"about":[{"href":"https:\/\/www.sonoraenequipo.com.mx\/api\/wp\/v2\/types\/post"}],"author":[{"embeddable":true,"href":"https:\/\/www.sonoraenequipo.com.mx\/api\/wp\/v2\/users\/1"}],"replies":[{"embeddable":true,"href":"https:\/\/www.sonoraenequipo.com.mx\/api\/wp\/v2\/comments?post=189785"}],"version-history":[{"count":1,"href":"https:\/\/www.sonoraenequipo.com.mx\/api\/wp\/v2\/posts\/189785\/revisions"}],"predecessor-version":[{"id":189788,"href":"https:\/\/www.sonoraenequipo.com.mx\/api\/wp\/v2\/posts\/189785\/revisions\/189788"}],"wp:featuredmedia":[{"embeddable":true,"href":"https:\/\/www.sonoraenequipo.com.mx\/api\/wp\/v2\/media\/189787"}],"wp:attachment":[{"href":"https:\/\/www.sonoraenequipo.com.mx\/api\/wp\/v2\/media?parent=189785"}],"wp:term":[{"taxonomy":"category","embeddable":true,"href":"https:\/\/www.sonoraenequipo.com.mx\/api\/wp\/v2\/categories?post=189785"},{"taxonomy":"post_tag","embeddable":true,"href":"https:\/\/www.sonoraenequipo.com.mx\/api\/wp\/v2\/tags?post=189785"}],"curies":[{"name":"wp","href":"https:\/\/api.w.org\/{rel}","templated":true}]}}