{"id":190004,"date":"2024-05-17T19:34:12","date_gmt":"2024-05-18T02:34:12","guid":{"rendered":"https:\/\/www.sonoraenequipo.com.mx\/?p=190004"},"modified":"2024-05-17T19:34:12","modified_gmt":"2024-05-18T02:34:12","slug":"contribuye-alumnado-de-la-ut-de-penasco-al-fortalecimiento-economico-de-la-region","status":"publish","type":"post","link":"https:\/\/www.sonoraenequipo.com.mx\/contribuye-alumnado-de-la-ut-de-penasco-al-fortalecimiento-economico-de-la-region\/","title":{"rendered":"Contribuye alumnado de la UT de Pe\u00f1asco al fortalecimiento econ\u00f3mico de la regi\u00f3n"},"content":{"rendered":"<p><strong>PUERTO PE\u00d1ASCO, SONORA, MX.\u02d7\u02d7\u02d7 \u00a0<\/strong>Estudiantes de la Universidad Tecnol\u00f3gica de Puerto Pe\u00f1asco (UTPP), elaboraron proyectos innovadores para la comercializaci\u00f3n de productos y servicios que empresas de la localidad, como parte de su visi\u00f3n de fortalecer la econom\u00eda de la regi\u00f3n.<\/p>\n<p>&nbsp;<\/p>\n<p>&nbsp;<\/p>\n<p>&nbsp;<\/p>\n<p>La instituci\u00f3n educativa inform\u00f3 que los alumnos, que cursan el quinto cuatrimestre del programa educativo de T\u00e9cnico Superior Universitario (TSU) en Desarrollo de Negocios, \u00e1rea Mercadotecnia, aplicaron los conocimientos adquiridos en el aula con el fin de crear propuestas de mejoras para los comercios de la localidad.<\/p>\n<p>&nbsp;<\/p>\n<p>&nbsp;<\/p>\n<p>&nbsp;<\/p>\n<p>El proceso incluy\u00f3 investigaci\u00f3n de mercado y elaboraci\u00f3n de planes estrat\u00e9gicos de mercadotecnia, cuyo resultado fue la implementaci\u00f3n de campa\u00f1as publicitarias, plan de medios, email marketing y dise\u00f1o de p\u00e1ginas web, entre otras acciones de alto impacto.<\/p>\n<p>&nbsp;<\/p>\n<p>&nbsp;<\/p>\n<p>&nbsp;<\/p>\n<p>La UTPP mencion\u00f3 que los estudiantes reciben una formaci\u00f3n acad\u00e9mica de calidad, por lo que al egresar son capaces incidir positivamente en el aumento de la competitividad del sector econ\u00f3mico.<\/p>\n<p><strong>Fecha de publicaci\u00f3n viernes 17 de mayo de 2024<\/strong><\/p>\n<p>&nbsp;<\/p>\n","protected":false},"excerpt":{"rendered":"<p>PUERTO PE\u00d1ASCO, SONORA, MX.\u02d7\u02d7\u02d7 \u00a0Estudiantes de la Universidad Tecnol\u00f3gica de Puerto Pe\u00f1asco (UTPP), elaboraron proyectos&#8230;<\/p>\n","protected":false},"author":1,"featured_media":190005,"comment_status":"open","ping_status":"open","sticky":false,"template":"","format":"standard","meta":{"_monsterinsights_skip_tracking":false,"_monsterinsights_sitenote_active":false,"_monsterinsights_sitenote_note":"","_monsterinsights_sitenote_category":0,"footnotes":""},"categories":[22],"tags":[3686,7280],"class_list":["post"],"yoast_head":" \n<title>Sonora en Equipo. Contribuye alumnado de la UT de Pe\u00f1asco al fortalecimiento econ\u00f3mico de la regi\u00f3n Sonora<\/title>\n<meta name=\"description\" content=\"PUERTO PE\u00d1ASCO, SONORA, MX.\u02d7\u02d7\u02d7 \u00a0Estudiantes de la Universidad Tecnol\u00f3gica de Puerto Pe\u00f1asco (UTPP), elaboraron proyectos innovadores para la En Sonora en Equipo publicamos toda la informaci\u00f3n de Sonora, M\u00e9xico y el Mundo de manera oportuna y busca que la libertad de expresi\u00f3n sea real. Visita nuestro medio informativo publicado desde Hermosillo, Sonora. %\" \/>\n<meta name=\"robots\" content=\"index, follow, max-snippet:-1, max-image-preview:large, max-video-preview:-1\" \/>\n<link rel=\"canonical\" href=\"https:\/\/www.sonoraenequipo.com.mx\/contribuye-alumnado-de-la-ut-de-penasco-al-fortalecimiento-economico-de-la-region\/\" \/>\n<meta property=\"og:locale\" content=\"es_ES\" \/>\n<meta property=\"og:type\" content=\"article\" \/>\n<meta property=\"og:title\" content=\"Sonora en Equipo. Contribuye alumnado de la UT de Pe\u00f1asco al fortalecimiento econ\u00f3mico de la regi\u00f3n Sonora\" \/>\n<meta property=\"og:description\" content=\"PUERTO PE\u00d1ASCO, SONORA, MX.\u02d7\u02d7\u02d7 \u00a0Estudiantes de la Universidad Tecnol\u00f3gica de Puerto Pe\u00f1asco (UTPP), elaboraron proyectos innovadores para la En Sonora en Equipo publicamos toda la informaci\u00f3n de Sonora, M\u00e9xico y el Mundo de manera oportuna y busca que la libertad de expresi\u00f3n sea real. Visita nuestro medio informativo publicado desde Hermosillo, Sonora. %\" \/>\n<meta property=\"og:url\" content=\"https:\/\/www.sonoraenequipo.com.mx\/contribuye-alumnado-de-la-ut-de-penasco-al-fortalecimiento-economico-de-la-region\/\" \/>\n<meta property=\"og:site_name\" content=\"Sonora en Equipo.\" \/>\n<meta property=\"article:publisher\" content=\"https:\/\/www.facebook.com\/SonoraEE\/\" \/>\n<meta property=\"article:author\" content=\"https:\/\/www.facebook.com\/SonoraEE\" \/>\n<meta property=\"article:published_time\" content=\"2024-05-18T02:34:12+00:00\" \/>\n<meta property=\"og:image\" content=\"https:\/\/www.sonoraenequipo.com.mx\/storage\/2024\/05\/valentina.jpg\" \/>\n\t<meta property=\"og:image:width\" content=\"800\" \/>\n\t<meta property=\"og:image:height\" content=\"533\" \/>\n\t<meta property=\"og:image:type\" content=\"image\/jpeg\" \/>\n<meta name=\"author\" content=\"enequipo\" \/>\n<meta name=\"twitter:card\" content=\"summary_large_image\" \/>\n<meta name=\"twitter:creator\" content=\"@sonoraenequipo\" \/>\n<meta name=\"twitter:site\" content=\"@sonoraenequipo\" \/>\n<meta name=\"twitter:label1\" content=\"Escrito por\" \/>\n\t<meta name=\"twitter:data1\" content=\"enequipo\" \/>\n\t<meta name=\"twitter:label2\" content=\"Tiempo de lectura\" \/>\n\t<meta name=\"twitter:data2\" content=\"1 minuto\" \/>\n<script type=\"application\/ld+json\" class=\"yoast-schema-graph\">{\"@context\":\"https:\/\/schema.org\",\"@graph\":[{\"@type\":\"Article\",\"@id\":\"https:\/\/www.sonoraenequipo.com.mx\/contribuye-alumnado-de-la-ut-de-penasco-al-fortalecimiento-economico-de-la-region\/#article\",\"isPartOf\":{\"@id\":\"https:\/\/www.sonoraenequipo.com.mx\/contribuye-alumnado-de-la-ut-de-penasco-al-fortalecimiento-economico-de-la-region\/\"},\"author\":{\"name\":\"enequipo\",\"@id\":\"https:\/\/www.sonoraenequipo.com.mx\/#\/schema\/person\/50102df0fb23a8fa9e8effad8fa81386\"},\"headline\":\"Contribuye alumnado de la UT de Pe\u00f1asco al fortalecimiento econ\u00f3mico de la regi\u00f3n\",\"datePublished\":\"2024-05-18T02:34:12+00:00\",\"mainEntityOfPage\":{\"@id\":\"https:\/\/www.sonoraenequipo.com.mx\/contribuye-alumnado-de-la-ut-de-penasco-al-fortalecimiento-economico-de-la-region\/\"},\"wordCount\":207,\"commentCount\":0,\"publisher\":{\"@id\":\"https:\/\/www.sonoraenequipo.com.mx\/#organization\"},\"image\":{\"@id\":\"https:\/\/www.sonoraenequipo.com.mx\/contribuye-alumnado-de-la-ut-de-penasco-al-fortalecimiento-economico-de-la-region\/#primaryimage\"},\"thumbnailUrl\":\"https:\/\/www.sonoraenequipo.com.mx\/storage\/2024\/05\/valentina.jpg\",\"keywords\":[\"pe\u00f1asco\",\"ut\"],\"articleSection\":[\"Sonora\"],\"inLanguage\":\"es\",\"potentialAction\":[{\"@type\":\"CommentAction\",\"name\":\"Comment\",\"target\":[\"https:\/\/www.sonoraenequipo.com.mx\/contribuye-alumnado-de-la-ut-de-penasco-al-fortalecimiento-economico-de-la-region\/#respond\"]}]},{\"@type\":\"WebPage\",\"@id\":\"https:\/\/www.sonoraenequipo.com.mx\/contribuye-alumnado-de-la-ut-de-penasco-al-fortalecimiento-economico-de-la-region\/\",\"url\":\"https:\/\/www.sonoraenequipo.com.mx\/contribuye-alumnado-de-la-ut-de-penasco-al-fortalecimiento-economico-de-la-region\/\",\"name\":\"Sonora en Equipo. Contribuye alumnado de la UT de Pe\u00f1asco al fortalecimiento econ\u00f3mico de la regi\u00f3n Sonora\",\"isPartOf\":{\"@id\":\"https:\/\/www.sonoraenequipo.com.mx\/#website\"},\"primaryImageOfPage\":{\"@id\":\"https:\/\/www.sonoraenequipo.com.mx\/contribuye-alumnado-de-la-ut-de-penasco-al-fortalecimiento-economico-de-la-region\/#primaryimage\"},\"image\":{\"@id\":\"https:\/\/www.sonoraenequipo.com.mx\/contribuye-alumnado-de-la-ut-de-penasco-al-fortalecimiento-economico-de-la-region\/#primaryimage\"},\"thumbnailUrl\":\"https:\/\/www.sonoraenequipo.com.mx\/storage\/2024\/05\/valentina.jpg\",\"datePublished\":\"2024-05-18T02:34:12+00:00\",\"description\":\"PUERTO PE\u00d1ASCO, SONORA, MX.\u02d7\u02d7\u02d7 \u00a0Estudiantes de la Universidad Tecnol\u00f3gica de Puerto Pe\u00f1asco (UTPP), elaboraron proyectos innovadores para la En Sonora en Equipo publicamos toda la informaci\u00f3n de Sonora, M\u00e9xico y el Mundo de manera oportuna y busca que la libertad de expresi\u00f3n sea real. Visita nuestro medio informativo publicado desde Hermosillo, Sonora. %\",\"breadcrumb\":{\"@id\":\"https:\/\/www.sonoraenequipo.com.mx\/contribuye-alumnado-de-la-ut-de-penasco-al-fortalecimiento-economico-de-la-region\/#breadcrumb\"},\"inLanguage\":\"es\",\"potentialAction\":[{\"@type\":\"ReadAction\",\"target\":[\"https:\/\/www.sonoraenequipo.com.mx\/contribuye-alumnado-de-la-ut-de-penasco-al-fortalecimiento-economico-de-la-region\/\"]}]},{\"@type\":\"ImageObject\",\"inLanguage\":\"es\",\"@id\":\"https:\/\/www.sonoraenequipo.com.mx\/contribuye-alumnado-de-la-ut-de-penasco-al-fortalecimiento-economico-de-la-region\/#primaryimage\",\"url\":\"https:\/\/www.sonoraenequipo.com.mx\/storage\/2024\/05\/valentina.jpg\",\"contentUrl\":\"https:\/\/www.sonoraenequipo.com.mx\/storage\/2024\/05\/valentina.jpg\",\"width\":800,\"height\":533},{\"@type\":\"BreadcrumbList\",\"@id\":\"https:\/\/www.sonoraenequipo.com.mx\/contribuye-alumnado-de-la-ut-de-penasco-al-fortalecimiento-economico-de-la-region\/#breadcrumb\",\"itemListElement\":[{\"@type\":\"ListItem\",\"position\":1,\"name\":\"Portada\",\"item\":\"https:\/\/www.sonoraenequipo.com.mx\/\"},{\"@type\":\"ListItem\",\"position\":2,\"name\":\"Contribuye alumnado de la UT de Pe\u00f1asco al fortalecimiento econ\u00f3mico de la regi\u00f3n\"}]},{\"@type\":\"WebSite\",\"@id\":\"https:\/\/www.sonoraenequipo.com.mx\/#website\",\"url\":\"https:\/\/www.sonoraenequipo.com.mx\/\",\"name\":\"Sonora en Equipo.\",\"description\":\"Diario en l\u00ednea con Noticias desde Hermosillo, Sonora\",\"publisher\":{\"@id\":\"https:\/\/www.sonoraenequipo.com.mx\/#organization\"},\"potentialAction\":[{\"@type\":\"SearchAction\",\"target\":{\"@type\":\"EntryPoint\",\"urlTemplate\":\"https:\/\/www.sonoraenequipo.com.mx\/?s={search_term_string}\"},\"query-input\":{\"@type\":\"PropertyValueSpecification\",\"valueRequired\":true,\"valueName\":\"search_term_string\"}}],\"inLanguage\":\"es\"},{\"@type\":\"Organization\",\"@id\":\"https:\/\/www.sonoraenequipo.com.mx\/#organization\",\"name\":\"Sonoraenequipo.com.mx\",\"url\":\"https:\/\/www.sonoraenequipo.com.mx\/\",\"logo\":{\"@type\":\"ImageObject\",\"inLanguage\":\"es\",\"@id\":\"https:\/\/www.sonoraenequipo.com.mx\/#\/schema\/logo\/image\/\",\"url\":\"https:\/\/www.sonoraenequipo.com.mx\/storage\/2019\/01\/sonoraenequipo_opt.png\",\"contentUrl\":\"https:\/\/www.sonoraenequipo.com.mx\/storage\/2019\/01\/sonoraenequipo_opt.png\",\"width\":375,\"height\":125,\"caption\":\"Sonoraenequipo.com.mx\"},\"image\":{\"@id\":\"https:\/\/www.sonoraenequipo.com.mx\/#\/schema\/logo\/image\/\"},\"sameAs\":[\"https:\/\/www.facebook.com\/SonoraEE\/\",\"https:\/\/x.com\/sonoraenequipo\",\"https:\/\/www.youtube.com\/channel\/UC338nW-lPEYmJQs4ZABQ1SQ\"]},{\"@type\":\"Person\",\"@id\":\"https:\/\/www.sonoraenequipo.com.mx\/#\/schema\/person\/50102df0fb23a8fa9e8effad8fa81386\",\"name\":\"enequipo\",\"image\":{\"@type\":\"ImageObject\",\"inLanguage\":\"es\",\"@id\":\"https:\/\/www.sonoraenequipo.com.mx\/#\/schema\/person\/image\/\",\"url\":\"https:\/\/secure.gravatar.com\/avatar\/049821681b589dabc0bc20695993ccebb09f5b5d4d790cd9251b97faac7c652b?s=96&d=blank&r=g\",\"contentUrl\":\"https:\/\/secure.gravatar.com\/avatar\/049821681b589dabc0bc20695993ccebb09f5b5d4d790cd9251b97faac7c652b?s=96&d=blank&r=g\",\"caption\":\"enequipo\"},\"sameAs\":[\"https:\/\/www.facebook.com\/SonoraEE\"]}]}<\/script>\n ","yoast_head_json":{"title":"Sonora en Equipo. Contribuye alumnado de la UT de Pe\u00f1asco al fortalecimiento econ\u00f3mico de la regi\u00f3n Sonora","description":"PUERTO PE\u00d1ASCO, SONORA, MX.\u02d7\u02d7\u02d7 \u00a0Estudiantes de la Universidad Tecnol\u00f3gica de Puerto Pe\u00f1asco (UTPP), elaboraron proyectos innovadores para la En Sonora en Equipo publicamos toda la informaci\u00f3n de Sonora, M\u00e9xico y el Mundo de manera oportuna y busca que la libertad de expresi\u00f3n sea real. Visita nuestro medio informativo publicado desde Hermosillo, Sonora. %","robots":{"index":"index","follow":"follow","max-snippet":"max-snippet:-1","max-image-preview":"max-image-preview:large","max-video-preview":"max-video-preview:-1"},"canonical":"https:\/\/www.sonoraenequipo.com.mx\/contribuye-alumnado-de-la-ut-de-penasco-al-fortalecimiento-economico-de-la-region\/","og_locale":"es_ES","og_type":"article","og_title":"Sonora en Equipo. Contribuye alumnado de la UT de Pe\u00f1asco al fortalecimiento econ\u00f3mico de la regi\u00f3n Sonora","og_description":"PUERTO PE\u00d1ASCO, SONORA, MX.\u02d7\u02d7\u02d7 \u00a0Estudiantes de la Universidad Tecnol\u00f3gica de Puerto Pe\u00f1asco (UTPP), elaboraron proyectos innovadores para la En Sonora en Equipo publicamos toda la informaci\u00f3n de Sonora, M\u00e9xico y el Mundo de manera oportuna y busca que la libertad de expresi\u00f3n sea real. Visita nuestro medio informativo publicado desde Hermosillo, Sonora. %","og_url":"https:\/\/www.sonoraenequipo.com.mx\/contribuye-alumnado-de-la-ut-de-penasco-al-fortalecimiento-economico-de-la-region\/","og_site_name":"Sonora en Equipo.","article_publisher":"https:\/\/www.facebook.com\/SonoraEE\/","article_author":"https:\/\/www.facebook.com\/SonoraEE","article_published_time":"2024-05-18T02:34:12+00:00","og_image":[{"width":800,"height":533,"url":"https:\/\/www.sonoraenequipo.com.mx\/storage\/2024\/05\/valentina.jpg","type":"image\/jpeg"}],"author":"enequipo","twitter_card":"summary_large_image","twitter_creator":"@sonoraenequipo","twitter_site":"@sonoraenequipo","twitter_misc":{"Escrito por":"enequipo","Tiempo de lectura":"1 minuto"},"schema":{"@context":"https:\/\/schema.org","@graph":[{"@type":"Article","@id":"https:\/\/www.sonoraenequipo.com.mx\/contribuye-alumnado-de-la-ut-de-penasco-al-fortalecimiento-economico-de-la-region\/#article","isPartOf":{"@id":"https:\/\/www.sonoraenequipo.com.mx\/contribuye-alumnado-de-la-ut-de-penasco-al-fortalecimiento-economico-de-la-region\/"},"author":{"name":"enequipo","@id":"https:\/\/www.sonoraenequipo.com.mx\/#\/schema\/person\/50102df0fb23a8fa9e8effad8fa81386"},"headline":"Contribuye alumnado de la UT de Pe\u00f1asco al fortalecimiento econ\u00f3mico de la regi\u00f3n","datePublished":"2024-05-18T02:34:12+00:00","mainEntityOfPage":{"@id":"https:\/\/www.sonoraenequipo.com.mx\/contribuye-alumnado-de-la-ut-de-penasco-al-fortalecimiento-economico-de-la-region\/"},"wordCount":207,"commentCount":0,"publisher":{"@id":"https:\/\/www.sonoraenequipo.com.mx\/#organization"},"image":{"@id":"https:\/\/www.sonoraenequipo.com.mx\/contribuye-alumnado-de-la-ut-de-penasco-al-fortalecimiento-economico-de-la-region\/#primaryimage"},"thumbnailUrl":"https:\/\/www.sonoraenequipo.com.mx\/storage\/2024\/05\/valentina.jpg","keywords":["pe\u00f1asco","ut"],"articleSection":["Sonora"],"inLanguage":"es","potentialAction":[{"@type":"CommentAction","name":"Comment","target":["https:\/\/www.sonoraenequipo.com.mx\/contribuye-alumnado-de-la-ut-de-penasco-al-fortalecimiento-economico-de-la-region\/#respond"]}]},{"@type":"WebPage","@id":"https:\/\/www.sonoraenequipo.com.mx\/contribuye-alumnado-de-la-ut-de-penasco-al-fortalecimiento-economico-de-la-region\/","url":"https:\/\/www.sonoraenequipo.com.mx\/contribuye-alumnado-de-la-ut-de-penasco-al-fortalecimiento-economico-de-la-region\/","name":"Sonora en Equipo. Contribuye alumnado de la UT de Pe\u00f1asco al fortalecimiento econ\u00f3mico de la regi\u00f3n Sonora","isPartOf":{"@id":"https:\/\/www.sonoraenequipo.com.mx\/#website"},"primaryImageOfPage":{"@id":"https:\/\/www.sonoraenequipo.com.mx\/contribuye-alumnado-de-la-ut-de-penasco-al-fortalecimiento-economico-de-la-region\/#primaryimage"},"image":{"@id":"https:\/\/www.sonoraenequipo.com.mx\/contribuye-alumnado-de-la-ut-de-penasco-al-fortalecimiento-economico-de-la-region\/#primaryimage"},"thumbnailUrl":"https:\/\/www.sonoraenequipo.com.mx\/storage\/2024\/05\/valentina.jpg","datePublished":"2024-05-18T02:34:12+00:00","description":"PUERTO PE\u00d1ASCO, SONORA, MX.\u02d7\u02d7\u02d7 \u00a0Estudiantes de la Universidad Tecnol\u00f3gica de Puerto Pe\u00f1asco (UTPP), elaboraron proyectos innovadores para la En Sonora en Equipo publicamos toda la informaci\u00f3n de Sonora, M\u00e9xico y el Mundo de manera oportuna y busca que la libertad de expresi\u00f3n sea real. Visita nuestro medio informativo publicado desde Hermosillo, Sonora. %","breadcrumb":{"@id":"https:\/\/www.sonoraenequipo.com.mx\/contribuye-alumnado-de-la-ut-de-penasco-al-fortalecimiento-economico-de-la-region\/#breadcrumb"},"inLanguage":"es","potentialAction":[{"@type":"ReadAction","target":["https:\/\/www.sonoraenequipo.com.mx\/contribuye-alumnado-de-la-ut-de-penasco-al-fortalecimiento-economico-de-la-region\/"]}]},{"@type":"ImageObject","inLanguage":"es","@id":"https:\/\/www.sonoraenequipo.com.mx\/contribuye-alumnado-de-la-ut-de-penasco-al-fortalecimiento-economico-de-la-region\/#primaryimage","url":"https:\/\/www.sonoraenequipo.com.mx\/storage\/2024\/05\/valentina.jpg","contentUrl":"https:\/\/www.sonoraenequipo.com.mx\/storage\/2024\/05\/valentina.jpg","width":800,"height":533},{"@type":"BreadcrumbList","@id":"https:\/\/www.sonoraenequipo.com.mx\/contribuye-alumnado-de-la-ut-de-penasco-al-fortalecimiento-economico-de-la-region\/#breadcrumb","itemListElement":[{"@type":"ListItem","position":1,"name":"Portada","item":"https:\/\/www.sonoraenequipo.com.mx\/"},{"@type":"ListItem","position":2,"name":"Contribuye alumnado de la UT de Pe\u00f1asco al fortalecimiento econ\u00f3mico de la regi\u00f3n"}]},{"@type":"WebSite","@id":"https:\/\/www.sonoraenequipo.com.mx\/#website","url":"https:\/\/www.sonoraenequipo.com.mx\/","name":"Sonora en Equipo.","description":"Diario en l\u00ednea con Noticias desde Hermosillo, Sonora","publisher":{"@id":"https:\/\/www.sonoraenequipo.com.mx\/#organization"},"potentialAction":[{"@type":"SearchAction","target":{"@type":"EntryPoint","urlTemplate":"https:\/\/www.sonoraenequipo.com.mx\/?s={search_term_string}"},"query-input":{"@type":"PropertyValueSpecification","valueRequired":true,"valueName":"search_term_string"}}],"inLanguage":"es"},{"@type":"Organization","@id":"https:\/\/www.sonoraenequipo.com.mx\/#organization","name":"Sonoraenequipo.com.mx","url":"https:\/\/www.sonoraenequipo.com.mx\/","logo":{"@type":"ImageObject","inLanguage":"es","@id":"https:\/\/www.sonoraenequipo.com.mx\/#\/schema\/logo\/image\/","url":"https:\/\/www.sonoraenequipo.com.mx\/storage\/2019\/01\/sonoraenequipo_opt.png","contentUrl":"https:\/\/www.sonoraenequipo.com.mx\/storage\/2019\/01\/sonoraenequipo_opt.png","width":375,"height":125,"caption":"Sonoraenequipo.com.mx"},"image":{"@id":"https:\/\/www.sonoraenequipo.com.mx\/#\/schema\/logo\/image\/"},"sameAs":["https:\/\/www.facebook.com\/SonoraEE\/","https:\/\/x.com\/sonoraenequipo","https:\/\/www.youtube.com\/channel\/UC338nW-lPEYmJQs4ZABQ1SQ"]},{"@type":"Person","@id":"https:\/\/www.sonoraenequipo.com.mx\/#\/schema\/person\/50102df0fb23a8fa9e8effad8fa81386","name":"enequipo","image":{"@type":"ImageObject","inLanguage":"es","@id":"https:\/\/www.sonoraenequipo.com.mx\/#\/schema\/person\/image\/","url":"https:\/\/secure.gravatar.com\/avatar\/049821681b589dabc0bc20695993ccebb09f5b5d4d790cd9251b97faac7c652b?s=96&d=blank&r=g","contentUrl":"https:\/\/secure.gravatar.com\/avatar\/049821681b589dabc0bc20695993ccebb09f5b5d4d790cd9251b97faac7c652b?s=96&d=blank&r=g","caption":"enequipo"},"sameAs":["https:\/\/www.facebook.com\/SonoraEE"]}]}},"jetpack_featured_media_url":"https:\/\/www.sonoraenequipo.com.mx\/storage\/2024\/05\/valentina.jpg","_links":{"self":[{"href":"https:\/\/www.sonoraenequipo.com.mx\/api\/wp\/v2\/posts\/190004","targetHints":{"allow":["GET"]}}],"collection":[{"href":"https:\/\/www.sonoraenequipo.com.mx\/api\/wp\/v2\/posts"}],"about":[{"href":"https:\/\/www.sonoraenequipo.com.mx\/api\/wp\/v2\/types\/post"}],"author":[{"embeddable":true,"href":"https:\/\/www.sonoraenequipo.com.mx\/api\/wp\/v2\/users\/1"}],"replies":[{"embeddable":true,"href":"https:\/\/www.sonoraenequipo.com.mx\/api\/wp\/v2\/comments?post=190004"}],"version-history":[{"count":1,"href":"https:\/\/www.sonoraenequipo.com.mx\/api\/wp\/v2\/posts\/190004\/revisions"}],"predecessor-version":[{"id":190006,"href":"https:\/\/www.sonoraenequipo.com.mx\/api\/wp\/v2\/posts\/190004\/revisions\/190006"}],"wp:featuredmedia":[{"embeddable":true,"href":"https:\/\/www.sonoraenequipo.com.mx\/api\/wp\/v2\/media\/190005"}],"wp:attachment":[{"href":"https:\/\/www.sonoraenequipo.com.mx\/api\/wp\/v2\/media?parent=190004"}],"wp:term":[{"taxonomy":"category","embeddable":true,"href":"https:\/\/www.sonoraenequipo.com.mx\/api\/wp\/v2\/categories?post=190004"},{"taxonomy":"post_tag","embeddable":true,"href":"https:\/\/www.sonoraenequipo.com.mx\/api\/wp\/v2\/tags?post=190004"}],"curies":[{"name":"wp","href":"https:\/\/api.w.org\/{rel}","templated":true}]}}