{"id":190007,"date":"2024-05-17T20:20:20","date_gmt":"2024-05-18T03:20:20","guid":{"rendered":"https:\/\/www.sonoraenequipo.com.mx\/?p=190007"},"modified":"2024-05-17T20:20:20","modified_gmt":"2024-05-18T03:20:20","slug":"atienden-gobierno-de-sonora-y-conagua-avance-de-obras-del-plan-de-justicia-yaqui","status":"publish","type":"post","link":"https:\/\/www.sonoraenequipo.com.mx\/atienden-gobierno-de-sonora-y-conagua-avance-de-obras-del-plan-de-justicia-yaqui\/","title":{"rendered":"Atienden Gobierno de Sonora y Conagua avance de obras del Plan de Justicia Yaqui"},"content":{"rendered":"<p><strong>HERMOSILLO, SONORA, MX.\u02d7\u02d7\u02d7 <\/strong>A fin de dar seguimiento al Plan de Justicia Yaqui, el gobernador Alfonso Durazo Monta\u00f1o se reuni\u00f3 con el subdirector de Infraestructura Hidroagr\u00edcola, de la Comisi\u00f3n Nacional del Agua (Conagua), Aar\u00f3n Mastache Mondrag\u00f3n, para revisar el avance de la obra del Distrito de Riego 018 (DR 018) del Pueblo Yaqui.<\/p>\n<p>&nbsp;<\/p>\n<p>&nbsp;<\/p>\n<p>&nbsp;<\/p>\n<p>Esta obra representa la ampliaci\u00f3n de su superficie productiva de 61 mil 223 hect\u00e1reas potenciales para riego, as\u00ed como la transferencia de agua a favor de 42 mil 200 habitantes.<\/p>\n<p>&nbsp;<\/p>\n<p>&nbsp;<\/p>\n<p>&nbsp;<\/p>\n<p>El proyecto ejecutivo de dicha obra, contempla la construcci\u00f3n de 52.83 km y rehabilitaci\u00f3n de 23.8 km del canal principal; as\u00ed como la ampliaci\u00f3n de 38,000 hect\u00e1reas y recuperaci\u00f3n de dos mil 237 hect\u00e1reas en desuso en el DR 018.<\/p>\n<p>&nbsp;<\/p>\n<p>&nbsp;<\/p>\n<p>&nbsp;<\/p>\n<p>El conjunto de acciones y obras que integran el Plan de Justicia, beneficiar\u00e1 a los ocho pueblos yaquis, cumpliendo un compromiso m\u00e1s, al atender una necesidad de d\u00e9cadas.<\/p>\n<p><strong>Fecha de publicaci\u00f3n viernes 17 de mayo de 2024<\/strong><\/p>\n<p>&nbsp;<\/p>\n","protected":false},"excerpt":{"rendered":"<p>HERMOSILLO, SONORA, MX.\u02d7\u02d7\u02d7 A fin de dar seguimiento al Plan de Justicia Yaqui, el gobernador&#8230;<\/p>\n","protected":false},"author":1,"featured_media":190008,"comment_status":"open","ping_status":"open","sticky":false,"template":"","format":"standard","meta":{"_monsterinsights_skip_tracking":false,"_monsterinsights_sitenote_active":false,"_monsterinsights_sitenote_note":"","_monsterinsights_sitenote_category":0,"footnotes":""},"categories":[22],"tags":[397,6249,7206],"class_list":["post"],"yoast_head":" \n<title>Sonora en Equipo. Atienden Gobierno de Sonora y Conagua avance de obras del Plan de Justicia Yaqui Sonora<\/title>\n<meta name=\"description\" content=\"HERMOSILLO, SONORA, MX.\u02d7\u02d7\u02d7 A fin de dar seguimiento al Plan de Justicia Yaqui, el gobernador Alfonso Durazo Monta\u00f1o se reuni\u00f3 con el subdirector de En Sonora en Equipo publicamos toda la informaci\u00f3n de Sonora, M\u00e9xico y el Mundo de manera oportuna y busca que la libertad de expresi\u00f3n sea real. Visita nuestro medio informativo publicado desde Hermosillo, Sonora. %\" \/>\n<meta name=\"robots\" content=\"index, follow, max-snippet:-1, max-image-preview:large, max-video-preview:-1\" \/>\n<link rel=\"canonical\" href=\"https:\/\/www.sonoraenequipo.com.mx\/atienden-gobierno-de-sonora-y-conagua-avance-de-obras-del-plan-de-justicia-yaqui\/\" \/>\n<meta property=\"og:locale\" content=\"es_ES\" \/>\n<meta property=\"og:type\" content=\"article\" \/>\n<meta property=\"og:title\" content=\"Sonora en Equipo. Atienden Gobierno de Sonora y Conagua avance de obras del Plan de Justicia Yaqui Sonora\" \/>\n<meta property=\"og:description\" content=\"HERMOSILLO, SONORA, MX.\u02d7\u02d7\u02d7 A fin de dar seguimiento al Plan de Justicia Yaqui, el gobernador Alfonso Durazo Monta\u00f1o se reuni\u00f3 con el subdirector de En Sonora en Equipo publicamos toda la informaci\u00f3n de Sonora, M\u00e9xico y el Mundo de manera oportuna y busca que la libertad de expresi\u00f3n sea real. Visita nuestro medio informativo publicado desde Hermosillo, Sonora. %\" \/>\n<meta property=\"og:url\" content=\"https:\/\/www.sonoraenequipo.com.mx\/atienden-gobierno-de-sonora-y-conagua-avance-de-obras-del-plan-de-justicia-yaqui\/\" \/>\n<meta property=\"og:site_name\" content=\"Sonora en Equipo.\" \/>\n<meta property=\"article:publisher\" content=\"https:\/\/www.facebook.com\/SonoraEE\/\" \/>\n<meta property=\"article:author\" content=\"https:\/\/www.facebook.com\/SonoraEE\" \/>\n<meta property=\"article:published_time\" content=\"2024-05-18T03:20:20+00:00\" \/>\n<meta property=\"og:image\" content=\"https:\/\/www.sonoraenequipo.com.mx\/storage\/2024\/05\/plan-yaqui.jpg\" \/>\n\t<meta property=\"og:image:width\" content=\"800\" \/>\n\t<meta property=\"og:image:height\" content=\"533\" \/>\n\t<meta property=\"og:image:type\" content=\"image\/jpeg\" \/>\n<meta name=\"author\" content=\"enequipo\" \/>\n<meta name=\"twitter:card\" content=\"summary_large_image\" \/>\n<meta name=\"twitter:creator\" content=\"@sonoraenequipo\" \/>\n<meta name=\"twitter:site\" content=\"@sonoraenequipo\" \/>\n<meta name=\"twitter:label1\" content=\"Escrito por\" \/>\n\t<meta name=\"twitter:data1\" content=\"enequipo\" \/>\n\t<meta name=\"twitter:label2\" content=\"Tiempo de lectura\" \/>\n\t<meta name=\"twitter:data2\" content=\"1 minuto\" \/>\n<script type=\"application\/ld+json\" class=\"yoast-schema-graph\">{\"@context\":\"https:\/\/schema.org\",\"@graph\":[{\"@type\":\"Article\",\"@id\":\"https:\/\/www.sonoraenequipo.com.mx\/atienden-gobierno-de-sonora-y-conagua-avance-de-obras-del-plan-de-justicia-yaqui\/#article\",\"isPartOf\":{\"@id\":\"https:\/\/www.sonoraenequipo.com.mx\/atienden-gobierno-de-sonora-y-conagua-avance-de-obras-del-plan-de-justicia-yaqui\/\"},\"author\":{\"name\":\"enequipo\",\"@id\":\"https:\/\/www.sonoraenequipo.com.mx\/#\/schema\/person\/50102df0fb23a8fa9e8effad8fa81386\"},\"headline\":\"Atienden Gobierno de Sonora y Conagua avance de obras del Plan de Justicia Yaqui\",\"datePublished\":\"2024-05-18T03:20:20+00:00\",\"mainEntityOfPage\":{\"@id\":\"https:\/\/www.sonoraenequipo.com.mx\/atienden-gobierno-de-sonora-y-conagua-avance-de-obras-del-plan-de-justicia-yaqui\/\"},\"wordCount\":187,\"commentCount\":0,\"publisher\":{\"@id\":\"https:\/\/www.sonoraenequipo.com.mx\/#organization\"},\"image\":{\"@id\":\"https:\/\/www.sonoraenequipo.com.mx\/atienden-gobierno-de-sonora-y-conagua-avance-de-obras-del-plan-de-justicia-yaqui\/#primaryimage\"},\"thumbnailUrl\":\"https:\/\/www.sonoraenequipo.com.mx\/storage\/2024\/05\/plan-yaqui.jpg\",\"keywords\":[\"Justicia\",\"PLAN\",\"yaqui\"],\"articleSection\":[\"Sonora\"],\"inLanguage\":\"es\",\"potentialAction\":[{\"@type\":\"CommentAction\",\"name\":\"Comment\",\"target\":[\"https:\/\/www.sonoraenequipo.com.mx\/atienden-gobierno-de-sonora-y-conagua-avance-de-obras-del-plan-de-justicia-yaqui\/#respond\"]}]},{\"@type\":\"WebPage\",\"@id\":\"https:\/\/www.sonoraenequipo.com.mx\/atienden-gobierno-de-sonora-y-conagua-avance-de-obras-del-plan-de-justicia-yaqui\/\",\"url\":\"https:\/\/www.sonoraenequipo.com.mx\/atienden-gobierno-de-sonora-y-conagua-avance-de-obras-del-plan-de-justicia-yaqui\/\",\"name\":\"Sonora en Equipo. Atienden Gobierno de Sonora y Conagua avance de obras del Plan de Justicia Yaqui Sonora\",\"isPartOf\":{\"@id\":\"https:\/\/www.sonoraenequipo.com.mx\/#website\"},\"primaryImageOfPage\":{\"@id\":\"https:\/\/www.sonoraenequipo.com.mx\/atienden-gobierno-de-sonora-y-conagua-avance-de-obras-del-plan-de-justicia-yaqui\/#primaryimage\"},\"image\":{\"@id\":\"https:\/\/www.sonoraenequipo.com.mx\/atienden-gobierno-de-sonora-y-conagua-avance-de-obras-del-plan-de-justicia-yaqui\/#primaryimage\"},\"thumbnailUrl\":\"https:\/\/www.sonoraenequipo.com.mx\/storage\/2024\/05\/plan-yaqui.jpg\",\"datePublished\":\"2024-05-18T03:20:20+00:00\",\"description\":\"HERMOSILLO, SONORA, MX.\u02d7\u02d7\u02d7 A fin de dar seguimiento al Plan de Justicia Yaqui, el gobernador Alfonso Durazo Monta\u00f1o se reuni\u00f3 con el subdirector de En Sonora en Equipo publicamos toda la informaci\u00f3n de Sonora, M\u00e9xico y el Mundo de manera oportuna y busca que la libertad de expresi\u00f3n sea real. Visita nuestro medio informativo publicado desde Hermosillo, Sonora. %\",\"breadcrumb\":{\"@id\":\"https:\/\/www.sonoraenequipo.com.mx\/atienden-gobierno-de-sonora-y-conagua-avance-de-obras-del-plan-de-justicia-yaqui\/#breadcrumb\"},\"inLanguage\":\"es\",\"potentialAction\":[{\"@type\":\"ReadAction\",\"target\":[\"https:\/\/www.sonoraenequipo.com.mx\/atienden-gobierno-de-sonora-y-conagua-avance-de-obras-del-plan-de-justicia-yaqui\/\"]}]},{\"@type\":\"ImageObject\",\"inLanguage\":\"es\",\"@id\":\"https:\/\/www.sonoraenequipo.com.mx\/atienden-gobierno-de-sonora-y-conagua-avance-de-obras-del-plan-de-justicia-yaqui\/#primaryimage\",\"url\":\"https:\/\/www.sonoraenequipo.com.mx\/storage\/2024\/05\/plan-yaqui.jpg\",\"contentUrl\":\"https:\/\/www.sonoraenequipo.com.mx\/storage\/2024\/05\/plan-yaqui.jpg\",\"width\":800,\"height\":533},{\"@type\":\"BreadcrumbList\",\"@id\":\"https:\/\/www.sonoraenequipo.com.mx\/atienden-gobierno-de-sonora-y-conagua-avance-de-obras-del-plan-de-justicia-yaqui\/#breadcrumb\",\"itemListElement\":[{\"@type\":\"ListItem\",\"position\":1,\"name\":\"Portada\",\"item\":\"https:\/\/www.sonoraenequipo.com.mx\/\"},{\"@type\":\"ListItem\",\"position\":2,\"name\":\"Atienden Gobierno de Sonora y Conagua avance de obras del Plan de Justicia Yaqui\"}]},{\"@type\":\"WebSite\",\"@id\":\"https:\/\/www.sonoraenequipo.com.mx\/#website\",\"url\":\"https:\/\/www.sonoraenequipo.com.mx\/\",\"name\":\"Sonora en Equipo.\",\"description\":\"Diario en l\u00ednea con Noticias desde Hermosillo, Sonora\",\"publisher\":{\"@id\":\"https:\/\/www.sonoraenequipo.com.mx\/#organization\"},\"potentialAction\":[{\"@type\":\"SearchAction\",\"target\":{\"@type\":\"EntryPoint\",\"urlTemplate\":\"https:\/\/www.sonoraenequipo.com.mx\/?s={search_term_string}\"},\"query-input\":{\"@type\":\"PropertyValueSpecification\",\"valueRequired\":true,\"valueName\":\"search_term_string\"}}],\"inLanguage\":\"es\"},{\"@type\":\"Organization\",\"@id\":\"https:\/\/www.sonoraenequipo.com.mx\/#organization\",\"name\":\"Sonoraenequipo.com.mx\",\"url\":\"https:\/\/www.sonoraenequipo.com.mx\/\",\"logo\":{\"@type\":\"ImageObject\",\"inLanguage\":\"es\",\"@id\":\"https:\/\/www.sonoraenequipo.com.mx\/#\/schema\/logo\/image\/\",\"url\":\"https:\/\/www.sonoraenequipo.com.mx\/storage\/2019\/01\/sonoraenequipo_opt.png\",\"contentUrl\":\"https:\/\/www.sonoraenequipo.com.mx\/storage\/2019\/01\/sonoraenequipo_opt.png\",\"width\":375,\"height\":125,\"caption\":\"Sonoraenequipo.com.mx\"},\"image\":{\"@id\":\"https:\/\/www.sonoraenequipo.com.mx\/#\/schema\/logo\/image\/\"},\"sameAs\":[\"https:\/\/www.facebook.com\/SonoraEE\/\",\"https:\/\/x.com\/sonoraenequipo\",\"https:\/\/www.youtube.com\/channel\/UC338nW-lPEYmJQs4ZABQ1SQ\"]},{\"@type\":\"Person\",\"@id\":\"https:\/\/www.sonoraenequipo.com.mx\/#\/schema\/person\/50102df0fb23a8fa9e8effad8fa81386\",\"name\":\"enequipo\",\"image\":{\"@type\":\"ImageObject\",\"inLanguage\":\"es\",\"@id\":\"https:\/\/www.sonoraenequipo.com.mx\/#\/schema\/person\/image\/\",\"url\":\"https:\/\/secure.gravatar.com\/avatar\/049821681b589dabc0bc20695993ccebb09f5b5d4d790cd9251b97faac7c652b?s=96&d=blank&r=g\",\"contentUrl\":\"https:\/\/secure.gravatar.com\/avatar\/049821681b589dabc0bc20695993ccebb09f5b5d4d790cd9251b97faac7c652b?s=96&d=blank&r=g\",\"caption\":\"enequipo\"},\"sameAs\":[\"https:\/\/www.facebook.com\/SonoraEE\"]}]}<\/script>\n ","yoast_head_json":{"title":"Sonora en Equipo. Atienden Gobierno de Sonora y Conagua avance de obras del Plan de Justicia Yaqui Sonora","description":"HERMOSILLO, SONORA, MX.\u02d7\u02d7\u02d7 A fin de dar seguimiento al Plan de Justicia Yaqui, el gobernador Alfonso Durazo Monta\u00f1o se reuni\u00f3 con el subdirector de En Sonora en Equipo publicamos toda la informaci\u00f3n de Sonora, M\u00e9xico y el Mundo de manera oportuna y busca que la libertad de expresi\u00f3n sea real. Visita nuestro medio informativo publicado desde Hermosillo, Sonora. %","robots":{"index":"index","follow":"follow","max-snippet":"max-snippet:-1","max-image-preview":"max-image-preview:large","max-video-preview":"max-video-preview:-1"},"canonical":"https:\/\/www.sonoraenequipo.com.mx\/atienden-gobierno-de-sonora-y-conagua-avance-de-obras-del-plan-de-justicia-yaqui\/","og_locale":"es_ES","og_type":"article","og_title":"Sonora en Equipo. Atienden Gobierno de Sonora y Conagua avance de obras del Plan de Justicia Yaqui Sonora","og_description":"HERMOSILLO, SONORA, MX.\u02d7\u02d7\u02d7 A fin de dar seguimiento al Plan de Justicia Yaqui, el gobernador Alfonso Durazo Monta\u00f1o se reuni\u00f3 con el subdirector de En Sonora en Equipo publicamos toda la informaci\u00f3n de Sonora, M\u00e9xico y el Mundo de manera oportuna y busca que la libertad de expresi\u00f3n sea real. Visita nuestro medio informativo publicado desde Hermosillo, Sonora. %","og_url":"https:\/\/www.sonoraenequipo.com.mx\/atienden-gobierno-de-sonora-y-conagua-avance-de-obras-del-plan-de-justicia-yaqui\/","og_site_name":"Sonora en Equipo.","article_publisher":"https:\/\/www.facebook.com\/SonoraEE\/","article_author":"https:\/\/www.facebook.com\/SonoraEE","article_published_time":"2024-05-18T03:20:20+00:00","og_image":[{"width":800,"height":533,"url":"https:\/\/www.sonoraenequipo.com.mx\/storage\/2024\/05\/plan-yaqui.jpg","type":"image\/jpeg"}],"author":"enequipo","twitter_card":"summary_large_image","twitter_creator":"@sonoraenequipo","twitter_site":"@sonoraenequipo","twitter_misc":{"Escrito por":"enequipo","Tiempo de lectura":"1 minuto"},"schema":{"@context":"https:\/\/schema.org","@graph":[{"@type":"Article","@id":"https:\/\/www.sonoraenequipo.com.mx\/atienden-gobierno-de-sonora-y-conagua-avance-de-obras-del-plan-de-justicia-yaqui\/#article","isPartOf":{"@id":"https:\/\/www.sonoraenequipo.com.mx\/atienden-gobierno-de-sonora-y-conagua-avance-de-obras-del-plan-de-justicia-yaqui\/"},"author":{"name":"enequipo","@id":"https:\/\/www.sonoraenequipo.com.mx\/#\/schema\/person\/50102df0fb23a8fa9e8effad8fa81386"},"headline":"Atienden Gobierno de Sonora y Conagua avance de obras del Plan de Justicia Yaqui","datePublished":"2024-05-18T03:20:20+00:00","mainEntityOfPage":{"@id":"https:\/\/www.sonoraenequipo.com.mx\/atienden-gobierno-de-sonora-y-conagua-avance-de-obras-del-plan-de-justicia-yaqui\/"},"wordCount":187,"commentCount":0,"publisher":{"@id":"https:\/\/www.sonoraenequipo.com.mx\/#organization"},"image":{"@id":"https:\/\/www.sonoraenequipo.com.mx\/atienden-gobierno-de-sonora-y-conagua-avance-de-obras-del-plan-de-justicia-yaqui\/#primaryimage"},"thumbnailUrl":"https:\/\/www.sonoraenequipo.com.mx\/storage\/2024\/05\/plan-yaqui.jpg","keywords":["Justicia","PLAN","yaqui"],"articleSection":["Sonora"],"inLanguage":"es","potentialAction":[{"@type":"CommentAction","name":"Comment","target":["https:\/\/www.sonoraenequipo.com.mx\/atienden-gobierno-de-sonora-y-conagua-avance-de-obras-del-plan-de-justicia-yaqui\/#respond"]}]},{"@type":"WebPage","@id":"https:\/\/www.sonoraenequipo.com.mx\/atienden-gobierno-de-sonora-y-conagua-avance-de-obras-del-plan-de-justicia-yaqui\/","url":"https:\/\/www.sonoraenequipo.com.mx\/atienden-gobierno-de-sonora-y-conagua-avance-de-obras-del-plan-de-justicia-yaqui\/","name":"Sonora en Equipo. Atienden Gobierno de Sonora y Conagua avance de obras del Plan de Justicia Yaqui Sonora","isPartOf":{"@id":"https:\/\/www.sonoraenequipo.com.mx\/#website"},"primaryImageOfPage":{"@id":"https:\/\/www.sonoraenequipo.com.mx\/atienden-gobierno-de-sonora-y-conagua-avance-de-obras-del-plan-de-justicia-yaqui\/#primaryimage"},"image":{"@id":"https:\/\/www.sonoraenequipo.com.mx\/atienden-gobierno-de-sonora-y-conagua-avance-de-obras-del-plan-de-justicia-yaqui\/#primaryimage"},"thumbnailUrl":"https:\/\/www.sonoraenequipo.com.mx\/storage\/2024\/05\/plan-yaqui.jpg","datePublished":"2024-05-18T03:20:20+00:00","description":"HERMOSILLO, SONORA, MX.\u02d7\u02d7\u02d7 A fin de dar seguimiento al Plan de Justicia Yaqui, el gobernador Alfonso Durazo Monta\u00f1o se reuni\u00f3 con el subdirector de En Sonora en Equipo publicamos toda la informaci\u00f3n de Sonora, M\u00e9xico y el Mundo de manera oportuna y busca que la libertad de expresi\u00f3n sea real. Visita nuestro medio informativo publicado desde Hermosillo, Sonora. %","breadcrumb":{"@id":"https:\/\/www.sonoraenequipo.com.mx\/atienden-gobierno-de-sonora-y-conagua-avance-de-obras-del-plan-de-justicia-yaqui\/#breadcrumb"},"inLanguage":"es","potentialAction":[{"@type":"ReadAction","target":["https:\/\/www.sonoraenequipo.com.mx\/atienden-gobierno-de-sonora-y-conagua-avance-de-obras-del-plan-de-justicia-yaqui\/"]}]},{"@type":"ImageObject","inLanguage":"es","@id":"https:\/\/www.sonoraenequipo.com.mx\/atienden-gobierno-de-sonora-y-conagua-avance-de-obras-del-plan-de-justicia-yaqui\/#primaryimage","url":"https:\/\/www.sonoraenequipo.com.mx\/storage\/2024\/05\/plan-yaqui.jpg","contentUrl":"https:\/\/www.sonoraenequipo.com.mx\/storage\/2024\/05\/plan-yaqui.jpg","width":800,"height":533},{"@type":"BreadcrumbList","@id":"https:\/\/www.sonoraenequipo.com.mx\/atienden-gobierno-de-sonora-y-conagua-avance-de-obras-del-plan-de-justicia-yaqui\/#breadcrumb","itemListElement":[{"@type":"ListItem","position":1,"name":"Portada","item":"https:\/\/www.sonoraenequipo.com.mx\/"},{"@type":"ListItem","position":2,"name":"Atienden Gobierno de Sonora y Conagua avance de obras del Plan de Justicia Yaqui"}]},{"@type":"WebSite","@id":"https:\/\/www.sonoraenequipo.com.mx\/#website","url":"https:\/\/www.sonoraenequipo.com.mx\/","name":"Sonora en Equipo.","description":"Diario en l\u00ednea con Noticias desde Hermosillo, Sonora","publisher":{"@id":"https:\/\/www.sonoraenequipo.com.mx\/#organization"},"potentialAction":[{"@type":"SearchAction","target":{"@type":"EntryPoint","urlTemplate":"https:\/\/www.sonoraenequipo.com.mx\/?s={search_term_string}"},"query-input":{"@type":"PropertyValueSpecification","valueRequired":true,"valueName":"search_term_string"}}],"inLanguage":"es"},{"@type":"Organization","@id":"https:\/\/www.sonoraenequipo.com.mx\/#organization","name":"Sonoraenequipo.com.mx","url":"https:\/\/www.sonoraenequipo.com.mx\/","logo":{"@type":"ImageObject","inLanguage":"es","@id":"https:\/\/www.sonoraenequipo.com.mx\/#\/schema\/logo\/image\/","url":"https:\/\/www.sonoraenequipo.com.mx\/storage\/2019\/01\/sonoraenequipo_opt.png","contentUrl":"https:\/\/www.sonoraenequipo.com.mx\/storage\/2019\/01\/sonoraenequipo_opt.png","width":375,"height":125,"caption":"Sonoraenequipo.com.mx"},"image":{"@id":"https:\/\/www.sonoraenequipo.com.mx\/#\/schema\/logo\/image\/"},"sameAs":["https:\/\/www.facebook.com\/SonoraEE\/","https:\/\/x.com\/sonoraenequipo","https:\/\/www.youtube.com\/channel\/UC338nW-lPEYmJQs4ZABQ1SQ"]},{"@type":"Person","@id":"https:\/\/www.sonoraenequipo.com.mx\/#\/schema\/person\/50102df0fb23a8fa9e8effad8fa81386","name":"enequipo","image":{"@type":"ImageObject","inLanguage":"es","@id":"https:\/\/www.sonoraenequipo.com.mx\/#\/schema\/person\/image\/","url":"https:\/\/secure.gravatar.com\/avatar\/049821681b589dabc0bc20695993ccebb09f5b5d4d790cd9251b97faac7c652b?s=96&d=blank&r=g","contentUrl":"https:\/\/secure.gravatar.com\/avatar\/049821681b589dabc0bc20695993ccebb09f5b5d4d790cd9251b97faac7c652b?s=96&d=blank&r=g","caption":"enequipo"},"sameAs":["https:\/\/www.facebook.com\/SonoraEE"]}]}},"jetpack_featured_media_url":"https:\/\/www.sonoraenequipo.com.mx\/storage\/2024\/05\/plan-yaqui.jpg","_links":{"self":[{"href":"https:\/\/www.sonoraenequipo.com.mx\/api\/wp\/v2\/posts\/190007","targetHints":{"allow":["GET"]}}],"collection":[{"href":"https:\/\/www.sonoraenequipo.com.mx\/api\/wp\/v2\/posts"}],"about":[{"href":"https:\/\/www.sonoraenequipo.com.mx\/api\/wp\/v2\/types\/post"}],"author":[{"embeddable":true,"href":"https:\/\/www.sonoraenequipo.com.mx\/api\/wp\/v2\/users\/1"}],"replies":[{"embeddable":true,"href":"https:\/\/www.sonoraenequipo.com.mx\/api\/wp\/v2\/comments?post=190007"}],"version-history":[{"count":1,"href":"https:\/\/www.sonoraenequipo.com.mx\/api\/wp\/v2\/posts\/190007\/revisions"}],"predecessor-version":[{"id":190009,"href":"https:\/\/www.sonoraenequipo.com.mx\/api\/wp\/v2\/posts\/190007\/revisions\/190009"}],"wp:featuredmedia":[{"embeddable":true,"href":"https:\/\/www.sonoraenequipo.com.mx\/api\/wp\/v2\/media\/190008"}],"wp:attachment":[{"href":"https:\/\/www.sonoraenequipo.com.mx\/api\/wp\/v2\/media?parent=190007"}],"wp:term":[{"taxonomy":"category","embeddable":true,"href":"https:\/\/www.sonoraenequipo.com.mx\/api\/wp\/v2\/categories?post=190007"},{"taxonomy":"post_tag","embeddable":true,"href":"https:\/\/www.sonoraenequipo.com.mx\/api\/wp\/v2\/tags?post=190007"}],"curies":[{"name":"wp","href":"https:\/\/api.w.org\/{rel}","templated":true}]}}