{"id":190041,"date":"2024-05-18T17:04:39","date_gmt":"2024-05-19T00:04:39","guid":{"rendered":"https:\/\/www.sonoraenequipo.com.mx\/?p=190041"},"modified":"2024-05-18T17:04:39","modified_gmt":"2024-05-19T00:04:39","slug":"el-deporte-y-las-areas-verdes-son-fundamentales-para-el-desarrollo-de-las-familias-de-hermosillo-ely-sallard","status":"publish","type":"post","link":"https:\/\/www.sonoraenequipo.com.mx\/el-deporte-y-las-areas-verdes-son-fundamentales-para-el-desarrollo-de-las-familias-de-hermosillo-ely-sallard\/","title":{"rendered":"El deporte y las \u00e1reas verdes son fundamentales para el desarrollo de las familias de Hermosillo: Ely Sallard"},"content":{"rendered":"<p><strong>HERMOSILLO, SONORA, MX.\u02d7\u02d7\u02d7 <\/strong>De brazos abiertos y con mucho entusiasmo, reciben en la colonias Las Granjas, Real de Toledo y la Verbena a Ely Sallard, candidata a Diputada por el Distrito 8 Local, por la coalici\u00f3n \u00abSigamos Haciendo Historia\u00bb conformada por Morena, PT, PVEM, Panal y PES.<\/p>\n<p>&nbsp;<\/p>\n<p>La aspirante al Distrito 8 Local, recorri\u00f3 la Colonia Las Granjas como parte de su compromiso con los ciudadanos de conocer las principales problem\u00e1ticas de la localidad y buscar soluciones a las situaciones a las que se enfrenten de manera cotidiana y ante la presencia de un mayor n\u00famero de personas de la tercera edad, expres\u00f3 su profundo inter\u00e9s en ayudar al adulto mayor en materia deportiva adaptada para ellos.<\/p>\n<p>&nbsp;<\/p>\n<p>Posteriormente, la candidata acudi\u00f3 a la colonia Real de Toledo donde se dispuso a dialogar con los vecinos residentes de esta secci\u00f3n, quienes ya la conoc\u00edan del trabajo que ha hecho desde el Congreso y aseguraron que cuentan con su voto este 2 de junio.<\/p>\n<p>&nbsp;<\/p>\n<p>Para finalizar, la candidata a diputada local, visit\u00f3 el campo de futbol americano La Verbena, donde tuvo una reuni\u00f3n con atletas y deportistas que se dieron cita para escuchar detenidamente las propuestas en materia de apoyo al deporte que llevar\u00e1 a cabo.<\/p>\n<p>&nbsp;<\/p>\n<p>\u201cEs muy importante impulsar el deporte y crear estas \u00e1reas de oportunidad para las familias pues el deporte estimula la organizaci\u00f3n, la uni\u00f3n y el trabajo en equipo y nos ayuda siempre a ser mejores personas\u201d expres\u00f3 Ely Sallard.<\/p>\n<p>&nbsp;<\/p>\n<p>El constante acercamiento a las diferentes colonias de este importante Distrito, brinda la oportunidad de conocer m\u00e1s de cerca las necesidades y trabajar desde el Congreso para que las familias tengan una mejor y m\u00e1s digna calidad de vida, extern\u00f3.<\/p>\n<p><strong>Fecha de publicaci\u00f3n s\u00e1bado 18 de mayo de 2024<\/strong><\/p>\n<p>&nbsp;<\/p>\n<p>&nbsp;<\/p>\n","protected":false},"excerpt":{"rendered":"<p>HERMOSILLO, SONORA, MX.\u02d7\u02d7\u02d7 De brazos abiertos y con mucho entusiasmo, reciben en la colonias Las&#8230;<\/p>\n","protected":false},"author":1,"featured_media":190042,"comment_status":"open","ping_status":"open","sticky":false,"template":"","format":"standard","meta":{"_monsterinsights_skip_tracking":false,"_monsterinsights_sitenote_active":false,"_monsterinsights_sitenote_note":"","_monsterinsights_sitenote_category":0,"footnotes":""},"categories":[9400],"tags":[7497,9693,6247],"class_list":["post"],"yoast_head":" \n<title>Sonora en Equipo. El deporte y las \u00e1reas verdes son fundamentales para el desarrollo de las familias de Hermosillo: Ely Sallard ELECCI\u00d3NES<\/title>\n<meta name=\"description\" content=\"HERMOSILLO, SONORA, MX.\u02d7\u02d7\u02d7 De brazos abiertos y con mucho entusiasmo, reciben en la colonias Las Granjas, Real de Toledo y la Verbena a Ely Sallard, En Sonora en Equipo publicamos toda la informaci\u00f3n de Sonora, M\u00e9xico y el Mundo de manera oportuna y busca que la libertad de expresi\u00f3n sea real. Visita nuestro medio informativo publicado desde Hermosillo, Sonora. %\" \/>\n<meta name=\"robots\" content=\"index, follow, max-snippet:-1, max-image-preview:large, max-video-preview:-1\" \/>\n<link rel=\"canonical\" href=\"https:\/\/www.sonoraenequipo.com.mx\/el-deporte-y-las-areas-verdes-son-fundamentales-para-el-desarrollo-de-las-familias-de-hermosillo-ely-sallard\/\" \/>\n<meta property=\"og:locale\" content=\"es_ES\" \/>\n<meta property=\"og:type\" content=\"article\" \/>\n<meta property=\"og:title\" content=\"Sonora en Equipo. El deporte y las \u00e1reas verdes son fundamentales para el desarrollo de las familias de Hermosillo: Ely Sallard ELECCI\u00d3NES\" \/>\n<meta property=\"og:description\" content=\"HERMOSILLO, SONORA, MX.\u02d7\u02d7\u02d7 De brazos abiertos y con mucho entusiasmo, reciben en la colonias Las Granjas, Real de Toledo y la Verbena a Ely Sallard, En Sonora en Equipo publicamos toda la informaci\u00f3n de Sonora, M\u00e9xico y el Mundo de manera oportuna y busca que la libertad de expresi\u00f3n sea real. Visita nuestro medio informativo publicado desde Hermosillo, Sonora. %\" \/>\n<meta property=\"og:url\" content=\"https:\/\/www.sonoraenequipo.com.mx\/el-deporte-y-las-areas-verdes-son-fundamentales-para-el-desarrollo-de-las-familias-de-hermosillo-ely-sallard\/\" \/>\n<meta property=\"og:site_name\" content=\"Sonora en Equipo.\" \/>\n<meta property=\"article:publisher\" content=\"https:\/\/www.facebook.com\/SonoraEE\/\" \/>\n<meta property=\"article:author\" content=\"https:\/\/www.facebook.com\/SonoraEE\" \/>\n<meta property=\"article:published_time\" content=\"2024-05-19T00:04:39+00:00\" \/>\n<meta property=\"og:image\" content=\"https:\/\/www.sonoraenequipo.com.mx\/storage\/2024\/05\/ely-deportes-parques.jpg\" \/>\n\t<meta property=\"og:image:width\" content=\"800\" \/>\n\t<meta property=\"og:image:height\" content=\"600\" \/>\n\t<meta property=\"og:image:type\" content=\"image\/jpeg\" \/>\n<meta name=\"author\" content=\"enequipo\" \/>\n<meta name=\"twitter:card\" content=\"summary_large_image\" \/>\n<meta name=\"twitter:creator\" content=\"@sonoraenequipo\" \/>\n<meta name=\"twitter:site\" content=\"@sonoraenequipo\" \/>\n<meta name=\"twitter:label1\" content=\"Escrito por\" \/>\n\t<meta name=\"twitter:data1\" content=\"enequipo\" \/>\n\t<meta name=\"twitter:label2\" content=\"Tiempo de lectura\" \/>\n\t<meta name=\"twitter:data2\" content=\"2 minutos\" \/>\n<script type=\"application\/ld+json\" class=\"yoast-schema-graph\">{\"@context\":\"https:\/\/schema.org\",\"@graph\":[{\"@type\":\"Article\",\"@id\":\"https:\/\/www.sonoraenequipo.com.mx\/el-deporte-y-las-areas-verdes-son-fundamentales-para-el-desarrollo-de-las-familias-de-hermosillo-ely-sallard\/#article\",\"isPartOf\":{\"@id\":\"https:\/\/www.sonoraenequipo.com.mx\/el-deporte-y-las-areas-verdes-son-fundamentales-para-el-desarrollo-de-las-familias-de-hermosillo-ely-sallard\/\"},\"author\":{\"name\":\"enequipo\",\"@id\":\"https:\/\/www.sonoraenequipo.com.mx\/#\/schema\/person\/50102df0fb23a8fa9e8effad8fa81386\"},\"headline\":\"El deporte y las \u00e1reas verdes son fundamentales para el desarrollo de las familias de Hermosillo: Ely Sallard\",\"datePublished\":\"2024-05-19T00:04:39+00:00\",\"mainEntityOfPage\":{\"@id\":\"https:\/\/www.sonoraenequipo.com.mx\/el-deporte-y-las-areas-verdes-son-fundamentales-para-el-desarrollo-de-las-familias-de-hermosillo-ely-sallard\/\"},\"wordCount\":325,\"commentCount\":0,\"publisher\":{\"@id\":\"https:\/\/www.sonoraenequipo.com.mx\/#organization\"},\"image\":{\"@id\":\"https:\/\/www.sonoraenequipo.com.mx\/el-deporte-y-las-areas-verdes-son-fundamentales-para-el-desarrollo-de-las-familias-de-hermosillo-ely-sallard\/#primaryimage\"},\"thumbnailUrl\":\"https:\/\/www.sonoraenequipo.com.mx\/storage\/2024\/05\/ely-deportes-parques.jpg\",\"keywords\":[\"2024\",\"candidata\",\"ely sallard\"],\"articleSection\":[\"ELECCI\u00d3NES\"],\"inLanguage\":\"es\",\"potentialAction\":[{\"@type\":\"CommentAction\",\"name\":\"Comment\",\"target\":[\"https:\/\/www.sonoraenequipo.com.mx\/el-deporte-y-las-areas-verdes-son-fundamentales-para-el-desarrollo-de-las-familias-de-hermosillo-ely-sallard\/#respond\"]}]},{\"@type\":\"WebPage\",\"@id\":\"https:\/\/www.sonoraenequipo.com.mx\/el-deporte-y-las-areas-verdes-son-fundamentales-para-el-desarrollo-de-las-familias-de-hermosillo-ely-sallard\/\",\"url\":\"https:\/\/www.sonoraenequipo.com.mx\/el-deporte-y-las-areas-verdes-son-fundamentales-para-el-desarrollo-de-las-familias-de-hermosillo-ely-sallard\/\",\"name\":\"Sonora en Equipo. El deporte y las \u00e1reas verdes son fundamentales para el desarrollo de las familias de Hermosillo: Ely Sallard ELECCI\u00d3NES\",\"isPartOf\":{\"@id\":\"https:\/\/www.sonoraenequipo.com.mx\/#website\"},\"primaryImageOfPage\":{\"@id\":\"https:\/\/www.sonoraenequipo.com.mx\/el-deporte-y-las-areas-verdes-son-fundamentales-para-el-desarrollo-de-las-familias-de-hermosillo-ely-sallard\/#primaryimage\"},\"image\":{\"@id\":\"https:\/\/www.sonoraenequipo.com.mx\/el-deporte-y-las-areas-verdes-son-fundamentales-para-el-desarrollo-de-las-familias-de-hermosillo-ely-sallard\/#primaryimage\"},\"thumbnailUrl\":\"https:\/\/www.sonoraenequipo.com.mx\/storage\/2024\/05\/ely-deportes-parques.jpg\",\"datePublished\":\"2024-05-19T00:04:39+00:00\",\"description\":\"HERMOSILLO, SONORA, MX.\u02d7\u02d7\u02d7 De brazos abiertos y con mucho entusiasmo, reciben en la colonias Las Granjas, Real de Toledo y la Verbena a Ely Sallard, En Sonora en Equipo publicamos toda la informaci\u00f3n de Sonora, M\u00e9xico y el Mundo de manera oportuna y busca que la libertad de expresi\u00f3n sea real. Visita nuestro medio informativo publicado desde Hermosillo, Sonora. %\",\"breadcrumb\":{\"@id\":\"https:\/\/www.sonoraenequipo.com.mx\/el-deporte-y-las-areas-verdes-son-fundamentales-para-el-desarrollo-de-las-familias-de-hermosillo-ely-sallard\/#breadcrumb\"},\"inLanguage\":\"es\",\"potentialAction\":[{\"@type\":\"ReadAction\",\"target\":[\"https:\/\/www.sonoraenequipo.com.mx\/el-deporte-y-las-areas-verdes-son-fundamentales-para-el-desarrollo-de-las-familias-de-hermosillo-ely-sallard\/\"]}]},{\"@type\":\"ImageObject\",\"inLanguage\":\"es\",\"@id\":\"https:\/\/www.sonoraenequipo.com.mx\/el-deporte-y-las-areas-verdes-son-fundamentales-para-el-desarrollo-de-las-familias-de-hermosillo-ely-sallard\/#primaryimage\",\"url\":\"https:\/\/www.sonoraenequipo.com.mx\/storage\/2024\/05\/ely-deportes-parques.jpg\",\"contentUrl\":\"https:\/\/www.sonoraenequipo.com.mx\/storage\/2024\/05\/ely-deportes-parques.jpg\",\"width\":800,\"height\":600},{\"@type\":\"BreadcrumbList\",\"@id\":\"https:\/\/www.sonoraenequipo.com.mx\/el-deporte-y-las-areas-verdes-son-fundamentales-para-el-desarrollo-de-las-familias-de-hermosillo-ely-sallard\/#breadcrumb\",\"itemListElement\":[{\"@type\":\"ListItem\",\"position\":1,\"name\":\"Portada\",\"item\":\"https:\/\/www.sonoraenequipo.com.mx\/\"},{\"@type\":\"ListItem\",\"position\":2,\"name\":\"El deporte y las \u00e1reas verdes son fundamentales para el desarrollo de las familias de Hermosillo: Ely Sallard\"}]},{\"@type\":\"WebSite\",\"@id\":\"https:\/\/www.sonoraenequipo.com.mx\/#website\",\"url\":\"https:\/\/www.sonoraenequipo.com.mx\/\",\"name\":\"Sonora en Equipo.\",\"description\":\"Diario en l\u00ednea con Noticias desde Hermosillo, Sonora\",\"publisher\":{\"@id\":\"https:\/\/www.sonoraenequipo.com.mx\/#organization\"},\"potentialAction\":[{\"@type\":\"SearchAction\",\"target\":{\"@type\":\"EntryPoint\",\"urlTemplate\":\"https:\/\/www.sonoraenequipo.com.mx\/?s={search_term_string}\"},\"query-input\":{\"@type\":\"PropertyValueSpecification\",\"valueRequired\":true,\"valueName\":\"search_term_string\"}}],\"inLanguage\":\"es\"},{\"@type\":\"Organization\",\"@id\":\"https:\/\/www.sonoraenequipo.com.mx\/#organization\",\"name\":\"Sonoraenequipo.com.mx\",\"url\":\"https:\/\/www.sonoraenequipo.com.mx\/\",\"logo\":{\"@type\":\"ImageObject\",\"inLanguage\":\"es\",\"@id\":\"https:\/\/www.sonoraenequipo.com.mx\/#\/schema\/logo\/image\/\",\"url\":\"https:\/\/www.sonoraenequipo.com.mx\/storage\/2019\/01\/sonoraenequipo_opt.png\",\"contentUrl\":\"https:\/\/www.sonoraenequipo.com.mx\/storage\/2019\/01\/sonoraenequipo_opt.png\",\"width\":375,\"height\":125,\"caption\":\"Sonoraenequipo.com.mx\"},\"image\":{\"@id\":\"https:\/\/www.sonoraenequipo.com.mx\/#\/schema\/logo\/image\/\"},\"sameAs\":[\"https:\/\/www.facebook.com\/SonoraEE\/\",\"https:\/\/x.com\/sonoraenequipo\",\"https:\/\/www.youtube.com\/channel\/UC338nW-lPEYmJQs4ZABQ1SQ\"]},{\"@type\":\"Person\",\"@id\":\"https:\/\/www.sonoraenequipo.com.mx\/#\/schema\/person\/50102df0fb23a8fa9e8effad8fa81386\",\"name\":\"enequipo\",\"image\":{\"@type\":\"ImageObject\",\"inLanguage\":\"es\",\"@id\":\"https:\/\/www.sonoraenequipo.com.mx\/#\/schema\/person\/image\/\",\"url\":\"https:\/\/secure.gravatar.com\/avatar\/049821681b589dabc0bc20695993ccebb09f5b5d4d790cd9251b97faac7c652b?s=96&d=blank&r=g\",\"contentUrl\":\"https:\/\/secure.gravatar.com\/avatar\/049821681b589dabc0bc20695993ccebb09f5b5d4d790cd9251b97faac7c652b?s=96&d=blank&r=g\",\"caption\":\"enequipo\"},\"sameAs\":[\"https:\/\/www.facebook.com\/SonoraEE\"]}]}<\/script>\n ","yoast_head_json":{"title":"Sonora en Equipo. El deporte y las \u00e1reas verdes son fundamentales para el desarrollo de las familias de Hermosillo: Ely Sallard ELECCI\u00d3NES","description":"HERMOSILLO, SONORA, MX.\u02d7\u02d7\u02d7 De brazos abiertos y con mucho entusiasmo, reciben en la colonias Las Granjas, Real de Toledo y la Verbena a Ely Sallard, En Sonora en Equipo publicamos toda la informaci\u00f3n de Sonora, M\u00e9xico y el Mundo de manera oportuna y busca que la libertad de expresi\u00f3n sea real. Visita nuestro medio informativo publicado desde Hermosillo, Sonora. %","robots":{"index":"index","follow":"follow","max-snippet":"max-snippet:-1","max-image-preview":"max-image-preview:large","max-video-preview":"max-video-preview:-1"},"canonical":"https:\/\/www.sonoraenequipo.com.mx\/el-deporte-y-las-areas-verdes-son-fundamentales-para-el-desarrollo-de-las-familias-de-hermosillo-ely-sallard\/","og_locale":"es_ES","og_type":"article","og_title":"Sonora en Equipo. El deporte y las \u00e1reas verdes son fundamentales para el desarrollo de las familias de Hermosillo: Ely Sallard ELECCI\u00d3NES","og_description":"HERMOSILLO, SONORA, MX.\u02d7\u02d7\u02d7 De brazos abiertos y con mucho entusiasmo, reciben en la colonias Las Granjas, Real de Toledo y la Verbena a Ely Sallard, En Sonora en Equipo publicamos toda la informaci\u00f3n de Sonora, M\u00e9xico y el Mundo de manera oportuna y busca que la libertad de expresi\u00f3n sea real. Visita nuestro medio informativo publicado desde Hermosillo, Sonora. %","og_url":"https:\/\/www.sonoraenequipo.com.mx\/el-deporte-y-las-areas-verdes-son-fundamentales-para-el-desarrollo-de-las-familias-de-hermosillo-ely-sallard\/","og_site_name":"Sonora en Equipo.","article_publisher":"https:\/\/www.facebook.com\/SonoraEE\/","article_author":"https:\/\/www.facebook.com\/SonoraEE","article_published_time":"2024-05-19T00:04:39+00:00","og_image":[{"width":800,"height":600,"url":"https:\/\/www.sonoraenequipo.com.mx\/storage\/2024\/05\/ely-deportes-parques.jpg","type":"image\/jpeg"}],"author":"enequipo","twitter_card":"summary_large_image","twitter_creator":"@sonoraenequipo","twitter_site":"@sonoraenequipo","twitter_misc":{"Escrito por":"enequipo","Tiempo de lectura":"2 minutos"},"schema":{"@context":"https:\/\/schema.org","@graph":[{"@type":"Article","@id":"https:\/\/www.sonoraenequipo.com.mx\/el-deporte-y-las-areas-verdes-son-fundamentales-para-el-desarrollo-de-las-familias-de-hermosillo-ely-sallard\/#article","isPartOf":{"@id":"https:\/\/www.sonoraenequipo.com.mx\/el-deporte-y-las-areas-verdes-son-fundamentales-para-el-desarrollo-de-las-familias-de-hermosillo-ely-sallard\/"},"author":{"name":"enequipo","@id":"https:\/\/www.sonoraenequipo.com.mx\/#\/schema\/person\/50102df0fb23a8fa9e8effad8fa81386"},"headline":"El deporte y las \u00e1reas verdes son fundamentales para el desarrollo de las familias de Hermosillo: Ely Sallard","datePublished":"2024-05-19T00:04:39+00:00","mainEntityOfPage":{"@id":"https:\/\/www.sonoraenequipo.com.mx\/el-deporte-y-las-areas-verdes-son-fundamentales-para-el-desarrollo-de-las-familias-de-hermosillo-ely-sallard\/"},"wordCount":325,"commentCount":0,"publisher":{"@id":"https:\/\/www.sonoraenequipo.com.mx\/#organization"},"image":{"@id":"https:\/\/www.sonoraenequipo.com.mx\/el-deporte-y-las-areas-verdes-son-fundamentales-para-el-desarrollo-de-las-familias-de-hermosillo-ely-sallard\/#primaryimage"},"thumbnailUrl":"https:\/\/www.sonoraenequipo.com.mx\/storage\/2024\/05\/ely-deportes-parques.jpg","keywords":["2024","candidata","ely sallard"],"articleSection":["ELECCI\u00d3NES"],"inLanguage":"es","potentialAction":[{"@type":"CommentAction","name":"Comment","target":["https:\/\/www.sonoraenequipo.com.mx\/el-deporte-y-las-areas-verdes-son-fundamentales-para-el-desarrollo-de-las-familias-de-hermosillo-ely-sallard\/#respond"]}]},{"@type":"WebPage","@id":"https:\/\/www.sonoraenequipo.com.mx\/el-deporte-y-las-areas-verdes-son-fundamentales-para-el-desarrollo-de-las-familias-de-hermosillo-ely-sallard\/","url":"https:\/\/www.sonoraenequipo.com.mx\/el-deporte-y-las-areas-verdes-son-fundamentales-para-el-desarrollo-de-las-familias-de-hermosillo-ely-sallard\/","name":"Sonora en Equipo. El deporte y las \u00e1reas verdes son fundamentales para el desarrollo de las familias de Hermosillo: Ely Sallard ELECCI\u00d3NES","isPartOf":{"@id":"https:\/\/www.sonoraenequipo.com.mx\/#website"},"primaryImageOfPage":{"@id":"https:\/\/www.sonoraenequipo.com.mx\/el-deporte-y-las-areas-verdes-son-fundamentales-para-el-desarrollo-de-las-familias-de-hermosillo-ely-sallard\/#primaryimage"},"image":{"@id":"https:\/\/www.sonoraenequipo.com.mx\/el-deporte-y-las-areas-verdes-son-fundamentales-para-el-desarrollo-de-las-familias-de-hermosillo-ely-sallard\/#primaryimage"},"thumbnailUrl":"https:\/\/www.sonoraenequipo.com.mx\/storage\/2024\/05\/ely-deportes-parques.jpg","datePublished":"2024-05-19T00:04:39+00:00","description":"HERMOSILLO, SONORA, MX.\u02d7\u02d7\u02d7 De brazos abiertos y con mucho entusiasmo, reciben en la colonias Las Granjas, Real de Toledo y la Verbena a Ely Sallard, En Sonora en Equipo publicamos toda la informaci\u00f3n de Sonora, M\u00e9xico y el Mundo de manera oportuna y busca que la libertad de expresi\u00f3n sea real. Visita nuestro medio informativo publicado desde Hermosillo, Sonora. %","breadcrumb":{"@id":"https:\/\/www.sonoraenequipo.com.mx\/el-deporte-y-las-areas-verdes-son-fundamentales-para-el-desarrollo-de-las-familias-de-hermosillo-ely-sallard\/#breadcrumb"},"inLanguage":"es","potentialAction":[{"@type":"ReadAction","target":["https:\/\/www.sonoraenequipo.com.mx\/el-deporte-y-las-areas-verdes-son-fundamentales-para-el-desarrollo-de-las-familias-de-hermosillo-ely-sallard\/"]}]},{"@type":"ImageObject","inLanguage":"es","@id":"https:\/\/www.sonoraenequipo.com.mx\/el-deporte-y-las-areas-verdes-son-fundamentales-para-el-desarrollo-de-las-familias-de-hermosillo-ely-sallard\/#primaryimage","url":"https:\/\/www.sonoraenequipo.com.mx\/storage\/2024\/05\/ely-deportes-parques.jpg","contentUrl":"https:\/\/www.sonoraenequipo.com.mx\/storage\/2024\/05\/ely-deportes-parques.jpg","width":800,"height":600},{"@type":"BreadcrumbList","@id":"https:\/\/www.sonoraenequipo.com.mx\/el-deporte-y-las-areas-verdes-son-fundamentales-para-el-desarrollo-de-las-familias-de-hermosillo-ely-sallard\/#breadcrumb","itemListElement":[{"@type":"ListItem","position":1,"name":"Portada","item":"https:\/\/www.sonoraenequipo.com.mx\/"},{"@type":"ListItem","position":2,"name":"El deporte y las \u00e1reas verdes son fundamentales para el desarrollo de las familias de Hermosillo: Ely Sallard"}]},{"@type":"WebSite","@id":"https:\/\/www.sonoraenequipo.com.mx\/#website","url":"https:\/\/www.sonoraenequipo.com.mx\/","name":"Sonora en Equipo.","description":"Diario en l\u00ednea con Noticias desde Hermosillo, Sonora","publisher":{"@id":"https:\/\/www.sonoraenequipo.com.mx\/#organization"},"potentialAction":[{"@type":"SearchAction","target":{"@type":"EntryPoint","urlTemplate":"https:\/\/www.sonoraenequipo.com.mx\/?s={search_term_string}"},"query-input":{"@type":"PropertyValueSpecification","valueRequired":true,"valueName":"search_term_string"}}],"inLanguage":"es"},{"@type":"Organization","@id":"https:\/\/www.sonoraenequipo.com.mx\/#organization","name":"Sonoraenequipo.com.mx","url":"https:\/\/www.sonoraenequipo.com.mx\/","logo":{"@type":"ImageObject","inLanguage":"es","@id":"https:\/\/www.sonoraenequipo.com.mx\/#\/schema\/logo\/image\/","url":"https:\/\/www.sonoraenequipo.com.mx\/storage\/2019\/01\/sonoraenequipo_opt.png","contentUrl":"https:\/\/www.sonoraenequipo.com.mx\/storage\/2019\/01\/sonoraenequipo_opt.png","width":375,"height":125,"caption":"Sonoraenequipo.com.mx"},"image":{"@id":"https:\/\/www.sonoraenequipo.com.mx\/#\/schema\/logo\/image\/"},"sameAs":["https:\/\/www.facebook.com\/SonoraEE\/","https:\/\/x.com\/sonoraenequipo","https:\/\/www.youtube.com\/channel\/UC338nW-lPEYmJQs4ZABQ1SQ"]},{"@type":"Person","@id":"https:\/\/www.sonoraenequipo.com.mx\/#\/schema\/person\/50102df0fb23a8fa9e8effad8fa81386","name":"enequipo","image":{"@type":"ImageObject","inLanguage":"es","@id":"https:\/\/www.sonoraenequipo.com.mx\/#\/schema\/person\/image\/","url":"https:\/\/secure.gravatar.com\/avatar\/049821681b589dabc0bc20695993ccebb09f5b5d4d790cd9251b97faac7c652b?s=96&d=blank&r=g","contentUrl":"https:\/\/secure.gravatar.com\/avatar\/049821681b589dabc0bc20695993ccebb09f5b5d4d790cd9251b97faac7c652b?s=96&d=blank&r=g","caption":"enequipo"},"sameAs":["https:\/\/www.facebook.com\/SonoraEE"]}]}},"jetpack_featured_media_url":"https:\/\/www.sonoraenequipo.com.mx\/storage\/2024\/05\/ely-deportes-parques.jpg","_links":{"self":[{"href":"https:\/\/www.sonoraenequipo.com.mx\/api\/wp\/v2\/posts\/190041","targetHints":{"allow":["GET"]}}],"collection":[{"href":"https:\/\/www.sonoraenequipo.com.mx\/api\/wp\/v2\/posts"}],"about":[{"href":"https:\/\/www.sonoraenequipo.com.mx\/api\/wp\/v2\/types\/post"}],"author":[{"embeddable":true,"href":"https:\/\/www.sonoraenequipo.com.mx\/api\/wp\/v2\/users\/1"}],"replies":[{"embeddable":true,"href":"https:\/\/www.sonoraenequipo.com.mx\/api\/wp\/v2\/comments?post=190041"}],"version-history":[{"count":1,"href":"https:\/\/www.sonoraenequipo.com.mx\/api\/wp\/v2\/posts\/190041\/revisions"}],"predecessor-version":[{"id":190043,"href":"https:\/\/www.sonoraenequipo.com.mx\/api\/wp\/v2\/posts\/190041\/revisions\/190043"}],"wp:featuredmedia":[{"embeddable":true,"href":"https:\/\/www.sonoraenequipo.com.mx\/api\/wp\/v2\/media\/190042"}],"wp:attachment":[{"href":"https:\/\/www.sonoraenequipo.com.mx\/api\/wp\/v2\/media?parent=190041"}],"wp:term":[{"taxonomy":"category","embeddable":true,"href":"https:\/\/www.sonoraenequipo.com.mx\/api\/wp\/v2\/categories?post=190041"},{"taxonomy":"post_tag","embeddable":true,"href":"https:\/\/www.sonoraenequipo.com.mx\/api\/wp\/v2\/tags?post=190041"}],"curies":[{"name":"wp","href":"https:\/\/api.w.org\/{rel}","templated":true}]}}