{"id":190055,"date":"2024-05-18T18:17:49","date_gmt":"2024-05-19T01:17:49","guid":{"rendered":"https:\/\/www.sonoraenequipo.com.mx\/?p=190055"},"modified":"2024-05-18T23:46:43","modified_gmt":"2024-05-19T06:46:43","slug":"dividen-con-vallas-el-zocalo-para-planton-de-cnte-y-marcha-de-marea-rosa","status":"publish","type":"post","link":"https:\/\/www.sonoraenequipo.com.mx\/dividen-con-vallas-el-zocalo-para-planton-de-cnte-y-marcha-de-marea-rosa\/","title":{"rendered":"Dividen con vallas el Z\u00f3calo para plant\u00f3n de CNTE y marcha de Marea Rosa"},"content":{"rendered":"<p><strong>CIUDAD DE M\u00c9XICO.MX. \u2014<\/strong> . El Z\u00f3calo fue dividido con vallas para separar el plant\u00f3n de maestros de la CNTE del templete que se usar\u00e1 ma\u00f1ana para la marcha a la que convoc\u00f3 la llamada Marea Rosa en defensa del voto y por la democracia.<\/p>\n<p>&nbsp;<\/p>\n<p>&nbsp;<\/p>\n<p> <\/p>\n<p>Esta noche trabajadores instalaron las vallas met\u00e1lica para que puedan convivir el plant\u00f3 de la CNTE y las y los ciudadanos que se congreguen por esta marcha.<\/p>\n<p>&nbsp;<\/p>\n<p>&nbsp;<\/p>\n<p>Los camiones con material para instalar el templete de la movilizaci\u00f3n convocada por la Marea Rosa, entr\u00f3 a la plancha del Z\u00f3calo.<\/p>\n<p>&nbsp;<\/p>\n<p>&nbsp;<\/p>\n<p>Ah\u00ed, el grupo de log\u00edstica coloc\u00f3 vallas para separar el mitin de ma\u00f1ana de la protesta de integrantes de la CNTE.<\/p>\n<p>&nbsp;<\/p>\n<p>&nbsp;<\/p>\n<p><em><strong>\u201cDe norte a sur, de este a oeste, defenderemos nuestra lucha cueste lo que cueste<\/strong><\/em>\u201d, gritaron cientos de docentes al mismo tiempo en que los camiones de carga entraban con el material como vallas, partes del templete, plantas el\u00e9ctricas y otros materiales.<\/p>\n<p>&nbsp;<\/p>\n<p>&nbsp;<\/p>\n<p>Los integrantes de la Coordinadora Nacional de Trabajadores de la Educaci\u00f3n (CNTE), gritaron tambi\u00e9n:<\/p>\n<p>&nbsp;<\/p>\n<p>&nbsp;<\/p>\n<p><strong>\u201cFachos\u201d, \u201cultraderechistas\u201d<\/strong> y frases como: \u201c<em><strong>\u00a1X\u00f3chitl G\u00e1lvez no nos representa!\u201d.<\/strong><\/em><\/p>\n<p>&nbsp;<\/p>\n<p>&nbsp;<\/p>\n<p>Previo, Pedro Hern\u00e1ndez, secretario General de la Secci\u00f3n 9 de la Coordinadora Nacional de Trabajadores de la Educaci\u00f3n (CNTE), declar\u00f3 que el plant\u00f3n permanecer\u00e1 para este domingo.<\/p>\n<p>&nbsp;<\/p>\n<p>&nbsp;<\/p>\n<p>El dirigente de la CNTE, dijo que para evitar una provocaci\u00f3n solo ser\u00e1n reacomodadas algunas carpas.<\/p>\n<p>&nbsp;<\/p>\n<p>&nbsp;<\/p>\n<p>PUBLICADO EL 18 DE MAYO DE 2024 Con informaci\u00f3n de Carlos Guzm\u00e1n Mart\u00ednez)<\/p>\n","protected":false},"excerpt":{"rendered":"<p>CIUDAD DE M\u00c9XICO.MX. \u2014 . El Z\u00f3calo fue dividido con vallas para separar el plant\u00f3n&#8230;<\/p>\n","protected":false},"author":1,"featured_media":190057,"comment_status":"open","ping_status":"open","sticky":false,"template":"","format":"standard","meta":{"_monsterinsights_skip_tracking":false,"_monsterinsights_sitenote_active":false,"_monsterinsights_sitenote_note":"","_monsterinsights_sitenote_category":0,"footnotes":""},"categories":[5],"tags":[],"class_list":["post"],"yoast_head":" \n<title>Sonora en Equipo. Dividen con vallas el Z\u00f3calo para plant\u00f3n de CNTE y marcha de Marea Rosa Rep\u00fablica<\/title>\n<meta name=\"description\" content=\"CIUDAD DE M\u00c9XICO.MX. \u2014 . El Z\u00f3calo fue dividido con vallas para separar el plant\u00f3n de maestros de la CNTE del templete que se usar\u00e1 ma\u00f1ana para la marcha En Sonora en Equipo publicamos toda la informaci\u00f3n de Sonora, M\u00e9xico y el Mundo de manera oportuna y busca que la libertad de expresi\u00f3n sea real. Visita nuestro medio informativo publicado desde Hermosillo, Sonora. %\" \/>\n<meta name=\"robots\" content=\"index, follow, max-snippet:-1, max-image-preview:large, max-video-preview:-1\" \/>\n<link rel=\"canonical\" href=\"https:\/\/www.sonoraenequipo.com.mx\/dividen-con-vallas-el-zocalo-para-planton-de-cnte-y-marcha-de-marea-rosa\/\" \/>\n<meta property=\"og:locale\" content=\"es_ES\" \/>\n<meta property=\"og:type\" content=\"article\" \/>\n<meta property=\"og:title\" content=\"Sonora en Equipo. Dividen con vallas el Z\u00f3calo para plant\u00f3n de CNTE y marcha de Marea Rosa Rep\u00fablica\" \/>\n<meta property=\"og:description\" content=\"CIUDAD DE M\u00c9XICO.MX. \u2014 . El Z\u00f3calo fue dividido con vallas para separar el plant\u00f3n de maestros de la CNTE del templete que se usar\u00e1 ma\u00f1ana para la marcha En Sonora en Equipo publicamos toda la informaci\u00f3n de Sonora, M\u00e9xico y el Mundo de manera oportuna y busca que la libertad de expresi\u00f3n sea real. Visita nuestro medio informativo publicado desde Hermosillo, Sonora. %\" \/>\n<meta property=\"og:url\" content=\"https:\/\/www.sonoraenequipo.com.mx\/dividen-con-vallas-el-zocalo-para-planton-de-cnte-y-marcha-de-marea-rosa\/\" \/>\n<meta property=\"og:site_name\" content=\"Sonora en Equipo.\" \/>\n<meta property=\"article:publisher\" content=\"https:\/\/www.facebook.com\/SonoraEE\/\" \/>\n<meta property=\"article:author\" content=\"https:\/\/www.facebook.com\/SonoraEE\" \/>\n<meta property=\"article:published_time\" content=\"2024-05-19T01:17:49+00:00\" \/>\n<meta property=\"article:modified_time\" content=\"2024-05-19T06:46:43+00:00\" \/>\n<meta property=\"og:image\" content=\"https:\/\/www.sonoraenequipo.com.mx\/storage\/2024\/05\/vallas-en-elzocalo.jpg-min.jpeg\" \/>\n\t<meta property=\"og:image:width\" content=\"1403\" \/>\n\t<meta property=\"og:image:height\" content=\"695\" \/>\n\t<meta property=\"og:image:type\" content=\"image\/jpeg\" \/>\n<meta name=\"author\" content=\"enequipo\" \/>\n<meta name=\"twitter:card\" content=\"summary_large_image\" \/>\n<meta name=\"twitter:creator\" content=\"@sonoraenequipo\" \/>\n<meta name=\"twitter:site\" content=\"@sonoraenequipo\" \/>\n<meta name=\"twitter:label1\" content=\"Escrito por\" \/>\n\t<meta name=\"twitter:data1\" content=\"enequipo\" \/>\n\t<meta name=\"twitter:label2\" content=\"Tiempo de lectura\" \/>\n\t<meta name=\"twitter:data2\" content=\"1 minuto\" \/>\n<script type=\"application\/ld+json\" class=\"yoast-schema-graph\">{\"@context\":\"https:\/\/schema.org\",\"@graph\":[{\"@type\":\"Article\",\"@id\":\"https:\/\/www.sonoraenequipo.com.mx\/dividen-con-vallas-el-zocalo-para-planton-de-cnte-y-marcha-de-marea-rosa\/#article\",\"isPartOf\":{\"@id\":\"https:\/\/www.sonoraenequipo.com.mx\/dividen-con-vallas-el-zocalo-para-planton-de-cnte-y-marcha-de-marea-rosa\/\"},\"author\":{\"name\":\"enequipo\",\"@id\":\"https:\/\/www.sonoraenequipo.com.mx\/#\/schema\/person\/50102df0fb23a8fa9e8effad8fa81386\"},\"headline\":\"Dividen con vallas el Z\u00f3calo para plant\u00f3n de CNTE y marcha de Marea Rosa\",\"datePublished\":\"2024-05-19T01:17:49+00:00\",\"dateModified\":\"2024-05-19T06:46:43+00:00\",\"mainEntityOfPage\":{\"@id\":\"https:\/\/www.sonoraenequipo.com.mx\/dividen-con-vallas-el-zocalo-para-planton-de-cnte-y-marcha-de-marea-rosa\/\"},\"wordCount\":290,\"commentCount\":0,\"publisher\":{\"@id\":\"https:\/\/www.sonoraenequipo.com.mx\/#organization\"},\"image\":{\"@id\":\"https:\/\/www.sonoraenequipo.com.mx\/dividen-con-vallas-el-zocalo-para-planton-de-cnte-y-marcha-de-marea-rosa\/#primaryimage\"},\"thumbnailUrl\":\"https:\/\/www.sonoraenequipo.com.mx\/storage\/2024\/05\/vallas-en-elzocalo.jpg-min.jpeg\",\"articleSection\":[\"Rep\u00fablica\"],\"inLanguage\":\"es\",\"potentialAction\":[{\"@type\":\"CommentAction\",\"name\":\"Comment\",\"target\":[\"https:\/\/www.sonoraenequipo.com.mx\/dividen-con-vallas-el-zocalo-para-planton-de-cnte-y-marcha-de-marea-rosa\/#respond\"]}]},{\"@type\":\"WebPage\",\"@id\":\"https:\/\/www.sonoraenequipo.com.mx\/dividen-con-vallas-el-zocalo-para-planton-de-cnte-y-marcha-de-marea-rosa\/\",\"url\":\"https:\/\/www.sonoraenequipo.com.mx\/dividen-con-vallas-el-zocalo-para-planton-de-cnte-y-marcha-de-marea-rosa\/\",\"name\":\"Sonora en Equipo. Dividen con vallas el Z\u00f3calo para plant\u00f3n de CNTE y marcha de Marea Rosa Rep\u00fablica\",\"isPartOf\":{\"@id\":\"https:\/\/www.sonoraenequipo.com.mx\/#website\"},\"primaryImageOfPage\":{\"@id\":\"https:\/\/www.sonoraenequipo.com.mx\/dividen-con-vallas-el-zocalo-para-planton-de-cnte-y-marcha-de-marea-rosa\/#primaryimage\"},\"image\":{\"@id\":\"https:\/\/www.sonoraenequipo.com.mx\/dividen-con-vallas-el-zocalo-para-planton-de-cnte-y-marcha-de-marea-rosa\/#primaryimage\"},\"thumbnailUrl\":\"https:\/\/www.sonoraenequipo.com.mx\/storage\/2024\/05\/vallas-en-elzocalo.jpg-min.jpeg\",\"datePublished\":\"2024-05-19T01:17:49+00:00\",\"dateModified\":\"2024-05-19T06:46:43+00:00\",\"description\":\"CIUDAD DE M\u00c9XICO.MX. \u2014 . El Z\u00f3calo fue dividido con vallas para separar el plant\u00f3n de maestros de la CNTE del templete que se usar\u00e1 ma\u00f1ana para la marcha En Sonora en Equipo publicamos toda la informaci\u00f3n de Sonora, M\u00e9xico y el Mundo de manera oportuna y busca que la libertad de expresi\u00f3n sea real. Visita nuestro medio informativo publicado desde Hermosillo, Sonora. %\",\"breadcrumb\":{\"@id\":\"https:\/\/www.sonoraenequipo.com.mx\/dividen-con-vallas-el-zocalo-para-planton-de-cnte-y-marcha-de-marea-rosa\/#breadcrumb\"},\"inLanguage\":\"es\",\"potentialAction\":[{\"@type\":\"ReadAction\",\"target\":[\"https:\/\/www.sonoraenequipo.com.mx\/dividen-con-vallas-el-zocalo-para-planton-de-cnte-y-marcha-de-marea-rosa\/\"]}]},{\"@type\":\"ImageObject\",\"inLanguage\":\"es\",\"@id\":\"https:\/\/www.sonoraenequipo.com.mx\/dividen-con-vallas-el-zocalo-para-planton-de-cnte-y-marcha-de-marea-rosa\/#primaryimage\",\"url\":\"https:\/\/www.sonoraenequipo.com.mx\/storage\/2024\/05\/vallas-en-elzocalo.jpg-min.jpeg\",\"contentUrl\":\"https:\/\/www.sonoraenequipo.com.mx\/storage\/2024\/05\/vallas-en-elzocalo.jpg-min.jpeg\",\"width\":1403,\"height\":695},{\"@type\":\"BreadcrumbList\",\"@id\":\"https:\/\/www.sonoraenequipo.com.mx\/dividen-con-vallas-el-zocalo-para-planton-de-cnte-y-marcha-de-marea-rosa\/#breadcrumb\",\"itemListElement\":[{\"@type\":\"ListItem\",\"position\":1,\"name\":\"Portada\",\"item\":\"https:\/\/www.sonoraenequipo.com.mx\/\"},{\"@type\":\"ListItem\",\"position\":2,\"name\":\"Dividen con vallas el Z\u00f3calo para plant\u00f3n de CNTE y marcha de Marea Rosa\"}]},{\"@type\":\"WebSite\",\"@id\":\"https:\/\/www.sonoraenequipo.com.mx\/#website\",\"url\":\"https:\/\/www.sonoraenequipo.com.mx\/\",\"name\":\"Sonora en Equipo.\",\"description\":\"Diario en l\u00ednea con Noticias desde Hermosillo, Sonora\",\"publisher\":{\"@id\":\"https:\/\/www.sonoraenequipo.com.mx\/#organization\"},\"potentialAction\":[{\"@type\":\"SearchAction\",\"target\":{\"@type\":\"EntryPoint\",\"urlTemplate\":\"https:\/\/www.sonoraenequipo.com.mx\/?s={search_term_string}\"},\"query-input\":{\"@type\":\"PropertyValueSpecification\",\"valueRequired\":true,\"valueName\":\"search_term_string\"}}],\"inLanguage\":\"es\"},{\"@type\":\"Organization\",\"@id\":\"https:\/\/www.sonoraenequipo.com.mx\/#organization\",\"name\":\"Sonoraenequipo.com.mx\",\"url\":\"https:\/\/www.sonoraenequipo.com.mx\/\",\"logo\":{\"@type\":\"ImageObject\",\"inLanguage\":\"es\",\"@id\":\"https:\/\/www.sonoraenequipo.com.mx\/#\/schema\/logo\/image\/\",\"url\":\"https:\/\/www.sonoraenequipo.com.mx\/storage\/2019\/01\/sonoraenequipo_opt.png\",\"contentUrl\":\"https:\/\/www.sonoraenequipo.com.mx\/storage\/2019\/01\/sonoraenequipo_opt.png\",\"width\":375,\"height\":125,\"caption\":\"Sonoraenequipo.com.mx\"},\"image\":{\"@id\":\"https:\/\/www.sonoraenequipo.com.mx\/#\/schema\/logo\/image\/\"},\"sameAs\":[\"https:\/\/www.facebook.com\/SonoraEE\/\",\"https:\/\/x.com\/sonoraenequipo\",\"https:\/\/www.youtube.com\/channel\/UC338nW-lPEYmJQs4ZABQ1SQ\"]},{\"@type\":\"Person\",\"@id\":\"https:\/\/www.sonoraenequipo.com.mx\/#\/schema\/person\/50102df0fb23a8fa9e8effad8fa81386\",\"name\":\"enequipo\",\"image\":{\"@type\":\"ImageObject\",\"inLanguage\":\"es\",\"@id\":\"https:\/\/www.sonoraenequipo.com.mx\/#\/schema\/person\/image\/\",\"url\":\"https:\/\/secure.gravatar.com\/avatar\/049821681b589dabc0bc20695993ccebb09f5b5d4d790cd9251b97faac7c652b?s=96&d=blank&r=g\",\"contentUrl\":\"https:\/\/secure.gravatar.com\/avatar\/049821681b589dabc0bc20695993ccebb09f5b5d4d790cd9251b97faac7c652b?s=96&d=blank&r=g\",\"caption\":\"enequipo\"},\"sameAs\":[\"https:\/\/www.facebook.com\/SonoraEE\"]}]}<\/script>\n ","yoast_head_json":{"title":"Sonora en Equipo. Dividen con vallas el Z\u00f3calo para plant\u00f3n de CNTE y marcha de Marea Rosa Rep\u00fablica","description":"CIUDAD DE M\u00c9XICO.MX. \u2014 . El Z\u00f3calo fue dividido con vallas para separar el plant\u00f3n de maestros de la CNTE del templete que se usar\u00e1 ma\u00f1ana para la marcha En Sonora en Equipo publicamos toda la informaci\u00f3n de Sonora, M\u00e9xico y el Mundo de manera oportuna y busca que la libertad de expresi\u00f3n sea real. Visita nuestro medio informativo publicado desde Hermosillo, Sonora. %","robots":{"index":"index","follow":"follow","max-snippet":"max-snippet:-1","max-image-preview":"max-image-preview:large","max-video-preview":"max-video-preview:-1"},"canonical":"https:\/\/www.sonoraenequipo.com.mx\/dividen-con-vallas-el-zocalo-para-planton-de-cnte-y-marcha-de-marea-rosa\/","og_locale":"es_ES","og_type":"article","og_title":"Sonora en Equipo. Dividen con vallas el Z\u00f3calo para plant\u00f3n de CNTE y marcha de Marea Rosa Rep\u00fablica","og_description":"CIUDAD DE M\u00c9XICO.MX. \u2014 . El Z\u00f3calo fue dividido con vallas para separar el plant\u00f3n de maestros de la CNTE del templete que se usar\u00e1 ma\u00f1ana para la marcha En Sonora en Equipo publicamos toda la informaci\u00f3n de Sonora, M\u00e9xico y el Mundo de manera oportuna y busca que la libertad de expresi\u00f3n sea real. Visita nuestro medio informativo publicado desde Hermosillo, Sonora. %","og_url":"https:\/\/www.sonoraenequipo.com.mx\/dividen-con-vallas-el-zocalo-para-planton-de-cnte-y-marcha-de-marea-rosa\/","og_site_name":"Sonora en Equipo.","article_publisher":"https:\/\/www.facebook.com\/SonoraEE\/","article_author":"https:\/\/www.facebook.com\/SonoraEE","article_published_time":"2024-05-19T01:17:49+00:00","article_modified_time":"2024-05-19T06:46:43+00:00","og_image":[{"width":1403,"height":695,"url":"https:\/\/www.sonoraenequipo.com.mx\/storage\/2024\/05\/vallas-en-elzocalo.jpg-min.jpeg","type":"image\/jpeg"}],"author":"enequipo","twitter_card":"summary_large_image","twitter_creator":"@sonoraenequipo","twitter_site":"@sonoraenequipo","twitter_misc":{"Escrito por":"enequipo","Tiempo de lectura":"1 minuto"},"schema":{"@context":"https:\/\/schema.org","@graph":[{"@type":"Article","@id":"https:\/\/www.sonoraenequipo.com.mx\/dividen-con-vallas-el-zocalo-para-planton-de-cnte-y-marcha-de-marea-rosa\/#article","isPartOf":{"@id":"https:\/\/www.sonoraenequipo.com.mx\/dividen-con-vallas-el-zocalo-para-planton-de-cnte-y-marcha-de-marea-rosa\/"},"author":{"name":"enequipo","@id":"https:\/\/www.sonoraenequipo.com.mx\/#\/schema\/person\/50102df0fb23a8fa9e8effad8fa81386"},"headline":"Dividen con vallas el Z\u00f3calo para plant\u00f3n de CNTE y marcha de Marea Rosa","datePublished":"2024-05-19T01:17:49+00:00","dateModified":"2024-05-19T06:46:43+00:00","mainEntityOfPage":{"@id":"https:\/\/www.sonoraenequipo.com.mx\/dividen-con-vallas-el-zocalo-para-planton-de-cnte-y-marcha-de-marea-rosa\/"},"wordCount":290,"commentCount":0,"publisher":{"@id":"https:\/\/www.sonoraenequipo.com.mx\/#organization"},"image":{"@id":"https:\/\/www.sonoraenequipo.com.mx\/dividen-con-vallas-el-zocalo-para-planton-de-cnte-y-marcha-de-marea-rosa\/#primaryimage"},"thumbnailUrl":"https:\/\/www.sonoraenequipo.com.mx\/storage\/2024\/05\/vallas-en-elzocalo.jpg-min.jpeg","articleSection":["Rep\u00fablica"],"inLanguage":"es","potentialAction":[{"@type":"CommentAction","name":"Comment","target":["https:\/\/www.sonoraenequipo.com.mx\/dividen-con-vallas-el-zocalo-para-planton-de-cnte-y-marcha-de-marea-rosa\/#respond"]}]},{"@type":"WebPage","@id":"https:\/\/www.sonoraenequipo.com.mx\/dividen-con-vallas-el-zocalo-para-planton-de-cnte-y-marcha-de-marea-rosa\/","url":"https:\/\/www.sonoraenequipo.com.mx\/dividen-con-vallas-el-zocalo-para-planton-de-cnte-y-marcha-de-marea-rosa\/","name":"Sonora en Equipo. Dividen con vallas el Z\u00f3calo para plant\u00f3n de CNTE y marcha de Marea Rosa Rep\u00fablica","isPartOf":{"@id":"https:\/\/www.sonoraenequipo.com.mx\/#website"},"primaryImageOfPage":{"@id":"https:\/\/www.sonoraenequipo.com.mx\/dividen-con-vallas-el-zocalo-para-planton-de-cnte-y-marcha-de-marea-rosa\/#primaryimage"},"image":{"@id":"https:\/\/www.sonoraenequipo.com.mx\/dividen-con-vallas-el-zocalo-para-planton-de-cnte-y-marcha-de-marea-rosa\/#primaryimage"},"thumbnailUrl":"https:\/\/www.sonoraenequipo.com.mx\/storage\/2024\/05\/vallas-en-elzocalo.jpg-min.jpeg","datePublished":"2024-05-19T01:17:49+00:00","dateModified":"2024-05-19T06:46:43+00:00","description":"CIUDAD DE M\u00c9XICO.MX. \u2014 . El Z\u00f3calo fue dividido con vallas para separar el plant\u00f3n de maestros de la CNTE del templete que se usar\u00e1 ma\u00f1ana para la marcha En Sonora en Equipo publicamos toda la informaci\u00f3n de Sonora, M\u00e9xico y el Mundo de manera oportuna y busca que la libertad de expresi\u00f3n sea real. Visita nuestro medio informativo publicado desde Hermosillo, Sonora. %","breadcrumb":{"@id":"https:\/\/www.sonoraenequipo.com.mx\/dividen-con-vallas-el-zocalo-para-planton-de-cnte-y-marcha-de-marea-rosa\/#breadcrumb"},"inLanguage":"es","potentialAction":[{"@type":"ReadAction","target":["https:\/\/www.sonoraenequipo.com.mx\/dividen-con-vallas-el-zocalo-para-planton-de-cnte-y-marcha-de-marea-rosa\/"]}]},{"@type":"ImageObject","inLanguage":"es","@id":"https:\/\/www.sonoraenequipo.com.mx\/dividen-con-vallas-el-zocalo-para-planton-de-cnte-y-marcha-de-marea-rosa\/#primaryimage","url":"https:\/\/www.sonoraenequipo.com.mx\/storage\/2024\/05\/vallas-en-elzocalo.jpg-min.jpeg","contentUrl":"https:\/\/www.sonoraenequipo.com.mx\/storage\/2024\/05\/vallas-en-elzocalo.jpg-min.jpeg","width":1403,"height":695},{"@type":"BreadcrumbList","@id":"https:\/\/www.sonoraenequipo.com.mx\/dividen-con-vallas-el-zocalo-para-planton-de-cnte-y-marcha-de-marea-rosa\/#breadcrumb","itemListElement":[{"@type":"ListItem","position":1,"name":"Portada","item":"https:\/\/www.sonoraenequipo.com.mx\/"},{"@type":"ListItem","position":2,"name":"Dividen con vallas el Z\u00f3calo para plant\u00f3n de CNTE y marcha de Marea Rosa"}]},{"@type":"WebSite","@id":"https:\/\/www.sonoraenequipo.com.mx\/#website","url":"https:\/\/www.sonoraenequipo.com.mx\/","name":"Sonora en Equipo.","description":"Diario en l\u00ednea con Noticias desde Hermosillo, Sonora","publisher":{"@id":"https:\/\/www.sonoraenequipo.com.mx\/#organization"},"potentialAction":[{"@type":"SearchAction","target":{"@type":"EntryPoint","urlTemplate":"https:\/\/www.sonoraenequipo.com.mx\/?s={search_term_string}"},"query-input":{"@type":"PropertyValueSpecification","valueRequired":true,"valueName":"search_term_string"}}],"inLanguage":"es"},{"@type":"Organization","@id":"https:\/\/www.sonoraenequipo.com.mx\/#organization","name":"Sonoraenequipo.com.mx","url":"https:\/\/www.sonoraenequipo.com.mx\/","logo":{"@type":"ImageObject","inLanguage":"es","@id":"https:\/\/www.sonoraenequipo.com.mx\/#\/schema\/logo\/image\/","url":"https:\/\/www.sonoraenequipo.com.mx\/storage\/2019\/01\/sonoraenequipo_opt.png","contentUrl":"https:\/\/www.sonoraenequipo.com.mx\/storage\/2019\/01\/sonoraenequipo_opt.png","width":375,"height":125,"caption":"Sonoraenequipo.com.mx"},"image":{"@id":"https:\/\/www.sonoraenequipo.com.mx\/#\/schema\/logo\/image\/"},"sameAs":["https:\/\/www.facebook.com\/SonoraEE\/","https:\/\/x.com\/sonoraenequipo","https:\/\/www.youtube.com\/channel\/UC338nW-lPEYmJQs4ZABQ1SQ"]},{"@type":"Person","@id":"https:\/\/www.sonoraenequipo.com.mx\/#\/schema\/person\/50102df0fb23a8fa9e8effad8fa81386","name":"enequipo","image":{"@type":"ImageObject","inLanguage":"es","@id":"https:\/\/www.sonoraenequipo.com.mx\/#\/schema\/person\/image\/","url":"https:\/\/secure.gravatar.com\/avatar\/049821681b589dabc0bc20695993ccebb09f5b5d4d790cd9251b97faac7c652b?s=96&d=blank&r=g","contentUrl":"https:\/\/secure.gravatar.com\/avatar\/049821681b589dabc0bc20695993ccebb09f5b5d4d790cd9251b97faac7c652b?s=96&d=blank&r=g","caption":"enequipo"},"sameAs":["https:\/\/www.facebook.com\/SonoraEE"]}]}},"jetpack_featured_media_url":"https:\/\/www.sonoraenequipo.com.mx\/storage\/2024\/05\/vallas-en-elzocalo.jpg-min.jpeg","_links":{"self":[{"href":"https:\/\/www.sonoraenequipo.com.mx\/api\/wp\/v2\/posts\/190055","targetHints":{"allow":["GET"]}}],"collection":[{"href":"https:\/\/www.sonoraenequipo.com.mx\/api\/wp\/v2\/posts"}],"about":[{"href":"https:\/\/www.sonoraenequipo.com.mx\/api\/wp\/v2\/types\/post"}],"author":[{"embeddable":true,"href":"https:\/\/www.sonoraenequipo.com.mx\/api\/wp\/v2\/users\/1"}],"replies":[{"embeddable":true,"href":"https:\/\/www.sonoraenequipo.com.mx\/api\/wp\/v2\/comments?post=190055"}],"version-history":[{"count":1,"href":"https:\/\/www.sonoraenequipo.com.mx\/api\/wp\/v2\/posts\/190055\/revisions"}],"predecessor-version":[{"id":190058,"href":"https:\/\/www.sonoraenequipo.com.mx\/api\/wp\/v2\/posts\/190055\/revisions\/190058"}],"wp:featuredmedia":[{"embeddable":true,"href":"https:\/\/www.sonoraenequipo.com.mx\/api\/wp\/v2\/media\/190057"}],"wp:attachment":[{"href":"https:\/\/www.sonoraenequipo.com.mx\/api\/wp\/v2\/media?parent=190055"}],"wp:term":[{"taxonomy":"category","embeddable":true,"href":"https:\/\/www.sonoraenequipo.com.mx\/api\/wp\/v2\/categories?post=190055"},{"taxonomy":"post_tag","embeddable":true,"href":"https:\/\/www.sonoraenequipo.com.mx\/api\/wp\/v2\/tags?post=190055"}],"curies":[{"name":"wp","href":"https:\/\/api.w.org\/{rel}","templated":true}]}}