{"id":190061,"date":"2024-05-18T19:27:35","date_gmt":"2024-05-19T02:27:35","guid":{"rendered":"https:\/\/www.sonoraenequipo.com.mx\/?p=190061"},"modified":"2024-05-19T11:38:40","modified_gmt":"2024-05-19T18:38:40","slug":"seproa-y-sader-trabajan-en-estrategias-para-el-cuidado-del-agua","status":"publish","type":"post","link":"https:\/\/www.sonoraenequipo.com.mx\/seproa-y-sader-trabajan-en-estrategias-para-el-cuidado-del-agua\/","title":{"rendered":"SEPROA y SADER trabajan en estrategias para el cuidado del agua"},"content":{"rendered":"<p><strong>MEXICALI, BAJA CALIFORNIA. MX.&nbsp; \u2014 <\/strong>&nbsp;Con el fin de trabajar de manera coordinada en el fortalecimiento de estrategias que permitan cuidar y ahorrar el agua en Baja California, el secretario del Agua sostuvo reuni\u00f3n con el encargado de despacho de la Secretar\u00eda de Agricultura y Desarrollo Rural (SADER).<\/p>\n<p>&nbsp;<\/p>\n<p>&nbsp;<\/p>\n<p>En el encuentro, el titular de la SEPROA hizo referencia a que una de las directrices del Programa Estatal H\u00eddrico (PEH) que rige todo lo referente al agua en el Estado, es precisamente fomentar y fortalecer el cuidado del vital l\u00edquido, de ah\u00ed la importancia de contar con estrategias coordinadas entre los diversos sectores.<\/p>\n<p>&nbsp;<\/p>\n<p>&nbsp;<\/p>\n<p>Entre las estrategias iniciales que se analizar\u00e1n se encuentra el uso de sistemas de riego m\u00e1s eficientes y rentables para los productores, as\u00ed como la posibilidad de llevar a cabo riego en forrajes con agua de re\u00faso. Adem\u00e1s de que ambas secretar\u00edas comentaron de los trabajos conjuntos para apoyar al Distrito de Riego 014.<\/p>\n<p>&nbsp;<\/p>\n<p>&nbsp;<\/p>\n<p>Por su parte el encargado de la SADER se\u00f1al\u00f3, entre otras acciones, que actualmente se ahorra un 13 por ciento de agua gracias al Programa de Nivelaci\u00f3n de Tierras que pusieron en marcha.<\/p>\n<p>&nbsp;<\/p>\n<p>&nbsp;<\/p>\n<p>Finalmente, el titular de la Secretar\u00eda para el Manejo, Saneamiento y Protecci\u00f3n del Agua reconoci\u00f3 la cercan\u00eda y el acompa\u00f1amiento que ha tenido la Secretar\u00eda de Agricultura con los diversos productores de la entidad, por lo que se aprovechar\u00e1 para incluirlos en la b\u00fasqueda de estrategias que fortalezcan el ahorro y aprovechamiento de tan importante recurso natural.<\/p>\n<p>&nbsp;<\/p>\n<p>&nbsp;<\/p>\n<p>PUBLICADO EL 18 DE MAYO DE 2024 Con informaci\u00f3n de AFN)<\/p>\n","protected":false},"excerpt":{"rendered":"<p>MEXICALI, BAJA CALIFORNIA. MX.&nbsp; \u2014 &nbsp;Con el fin de trabajar de manera coordinada en el&#8230;<\/p>\n","protected":false},"author":1,"featured_media":190064,"comment_status":"open","ping_status":"open","sticky":false,"template":"","format":"standard","meta":{"_monsterinsights_skip_tracking":false,"_monsterinsights_sitenote_active":false,"_monsterinsights_sitenote_note":"","_monsterinsights_sitenote_category":0,"footnotes":""},"categories":[5],"tags":[],"class_list":["post"],"yoast_head":" \n<title>Sonora en Equipo. SEPROA y SADER trabajan en estrategias para el cuidado del agua Rep\u00fablica<\/title>\n<meta name=\"description\" content=\"MEXICALI, BAJA CALIFORNIA. MX.&nbsp; \u2014 &nbsp;Con el fin de trabajar de manera coordinada en el fortalecimiento de estrategias que permitan cuidar y En Sonora en Equipo publicamos toda la informaci\u00f3n de Sonora, M\u00e9xico y el Mundo de manera oportuna y busca que la libertad de expresi\u00f3n sea real. Visita nuestro medio informativo publicado desde Hermosillo, Sonora. %\" \/>\n<meta name=\"robots\" content=\"index, follow, max-snippet:-1, max-image-preview:large, max-video-preview:-1\" \/>\n<link rel=\"canonical\" href=\"https:\/\/www.sonoraenequipo.com.mx\/seproa-y-sader-trabajan-en-estrategias-para-el-cuidado-del-agua\/\" \/>\n<meta property=\"og:locale\" content=\"es_ES\" \/>\n<meta property=\"og:type\" content=\"article\" \/>\n<meta property=\"og:title\" content=\"Sonora en Equipo. SEPROA y SADER trabajan en estrategias para el cuidado del agua Rep\u00fablica\" \/>\n<meta property=\"og:description\" content=\"MEXICALI, BAJA CALIFORNIA. MX.&nbsp; \u2014 &nbsp;Con el fin de trabajar de manera coordinada en el fortalecimiento de estrategias que permitan cuidar y En Sonora en Equipo publicamos toda la informaci\u00f3n de Sonora, M\u00e9xico y el Mundo de manera oportuna y busca que la libertad de expresi\u00f3n sea real. Visita nuestro medio informativo publicado desde Hermosillo, Sonora. %\" \/>\n<meta property=\"og:url\" content=\"https:\/\/www.sonoraenequipo.com.mx\/seproa-y-sader-trabajan-en-estrategias-para-el-cuidado-del-agua\/\" \/>\n<meta property=\"og:site_name\" content=\"Sonora en Equipo.\" \/>\n<meta property=\"article:publisher\" content=\"https:\/\/www.facebook.com\/SonoraEE\/\" \/>\n<meta property=\"article:author\" content=\"https:\/\/www.facebook.com\/SonoraEE\" \/>\n<meta property=\"article:published_time\" content=\"2024-05-19T02:27:35+00:00\" \/>\n<meta property=\"article:modified_time\" content=\"2024-05-19T18:38:40+00:00\" \/>\n<meta property=\"og:image\" content=\"https:\/\/www.sonoraenequipo.com.mx\/storage\/2024\/05\/Seproa-y-Sader.agua-min.jpg\" \/>\n\t<meta property=\"og:image:width\" content=\"900\" \/>\n\t<meta property=\"og:image:height\" content=\"541\" \/>\n\t<meta property=\"og:image:type\" content=\"image\/jpeg\" \/>\n<meta name=\"author\" content=\"enequipo\" \/>\n<meta name=\"twitter:card\" content=\"summary_large_image\" \/>\n<meta name=\"twitter:creator\" content=\"@sonoraenequipo\" \/>\n<meta name=\"twitter:site\" content=\"@sonoraenequipo\" \/>\n<meta name=\"twitter:label1\" content=\"Escrito por\" \/>\n\t<meta name=\"twitter:data1\" content=\"enequipo\" \/>\n\t<meta name=\"twitter:label2\" content=\"Tiempo de lectura\" \/>\n\t<meta name=\"twitter:data2\" content=\"1 minuto\" \/>\n<script type=\"application\/ld+json\" class=\"yoast-schema-graph\">{\"@context\":\"https:\/\/schema.org\",\"@graph\":[{\"@type\":\"Article\",\"@id\":\"https:\/\/www.sonoraenequipo.com.mx\/seproa-y-sader-trabajan-en-estrategias-para-el-cuidado-del-agua\/#article\",\"isPartOf\":{\"@id\":\"https:\/\/www.sonoraenequipo.com.mx\/seproa-y-sader-trabajan-en-estrategias-para-el-cuidado-del-agua\/\"},\"author\":{\"name\":\"enequipo\",\"@id\":\"https:\/\/www.sonoraenequipo.com.mx\/#\/schema\/person\/50102df0fb23a8fa9e8effad8fa81386\"},\"headline\":\"SEPROA y SADER trabajan en estrategias para el cuidado del agua\",\"datePublished\":\"2024-05-19T02:27:35+00:00\",\"dateModified\":\"2024-05-19T18:38:40+00:00\",\"mainEntityOfPage\":{\"@id\":\"https:\/\/www.sonoraenequipo.com.mx\/seproa-y-sader-trabajan-en-estrategias-para-el-cuidado-del-agua\/\"},\"wordCount\":293,\"commentCount\":0,\"publisher\":{\"@id\":\"https:\/\/www.sonoraenequipo.com.mx\/#organization\"},\"image\":{\"@id\":\"https:\/\/www.sonoraenequipo.com.mx\/seproa-y-sader-trabajan-en-estrategias-para-el-cuidado-del-agua\/#primaryimage\"},\"thumbnailUrl\":\"https:\/\/www.sonoraenequipo.com.mx\/storage\/2024\/05\/Seproa-y-Sader.agua-min.jpg\",\"articleSection\":[\"Rep\u00fablica\"],\"inLanguage\":\"es\",\"potentialAction\":[{\"@type\":\"CommentAction\",\"name\":\"Comment\",\"target\":[\"https:\/\/www.sonoraenequipo.com.mx\/seproa-y-sader-trabajan-en-estrategias-para-el-cuidado-del-agua\/#respond\"]}]},{\"@type\":\"WebPage\",\"@id\":\"https:\/\/www.sonoraenequipo.com.mx\/seproa-y-sader-trabajan-en-estrategias-para-el-cuidado-del-agua\/\",\"url\":\"https:\/\/www.sonoraenequipo.com.mx\/seproa-y-sader-trabajan-en-estrategias-para-el-cuidado-del-agua\/\",\"name\":\"Sonora en Equipo. SEPROA y SADER trabajan en estrategias para el cuidado del agua Rep\u00fablica\",\"isPartOf\":{\"@id\":\"https:\/\/www.sonoraenequipo.com.mx\/#website\"},\"primaryImageOfPage\":{\"@id\":\"https:\/\/www.sonoraenequipo.com.mx\/seproa-y-sader-trabajan-en-estrategias-para-el-cuidado-del-agua\/#primaryimage\"},\"image\":{\"@id\":\"https:\/\/www.sonoraenequipo.com.mx\/seproa-y-sader-trabajan-en-estrategias-para-el-cuidado-del-agua\/#primaryimage\"},\"thumbnailUrl\":\"https:\/\/www.sonoraenequipo.com.mx\/storage\/2024\/05\/Seproa-y-Sader.agua-min.jpg\",\"datePublished\":\"2024-05-19T02:27:35+00:00\",\"dateModified\":\"2024-05-19T18:38:40+00:00\",\"description\":\"MEXICALI, BAJA CALIFORNIA. MX.&nbsp; \u2014 &nbsp;Con el fin de trabajar de manera coordinada en el fortalecimiento de estrategias que permitan cuidar y En Sonora en Equipo publicamos toda la informaci\u00f3n de Sonora, M\u00e9xico y el Mundo de manera oportuna y busca que la libertad de expresi\u00f3n sea real. Visita nuestro medio informativo publicado desde Hermosillo, Sonora. %\",\"breadcrumb\":{\"@id\":\"https:\/\/www.sonoraenequipo.com.mx\/seproa-y-sader-trabajan-en-estrategias-para-el-cuidado-del-agua\/#breadcrumb\"},\"inLanguage\":\"es\",\"potentialAction\":[{\"@type\":\"ReadAction\",\"target\":[\"https:\/\/www.sonoraenequipo.com.mx\/seproa-y-sader-trabajan-en-estrategias-para-el-cuidado-del-agua\/\"]}]},{\"@type\":\"ImageObject\",\"inLanguage\":\"es\",\"@id\":\"https:\/\/www.sonoraenequipo.com.mx\/seproa-y-sader-trabajan-en-estrategias-para-el-cuidado-del-agua\/#primaryimage\",\"url\":\"https:\/\/www.sonoraenequipo.com.mx\/storage\/2024\/05\/Seproa-y-Sader.agua-min.jpg\",\"contentUrl\":\"https:\/\/www.sonoraenequipo.com.mx\/storage\/2024\/05\/Seproa-y-Sader.agua-min.jpg\",\"width\":900,\"height\":541},{\"@type\":\"BreadcrumbList\",\"@id\":\"https:\/\/www.sonoraenequipo.com.mx\/seproa-y-sader-trabajan-en-estrategias-para-el-cuidado-del-agua\/#breadcrumb\",\"itemListElement\":[{\"@type\":\"ListItem\",\"position\":1,\"name\":\"Portada\",\"item\":\"https:\/\/www.sonoraenequipo.com.mx\/\"},{\"@type\":\"ListItem\",\"position\":2,\"name\":\"SEPROA y SADER trabajan en estrategias para el cuidado del agua\"}]},{\"@type\":\"WebSite\",\"@id\":\"https:\/\/www.sonoraenequipo.com.mx\/#website\",\"url\":\"https:\/\/www.sonoraenequipo.com.mx\/\",\"name\":\"Sonora en Equipo.\",\"description\":\"Diario en l\u00ednea con Noticias desde Hermosillo, Sonora\",\"publisher\":{\"@id\":\"https:\/\/www.sonoraenequipo.com.mx\/#organization\"},\"potentialAction\":[{\"@type\":\"SearchAction\",\"target\":{\"@type\":\"EntryPoint\",\"urlTemplate\":\"https:\/\/www.sonoraenequipo.com.mx\/?s={search_term_string}\"},\"query-input\":{\"@type\":\"PropertyValueSpecification\",\"valueRequired\":true,\"valueName\":\"search_term_string\"}}],\"inLanguage\":\"es\"},{\"@type\":\"Organization\",\"@id\":\"https:\/\/www.sonoraenequipo.com.mx\/#organization\",\"name\":\"Sonoraenequipo.com.mx\",\"url\":\"https:\/\/www.sonoraenequipo.com.mx\/\",\"logo\":{\"@type\":\"ImageObject\",\"inLanguage\":\"es\",\"@id\":\"https:\/\/www.sonoraenequipo.com.mx\/#\/schema\/logo\/image\/\",\"url\":\"https:\/\/www.sonoraenequipo.com.mx\/storage\/2019\/01\/sonoraenequipo_opt.png\",\"contentUrl\":\"https:\/\/www.sonoraenequipo.com.mx\/storage\/2019\/01\/sonoraenequipo_opt.png\",\"width\":375,\"height\":125,\"caption\":\"Sonoraenequipo.com.mx\"},\"image\":{\"@id\":\"https:\/\/www.sonoraenequipo.com.mx\/#\/schema\/logo\/image\/\"},\"sameAs\":[\"https:\/\/www.facebook.com\/SonoraEE\/\",\"https:\/\/x.com\/sonoraenequipo\",\"https:\/\/www.youtube.com\/channel\/UC338nW-lPEYmJQs4ZABQ1SQ\"]},{\"@type\":\"Person\",\"@id\":\"https:\/\/www.sonoraenequipo.com.mx\/#\/schema\/person\/50102df0fb23a8fa9e8effad8fa81386\",\"name\":\"enequipo\",\"image\":{\"@type\":\"ImageObject\",\"inLanguage\":\"es\",\"@id\":\"https:\/\/www.sonoraenequipo.com.mx\/#\/schema\/person\/image\/\",\"url\":\"https:\/\/secure.gravatar.com\/avatar\/049821681b589dabc0bc20695993ccebb09f5b5d4d790cd9251b97faac7c652b?s=96&d=blank&r=g\",\"contentUrl\":\"https:\/\/secure.gravatar.com\/avatar\/049821681b589dabc0bc20695993ccebb09f5b5d4d790cd9251b97faac7c652b?s=96&d=blank&r=g\",\"caption\":\"enequipo\"},\"sameAs\":[\"https:\/\/www.facebook.com\/SonoraEE\"]}]}<\/script>\n ","yoast_head_json":{"title":"Sonora en Equipo. SEPROA y SADER trabajan en estrategias para el cuidado del agua Rep\u00fablica","description":"MEXICALI, BAJA CALIFORNIA. MX.&nbsp; \u2014 &nbsp;Con el fin de trabajar de manera coordinada en el fortalecimiento de estrategias que permitan cuidar y En Sonora en Equipo publicamos toda la informaci\u00f3n de Sonora, M\u00e9xico y el Mundo de manera oportuna y busca que la libertad de expresi\u00f3n sea real. Visita nuestro medio informativo publicado desde Hermosillo, Sonora. %","robots":{"index":"index","follow":"follow","max-snippet":"max-snippet:-1","max-image-preview":"max-image-preview:large","max-video-preview":"max-video-preview:-1"},"canonical":"https:\/\/www.sonoraenequipo.com.mx\/seproa-y-sader-trabajan-en-estrategias-para-el-cuidado-del-agua\/","og_locale":"es_ES","og_type":"article","og_title":"Sonora en Equipo. SEPROA y SADER trabajan en estrategias para el cuidado del agua Rep\u00fablica","og_description":"MEXICALI, BAJA CALIFORNIA. MX.&nbsp; \u2014 &nbsp;Con el fin de trabajar de manera coordinada en el fortalecimiento de estrategias que permitan cuidar y En Sonora en Equipo publicamos toda la informaci\u00f3n de Sonora, M\u00e9xico y el Mundo de manera oportuna y busca que la libertad de expresi\u00f3n sea real. Visita nuestro medio informativo publicado desde Hermosillo, Sonora. %","og_url":"https:\/\/www.sonoraenequipo.com.mx\/seproa-y-sader-trabajan-en-estrategias-para-el-cuidado-del-agua\/","og_site_name":"Sonora en Equipo.","article_publisher":"https:\/\/www.facebook.com\/SonoraEE\/","article_author":"https:\/\/www.facebook.com\/SonoraEE","article_published_time":"2024-05-19T02:27:35+00:00","article_modified_time":"2024-05-19T18:38:40+00:00","og_image":[{"width":900,"height":541,"url":"https:\/\/www.sonoraenequipo.com.mx\/storage\/2024\/05\/Seproa-y-Sader.agua-min.jpg","type":"image\/jpeg"}],"author":"enequipo","twitter_card":"summary_large_image","twitter_creator":"@sonoraenequipo","twitter_site":"@sonoraenequipo","twitter_misc":{"Escrito por":"enequipo","Tiempo de lectura":"1 minuto"},"schema":{"@context":"https:\/\/schema.org","@graph":[{"@type":"Article","@id":"https:\/\/www.sonoraenequipo.com.mx\/seproa-y-sader-trabajan-en-estrategias-para-el-cuidado-del-agua\/#article","isPartOf":{"@id":"https:\/\/www.sonoraenequipo.com.mx\/seproa-y-sader-trabajan-en-estrategias-para-el-cuidado-del-agua\/"},"author":{"name":"enequipo","@id":"https:\/\/www.sonoraenequipo.com.mx\/#\/schema\/person\/50102df0fb23a8fa9e8effad8fa81386"},"headline":"SEPROA y SADER trabajan en estrategias para el cuidado del agua","datePublished":"2024-05-19T02:27:35+00:00","dateModified":"2024-05-19T18:38:40+00:00","mainEntityOfPage":{"@id":"https:\/\/www.sonoraenequipo.com.mx\/seproa-y-sader-trabajan-en-estrategias-para-el-cuidado-del-agua\/"},"wordCount":293,"commentCount":0,"publisher":{"@id":"https:\/\/www.sonoraenequipo.com.mx\/#organization"},"image":{"@id":"https:\/\/www.sonoraenequipo.com.mx\/seproa-y-sader-trabajan-en-estrategias-para-el-cuidado-del-agua\/#primaryimage"},"thumbnailUrl":"https:\/\/www.sonoraenequipo.com.mx\/storage\/2024\/05\/Seproa-y-Sader.agua-min.jpg","articleSection":["Rep\u00fablica"],"inLanguage":"es","potentialAction":[{"@type":"CommentAction","name":"Comment","target":["https:\/\/www.sonoraenequipo.com.mx\/seproa-y-sader-trabajan-en-estrategias-para-el-cuidado-del-agua\/#respond"]}]},{"@type":"WebPage","@id":"https:\/\/www.sonoraenequipo.com.mx\/seproa-y-sader-trabajan-en-estrategias-para-el-cuidado-del-agua\/","url":"https:\/\/www.sonoraenequipo.com.mx\/seproa-y-sader-trabajan-en-estrategias-para-el-cuidado-del-agua\/","name":"Sonora en Equipo. SEPROA y SADER trabajan en estrategias para el cuidado del agua Rep\u00fablica","isPartOf":{"@id":"https:\/\/www.sonoraenequipo.com.mx\/#website"},"primaryImageOfPage":{"@id":"https:\/\/www.sonoraenequipo.com.mx\/seproa-y-sader-trabajan-en-estrategias-para-el-cuidado-del-agua\/#primaryimage"},"image":{"@id":"https:\/\/www.sonoraenequipo.com.mx\/seproa-y-sader-trabajan-en-estrategias-para-el-cuidado-del-agua\/#primaryimage"},"thumbnailUrl":"https:\/\/www.sonoraenequipo.com.mx\/storage\/2024\/05\/Seproa-y-Sader.agua-min.jpg","datePublished":"2024-05-19T02:27:35+00:00","dateModified":"2024-05-19T18:38:40+00:00","description":"MEXICALI, BAJA CALIFORNIA. MX.&nbsp; \u2014 &nbsp;Con el fin de trabajar de manera coordinada en el fortalecimiento de estrategias que permitan cuidar y En Sonora en Equipo publicamos toda la informaci\u00f3n de Sonora, M\u00e9xico y el Mundo de manera oportuna y busca que la libertad de expresi\u00f3n sea real. Visita nuestro medio informativo publicado desde Hermosillo, Sonora. %","breadcrumb":{"@id":"https:\/\/www.sonoraenequipo.com.mx\/seproa-y-sader-trabajan-en-estrategias-para-el-cuidado-del-agua\/#breadcrumb"},"inLanguage":"es","potentialAction":[{"@type":"ReadAction","target":["https:\/\/www.sonoraenequipo.com.mx\/seproa-y-sader-trabajan-en-estrategias-para-el-cuidado-del-agua\/"]}]},{"@type":"ImageObject","inLanguage":"es","@id":"https:\/\/www.sonoraenequipo.com.mx\/seproa-y-sader-trabajan-en-estrategias-para-el-cuidado-del-agua\/#primaryimage","url":"https:\/\/www.sonoraenequipo.com.mx\/storage\/2024\/05\/Seproa-y-Sader.agua-min.jpg","contentUrl":"https:\/\/www.sonoraenequipo.com.mx\/storage\/2024\/05\/Seproa-y-Sader.agua-min.jpg","width":900,"height":541},{"@type":"BreadcrumbList","@id":"https:\/\/www.sonoraenequipo.com.mx\/seproa-y-sader-trabajan-en-estrategias-para-el-cuidado-del-agua\/#breadcrumb","itemListElement":[{"@type":"ListItem","position":1,"name":"Portada","item":"https:\/\/www.sonoraenequipo.com.mx\/"},{"@type":"ListItem","position":2,"name":"SEPROA y SADER trabajan en estrategias para el cuidado del agua"}]},{"@type":"WebSite","@id":"https:\/\/www.sonoraenequipo.com.mx\/#website","url":"https:\/\/www.sonoraenequipo.com.mx\/","name":"Sonora en Equipo.","description":"Diario en l\u00ednea con Noticias desde Hermosillo, Sonora","publisher":{"@id":"https:\/\/www.sonoraenequipo.com.mx\/#organization"},"potentialAction":[{"@type":"SearchAction","target":{"@type":"EntryPoint","urlTemplate":"https:\/\/www.sonoraenequipo.com.mx\/?s={search_term_string}"},"query-input":{"@type":"PropertyValueSpecification","valueRequired":true,"valueName":"search_term_string"}}],"inLanguage":"es"},{"@type":"Organization","@id":"https:\/\/www.sonoraenequipo.com.mx\/#organization","name":"Sonoraenequipo.com.mx","url":"https:\/\/www.sonoraenequipo.com.mx\/","logo":{"@type":"ImageObject","inLanguage":"es","@id":"https:\/\/www.sonoraenequipo.com.mx\/#\/schema\/logo\/image\/","url":"https:\/\/www.sonoraenequipo.com.mx\/storage\/2019\/01\/sonoraenequipo_opt.png","contentUrl":"https:\/\/www.sonoraenequipo.com.mx\/storage\/2019\/01\/sonoraenequipo_opt.png","width":375,"height":125,"caption":"Sonoraenequipo.com.mx"},"image":{"@id":"https:\/\/www.sonoraenequipo.com.mx\/#\/schema\/logo\/image\/"},"sameAs":["https:\/\/www.facebook.com\/SonoraEE\/","https:\/\/x.com\/sonoraenequipo","https:\/\/www.youtube.com\/channel\/UC338nW-lPEYmJQs4ZABQ1SQ"]},{"@type":"Person","@id":"https:\/\/www.sonoraenequipo.com.mx\/#\/schema\/person\/50102df0fb23a8fa9e8effad8fa81386","name":"enequipo","image":{"@type":"ImageObject","inLanguage":"es","@id":"https:\/\/www.sonoraenequipo.com.mx\/#\/schema\/person\/image\/","url":"https:\/\/secure.gravatar.com\/avatar\/049821681b589dabc0bc20695993ccebb09f5b5d4d790cd9251b97faac7c652b?s=96&d=blank&r=g","contentUrl":"https:\/\/secure.gravatar.com\/avatar\/049821681b589dabc0bc20695993ccebb09f5b5d4d790cd9251b97faac7c652b?s=96&d=blank&r=g","caption":"enequipo"},"sameAs":["https:\/\/www.facebook.com\/SonoraEE"]}]}},"jetpack_featured_media_url":"https:\/\/www.sonoraenequipo.com.mx\/storage\/2024\/05\/Seproa-y-Sader.agua-min.jpg","_links":{"self":[{"href":"https:\/\/www.sonoraenequipo.com.mx\/api\/wp\/v2\/posts\/190061","targetHints":{"allow":["GET"]}}],"collection":[{"href":"https:\/\/www.sonoraenequipo.com.mx\/api\/wp\/v2\/posts"}],"about":[{"href":"https:\/\/www.sonoraenequipo.com.mx\/api\/wp\/v2\/types\/post"}],"author":[{"embeddable":true,"href":"https:\/\/www.sonoraenequipo.com.mx\/api\/wp\/v2\/users\/1"}],"replies":[{"embeddable":true,"href":"https:\/\/www.sonoraenequipo.com.mx\/api\/wp\/v2\/comments?post=190061"}],"version-history":[{"count":2,"href":"https:\/\/www.sonoraenequipo.com.mx\/api\/wp\/v2\/posts\/190061\/revisions"}],"predecessor-version":[{"id":190067,"href":"https:\/\/www.sonoraenequipo.com.mx\/api\/wp\/v2\/posts\/190061\/revisions\/190067"}],"wp:featuredmedia":[{"embeddable":true,"href":"https:\/\/www.sonoraenequipo.com.mx\/api\/wp\/v2\/media\/190064"}],"wp:attachment":[{"href":"https:\/\/www.sonoraenequipo.com.mx\/api\/wp\/v2\/media?parent=190061"}],"wp:term":[{"taxonomy":"category","embeddable":true,"href":"https:\/\/www.sonoraenequipo.com.mx\/api\/wp\/v2\/categories?post=190061"},{"taxonomy":"post_tag","embeddable":true,"href":"https:\/\/www.sonoraenequipo.com.mx\/api\/wp\/v2\/tags?post=190061"}],"curies":[{"name":"wp","href":"https:\/\/api.w.org\/{rel}","templated":true}]}}