{"id":190062,"date":"2024-05-19T11:38:11","date_gmt":"2024-05-19T18:38:11","guid":{"rendered":"https:\/\/www.sonoraenequipo.com.mx\/?p=190062"},"modified":"2024-05-19T17:21:42","modified_gmt":"2024-05-20T00:21:42","slug":"la-marea-rosa-inunda-el-zocalo-capitalino-en-respaldo-a-xochitl-galvez-y-santiago-taboada","status":"publish","type":"post","link":"https:\/\/www.sonoraenequipo.com.mx\/la-marea-rosa-inunda-el-zocalo-capitalino-en-respaldo-a-xochitl-galvez-y-santiago-taboada\/","title":{"rendered":"Llega Marea Rosa al Z\u00f3calo capitalino en respaldo a Santiago Taboada y X\u00f3chitl G\u00e1lvez"},"content":{"rendered":"<p><strong>CIUDAD DE M\u00c9XICO.MX. \u2014<\/strong> Sin ning\u00fan rubor, las banderas del PAN, PRI y PRD se entre mezclaron con la marea rosa, movimiento que finalmente evidenci\u00f3 que su candidata ha sido X\u00f3chitl G\u00e1lvez, quien en un Z\u00f3calo lleno expres\u00f3 que el 2 de junio no s\u00f3lo se juega la Presidencia, el Congreso y nueve gubernaturas, sino <em><strong>\u201csi los siguientes a\u00f1os ser\u00e1n de opresi\u00f3n o libertad\u201d.<\/strong><\/em><\/p>\n<p> <br \/>\nEn ese contexto, la candidata presidencial de la coalici\u00f3n opositora llam\u00f3 a votar<em><strong> \u201cpara cambiar este tiempo de enfermedad, odio y tristeza por un tiempo de salud, amor y esperanza. Para derrotar a la muerte, al miedo y a la mentira\u201d.<\/strong><\/em><\/p>\n<p>G\u00e1lvez Ruiz estuvo acompa\u00f1ada en el templete por el candidato de la coalici\u00f3n a jefe de Gobierno de la capital, Santiago Taboada, quien afirm\u00f3 que ve una ciudad <em><strong>\u201csometida por la extorsi\u00f3n y que pide un cambio\u201d.<\/strong><\/em><\/p>\n<p>Abajo, en la zona reservada para las c\u00fapulas de los tres partidos convivieron Alito Moreno, Marko Cort\u00e9s y Jes\u00fas Zambrano, as\u00ed como los diputados y senadores, entre otros Josefina V\u00e1zquez Mota, Margarita Zavala y Julen Rementer\u00eda.<\/p>\n<p>Adem\u00e1s de asumir a G\u00e1lvez como <em><strong>\u201cnuestra candidata\u201d<\/strong><\/em>, en las participaciones de los oradores previos campe\u00f3 el llamado al <em><strong>\u201cvoto \u00fatil\u201d<\/strong><\/em>, es decir no sufragar por Jorge \u00c1lvarez M\u00e1ynez porque se trata de \u201ccomparsa de Morena y su candidata.<strong><em> \u00a1Ni un voto de la marea rosa a Movimiento Ciudadano!\u201d<\/em><\/strong><\/p>\n<p>Ana Luisa Medina, de Unidos, pidi\u00f3 a los asistentes a que el d\u00eda 2 de junio cada uno de los asistentes lleve a cinco personas a las urnas. Y tambi\u00e9n llam\u00f3 a<em><strong> \u201cno desperdiciar el voto\u201d.<\/strong><\/em><\/p>\n<p>En la concentraci\u00f3n que se convoc\u00f3 bajo el lema Defendamos la Rep\u00fablica se explic\u00f3 la transici\u00f3n de la defensa del Instituto Nacional Electoral a \u201centregar nuestras banderas\u201d a X\u00f3chitl G\u00e1lvez, quien junto con Taboada firm\u00f3 el denominado Manifiesto ciudadano para una nueva Rep\u00fablica.<\/p>\n<p>Lo que en los hechos el cierre de campa\u00f1a de G\u00e1lvez y Taboada en la capital no estuvo exenta de fricciones con el plant\u00f3n de la Coordinadora Nacional de Trabajadores de la Educaci\u00f3n, que tuvo que ceder espacio.<\/p>\n<p>Esta ma\u00f1ana, entre jaloneos con los maestros, militares izaron la bandera, como hab\u00eda comprometido el presidente.<\/p>\n<p>Una vez izada la bandera, los asistentes a la concentraci\u00f3n gritaron <em><strong>\u201c\u00a1s\u00ed se pudo, s\u00ed se pudo!\u201d Y \u201c\u00a1M\u00e9xico, M\u00e9xico\u201d! \u00ab\u00a1Tenemos la bandera en el asta porque X\u00f3chitl lo pidi\u00f3!\u201d<\/strong><\/em><\/p>\n<p>Otro incidente con los maestros en plant\u00f3n permanente ocurri\u00f3 cuando los asistentes replegaron las vallas que rodean las casas de campa\u00f1a.<\/p>\n<p>Los profesores de la CNTE quedaron rodeados en un reducido tri\u00e1ngulo alrededor del asta, mientras los organizadores insist\u00edan que hab\u00eda m\u00e1s personas en las calles que confluyen en el Z\u00f3calo y reclamaron que se haya cerrado la entrada por 20 de noviembre. Adem\u00e1s se denunci\u00f3 que una valla de granaderos imped\u00eda el paso desde avenida Ju\u00e1rez.<\/p>\n<p><em><strong>\u201c\u00a1Nos falta Z\u00f3calo! \u00a1D\u00e9jennos pasar!\u201d<\/strong><\/em>, insist\u00edan los organizadores.<\/p>\n<p>Casi a las 10 de la ma\u00f1ana, G\u00e1lvez se asom\u00f3 a uno de los balcones del hotel Majestic de Madero y Plaza de la Constituci\u00f3n. \u201c\u00a1Fuera Morena, fuera Morena\u201d, gritaron sus simpatizantes!<\/p>\n<p>Las camisetas y banderas rosas se entren mezclaron con las azules que reparti\u00f3 el PAN.<\/p>\n<p>Ente otros mensajes, una manta rezaba: <em><strong>\u201cSOS Biden. Tienes un narco pa\u00eds como vecino, sino democracia. Haz algo, please\u201d.<\/strong><\/em><\/p>\n<p>Frente a los portales se ancl\u00f3 donde se le\u00eda: \u201cel 2 de junio no olvides: la corrupci\u00f3n de los L\u00f3pez Beltr\u00e1n; la L\u00ednea 12 del Metro; el ecocidio por el Tren Maya; los periodistas asesinados; los ni\u00f1os con c\u00e1ncer\u2026\u201d<\/p>\n<p><strong>Fecha de publicaci\u00f3n domingo 19 de mayo de 2024 \/ Latinus)<\/strong><\/p>\n","protected":false},"excerpt":{"rendered":"<p>CIUDAD DE M\u00c9XICO.MX. \u2014 Sin ning\u00fan rubor, las banderas del PAN, PRI y PRD se&#8230;<\/p>\n","protected":false},"author":1,"featured_media":190063,"comment_status":"open","ping_status":"open","sticky":false,"template":"","format":"standard","meta":{"_monsterinsights_skip_tracking":false,"_monsterinsights_sitenote_active":false,"_monsterinsights_sitenote_note":"","_monsterinsights_sitenote_category":0,"footnotes":""},"categories":[9400],"tags":[9695,5383],"class_list":["post"],"yoast_head":" \n<title>Sonora en Equipo. Llega Marea Rosa al Z\u00f3calo capitalino en respaldo a Santiago Taboada y X\u00f3chitl G\u00e1lvez ELECCI\u00d3NES<\/title>\n<meta name=\"description\" content=\"CIUDAD DE M\u00c9XICO.MX. \u2014 Sin ning\u00fan rubor, las banderas del PAN, PRI y PRD se entre mezclaron con la marea rosa, movimiento que finalmente evidenci\u00f3 que su En Sonora en Equipo publicamos toda la informaci\u00f3n de Sonora, M\u00e9xico y el Mundo de manera oportuna y busca que la libertad de expresi\u00f3n sea real. Visita nuestro medio informativo publicado desde Hermosillo, Sonora. %\" \/>\n<meta name=\"robots\" content=\"index, follow, max-snippet:-1, max-image-preview:large, max-video-preview:-1\" \/>\n<link rel=\"canonical\" href=\"https:\/\/www.sonoraenequipo.com.mx\/la-marea-rosa-inunda-el-zocalo-capitalino-en-respaldo-a-xochitl-galvez-y-santiago-taboada\/\" \/>\n<meta property=\"og:locale\" content=\"es_ES\" \/>\n<meta property=\"og:type\" content=\"article\" \/>\n<meta property=\"og:title\" content=\"Sonora en Equipo. Llega Marea Rosa al Z\u00f3calo capitalino en respaldo a Santiago Taboada y X\u00f3chitl G\u00e1lvez ELECCI\u00d3NES\" \/>\n<meta property=\"og:description\" content=\"CIUDAD DE M\u00c9XICO.MX. \u2014 Sin ning\u00fan rubor, las banderas del PAN, PRI y PRD se entre mezclaron con la marea rosa, movimiento que finalmente evidenci\u00f3 que su En Sonora en Equipo publicamos toda la informaci\u00f3n de Sonora, M\u00e9xico y el Mundo de manera oportuna y busca que la libertad de expresi\u00f3n sea real. Visita nuestro medio informativo publicado desde Hermosillo, Sonora. %\" \/>\n<meta property=\"og:url\" content=\"https:\/\/www.sonoraenequipo.com.mx\/la-marea-rosa-inunda-el-zocalo-capitalino-en-respaldo-a-xochitl-galvez-y-santiago-taboada\/\" \/>\n<meta property=\"og:site_name\" content=\"Sonora en Equipo.\" \/>\n<meta property=\"article:publisher\" content=\"https:\/\/www.facebook.com\/SonoraEE\/\" \/>\n<meta property=\"article:author\" content=\"https:\/\/www.facebook.com\/SonoraEE\" \/>\n<meta property=\"article:published_time\" content=\"2024-05-19T18:38:11+00:00\" \/>\n<meta property=\"article:modified_time\" content=\"2024-05-20T00:21:42+00:00\" \/>\n<meta property=\"og:image\" content=\"https:\/\/www.sonoraenequipo.com.mx\/storage\/2024\/05\/marea-rosa.jpg\" \/>\n\t<meta property=\"og:image:width\" content=\"800\" \/>\n\t<meta property=\"og:image:height\" content=\"413\" \/>\n\t<meta property=\"og:image:type\" content=\"image\/jpeg\" \/>\n<meta name=\"author\" content=\"enequipo\" \/>\n<meta name=\"twitter:card\" content=\"summary_large_image\" \/>\n<meta name=\"twitter:creator\" content=\"@sonoraenequipo\" \/>\n<meta name=\"twitter:site\" content=\"@sonoraenequipo\" \/>\n<meta name=\"twitter:label1\" content=\"Escrito por\" \/>\n\t<meta name=\"twitter:data1\" content=\"enequipo\" \/>\n\t<meta name=\"twitter:label2\" content=\"Tiempo de lectura\" \/>\n\t<meta name=\"twitter:data2\" content=\"3 minutos\" \/>\n<script type=\"application\/ld+json\" class=\"yoast-schema-graph\">{\"@context\":\"https:\/\/schema.org\",\"@graph\":[{\"@type\":\"Article\",\"@id\":\"https:\/\/www.sonoraenequipo.com.mx\/la-marea-rosa-inunda-el-zocalo-capitalino-en-respaldo-a-xochitl-galvez-y-santiago-taboada\/#article\",\"isPartOf\":{\"@id\":\"https:\/\/www.sonoraenequipo.com.mx\/la-marea-rosa-inunda-el-zocalo-capitalino-en-respaldo-a-xochitl-galvez-y-santiago-taboada\/\"},\"author\":{\"name\":\"enequipo\",\"@id\":\"https:\/\/www.sonoraenequipo.com.mx\/#\/schema\/person\/50102df0fb23a8fa9e8effad8fa81386\"},\"headline\":\"Llega Marea Rosa al Z\u00f3calo capitalino en respaldo a Santiago Taboada y X\u00f3chitl G\u00e1lvez\",\"datePublished\":\"2024-05-19T18:38:11+00:00\",\"dateModified\":\"2024-05-20T00:21:42+00:00\",\"mainEntityOfPage\":{\"@id\":\"https:\/\/www.sonoraenequipo.com.mx\/la-marea-rosa-inunda-el-zocalo-capitalino-en-respaldo-a-xochitl-galvez-y-santiago-taboada\/\"},\"wordCount\":664,\"commentCount\":0,\"publisher\":{\"@id\":\"https:\/\/www.sonoraenequipo.com.mx\/#organization\"},\"image\":{\"@id\":\"https:\/\/www.sonoraenequipo.com.mx\/la-marea-rosa-inunda-el-zocalo-capitalino-en-respaldo-a-xochitl-galvez-y-santiago-taboada\/#primaryimage\"},\"thumbnailUrl\":\"https:\/\/www.sonoraenequipo.com.mx\/storage\/2024\/05\/marea-rosa.jpg\",\"keywords\":[\"MAREA ROSA\",\"x\u00f3chitl g\u00e1lvez\"],\"articleSection\":[\"ELECCI\u00d3NES\"],\"inLanguage\":\"es\",\"potentialAction\":[{\"@type\":\"CommentAction\",\"name\":\"Comment\",\"target\":[\"https:\/\/www.sonoraenequipo.com.mx\/la-marea-rosa-inunda-el-zocalo-capitalino-en-respaldo-a-xochitl-galvez-y-santiago-taboada\/#respond\"]}]},{\"@type\":\"WebPage\",\"@id\":\"https:\/\/www.sonoraenequipo.com.mx\/la-marea-rosa-inunda-el-zocalo-capitalino-en-respaldo-a-xochitl-galvez-y-santiago-taboada\/\",\"url\":\"https:\/\/www.sonoraenequipo.com.mx\/la-marea-rosa-inunda-el-zocalo-capitalino-en-respaldo-a-xochitl-galvez-y-santiago-taboada\/\",\"name\":\"Sonora en Equipo. Llega Marea Rosa al Z\u00f3calo capitalino en respaldo a Santiago Taboada y X\u00f3chitl G\u00e1lvez ELECCI\u00d3NES\",\"isPartOf\":{\"@id\":\"https:\/\/www.sonoraenequipo.com.mx\/#website\"},\"primaryImageOfPage\":{\"@id\":\"https:\/\/www.sonoraenequipo.com.mx\/la-marea-rosa-inunda-el-zocalo-capitalino-en-respaldo-a-xochitl-galvez-y-santiago-taboada\/#primaryimage\"},\"image\":{\"@id\":\"https:\/\/www.sonoraenequipo.com.mx\/la-marea-rosa-inunda-el-zocalo-capitalino-en-respaldo-a-xochitl-galvez-y-santiago-taboada\/#primaryimage\"},\"thumbnailUrl\":\"https:\/\/www.sonoraenequipo.com.mx\/storage\/2024\/05\/marea-rosa.jpg\",\"datePublished\":\"2024-05-19T18:38:11+00:00\",\"dateModified\":\"2024-05-20T00:21:42+00:00\",\"description\":\"CIUDAD DE M\u00c9XICO.MX. \u2014 Sin ning\u00fan rubor, las banderas del PAN, PRI y PRD se entre mezclaron con la marea rosa, movimiento que finalmente evidenci\u00f3 que su En Sonora en Equipo publicamos toda la informaci\u00f3n de Sonora, M\u00e9xico y el Mundo de manera oportuna y busca que la libertad de expresi\u00f3n sea real. Visita nuestro medio informativo publicado desde Hermosillo, Sonora. %\",\"breadcrumb\":{\"@id\":\"https:\/\/www.sonoraenequipo.com.mx\/la-marea-rosa-inunda-el-zocalo-capitalino-en-respaldo-a-xochitl-galvez-y-santiago-taboada\/#breadcrumb\"},\"inLanguage\":\"es\",\"potentialAction\":[{\"@type\":\"ReadAction\",\"target\":[\"https:\/\/www.sonoraenequipo.com.mx\/la-marea-rosa-inunda-el-zocalo-capitalino-en-respaldo-a-xochitl-galvez-y-santiago-taboada\/\"]}]},{\"@type\":\"ImageObject\",\"inLanguage\":\"es\",\"@id\":\"https:\/\/www.sonoraenequipo.com.mx\/la-marea-rosa-inunda-el-zocalo-capitalino-en-respaldo-a-xochitl-galvez-y-santiago-taboada\/#primaryimage\",\"url\":\"https:\/\/www.sonoraenequipo.com.mx\/storage\/2024\/05\/marea-rosa.jpg\",\"contentUrl\":\"https:\/\/www.sonoraenequipo.com.mx\/storage\/2024\/05\/marea-rosa.jpg\",\"width\":800,\"height\":413,\"caption\":\"Imagen captura de video\"},{\"@type\":\"BreadcrumbList\",\"@id\":\"https:\/\/www.sonoraenequipo.com.mx\/la-marea-rosa-inunda-el-zocalo-capitalino-en-respaldo-a-xochitl-galvez-y-santiago-taboada\/#breadcrumb\",\"itemListElement\":[{\"@type\":\"ListItem\",\"position\":1,\"name\":\"Portada\",\"item\":\"https:\/\/www.sonoraenequipo.com.mx\/\"},{\"@type\":\"ListItem\",\"position\":2,\"name\":\"Llega Marea Rosa al Z\u00f3calo capitalino en respaldo a Santiago Taboada y X\u00f3chitl G\u00e1lvez\"}]},{\"@type\":\"WebSite\",\"@id\":\"https:\/\/www.sonoraenequipo.com.mx\/#website\",\"url\":\"https:\/\/www.sonoraenequipo.com.mx\/\",\"name\":\"Sonora en Equipo.\",\"description\":\"Diario en l\u00ednea con Noticias desde Hermosillo, Sonora\",\"publisher\":{\"@id\":\"https:\/\/www.sonoraenequipo.com.mx\/#organization\"},\"potentialAction\":[{\"@type\":\"SearchAction\",\"target\":{\"@type\":\"EntryPoint\",\"urlTemplate\":\"https:\/\/www.sonoraenequipo.com.mx\/?s={search_term_string}\"},\"query-input\":{\"@type\":\"PropertyValueSpecification\",\"valueRequired\":true,\"valueName\":\"search_term_string\"}}],\"inLanguage\":\"es\"},{\"@type\":\"Organization\",\"@id\":\"https:\/\/www.sonoraenequipo.com.mx\/#organization\",\"name\":\"Sonoraenequipo.com.mx\",\"url\":\"https:\/\/www.sonoraenequipo.com.mx\/\",\"logo\":{\"@type\":\"ImageObject\",\"inLanguage\":\"es\",\"@id\":\"https:\/\/www.sonoraenequipo.com.mx\/#\/schema\/logo\/image\/\",\"url\":\"https:\/\/www.sonoraenequipo.com.mx\/storage\/2019\/01\/sonoraenequipo_opt.png\",\"contentUrl\":\"https:\/\/www.sonoraenequipo.com.mx\/storage\/2019\/01\/sonoraenequipo_opt.png\",\"width\":375,\"height\":125,\"caption\":\"Sonoraenequipo.com.mx\"},\"image\":{\"@id\":\"https:\/\/www.sonoraenequipo.com.mx\/#\/schema\/logo\/image\/\"},\"sameAs\":[\"https:\/\/www.facebook.com\/SonoraEE\/\",\"https:\/\/x.com\/sonoraenequipo\",\"https:\/\/www.youtube.com\/channel\/UC338nW-lPEYmJQs4ZABQ1SQ\"]},{\"@type\":\"Person\",\"@id\":\"https:\/\/www.sonoraenequipo.com.mx\/#\/schema\/person\/50102df0fb23a8fa9e8effad8fa81386\",\"name\":\"enequipo\",\"image\":{\"@type\":\"ImageObject\",\"inLanguage\":\"es\",\"@id\":\"https:\/\/www.sonoraenequipo.com.mx\/#\/schema\/person\/image\/\",\"url\":\"https:\/\/secure.gravatar.com\/avatar\/049821681b589dabc0bc20695993ccebb09f5b5d4d790cd9251b97faac7c652b?s=96&d=blank&r=g\",\"contentUrl\":\"https:\/\/secure.gravatar.com\/avatar\/049821681b589dabc0bc20695993ccebb09f5b5d4d790cd9251b97faac7c652b?s=96&d=blank&r=g\",\"caption\":\"enequipo\"},\"sameAs\":[\"https:\/\/www.facebook.com\/SonoraEE\"]}]}<\/script>\n ","yoast_head_json":{"title":"Sonora en Equipo. Llega Marea Rosa al Z\u00f3calo capitalino en respaldo a Santiago Taboada y X\u00f3chitl G\u00e1lvez ELECCI\u00d3NES","description":"CIUDAD DE M\u00c9XICO.MX. \u2014 Sin ning\u00fan rubor, las banderas del PAN, PRI y PRD se entre mezclaron con la marea rosa, movimiento que finalmente evidenci\u00f3 que su En Sonora en Equipo publicamos toda la informaci\u00f3n de Sonora, M\u00e9xico y el Mundo de manera oportuna y busca que la libertad de expresi\u00f3n sea real. Visita nuestro medio informativo publicado desde Hermosillo, Sonora. %","robots":{"index":"index","follow":"follow","max-snippet":"max-snippet:-1","max-image-preview":"max-image-preview:large","max-video-preview":"max-video-preview:-1"},"canonical":"https:\/\/www.sonoraenequipo.com.mx\/la-marea-rosa-inunda-el-zocalo-capitalino-en-respaldo-a-xochitl-galvez-y-santiago-taboada\/","og_locale":"es_ES","og_type":"article","og_title":"Sonora en Equipo. Llega Marea Rosa al Z\u00f3calo capitalino en respaldo a Santiago Taboada y X\u00f3chitl G\u00e1lvez ELECCI\u00d3NES","og_description":"CIUDAD DE M\u00c9XICO.MX. \u2014 Sin ning\u00fan rubor, las banderas del PAN, PRI y PRD se entre mezclaron con la marea rosa, movimiento que finalmente evidenci\u00f3 que su En Sonora en Equipo publicamos toda la informaci\u00f3n de Sonora, M\u00e9xico y el Mundo de manera oportuna y busca que la libertad de expresi\u00f3n sea real. Visita nuestro medio informativo publicado desde Hermosillo, Sonora. %","og_url":"https:\/\/www.sonoraenequipo.com.mx\/la-marea-rosa-inunda-el-zocalo-capitalino-en-respaldo-a-xochitl-galvez-y-santiago-taboada\/","og_site_name":"Sonora en Equipo.","article_publisher":"https:\/\/www.facebook.com\/SonoraEE\/","article_author":"https:\/\/www.facebook.com\/SonoraEE","article_published_time":"2024-05-19T18:38:11+00:00","article_modified_time":"2024-05-20T00:21:42+00:00","og_image":[{"width":800,"height":413,"url":"https:\/\/www.sonoraenequipo.com.mx\/storage\/2024\/05\/marea-rosa.jpg","type":"image\/jpeg"}],"author":"enequipo","twitter_card":"summary_large_image","twitter_creator":"@sonoraenequipo","twitter_site":"@sonoraenequipo","twitter_misc":{"Escrito por":"enequipo","Tiempo de lectura":"3 minutos"},"schema":{"@context":"https:\/\/schema.org","@graph":[{"@type":"Article","@id":"https:\/\/www.sonoraenequipo.com.mx\/la-marea-rosa-inunda-el-zocalo-capitalino-en-respaldo-a-xochitl-galvez-y-santiago-taboada\/#article","isPartOf":{"@id":"https:\/\/www.sonoraenequipo.com.mx\/la-marea-rosa-inunda-el-zocalo-capitalino-en-respaldo-a-xochitl-galvez-y-santiago-taboada\/"},"author":{"name":"enequipo","@id":"https:\/\/www.sonoraenequipo.com.mx\/#\/schema\/person\/50102df0fb23a8fa9e8effad8fa81386"},"headline":"Llega Marea Rosa al Z\u00f3calo capitalino en respaldo a Santiago Taboada y X\u00f3chitl G\u00e1lvez","datePublished":"2024-05-19T18:38:11+00:00","dateModified":"2024-05-20T00:21:42+00:00","mainEntityOfPage":{"@id":"https:\/\/www.sonoraenequipo.com.mx\/la-marea-rosa-inunda-el-zocalo-capitalino-en-respaldo-a-xochitl-galvez-y-santiago-taboada\/"},"wordCount":664,"commentCount":0,"publisher":{"@id":"https:\/\/www.sonoraenequipo.com.mx\/#organization"},"image":{"@id":"https:\/\/www.sonoraenequipo.com.mx\/la-marea-rosa-inunda-el-zocalo-capitalino-en-respaldo-a-xochitl-galvez-y-santiago-taboada\/#primaryimage"},"thumbnailUrl":"https:\/\/www.sonoraenequipo.com.mx\/storage\/2024\/05\/marea-rosa.jpg","keywords":["MAREA ROSA","x\u00f3chitl g\u00e1lvez"],"articleSection":["ELECCI\u00d3NES"],"inLanguage":"es","potentialAction":[{"@type":"CommentAction","name":"Comment","target":["https:\/\/www.sonoraenequipo.com.mx\/la-marea-rosa-inunda-el-zocalo-capitalino-en-respaldo-a-xochitl-galvez-y-santiago-taboada\/#respond"]}]},{"@type":"WebPage","@id":"https:\/\/www.sonoraenequipo.com.mx\/la-marea-rosa-inunda-el-zocalo-capitalino-en-respaldo-a-xochitl-galvez-y-santiago-taboada\/","url":"https:\/\/www.sonoraenequipo.com.mx\/la-marea-rosa-inunda-el-zocalo-capitalino-en-respaldo-a-xochitl-galvez-y-santiago-taboada\/","name":"Sonora en Equipo. Llega Marea Rosa al Z\u00f3calo capitalino en respaldo a Santiago Taboada y X\u00f3chitl G\u00e1lvez ELECCI\u00d3NES","isPartOf":{"@id":"https:\/\/www.sonoraenequipo.com.mx\/#website"},"primaryImageOfPage":{"@id":"https:\/\/www.sonoraenequipo.com.mx\/la-marea-rosa-inunda-el-zocalo-capitalino-en-respaldo-a-xochitl-galvez-y-santiago-taboada\/#primaryimage"},"image":{"@id":"https:\/\/www.sonoraenequipo.com.mx\/la-marea-rosa-inunda-el-zocalo-capitalino-en-respaldo-a-xochitl-galvez-y-santiago-taboada\/#primaryimage"},"thumbnailUrl":"https:\/\/www.sonoraenequipo.com.mx\/storage\/2024\/05\/marea-rosa.jpg","datePublished":"2024-05-19T18:38:11+00:00","dateModified":"2024-05-20T00:21:42+00:00","description":"CIUDAD DE M\u00c9XICO.MX. \u2014 Sin ning\u00fan rubor, las banderas del PAN, PRI y PRD se entre mezclaron con la marea rosa, movimiento que finalmente evidenci\u00f3 que su En Sonora en Equipo publicamos toda la informaci\u00f3n de Sonora, M\u00e9xico y el Mundo de manera oportuna y busca que la libertad de expresi\u00f3n sea real. Visita nuestro medio informativo publicado desde Hermosillo, Sonora. %","breadcrumb":{"@id":"https:\/\/www.sonoraenequipo.com.mx\/la-marea-rosa-inunda-el-zocalo-capitalino-en-respaldo-a-xochitl-galvez-y-santiago-taboada\/#breadcrumb"},"inLanguage":"es","potentialAction":[{"@type":"ReadAction","target":["https:\/\/www.sonoraenequipo.com.mx\/la-marea-rosa-inunda-el-zocalo-capitalino-en-respaldo-a-xochitl-galvez-y-santiago-taboada\/"]}]},{"@type":"ImageObject","inLanguage":"es","@id":"https:\/\/www.sonoraenequipo.com.mx\/la-marea-rosa-inunda-el-zocalo-capitalino-en-respaldo-a-xochitl-galvez-y-santiago-taboada\/#primaryimage","url":"https:\/\/www.sonoraenequipo.com.mx\/storage\/2024\/05\/marea-rosa.jpg","contentUrl":"https:\/\/www.sonoraenequipo.com.mx\/storage\/2024\/05\/marea-rosa.jpg","width":800,"height":413,"caption":"Imagen captura de video"},{"@type":"BreadcrumbList","@id":"https:\/\/www.sonoraenequipo.com.mx\/la-marea-rosa-inunda-el-zocalo-capitalino-en-respaldo-a-xochitl-galvez-y-santiago-taboada\/#breadcrumb","itemListElement":[{"@type":"ListItem","position":1,"name":"Portada","item":"https:\/\/www.sonoraenequipo.com.mx\/"},{"@type":"ListItem","position":2,"name":"Llega Marea Rosa al Z\u00f3calo capitalino en respaldo a Santiago Taboada y X\u00f3chitl G\u00e1lvez"}]},{"@type":"WebSite","@id":"https:\/\/www.sonoraenequipo.com.mx\/#website","url":"https:\/\/www.sonoraenequipo.com.mx\/","name":"Sonora en Equipo.","description":"Diario en l\u00ednea con Noticias desde Hermosillo, Sonora","publisher":{"@id":"https:\/\/www.sonoraenequipo.com.mx\/#organization"},"potentialAction":[{"@type":"SearchAction","target":{"@type":"EntryPoint","urlTemplate":"https:\/\/www.sonoraenequipo.com.mx\/?s={search_term_string}"},"query-input":{"@type":"PropertyValueSpecification","valueRequired":true,"valueName":"search_term_string"}}],"inLanguage":"es"},{"@type":"Organization","@id":"https:\/\/www.sonoraenequipo.com.mx\/#organization","name":"Sonoraenequipo.com.mx","url":"https:\/\/www.sonoraenequipo.com.mx\/","logo":{"@type":"ImageObject","inLanguage":"es","@id":"https:\/\/www.sonoraenequipo.com.mx\/#\/schema\/logo\/image\/","url":"https:\/\/www.sonoraenequipo.com.mx\/storage\/2019\/01\/sonoraenequipo_opt.png","contentUrl":"https:\/\/www.sonoraenequipo.com.mx\/storage\/2019\/01\/sonoraenequipo_opt.png","width":375,"height":125,"caption":"Sonoraenequipo.com.mx"},"image":{"@id":"https:\/\/www.sonoraenequipo.com.mx\/#\/schema\/logo\/image\/"},"sameAs":["https:\/\/www.facebook.com\/SonoraEE\/","https:\/\/x.com\/sonoraenequipo","https:\/\/www.youtube.com\/channel\/UC338nW-lPEYmJQs4ZABQ1SQ"]},{"@type":"Person","@id":"https:\/\/www.sonoraenequipo.com.mx\/#\/schema\/person\/50102df0fb23a8fa9e8effad8fa81386","name":"enequipo","image":{"@type":"ImageObject","inLanguage":"es","@id":"https:\/\/www.sonoraenequipo.com.mx\/#\/schema\/person\/image\/","url":"https:\/\/secure.gravatar.com\/avatar\/049821681b589dabc0bc20695993ccebb09f5b5d4d790cd9251b97faac7c652b?s=96&d=blank&r=g","contentUrl":"https:\/\/secure.gravatar.com\/avatar\/049821681b589dabc0bc20695993ccebb09f5b5d4d790cd9251b97faac7c652b?s=96&d=blank&r=g","caption":"enequipo"},"sameAs":["https:\/\/www.facebook.com\/SonoraEE"]}]}},"jetpack_featured_media_url":"https:\/\/www.sonoraenequipo.com.mx\/storage\/2024\/05\/marea-rosa.jpg","_links":{"self":[{"href":"https:\/\/www.sonoraenequipo.com.mx\/api\/wp\/v2\/posts\/190062","targetHints":{"allow":["GET"]}}],"collection":[{"href":"https:\/\/www.sonoraenequipo.com.mx\/api\/wp\/v2\/posts"}],"about":[{"href":"https:\/\/www.sonoraenequipo.com.mx\/api\/wp\/v2\/types\/post"}],"author":[{"embeddable":true,"href":"https:\/\/www.sonoraenequipo.com.mx\/api\/wp\/v2\/users\/1"}],"replies":[{"embeddable":true,"href":"https:\/\/www.sonoraenequipo.com.mx\/api\/wp\/v2\/comments?post=190062"}],"version-history":[{"count":2,"href":"https:\/\/www.sonoraenequipo.com.mx\/api\/wp\/v2\/posts\/190062\/revisions"}],"predecessor-version":[{"id":190111,"href":"https:\/\/www.sonoraenequipo.com.mx\/api\/wp\/v2\/posts\/190062\/revisions\/190111"}],"wp:featuredmedia":[{"embeddable":true,"href":"https:\/\/www.sonoraenequipo.com.mx\/api\/wp\/v2\/media\/190063"}],"wp:attachment":[{"href":"https:\/\/www.sonoraenequipo.com.mx\/api\/wp\/v2\/media?parent=190062"}],"wp:term":[{"taxonomy":"category","embeddable":true,"href":"https:\/\/www.sonoraenequipo.com.mx\/api\/wp\/v2\/categories?post=190062"},{"taxonomy":"post_tag","embeddable":true,"href":"https:\/\/www.sonoraenequipo.com.mx\/api\/wp\/v2\/tags?post=190062"}],"curies":[{"name":"wp","href":"https:\/\/api.w.org\/{rel}","templated":true}]}}