{"id":190069,"date":"2024-05-19T12:21:30","date_gmt":"2024-05-19T19:21:30","guid":{"rendered":"https:\/\/www.sonoraenequipo.com.mx\/?p=190069"},"modified":"2024-05-19T12:23:36","modified_gmt":"2024-05-19T19:23:36","slug":"se-agudiza-crisis-entre-espana-y-argentina-tras-insultos-de-milei","status":"publish","type":"post","link":"https:\/\/www.sonoraenequipo.com.mx\/se-agudiza-crisis-entre-espana-y-argentina-tras-insultos-de-milei\/","title":{"rendered":"Se agudiza crisis entre Espa\u00f1a y Argentina tras insultos de Milei a esposa de Pedro S\u00e1nchez"},"content":{"rendered":"<p>MADRID, ESPA\u00d1A.\u02d7\u02d7\u02d7 El gobierno espa\u00f1ol, presidido por el socialista Pedro S\u00e1nchez, decidi\u00f3 llamar a Mar\u00eda Jes\u00fas Alonso sine die (sin plazo). embajadora en Argentina y exigir \u201cdisculpas p\u00fablicas\u201d al gobierno andino ante la andanada de insultos que profiri\u00f3 su presidente, Javier Milei, durante su participaci\u00f3n en el encuentro de partidos de extrema derecha en Madrid, Viva24, en el que \u00e9l mismo fue uno de los oradores principales.<\/p>\n<p>Sus \u00fanicos actos p\u00fablicos fueron para presentar su libro y para reunirse con algunos de los representantes de las empresas espa\u00f1olas m\u00e1s importantes del pa\u00eds.<\/p>\n<p>A\u00fan cuando tenga la mujer corrupta, se ensucia y se toma cinco d\u00edas para pensarlo\u201d, afirm\u00f3 en referencia a S\u00e1nchez, que recientemente se tom\u00f3 unos d\u00edas de \u201creflexi\u00f3n\u201d para decidir si val\u00eda o no la pena continuar en el cargo frente a los ataques y las insidias de la guerra sucia propagada por la extrema derecha.<\/p>\n<p>Milei adem\u00e1s afirm\u00f3 que \u201cnunca podemos dar el brazo a torcer en nada, nunca podemos dejarnos retroceder un mil\u00edmetro por los zurdos porque aunque parezca que tienen raz\u00f3n, nunca la tienen, se aprovechan de los m\u00e1s d\u00e9biles, de los que no se han ganado la abundancia de la que disfrutan y quieren usarnos a nosotros para resolver su situaci\u00f3n.<\/p>\n<p>Estas palabras, sobre todo en las llama \u201ccorrupta\u201d a la esposa de Pedro S\u00e1nchez, Bego\u00f1a G\u00f3mez, provoc\u00f3 que el ministros de Asuntos Exteriores de Espa\u00f1a, Jos\u00e9 Manuel Albares, realiz\u00f3 una declaraci\u00f3n institucional en la que anunci\u00f3 la llamada a consultas de su embajadora en Argentina y m\u00e1s consecuencias a futuro si no se produce una \u201cdisculpa p\u00fablica\u201d por parte de las autoridades argentinas.<\/p>\n<p>Adem\u00e1s anunci\u00f3 que el Alto Representantes de la Uni\u00f3n Europea para Asuntos Internacionales, Josep Borrell, tambi\u00e9n se pronunciar\u00e1 en torno a esta pol\u00e9mica y anunciar\u00e1 medidas.<\/p>\n<p>El canciller espa\u00f1ol compareci\u00f3 con una hora de retraso en la sala de prensa del Palacio de La Moncloa, con lo que se deduce que ven\u00eda de analizar la situaci\u00f3n con el presidente S\u00e1nchez, y afirm\u00f3 literal: \u201cLas grav\u00edsimas palabras pronunciadas hoy por Javier Milei en Madrid sobrepasan cualquier tipo de diferencia pol\u00edtica e ideol\u00f3gica.<\/p>\n<p>No tienen precedentes en la historia de la diplomacia y por supuesto de las relaciones entre dos pa\u00edses que tienen fuertes lazos de hermandad.<\/p>\n<p>Al se\u00f1or Javier Milei se le ha recibido en la capital de Espa\u00f1a de buena fe para participar en un acto pol\u00edtico de la extrema derecha Se le ha tratado con todo el respeto y la deferencia debida y se han puesto a su disposici\u00f3n todos los recursos p\u00fablicos del Estado espa\u00f1ol necesarios durante su estancia en nuestro pa\u00eds.<\/p>\n<p>Por ello y ante la gravedad de lo ocurrido he consultado con todos los portavoces parlamentarios para recabar su apoyo en esta declaraci\u00f3n y lo he recibido de una amplia mayor\u00eda.<\/p>\n<p>El se\u00f1or Milei, con su comportamiento, ha llevado las relaciones entre Espa\u00f1a y Argentina a su momento m\u00e1s grave en nuestra historia reciente.<\/p>\n<p>Por este motivo les anuncio que acabo de llamar a consultas a nuestra embajadora en Buenos Aires, Mar\u00eda Jes\u00fas Alonso sine die (sin plazo).<\/p>\n<p>Junto a ello, Espa\u00f1a tambi\u00e9n exige al se\u00f1or Milei disculpas p\u00fablicas, en caso de no producirse esas disculpas tomaremos todas las medidas que creemos oportunas para defender nuestra soberan\u00eda y nuestra dignidad\u201d.<\/p>\n<p>&nbsp;<\/p>\n<p>&nbsp;<\/p>\n<p>Fecha de publicaci\u00f3n domingo 19 de mayo de 2024 \/ Con informaci\u00f3n de &nbsp;La Jornada<\/p>\n<p>&nbsp;<\/p>\n<p>&nbsp;<\/p>\n","protected":false},"excerpt":{"rendered":"<p>MADRID, ESPA\u00d1A.\u02d7\u02d7\u02d7 El gobierno espa\u00f1ol, presidido por el socialista Pedro S\u00e1nchez, decidi\u00f3 llamar a Mar\u00eda&#8230;<\/p>\n","protected":false},"author":1,"featured_media":190070,"comment_status":"open","ping_status":"open","sticky":false,"template":"","format":"standard","meta":{"_monsterinsights_skip_tracking":false,"_monsterinsights_sitenote_active":false,"_monsterinsights_sitenote_note":"","_monsterinsights_sitenote_category":0,"footnotes":""},"categories":[3],"tags":[807,4893,2390,9697,9186,9696],"class_list":["post"],"yoast_head":" \n<title>Sonora en Equipo. Se agudiza crisis entre Espa\u00f1a y Argentina tras insultos de Milei a esposa de Pedro S\u00e1nchez MUNDO<\/title>\n<meta name=\"description\" content=\"MADRID, ESPA\u00d1A.\u02d7\u02d7\u02d7 El gobierno espa\u00f1ol, presidido por el socialista Pedro S\u00e1nchez, decidi\u00f3 llamar a Mar\u00eda Jes\u00fas Alonso sine die (sin plazo). embajadora en En Sonora en Equipo publicamos toda la informaci\u00f3n de Sonora, M\u00e9xico y el Mundo de manera oportuna y busca que la libertad de expresi\u00f3n sea real. Visita nuestro medio informativo publicado desde Hermosillo, Sonora. %\" \/>\n<meta name=\"robots\" content=\"index, follow, max-snippet:-1, max-image-preview:large, max-video-preview:-1\" \/>\n<link rel=\"canonical\" href=\"https:\/\/www.sonoraenequipo.com.mx\/se-agudiza-crisis-entre-espana-y-argentina-tras-insultos-de-milei\/\" \/>\n<meta property=\"og:locale\" content=\"es_ES\" \/>\n<meta property=\"og:type\" content=\"article\" \/>\n<meta property=\"og:title\" content=\"Sonora en Equipo. Se agudiza crisis entre Espa\u00f1a y Argentina tras insultos de Milei a esposa de Pedro S\u00e1nchez MUNDO\" \/>\n<meta property=\"og:description\" content=\"MADRID, ESPA\u00d1A.\u02d7\u02d7\u02d7 El gobierno espa\u00f1ol, presidido por el socialista Pedro S\u00e1nchez, decidi\u00f3 llamar a Mar\u00eda Jes\u00fas Alonso sine die (sin plazo). embajadora en En Sonora en Equipo publicamos toda la informaci\u00f3n de Sonora, M\u00e9xico y el Mundo de manera oportuna y busca que la libertad de expresi\u00f3n sea real. Visita nuestro medio informativo publicado desde Hermosillo, Sonora. %\" \/>\n<meta property=\"og:url\" content=\"https:\/\/www.sonoraenequipo.com.mx\/se-agudiza-crisis-entre-espana-y-argentina-tras-insultos-de-milei\/\" \/>\n<meta property=\"og:site_name\" content=\"Sonora en Equipo.\" \/>\n<meta property=\"article:publisher\" content=\"https:\/\/www.facebook.com\/SonoraEE\/\" \/>\n<meta property=\"article:author\" content=\"https:\/\/www.facebook.com\/SonoraEE\" \/>\n<meta property=\"article:published_time\" content=\"2024-05-19T19:21:30+00:00\" \/>\n<meta property=\"article:modified_time\" content=\"2024-05-19T19:23:36+00:00\" \/>\n<meta property=\"og:image\" content=\"https:\/\/www.sonoraenequipo.com.mx\/storage\/2024\/05\/sanches-esposa-milei.jpg\" \/>\n\t<meta property=\"og:image:width\" content=\"900\" \/>\n\t<meta property=\"og:image:height\" content=\"600\" \/>\n\t<meta property=\"og:image:type\" content=\"image\/jpeg\" \/>\n<meta name=\"author\" content=\"enequipo\" \/>\n<meta name=\"twitter:card\" content=\"summary_large_image\" \/>\n<meta name=\"twitter:creator\" content=\"@sonoraenequipo\" \/>\n<meta name=\"twitter:site\" content=\"@sonoraenequipo\" \/>\n<meta name=\"twitter:label1\" content=\"Escrito por\" \/>\n\t<meta name=\"twitter:data1\" content=\"enequipo\" \/>\n\t<meta name=\"twitter:label2\" content=\"Tiempo de lectura\" \/>\n\t<meta name=\"twitter:data2\" content=\"3 minutos\" \/>\n<script type=\"application\/ld+json\" class=\"yoast-schema-graph\">{\"@context\":\"https:\/\/schema.org\",\"@graph\":[{\"@type\":\"Article\",\"@id\":\"https:\/\/www.sonoraenequipo.com.mx\/se-agudiza-crisis-entre-espana-y-argentina-tras-insultos-de-milei\/#article\",\"isPartOf\":{\"@id\":\"https:\/\/www.sonoraenequipo.com.mx\/se-agudiza-crisis-entre-espana-y-argentina-tras-insultos-de-milei\/\"},\"author\":{\"name\":\"enequipo\",\"@id\":\"https:\/\/www.sonoraenequipo.com.mx\/#\/schema\/person\/50102df0fb23a8fa9e8effad8fa81386\"},\"headline\":\"Se agudiza crisis entre Espa\u00f1a y Argentina tras insultos de Milei a esposa de Pedro S\u00e1nchez\",\"datePublished\":\"2024-05-19T19:21:30+00:00\",\"dateModified\":\"2024-05-19T19:23:36+00:00\",\"mainEntityOfPage\":{\"@id\":\"https:\/\/www.sonoraenequipo.com.mx\/se-agudiza-crisis-entre-espana-y-argentina-tras-insultos-de-milei\/\"},\"wordCount\":642,\"commentCount\":0,\"publisher\":{\"@id\":\"https:\/\/www.sonoraenequipo.com.mx\/#organization\"},\"image\":{\"@id\":\"https:\/\/www.sonoraenequipo.com.mx\/se-agudiza-crisis-entre-espana-y-argentina-tras-insultos-de-milei\/#primaryimage\"},\"thumbnailUrl\":\"https:\/\/www.sonoraenequipo.com.mx\/storage\/2024\/05\/sanches-esposa-milei.jpg\",\"keywords\":[\"Argentina\",\"Crisis\",\"Espa\u00f1a\",\"esposa\",\"milei\",\"SANCHEZ\"],\"articleSection\":[\"MUNDO\"],\"inLanguage\":\"es\",\"potentialAction\":[{\"@type\":\"CommentAction\",\"name\":\"Comment\",\"target\":[\"https:\/\/www.sonoraenequipo.com.mx\/se-agudiza-crisis-entre-espana-y-argentina-tras-insultos-de-milei\/#respond\"]}]},{\"@type\":\"WebPage\",\"@id\":\"https:\/\/www.sonoraenequipo.com.mx\/se-agudiza-crisis-entre-espana-y-argentina-tras-insultos-de-milei\/\",\"url\":\"https:\/\/www.sonoraenequipo.com.mx\/se-agudiza-crisis-entre-espana-y-argentina-tras-insultos-de-milei\/\",\"name\":\"Sonora en Equipo. Se agudiza crisis entre Espa\u00f1a y Argentina tras insultos de Milei a esposa de Pedro S\u00e1nchez MUNDO\",\"isPartOf\":{\"@id\":\"https:\/\/www.sonoraenequipo.com.mx\/#website\"},\"primaryImageOfPage\":{\"@id\":\"https:\/\/www.sonoraenequipo.com.mx\/se-agudiza-crisis-entre-espana-y-argentina-tras-insultos-de-milei\/#primaryimage\"},\"image\":{\"@id\":\"https:\/\/www.sonoraenequipo.com.mx\/se-agudiza-crisis-entre-espana-y-argentina-tras-insultos-de-milei\/#primaryimage\"},\"thumbnailUrl\":\"https:\/\/www.sonoraenequipo.com.mx\/storage\/2024\/05\/sanches-esposa-milei.jpg\",\"datePublished\":\"2024-05-19T19:21:30+00:00\",\"dateModified\":\"2024-05-19T19:23:36+00:00\",\"description\":\"MADRID, ESPA\u00d1A.\u02d7\u02d7\u02d7 El gobierno espa\u00f1ol, presidido por el socialista Pedro S\u00e1nchez, decidi\u00f3 llamar a Mar\u00eda Jes\u00fas Alonso sine die (sin plazo). embajadora en En Sonora en Equipo publicamos toda la informaci\u00f3n de Sonora, M\u00e9xico y el Mundo de manera oportuna y busca que la libertad de expresi\u00f3n sea real. Visita nuestro medio informativo publicado desde Hermosillo, Sonora. %\",\"breadcrumb\":{\"@id\":\"https:\/\/www.sonoraenequipo.com.mx\/se-agudiza-crisis-entre-espana-y-argentina-tras-insultos-de-milei\/#breadcrumb\"},\"inLanguage\":\"es\",\"potentialAction\":[{\"@type\":\"ReadAction\",\"target\":[\"https:\/\/www.sonoraenequipo.com.mx\/se-agudiza-crisis-entre-espana-y-argentina-tras-insultos-de-milei\/\"]}]},{\"@type\":\"ImageObject\",\"inLanguage\":\"es\",\"@id\":\"https:\/\/www.sonoraenequipo.com.mx\/se-agudiza-crisis-entre-espana-y-argentina-tras-insultos-de-milei\/#primaryimage\",\"url\":\"https:\/\/www.sonoraenequipo.com.mx\/storage\/2024\/05\/sanches-esposa-milei.jpg\",\"contentUrl\":\"https:\/\/www.sonoraenequipo.com.mx\/storage\/2024\/05\/sanches-esposa-milei.jpg\",\"width\":900,\"height\":600,\"caption\":\"Pedro S\u00e1nchez, Bego\u00f1a G\u00f3mez y Javier Milei\"},{\"@type\":\"BreadcrumbList\",\"@id\":\"https:\/\/www.sonoraenequipo.com.mx\/se-agudiza-crisis-entre-espana-y-argentina-tras-insultos-de-milei\/#breadcrumb\",\"itemListElement\":[{\"@type\":\"ListItem\",\"position\":1,\"name\":\"Portada\",\"item\":\"https:\/\/www.sonoraenequipo.com.mx\/\"},{\"@type\":\"ListItem\",\"position\":2,\"name\":\"Se agudiza crisis entre Espa\u00f1a y Argentina tras insultos de Milei a esposa de Pedro S\u00e1nchez\"}]},{\"@type\":\"WebSite\",\"@id\":\"https:\/\/www.sonoraenequipo.com.mx\/#website\",\"url\":\"https:\/\/www.sonoraenequipo.com.mx\/\",\"name\":\"Sonora en Equipo.\",\"description\":\"Diario en l\u00ednea con Noticias desde Hermosillo, Sonora\",\"publisher\":{\"@id\":\"https:\/\/www.sonoraenequipo.com.mx\/#organization\"},\"potentialAction\":[{\"@type\":\"SearchAction\",\"target\":{\"@type\":\"EntryPoint\",\"urlTemplate\":\"https:\/\/www.sonoraenequipo.com.mx\/?s={search_term_string}\"},\"query-input\":{\"@type\":\"PropertyValueSpecification\",\"valueRequired\":true,\"valueName\":\"search_term_string\"}}],\"inLanguage\":\"es\"},{\"@type\":\"Organization\",\"@id\":\"https:\/\/www.sonoraenequipo.com.mx\/#organization\",\"name\":\"Sonoraenequipo.com.mx\",\"url\":\"https:\/\/www.sonoraenequipo.com.mx\/\",\"logo\":{\"@type\":\"ImageObject\",\"inLanguage\":\"es\",\"@id\":\"https:\/\/www.sonoraenequipo.com.mx\/#\/schema\/logo\/image\/\",\"url\":\"https:\/\/www.sonoraenequipo.com.mx\/storage\/2019\/01\/sonoraenequipo_opt.png\",\"contentUrl\":\"https:\/\/www.sonoraenequipo.com.mx\/storage\/2019\/01\/sonoraenequipo_opt.png\",\"width\":375,\"height\":125,\"caption\":\"Sonoraenequipo.com.mx\"},\"image\":{\"@id\":\"https:\/\/www.sonoraenequipo.com.mx\/#\/schema\/logo\/image\/\"},\"sameAs\":[\"https:\/\/www.facebook.com\/SonoraEE\/\",\"https:\/\/x.com\/sonoraenequipo\",\"https:\/\/www.youtube.com\/channel\/UC338nW-lPEYmJQs4ZABQ1SQ\"]},{\"@type\":\"Person\",\"@id\":\"https:\/\/www.sonoraenequipo.com.mx\/#\/schema\/person\/50102df0fb23a8fa9e8effad8fa81386\",\"name\":\"enequipo\",\"image\":{\"@type\":\"ImageObject\",\"inLanguage\":\"es\",\"@id\":\"https:\/\/www.sonoraenequipo.com.mx\/#\/schema\/person\/image\/\",\"url\":\"https:\/\/secure.gravatar.com\/avatar\/049821681b589dabc0bc20695993ccebb09f5b5d4d790cd9251b97faac7c652b?s=96&d=blank&r=g\",\"contentUrl\":\"https:\/\/secure.gravatar.com\/avatar\/049821681b589dabc0bc20695993ccebb09f5b5d4d790cd9251b97faac7c652b?s=96&d=blank&r=g\",\"caption\":\"enequipo\"},\"sameAs\":[\"https:\/\/www.facebook.com\/SonoraEE\"]}]}<\/script>\n ","yoast_head_json":{"title":"Sonora en Equipo. Se agudiza crisis entre Espa\u00f1a y Argentina tras insultos de Milei a esposa de Pedro S\u00e1nchez MUNDO","description":"MADRID, ESPA\u00d1A.\u02d7\u02d7\u02d7 El gobierno espa\u00f1ol, presidido por el socialista Pedro S\u00e1nchez, decidi\u00f3 llamar a Mar\u00eda Jes\u00fas Alonso sine die (sin plazo). embajadora en En Sonora en Equipo publicamos toda la informaci\u00f3n de Sonora, M\u00e9xico y el Mundo de manera oportuna y busca que la libertad de expresi\u00f3n sea real. Visita nuestro medio informativo publicado desde Hermosillo, Sonora. %","robots":{"index":"index","follow":"follow","max-snippet":"max-snippet:-1","max-image-preview":"max-image-preview:large","max-video-preview":"max-video-preview:-1"},"canonical":"https:\/\/www.sonoraenequipo.com.mx\/se-agudiza-crisis-entre-espana-y-argentina-tras-insultos-de-milei\/","og_locale":"es_ES","og_type":"article","og_title":"Sonora en Equipo. Se agudiza crisis entre Espa\u00f1a y Argentina tras insultos de Milei a esposa de Pedro S\u00e1nchez MUNDO","og_description":"MADRID, ESPA\u00d1A.\u02d7\u02d7\u02d7 El gobierno espa\u00f1ol, presidido por el socialista Pedro S\u00e1nchez, decidi\u00f3 llamar a Mar\u00eda Jes\u00fas Alonso sine die (sin plazo). embajadora en En Sonora en Equipo publicamos toda la informaci\u00f3n de Sonora, M\u00e9xico y el Mundo de manera oportuna y busca que la libertad de expresi\u00f3n sea real. Visita nuestro medio informativo publicado desde Hermosillo, Sonora. %","og_url":"https:\/\/www.sonoraenequipo.com.mx\/se-agudiza-crisis-entre-espana-y-argentina-tras-insultos-de-milei\/","og_site_name":"Sonora en Equipo.","article_publisher":"https:\/\/www.facebook.com\/SonoraEE\/","article_author":"https:\/\/www.facebook.com\/SonoraEE","article_published_time":"2024-05-19T19:21:30+00:00","article_modified_time":"2024-05-19T19:23:36+00:00","og_image":[{"width":900,"height":600,"url":"https:\/\/www.sonoraenequipo.com.mx\/storage\/2024\/05\/sanches-esposa-milei.jpg","type":"image\/jpeg"}],"author":"enequipo","twitter_card":"summary_large_image","twitter_creator":"@sonoraenequipo","twitter_site":"@sonoraenequipo","twitter_misc":{"Escrito por":"enequipo","Tiempo de lectura":"3 minutos"},"schema":{"@context":"https:\/\/schema.org","@graph":[{"@type":"Article","@id":"https:\/\/www.sonoraenequipo.com.mx\/se-agudiza-crisis-entre-espana-y-argentina-tras-insultos-de-milei\/#article","isPartOf":{"@id":"https:\/\/www.sonoraenequipo.com.mx\/se-agudiza-crisis-entre-espana-y-argentina-tras-insultos-de-milei\/"},"author":{"name":"enequipo","@id":"https:\/\/www.sonoraenequipo.com.mx\/#\/schema\/person\/50102df0fb23a8fa9e8effad8fa81386"},"headline":"Se agudiza crisis entre Espa\u00f1a y Argentina tras insultos de Milei a esposa de Pedro S\u00e1nchez","datePublished":"2024-05-19T19:21:30+00:00","dateModified":"2024-05-19T19:23:36+00:00","mainEntityOfPage":{"@id":"https:\/\/www.sonoraenequipo.com.mx\/se-agudiza-crisis-entre-espana-y-argentina-tras-insultos-de-milei\/"},"wordCount":642,"commentCount":0,"publisher":{"@id":"https:\/\/www.sonoraenequipo.com.mx\/#organization"},"image":{"@id":"https:\/\/www.sonoraenequipo.com.mx\/se-agudiza-crisis-entre-espana-y-argentina-tras-insultos-de-milei\/#primaryimage"},"thumbnailUrl":"https:\/\/www.sonoraenequipo.com.mx\/storage\/2024\/05\/sanches-esposa-milei.jpg","keywords":["Argentina","Crisis","Espa\u00f1a","esposa","milei","SANCHEZ"],"articleSection":["MUNDO"],"inLanguage":"es","potentialAction":[{"@type":"CommentAction","name":"Comment","target":["https:\/\/www.sonoraenequipo.com.mx\/se-agudiza-crisis-entre-espana-y-argentina-tras-insultos-de-milei\/#respond"]}]},{"@type":"WebPage","@id":"https:\/\/www.sonoraenequipo.com.mx\/se-agudiza-crisis-entre-espana-y-argentina-tras-insultos-de-milei\/","url":"https:\/\/www.sonoraenequipo.com.mx\/se-agudiza-crisis-entre-espana-y-argentina-tras-insultos-de-milei\/","name":"Sonora en Equipo. Se agudiza crisis entre Espa\u00f1a y Argentina tras insultos de Milei a esposa de Pedro S\u00e1nchez MUNDO","isPartOf":{"@id":"https:\/\/www.sonoraenequipo.com.mx\/#website"},"primaryImageOfPage":{"@id":"https:\/\/www.sonoraenequipo.com.mx\/se-agudiza-crisis-entre-espana-y-argentina-tras-insultos-de-milei\/#primaryimage"},"image":{"@id":"https:\/\/www.sonoraenequipo.com.mx\/se-agudiza-crisis-entre-espana-y-argentina-tras-insultos-de-milei\/#primaryimage"},"thumbnailUrl":"https:\/\/www.sonoraenequipo.com.mx\/storage\/2024\/05\/sanches-esposa-milei.jpg","datePublished":"2024-05-19T19:21:30+00:00","dateModified":"2024-05-19T19:23:36+00:00","description":"MADRID, ESPA\u00d1A.\u02d7\u02d7\u02d7 El gobierno espa\u00f1ol, presidido por el socialista Pedro S\u00e1nchez, decidi\u00f3 llamar a Mar\u00eda Jes\u00fas Alonso sine die (sin plazo). embajadora en En Sonora en Equipo publicamos toda la informaci\u00f3n de Sonora, M\u00e9xico y el Mundo de manera oportuna y busca que la libertad de expresi\u00f3n sea real. Visita nuestro medio informativo publicado desde Hermosillo, Sonora. %","breadcrumb":{"@id":"https:\/\/www.sonoraenequipo.com.mx\/se-agudiza-crisis-entre-espana-y-argentina-tras-insultos-de-milei\/#breadcrumb"},"inLanguage":"es","potentialAction":[{"@type":"ReadAction","target":["https:\/\/www.sonoraenequipo.com.mx\/se-agudiza-crisis-entre-espana-y-argentina-tras-insultos-de-milei\/"]}]},{"@type":"ImageObject","inLanguage":"es","@id":"https:\/\/www.sonoraenequipo.com.mx\/se-agudiza-crisis-entre-espana-y-argentina-tras-insultos-de-milei\/#primaryimage","url":"https:\/\/www.sonoraenequipo.com.mx\/storage\/2024\/05\/sanches-esposa-milei.jpg","contentUrl":"https:\/\/www.sonoraenequipo.com.mx\/storage\/2024\/05\/sanches-esposa-milei.jpg","width":900,"height":600,"caption":"Pedro S\u00e1nchez, Bego\u00f1a G\u00f3mez y Javier Milei"},{"@type":"BreadcrumbList","@id":"https:\/\/www.sonoraenequipo.com.mx\/se-agudiza-crisis-entre-espana-y-argentina-tras-insultos-de-milei\/#breadcrumb","itemListElement":[{"@type":"ListItem","position":1,"name":"Portada","item":"https:\/\/www.sonoraenequipo.com.mx\/"},{"@type":"ListItem","position":2,"name":"Se agudiza crisis entre Espa\u00f1a y Argentina tras insultos de Milei a esposa de Pedro S\u00e1nchez"}]},{"@type":"WebSite","@id":"https:\/\/www.sonoraenequipo.com.mx\/#website","url":"https:\/\/www.sonoraenequipo.com.mx\/","name":"Sonora en Equipo.","description":"Diario en l\u00ednea con Noticias desde Hermosillo, Sonora","publisher":{"@id":"https:\/\/www.sonoraenequipo.com.mx\/#organization"},"potentialAction":[{"@type":"SearchAction","target":{"@type":"EntryPoint","urlTemplate":"https:\/\/www.sonoraenequipo.com.mx\/?s={search_term_string}"},"query-input":{"@type":"PropertyValueSpecification","valueRequired":true,"valueName":"search_term_string"}}],"inLanguage":"es"},{"@type":"Organization","@id":"https:\/\/www.sonoraenequipo.com.mx\/#organization","name":"Sonoraenequipo.com.mx","url":"https:\/\/www.sonoraenequipo.com.mx\/","logo":{"@type":"ImageObject","inLanguage":"es","@id":"https:\/\/www.sonoraenequipo.com.mx\/#\/schema\/logo\/image\/","url":"https:\/\/www.sonoraenequipo.com.mx\/storage\/2019\/01\/sonoraenequipo_opt.png","contentUrl":"https:\/\/www.sonoraenequipo.com.mx\/storage\/2019\/01\/sonoraenequipo_opt.png","width":375,"height":125,"caption":"Sonoraenequipo.com.mx"},"image":{"@id":"https:\/\/www.sonoraenequipo.com.mx\/#\/schema\/logo\/image\/"},"sameAs":["https:\/\/www.facebook.com\/SonoraEE\/","https:\/\/x.com\/sonoraenequipo","https:\/\/www.youtube.com\/channel\/UC338nW-lPEYmJQs4ZABQ1SQ"]},{"@type":"Person","@id":"https:\/\/www.sonoraenequipo.com.mx\/#\/schema\/person\/50102df0fb23a8fa9e8effad8fa81386","name":"enequipo","image":{"@type":"ImageObject","inLanguage":"es","@id":"https:\/\/www.sonoraenequipo.com.mx\/#\/schema\/person\/image\/","url":"https:\/\/secure.gravatar.com\/avatar\/049821681b589dabc0bc20695993ccebb09f5b5d4d790cd9251b97faac7c652b?s=96&d=blank&r=g","contentUrl":"https:\/\/secure.gravatar.com\/avatar\/049821681b589dabc0bc20695993ccebb09f5b5d4d790cd9251b97faac7c652b?s=96&d=blank&r=g","caption":"enequipo"},"sameAs":["https:\/\/www.facebook.com\/SonoraEE"]}]}},"jetpack_featured_media_url":"https:\/\/www.sonoraenequipo.com.mx\/storage\/2024\/05\/sanches-esposa-milei.jpg","_links":{"self":[{"href":"https:\/\/www.sonoraenequipo.com.mx\/api\/wp\/v2\/posts\/190069","targetHints":{"allow":["GET"]}}],"collection":[{"href":"https:\/\/www.sonoraenequipo.com.mx\/api\/wp\/v2\/posts"}],"about":[{"href":"https:\/\/www.sonoraenequipo.com.mx\/api\/wp\/v2\/types\/post"}],"author":[{"embeddable":true,"href":"https:\/\/www.sonoraenequipo.com.mx\/api\/wp\/v2\/users\/1"}],"replies":[{"embeddable":true,"href":"https:\/\/www.sonoraenequipo.com.mx\/api\/wp\/v2\/comments?post=190069"}],"version-history":[{"count":2,"href":"https:\/\/www.sonoraenequipo.com.mx\/api\/wp\/v2\/posts\/190069\/revisions"}],"predecessor-version":[{"id":190073,"href":"https:\/\/www.sonoraenequipo.com.mx\/api\/wp\/v2\/posts\/190069\/revisions\/190073"}],"wp:featuredmedia":[{"embeddable":true,"href":"https:\/\/www.sonoraenequipo.com.mx\/api\/wp\/v2\/media\/190070"}],"wp:attachment":[{"href":"https:\/\/www.sonoraenequipo.com.mx\/api\/wp\/v2\/media?parent=190069"}],"wp:term":[{"taxonomy":"category","embeddable":true,"href":"https:\/\/www.sonoraenequipo.com.mx\/api\/wp\/v2\/categories?post=190069"},{"taxonomy":"post_tag","embeddable":true,"href":"https:\/\/www.sonoraenequipo.com.mx\/api\/wp\/v2\/tags?post=190069"}],"curies":[{"name":"wp","href":"https:\/\/api.w.org\/{rel}","templated":true}]}}